{"id":235107,"date":"2024-07-20T07:07:47","date_gmt":"2024-07-20T11:07:47","guid":{"rendered":"https:\/\/www.eldiario.net\/portal\/?p=235107"},"modified":"2024-07-20T07:07:47","modified_gmt":"2024-07-20T11:07:47","slug":"vocal-campero-dice-que-no-se-arrepiente-de-sus-sentencias","status":"publish","type":"post","link":"https:\/\/www.eldiario.net\/portal\/2024\/07\/20\/vocal-campero-dice-que-no-se-arrepiente-de-sus-sentencias\/","title":{"rendered":"Vocal Campero dice que no  se arrepiente de sus sentencias"},"content":{"rendered":"<p>\u201cMe son indiferentes, verdaderamente\u201d, as\u00ed el vocal de la Sala Constitucional I de La Paz, Israel Campero, se refiri\u00f3 a las cr\u00edticas de pol\u00edticos que lo se\u00f1alan como af\u00edn al Gobierno y emitir sus fallos con ese sesgo.<br \/>\nLos opositores al Gobierno acusan a Campero de favorecer al Gobierno y al ala \u201carcista\u201d a cambio de haber sido ratificado como magistrado del Tribunal Administrativo de la Organizaci\u00f3n de Estados Americanos.<br \/>\n\u201cNo s\u00e9 si para ellos ser af\u00edn al Gobierno significa dictar resoluciones conforme a Derecho (\u2026). Pareciera que algunos pol\u00edticos creen que, por el hecho de ser pol\u00edticos o ser asamble\u00edstas, los jueces deben dictar sentencias a su favor\u201d, afirm\u00f3 el vocal.<br \/>\nCampero fue criticado por suspender la tuici\u00f3n de la Asamblea de interpelar a ministros y por otorgar un amparo a favor del ala \u201carcista\u201d en su conflicto por la sigla del MAS, adem\u00e1s de haber ordenado al \u00d3rgano Electoral que supervise provisionalmente el congreso que los afines al Gobierno realizaron en mayo, en El Alto.<br \/>\nRespecto al caso de las interpelaciones, Campero sostuvo que sus cr\u00edticos no se han tomado ni la molestia de revisar los argumentos de su decisi\u00f3n. En cuanto al caso del MAS, indic\u00f3 que quienes estuvieron involucrados en el proceso deber\u00edan ser conscientes de sus mismos errores.<br \/>\nEl vocal dijo que, en absoluto, no se arrepiente de sus sentencias y que \u201clo har\u00eda nuevamente\u201d.<br \/>\nSobre su ratificaci\u00f3n como magistrado del Tribunal Administrativo de la OEA, Campero enfatiz\u00f3 que fue designado en Asamblea del organismo.<br \/>\nLos \u201cevistas\u201d denunciaron que el Gobierno \u201cpag\u00f3 favores\u201d a Campero al solicitar, mediante Canciller\u00eda, su ratificaci\u00f3n como integrantes del Tribunal Administrativo de la OEA. El vocal boliviano ya forma parte de ese ente desde 2019, cuando fue propuesto durante el gobierno de Evo Morales. (Erbol)<\/p>\n","protected":false},"excerpt":{"rendered":"<p>\u201cMe son indiferentes, verdaderamente\u201d, as\u00ed el vocal de la Sala Constitucional I de La Paz, Israel Campero, se refiri\u00f3 a las cr\u00edticas de pol\u00edticos que lo se\u00f1alan como af\u00edn al Gobierno y emitir sus fallos con ese sesgo. Los opositores al Gobierno acusan a Campero de favorecer al Gobierno y al ala \u201carcista\u201d a cambio [&hellip;]<\/p>\n","protected":false},"author":1,"featured_media":235108,"comment_status":"open","ping_status":"open","sticky":false,"template":"","format":"standard","meta":{"_acf_changed":false,"footnotes":""},"categories":[14],"tags":[],"class_list":["post-235107","post","type-post","status-publish","format-standard","has-post-thumbnail","category-politica"],"acf":{"antetitulo":""},"yoast_head":"<!-- This site is optimized with the Yoast SEO plugin v28.3 - https:\/\/yoast.com\/product\/yoast-seo-wordpress\/ -->\n<title>Vocal Campero dice que no se arrepiente de sus sentencias - El Diario - Bolivia<\/title>\n<meta name=\"robots\" content=\"index, follow, max-snippet:-1, max-image-preview:large, max-video-preview:-1\" \/>\n<link rel=\"canonical\" href=\"https:\/\/www.eldiario.net\/portal\/2024\/07\/20\/vocal-campero-dice-que-no-se-arrepiente-de-sus-sentencias\/\" \/>\n<meta property=\"og:locale\" content=\"es_ES\" \/>\n<meta property=\"og:type\" content=\"article\" \/>\n<meta property=\"og:title\" content=\"Vocal Campero dice que no se arrepiente de sus sentencias - El Diario - Bolivia\" \/>\n<meta property=\"og:description\" content=\"\u201cMe son indiferentes, verdaderamente\u201d, as\u00ed el vocal de la Sala Constitucional I de La Paz, Israel Campero, se refiri\u00f3 a las cr\u00edticas de pol\u00edticos que lo se\u00f1alan como af\u00edn al Gobierno y emitir sus fallos con ese sesgo. Los opositores al Gobierno acusan a Campero de favorecer al Gobierno y al ala \u201carcista\u201d a cambio [&hellip;]\" \/>\n<meta property=\"og:url\" content=\"https:\/\/www.eldiario.net\/portal\/2024\/07\/20\/vocal-campero-dice-que-no-se-arrepiente-de-sus-sentencias\/\" \/>\n<meta property=\"og:site_name\" content=\"El Diario - Bolivia\" \/>\n<meta property=\"article:publisher\" content=\"https:\/\/www.facebook.com\/eldiario.bolivia\/\" \/>\n<meta property=\"article:published_time\" content=\"2024-07-20T11:07:47+00:00\" \/>\n<meta property=\"og:image\" content=\"https:\/\/www.eldiario.net\/portal\/wp-content\/uploads\/2024\/07\/42-POL-8.jpg\" \/>\n\t<meta property=\"og:image:width\" content=\"1600\" \/>\n\t<meta property=\"og:image:height\" content=\"1253\" \/>\n\t<meta property=\"og:image:type\" content=\"image\/jpeg\" \/>\n<meta name=\"author\" content=\"Jeanette\" \/>\n<meta name=\"twitter:card\" content=\"summary_large_image\" \/>\n<meta name=\"twitter:creator\" content=\"@eldiario_net\" \/>\n<meta name=\"twitter:site\" content=\"@eldiario_net\" \/>\n<meta name=\"twitter:label1\" content=\"Escrito por\" \/>\n\t<meta name=\"twitter:data1\" content=\"Jeanette\" \/>\n\t<meta name=\"twitter:label2\" content=\"Tiempo de lectura\" \/>\n\t<meta name=\"twitter:data2\" content=\"2 minutos\" \/>\n<script type=\"application\/ld+json\" class=\"yoast-schema-graph\">{\"@context\":\"https:\\\/\\\/schema.org\",\"@graph\":[{\"@type\":\"Article\",\"@id\":\"https:\\\/\\\/www.eldiario.net\\\/portal\\\/2024\\\/07\\\/20\\\/vocal-campero-dice-que-no-se-arrepiente-de-sus-sentencias\\\/#article\",\"isPartOf\":{\"@id\":\"https:\\\/\\\/www.eldiario.net\\\/portal\\\/2024\\\/07\\\/20\\\/vocal-campero-dice-que-no-se-arrepiente-de-sus-sentencias\\\/\"},\"author\":{\"name\":\"Jeanette\",\"@id\":\"https:\\\/\\\/www.eldiario.net\\\/portal\\\/#\\\/schema\\\/person\\\/f46445640444750d7d753ccd04ae01b7\"},\"headline\":\"Vocal Campero dice que no se arrepiente de sus sentencias\",\"datePublished\":\"2024-07-20T11:07:47+00:00\",\"mainEntityOfPage\":{\"@id\":\"https:\\\/\\\/www.eldiario.net\\\/portal\\\/2024\\\/07\\\/20\\\/vocal-campero-dice-que-no-se-arrepiente-de-sus-sentencias\\\/\"},\"wordCount\":321,\"commentCount\":0,\"publisher\":{\"@id\":\"https:\\\/\\\/www.eldiario.net\\\/portal\\\/#organization\"},\"image\":{\"@id\":\"https:\\\/\\\/www.eldiario.net\\\/portal\\\/2024\\\/07\\\/20\\\/vocal-campero-dice-que-no-se-arrepiente-de-sus-sentencias\\\/#primaryimage\"},\"thumbnailUrl\":\"https:\\\/\\\/www.eldiario.net\\\/portal\\\/wp-content\\\/uploads\\\/2024\\\/07\\\/42-POL-8.jpg\",\"articleSection\":[\"Pol\u00edtica\"],\"inLanguage\":\"es\",\"potentialAction\":[{\"@type\":\"CommentAction\",\"name\":\"Comment\",\"target\":[\"https:\\\/\\\/www.eldiario.net\\\/portal\\\/2024\\\/07\\\/20\\\/vocal-campero-dice-que-no-se-arrepiente-de-sus-sentencias\\\/#respond\"]}]},{\"@type\":\"WebPage\",\"@id\":\"https:\\\/\\\/www.eldiario.net\\\/portal\\\/2024\\\/07\\\/20\\\/vocal-campero-dice-que-no-se-arrepiente-de-sus-sentencias\\\/\",\"url\":\"https:\\\/\\\/www.eldiario.net\\\/portal\\\/2024\\\/07\\\/20\\\/vocal-campero-dice-que-no-se-arrepiente-de-sus-sentencias\\\/\",\"name\":\"Vocal Campero dice que no se arrepiente de sus sentencias - El Diario - Bolivia\",\"isPartOf\":{\"@id\":\"https:\\\/\\\/www.eldiario.net\\\/portal\\\/#website\"},\"primaryImageOfPage\":{\"@id\":\"https:\\\/\\\/www.eldiario.net\\\/portal\\\/2024\\\/07\\\/20\\\/vocal-campero-dice-que-no-se-arrepiente-de-sus-sentencias\\\/#primaryimage\"},\"image\":{\"@id\":\"https:\\\/\\\/www.eldiario.net\\\/portal\\\/2024\\\/07\\\/20\\\/vocal-campero-dice-que-no-se-arrepiente-de-sus-sentencias\\\/#primaryimage\"},\"thumbnailUrl\":\"https:\\\/\\\/www.eldiario.net\\\/portal\\\/wp-content\\\/uploads\\\/2024\\\/07\\\/42-POL-8.jpg\",\"datePublished\":\"2024-07-20T11:07:47+00:00\",\"breadcrumb\":{\"@id\":\"https:\\\/\\\/www.eldiario.net\\\/portal\\\/2024\\\/07\\\/20\\\/vocal-campero-dice-que-no-se-arrepiente-de-sus-sentencias\\\/#breadcrumb\"},\"inLanguage\":\"es\",\"potentialAction\":[{\"@type\":\"ReadAction\",\"target\":[\"https:\\\/\\\/www.eldiario.net\\\/portal\\\/2024\\\/07\\\/20\\\/vocal-campero-dice-que-no-se-arrepiente-de-sus-sentencias\\\/\"]}]},{\"@type\":\"ImageObject\",\"inLanguage\":\"es\",\"@id\":\"https:\\\/\\\/www.eldiario.net\\\/portal\\\/2024\\\/07\\\/20\\\/vocal-campero-dice-que-no-se-arrepiente-de-sus-sentencias\\\/#primaryimage\",\"url\":\"https:\\\/\\\/www.eldiario.net\\\/portal\\\/wp-content\\\/uploads\\\/2024\\\/07\\\/42-POL-8.jpg\",\"contentUrl\":\"https:\\\/\\\/www.eldiario.net\\\/portal\\\/wp-content\\\/uploads\\\/2024\\\/07\\\/42-POL-8.jpg\",\"width\":1600,\"height\":1253,\"caption\":\"Israel Campero es uno de los postulantes a magistrado del Tribunal Constitucional. Israel Campero es uno de los postulantes a magistrado del Tribunal Constitucional.\"},{\"@type\":\"BreadcrumbList\",\"@id\":\"https:\\\/\\\/www.eldiario.net\\\/portal\\\/2024\\\/07\\\/20\\\/vocal-campero-dice-que-no-se-arrepiente-de-sus-sentencias\\\/#breadcrumb\",\"itemListElement\":[{\"@type\":\"ListItem\",\"position\":1,\"name\":\"Portada\",\"item\":\"https:\\\/\\\/www.eldiario.net\\\/portal\\\/\"},{\"@type\":\"ListItem\",\"position\":2,\"name\":\"Vocal Campero dice que no se arrepiente de sus sentencias\"}]},{\"@type\":\"WebSite\",\"@id\":\"https:\\\/\\\/www.eldiario.net\\\/portal\\\/#website\",\"url\":\"https:\\\/\\\/www.eldiario.net\\\/portal\\\/\",\"name\":\"El Diario - Decano de la prensa nacional\",\"description\":\"El Diario - Decano de la prensa nacional\",\"publisher\":{\"@id\":\"https:\\\/\\\/www.eldiario.net\\\/portal\\\/#organization\"},\"potentialAction\":[{\"@type\":\"SearchAction\",\"target\":{\"@type\":\"EntryPoint\",\"urlTemplate\":\"https:\\\/\\\/www.eldiario.net\\\/portal\\\/?s={search_term_string}\"},\"query-input\":{\"@type\":\"PropertyValueSpecification\",\"valueRequired\":true,\"valueName\":\"search_term_string\"}}],\"inLanguage\":\"es\"},{\"@type\":\"Organization\",\"@id\":\"https:\\\/\\\/www.eldiario.net\\\/portal\\\/#organization\",\"name\":\"El Diario - Decano de la prensa nacional\",\"url\":\"https:\\\/\\\/www.eldiario.net\\\/portal\\\/\",\"logo\":{\"@type\":\"ImageObject\",\"inLanguage\":\"es\",\"@id\":\"https:\\\/\\\/www.eldiario.net\\\/portal\\\/#\\\/schema\\\/logo\\\/image\\\/\",\"url\":\"https:\\\/\\\/www.eldiario.net\\\/portal\\\/wp-content\\\/uploads\\\/2023\\\/07\\\/logo_ED.jpg\",\"contentUrl\":\"https:\\\/\\\/www.eldiario.net\\\/portal\\\/wp-content\\\/uploads\\\/2023\\\/07\\\/logo_ED.jpg\",\"width\":272,\"height\":52,\"caption\":\"El Diario - Decano de la prensa nacional\"},\"image\":{\"@id\":\"https:\\\/\\\/www.eldiario.net\\\/portal\\\/#\\\/schema\\\/logo\\\/image\\\/\"},\"sameAs\":[\"https:\\\/\\\/www.facebook.com\\\/eldiario.bolivia\\\/\",\"https:\\\/\\\/x.com\\\/eldiario_net\"]},{\"@type\":\"Person\",\"@id\":\"https:\\\/\\\/www.eldiario.net\\\/portal\\\/#\\\/schema\\\/person\\\/f46445640444750d7d753ccd04ae01b7\",\"name\":\"Jeanette\",\"image\":{\"@type\":\"ImageObject\",\"inLanguage\":\"es\",\"@id\":\"https:\\\/\\\/secure.gravatar.com\\\/avatar\\\/3ea2118a5f7dad2b7138b1187a6b7ee55f160b9968b66013c3a3ef39dd7e5798?s=96&d=mm&r=g\",\"url\":\"https:\\\/\\\/secure.gravatar.com\\\/avatar\\\/3ea2118a5f7dad2b7138b1187a6b7ee55f160b9968b66013c3a3ef39dd7e5798?s=96&d=mm&r=g\",\"contentUrl\":\"https:\\\/\\\/secure.gravatar.com\\\/avatar\\\/3ea2118a5f7dad2b7138b1187a6b7ee55f160b9968b66013c3a3ef39dd7e5798?s=96&d=mm&r=g\",\"caption\":\"Jeanette\"},\"sameAs\":[\"https:\\\/\\\/www.eldiario.net\\\/portal\"],\"url\":\"https:\\\/\\\/www.eldiario.net\\\/portal\\\/author\\\/jeanette\\\/\"}]}<\/script>\n<!-- \/ Yoast SEO plugin. -->","yoast_head_json":{"title":"Vocal Campero dice que no se arrepiente de sus sentencias - El Diario - Bolivia","robots":{"index":"index","follow":"follow","max-snippet":"max-snippet:-1","max-image-preview":"max-image-preview:large","max-video-preview":"max-video-preview:-1"},"canonical":"https:\/\/www.eldiario.net\/portal\/2024\/07\/20\/vocal-campero-dice-que-no-se-arrepiente-de-sus-sentencias\/","og_locale":"es_ES","og_type":"article","og_title":"Vocal Campero dice que no se arrepiente de sus sentencias - El Diario - Bolivia","og_description":"\u201cMe son indiferentes, verdaderamente\u201d, as\u00ed el vocal de la Sala Constitucional I de La Paz, Israel Campero, se refiri\u00f3 a las cr\u00edticas de pol\u00edticos que lo se\u00f1alan como af\u00edn al Gobierno y emitir sus fallos con ese sesgo. Los opositores al Gobierno acusan a Campero de favorecer al Gobierno y al ala \u201carcista\u201d a cambio [&hellip;]","og_url":"https:\/\/www.eldiario.net\/portal\/2024\/07\/20\/vocal-campero-dice-que-no-se-arrepiente-de-sus-sentencias\/","og_site_name":"El Diario - Bolivia","article_publisher":"https:\/\/www.facebook.com\/eldiario.bolivia\/","article_published_time":"2024-07-20T11:07:47+00:00","og_image":[{"width":1600,"height":1253,"url":"https:\/\/www.eldiario.net\/portal\/wp-content\/uploads\/2024\/07\/42-POL-8.jpg","type":"image\/jpeg"}],"author":"Jeanette","twitter_card":"summary_large_image","twitter_creator":"@eldiario_net","twitter_site":"@eldiario_net","twitter_misc":{"Escrito por":"Jeanette","Tiempo de lectura":"2 minutos"},"schema":{"@context":"https:\/\/schema.org","@graph":[{"@type":"Article","@id":"https:\/\/www.eldiario.net\/portal\/2024\/07\/20\/vocal-campero-dice-que-no-se-arrepiente-de-sus-sentencias\/#article","isPartOf":{"@id":"https:\/\/www.eldiario.net\/portal\/2024\/07\/20\/vocal-campero-dice-que-no-se-arrepiente-de-sus-sentencias\/"},"author":{"name":"Jeanette","@id":"https:\/\/www.eldiario.net\/portal\/#\/schema\/person\/f46445640444750d7d753ccd04ae01b7"},"headline":"Vocal Campero dice que no se arrepiente de sus sentencias","datePublished":"2024-07-20T11:07:47+00:00","mainEntityOfPage":{"@id":"https:\/\/www.eldiario.net\/portal\/2024\/07\/20\/vocal-campero-dice-que-no-se-arrepiente-de-sus-sentencias\/"},"wordCount":321,"commentCount":0,"publisher":{"@id":"https:\/\/www.eldiario.net\/portal\/#organization"},"image":{"@id":"https:\/\/www.eldiario.net\/portal\/2024\/07\/20\/vocal-campero-dice-que-no-se-arrepiente-de-sus-sentencias\/#primaryimage"},"thumbnailUrl":"https:\/\/www.eldiario.net\/portal\/wp-content\/uploads\/2024\/07\/42-POL-8.jpg","articleSection":["Pol\u00edtica"],"inLanguage":"es","potentialAction":[{"@type":"CommentAction","name":"Comment","target":["https:\/\/www.eldiario.net\/portal\/2024\/07\/20\/vocal-campero-dice-que-no-se-arrepiente-de-sus-sentencias\/#respond"]}]},{"@type":"WebPage","@id":"https:\/\/www.eldiario.net\/portal\/2024\/07\/20\/vocal-campero-dice-que-no-se-arrepiente-de-sus-sentencias\/","url":"https:\/\/www.eldiario.net\/portal\/2024\/07\/20\/vocal-campero-dice-que-no-se-arrepiente-de-sus-sentencias\/","name":"Vocal Campero dice que no se arrepiente de sus sentencias - El Diario - Bolivia","isPartOf":{"@id":"https:\/\/www.eldiario.net\/portal\/#website"},"primaryImageOfPage":{"@id":"https:\/\/www.eldiario.net\/portal\/2024\/07\/20\/vocal-campero-dice-que-no-se-arrepiente-de-sus-sentencias\/#primaryimage"},"image":{"@id":"https:\/\/www.eldiario.net\/portal\/2024\/07\/20\/vocal-campero-dice-que-no-se-arrepiente-de-sus-sentencias\/#primaryimage"},"thumbnailUrl":"https:\/\/www.eldiario.net\/portal\/wp-content\/uploads\/2024\/07\/42-POL-8.jpg","datePublished":"2024-07-20T11:07:47+00:00","breadcrumb":{"@id":"https:\/\/www.eldiario.net\/portal\/2024\/07\/20\/vocal-campero-dice-que-no-se-arrepiente-de-sus-sentencias\/#breadcrumb"},"inLanguage":"es","potentialAction":[{"@type":"ReadAction","target":["https:\/\/www.eldiario.net\/portal\/2024\/07\/20\/vocal-campero-dice-que-no-se-arrepiente-de-sus-sentencias\/"]}]},{"@type":"ImageObject","inLanguage":"es","@id":"https:\/\/www.eldiario.net\/portal\/2024\/07\/20\/vocal-campero-dice-que-no-se-arrepiente-de-sus-sentencias\/#primaryimage","url":"https:\/\/www.eldiario.net\/portal\/wp-content\/uploads\/2024\/07\/42-POL-8.jpg","contentUrl":"https:\/\/www.eldiario.net\/portal\/wp-content\/uploads\/2024\/07\/42-POL-8.jpg","width":1600,"height":1253,"caption":"Israel Campero es uno de los postulantes a magistrado del Tribunal Constitucional. Israel Campero es uno de los postulantes a magistrado del Tribunal Constitucional."},{"@type":"BreadcrumbList","@id":"https:\/\/www.eldiario.net\/portal\/2024\/07\/20\/vocal-campero-dice-que-no-se-arrepiente-de-sus-sentencias\/#breadcrumb","itemListElement":[{"@type":"ListItem","position":1,"name":"Portada","item":"https:\/\/www.eldiario.net\/portal\/"},{"@type":"ListItem","position":2,"name":"Vocal Campero dice que no se arrepiente de sus sentencias"}]},{"@type":"WebSite","@id":"https:\/\/www.eldiario.net\/portal\/#website","url":"https:\/\/www.eldiario.net\/portal\/","name":"El Diario - Decano de la prensa nacional","description":"El Diario - Decano de la prensa nacional","publisher":{"@id":"https:\/\/www.eldiario.net\/portal\/#organization"},"potentialAction":[{"@type":"SearchAction","target":{"@type":"EntryPoint","urlTemplate":"https:\/\/www.eldiario.net\/portal\/?s={search_term_string}"},"query-input":{"@type":"PropertyValueSpecification","valueRequired":true,"valueName":"search_term_string"}}],"inLanguage":"es"},{"@type":"Organization","@id":"https:\/\/www.eldiario.net\/portal\/#organization","name":"El Diario - Decano de la prensa nacional","url":"https:\/\/www.eldiario.net\/portal\/","logo":{"@type":"ImageObject","inLanguage":"es","@id":"https:\/\/www.eldiario.net\/portal\/#\/schema\/logo\/image\/","url":"https:\/\/www.eldiario.net\/portal\/wp-content\/uploads\/2023\/07\/logo_ED.jpg","contentUrl":"https:\/\/www.eldiario.net\/portal\/wp-content\/uploads\/2023\/07\/logo_ED.jpg","width":272,"height":52,"caption":"El Diario - Decano de la prensa nacional"},"image":{"@id":"https:\/\/www.eldiario.net\/portal\/#\/schema\/logo\/image\/"},"sameAs":["https:\/\/www.facebook.com\/eldiario.bolivia\/","https:\/\/x.com\/eldiario_net"]},{"@type":"Person","@id":"https:\/\/www.eldiario.net\/portal\/#\/schema\/person\/f46445640444750d7d753ccd04ae01b7","name":"Jeanette","image":{"@type":"ImageObject","inLanguage":"es","@id":"https:\/\/secure.gravatar.com\/avatar\/3ea2118a5f7dad2b7138b1187a6b7ee55f160b9968b66013c3a3ef39dd7e5798?s=96&d=mm&r=g","url":"https:\/\/secure.gravatar.com\/avatar\/3ea2118a5f7dad2b7138b1187a6b7ee55f160b9968b66013c3a3ef39dd7e5798?s=96&d=mm&r=g","contentUrl":"https:\/\/secure.gravatar.com\/avatar\/3ea2118a5f7dad2b7138b1187a6b7ee55f160b9968b66013c3a3ef39dd7e5798?s=96&d=mm&r=g","caption":"Jeanette"},"sameAs":["https:\/\/www.eldiario.net\/portal"],"url":"https:\/\/www.eldiario.net\/portal\/author\/jeanette\/"}]}},"_links":{"self":[{"href":"https:\/\/www.eldiario.net\/portal\/wp-json\/wp\/v2\/posts\/235107","targetHints":{"allow":["GET"]}}],"collection":[{"href":"https:\/\/www.eldiario.net\/portal\/wp-json\/wp\/v2\/posts"}],"about":[{"href":"https:\/\/www.eldiario.net\/portal\/wp-json\/wp\/v2\/types\/post"}],"author":[{"embeddable":true,"href":"https:\/\/www.eldiario.net\/portal\/wp-json\/wp\/v2\/users\/1"}],"replies":[{"embeddable":true,"href":"https:\/\/www.eldiario.net\/portal\/wp-json\/wp\/v2\/comments?post=235107"}],"version-history":[{"count":1,"href":"https:\/\/www.eldiario.net\/portal\/wp-json\/wp\/v2\/posts\/235107\/revisions"}],"predecessor-version":[{"id":235109,"href":"https:\/\/www.eldiario.net\/portal\/wp-json\/wp\/v2\/posts\/235107\/revisions\/235109"}],"wp:featuredmedia":[{"embeddable":true,"href":"https:\/\/www.eldiario.net\/portal\/wp-json\/wp\/v2\/media\/235108"}],"wp:attachment":[{"href":"https:\/\/www.eldiario.net\/portal\/wp-json\/wp\/v2\/media?parent=235107"}],"wp:term":[{"taxonomy":"category","embeddable":true,"href":"https:\/\/www.eldiario.net\/portal\/wp-json\/wp\/v2\/categories?post=235107"},{"taxonomy":"post_tag","embeddable":true,"href":"https:\/\/www.eldiario.net\/portal\/wp-json\/wp\/v2\/tags?post=235107"}],"curies":[{"name":"wp","href":"https:\/\/api.w.org\/{rel}","templated":true}]}}