{"id":235105,"date":"2024-07-20T07:05:27","date_gmt":"2024-07-20T11:05:27","guid":{"rendered":"https:\/\/www.eldiario.net\/portal\/?p=235105"},"modified":"2024-07-20T07:05:27","modified_gmt":"2024-07-20T11:05:27","slug":"existe-temor-latente-a-nueva-paralizacion-en-la-preseleccion","status":"publish","type":"post","link":"https:\/\/www.eldiario.net\/portal\/2024\/07\/20\/existe-temor-latente-a-nueva-paralizacion-en-la-preseleccion\/","title":{"rendered":"Existe \u201ctemor latente\u201d a nueva  paralizaci\u00f3n en la preselecci\u00f3n"},"content":{"rendered":"<p>Se\u00f1alan que todas las susceptibilidades por una nueva interrupci\u00f3n del proceso, responden a los antecedentes que se tienen y el conjunto de maniobras ejecutadas desde el poder para estancar la preselecci\u00f3n.<br \/>\nAnte la reanudaci\u00f3n del proceso de preselecci\u00f3n de candidatos para participar de las elecciones judiciales, en su fase de evaluaci\u00f3n de m\u00e9ritos, la diputada por Comunidad Ciudadana (CC), Luisa Nayar, asegur\u00f3 que existe un temor latente a que desde el Gobierno se vuelvan a promover acciones para provocar una nueva paralizaci\u00f3n en este trabajo.<br \/>\nMediante sus redes sociales, Nayar destac\u00f3 el reinicio de las labores de preselecci\u00f3n en instancias de la ALP; sin embargo, afirm\u00f3 que persiste la desconfianza en el accionar del poder, temiendo que en cualquier momento un nuevo recurso judicial vuelva a paralizar todo.<br \/>\n\u201cLas Comisiones Mixtas de Constituci\u00f3n y Justicia Plural de la Asamblea Legislativa, reanudan los ex\u00e1menes orales para dar continuidad al proceso de preselecci\u00f3n de autoridades judiciales, pero el temor a que el Gobierno del MAS realice acciones para una nueva paralizaci\u00f3n est\u00e1 latente. Necesitamos justicia independiente\u201d, expres\u00f3 Nayar.<br \/>\nSobre el tema, el diputado pace\u00f1o Alejandro Reyes, sostuvo que todas las susceptibilidades por una nueva interrupci\u00f3n del proceso, responden a los antecedentes que se tienen y el conjunto de maniobras ejecutadas desde el poder para estancar la preselecci\u00f3n.<br \/>\n\u201cDesde el d\u00eda uno lo han hecho, especialmente el se\u00f1or J\u00e1uregui y todos los que mandan al resto de la bancada de Diputados y Senadores que no quieren que se realice las elecciones judiciales\u201d, dijo.<br \/>\nSobre el futuro de la preselecci\u00f3n, ya en su etapa final, Reyes indic\u00f3 que la forma de gobernar del \u201carcismo\u201d recae en la manipulaci\u00f3n de instancias judiciales, por lo que se esperan m\u00e1s maniobras para buscar interrumpir esta actividad.<br \/>\n\u201cAs\u00ed como van, como la bancada del \u2018arcismo\u2019 es minoritaria, apelan a gobernar mediante Salas Constitucionales, el Tribunal Constitucional Plurinacional y los autoprorrogados. Ese es el \u00fanico sustento que tienen hoy por hoy, por lo tanto, no auguro nada de esta elecci\u00f3n judicial\u201d, afirm\u00f3.<br \/>\nDesde el oficialismo, el diputado Jerges Mercado, rechaz\u00f3 todas las versiones que apuntan a un supuesto sabotaje del Gobierno a la elecci\u00f3n de nuevas autoridades de justicia y destac\u00f3 las acciones en la ALP para dar continuidad a este proceso.<br \/>\n\u201cHemos dado muestras claras cuando se trab\u00f3 en mayo, nosotros lo destrabamos, ahora nosotros lo volvimos a destrabar. El Presidente nos ha instado a que terminemos con esta preselecci\u00f3n. El Vicepresidente nos ha escuchado al convocar a todos los actores pol\u00edticos de la Asamblea demostrando voluntad pol\u00edtica\u201d, manifest\u00f3.<br \/>\nAsimismo, se\u00f1al\u00f3 que gran parte de los recursos interpuestos en contra de la preselecci\u00f3n judicial fueron presentados por gente cercana a Evo Morales.<\/p>\n","protected":false},"excerpt":{"rendered":"<p>Se\u00f1alan que todas las susceptibilidades por una nueva interrupci\u00f3n del proceso, responden a los antecedentes que se tienen y el conjunto de maniobras ejecutadas desde el poder para estancar la preselecci\u00f3n. Ante la reanudaci\u00f3n del proceso de preselecci\u00f3n de candidatos para participar de las elecciones judiciales, en su fase de evaluaci\u00f3n de m\u00e9ritos, la diputada [&hellip;]<\/p>\n","protected":false},"author":1,"featured_media":194754,"comment_status":"open","ping_status":"open","sticky":false,"template":"","format":"standard","meta":{"_acf_changed":false,"footnotes":""},"categories":[14],"tags":[],"class_list":["post-235105","post","type-post","status-publish","format-standard","has-post-thumbnail","category-politica"],"acf":{"antetitulo":"Hay desconfianza"},"yoast_head":"<!-- This site is optimized with the Yoast SEO plugin v28.3 - https:\/\/yoast.com\/product\/yoast-seo-wordpress\/ -->\n<title>Existe \u201ctemor latente\u201d a nueva paralizaci\u00f3n en la preselecci\u00f3n - El Diario - Bolivia<\/title>\n<meta name=\"robots\" content=\"index, follow, max-snippet:-1, max-image-preview:large, max-video-preview:-1\" \/>\n<link rel=\"canonical\" href=\"https:\/\/www.eldiario.net\/portal\/2024\/07\/20\/existe-temor-latente-a-nueva-paralizacion-en-la-preseleccion\/\" \/>\n<meta property=\"og:locale\" content=\"es_ES\" \/>\n<meta property=\"og:type\" content=\"article\" \/>\n<meta property=\"og:title\" content=\"Existe \u201ctemor latente\u201d a nueva paralizaci\u00f3n en la preselecci\u00f3n - El Diario - Bolivia\" \/>\n<meta property=\"og:description\" content=\"Se\u00f1alan que todas las susceptibilidades por una nueva interrupci\u00f3n del proceso, responden a los antecedentes que se tienen y el conjunto de maniobras ejecutadas desde el poder para estancar la preselecci\u00f3n. Ante la reanudaci\u00f3n del proceso de preselecci\u00f3n de candidatos para participar de las elecciones judiciales, en su fase de evaluaci\u00f3n de m\u00e9ritos, la diputada [&hellip;]\" \/>\n<meta property=\"og:url\" content=\"https:\/\/www.eldiario.net\/portal\/2024\/07\/20\/existe-temor-latente-a-nueva-paralizacion-en-la-preseleccion\/\" \/>\n<meta property=\"og:site_name\" content=\"El Diario - Bolivia\" \/>\n<meta property=\"article:publisher\" content=\"https:\/\/www.facebook.com\/eldiario.bolivia\/\" \/>\n<meta property=\"article:published_time\" content=\"2024-07-20T11:05:27+00:00\" \/>\n<meta property=\"og:image\" content=\"https:\/\/www.eldiario.net\/portal\/wp-content\/uploads\/2023\/12\/Politica.jpg\" \/>\n\t<meta property=\"og:image:width\" content=\"800\" \/>\n\t<meta property=\"og:image:height\" content=\"500\" \/>\n\t<meta property=\"og:image:type\" content=\"image\/jpeg\" \/>\n<meta name=\"author\" content=\"Jeanette\" \/>\n<meta name=\"twitter:card\" content=\"summary_large_image\" \/>\n<meta name=\"twitter:creator\" content=\"@eldiario_net\" \/>\n<meta name=\"twitter:site\" content=\"@eldiario_net\" \/>\n<meta name=\"twitter:label1\" content=\"Escrito por\" \/>\n\t<meta name=\"twitter:data1\" content=\"Jeanette\" \/>\n\t<meta name=\"twitter:label2\" content=\"Tiempo de lectura\" \/>\n\t<meta name=\"twitter:data2\" content=\"3 minutos\" \/>\n<script type=\"application\/ld+json\" class=\"yoast-schema-graph\">{\"@context\":\"https:\\\/\\\/schema.org\",\"@graph\":[{\"@type\":\"Article\",\"@id\":\"https:\\\/\\\/www.eldiario.net\\\/portal\\\/2024\\\/07\\\/20\\\/existe-temor-latente-a-nueva-paralizacion-en-la-preseleccion\\\/#article\",\"isPartOf\":{\"@id\":\"https:\\\/\\\/www.eldiario.net\\\/portal\\\/2024\\\/07\\\/20\\\/existe-temor-latente-a-nueva-paralizacion-en-la-preseleccion\\\/\"},\"author\":{\"name\":\"Jeanette\",\"@id\":\"https:\\\/\\\/www.eldiario.net\\\/portal\\\/#\\\/schema\\\/person\\\/f46445640444750d7d753ccd04ae01b7\"},\"headline\":\"Existe \u201ctemor latente\u201d a nueva paralizaci\u00f3n en la preselecci\u00f3n\",\"datePublished\":\"2024-07-20T11:05:27+00:00\",\"mainEntityOfPage\":{\"@id\":\"https:\\\/\\\/www.eldiario.net\\\/portal\\\/2024\\\/07\\\/20\\\/existe-temor-latente-a-nueva-paralizacion-en-la-preseleccion\\\/\"},\"wordCount\":484,\"commentCount\":0,\"publisher\":{\"@id\":\"https:\\\/\\\/www.eldiario.net\\\/portal\\\/#organization\"},\"image\":{\"@id\":\"https:\\\/\\\/www.eldiario.net\\\/portal\\\/2024\\\/07\\\/20\\\/existe-temor-latente-a-nueva-paralizacion-en-la-preseleccion\\\/#primaryimage\"},\"thumbnailUrl\":\"https:\\\/\\\/www.eldiario.net\\\/portal\\\/wp-content\\\/uploads\\\/2023\\\/12\\\/Politica.jpg\",\"articleSection\":[\"Pol\u00edtica\"],\"inLanguage\":\"es\",\"potentialAction\":[{\"@type\":\"CommentAction\",\"name\":\"Comment\",\"target\":[\"https:\\\/\\\/www.eldiario.net\\\/portal\\\/2024\\\/07\\\/20\\\/existe-temor-latente-a-nueva-paralizacion-en-la-preseleccion\\\/#respond\"]}]},{\"@type\":\"WebPage\",\"@id\":\"https:\\\/\\\/www.eldiario.net\\\/portal\\\/2024\\\/07\\\/20\\\/existe-temor-latente-a-nueva-paralizacion-en-la-preseleccion\\\/\",\"url\":\"https:\\\/\\\/www.eldiario.net\\\/portal\\\/2024\\\/07\\\/20\\\/existe-temor-latente-a-nueva-paralizacion-en-la-preseleccion\\\/\",\"name\":\"Existe \u201ctemor latente\u201d a nueva paralizaci\u00f3n en la preselecci\u00f3n - El Diario - Bolivia\",\"isPartOf\":{\"@id\":\"https:\\\/\\\/www.eldiario.net\\\/portal\\\/#website\"},\"primaryImageOfPage\":{\"@id\":\"https:\\\/\\\/www.eldiario.net\\\/portal\\\/2024\\\/07\\\/20\\\/existe-temor-latente-a-nueva-paralizacion-en-la-preseleccion\\\/#primaryimage\"},\"image\":{\"@id\":\"https:\\\/\\\/www.eldiario.net\\\/portal\\\/2024\\\/07\\\/20\\\/existe-temor-latente-a-nueva-paralizacion-en-la-preseleccion\\\/#primaryimage\"},\"thumbnailUrl\":\"https:\\\/\\\/www.eldiario.net\\\/portal\\\/wp-content\\\/uploads\\\/2023\\\/12\\\/Politica.jpg\",\"datePublished\":\"2024-07-20T11:05:27+00:00\",\"breadcrumb\":{\"@id\":\"https:\\\/\\\/www.eldiario.net\\\/portal\\\/2024\\\/07\\\/20\\\/existe-temor-latente-a-nueva-paralizacion-en-la-preseleccion\\\/#breadcrumb\"},\"inLanguage\":\"es\",\"potentialAction\":[{\"@type\":\"ReadAction\",\"target\":[\"https:\\\/\\\/www.eldiario.net\\\/portal\\\/2024\\\/07\\\/20\\\/existe-temor-latente-a-nueva-paralizacion-en-la-preseleccion\\\/\"]}]},{\"@type\":\"ImageObject\",\"inLanguage\":\"es\",\"@id\":\"https:\\\/\\\/www.eldiario.net\\\/portal\\\/2024\\\/07\\\/20\\\/existe-temor-latente-a-nueva-paralizacion-en-la-preseleccion\\\/#primaryimage\",\"url\":\"https:\\\/\\\/www.eldiario.net\\\/portal\\\/wp-content\\\/uploads\\\/2023\\\/12\\\/Politica.jpg\",\"contentUrl\":\"https:\\\/\\\/www.eldiario.net\\\/portal\\\/wp-content\\\/uploads\\\/2023\\\/12\\\/Politica.jpg\",\"width\":800,\"height\":500},{\"@type\":\"BreadcrumbList\",\"@id\":\"https:\\\/\\\/www.eldiario.net\\\/portal\\\/2024\\\/07\\\/20\\\/existe-temor-latente-a-nueva-paralizacion-en-la-preseleccion\\\/#breadcrumb\",\"itemListElement\":[{\"@type\":\"ListItem\",\"position\":1,\"name\":\"Portada\",\"item\":\"https:\\\/\\\/www.eldiario.net\\\/portal\\\/\"},{\"@type\":\"ListItem\",\"position\":2,\"name\":\"Existe \u201ctemor latente\u201d a nueva paralizaci\u00f3n en la preselecci\u00f3n\"}]},{\"@type\":\"WebSite\",\"@id\":\"https:\\\/\\\/www.eldiario.net\\\/portal\\\/#website\",\"url\":\"https:\\\/\\\/www.eldiario.net\\\/portal\\\/\",\"name\":\"El Diario - Decano de la prensa nacional\",\"description\":\"El Diario - Decano de la prensa nacional\",\"publisher\":{\"@id\":\"https:\\\/\\\/www.eldiario.net\\\/portal\\\/#organization\"},\"potentialAction\":[{\"@type\":\"SearchAction\",\"target\":{\"@type\":\"EntryPoint\",\"urlTemplate\":\"https:\\\/\\\/www.eldiario.net\\\/portal\\\/?s={search_term_string}\"},\"query-input\":{\"@type\":\"PropertyValueSpecification\",\"valueRequired\":true,\"valueName\":\"search_term_string\"}}],\"inLanguage\":\"es\"},{\"@type\":\"Organization\",\"@id\":\"https:\\\/\\\/www.eldiario.net\\\/portal\\\/#organization\",\"name\":\"El Diario - Decano de la prensa nacional\",\"url\":\"https:\\\/\\\/www.eldiario.net\\\/portal\\\/\",\"logo\":{\"@type\":\"ImageObject\",\"inLanguage\":\"es\",\"@id\":\"https:\\\/\\\/www.eldiario.net\\\/portal\\\/#\\\/schema\\\/logo\\\/image\\\/\",\"url\":\"https:\\\/\\\/www.eldiario.net\\\/portal\\\/wp-content\\\/uploads\\\/2023\\\/07\\\/logo_ED.jpg\",\"contentUrl\":\"https:\\\/\\\/www.eldiario.net\\\/portal\\\/wp-content\\\/uploads\\\/2023\\\/07\\\/logo_ED.jpg\",\"width\":272,\"height\":52,\"caption\":\"El Diario - Decano de la prensa nacional\"},\"image\":{\"@id\":\"https:\\\/\\\/www.eldiario.net\\\/portal\\\/#\\\/schema\\\/logo\\\/image\\\/\"},\"sameAs\":[\"https:\\\/\\\/www.facebook.com\\\/eldiario.bolivia\\\/\",\"https:\\\/\\\/x.com\\\/eldiario_net\"]},{\"@type\":\"Person\",\"@id\":\"https:\\\/\\\/www.eldiario.net\\\/portal\\\/#\\\/schema\\\/person\\\/f46445640444750d7d753ccd04ae01b7\",\"name\":\"Jeanette\",\"image\":{\"@type\":\"ImageObject\",\"inLanguage\":\"es\",\"@id\":\"https:\\\/\\\/secure.gravatar.com\\\/avatar\\\/3ea2118a5f7dad2b7138b1187a6b7ee55f160b9968b66013c3a3ef39dd7e5798?s=96&d=mm&r=g\",\"url\":\"https:\\\/\\\/secure.gravatar.com\\\/avatar\\\/3ea2118a5f7dad2b7138b1187a6b7ee55f160b9968b66013c3a3ef39dd7e5798?s=96&d=mm&r=g\",\"contentUrl\":\"https:\\\/\\\/secure.gravatar.com\\\/avatar\\\/3ea2118a5f7dad2b7138b1187a6b7ee55f160b9968b66013c3a3ef39dd7e5798?s=96&d=mm&r=g\",\"caption\":\"Jeanette\"},\"sameAs\":[\"https:\\\/\\\/www.eldiario.net\\\/portal\"],\"url\":\"https:\\\/\\\/www.eldiario.net\\\/portal\\\/author\\\/jeanette\\\/\"}]}<\/script>\n<!-- \/ Yoast SEO plugin. -->","yoast_head_json":{"title":"Existe \u201ctemor latente\u201d a nueva paralizaci\u00f3n en la preselecci\u00f3n - El Diario - Bolivia","robots":{"index":"index","follow":"follow","max-snippet":"max-snippet:-1","max-image-preview":"max-image-preview:large","max-video-preview":"max-video-preview:-1"},"canonical":"https:\/\/www.eldiario.net\/portal\/2024\/07\/20\/existe-temor-latente-a-nueva-paralizacion-en-la-preseleccion\/","og_locale":"es_ES","og_type":"article","og_title":"Existe \u201ctemor latente\u201d a nueva paralizaci\u00f3n en la preselecci\u00f3n - El Diario - Bolivia","og_description":"Se\u00f1alan que todas las susceptibilidades por una nueva interrupci\u00f3n del proceso, responden a los antecedentes que se tienen y el conjunto de maniobras ejecutadas desde el poder para estancar la preselecci\u00f3n. Ante la reanudaci\u00f3n del proceso de preselecci\u00f3n de candidatos para participar de las elecciones judiciales, en su fase de evaluaci\u00f3n de m\u00e9ritos, la diputada [&hellip;]","og_url":"https:\/\/www.eldiario.net\/portal\/2024\/07\/20\/existe-temor-latente-a-nueva-paralizacion-en-la-preseleccion\/","og_site_name":"El Diario - Bolivia","article_publisher":"https:\/\/www.facebook.com\/eldiario.bolivia\/","article_published_time":"2024-07-20T11:05:27+00:00","og_image":[{"width":800,"height":500,"url":"https:\/\/www.eldiario.net\/portal\/wp-content\/uploads\/2023\/12\/Politica.jpg","type":"image\/jpeg"}],"author":"Jeanette","twitter_card":"summary_large_image","twitter_creator":"@eldiario_net","twitter_site":"@eldiario_net","twitter_misc":{"Escrito por":"Jeanette","Tiempo de lectura":"3 minutos"},"schema":{"@context":"https:\/\/schema.org","@graph":[{"@type":"Article","@id":"https:\/\/www.eldiario.net\/portal\/2024\/07\/20\/existe-temor-latente-a-nueva-paralizacion-en-la-preseleccion\/#article","isPartOf":{"@id":"https:\/\/www.eldiario.net\/portal\/2024\/07\/20\/existe-temor-latente-a-nueva-paralizacion-en-la-preseleccion\/"},"author":{"name":"Jeanette","@id":"https:\/\/www.eldiario.net\/portal\/#\/schema\/person\/f46445640444750d7d753ccd04ae01b7"},"headline":"Existe \u201ctemor latente\u201d a nueva paralizaci\u00f3n en la preselecci\u00f3n","datePublished":"2024-07-20T11:05:27+00:00","mainEntityOfPage":{"@id":"https:\/\/www.eldiario.net\/portal\/2024\/07\/20\/existe-temor-latente-a-nueva-paralizacion-en-la-preseleccion\/"},"wordCount":484,"commentCount":0,"publisher":{"@id":"https:\/\/www.eldiario.net\/portal\/#organization"},"image":{"@id":"https:\/\/www.eldiario.net\/portal\/2024\/07\/20\/existe-temor-latente-a-nueva-paralizacion-en-la-preseleccion\/#primaryimage"},"thumbnailUrl":"https:\/\/www.eldiario.net\/portal\/wp-content\/uploads\/2023\/12\/Politica.jpg","articleSection":["Pol\u00edtica"],"inLanguage":"es","potentialAction":[{"@type":"CommentAction","name":"Comment","target":["https:\/\/www.eldiario.net\/portal\/2024\/07\/20\/existe-temor-latente-a-nueva-paralizacion-en-la-preseleccion\/#respond"]}]},{"@type":"WebPage","@id":"https:\/\/www.eldiario.net\/portal\/2024\/07\/20\/existe-temor-latente-a-nueva-paralizacion-en-la-preseleccion\/","url":"https:\/\/www.eldiario.net\/portal\/2024\/07\/20\/existe-temor-latente-a-nueva-paralizacion-en-la-preseleccion\/","name":"Existe \u201ctemor latente\u201d a nueva paralizaci\u00f3n en la preselecci\u00f3n - El Diario - Bolivia","isPartOf":{"@id":"https:\/\/www.eldiario.net\/portal\/#website"},"primaryImageOfPage":{"@id":"https:\/\/www.eldiario.net\/portal\/2024\/07\/20\/existe-temor-latente-a-nueva-paralizacion-en-la-preseleccion\/#primaryimage"},"image":{"@id":"https:\/\/www.eldiario.net\/portal\/2024\/07\/20\/existe-temor-latente-a-nueva-paralizacion-en-la-preseleccion\/#primaryimage"},"thumbnailUrl":"https:\/\/www.eldiario.net\/portal\/wp-content\/uploads\/2023\/12\/Politica.jpg","datePublished":"2024-07-20T11:05:27+00:00","breadcrumb":{"@id":"https:\/\/www.eldiario.net\/portal\/2024\/07\/20\/existe-temor-latente-a-nueva-paralizacion-en-la-preseleccion\/#breadcrumb"},"inLanguage":"es","potentialAction":[{"@type":"ReadAction","target":["https:\/\/www.eldiario.net\/portal\/2024\/07\/20\/existe-temor-latente-a-nueva-paralizacion-en-la-preseleccion\/"]}]},{"@type":"ImageObject","inLanguage":"es","@id":"https:\/\/www.eldiario.net\/portal\/2024\/07\/20\/existe-temor-latente-a-nueva-paralizacion-en-la-preseleccion\/#primaryimage","url":"https:\/\/www.eldiario.net\/portal\/wp-content\/uploads\/2023\/12\/Politica.jpg","contentUrl":"https:\/\/www.eldiario.net\/portal\/wp-content\/uploads\/2023\/12\/Politica.jpg","width":800,"height":500},{"@type":"BreadcrumbList","@id":"https:\/\/www.eldiario.net\/portal\/2024\/07\/20\/existe-temor-latente-a-nueva-paralizacion-en-la-preseleccion\/#breadcrumb","itemListElement":[{"@type":"ListItem","position":1,"name":"Portada","item":"https:\/\/www.eldiario.net\/portal\/"},{"@type":"ListItem","position":2,"name":"Existe \u201ctemor latente\u201d a nueva paralizaci\u00f3n en la preselecci\u00f3n"}]},{"@type":"WebSite","@id":"https:\/\/www.eldiario.net\/portal\/#website","url":"https:\/\/www.eldiario.net\/portal\/","name":"El Diario - Decano de la prensa nacional","description":"El Diario - Decano de la prensa nacional","publisher":{"@id":"https:\/\/www.eldiario.net\/portal\/#organization"},"potentialAction":[{"@type":"SearchAction","target":{"@type":"EntryPoint","urlTemplate":"https:\/\/www.eldiario.net\/portal\/?s={search_term_string}"},"query-input":{"@type":"PropertyValueSpecification","valueRequired":true,"valueName":"search_term_string"}}],"inLanguage":"es"},{"@type":"Organization","@id":"https:\/\/www.eldiario.net\/portal\/#organization","name":"El Diario - Decano de la prensa nacional","url":"https:\/\/www.eldiario.net\/portal\/","logo":{"@type":"ImageObject","inLanguage":"es","@id":"https:\/\/www.eldiario.net\/portal\/#\/schema\/logo\/image\/","url":"https:\/\/www.eldiario.net\/portal\/wp-content\/uploads\/2023\/07\/logo_ED.jpg","contentUrl":"https:\/\/www.eldiario.net\/portal\/wp-content\/uploads\/2023\/07\/logo_ED.jpg","width":272,"height":52,"caption":"El Diario - Decano de la prensa nacional"},"image":{"@id":"https:\/\/www.eldiario.net\/portal\/#\/schema\/logo\/image\/"},"sameAs":["https:\/\/www.facebook.com\/eldiario.bolivia\/","https:\/\/x.com\/eldiario_net"]},{"@type":"Person","@id":"https:\/\/www.eldiario.net\/portal\/#\/schema\/person\/f46445640444750d7d753ccd04ae01b7","name":"Jeanette","image":{"@type":"ImageObject","inLanguage":"es","@id":"https:\/\/secure.gravatar.com\/avatar\/3ea2118a5f7dad2b7138b1187a6b7ee55f160b9968b66013c3a3ef39dd7e5798?s=96&d=mm&r=g","url":"https:\/\/secure.gravatar.com\/avatar\/3ea2118a5f7dad2b7138b1187a6b7ee55f160b9968b66013c3a3ef39dd7e5798?s=96&d=mm&r=g","contentUrl":"https:\/\/secure.gravatar.com\/avatar\/3ea2118a5f7dad2b7138b1187a6b7ee55f160b9968b66013c3a3ef39dd7e5798?s=96&d=mm&r=g","caption":"Jeanette"},"sameAs":["https:\/\/www.eldiario.net\/portal"],"url":"https:\/\/www.eldiario.net\/portal\/author\/jeanette\/"}]}},"_links":{"self":[{"href":"https:\/\/www.eldiario.net\/portal\/wp-json\/wp\/v2\/posts\/235105","targetHints":{"allow":["GET"]}}],"collection":[{"href":"https:\/\/www.eldiario.net\/portal\/wp-json\/wp\/v2\/posts"}],"about":[{"href":"https:\/\/www.eldiario.net\/portal\/wp-json\/wp\/v2\/types\/post"}],"author":[{"embeddable":true,"href":"https:\/\/www.eldiario.net\/portal\/wp-json\/wp\/v2\/users\/1"}],"replies":[{"embeddable":true,"href":"https:\/\/www.eldiario.net\/portal\/wp-json\/wp\/v2\/comments?post=235105"}],"version-history":[{"count":1,"href":"https:\/\/www.eldiario.net\/portal\/wp-json\/wp\/v2\/posts\/235105\/revisions"}],"predecessor-version":[{"id":235106,"href":"https:\/\/www.eldiario.net\/portal\/wp-json\/wp\/v2\/posts\/235105\/revisions\/235106"}],"wp:featuredmedia":[{"embeddable":true,"href":"https:\/\/www.eldiario.net\/portal\/wp-json\/wp\/v2\/media\/194754"}],"wp:attachment":[{"href":"https:\/\/www.eldiario.net\/portal\/wp-json\/wp\/v2\/media?parent=235105"}],"wp:term":[{"taxonomy":"category","embeddable":true,"href":"https:\/\/www.eldiario.net\/portal\/wp-json\/wp\/v2\/categories?post=235105"},{"taxonomy":"post_tag","embeddable":true,"href":"https:\/\/www.eldiario.net\/portal\/wp-json\/wp\/v2\/tags?post=235105"}],"curies":[{"name":"wp","href":"https:\/\/api.w.org\/{rel}","templated":true}]}}