{"id":235101,"date":"2024-07-20T07:00:14","date_gmt":"2024-07-20T11:00:14","guid":{"rendered":"https:\/\/www.eldiario.net\/portal\/?p=235101"},"modified":"2024-07-20T07:00:14","modified_gmt":"2024-07-20T11:00:14","slug":"al-menos-cinco-actividades-destacaron-el-primer-semestre","status":"publish","type":"post","link":"https:\/\/www.eldiario.net\/portal\/2024\/07\/20\/al-menos-cinco-actividades-destacaron-el-primer-semestre\/","title":{"rendered":"Al menos cinco actividades  destacaron el primer semestre"},"content":{"rendered":"<p>De acuerdo con la comuna alte\u00f1a, la homologaci\u00f3n internacional del estadio El Tit\u00e1n de Villa Ingenio, el estreno del distribuidor El Mallku, el \u00e9xito en la Fexco en Cochabamba, el recibimiento a las 26 candidatas al Miss Bolivia y la entrada folkl\u00f3rica 16 de Julio, entre otras actividades, marcaron un exitoso primer semestre de ese municipio.<br \/>\nESTADIO<br \/>\nEn febrero de este a\u00f1o, el estadio \u201cEl Tit\u00e1n\u201d m\u00e1s conocido como el de Villa Ingenio, fue homologado para partidos internacionales por parte de la Conmebol. A partir de ello, El Alto fue protagonista de primer nivel en eventos deportivos nacionales e internacionales, gracias a la participaci\u00f3n del equipo que representa a esta urbe: Always Ready.<br \/>\nSemanas antes de ser homologado, centenares de trabajadores municipales, liderados por sus autoridades, pusieron a punto el escenario deportivo y los alrededores del campo de juego ubicado en el Distrito 5.<br \/>\nAs\u00ed se convirti\u00f3 en el \u201cestadio m\u00e1s alto del mundo\u201d sobre 4.082 metros sobre el nivel del mar (msnm). Equipos internacionales de la talla de Sporting Cristal, del Per\u00fa, que jug\u00f3 partido contra el representativo alte\u00f1o por la Copa Libertadores, ya visitaron el campo deportivo, al igual que todos los clubes representantes de la liga nacional de f\u00fatbol.<br \/>\nDISTRIBUIDOR<br \/>\nEn el mes aniversario de El Alto, marzo, el municipio estren\u00f3 el puente distribuidor El Mallku, \u201cuna obra monumental que cre\u00f3 una nueva centralidad urbana con el Jach\u2019a Uta como eje articular\u201d, se lee en un bolet\u00edn institucional en la que se a\u00f1ade que la construcci\u00f3n ratific\u00f3 que la urbe apunta a convertirse en la \u201cciudad de los distribuidores\u201d.<br \/>\nLa obra est\u00e1 ubicada entre el Puente Bolivia y la avenida Costanera del Distrito 4, adem\u00e1s une el Norte con el Sur de la ciudad de El Alto, que comprende sectores de los distritos 3 y 4.<br \/>\nEn el tercer mes del a\u00f1o, la Alcald\u00eda otorg\u00f3 adem\u00e1s, maquinaria pesada a los 14 distritos. El paquete de obras continu\u00f3 con miles de metros de enlosetados, pavimentos flexibles y r\u00edgidos, canchas de c\u00e9sped sint\u00e9tico, tinglados, parques infantiles, centros culturales, pero tambi\u00e9n plataformas, como el puente vehicular radial y la avenida Bolivia.<br \/>\nAdem\u00e1s, ese mismo mes, \u201cEl Alto celebr\u00f3 su 39 aniversario con el t\u00edtulo de bicampe\u00f3n en ejecuci\u00f3n presupuestaria y ahora apunta al tricampeonato, el nuevo reto\u201d, a\u00f1ade el escrito edil.<br \/>\nFERIA<br \/>\nUnas semanas despu\u00e9s, en abril, lleg\u00f3 la cita en la Feria Exposici\u00f3n Internacional de Cochabamba (Fexco) donde el stand de El Alto deslumbr\u00f3 con su cholet Ch\u2019uta Yate y su concepto \u201cSiente y vive un cholet\u201d, mientras las artesan\u00edas conquistaban a los visitantes por su calidad y acabado. En el ep\u00edlogo de la feria, el pabell\u00f3n alte\u00f1o fue premiado como el Mejor Stand.<br \/>\nDecenas de emprendedores de la ciudad alte\u00f1a hicieron adem\u00e1s los primeros contactos para ampliar sus mercados a nivel nacional e internacional.<br \/>\nBELLEZA<br \/>\nEn junio, El Alto se coron\u00f3 como la Capital de Los Andes con la unidad y esfuerzo de su gente, cuando las 26 candidatas al certamen de belleza m\u00e1s importante del pa\u00eds: Miss Bolivia, arribaron a la ciudad para conocer las joyas tur\u00edsticas del municipio.<br \/>\nDesde una selfie en la Terminal Metropolitana, para luego asistir a un combate de lucha de cholitas, bailar en los cholets y visitar Alto Milluni, las mujeres m\u00e1s bellas del pa\u00eds lograron que millones de bolivianos admiren a El Alto.<br \/>\nAdem\u00e1s, el municipio fue escenario para la realizaci\u00f3n de una de las etapas del certamen que fue la elecci\u00f3n de Miss Turismo, t\u00edtulo que recay\u00f3 en Sdenka Moya, una joven vecina de Villa Adela y digna representante alte\u00f1a.<br \/>\nFOLKLORE<br \/>\nHace poco, se celebr\u00f3 la festividad folkl\u00f3rica m\u00e1s importante del municipio alte\u00f1o, misma que cruz\u00f3 fronteras internacionales, no s\u00f3lo porque miles de personas acudieron a las avenidas por donde se realiz\u00f3 el recorrido, sino tambi\u00e9n porque internautas de Brasil, Per\u00fa, Chile y Francia siguieron la transmisi\u00f3n en vivo en redes sociales. Como dato, tres j\u00f3venes alemanes voluntarios bailaron morenada en una fraternidad alte\u00f1a.<br \/>\nLa celebraci\u00f3n en devoci\u00f3n a la Virgen del Carmen, que es una simbiosis de danzas urbanas y rurales, movi\u00f3 tambi\u00e9n la econom\u00eda de los alte\u00f1os, desde bordadores, pasando por m\u00fasicos y diferentes sectores de la gastronom\u00eda.<br \/>\nUnas semanas antes, la Alcald\u00eda entreg\u00f3 el muro perimetral del Cementerio Mercedario y otros espacios renovados. En una muestra de que se cumplen las promesas, el camposanto de El Alto ahora est\u00e1 blindado, vigilado por c\u00e1maras de seguridad y con mejores servicios.<br \/>\nCasi simult\u00e1neamente y por el receso pedag\u00f3gico de invierno, centenares de trabajadores municipales arreglaron, mejoraron y, en algunos casos, construyeron bater\u00edas sanitarias, aulas, bajantes y pintaron unidades educativas para darles un nuevo rostro. En esta primera parte del a\u00f1o fueron intervenidas 257 infraestructuras educativas y solo en el receso 30 establecimientos educativos, mejorados.<br \/>\nEstas actividades y otras, seg\u00fan la comuna alte\u00f1a, son parte de la cosecha de sus autoridades municipales tras tres a\u00f1os de gesti\u00f3n y como parte del Plan Municipal \u201cAjayu\u201d.<\/p>\n","protected":false},"excerpt":{"rendered":"<p>De acuerdo con la comuna alte\u00f1a, la homologaci\u00f3n internacional del estadio El Tit\u00e1n de Villa Ingenio, el estreno del distribuidor El Mallku, el \u00e9xito en la Fexco en Cochabamba, el recibimiento a las 26 candidatas al Miss Bolivia y la entrada folkl\u00f3rica 16 de Julio, entre otras actividades, marcaron un exitoso primer semestre de ese [&hellip;]<\/p>\n","protected":false},"author":1,"featured_media":235102,"comment_status":"open","ping_status":"open","sticky":false,"template":"","format":"standard","meta":{"_acf_changed":false,"footnotes":""},"categories":[12],"tags":[],"class_list":["post-235101","post","type-post","status-publish","format-standard","has-post-thumbnail","category-nacional"],"acf":{"antetitulo":"El Alto"},"yoast_head":"<!-- This site is optimized with the Yoast SEO plugin v28.3 - https:\/\/yoast.com\/product\/yoast-seo-wordpress\/ -->\n<title>Al menos cinco actividades destacaron el primer semestre - El Diario - Bolivia<\/title>\n<meta name=\"robots\" content=\"index, follow, max-snippet:-1, max-image-preview:large, max-video-preview:-1\" \/>\n<link rel=\"canonical\" href=\"https:\/\/www.eldiario.net\/portal\/2024\/07\/20\/al-menos-cinco-actividades-destacaron-el-primer-semestre\/\" \/>\n<meta property=\"og:locale\" content=\"es_ES\" \/>\n<meta property=\"og:type\" content=\"article\" \/>\n<meta property=\"og:title\" content=\"Al menos cinco actividades destacaron el primer semestre - El Diario - Bolivia\" \/>\n<meta property=\"og:description\" content=\"De acuerdo con la comuna alte\u00f1a, la homologaci\u00f3n internacional del estadio El Tit\u00e1n de Villa Ingenio, el estreno del distribuidor El Mallku, el \u00e9xito en la Fexco en Cochabamba, el recibimiento a las 26 candidatas al Miss Bolivia y la entrada folkl\u00f3rica 16 de Julio, entre otras actividades, marcaron un exitoso primer semestre de ese [&hellip;]\" \/>\n<meta property=\"og:url\" content=\"https:\/\/www.eldiario.net\/portal\/2024\/07\/20\/al-menos-cinco-actividades-destacaron-el-primer-semestre\/\" \/>\n<meta property=\"og:site_name\" content=\"El Diario - Bolivia\" \/>\n<meta property=\"article:publisher\" content=\"https:\/\/www.facebook.com\/eldiario.bolivia\/\" \/>\n<meta property=\"article:published_time\" content=\"2024-07-20T11:00:14+00:00\" \/>\n<meta property=\"og:image\" content=\"https:\/\/www.eldiario.net\/portal\/wp-content\/uploads\/2024\/07\/F-1-EA.jpg\" \/>\n\t<meta property=\"og:image:width\" content=\"696\" \/>\n\t<meta property=\"og:image:height\" content=\"462\" \/>\n\t<meta property=\"og:image:type\" content=\"image\/jpeg\" \/>\n<meta name=\"author\" content=\"Jeanette\" \/>\n<meta name=\"twitter:card\" content=\"summary_large_image\" \/>\n<meta name=\"twitter:creator\" content=\"@eldiario_net\" \/>\n<meta name=\"twitter:site\" content=\"@eldiario_net\" \/>\n<meta name=\"twitter:label1\" content=\"Escrito por\" \/>\n\t<meta name=\"twitter:data1\" content=\"Jeanette\" \/>\n\t<meta name=\"twitter:label2\" content=\"Tiempo de lectura\" \/>\n\t<meta name=\"twitter:data2\" content=\"4 minutos\" \/>\n<script type=\"application\/ld+json\" class=\"yoast-schema-graph\">{\"@context\":\"https:\\\/\\\/schema.org\",\"@graph\":[{\"@type\":\"Article\",\"@id\":\"https:\\\/\\\/www.eldiario.net\\\/portal\\\/2024\\\/07\\\/20\\\/al-menos-cinco-actividades-destacaron-el-primer-semestre\\\/#article\",\"isPartOf\":{\"@id\":\"https:\\\/\\\/www.eldiario.net\\\/portal\\\/2024\\\/07\\\/20\\\/al-menos-cinco-actividades-destacaron-el-primer-semestre\\\/\"},\"author\":{\"name\":\"Jeanette\",\"@id\":\"https:\\\/\\\/www.eldiario.net\\\/portal\\\/#\\\/schema\\\/person\\\/f46445640444750d7d753ccd04ae01b7\"},\"headline\":\"Al menos cinco actividades destacaron el primer semestre\",\"datePublished\":\"2024-07-20T11:00:14+00:00\",\"mainEntityOfPage\":{\"@id\":\"https:\\\/\\\/www.eldiario.net\\\/portal\\\/2024\\\/07\\\/20\\\/al-menos-cinco-actividades-destacaron-el-primer-semestre\\\/\"},\"wordCount\":882,\"commentCount\":0,\"publisher\":{\"@id\":\"https:\\\/\\\/www.eldiario.net\\\/portal\\\/#organization\"},\"image\":{\"@id\":\"https:\\\/\\\/www.eldiario.net\\\/portal\\\/2024\\\/07\\\/20\\\/al-menos-cinco-actividades-destacaron-el-primer-semestre\\\/#primaryimage\"},\"thumbnailUrl\":\"https:\\\/\\\/www.eldiario.net\\\/portal\\\/wp-content\\\/uploads\\\/2024\\\/07\\\/F-1-EA.jpg\",\"articleSection\":[\"Nacional\"],\"inLanguage\":\"es\",\"potentialAction\":[{\"@type\":\"CommentAction\",\"name\":\"Comment\",\"target\":[\"https:\\\/\\\/www.eldiario.net\\\/portal\\\/2024\\\/07\\\/20\\\/al-menos-cinco-actividades-destacaron-el-primer-semestre\\\/#respond\"]}]},{\"@type\":\"WebPage\",\"@id\":\"https:\\\/\\\/www.eldiario.net\\\/portal\\\/2024\\\/07\\\/20\\\/al-menos-cinco-actividades-destacaron-el-primer-semestre\\\/\",\"url\":\"https:\\\/\\\/www.eldiario.net\\\/portal\\\/2024\\\/07\\\/20\\\/al-menos-cinco-actividades-destacaron-el-primer-semestre\\\/\",\"name\":\"Al menos cinco actividades destacaron el primer semestre - El Diario - Bolivia\",\"isPartOf\":{\"@id\":\"https:\\\/\\\/www.eldiario.net\\\/portal\\\/#website\"},\"primaryImageOfPage\":{\"@id\":\"https:\\\/\\\/www.eldiario.net\\\/portal\\\/2024\\\/07\\\/20\\\/al-menos-cinco-actividades-destacaron-el-primer-semestre\\\/#primaryimage\"},\"image\":{\"@id\":\"https:\\\/\\\/www.eldiario.net\\\/portal\\\/2024\\\/07\\\/20\\\/al-menos-cinco-actividades-destacaron-el-primer-semestre\\\/#primaryimage\"},\"thumbnailUrl\":\"https:\\\/\\\/www.eldiario.net\\\/portal\\\/wp-content\\\/uploads\\\/2024\\\/07\\\/F-1-EA.jpg\",\"datePublished\":\"2024-07-20T11:00:14+00:00\",\"breadcrumb\":{\"@id\":\"https:\\\/\\\/www.eldiario.net\\\/portal\\\/2024\\\/07\\\/20\\\/al-menos-cinco-actividades-destacaron-el-primer-semestre\\\/#breadcrumb\"},\"inLanguage\":\"es\",\"potentialAction\":[{\"@type\":\"ReadAction\",\"target\":[\"https:\\\/\\\/www.eldiario.net\\\/portal\\\/2024\\\/07\\\/20\\\/al-menos-cinco-actividades-destacaron-el-primer-semestre\\\/\"]}]},{\"@type\":\"ImageObject\",\"inLanguage\":\"es\",\"@id\":\"https:\\\/\\\/www.eldiario.net\\\/portal\\\/2024\\\/07\\\/20\\\/al-menos-cinco-actividades-destacaron-el-primer-semestre\\\/#primaryimage\",\"url\":\"https:\\\/\\\/www.eldiario.net\\\/portal\\\/wp-content\\\/uploads\\\/2024\\\/07\\\/F-1-EA.jpg\",\"contentUrl\":\"https:\\\/\\\/www.eldiario.net\\\/portal\\\/wp-content\\\/uploads\\\/2024\\\/07\\\/F-1-EA.jpg\",\"width\":696,\"height\":462,\"caption\":\"El estadio de Villa Ingenio se encuentra en el Distrito 5 de El Alto.\"},{\"@type\":\"BreadcrumbList\",\"@id\":\"https:\\\/\\\/www.eldiario.net\\\/portal\\\/2024\\\/07\\\/20\\\/al-menos-cinco-actividades-destacaron-el-primer-semestre\\\/#breadcrumb\",\"itemListElement\":[{\"@type\":\"ListItem\",\"position\":1,\"name\":\"Portada\",\"item\":\"https:\\\/\\\/www.eldiario.net\\\/portal\\\/\"},{\"@type\":\"ListItem\",\"position\":2,\"name\":\"Al menos cinco actividades destacaron el primer semestre\"}]},{\"@type\":\"WebSite\",\"@id\":\"https:\\\/\\\/www.eldiario.net\\\/portal\\\/#website\",\"url\":\"https:\\\/\\\/www.eldiario.net\\\/portal\\\/\",\"name\":\"El Diario - Decano de la prensa nacional\",\"description\":\"El Diario - Decano de la prensa nacional\",\"publisher\":{\"@id\":\"https:\\\/\\\/www.eldiario.net\\\/portal\\\/#organization\"},\"potentialAction\":[{\"@type\":\"SearchAction\",\"target\":{\"@type\":\"EntryPoint\",\"urlTemplate\":\"https:\\\/\\\/www.eldiario.net\\\/portal\\\/?s={search_term_string}\"},\"query-input\":{\"@type\":\"PropertyValueSpecification\",\"valueRequired\":true,\"valueName\":\"search_term_string\"}}],\"inLanguage\":\"es\"},{\"@type\":\"Organization\",\"@id\":\"https:\\\/\\\/www.eldiario.net\\\/portal\\\/#organization\",\"name\":\"El Diario - Decano de la prensa nacional\",\"url\":\"https:\\\/\\\/www.eldiario.net\\\/portal\\\/\",\"logo\":{\"@type\":\"ImageObject\",\"inLanguage\":\"es\",\"@id\":\"https:\\\/\\\/www.eldiario.net\\\/portal\\\/#\\\/schema\\\/logo\\\/image\\\/\",\"url\":\"https:\\\/\\\/www.eldiario.net\\\/portal\\\/wp-content\\\/uploads\\\/2023\\\/07\\\/logo_ED.jpg\",\"contentUrl\":\"https:\\\/\\\/www.eldiario.net\\\/portal\\\/wp-content\\\/uploads\\\/2023\\\/07\\\/logo_ED.jpg\",\"width\":272,\"height\":52,\"caption\":\"El Diario - Decano de la prensa nacional\"},\"image\":{\"@id\":\"https:\\\/\\\/www.eldiario.net\\\/portal\\\/#\\\/schema\\\/logo\\\/image\\\/\"},\"sameAs\":[\"https:\\\/\\\/www.facebook.com\\\/eldiario.bolivia\\\/\",\"https:\\\/\\\/x.com\\\/eldiario_net\"]},{\"@type\":\"Person\",\"@id\":\"https:\\\/\\\/www.eldiario.net\\\/portal\\\/#\\\/schema\\\/person\\\/f46445640444750d7d753ccd04ae01b7\",\"name\":\"Jeanette\",\"image\":{\"@type\":\"ImageObject\",\"inLanguage\":\"es\",\"@id\":\"https:\\\/\\\/secure.gravatar.com\\\/avatar\\\/3ea2118a5f7dad2b7138b1187a6b7ee55f160b9968b66013c3a3ef39dd7e5798?s=96&d=mm&r=g\",\"url\":\"https:\\\/\\\/secure.gravatar.com\\\/avatar\\\/3ea2118a5f7dad2b7138b1187a6b7ee55f160b9968b66013c3a3ef39dd7e5798?s=96&d=mm&r=g\",\"contentUrl\":\"https:\\\/\\\/secure.gravatar.com\\\/avatar\\\/3ea2118a5f7dad2b7138b1187a6b7ee55f160b9968b66013c3a3ef39dd7e5798?s=96&d=mm&r=g\",\"caption\":\"Jeanette\"},\"sameAs\":[\"https:\\\/\\\/www.eldiario.net\\\/portal\"],\"url\":\"https:\\\/\\\/www.eldiario.net\\\/portal\\\/author\\\/jeanette\\\/\"}]}<\/script>\n<!-- \/ Yoast SEO plugin. -->","yoast_head_json":{"title":"Al menos cinco actividades destacaron el primer semestre - El Diario - Bolivia","robots":{"index":"index","follow":"follow","max-snippet":"max-snippet:-1","max-image-preview":"max-image-preview:large","max-video-preview":"max-video-preview:-1"},"canonical":"https:\/\/www.eldiario.net\/portal\/2024\/07\/20\/al-menos-cinco-actividades-destacaron-el-primer-semestre\/","og_locale":"es_ES","og_type":"article","og_title":"Al menos cinco actividades destacaron el primer semestre - El Diario - Bolivia","og_description":"De acuerdo con la comuna alte\u00f1a, la homologaci\u00f3n internacional del estadio El Tit\u00e1n de Villa Ingenio, el estreno del distribuidor El Mallku, el \u00e9xito en la Fexco en Cochabamba, el recibimiento a las 26 candidatas al Miss Bolivia y la entrada folkl\u00f3rica 16 de Julio, entre otras actividades, marcaron un exitoso primer semestre de ese [&hellip;]","og_url":"https:\/\/www.eldiario.net\/portal\/2024\/07\/20\/al-menos-cinco-actividades-destacaron-el-primer-semestre\/","og_site_name":"El Diario - Bolivia","article_publisher":"https:\/\/www.facebook.com\/eldiario.bolivia\/","article_published_time":"2024-07-20T11:00:14+00:00","og_image":[{"width":696,"height":462,"url":"https:\/\/www.eldiario.net\/portal\/wp-content\/uploads\/2024\/07\/F-1-EA.jpg","type":"image\/jpeg"}],"author":"Jeanette","twitter_card":"summary_large_image","twitter_creator":"@eldiario_net","twitter_site":"@eldiario_net","twitter_misc":{"Escrito por":"Jeanette","Tiempo de lectura":"4 minutos"},"schema":{"@context":"https:\/\/schema.org","@graph":[{"@type":"Article","@id":"https:\/\/www.eldiario.net\/portal\/2024\/07\/20\/al-menos-cinco-actividades-destacaron-el-primer-semestre\/#article","isPartOf":{"@id":"https:\/\/www.eldiario.net\/portal\/2024\/07\/20\/al-menos-cinco-actividades-destacaron-el-primer-semestre\/"},"author":{"name":"Jeanette","@id":"https:\/\/www.eldiario.net\/portal\/#\/schema\/person\/f46445640444750d7d753ccd04ae01b7"},"headline":"Al menos cinco actividades destacaron el primer semestre","datePublished":"2024-07-20T11:00:14+00:00","mainEntityOfPage":{"@id":"https:\/\/www.eldiario.net\/portal\/2024\/07\/20\/al-menos-cinco-actividades-destacaron-el-primer-semestre\/"},"wordCount":882,"commentCount":0,"publisher":{"@id":"https:\/\/www.eldiario.net\/portal\/#organization"},"image":{"@id":"https:\/\/www.eldiario.net\/portal\/2024\/07\/20\/al-menos-cinco-actividades-destacaron-el-primer-semestre\/#primaryimage"},"thumbnailUrl":"https:\/\/www.eldiario.net\/portal\/wp-content\/uploads\/2024\/07\/F-1-EA.jpg","articleSection":["Nacional"],"inLanguage":"es","potentialAction":[{"@type":"CommentAction","name":"Comment","target":["https:\/\/www.eldiario.net\/portal\/2024\/07\/20\/al-menos-cinco-actividades-destacaron-el-primer-semestre\/#respond"]}]},{"@type":"WebPage","@id":"https:\/\/www.eldiario.net\/portal\/2024\/07\/20\/al-menos-cinco-actividades-destacaron-el-primer-semestre\/","url":"https:\/\/www.eldiario.net\/portal\/2024\/07\/20\/al-menos-cinco-actividades-destacaron-el-primer-semestre\/","name":"Al menos cinco actividades destacaron el primer semestre - El Diario - Bolivia","isPartOf":{"@id":"https:\/\/www.eldiario.net\/portal\/#website"},"primaryImageOfPage":{"@id":"https:\/\/www.eldiario.net\/portal\/2024\/07\/20\/al-menos-cinco-actividades-destacaron-el-primer-semestre\/#primaryimage"},"image":{"@id":"https:\/\/www.eldiario.net\/portal\/2024\/07\/20\/al-menos-cinco-actividades-destacaron-el-primer-semestre\/#primaryimage"},"thumbnailUrl":"https:\/\/www.eldiario.net\/portal\/wp-content\/uploads\/2024\/07\/F-1-EA.jpg","datePublished":"2024-07-20T11:00:14+00:00","breadcrumb":{"@id":"https:\/\/www.eldiario.net\/portal\/2024\/07\/20\/al-menos-cinco-actividades-destacaron-el-primer-semestre\/#breadcrumb"},"inLanguage":"es","potentialAction":[{"@type":"ReadAction","target":["https:\/\/www.eldiario.net\/portal\/2024\/07\/20\/al-menos-cinco-actividades-destacaron-el-primer-semestre\/"]}]},{"@type":"ImageObject","inLanguage":"es","@id":"https:\/\/www.eldiario.net\/portal\/2024\/07\/20\/al-menos-cinco-actividades-destacaron-el-primer-semestre\/#primaryimage","url":"https:\/\/www.eldiario.net\/portal\/wp-content\/uploads\/2024\/07\/F-1-EA.jpg","contentUrl":"https:\/\/www.eldiario.net\/portal\/wp-content\/uploads\/2024\/07\/F-1-EA.jpg","width":696,"height":462,"caption":"El estadio de Villa Ingenio se encuentra en el Distrito 5 de El Alto."},{"@type":"BreadcrumbList","@id":"https:\/\/www.eldiario.net\/portal\/2024\/07\/20\/al-menos-cinco-actividades-destacaron-el-primer-semestre\/#breadcrumb","itemListElement":[{"@type":"ListItem","position":1,"name":"Portada","item":"https:\/\/www.eldiario.net\/portal\/"},{"@type":"ListItem","position":2,"name":"Al menos cinco actividades destacaron el primer semestre"}]},{"@type":"WebSite","@id":"https:\/\/www.eldiario.net\/portal\/#website","url":"https:\/\/www.eldiario.net\/portal\/","name":"El Diario - Decano de la prensa nacional","description":"El Diario - Decano de la prensa nacional","publisher":{"@id":"https:\/\/www.eldiario.net\/portal\/#organization"},"potentialAction":[{"@type":"SearchAction","target":{"@type":"EntryPoint","urlTemplate":"https:\/\/www.eldiario.net\/portal\/?s={search_term_string}"},"query-input":{"@type":"PropertyValueSpecification","valueRequired":true,"valueName":"search_term_string"}}],"inLanguage":"es"},{"@type":"Organization","@id":"https:\/\/www.eldiario.net\/portal\/#organization","name":"El Diario - Decano de la prensa nacional","url":"https:\/\/www.eldiario.net\/portal\/","logo":{"@type":"ImageObject","inLanguage":"es","@id":"https:\/\/www.eldiario.net\/portal\/#\/schema\/logo\/image\/","url":"https:\/\/www.eldiario.net\/portal\/wp-content\/uploads\/2023\/07\/logo_ED.jpg","contentUrl":"https:\/\/www.eldiario.net\/portal\/wp-content\/uploads\/2023\/07\/logo_ED.jpg","width":272,"height":52,"caption":"El Diario - Decano de la prensa nacional"},"image":{"@id":"https:\/\/www.eldiario.net\/portal\/#\/schema\/logo\/image\/"},"sameAs":["https:\/\/www.facebook.com\/eldiario.bolivia\/","https:\/\/x.com\/eldiario_net"]},{"@type":"Person","@id":"https:\/\/www.eldiario.net\/portal\/#\/schema\/person\/f46445640444750d7d753ccd04ae01b7","name":"Jeanette","image":{"@type":"ImageObject","inLanguage":"es","@id":"https:\/\/secure.gravatar.com\/avatar\/3ea2118a5f7dad2b7138b1187a6b7ee55f160b9968b66013c3a3ef39dd7e5798?s=96&d=mm&r=g","url":"https:\/\/secure.gravatar.com\/avatar\/3ea2118a5f7dad2b7138b1187a6b7ee55f160b9968b66013c3a3ef39dd7e5798?s=96&d=mm&r=g","contentUrl":"https:\/\/secure.gravatar.com\/avatar\/3ea2118a5f7dad2b7138b1187a6b7ee55f160b9968b66013c3a3ef39dd7e5798?s=96&d=mm&r=g","caption":"Jeanette"},"sameAs":["https:\/\/www.eldiario.net\/portal"],"url":"https:\/\/www.eldiario.net\/portal\/author\/jeanette\/"}]}},"_links":{"self":[{"href":"https:\/\/www.eldiario.net\/portal\/wp-json\/wp\/v2\/posts\/235101","targetHints":{"allow":["GET"]}}],"collection":[{"href":"https:\/\/www.eldiario.net\/portal\/wp-json\/wp\/v2\/posts"}],"about":[{"href":"https:\/\/www.eldiario.net\/portal\/wp-json\/wp\/v2\/types\/post"}],"author":[{"embeddable":true,"href":"https:\/\/www.eldiario.net\/portal\/wp-json\/wp\/v2\/users\/1"}],"replies":[{"embeddable":true,"href":"https:\/\/www.eldiario.net\/portal\/wp-json\/wp\/v2\/comments?post=235101"}],"version-history":[{"count":1,"href":"https:\/\/www.eldiario.net\/portal\/wp-json\/wp\/v2\/posts\/235101\/revisions"}],"predecessor-version":[{"id":235103,"href":"https:\/\/www.eldiario.net\/portal\/wp-json\/wp\/v2\/posts\/235101\/revisions\/235103"}],"wp:featuredmedia":[{"embeddable":true,"href":"https:\/\/www.eldiario.net\/portal\/wp-json\/wp\/v2\/media\/235102"}],"wp:attachment":[{"href":"https:\/\/www.eldiario.net\/portal\/wp-json\/wp\/v2\/media?parent=235101"}],"wp:term":[{"taxonomy":"category","embeddable":true,"href":"https:\/\/www.eldiario.net\/portal\/wp-json\/wp\/v2\/categories?post=235101"},{"taxonomy":"post_tag","embeddable":true,"href":"https:\/\/www.eldiario.net\/portal\/wp-json\/wp\/v2\/tags?post=235101"}],"curies":[{"name":"wp","href":"https:\/\/api.w.org\/{rel}","templated":true}]}}