{"id":235098,"date":"2024-07-20T06:59:24","date_gmt":"2024-07-20T10:59:24","guid":{"rendered":"https:\/\/www.eldiario.net\/portal\/?p=235098"},"modified":"2024-07-20T06:59:24","modified_gmt":"2024-07-20T10:59:24","slug":"cinco-municipios-pacenos-se-beneficiaran-con-agua-potable","status":"publish","type":"post","link":"https:\/\/www.eldiario.net\/portal\/2024\/07\/20\/cinco-municipios-pacenos-se-beneficiaran-con-agua-potable\/","title":{"rendered":"Cinco municipios pace\u00f1os se  beneficiar\u00e1n con agua potable"},"content":{"rendered":"<p>El viceministro de Agua Potable, Yerson Carballo, inform\u00f3 que en el mes aniversario de La Paz, el Gobierno entrega obras de agua potable y saneamiento b\u00e1sico en cinco municipios pace\u00f1os: Comanche, Coroico, Huarina, Pucarani y Viacha.<br \/>\n\u201cSe entregan obras en los municipios de Comanche, Coroico, Huarina, Pucarani y Viacha. Solo en las obras que se entregan en este mes de julio, la inversi\u00f3n supera los 70 millones de bolivianos\u201d, asegur\u00f3 la autoridad.<br \/>\nEn Comanche, se realiza la construcci\u00f3n del Sistema de alcantarillado sanitario y Planta de Tratamiento de Aguas Residuales (PTAR), en Coroico se construy\u00f3 el sistema de agua potable, en Viacha se ejecut\u00f3 el Sistema de alcantarillado sanitario Distrito 6, en Huarina se mejor\u00f3 el sistema de agua potable y en Pucarani se construy\u00f3 el sistema de alcantarillado sanitario y una PTAR.<br \/>\nSeg\u00fan Carballo, tambi\u00e9n se trabaja en la construcci\u00f3n de la Presa Khotia Khota y Presa Taypichaca (Pucarani); de la Aducci\u00f3n Sistema de Agua Potable El Alto; de la Planta de Tratamiento de Agua Potable y Tanque de Almacenamiento Milluni Bajo \u2013 El Alto y la Interconexi\u00f3n Sistema de Agua Potable El Alto.<br \/>\nPor otro lado, el viceministro anunci\u00f3 que se garantiza el suministro de agua potable para toda la gesti\u00f3n 2024, ya que todas las represas de La Paz y El Alto est\u00e1n operando al 89% de su capacidad. Recomend\u00f3 continuar con la concienciaci\u00f3n a la poblaci\u00f3n sobre el uso responsable del agua.<br \/>\nEn tanto, el viceministro de Recursos H\u00eddricos y Riego, Eduardo Toromayo, asegur\u00f3 que se ejecutan m\u00e1s de 40 proyectos de sistemas de riego en el departamento pace\u00f1o.<br \/>\n\u201cEl departamento de La Paz se est\u00e1 beneficiando con 49 proyectos en sistemas de riego y nuevas construcciones de represas, que significa m\u00e1s de 802 millones de bolivianos\u201d, explic\u00f3.<br \/>\nEntre los proyectos est\u00e1n los sistemas de riego tecnificado por goteo a nivel parcelario en los municipios de Achacachi, Cairoma, Luribay, Sapahaqui, Sica Sica y Sorata para mejorar la producci\u00f3n de papa, cebolla y tomate.<\/p>\n","protected":false},"excerpt":{"rendered":"<p>El viceministro de Agua Potable, Yerson Carballo, inform\u00f3 que en el mes aniversario de La Paz, el Gobierno entrega obras de agua potable y saneamiento b\u00e1sico en cinco municipios pace\u00f1os: Comanche, Coroico, Huarina, Pucarani y Viacha. \u201cSe entregan obras en los municipios de Comanche, Coroico, Huarina, Pucarani y Viacha. Solo en las obras que se [&hellip;]<\/p>\n","protected":false},"author":1,"featured_media":235099,"comment_status":"open","ping_status":"open","sticky":false,"template":"","format":"standard","meta":{"_acf_changed":false,"footnotes":""},"categories":[12],"tags":[],"class_list":["post-235098","post","type-post","status-publish","format-standard","has-post-thumbnail","category-nacional"],"acf":{"antetitulo":"Garantizan suministro de agua para La Paz en 2024"},"yoast_head":"<!-- This site is optimized with the Yoast SEO plugin v28.3 - https:\/\/yoast.com\/product\/yoast-seo-wordpress\/ -->\n<title>Cinco municipios pace\u00f1os se beneficiar\u00e1n con agua potable - El Diario - Bolivia<\/title>\n<meta name=\"robots\" content=\"index, follow, max-snippet:-1, max-image-preview:large, max-video-preview:-1\" \/>\n<link rel=\"canonical\" href=\"https:\/\/www.eldiario.net\/portal\/2024\/07\/20\/cinco-municipios-pacenos-se-beneficiaran-con-agua-potable\/\" \/>\n<meta property=\"og:locale\" content=\"es_ES\" \/>\n<meta property=\"og:type\" content=\"article\" \/>\n<meta property=\"og:title\" content=\"Cinco municipios pace\u00f1os se beneficiar\u00e1n con agua potable - El Diario - Bolivia\" \/>\n<meta property=\"og:description\" content=\"El viceministro de Agua Potable, Yerson Carballo, inform\u00f3 que en el mes aniversario de La Paz, el Gobierno entrega obras de agua potable y saneamiento b\u00e1sico en cinco municipios pace\u00f1os: Comanche, Coroico, Huarina, Pucarani y Viacha. \u201cSe entregan obras en los municipios de Comanche, Coroico, Huarina, Pucarani y Viacha. Solo en las obras que se [&hellip;]\" \/>\n<meta property=\"og:url\" content=\"https:\/\/www.eldiario.net\/portal\/2024\/07\/20\/cinco-municipios-pacenos-se-beneficiaran-con-agua-potable\/\" \/>\n<meta property=\"og:site_name\" content=\"El Diario - Bolivia\" \/>\n<meta property=\"article:publisher\" content=\"https:\/\/www.facebook.com\/eldiario.bolivia\/\" \/>\n<meta property=\"article:published_time\" content=\"2024-07-20T10:59:24+00:00\" \/>\n<meta property=\"og:image\" content=\"https:\/\/www.eldiario.net\/portal\/wp-content\/uploads\/2024\/07\/F-3-agua.jpg\" \/>\n\t<meta property=\"og:image:width\" content=\"1200\" \/>\n\t<meta property=\"og:image:height\" content=\"650\" \/>\n\t<meta property=\"og:image:type\" content=\"image\/jpeg\" \/>\n<meta name=\"author\" content=\"Jeanette\" \/>\n<meta name=\"twitter:card\" content=\"summary_large_image\" \/>\n<meta name=\"twitter:creator\" content=\"@eldiario_net\" \/>\n<meta name=\"twitter:site\" content=\"@eldiario_net\" \/>\n<meta name=\"twitter:label1\" content=\"Escrito por\" \/>\n\t<meta name=\"twitter:data1\" content=\"Jeanette\" \/>\n\t<meta name=\"twitter:label2\" content=\"Tiempo de lectura\" \/>\n\t<meta name=\"twitter:data2\" content=\"2 minutos\" \/>\n<script type=\"application\/ld+json\" class=\"yoast-schema-graph\">{\"@context\":\"https:\\\/\\\/schema.org\",\"@graph\":[{\"@type\":\"Article\",\"@id\":\"https:\\\/\\\/www.eldiario.net\\\/portal\\\/2024\\\/07\\\/20\\\/cinco-municipios-pacenos-se-beneficiaran-con-agua-potable\\\/#article\",\"isPartOf\":{\"@id\":\"https:\\\/\\\/www.eldiario.net\\\/portal\\\/2024\\\/07\\\/20\\\/cinco-municipios-pacenos-se-beneficiaran-con-agua-potable\\\/\"},\"author\":{\"name\":\"Jeanette\",\"@id\":\"https:\\\/\\\/www.eldiario.net\\\/portal\\\/#\\\/schema\\\/person\\\/f46445640444750d7d753ccd04ae01b7\"},\"headline\":\"Cinco municipios pace\u00f1os se beneficiar\u00e1n con agua potable\",\"datePublished\":\"2024-07-20T10:59:24+00:00\",\"mainEntityOfPage\":{\"@id\":\"https:\\\/\\\/www.eldiario.net\\\/portal\\\/2024\\\/07\\\/20\\\/cinco-municipios-pacenos-se-beneficiaran-con-agua-potable\\\/\"},\"wordCount\":348,\"commentCount\":0,\"publisher\":{\"@id\":\"https:\\\/\\\/www.eldiario.net\\\/portal\\\/#organization\"},\"image\":{\"@id\":\"https:\\\/\\\/www.eldiario.net\\\/portal\\\/2024\\\/07\\\/20\\\/cinco-municipios-pacenos-se-beneficiaran-con-agua-potable\\\/#primaryimage\"},\"thumbnailUrl\":\"https:\\\/\\\/www.eldiario.net\\\/portal\\\/wp-content\\\/uploads\\\/2024\\\/07\\\/F-3-agua.jpg\",\"articleSection\":[\"Nacional\"],\"inLanguage\":\"es\",\"potentialAction\":[{\"@type\":\"CommentAction\",\"name\":\"Comment\",\"target\":[\"https:\\\/\\\/www.eldiario.net\\\/portal\\\/2024\\\/07\\\/20\\\/cinco-municipios-pacenos-se-beneficiaran-con-agua-potable\\\/#respond\"]}]},{\"@type\":\"WebPage\",\"@id\":\"https:\\\/\\\/www.eldiario.net\\\/portal\\\/2024\\\/07\\\/20\\\/cinco-municipios-pacenos-se-beneficiaran-con-agua-potable\\\/\",\"url\":\"https:\\\/\\\/www.eldiario.net\\\/portal\\\/2024\\\/07\\\/20\\\/cinco-municipios-pacenos-se-beneficiaran-con-agua-potable\\\/\",\"name\":\"Cinco municipios pace\u00f1os se beneficiar\u00e1n con agua potable - El Diario - Bolivia\",\"isPartOf\":{\"@id\":\"https:\\\/\\\/www.eldiario.net\\\/portal\\\/#website\"},\"primaryImageOfPage\":{\"@id\":\"https:\\\/\\\/www.eldiario.net\\\/portal\\\/2024\\\/07\\\/20\\\/cinco-municipios-pacenos-se-beneficiaran-con-agua-potable\\\/#primaryimage\"},\"image\":{\"@id\":\"https:\\\/\\\/www.eldiario.net\\\/portal\\\/2024\\\/07\\\/20\\\/cinco-municipios-pacenos-se-beneficiaran-con-agua-potable\\\/#primaryimage\"},\"thumbnailUrl\":\"https:\\\/\\\/www.eldiario.net\\\/portal\\\/wp-content\\\/uploads\\\/2024\\\/07\\\/F-3-agua.jpg\",\"datePublished\":\"2024-07-20T10:59:24+00:00\",\"breadcrumb\":{\"@id\":\"https:\\\/\\\/www.eldiario.net\\\/portal\\\/2024\\\/07\\\/20\\\/cinco-municipios-pacenos-se-beneficiaran-con-agua-potable\\\/#breadcrumb\"},\"inLanguage\":\"es\",\"potentialAction\":[{\"@type\":\"ReadAction\",\"target\":[\"https:\\\/\\\/www.eldiario.net\\\/portal\\\/2024\\\/07\\\/20\\\/cinco-municipios-pacenos-se-beneficiaran-con-agua-potable\\\/\"]}]},{\"@type\":\"ImageObject\",\"inLanguage\":\"es\",\"@id\":\"https:\\\/\\\/www.eldiario.net\\\/portal\\\/2024\\\/07\\\/20\\\/cinco-municipios-pacenos-se-beneficiaran-con-agua-potable\\\/#primaryimage\",\"url\":\"https:\\\/\\\/www.eldiario.net\\\/portal\\\/wp-content\\\/uploads\\\/2024\\\/07\\\/F-3-agua.jpg\",\"contentUrl\":\"https:\\\/\\\/www.eldiario.net\\\/portal\\\/wp-content\\\/uploads\\\/2024\\\/07\\\/F-3-agua.jpg\",\"width\":1200,\"height\":650,\"caption\":\"El acceso al agua es importante para el ser humano.\"},{\"@type\":\"BreadcrumbList\",\"@id\":\"https:\\\/\\\/www.eldiario.net\\\/portal\\\/2024\\\/07\\\/20\\\/cinco-municipios-pacenos-se-beneficiaran-con-agua-potable\\\/#breadcrumb\",\"itemListElement\":[{\"@type\":\"ListItem\",\"position\":1,\"name\":\"Portada\",\"item\":\"https:\\\/\\\/www.eldiario.net\\\/portal\\\/\"},{\"@type\":\"ListItem\",\"position\":2,\"name\":\"Cinco municipios pace\u00f1os se beneficiar\u00e1n con agua potable\"}]},{\"@type\":\"WebSite\",\"@id\":\"https:\\\/\\\/www.eldiario.net\\\/portal\\\/#website\",\"url\":\"https:\\\/\\\/www.eldiario.net\\\/portal\\\/\",\"name\":\"El Diario - Decano de la prensa nacional\",\"description\":\"El Diario - Decano de la prensa nacional\",\"publisher\":{\"@id\":\"https:\\\/\\\/www.eldiario.net\\\/portal\\\/#organization\"},\"potentialAction\":[{\"@type\":\"SearchAction\",\"target\":{\"@type\":\"EntryPoint\",\"urlTemplate\":\"https:\\\/\\\/www.eldiario.net\\\/portal\\\/?s={search_term_string}\"},\"query-input\":{\"@type\":\"PropertyValueSpecification\",\"valueRequired\":true,\"valueName\":\"search_term_string\"}}],\"inLanguage\":\"es\"},{\"@type\":\"Organization\",\"@id\":\"https:\\\/\\\/www.eldiario.net\\\/portal\\\/#organization\",\"name\":\"El Diario - Decano de la prensa nacional\",\"url\":\"https:\\\/\\\/www.eldiario.net\\\/portal\\\/\",\"logo\":{\"@type\":\"ImageObject\",\"inLanguage\":\"es\",\"@id\":\"https:\\\/\\\/www.eldiario.net\\\/portal\\\/#\\\/schema\\\/logo\\\/image\\\/\",\"url\":\"https:\\\/\\\/www.eldiario.net\\\/portal\\\/wp-content\\\/uploads\\\/2023\\\/07\\\/logo_ED.jpg\",\"contentUrl\":\"https:\\\/\\\/www.eldiario.net\\\/portal\\\/wp-content\\\/uploads\\\/2023\\\/07\\\/logo_ED.jpg\",\"width\":272,\"height\":52,\"caption\":\"El Diario - Decano de la prensa nacional\"},\"image\":{\"@id\":\"https:\\\/\\\/www.eldiario.net\\\/portal\\\/#\\\/schema\\\/logo\\\/image\\\/\"},\"sameAs\":[\"https:\\\/\\\/www.facebook.com\\\/eldiario.bolivia\\\/\",\"https:\\\/\\\/x.com\\\/eldiario_net\"]},{\"@type\":\"Person\",\"@id\":\"https:\\\/\\\/www.eldiario.net\\\/portal\\\/#\\\/schema\\\/person\\\/f46445640444750d7d753ccd04ae01b7\",\"name\":\"Jeanette\",\"image\":{\"@type\":\"ImageObject\",\"inLanguage\":\"es\",\"@id\":\"https:\\\/\\\/secure.gravatar.com\\\/avatar\\\/3ea2118a5f7dad2b7138b1187a6b7ee55f160b9968b66013c3a3ef39dd7e5798?s=96&d=mm&r=g\",\"url\":\"https:\\\/\\\/secure.gravatar.com\\\/avatar\\\/3ea2118a5f7dad2b7138b1187a6b7ee55f160b9968b66013c3a3ef39dd7e5798?s=96&d=mm&r=g\",\"contentUrl\":\"https:\\\/\\\/secure.gravatar.com\\\/avatar\\\/3ea2118a5f7dad2b7138b1187a6b7ee55f160b9968b66013c3a3ef39dd7e5798?s=96&d=mm&r=g\",\"caption\":\"Jeanette\"},\"sameAs\":[\"https:\\\/\\\/www.eldiario.net\\\/portal\"],\"url\":\"https:\\\/\\\/www.eldiario.net\\\/portal\\\/author\\\/jeanette\\\/\"}]}<\/script>\n<!-- \/ Yoast SEO plugin. -->","yoast_head_json":{"title":"Cinco municipios pace\u00f1os se beneficiar\u00e1n con agua potable - El Diario - Bolivia","robots":{"index":"index","follow":"follow","max-snippet":"max-snippet:-1","max-image-preview":"max-image-preview:large","max-video-preview":"max-video-preview:-1"},"canonical":"https:\/\/www.eldiario.net\/portal\/2024\/07\/20\/cinco-municipios-pacenos-se-beneficiaran-con-agua-potable\/","og_locale":"es_ES","og_type":"article","og_title":"Cinco municipios pace\u00f1os se beneficiar\u00e1n con agua potable - El Diario - Bolivia","og_description":"El viceministro de Agua Potable, Yerson Carballo, inform\u00f3 que en el mes aniversario de La Paz, el Gobierno entrega obras de agua potable y saneamiento b\u00e1sico en cinco municipios pace\u00f1os: Comanche, Coroico, Huarina, Pucarani y Viacha. \u201cSe entregan obras en los municipios de Comanche, Coroico, Huarina, Pucarani y Viacha. Solo en las obras que se [&hellip;]","og_url":"https:\/\/www.eldiario.net\/portal\/2024\/07\/20\/cinco-municipios-pacenos-se-beneficiaran-con-agua-potable\/","og_site_name":"El Diario - Bolivia","article_publisher":"https:\/\/www.facebook.com\/eldiario.bolivia\/","article_published_time":"2024-07-20T10:59:24+00:00","og_image":[{"width":1200,"height":650,"url":"https:\/\/www.eldiario.net\/portal\/wp-content\/uploads\/2024\/07\/F-3-agua.jpg","type":"image\/jpeg"}],"author":"Jeanette","twitter_card":"summary_large_image","twitter_creator":"@eldiario_net","twitter_site":"@eldiario_net","twitter_misc":{"Escrito por":"Jeanette","Tiempo de lectura":"2 minutos"},"schema":{"@context":"https:\/\/schema.org","@graph":[{"@type":"Article","@id":"https:\/\/www.eldiario.net\/portal\/2024\/07\/20\/cinco-municipios-pacenos-se-beneficiaran-con-agua-potable\/#article","isPartOf":{"@id":"https:\/\/www.eldiario.net\/portal\/2024\/07\/20\/cinco-municipios-pacenos-se-beneficiaran-con-agua-potable\/"},"author":{"name":"Jeanette","@id":"https:\/\/www.eldiario.net\/portal\/#\/schema\/person\/f46445640444750d7d753ccd04ae01b7"},"headline":"Cinco municipios pace\u00f1os se beneficiar\u00e1n con agua potable","datePublished":"2024-07-20T10:59:24+00:00","mainEntityOfPage":{"@id":"https:\/\/www.eldiario.net\/portal\/2024\/07\/20\/cinco-municipios-pacenos-se-beneficiaran-con-agua-potable\/"},"wordCount":348,"commentCount":0,"publisher":{"@id":"https:\/\/www.eldiario.net\/portal\/#organization"},"image":{"@id":"https:\/\/www.eldiario.net\/portal\/2024\/07\/20\/cinco-municipios-pacenos-se-beneficiaran-con-agua-potable\/#primaryimage"},"thumbnailUrl":"https:\/\/www.eldiario.net\/portal\/wp-content\/uploads\/2024\/07\/F-3-agua.jpg","articleSection":["Nacional"],"inLanguage":"es","potentialAction":[{"@type":"CommentAction","name":"Comment","target":["https:\/\/www.eldiario.net\/portal\/2024\/07\/20\/cinco-municipios-pacenos-se-beneficiaran-con-agua-potable\/#respond"]}]},{"@type":"WebPage","@id":"https:\/\/www.eldiario.net\/portal\/2024\/07\/20\/cinco-municipios-pacenos-se-beneficiaran-con-agua-potable\/","url":"https:\/\/www.eldiario.net\/portal\/2024\/07\/20\/cinco-municipios-pacenos-se-beneficiaran-con-agua-potable\/","name":"Cinco municipios pace\u00f1os se beneficiar\u00e1n con agua potable - El Diario - Bolivia","isPartOf":{"@id":"https:\/\/www.eldiario.net\/portal\/#website"},"primaryImageOfPage":{"@id":"https:\/\/www.eldiario.net\/portal\/2024\/07\/20\/cinco-municipios-pacenos-se-beneficiaran-con-agua-potable\/#primaryimage"},"image":{"@id":"https:\/\/www.eldiario.net\/portal\/2024\/07\/20\/cinco-municipios-pacenos-se-beneficiaran-con-agua-potable\/#primaryimage"},"thumbnailUrl":"https:\/\/www.eldiario.net\/portal\/wp-content\/uploads\/2024\/07\/F-3-agua.jpg","datePublished":"2024-07-20T10:59:24+00:00","breadcrumb":{"@id":"https:\/\/www.eldiario.net\/portal\/2024\/07\/20\/cinco-municipios-pacenos-se-beneficiaran-con-agua-potable\/#breadcrumb"},"inLanguage":"es","potentialAction":[{"@type":"ReadAction","target":["https:\/\/www.eldiario.net\/portal\/2024\/07\/20\/cinco-municipios-pacenos-se-beneficiaran-con-agua-potable\/"]}]},{"@type":"ImageObject","inLanguage":"es","@id":"https:\/\/www.eldiario.net\/portal\/2024\/07\/20\/cinco-municipios-pacenos-se-beneficiaran-con-agua-potable\/#primaryimage","url":"https:\/\/www.eldiario.net\/portal\/wp-content\/uploads\/2024\/07\/F-3-agua.jpg","contentUrl":"https:\/\/www.eldiario.net\/portal\/wp-content\/uploads\/2024\/07\/F-3-agua.jpg","width":1200,"height":650,"caption":"El acceso al agua es importante para el ser humano."},{"@type":"BreadcrumbList","@id":"https:\/\/www.eldiario.net\/portal\/2024\/07\/20\/cinco-municipios-pacenos-se-beneficiaran-con-agua-potable\/#breadcrumb","itemListElement":[{"@type":"ListItem","position":1,"name":"Portada","item":"https:\/\/www.eldiario.net\/portal\/"},{"@type":"ListItem","position":2,"name":"Cinco municipios pace\u00f1os se beneficiar\u00e1n con agua potable"}]},{"@type":"WebSite","@id":"https:\/\/www.eldiario.net\/portal\/#website","url":"https:\/\/www.eldiario.net\/portal\/","name":"El Diario - Decano de la prensa nacional","description":"El Diario - Decano de la prensa nacional","publisher":{"@id":"https:\/\/www.eldiario.net\/portal\/#organization"},"potentialAction":[{"@type":"SearchAction","target":{"@type":"EntryPoint","urlTemplate":"https:\/\/www.eldiario.net\/portal\/?s={search_term_string}"},"query-input":{"@type":"PropertyValueSpecification","valueRequired":true,"valueName":"search_term_string"}}],"inLanguage":"es"},{"@type":"Organization","@id":"https:\/\/www.eldiario.net\/portal\/#organization","name":"El Diario - Decano de la prensa nacional","url":"https:\/\/www.eldiario.net\/portal\/","logo":{"@type":"ImageObject","inLanguage":"es","@id":"https:\/\/www.eldiario.net\/portal\/#\/schema\/logo\/image\/","url":"https:\/\/www.eldiario.net\/portal\/wp-content\/uploads\/2023\/07\/logo_ED.jpg","contentUrl":"https:\/\/www.eldiario.net\/portal\/wp-content\/uploads\/2023\/07\/logo_ED.jpg","width":272,"height":52,"caption":"El Diario - Decano de la prensa nacional"},"image":{"@id":"https:\/\/www.eldiario.net\/portal\/#\/schema\/logo\/image\/"},"sameAs":["https:\/\/www.facebook.com\/eldiario.bolivia\/","https:\/\/x.com\/eldiario_net"]},{"@type":"Person","@id":"https:\/\/www.eldiario.net\/portal\/#\/schema\/person\/f46445640444750d7d753ccd04ae01b7","name":"Jeanette","image":{"@type":"ImageObject","inLanguage":"es","@id":"https:\/\/secure.gravatar.com\/avatar\/3ea2118a5f7dad2b7138b1187a6b7ee55f160b9968b66013c3a3ef39dd7e5798?s=96&d=mm&r=g","url":"https:\/\/secure.gravatar.com\/avatar\/3ea2118a5f7dad2b7138b1187a6b7ee55f160b9968b66013c3a3ef39dd7e5798?s=96&d=mm&r=g","contentUrl":"https:\/\/secure.gravatar.com\/avatar\/3ea2118a5f7dad2b7138b1187a6b7ee55f160b9968b66013c3a3ef39dd7e5798?s=96&d=mm&r=g","caption":"Jeanette"},"sameAs":["https:\/\/www.eldiario.net\/portal"],"url":"https:\/\/www.eldiario.net\/portal\/author\/jeanette\/"}]}},"_links":{"self":[{"href":"https:\/\/www.eldiario.net\/portal\/wp-json\/wp\/v2\/posts\/235098","targetHints":{"allow":["GET"]}}],"collection":[{"href":"https:\/\/www.eldiario.net\/portal\/wp-json\/wp\/v2\/posts"}],"about":[{"href":"https:\/\/www.eldiario.net\/portal\/wp-json\/wp\/v2\/types\/post"}],"author":[{"embeddable":true,"href":"https:\/\/www.eldiario.net\/portal\/wp-json\/wp\/v2\/users\/1"}],"replies":[{"embeddable":true,"href":"https:\/\/www.eldiario.net\/portal\/wp-json\/wp\/v2\/comments?post=235098"}],"version-history":[{"count":1,"href":"https:\/\/www.eldiario.net\/portal\/wp-json\/wp\/v2\/posts\/235098\/revisions"}],"predecessor-version":[{"id":235100,"href":"https:\/\/www.eldiario.net\/portal\/wp-json\/wp\/v2\/posts\/235098\/revisions\/235100"}],"wp:featuredmedia":[{"embeddable":true,"href":"https:\/\/www.eldiario.net\/portal\/wp-json\/wp\/v2\/media\/235099"}],"wp:attachment":[{"href":"https:\/\/www.eldiario.net\/portal\/wp-json\/wp\/v2\/media?parent=235098"}],"wp:term":[{"taxonomy":"category","embeddable":true,"href":"https:\/\/www.eldiario.net\/portal\/wp-json\/wp\/v2\/categories?post=235098"},{"taxonomy":"post_tag","embeddable":true,"href":"https:\/\/www.eldiario.net\/portal\/wp-json\/wp\/v2\/tags?post=235098"}],"curies":[{"name":"wp","href":"https:\/\/api.w.org\/{rel}","templated":true}]}}