{"id":235093,"date":"2024-07-20T06:57:19","date_gmt":"2024-07-20T10:57:19","guid":{"rendered":"https:\/\/www.eldiario.net\/portal\/?p=235093"},"modified":"2024-07-20T06:57:19","modified_gmt":"2024-07-20T10:57:19","slug":"vecinos-y-comuna-advierten-posible-estafa-en-venta-de-departamentos","status":"publish","type":"post","link":"https:\/\/www.eldiario.net\/portal\/2024\/07\/20\/vecinos-y-comuna-advierten-posible-estafa-en-venta-de-departamentos\/","title":{"rendered":"Vecinos y comuna advierten posible  estafa en venta de departamentos"},"content":{"rendered":"<p>De acuerdo con vecinos y la Alcald\u00eda de La Paz, una construcci\u00f3n de m\u00e1s de 14 pisos ubicada en la zona Bello Horizonte Bajo, del macrodistrito Cotahuma, ofrece departamentos a la venta; sin embargo, la edificaci\u00f3n no tiene autorizaci\u00f3n municipal y cuenta con tres procesos administrativos de fiscalizaci\u00f3n.<br \/>\n\u201cPedimos a la poblaci\u00f3n que no se deje enga\u00f1ar porque tenemos antecedentes que esta constructora est\u00e1 ofreciendo los departamentos a la venta, la construcci\u00f3n no tiene permisos ni planos aprobados. Es una construcci\u00f3n sin autorizaci\u00f3n municipal que ha vulnerado totalmente los par\u00e1metros de edificaci\u00f3n y la norma\u201d, alert\u00f3 la jefa de la Unidad de Fiscalizaci\u00f3n de la Subalcald\u00eda Cotahuma, Isabel Eguivar.<br \/>\nAdem\u00e1s, detall\u00f3 que realizaron procesos en diferentes etapas de la construcci\u00f3n, pero los propietarios de la misma aceleraron la edificaci\u00f3n inclusive en horario nocturno, cubriendo con calaminas los precintos municipales y colgando banners donde ofertan los departamentos a la venta.<br \/>\nAs\u00ed tambi\u00e9n lo corrobor\u00f3 una vecina del sector, quien prefiri\u00f3 no identificarse y manifest\u00f3 que los vecinos tambi\u00e9n observaron las irregularidades, pero no obtuvieron respuesta. Asegur\u00f3 que se trata de la misma empresa que construy\u00f3 edificios irregulares y que por eso est\u00e1 en problemas legales.<br \/>\n\u201cEstamos pr\u00e1cticamente seguros (\u2026) est\u00e1n usando otras personas como un palo blanco. Esto ya ten\u00eda que frenarse. Cuando estaba en el segundo piso pusieron unos letreros, pero los se\u00f1ores de la construcci\u00f3n lo taparon con calaminas para que no se sepa que son realmente ilegal. Vienen varias personas preguntan, entran, me imagino que deben estar muy baratos (los departamentos) pero obviamente es un dinero al agua\u201d, se\u00f1al\u00f3 la mujer.<br \/>\nEn tanto, Eguivar apunt\u00f3 que debido a las anormalidades detectadas, se inici\u00f3 procesos a los propietarios del lugar.<br \/>\n\u201cTenemos un primer proceso por el movimiento de tierras que han realizado en el sector, un segundo proceso por la construcci\u00f3n de hasta seis pisos y otro proceso hasta los catorce pisos, en ese sentido y amparados en la normativa estamos precintando con letreros en los postes, ya que en muchas oportunidades los propietarios han sacado los precintos de paralizaci\u00f3n\u201d, explic\u00f3.<br \/>\nSostuvo que la intervenci\u00f3n municipal est\u00e1 enmarcada en la Ley Municipal 233 de Fiscalizaci\u00f3n T\u00e9cnica Territorial.<\/p>\n","protected":false},"excerpt":{"rendered":"<p>De acuerdo con vecinos y la Alcald\u00eda de La Paz, una construcci\u00f3n de m\u00e1s de 14 pisos ubicada en la zona Bello Horizonte Bajo, del macrodistrito Cotahuma, ofrece departamentos a la venta; sin embargo, la edificaci\u00f3n no tiene autorizaci\u00f3n municipal y cuenta con tres procesos administrativos de fiscalizaci\u00f3n. \u201cPedimos a la poblaci\u00f3n que no se [&hellip;]<\/p>\n","protected":false},"author":1,"featured_media":235094,"comment_status":"open","ping_status":"open","sticky":false,"template":"","format":"standard","meta":{"_acf_changed":false,"footnotes":""},"categories":[12],"tags":[],"class_list":["post-235093","post","type-post","status-publish","format-standard","has-post-thumbnail","category-nacional"],"acf":{"antetitulo":""},"yoast_head":"<!-- This site is optimized with the Yoast SEO plugin v28.4 - https:\/\/yoast.com\/product\/yoast-seo-wordpress\/ -->\n<title>Vecinos y comuna advierten posible estafa en venta de departamentos - El Diario - Bolivia<\/title>\n<meta name=\"robots\" content=\"index, follow, max-snippet:-1, max-image-preview:large, max-video-preview:-1\" \/>\n<link rel=\"canonical\" href=\"https:\/\/www.eldiario.net\/portal\/2024\/07\/20\/vecinos-y-comuna-advierten-posible-estafa-en-venta-de-departamentos\/\" \/>\n<meta property=\"og:locale\" content=\"es_ES\" \/>\n<meta property=\"og:type\" content=\"article\" \/>\n<meta property=\"og:title\" content=\"Vecinos y comuna advierten posible estafa en venta de departamentos - El Diario - Bolivia\" \/>\n<meta property=\"og:description\" content=\"De acuerdo con vecinos y la Alcald\u00eda de La Paz, una construcci\u00f3n de m\u00e1s de 14 pisos ubicada en la zona Bello Horizonte Bajo, del macrodistrito Cotahuma, ofrece departamentos a la venta; sin embargo, la edificaci\u00f3n no tiene autorizaci\u00f3n municipal y cuenta con tres procesos administrativos de fiscalizaci\u00f3n. \u201cPedimos a la poblaci\u00f3n que no se [&hellip;]\" \/>\n<meta property=\"og:url\" content=\"https:\/\/www.eldiario.net\/portal\/2024\/07\/20\/vecinos-y-comuna-advierten-posible-estafa-en-venta-de-departamentos\/\" \/>\n<meta property=\"og:site_name\" content=\"El Diario - Bolivia\" \/>\n<meta property=\"article:publisher\" content=\"https:\/\/www.facebook.com\/eldiario.bolivia\/\" \/>\n<meta property=\"article:published_time\" content=\"2024-07-20T10:57:19+00:00\" \/>\n<meta property=\"og:image\" content=\"https:\/\/www.eldiario.net\/portal\/wp-content\/uploads\/2024\/07\/F-5-estafa.jpg\" \/>\n\t<meta property=\"og:image:width\" content=\"1024\" \/>\n\t<meta property=\"og:image:height\" content=\"576\" \/>\n\t<meta property=\"og:image:type\" content=\"image\/jpeg\" \/>\n<meta name=\"author\" content=\"Jeanette\" \/>\n<meta name=\"twitter:card\" content=\"summary_large_image\" \/>\n<meta name=\"twitter:creator\" content=\"@eldiario_net\" \/>\n<meta name=\"twitter:site\" content=\"@eldiario_net\" \/>\n<meta name=\"twitter:label1\" content=\"Escrito por\" \/>\n\t<meta name=\"twitter:data1\" content=\"Jeanette\" \/>\n\t<meta name=\"twitter:label2\" content=\"Tiempo de lectura\" \/>\n\t<meta name=\"twitter:data2\" content=\"2 minutos\" \/>\n<script type=\"application\/ld+json\" class=\"yoast-schema-graph\">{\"@context\":\"https:\\\/\\\/schema.org\",\"@graph\":[{\"@type\":\"Article\",\"@id\":\"https:\\\/\\\/www.eldiario.net\\\/portal\\\/2024\\\/07\\\/20\\\/vecinos-y-comuna-advierten-posible-estafa-en-venta-de-departamentos\\\/#article\",\"isPartOf\":{\"@id\":\"https:\\\/\\\/www.eldiario.net\\\/portal\\\/2024\\\/07\\\/20\\\/vecinos-y-comuna-advierten-posible-estafa-en-venta-de-departamentos\\\/\"},\"author\":{\"name\":\"Jeanette\",\"@id\":\"https:\\\/\\\/www.eldiario.net\\\/portal\\\/#\\\/schema\\\/person\\\/f46445640444750d7d753ccd04ae01b7\"},\"headline\":\"Vecinos y comuna advierten posible estafa en venta de departamentos\",\"datePublished\":\"2024-07-20T10:57:19+00:00\",\"mainEntityOfPage\":{\"@id\":\"https:\\\/\\\/www.eldiario.net\\\/portal\\\/2024\\\/07\\\/20\\\/vecinos-y-comuna-advierten-posible-estafa-en-venta-de-departamentos\\\/\"},\"wordCount\":396,\"commentCount\":0,\"publisher\":{\"@id\":\"https:\\\/\\\/www.eldiario.net\\\/portal\\\/#organization\"},\"image\":{\"@id\":\"https:\\\/\\\/www.eldiario.net\\\/portal\\\/2024\\\/07\\\/20\\\/vecinos-y-comuna-advierten-posible-estafa-en-venta-de-departamentos\\\/#primaryimage\"},\"thumbnailUrl\":\"https:\\\/\\\/www.eldiario.net\\\/portal\\\/wp-content\\\/uploads\\\/2024\\\/07\\\/F-5-estafa.jpg\",\"articleSection\":[\"Nacional\"],\"inLanguage\":\"es\",\"potentialAction\":[{\"@type\":\"CommentAction\",\"name\":\"Comment\",\"target\":[\"https:\\\/\\\/www.eldiario.net\\\/portal\\\/2024\\\/07\\\/20\\\/vecinos-y-comuna-advierten-posible-estafa-en-venta-de-departamentos\\\/#respond\"]}]},{\"@type\":\"WebPage\",\"@id\":\"https:\\\/\\\/www.eldiario.net\\\/portal\\\/2024\\\/07\\\/20\\\/vecinos-y-comuna-advierten-posible-estafa-en-venta-de-departamentos\\\/\",\"url\":\"https:\\\/\\\/www.eldiario.net\\\/portal\\\/2024\\\/07\\\/20\\\/vecinos-y-comuna-advierten-posible-estafa-en-venta-de-departamentos\\\/\",\"name\":\"Vecinos y comuna advierten posible estafa en venta de departamentos - El Diario - Bolivia\",\"isPartOf\":{\"@id\":\"https:\\\/\\\/www.eldiario.net\\\/portal\\\/#website\"},\"primaryImageOfPage\":{\"@id\":\"https:\\\/\\\/www.eldiario.net\\\/portal\\\/2024\\\/07\\\/20\\\/vecinos-y-comuna-advierten-posible-estafa-en-venta-de-departamentos\\\/#primaryimage\"},\"image\":{\"@id\":\"https:\\\/\\\/www.eldiario.net\\\/portal\\\/2024\\\/07\\\/20\\\/vecinos-y-comuna-advierten-posible-estafa-en-venta-de-departamentos\\\/#primaryimage\"},\"thumbnailUrl\":\"https:\\\/\\\/www.eldiario.net\\\/portal\\\/wp-content\\\/uploads\\\/2024\\\/07\\\/F-5-estafa.jpg\",\"datePublished\":\"2024-07-20T10:57:19+00:00\",\"breadcrumb\":{\"@id\":\"https:\\\/\\\/www.eldiario.net\\\/portal\\\/2024\\\/07\\\/20\\\/vecinos-y-comuna-advierten-posible-estafa-en-venta-de-departamentos\\\/#breadcrumb\"},\"inLanguage\":\"es\",\"potentialAction\":[{\"@type\":\"ReadAction\",\"target\":[\"https:\\\/\\\/www.eldiario.net\\\/portal\\\/2024\\\/07\\\/20\\\/vecinos-y-comuna-advierten-posible-estafa-en-venta-de-departamentos\\\/\"]}]},{\"@type\":\"ImageObject\",\"inLanguage\":\"es\",\"@id\":\"https:\\\/\\\/www.eldiario.net\\\/portal\\\/2024\\\/07\\\/20\\\/vecinos-y-comuna-advierten-posible-estafa-en-venta-de-departamentos\\\/#primaryimage\",\"url\":\"https:\\\/\\\/www.eldiario.net\\\/portal\\\/wp-content\\\/uploads\\\/2024\\\/07\\\/F-5-estafa.jpg\",\"contentUrl\":\"https:\\\/\\\/www.eldiario.net\\\/portal\\\/wp-content\\\/uploads\\\/2024\\\/07\\\/F-5-estafa.jpg\",\"width\":1024,\"height\":576,\"caption\":\"La construcci\u00f3n solo pod\u00eda ser de cuatro pisos, pero lleva 14.\"},{\"@type\":\"BreadcrumbList\",\"@id\":\"https:\\\/\\\/www.eldiario.net\\\/portal\\\/2024\\\/07\\\/20\\\/vecinos-y-comuna-advierten-posible-estafa-en-venta-de-departamentos\\\/#breadcrumb\",\"itemListElement\":[{\"@type\":\"ListItem\",\"position\":1,\"name\":\"Portada\",\"item\":\"https:\\\/\\\/www.eldiario.net\\\/portal\\\/\"},{\"@type\":\"ListItem\",\"position\":2,\"name\":\"Vecinos y comuna advierten posible estafa en venta de departamentos\"}]},{\"@type\":\"WebSite\",\"@id\":\"https:\\\/\\\/www.eldiario.net\\\/portal\\\/#website\",\"url\":\"https:\\\/\\\/www.eldiario.net\\\/portal\\\/\",\"name\":\"El Diario - Decano de la prensa nacional\",\"description\":\"El Diario - Decano de la prensa nacional\",\"publisher\":{\"@id\":\"https:\\\/\\\/www.eldiario.net\\\/portal\\\/#organization\"},\"potentialAction\":[{\"@type\":\"SearchAction\",\"target\":{\"@type\":\"EntryPoint\",\"urlTemplate\":\"https:\\\/\\\/www.eldiario.net\\\/portal\\\/?s={search_term_string}\"},\"query-input\":{\"@type\":\"PropertyValueSpecification\",\"valueRequired\":true,\"valueName\":\"search_term_string\"}}],\"inLanguage\":\"es\"},{\"@type\":\"Organization\",\"@id\":\"https:\\\/\\\/www.eldiario.net\\\/portal\\\/#organization\",\"name\":\"El Diario - Decano de la prensa nacional\",\"url\":\"https:\\\/\\\/www.eldiario.net\\\/portal\\\/\",\"logo\":{\"@type\":\"ImageObject\",\"inLanguage\":\"es\",\"@id\":\"https:\\\/\\\/www.eldiario.net\\\/portal\\\/#\\\/schema\\\/logo\\\/image\\\/\",\"url\":\"https:\\\/\\\/www.eldiario.net\\\/portal\\\/wp-content\\\/uploads\\\/2023\\\/07\\\/logo_ED.jpg\",\"contentUrl\":\"https:\\\/\\\/www.eldiario.net\\\/portal\\\/wp-content\\\/uploads\\\/2023\\\/07\\\/logo_ED.jpg\",\"width\":272,\"height\":52,\"caption\":\"El Diario - Decano de la prensa nacional\"},\"image\":{\"@id\":\"https:\\\/\\\/www.eldiario.net\\\/portal\\\/#\\\/schema\\\/logo\\\/image\\\/\"},\"sameAs\":[\"https:\\\/\\\/www.facebook.com\\\/eldiario.bolivia\\\/\",\"https:\\\/\\\/x.com\\\/eldiario_net\"]},{\"@type\":\"Person\",\"@id\":\"https:\\\/\\\/www.eldiario.net\\\/portal\\\/#\\\/schema\\\/person\\\/f46445640444750d7d753ccd04ae01b7\",\"name\":\"Jeanette\",\"image\":{\"@type\":\"ImageObject\",\"inLanguage\":\"es\",\"@id\":\"https:\\\/\\\/secure.gravatar.com\\\/avatar\\\/3ea2118a5f7dad2b7138b1187a6b7ee55f160b9968b66013c3a3ef39dd7e5798?s=96&d=mm&r=g\",\"url\":\"https:\\\/\\\/secure.gravatar.com\\\/avatar\\\/3ea2118a5f7dad2b7138b1187a6b7ee55f160b9968b66013c3a3ef39dd7e5798?s=96&d=mm&r=g\",\"contentUrl\":\"https:\\\/\\\/secure.gravatar.com\\\/avatar\\\/3ea2118a5f7dad2b7138b1187a6b7ee55f160b9968b66013c3a3ef39dd7e5798?s=96&d=mm&r=g\",\"caption\":\"Jeanette\"},\"sameAs\":[\"https:\\\/\\\/www.eldiario.net\\\/portal\"],\"url\":\"https:\\\/\\\/www.eldiario.net\\\/portal\\\/author\\\/jeanette\\\/\"}]}<\/script>\n<!-- \/ Yoast SEO plugin. -->","yoast_head_json":{"title":"Vecinos y comuna advierten posible estafa en venta de departamentos - El Diario - Bolivia","robots":{"index":"index","follow":"follow","max-snippet":"max-snippet:-1","max-image-preview":"max-image-preview:large","max-video-preview":"max-video-preview:-1"},"canonical":"https:\/\/www.eldiario.net\/portal\/2024\/07\/20\/vecinos-y-comuna-advierten-posible-estafa-en-venta-de-departamentos\/","og_locale":"es_ES","og_type":"article","og_title":"Vecinos y comuna advierten posible estafa en venta de departamentos - El Diario - Bolivia","og_description":"De acuerdo con vecinos y la Alcald\u00eda de La Paz, una construcci\u00f3n de m\u00e1s de 14 pisos ubicada en la zona Bello Horizonte Bajo, del macrodistrito Cotahuma, ofrece departamentos a la venta; sin embargo, la edificaci\u00f3n no tiene autorizaci\u00f3n municipal y cuenta con tres procesos administrativos de fiscalizaci\u00f3n. \u201cPedimos a la poblaci\u00f3n que no se [&hellip;]","og_url":"https:\/\/www.eldiario.net\/portal\/2024\/07\/20\/vecinos-y-comuna-advierten-posible-estafa-en-venta-de-departamentos\/","og_site_name":"El Diario - Bolivia","article_publisher":"https:\/\/www.facebook.com\/eldiario.bolivia\/","article_published_time":"2024-07-20T10:57:19+00:00","og_image":[{"width":1024,"height":576,"url":"https:\/\/www.eldiario.net\/portal\/wp-content\/uploads\/2024\/07\/F-5-estafa.jpg","type":"image\/jpeg"}],"author":"Jeanette","twitter_card":"summary_large_image","twitter_creator":"@eldiario_net","twitter_site":"@eldiario_net","twitter_misc":{"Escrito por":"Jeanette","Tiempo de lectura":"2 minutos"},"schema":{"@context":"https:\/\/schema.org","@graph":[{"@type":"Article","@id":"https:\/\/www.eldiario.net\/portal\/2024\/07\/20\/vecinos-y-comuna-advierten-posible-estafa-en-venta-de-departamentos\/#article","isPartOf":{"@id":"https:\/\/www.eldiario.net\/portal\/2024\/07\/20\/vecinos-y-comuna-advierten-posible-estafa-en-venta-de-departamentos\/"},"author":{"name":"Jeanette","@id":"https:\/\/www.eldiario.net\/portal\/#\/schema\/person\/f46445640444750d7d753ccd04ae01b7"},"headline":"Vecinos y comuna advierten posible estafa en venta de departamentos","datePublished":"2024-07-20T10:57:19+00:00","mainEntityOfPage":{"@id":"https:\/\/www.eldiario.net\/portal\/2024\/07\/20\/vecinos-y-comuna-advierten-posible-estafa-en-venta-de-departamentos\/"},"wordCount":396,"commentCount":0,"publisher":{"@id":"https:\/\/www.eldiario.net\/portal\/#organization"},"image":{"@id":"https:\/\/www.eldiario.net\/portal\/2024\/07\/20\/vecinos-y-comuna-advierten-posible-estafa-en-venta-de-departamentos\/#primaryimage"},"thumbnailUrl":"https:\/\/www.eldiario.net\/portal\/wp-content\/uploads\/2024\/07\/F-5-estafa.jpg","articleSection":["Nacional"],"inLanguage":"es","potentialAction":[{"@type":"CommentAction","name":"Comment","target":["https:\/\/www.eldiario.net\/portal\/2024\/07\/20\/vecinos-y-comuna-advierten-posible-estafa-en-venta-de-departamentos\/#respond"]}]},{"@type":"WebPage","@id":"https:\/\/www.eldiario.net\/portal\/2024\/07\/20\/vecinos-y-comuna-advierten-posible-estafa-en-venta-de-departamentos\/","url":"https:\/\/www.eldiario.net\/portal\/2024\/07\/20\/vecinos-y-comuna-advierten-posible-estafa-en-venta-de-departamentos\/","name":"Vecinos y comuna advierten posible estafa en venta de departamentos - El Diario - Bolivia","isPartOf":{"@id":"https:\/\/www.eldiario.net\/portal\/#website"},"primaryImageOfPage":{"@id":"https:\/\/www.eldiario.net\/portal\/2024\/07\/20\/vecinos-y-comuna-advierten-posible-estafa-en-venta-de-departamentos\/#primaryimage"},"image":{"@id":"https:\/\/www.eldiario.net\/portal\/2024\/07\/20\/vecinos-y-comuna-advierten-posible-estafa-en-venta-de-departamentos\/#primaryimage"},"thumbnailUrl":"https:\/\/www.eldiario.net\/portal\/wp-content\/uploads\/2024\/07\/F-5-estafa.jpg","datePublished":"2024-07-20T10:57:19+00:00","breadcrumb":{"@id":"https:\/\/www.eldiario.net\/portal\/2024\/07\/20\/vecinos-y-comuna-advierten-posible-estafa-en-venta-de-departamentos\/#breadcrumb"},"inLanguage":"es","potentialAction":[{"@type":"ReadAction","target":["https:\/\/www.eldiario.net\/portal\/2024\/07\/20\/vecinos-y-comuna-advierten-posible-estafa-en-venta-de-departamentos\/"]}]},{"@type":"ImageObject","inLanguage":"es","@id":"https:\/\/www.eldiario.net\/portal\/2024\/07\/20\/vecinos-y-comuna-advierten-posible-estafa-en-venta-de-departamentos\/#primaryimage","url":"https:\/\/www.eldiario.net\/portal\/wp-content\/uploads\/2024\/07\/F-5-estafa.jpg","contentUrl":"https:\/\/www.eldiario.net\/portal\/wp-content\/uploads\/2024\/07\/F-5-estafa.jpg","width":1024,"height":576,"caption":"La construcci\u00f3n solo pod\u00eda ser de cuatro pisos, pero lleva 14."},{"@type":"BreadcrumbList","@id":"https:\/\/www.eldiario.net\/portal\/2024\/07\/20\/vecinos-y-comuna-advierten-posible-estafa-en-venta-de-departamentos\/#breadcrumb","itemListElement":[{"@type":"ListItem","position":1,"name":"Portada","item":"https:\/\/www.eldiario.net\/portal\/"},{"@type":"ListItem","position":2,"name":"Vecinos y comuna advierten posible estafa en venta de departamentos"}]},{"@type":"WebSite","@id":"https:\/\/www.eldiario.net\/portal\/#website","url":"https:\/\/www.eldiario.net\/portal\/","name":"El Diario - Decano de la prensa nacional","description":"El Diario - Decano de la prensa nacional","publisher":{"@id":"https:\/\/www.eldiario.net\/portal\/#organization"},"potentialAction":[{"@type":"SearchAction","target":{"@type":"EntryPoint","urlTemplate":"https:\/\/www.eldiario.net\/portal\/?s={search_term_string}"},"query-input":{"@type":"PropertyValueSpecification","valueRequired":true,"valueName":"search_term_string"}}],"inLanguage":"es"},{"@type":"Organization","@id":"https:\/\/www.eldiario.net\/portal\/#organization","name":"El Diario - Decano de la prensa nacional","url":"https:\/\/www.eldiario.net\/portal\/","logo":{"@type":"ImageObject","inLanguage":"es","@id":"https:\/\/www.eldiario.net\/portal\/#\/schema\/logo\/image\/","url":"https:\/\/www.eldiario.net\/portal\/wp-content\/uploads\/2023\/07\/logo_ED.jpg","contentUrl":"https:\/\/www.eldiario.net\/portal\/wp-content\/uploads\/2023\/07\/logo_ED.jpg","width":272,"height":52,"caption":"El Diario - Decano de la prensa nacional"},"image":{"@id":"https:\/\/www.eldiario.net\/portal\/#\/schema\/logo\/image\/"},"sameAs":["https:\/\/www.facebook.com\/eldiario.bolivia\/","https:\/\/x.com\/eldiario_net"]},{"@type":"Person","@id":"https:\/\/www.eldiario.net\/portal\/#\/schema\/person\/f46445640444750d7d753ccd04ae01b7","name":"Jeanette","image":{"@type":"ImageObject","inLanguage":"es","@id":"https:\/\/secure.gravatar.com\/avatar\/3ea2118a5f7dad2b7138b1187a6b7ee55f160b9968b66013c3a3ef39dd7e5798?s=96&d=mm&r=g","url":"https:\/\/secure.gravatar.com\/avatar\/3ea2118a5f7dad2b7138b1187a6b7ee55f160b9968b66013c3a3ef39dd7e5798?s=96&d=mm&r=g","contentUrl":"https:\/\/secure.gravatar.com\/avatar\/3ea2118a5f7dad2b7138b1187a6b7ee55f160b9968b66013c3a3ef39dd7e5798?s=96&d=mm&r=g","caption":"Jeanette"},"sameAs":["https:\/\/www.eldiario.net\/portal"],"url":"https:\/\/www.eldiario.net\/portal\/author\/jeanette\/"}]}},"_links":{"self":[{"href":"https:\/\/www.eldiario.net\/portal\/wp-json\/wp\/v2\/posts\/235093","targetHints":{"allow":["GET"]}}],"collection":[{"href":"https:\/\/www.eldiario.net\/portal\/wp-json\/wp\/v2\/posts"}],"about":[{"href":"https:\/\/www.eldiario.net\/portal\/wp-json\/wp\/v2\/types\/post"}],"author":[{"embeddable":true,"href":"https:\/\/www.eldiario.net\/portal\/wp-json\/wp\/v2\/users\/1"}],"replies":[{"embeddable":true,"href":"https:\/\/www.eldiario.net\/portal\/wp-json\/wp\/v2\/comments?post=235093"}],"version-history":[{"count":1,"href":"https:\/\/www.eldiario.net\/portal\/wp-json\/wp\/v2\/posts\/235093\/revisions"}],"predecessor-version":[{"id":235095,"href":"https:\/\/www.eldiario.net\/portal\/wp-json\/wp\/v2\/posts\/235093\/revisions\/235095"}],"wp:featuredmedia":[{"embeddable":true,"href":"https:\/\/www.eldiario.net\/portal\/wp-json\/wp\/v2\/media\/235094"}],"wp:attachment":[{"href":"https:\/\/www.eldiario.net\/portal\/wp-json\/wp\/v2\/media?parent=235093"}],"wp:term":[{"taxonomy":"category","embeddable":true,"href":"https:\/\/www.eldiario.net\/portal\/wp-json\/wp\/v2\/categories?post=235093"},{"taxonomy":"post_tag","embeddable":true,"href":"https:\/\/www.eldiario.net\/portal\/wp-json\/wp\/v2\/tags?post=235093"}],"curies":[{"name":"wp","href":"https:\/\/api.w.org\/{rel}","templated":true}]}}