{"id":23509,"date":"2021-08-15T05:27:48","date_gmt":"2021-08-15T09:27:48","guid":{"rendered":"https:\/\/www.eldiario.net\/portal\/?p=23509"},"modified":"2021-08-15T05:27:48","modified_gmt":"2021-08-15T09:27:48","slug":"bloqueo-de-indigenas-del-beni-en-demanda-de-titulacion","status":"publish","type":"post","link":"https:\/\/www.eldiario.net\/portal\/2021\/08\/15\/bloqueo-de-indigenas-del-beni-en-demanda-de-titulacion\/","title":{"rendered":"Bloqueo de ind\u00edgenas del Beni en demanda de titulaci\u00f3n"},"content":{"rendered":"<p>A convocatoria de la dirigencia de la Central de Pueblos \u00c9tnicos Moje\u00f1os del Beni (Cpemb), las organizaciones afiliadas a la subcentral se concentraron en la comunidad de Puerto San Borja, para iniciar un bloqueo indefinido de la carretera que une San Ignacio de Moxos con la ciudad de San Borja y exigen titulaci\u00f3n en el marco de su autonom\u00eda.<br \/>\nLa dirigencia de la Central de Pueblos \u00c9tnicos Moje\u00f1os del Beni (Cpemb) convoc\u00f3 a todas las organizaciones afiliadas a la subcentral, para una concentraci\u00f3n este 14 de agosto en la comunidad de Puerto San Borja, donde empezar\u00e1 un bloqueo indefinido de la carretera que une San Ignacio de Moxos con la ciudad de San Borja y exigen titulaci\u00f3n en el marco de su autonom\u00eda.<br \/>\n\u201cTenemos demandas nacionales para el gobierno por el tema de autonom\u00edas, tierras a nivel nacional y a nivel municipal, respeto a los derechos de los pueblos ind\u00edgenas, a ser consultados, modificaciones que no se consultan\u201d, asegur\u00f3 la presidenta del Territorio Ind\u00edgena Multi\u00e9tnico (TIM), Aurora Zeballos.<br \/>\nLa comunidad de Puerto San Borja, distante 30 kil\u00f3metros de la ciudad de San Ignacio de Moxos, albergar\u00e1 a todas las organizaciones afiliadas a la Cpemb, entre las que se encuentran la organizaci\u00f3n de Mujeres del Territorio Ind\u00edgena Multi\u00e9tnico (TIM1), Territorio Ind\u00edgena Moje\u00f1o Ignaciano (TIMI), la sub central del Territorio Ind\u00edgena Parque Nacional Isiboro S\u00e9cure (Tipnis), Bella Selva, R\u00edo Isiboro, Cercado R\u00edo Mamor\u00e9, San Lorenzo, San Francisco, el Gran Cabildo de San Ignacio de Moxos.<br \/>\nLa convocatoria no es solo para las organizaciones que firmaron el comunicado, sino para todos los que quieran participar, pueblos ind\u00edgenas de todo el pa\u00eds, medios de comunicaci\u00f3n y la sociedad civil en general, aclar\u00f3 Rosalia Matene, secretaria de organizaci\u00f3n del TIM.<br \/>\n\u201cSe va a iniciar un programa especial recordando la marcha del 90, luego si no aparece ninguna autoridad nacional y municipal (de San Ignacio de Moxos), a darnos respuesta positiva a la demanda, empezamos con el bloqueo indefinido\u201d, asegur\u00f3 Zeballos.<br \/>\nMatene indic\u00f3 que ser\u00e1 la Asamblea la que definir\u00e1 qu\u00e9 puntos de bloqueos se intalar\u00e1n y hasta qu\u00e9 puntos del Beni se extender\u00e1 la medida de presi\u00f3n.<br \/>\nLas demandas planteadas en la convocatoria definen exigir libertad y autodeterminaci\u00f3n de los pueblos ind\u00edgenas, respeto a sus procesos auton\u00f3micos, la no injerencia del estado al interior de las organizaciones ind\u00edgenas, entre otros puntos. (ANF)<\/p>\n","protected":false},"excerpt":{"rendered":"<p>A convocatoria de la dirigencia de la Central de Pueblos \u00c9tnicos Moje\u00f1os del Beni (Cpemb), las organizaciones afiliadas a la subcentral se concentraron en la comunidad de Puerto San Borja, para iniciar un bloqueo indefinido de la carretera que une San Ignacio de Moxos con la ciudad de San Borja y exigen titulaci\u00f3n en el [&hellip;]<\/p>\n","protected":false},"author":1,"featured_media":23510,"comment_status":"closed","ping_status":"closed","sticky":false,"template":"","format":"standard","meta":{"_acf_changed":false,"footnotes":""},"categories":[7],"tags":[],"class_list":["post-23509","post","type-post","status-publish","format-standard","has-post-thumbnail","category-economia"],"acf":{"antetitulo":""},"yoast_head":"<!-- This site is optimized with the Yoast SEO plugin v28.4 - https:\/\/yoast.com\/product\/yoast-seo-wordpress\/ -->\n<title>Bloqueo de ind\u00edgenas del Beni en demanda de titulaci\u00f3n - El Diario - Bolivia<\/title>\n<meta name=\"robots\" content=\"index, follow, max-snippet:-1, max-image-preview:large, max-video-preview:-1\" \/>\n<link rel=\"canonical\" href=\"https:\/\/www.eldiario.net\/portal\/2021\/08\/15\/bloqueo-de-indigenas-del-beni-en-demanda-de-titulacion\/\" \/>\n<meta property=\"og:locale\" content=\"es_ES\" \/>\n<meta property=\"og:type\" content=\"article\" \/>\n<meta property=\"og:title\" content=\"Bloqueo de ind\u00edgenas del Beni en demanda de titulaci\u00f3n - El Diario - Bolivia\" \/>\n<meta property=\"og:description\" content=\"A convocatoria de la dirigencia de la Central de Pueblos \u00c9tnicos Moje\u00f1os del Beni (Cpemb), las organizaciones afiliadas a la subcentral se concentraron en la comunidad de Puerto San Borja, para iniciar un bloqueo indefinido de la carretera que une San Ignacio de Moxos con la ciudad de San Borja y exigen titulaci\u00f3n en el [&hellip;]\" \/>\n<meta property=\"og:url\" content=\"https:\/\/www.eldiario.net\/portal\/2021\/08\/15\/bloqueo-de-indigenas-del-beni-en-demanda-de-titulacion\/\" \/>\n<meta property=\"og:site_name\" content=\"El Diario - Bolivia\" \/>\n<meta property=\"article:publisher\" content=\"https:\/\/www.facebook.com\/eldiario.bolivia\/\" \/>\n<meta property=\"article:published_time\" content=\"2021-08-15T09:27:48+00:00\" \/>\n<meta name=\"author\" content=\"Jeanette\" \/>\n<meta name=\"twitter:card\" content=\"summary_large_image\" \/>\n<meta name=\"twitter:creator\" content=\"@eldiario_net\" \/>\n<meta name=\"twitter:site\" content=\"@eldiario_net\" \/>\n<meta name=\"twitter:label1\" content=\"Escrito por\" \/>\n\t<meta name=\"twitter:data1\" content=\"Jeanette\" \/>\n\t<meta name=\"twitter:label2\" content=\"Tiempo de lectura\" \/>\n\t<meta name=\"twitter:data2\" content=\"2 minutos\" \/>\n<script type=\"application\/ld+json\" class=\"yoast-schema-graph\">{\"@context\":\"https:\\\/\\\/schema.org\",\"@graph\":[{\"@type\":\"Article\",\"@id\":\"https:\\\/\\\/www.eldiario.net\\\/portal\\\/2021\\\/08\\\/15\\\/bloqueo-de-indigenas-del-beni-en-demanda-de-titulacion\\\/#article\",\"isPartOf\":{\"@id\":\"https:\\\/\\\/www.eldiario.net\\\/portal\\\/2021\\\/08\\\/15\\\/bloqueo-de-indigenas-del-beni-en-demanda-de-titulacion\\\/\"},\"author\":{\"name\":\"Jeanette\",\"@id\":\"https:\\\/\\\/www.eldiario.net\\\/portal\\\/#\\\/schema\\\/person\\\/2c57cf2b7a7ae032e449e4c9b1019eac\"},\"headline\":\"Bloqueo de ind\u00edgenas del Beni en demanda de titulaci\u00f3n\",\"datePublished\":\"2021-08-15T09:27:48+00:00\",\"mainEntityOfPage\":{\"@id\":\"https:\\\/\\\/www.eldiario.net\\\/portal\\\/2021\\\/08\\\/15\\\/bloqueo-de-indigenas-del-beni-en-demanda-de-titulacion\\\/\"},\"wordCount\":426,\"publisher\":{\"@id\":\"https:\\\/\\\/www.eldiario.net\\\/portal\\\/#organization\"},\"image\":{\"@id\":\"https:\\\/\\\/www.eldiario.net\\\/portal\\\/2021\\\/08\\\/15\\\/bloqueo-de-indigenas-del-beni-en-demanda-de-titulacion\\\/#primaryimage\"},\"thumbnailUrl\":\"\",\"articleSection\":[\"Econom\u00eda\"],\"inLanguage\":\"es\"},{\"@type\":\"WebPage\",\"@id\":\"https:\\\/\\\/www.eldiario.net\\\/portal\\\/2021\\\/08\\\/15\\\/bloqueo-de-indigenas-del-beni-en-demanda-de-titulacion\\\/\",\"url\":\"https:\\\/\\\/www.eldiario.net\\\/portal\\\/2021\\\/08\\\/15\\\/bloqueo-de-indigenas-del-beni-en-demanda-de-titulacion\\\/\",\"name\":\"Bloqueo de ind\u00edgenas del Beni en demanda de titulaci\u00f3n - El Diario - Bolivia\",\"isPartOf\":{\"@id\":\"https:\\\/\\\/www.eldiario.net\\\/portal\\\/#website\"},\"primaryImageOfPage\":{\"@id\":\"https:\\\/\\\/www.eldiario.net\\\/portal\\\/2021\\\/08\\\/15\\\/bloqueo-de-indigenas-del-beni-en-demanda-de-titulacion\\\/#primaryimage\"},\"image\":{\"@id\":\"https:\\\/\\\/www.eldiario.net\\\/portal\\\/2021\\\/08\\\/15\\\/bloqueo-de-indigenas-del-beni-en-demanda-de-titulacion\\\/#primaryimage\"},\"thumbnailUrl\":\"\",\"datePublished\":\"2021-08-15T09:27:48+00:00\",\"breadcrumb\":{\"@id\":\"https:\\\/\\\/www.eldiario.net\\\/portal\\\/2021\\\/08\\\/15\\\/bloqueo-de-indigenas-del-beni-en-demanda-de-titulacion\\\/#breadcrumb\"},\"inLanguage\":\"es\",\"potentialAction\":[{\"@type\":\"ReadAction\",\"target\":[\"https:\\\/\\\/www.eldiario.net\\\/portal\\\/2021\\\/08\\\/15\\\/bloqueo-de-indigenas-del-beni-en-demanda-de-titulacion\\\/\"]}]},{\"@type\":\"ImageObject\",\"inLanguage\":\"es\",\"@id\":\"https:\\\/\\\/www.eldiario.net\\\/portal\\\/2021\\\/08\\\/15\\\/bloqueo-de-indigenas-del-beni-en-demanda-de-titulacion\\\/#primaryimage\",\"url\":\"\",\"contentUrl\":\"\"},{\"@type\":\"BreadcrumbList\",\"@id\":\"https:\\\/\\\/www.eldiario.net\\\/portal\\\/2021\\\/08\\\/15\\\/bloqueo-de-indigenas-del-beni-en-demanda-de-titulacion\\\/#breadcrumb\",\"itemListElement\":[{\"@type\":\"ListItem\",\"position\":1,\"name\":\"Portada\",\"item\":\"https:\\\/\\\/www.eldiario.net\\\/portal\\\/\"},{\"@type\":\"ListItem\",\"position\":2,\"name\":\"Bloqueo de ind\u00edgenas del Beni en demanda de titulaci\u00f3n\"}]},{\"@type\":\"WebSite\",\"@id\":\"https:\\\/\\\/www.eldiario.net\\\/portal\\\/#website\",\"url\":\"https:\\\/\\\/www.eldiario.net\\\/portal\\\/\",\"name\":\"El Diario - Decano de la prensa nacional\",\"description\":\"El Diario - Decano de la prensa nacional\",\"publisher\":{\"@id\":\"https:\\\/\\\/www.eldiario.net\\\/portal\\\/#organization\"},\"potentialAction\":[{\"@type\":\"SearchAction\",\"target\":{\"@type\":\"EntryPoint\",\"urlTemplate\":\"https:\\\/\\\/www.eldiario.net\\\/portal\\\/?s={search_term_string}\"},\"query-input\":{\"@type\":\"PropertyValueSpecification\",\"valueRequired\":true,\"valueName\":\"search_term_string\"}}],\"inLanguage\":\"es\"},{\"@type\":\"Organization\",\"@id\":\"https:\\\/\\\/www.eldiario.net\\\/portal\\\/#organization\",\"name\":\"El Diario - Decano de la prensa nacional\",\"url\":\"https:\\\/\\\/www.eldiario.net\\\/portal\\\/\",\"logo\":{\"@type\":\"ImageObject\",\"inLanguage\":\"es\",\"@id\":\"https:\\\/\\\/www.eldiario.net\\\/portal\\\/#\\\/schema\\\/logo\\\/image\\\/\",\"url\":\"https:\\\/\\\/www.eldiario.net\\\/portal\\\/wp-content\\\/uploads\\\/2023\\\/07\\\/logo_ED.jpg\",\"contentUrl\":\"https:\\\/\\\/www.eldiario.net\\\/portal\\\/wp-content\\\/uploads\\\/2023\\\/07\\\/logo_ED.jpg\",\"width\":272,\"height\":52,\"caption\":\"El Diario - Decano de la prensa nacional\"},\"image\":{\"@id\":\"https:\\\/\\\/www.eldiario.net\\\/portal\\\/#\\\/schema\\\/logo\\\/image\\\/\"},\"sameAs\":[\"https:\\\/\\\/www.facebook.com\\\/eldiario.bolivia\\\/\",\"https:\\\/\\\/x.com\\\/eldiario_net\"]},{\"@type\":\"Person\",\"@id\":\"https:\\\/\\\/www.eldiario.net\\\/portal\\\/#\\\/schema\\\/person\\\/2c57cf2b7a7ae032e449e4c9b1019eac\",\"name\":\"Jeanette\",\"image\":{\"@type\":\"ImageObject\",\"inLanguage\":\"es\",\"@id\":\"https:\\\/\\\/secure.gravatar.com\\\/avatar\\\/3ea2118a5f7dad2b7138b1187a6b7ee55f160b9968b66013c3a3ef39dd7e5798?s=96&d=mm&r=g\",\"url\":\"https:\\\/\\\/secure.gravatar.com\\\/avatar\\\/3ea2118a5f7dad2b7138b1187a6b7ee55f160b9968b66013c3a3ef39dd7e5798?s=96&d=mm&r=g\",\"contentUrl\":\"https:\\\/\\\/secure.gravatar.com\\\/avatar\\\/3ea2118a5f7dad2b7138b1187a6b7ee55f160b9968b66013c3a3ef39dd7e5798?s=96&d=mm&r=g\",\"caption\":\"Jeanette\"},\"sameAs\":[\"https:\\\/\\\/www.eldiario.net\\\/portal\"],\"url\":\"https:\\\/\\\/www.eldiario.net\\\/portal\\\/author\\\/jeanette\\\/\"}]}<\/script>\n<!-- \/ Yoast SEO plugin. -->","yoast_head_json":{"title":"Bloqueo de ind\u00edgenas del Beni en demanda de titulaci\u00f3n - El Diario - Bolivia","robots":{"index":"index","follow":"follow","max-snippet":"max-snippet:-1","max-image-preview":"max-image-preview:large","max-video-preview":"max-video-preview:-1"},"canonical":"https:\/\/www.eldiario.net\/portal\/2021\/08\/15\/bloqueo-de-indigenas-del-beni-en-demanda-de-titulacion\/","og_locale":"es_ES","og_type":"article","og_title":"Bloqueo de ind\u00edgenas del Beni en demanda de titulaci\u00f3n - El Diario - Bolivia","og_description":"A convocatoria de la dirigencia de la Central de Pueblos \u00c9tnicos Moje\u00f1os del Beni (Cpemb), las organizaciones afiliadas a la subcentral se concentraron en la comunidad de Puerto San Borja, para iniciar un bloqueo indefinido de la carretera que une San Ignacio de Moxos con la ciudad de San Borja y exigen titulaci\u00f3n en el [&hellip;]","og_url":"https:\/\/www.eldiario.net\/portal\/2021\/08\/15\/bloqueo-de-indigenas-del-beni-en-demanda-de-titulacion\/","og_site_name":"El Diario - Bolivia","article_publisher":"https:\/\/www.facebook.com\/eldiario.bolivia\/","article_published_time":"2021-08-15T09:27:48+00:00","author":"Jeanette","twitter_card":"summary_large_image","twitter_creator":"@eldiario_net","twitter_site":"@eldiario_net","twitter_misc":{"Escrito por":"Jeanette","Tiempo de lectura":"2 minutos"},"schema":{"@context":"https:\/\/schema.org","@graph":[{"@type":"Article","@id":"https:\/\/www.eldiario.net\/portal\/2021\/08\/15\/bloqueo-de-indigenas-del-beni-en-demanda-de-titulacion\/#article","isPartOf":{"@id":"https:\/\/www.eldiario.net\/portal\/2021\/08\/15\/bloqueo-de-indigenas-del-beni-en-demanda-de-titulacion\/"},"author":{"name":"Jeanette","@id":"https:\/\/www.eldiario.net\/portal\/#\/schema\/person\/2c57cf2b7a7ae032e449e4c9b1019eac"},"headline":"Bloqueo de ind\u00edgenas del Beni en demanda de titulaci\u00f3n","datePublished":"2021-08-15T09:27:48+00:00","mainEntityOfPage":{"@id":"https:\/\/www.eldiario.net\/portal\/2021\/08\/15\/bloqueo-de-indigenas-del-beni-en-demanda-de-titulacion\/"},"wordCount":426,"publisher":{"@id":"https:\/\/www.eldiario.net\/portal\/#organization"},"image":{"@id":"https:\/\/www.eldiario.net\/portal\/2021\/08\/15\/bloqueo-de-indigenas-del-beni-en-demanda-de-titulacion\/#primaryimage"},"thumbnailUrl":"","articleSection":["Econom\u00eda"],"inLanguage":"es"},{"@type":"WebPage","@id":"https:\/\/www.eldiario.net\/portal\/2021\/08\/15\/bloqueo-de-indigenas-del-beni-en-demanda-de-titulacion\/","url":"https:\/\/www.eldiario.net\/portal\/2021\/08\/15\/bloqueo-de-indigenas-del-beni-en-demanda-de-titulacion\/","name":"Bloqueo de ind\u00edgenas del Beni en demanda de titulaci\u00f3n - El Diario - Bolivia","isPartOf":{"@id":"https:\/\/www.eldiario.net\/portal\/#website"},"primaryImageOfPage":{"@id":"https:\/\/www.eldiario.net\/portal\/2021\/08\/15\/bloqueo-de-indigenas-del-beni-en-demanda-de-titulacion\/#primaryimage"},"image":{"@id":"https:\/\/www.eldiario.net\/portal\/2021\/08\/15\/bloqueo-de-indigenas-del-beni-en-demanda-de-titulacion\/#primaryimage"},"thumbnailUrl":"","datePublished":"2021-08-15T09:27:48+00:00","breadcrumb":{"@id":"https:\/\/www.eldiario.net\/portal\/2021\/08\/15\/bloqueo-de-indigenas-del-beni-en-demanda-de-titulacion\/#breadcrumb"},"inLanguage":"es","potentialAction":[{"@type":"ReadAction","target":["https:\/\/www.eldiario.net\/portal\/2021\/08\/15\/bloqueo-de-indigenas-del-beni-en-demanda-de-titulacion\/"]}]},{"@type":"ImageObject","inLanguage":"es","@id":"https:\/\/www.eldiario.net\/portal\/2021\/08\/15\/bloqueo-de-indigenas-del-beni-en-demanda-de-titulacion\/#primaryimage","url":"","contentUrl":""},{"@type":"BreadcrumbList","@id":"https:\/\/www.eldiario.net\/portal\/2021\/08\/15\/bloqueo-de-indigenas-del-beni-en-demanda-de-titulacion\/#breadcrumb","itemListElement":[{"@type":"ListItem","position":1,"name":"Portada","item":"https:\/\/www.eldiario.net\/portal\/"},{"@type":"ListItem","position":2,"name":"Bloqueo de ind\u00edgenas del Beni en demanda de titulaci\u00f3n"}]},{"@type":"WebSite","@id":"https:\/\/www.eldiario.net\/portal\/#website","url":"https:\/\/www.eldiario.net\/portal\/","name":"El Diario - Decano de la prensa nacional","description":"El Diario - Decano de la prensa nacional","publisher":{"@id":"https:\/\/www.eldiario.net\/portal\/#organization"},"potentialAction":[{"@type":"SearchAction","target":{"@type":"EntryPoint","urlTemplate":"https:\/\/www.eldiario.net\/portal\/?s={search_term_string}"},"query-input":{"@type":"PropertyValueSpecification","valueRequired":true,"valueName":"search_term_string"}}],"inLanguage":"es"},{"@type":"Organization","@id":"https:\/\/www.eldiario.net\/portal\/#organization","name":"El Diario - Decano de la prensa nacional","url":"https:\/\/www.eldiario.net\/portal\/","logo":{"@type":"ImageObject","inLanguage":"es","@id":"https:\/\/www.eldiario.net\/portal\/#\/schema\/logo\/image\/","url":"https:\/\/www.eldiario.net\/portal\/wp-content\/uploads\/2023\/07\/logo_ED.jpg","contentUrl":"https:\/\/www.eldiario.net\/portal\/wp-content\/uploads\/2023\/07\/logo_ED.jpg","width":272,"height":52,"caption":"El Diario - Decano de la prensa nacional"},"image":{"@id":"https:\/\/www.eldiario.net\/portal\/#\/schema\/logo\/image\/"},"sameAs":["https:\/\/www.facebook.com\/eldiario.bolivia\/","https:\/\/x.com\/eldiario_net"]},{"@type":"Person","@id":"https:\/\/www.eldiario.net\/portal\/#\/schema\/person\/2c57cf2b7a7ae032e449e4c9b1019eac","name":"Jeanette","image":{"@type":"ImageObject","inLanguage":"es","@id":"https:\/\/secure.gravatar.com\/avatar\/3ea2118a5f7dad2b7138b1187a6b7ee55f160b9968b66013c3a3ef39dd7e5798?s=96&d=mm&r=g","url":"https:\/\/secure.gravatar.com\/avatar\/3ea2118a5f7dad2b7138b1187a6b7ee55f160b9968b66013c3a3ef39dd7e5798?s=96&d=mm&r=g","contentUrl":"https:\/\/secure.gravatar.com\/avatar\/3ea2118a5f7dad2b7138b1187a6b7ee55f160b9968b66013c3a3ef39dd7e5798?s=96&d=mm&r=g","caption":"Jeanette"},"sameAs":["https:\/\/www.eldiario.net\/portal"],"url":"https:\/\/www.eldiario.net\/portal\/author\/jeanette\/"}]}},"_links":{"self":[{"href":"https:\/\/www.eldiario.net\/portal\/wp-json\/wp\/v2\/posts\/23509","targetHints":{"allow":["GET"]}}],"collection":[{"href":"https:\/\/www.eldiario.net\/portal\/wp-json\/wp\/v2\/posts"}],"about":[{"href":"https:\/\/www.eldiario.net\/portal\/wp-json\/wp\/v2\/types\/post"}],"author":[{"embeddable":true,"href":"https:\/\/www.eldiario.net\/portal\/wp-json\/wp\/v2\/users\/1"}],"replies":[{"embeddable":true,"href":"https:\/\/www.eldiario.net\/portal\/wp-json\/wp\/v2\/comments?post=23509"}],"version-history":[{"count":0,"href":"https:\/\/www.eldiario.net\/portal\/wp-json\/wp\/v2\/posts\/23509\/revisions"}],"wp:attachment":[{"href":"https:\/\/www.eldiario.net\/portal\/wp-json\/wp\/v2\/media?parent=23509"}],"wp:term":[{"taxonomy":"category","embeddable":true,"href":"https:\/\/www.eldiario.net\/portal\/wp-json\/wp\/v2\/categories?post=23509"},{"taxonomy":"post_tag","embeddable":true,"href":"https:\/\/www.eldiario.net\/portal\/wp-json\/wp\/v2\/tags?post=23509"}],"curies":[{"name":"wp","href":"https:\/\/api.w.org\/{rel}","templated":true}]}}