{"id":235083,"date":"2024-07-20T06:52:23","date_gmt":"2024-07-20T10:52:23","guid":{"rendered":"https:\/\/www.eldiario.net\/portal\/?p=235083"},"modified":"2024-07-20T06:52:23","modified_gmt":"2024-07-20T10:52:23","slug":"ong-tilda-de-indignante-condena-a-periodista-en-rusia","status":"publish","type":"post","link":"https:\/\/www.eldiario.net\/portal\/2024\/07\/20\/ong-tilda-de-indignante-condena-a-periodista-en-rusia\/","title":{"rendered":"ONG tilda de \u201cindignante\u201d condena a periodista en Rusia"},"content":{"rendered":"<p>Varias ONG internacionales se han pronunciado sobre la \u201cindignante\u201d condena impuesta este viernes por la Justicia rusa contra el periodista estadounidense Evan Gershkovich, sentenciado a 16 a\u00f1os de prisi\u00f3n en una colonia de m\u00e1xima seguridad por delitos de espionaje, si bien gran parte de la comunidad internacional insiste en su inocencia.<br \/>\nDesde Reporteros Sin Fronteras (RSF) han emitido un escueto comunicado en el que su directora de Campa\u00f1as Internacionales, Rebecca Vincent, asever\u00f3 que la condena es fruto de \u201cun juicio que no puede ser considerado justo ni libre de ning\u00fan modo\u201d, y se\u00f1ala que \u201cel veredicto deber\u00eda ser inmediatamente anulado\u201d.<br \/>\n\u201cLos periodistas no son esp\u00edas, y combinar periodismo con espionaje tiene implicaciones enormemente peligrosas para la libertad de prensa. Atacar a Gershkovich de esta manera es otro ejemplo flagrante de la inaceptable toma de rehenes estatales por parte de Rusia\u201d, a\u00f1adi\u00f3 Vincent, que insta directamente a Washington a \u201chacer lo que est\u00e9 en su poder\u201d para garantizar la liberaci\u00f3n del periodista y su regreso sano y salvo a casa.<br \/>\nEn la misma l\u00ednea, el director de programa del Comit\u00e9 para la Protecci\u00f3n de los Periodistas (CPJ), Carlos Mart\u00ednez de la Serna, afirma que la condena \u201cpor cargos falsos\u201d contra Gershkovich es igualmente \u201cindignante\u201d y ha defendido que \u201clos periodistas no son peones en los juegos geopol\u00edticos\u201d.<br \/>\nAsimismo, Mart\u00ednez de la Serna se ha adherido a la postura defendida desde Reporteros Sin Fronteras y exigi\u00f3 el fin inmediato de la llamada \u201cdiplomacia de rehenes\u201d, una pol\u00edtica con la que Rusia trata de presionar a otros pa\u00edses, en este caso Estados Unidos, para conseguir la liberaci\u00f3n de otros rusos presos.<br \/>\nPor otro lado, la organizaci\u00f3n Amnist\u00eda Internacional ha lanzado una publicaci\u00f3n en su perfil oficial en la red social X, donde incide en que los cargos presentados contra el reportero estadounidense son \u201cdudosos\u201d y la condena es fruto de \u201cun juicio secreto en un sistema de justicia penal abusivo\u201d.<br \/>\n\u201cRusia persigue la disidencia, trata el periodismo y la libertad de expresi\u00f3n como un delito. Esta condena debe ser revocada\u201d, ha manifestado Amnist\u00eda, un extremo defendido tambi\u00e9n por la ONG Human Rights Watch, que pide la \u201cliberaci\u00f3n inmediata e incondicional\u201d del periodista estadounidense.<br \/>\nUn tribunal de Rusia conden\u00f3 este viernes a 16 a\u00f1os de prisi\u00f3n en una colonia de m\u00e1xima seguridad al periodista estadounidense, detenido el a\u00f1o pasado en la ciudad de Ekaterimburgo y acusado de espionaje, cargos por los que se expon\u00eda a una sentencia de hasta 20 a\u00f1os de prisi\u00f3n.<br \/>\nEstados Unidos ha denunciado la \u201cdetenci\u00f3n ilegal\u201d del periodista, que trabaja para el diario estadounidense The Wall Street Journal, si bien la Fiscal\u00eda rusa aprob\u00f3 recientemente el pliego de acusaciones sosteniendo que Gershkovich recopil\u00f3 informaci\u00f3n sobre un contratista de defensa ruso a favor de los servicios estadounidenses.<br \/>\nEl presidente de Rusia, Vladimir Putin, asegur\u00f3 en febrero que exist\u00eda la posibilidad de liberar a Gershkovich, siempre y cuando observara \u201cpasos rec\u00edprocos\u201d por parte de las autoridades del pa\u00eds norteamericano. Tras ello, el Kremlin confirm\u00f3 \u201ccontactos\u201d con Washington en torno a un posible intercambio de prisioneros. (Europa Press)<\/p>\n","protected":false},"excerpt":{"rendered":"<p>Varias ONG internacionales se han pronunciado sobre la \u201cindignante\u201d condena impuesta este viernes por la Justicia rusa contra el periodista estadounidense Evan Gershkovich, sentenciado a 16 a\u00f1os de prisi\u00f3n en una colonia de m\u00e1xima seguridad por delitos de espionaje, si bien gran parte de la comunidad internacional insiste en su inocencia. Desde Reporteros Sin Fronteras [&hellip;]<\/p>\n","protected":false},"author":1,"featured_media":235084,"comment_status":"open","ping_status":"open","sticky":false,"template":"","format":"standard","meta":{"_acf_changed":false,"footnotes":""},"categories":[3],"tags":[],"class_list":["post-235083","post","type-post","status-publish","format-standard","has-post-thumbnail","category-internacional"],"acf":{"antetitulo":"Defienden su inocencia"},"yoast_head":"<!-- This site is optimized with the Yoast SEO plugin v28.4 - https:\/\/yoast.com\/product\/yoast-seo-wordpress\/ -->\n<title>ONG tilda de \u201cindignante\u201d condena a periodista en Rusia - El Diario - Bolivia<\/title>\n<meta name=\"robots\" content=\"index, follow, max-snippet:-1, max-image-preview:large, max-video-preview:-1\" \/>\n<link rel=\"canonical\" href=\"https:\/\/www.eldiario.net\/portal\/2024\/07\/20\/ong-tilda-de-indignante-condena-a-periodista-en-rusia\/\" \/>\n<meta property=\"og:locale\" content=\"es_ES\" \/>\n<meta property=\"og:type\" content=\"article\" \/>\n<meta property=\"og:title\" content=\"ONG tilda de \u201cindignante\u201d condena a periodista en Rusia - El Diario - Bolivia\" \/>\n<meta property=\"og:description\" content=\"Varias ONG internacionales se han pronunciado sobre la \u201cindignante\u201d condena impuesta este viernes por la Justicia rusa contra el periodista estadounidense Evan Gershkovich, sentenciado a 16 a\u00f1os de prisi\u00f3n en una colonia de m\u00e1xima seguridad por delitos de espionaje, si bien gran parte de la comunidad internacional insiste en su inocencia. Desde Reporteros Sin Fronteras [&hellip;]\" \/>\n<meta property=\"og:url\" content=\"https:\/\/www.eldiario.net\/portal\/2024\/07\/20\/ong-tilda-de-indignante-condena-a-periodista-en-rusia\/\" \/>\n<meta property=\"og:site_name\" content=\"El Diario - Bolivia\" \/>\n<meta property=\"article:publisher\" content=\"https:\/\/www.facebook.com\/eldiario.bolivia\/\" \/>\n<meta property=\"article:published_time\" content=\"2024-07-20T10:52:23+00:00\" \/>\n<meta property=\"og:image\" content=\"https:\/\/www.eldiario.net\/portal\/wp-content\/uploads\/2024\/07\/periodista-EFE.webp\" \/>\n\t<meta property=\"og:image:width\" content=\"1024\" \/>\n\t<meta property=\"og:image:height\" content=\"576\" \/>\n\t<meta property=\"og:image:type\" content=\"image\/webp\" \/>\n<meta name=\"author\" content=\"Jeanette\" \/>\n<meta name=\"twitter:card\" content=\"summary_large_image\" \/>\n<meta name=\"twitter:creator\" content=\"@eldiario_net\" \/>\n<meta name=\"twitter:site\" content=\"@eldiario_net\" \/>\n<meta name=\"twitter:label1\" content=\"Escrito por\" \/>\n\t<meta name=\"twitter:data1\" content=\"Jeanette\" \/>\n\t<meta name=\"twitter:label2\" content=\"Tiempo de lectura\" \/>\n\t<meta name=\"twitter:data2\" content=\"3 minutos\" \/>\n<script type=\"application\/ld+json\" class=\"yoast-schema-graph\">{\"@context\":\"https:\\\/\\\/schema.org\",\"@graph\":[{\"@type\":\"Article\",\"@id\":\"https:\\\/\\\/www.eldiario.net\\\/portal\\\/2024\\\/07\\\/20\\\/ong-tilda-de-indignante-condena-a-periodista-en-rusia\\\/#article\",\"isPartOf\":{\"@id\":\"https:\\\/\\\/www.eldiario.net\\\/portal\\\/2024\\\/07\\\/20\\\/ong-tilda-de-indignante-condena-a-periodista-en-rusia\\\/\"},\"author\":{\"name\":\"Jeanette\",\"@id\":\"https:\\\/\\\/www.eldiario.net\\\/portal\\\/#\\\/schema\\\/person\\\/2c57cf2b7a7ae032e449e4c9b1019eac\"},\"headline\":\"ONG tilda de \u201cindignante\u201d condena a periodista en Rusia\",\"datePublished\":\"2024-07-20T10:52:23+00:00\",\"mainEntityOfPage\":{\"@id\":\"https:\\\/\\\/www.eldiario.net\\\/portal\\\/2024\\\/07\\\/20\\\/ong-tilda-de-indignante-condena-a-periodista-en-rusia\\\/\"},\"wordCount\":549,\"commentCount\":0,\"publisher\":{\"@id\":\"https:\\\/\\\/www.eldiario.net\\\/portal\\\/#organization\"},\"image\":{\"@id\":\"https:\\\/\\\/www.eldiario.net\\\/portal\\\/2024\\\/07\\\/20\\\/ong-tilda-de-indignante-condena-a-periodista-en-rusia\\\/#primaryimage\"},\"thumbnailUrl\":\"https:\\\/\\\/www.eldiario.net\\\/portal\\\/wp-content\\\/uploads\\\/2024\\\/07\\\/periodista-EFE.webp\",\"articleSection\":[\"Internacional\"],\"inLanguage\":\"es\",\"potentialAction\":[{\"@type\":\"CommentAction\",\"name\":\"Comment\",\"target\":[\"https:\\\/\\\/www.eldiario.net\\\/portal\\\/2024\\\/07\\\/20\\\/ong-tilda-de-indignante-condena-a-periodista-en-rusia\\\/#respond\"]}]},{\"@type\":\"WebPage\",\"@id\":\"https:\\\/\\\/www.eldiario.net\\\/portal\\\/2024\\\/07\\\/20\\\/ong-tilda-de-indignante-condena-a-periodista-en-rusia\\\/\",\"url\":\"https:\\\/\\\/www.eldiario.net\\\/portal\\\/2024\\\/07\\\/20\\\/ong-tilda-de-indignante-condena-a-periodista-en-rusia\\\/\",\"name\":\"ONG tilda de \u201cindignante\u201d condena a periodista en Rusia - El Diario - Bolivia\",\"isPartOf\":{\"@id\":\"https:\\\/\\\/www.eldiario.net\\\/portal\\\/#website\"},\"primaryImageOfPage\":{\"@id\":\"https:\\\/\\\/www.eldiario.net\\\/portal\\\/2024\\\/07\\\/20\\\/ong-tilda-de-indignante-condena-a-periodista-en-rusia\\\/#primaryimage\"},\"image\":{\"@id\":\"https:\\\/\\\/www.eldiario.net\\\/portal\\\/2024\\\/07\\\/20\\\/ong-tilda-de-indignante-condena-a-periodista-en-rusia\\\/#primaryimage\"},\"thumbnailUrl\":\"https:\\\/\\\/www.eldiario.net\\\/portal\\\/wp-content\\\/uploads\\\/2024\\\/07\\\/periodista-EFE.webp\",\"datePublished\":\"2024-07-20T10:52:23+00:00\",\"breadcrumb\":{\"@id\":\"https:\\\/\\\/www.eldiario.net\\\/portal\\\/2024\\\/07\\\/20\\\/ong-tilda-de-indignante-condena-a-periodista-en-rusia\\\/#breadcrumb\"},\"inLanguage\":\"es\",\"potentialAction\":[{\"@type\":\"ReadAction\",\"target\":[\"https:\\\/\\\/www.eldiario.net\\\/portal\\\/2024\\\/07\\\/20\\\/ong-tilda-de-indignante-condena-a-periodista-en-rusia\\\/\"]}]},{\"@type\":\"ImageObject\",\"inLanguage\":\"es\",\"@id\":\"https:\\\/\\\/www.eldiario.net\\\/portal\\\/2024\\\/07\\\/20\\\/ong-tilda-de-indignante-condena-a-periodista-en-rusia\\\/#primaryimage\",\"url\":\"https:\\\/\\\/www.eldiario.net\\\/portal\\\/wp-content\\\/uploads\\\/2024\\\/07\\\/periodista-EFE.webp\",\"contentUrl\":\"https:\\\/\\\/www.eldiario.net\\\/portal\\\/wp-content\\\/uploads\\\/2024\\\/07\\\/periodista-EFE.webp\",\"width\":1024,\"height\":576,\"caption\":\"el Periodista estadounidense, Evan Gershkovich.\"},{\"@type\":\"BreadcrumbList\",\"@id\":\"https:\\\/\\\/www.eldiario.net\\\/portal\\\/2024\\\/07\\\/20\\\/ong-tilda-de-indignante-condena-a-periodista-en-rusia\\\/#breadcrumb\",\"itemListElement\":[{\"@type\":\"ListItem\",\"position\":1,\"name\":\"Portada\",\"item\":\"https:\\\/\\\/www.eldiario.net\\\/portal\\\/\"},{\"@type\":\"ListItem\",\"position\":2,\"name\":\"ONG tilda de \u201cindignante\u201d condena a periodista en Rusia\"}]},{\"@type\":\"WebSite\",\"@id\":\"https:\\\/\\\/www.eldiario.net\\\/portal\\\/#website\",\"url\":\"https:\\\/\\\/www.eldiario.net\\\/portal\\\/\",\"name\":\"El Diario - Decano de la prensa nacional\",\"description\":\"El Diario - Decano de la prensa nacional\",\"publisher\":{\"@id\":\"https:\\\/\\\/www.eldiario.net\\\/portal\\\/#organization\"},\"potentialAction\":[{\"@type\":\"SearchAction\",\"target\":{\"@type\":\"EntryPoint\",\"urlTemplate\":\"https:\\\/\\\/www.eldiario.net\\\/portal\\\/?s={search_term_string}\"},\"query-input\":{\"@type\":\"PropertyValueSpecification\",\"valueRequired\":true,\"valueName\":\"search_term_string\"}}],\"inLanguage\":\"es\"},{\"@type\":\"Organization\",\"@id\":\"https:\\\/\\\/www.eldiario.net\\\/portal\\\/#organization\",\"name\":\"El Diario - Decano de la prensa nacional\",\"url\":\"https:\\\/\\\/www.eldiario.net\\\/portal\\\/\",\"logo\":{\"@type\":\"ImageObject\",\"inLanguage\":\"es\",\"@id\":\"https:\\\/\\\/www.eldiario.net\\\/portal\\\/#\\\/schema\\\/logo\\\/image\\\/\",\"url\":\"https:\\\/\\\/www.eldiario.net\\\/portal\\\/wp-content\\\/uploads\\\/2023\\\/07\\\/logo_ED.jpg\",\"contentUrl\":\"https:\\\/\\\/www.eldiario.net\\\/portal\\\/wp-content\\\/uploads\\\/2023\\\/07\\\/logo_ED.jpg\",\"width\":272,\"height\":52,\"caption\":\"El Diario - Decano de la prensa nacional\"},\"image\":{\"@id\":\"https:\\\/\\\/www.eldiario.net\\\/portal\\\/#\\\/schema\\\/logo\\\/image\\\/\"},\"sameAs\":[\"https:\\\/\\\/www.facebook.com\\\/eldiario.bolivia\\\/\",\"https:\\\/\\\/x.com\\\/eldiario_net\"]},{\"@type\":\"Person\",\"@id\":\"https:\\\/\\\/www.eldiario.net\\\/portal\\\/#\\\/schema\\\/person\\\/2c57cf2b7a7ae032e449e4c9b1019eac\",\"name\":\"Jeanette\",\"image\":{\"@type\":\"ImageObject\",\"inLanguage\":\"es\",\"@id\":\"https:\\\/\\\/secure.gravatar.com\\\/avatar\\\/3ea2118a5f7dad2b7138b1187a6b7ee55f160b9968b66013c3a3ef39dd7e5798?s=96&d=mm&r=g\",\"url\":\"https:\\\/\\\/secure.gravatar.com\\\/avatar\\\/3ea2118a5f7dad2b7138b1187a6b7ee55f160b9968b66013c3a3ef39dd7e5798?s=96&d=mm&r=g\",\"contentUrl\":\"https:\\\/\\\/secure.gravatar.com\\\/avatar\\\/3ea2118a5f7dad2b7138b1187a6b7ee55f160b9968b66013c3a3ef39dd7e5798?s=96&d=mm&r=g\",\"caption\":\"Jeanette\"},\"sameAs\":[\"https:\\\/\\\/www.eldiario.net\\\/portal\"],\"url\":\"https:\\\/\\\/www.eldiario.net\\\/portal\\\/author\\\/jeanette\\\/\"}]}<\/script>\n<!-- \/ Yoast SEO plugin. -->","yoast_head_json":{"title":"ONG tilda de \u201cindignante\u201d condena a periodista en Rusia - El Diario - Bolivia","robots":{"index":"index","follow":"follow","max-snippet":"max-snippet:-1","max-image-preview":"max-image-preview:large","max-video-preview":"max-video-preview:-1"},"canonical":"https:\/\/www.eldiario.net\/portal\/2024\/07\/20\/ong-tilda-de-indignante-condena-a-periodista-en-rusia\/","og_locale":"es_ES","og_type":"article","og_title":"ONG tilda de \u201cindignante\u201d condena a periodista en Rusia - El Diario - Bolivia","og_description":"Varias ONG internacionales se han pronunciado sobre la \u201cindignante\u201d condena impuesta este viernes por la Justicia rusa contra el periodista estadounidense Evan Gershkovich, sentenciado a 16 a\u00f1os de prisi\u00f3n en una colonia de m\u00e1xima seguridad por delitos de espionaje, si bien gran parte de la comunidad internacional insiste en su inocencia. Desde Reporteros Sin Fronteras [&hellip;]","og_url":"https:\/\/www.eldiario.net\/portal\/2024\/07\/20\/ong-tilda-de-indignante-condena-a-periodista-en-rusia\/","og_site_name":"El Diario - Bolivia","article_publisher":"https:\/\/www.facebook.com\/eldiario.bolivia\/","article_published_time":"2024-07-20T10:52:23+00:00","og_image":[{"width":1024,"height":576,"url":"https:\/\/www.eldiario.net\/portal\/wp-content\/uploads\/2024\/07\/periodista-EFE.webp","type":"image\/webp"}],"author":"Jeanette","twitter_card":"summary_large_image","twitter_creator":"@eldiario_net","twitter_site":"@eldiario_net","twitter_misc":{"Escrito por":"Jeanette","Tiempo de lectura":"3 minutos"},"schema":{"@context":"https:\/\/schema.org","@graph":[{"@type":"Article","@id":"https:\/\/www.eldiario.net\/portal\/2024\/07\/20\/ong-tilda-de-indignante-condena-a-periodista-en-rusia\/#article","isPartOf":{"@id":"https:\/\/www.eldiario.net\/portal\/2024\/07\/20\/ong-tilda-de-indignante-condena-a-periodista-en-rusia\/"},"author":{"name":"Jeanette","@id":"https:\/\/www.eldiario.net\/portal\/#\/schema\/person\/2c57cf2b7a7ae032e449e4c9b1019eac"},"headline":"ONG tilda de \u201cindignante\u201d condena a periodista en Rusia","datePublished":"2024-07-20T10:52:23+00:00","mainEntityOfPage":{"@id":"https:\/\/www.eldiario.net\/portal\/2024\/07\/20\/ong-tilda-de-indignante-condena-a-periodista-en-rusia\/"},"wordCount":549,"commentCount":0,"publisher":{"@id":"https:\/\/www.eldiario.net\/portal\/#organization"},"image":{"@id":"https:\/\/www.eldiario.net\/portal\/2024\/07\/20\/ong-tilda-de-indignante-condena-a-periodista-en-rusia\/#primaryimage"},"thumbnailUrl":"https:\/\/www.eldiario.net\/portal\/wp-content\/uploads\/2024\/07\/periodista-EFE.webp","articleSection":["Internacional"],"inLanguage":"es","potentialAction":[{"@type":"CommentAction","name":"Comment","target":["https:\/\/www.eldiario.net\/portal\/2024\/07\/20\/ong-tilda-de-indignante-condena-a-periodista-en-rusia\/#respond"]}]},{"@type":"WebPage","@id":"https:\/\/www.eldiario.net\/portal\/2024\/07\/20\/ong-tilda-de-indignante-condena-a-periodista-en-rusia\/","url":"https:\/\/www.eldiario.net\/portal\/2024\/07\/20\/ong-tilda-de-indignante-condena-a-periodista-en-rusia\/","name":"ONG tilda de \u201cindignante\u201d condena a periodista en Rusia - El Diario - Bolivia","isPartOf":{"@id":"https:\/\/www.eldiario.net\/portal\/#website"},"primaryImageOfPage":{"@id":"https:\/\/www.eldiario.net\/portal\/2024\/07\/20\/ong-tilda-de-indignante-condena-a-periodista-en-rusia\/#primaryimage"},"image":{"@id":"https:\/\/www.eldiario.net\/portal\/2024\/07\/20\/ong-tilda-de-indignante-condena-a-periodista-en-rusia\/#primaryimage"},"thumbnailUrl":"https:\/\/www.eldiario.net\/portal\/wp-content\/uploads\/2024\/07\/periodista-EFE.webp","datePublished":"2024-07-20T10:52:23+00:00","breadcrumb":{"@id":"https:\/\/www.eldiario.net\/portal\/2024\/07\/20\/ong-tilda-de-indignante-condena-a-periodista-en-rusia\/#breadcrumb"},"inLanguage":"es","potentialAction":[{"@type":"ReadAction","target":["https:\/\/www.eldiario.net\/portal\/2024\/07\/20\/ong-tilda-de-indignante-condena-a-periodista-en-rusia\/"]}]},{"@type":"ImageObject","inLanguage":"es","@id":"https:\/\/www.eldiario.net\/portal\/2024\/07\/20\/ong-tilda-de-indignante-condena-a-periodista-en-rusia\/#primaryimage","url":"https:\/\/www.eldiario.net\/portal\/wp-content\/uploads\/2024\/07\/periodista-EFE.webp","contentUrl":"https:\/\/www.eldiario.net\/portal\/wp-content\/uploads\/2024\/07\/periodista-EFE.webp","width":1024,"height":576,"caption":"el Periodista estadounidense, Evan Gershkovich."},{"@type":"BreadcrumbList","@id":"https:\/\/www.eldiario.net\/portal\/2024\/07\/20\/ong-tilda-de-indignante-condena-a-periodista-en-rusia\/#breadcrumb","itemListElement":[{"@type":"ListItem","position":1,"name":"Portada","item":"https:\/\/www.eldiario.net\/portal\/"},{"@type":"ListItem","position":2,"name":"ONG tilda de \u201cindignante\u201d condena a periodista en Rusia"}]},{"@type":"WebSite","@id":"https:\/\/www.eldiario.net\/portal\/#website","url":"https:\/\/www.eldiario.net\/portal\/","name":"El Diario - Decano de la prensa nacional","description":"El Diario - Decano de la prensa nacional","publisher":{"@id":"https:\/\/www.eldiario.net\/portal\/#organization"},"potentialAction":[{"@type":"SearchAction","target":{"@type":"EntryPoint","urlTemplate":"https:\/\/www.eldiario.net\/portal\/?s={search_term_string}"},"query-input":{"@type":"PropertyValueSpecification","valueRequired":true,"valueName":"search_term_string"}}],"inLanguage":"es"},{"@type":"Organization","@id":"https:\/\/www.eldiario.net\/portal\/#organization","name":"El Diario - Decano de la prensa nacional","url":"https:\/\/www.eldiario.net\/portal\/","logo":{"@type":"ImageObject","inLanguage":"es","@id":"https:\/\/www.eldiario.net\/portal\/#\/schema\/logo\/image\/","url":"https:\/\/www.eldiario.net\/portal\/wp-content\/uploads\/2023\/07\/logo_ED.jpg","contentUrl":"https:\/\/www.eldiario.net\/portal\/wp-content\/uploads\/2023\/07\/logo_ED.jpg","width":272,"height":52,"caption":"El Diario - Decano de la prensa nacional"},"image":{"@id":"https:\/\/www.eldiario.net\/portal\/#\/schema\/logo\/image\/"},"sameAs":["https:\/\/www.facebook.com\/eldiario.bolivia\/","https:\/\/x.com\/eldiario_net"]},{"@type":"Person","@id":"https:\/\/www.eldiario.net\/portal\/#\/schema\/person\/2c57cf2b7a7ae032e449e4c9b1019eac","name":"Jeanette","image":{"@type":"ImageObject","inLanguage":"es","@id":"https:\/\/secure.gravatar.com\/avatar\/3ea2118a5f7dad2b7138b1187a6b7ee55f160b9968b66013c3a3ef39dd7e5798?s=96&d=mm&r=g","url":"https:\/\/secure.gravatar.com\/avatar\/3ea2118a5f7dad2b7138b1187a6b7ee55f160b9968b66013c3a3ef39dd7e5798?s=96&d=mm&r=g","contentUrl":"https:\/\/secure.gravatar.com\/avatar\/3ea2118a5f7dad2b7138b1187a6b7ee55f160b9968b66013c3a3ef39dd7e5798?s=96&d=mm&r=g","caption":"Jeanette"},"sameAs":["https:\/\/www.eldiario.net\/portal"],"url":"https:\/\/www.eldiario.net\/portal\/author\/jeanette\/"}]}},"_links":{"self":[{"href":"https:\/\/www.eldiario.net\/portal\/wp-json\/wp\/v2\/posts\/235083","targetHints":{"allow":["GET"]}}],"collection":[{"href":"https:\/\/www.eldiario.net\/portal\/wp-json\/wp\/v2\/posts"}],"about":[{"href":"https:\/\/www.eldiario.net\/portal\/wp-json\/wp\/v2\/types\/post"}],"author":[{"embeddable":true,"href":"https:\/\/www.eldiario.net\/portal\/wp-json\/wp\/v2\/users\/1"}],"replies":[{"embeddable":true,"href":"https:\/\/www.eldiario.net\/portal\/wp-json\/wp\/v2\/comments?post=235083"}],"version-history":[{"count":1,"href":"https:\/\/www.eldiario.net\/portal\/wp-json\/wp\/v2\/posts\/235083\/revisions"}],"predecessor-version":[{"id":235085,"href":"https:\/\/www.eldiario.net\/portal\/wp-json\/wp\/v2\/posts\/235083\/revisions\/235085"}],"wp:featuredmedia":[{"embeddable":true,"href":"https:\/\/www.eldiario.net\/portal\/wp-json\/wp\/v2\/media\/235084"}],"wp:attachment":[{"href":"https:\/\/www.eldiario.net\/portal\/wp-json\/wp\/v2\/media?parent=235083"}],"wp:term":[{"taxonomy":"category","embeddable":true,"href":"https:\/\/www.eldiario.net\/portal\/wp-json\/wp\/v2\/categories?post=235083"},{"taxonomy":"post_tag","embeddable":true,"href":"https:\/\/www.eldiario.net\/portal\/wp-json\/wp\/v2\/tags?post=235083"}],"curies":[{"name":"wp","href":"https:\/\/api.w.org\/{rel}","templated":true}]}}