{"id":23506,"date":"2021-08-15T05:25:32","date_gmt":"2021-08-15T09:25:32","guid":{"rendered":"https:\/\/www.eldiario.net\/portal\/?p=23506"},"modified":"2021-08-15T05:25:32","modified_gmt":"2021-08-15T09:25:32","slug":"gobierno-pide-cuidar-la-jubilacion","status":"publish","type":"post","link":"https:\/\/www.eldiario.net\/portal\/2021\/08\/15\/gobierno-pide-cuidar-la-jubilacion\/","title":{"rendered":"Gobierno pide \u201ccuidar la jubilaci\u00f3n\u201d"},"content":{"rendered":"<p>El ministro de Econom\u00eda, Marcelo Montenegro, pidi\u00f3 a la poblaci\u00f3n \u201ccuidar su jubilaci\u00f3n\u201d y solo sacar sus aportes a las Administradoras de Fondos de Pensiones (AFP) \u201csolo si es necesario\u201d.<br \/>\n\u201cSolamente saquen si es necesario, porque estamos afectando al futuro de la jubilaci\u00f3n. Uno (suele tener) una miop\u00eda para ver su futuro cuando no mira cercana su jubilaci\u00f3n (\u2026), pero como Gobierno debemos ser cautelosos a la hora de decirle a la gente (que) cuide su jubilaci\u00f3n, cuide su futuro, solo s\u00e1quelo si es estrictamente necesario\u201d, afirm\u00f3 Montenegro, seg\u00fan el reporte de La Raz\u00f3n.<br \/>\nLas palabras del ministro llegan un d\u00eda despu\u00e9s de que la C\u00e1mara de Diputados haya aprobado la Ley de Devoluci\u00f3n parcial o total de los aportes a las Administradoras de Fondos de Pensiones (AFP).<br \/>\nLa ley ahora debe ser aprobada y sancionada por el Senado. En espec\u00edfico, la norma beneficia a las personas mayores de 55 a\u00f1os.<br \/>\nEl presidente de la C\u00e1mara de Diputados, Freddy Mamani, explic\u00f3 que las personas que tienen aportes de hasta 10.000 bolivianos podr\u00e1n retirar el 100 % de los mismos.<br \/>\nQuienes tengan aportes de 10.001 bolivianos a 100.000 bolivianos podr\u00e1n retirar el 15 % y quienes sobrepasan los 100.000 bolivianos podr\u00e1n retirar 15.000 bolivianos.<br \/>\n\u201cEsto con la posibilidad de reponer y no se afecte en su jubilaci\u00f3n. Es un acuerdo con los beneficiarios\u201d, afirm\u00f3 Mamani. (Ox\u00edgeno)<\/p>\n","protected":false},"excerpt":{"rendered":"<p>El ministro de Econom\u00eda, Marcelo Montenegro, pidi\u00f3 a la poblaci\u00f3n \u201ccuidar su jubilaci\u00f3n\u201d y solo sacar sus aportes a las Administradoras de Fondos de Pensiones (AFP) \u201csolo si es necesario\u201d. \u201cSolamente saquen si es necesario, porque estamos afectando al futuro de la jubilaci\u00f3n. Uno (suele tener) una miop\u00eda para ver su futuro cuando no mira [&hellip;]<\/p>\n","protected":false},"author":1,"featured_media":23507,"comment_status":"closed","ping_status":"closed","sticky":false,"template":"","format":"standard","meta":{"_acf_changed":false,"footnotes":""},"categories":[7],"tags":[],"class_list":["post-23506","post","type-post","status-publish","format-standard","has-post-thumbnail","category-economia"],"acf":{"antetitulo":""},"yoast_head":"<!-- This site is optimized with the Yoast SEO plugin v28.4 - https:\/\/yoast.com\/product\/yoast-seo-wordpress\/ -->\n<title>Gobierno pide \u201ccuidar la jubilaci\u00f3n\u201d - El Diario - Bolivia<\/title>\n<meta name=\"robots\" content=\"index, follow, max-snippet:-1, max-image-preview:large, max-video-preview:-1\" \/>\n<link rel=\"canonical\" href=\"https:\/\/www.eldiario.net\/portal\/2021\/08\/15\/gobierno-pide-cuidar-la-jubilacion\/\" \/>\n<meta property=\"og:locale\" content=\"es_ES\" \/>\n<meta property=\"og:type\" content=\"article\" \/>\n<meta property=\"og:title\" content=\"Gobierno pide \u201ccuidar la jubilaci\u00f3n\u201d - El Diario - Bolivia\" \/>\n<meta property=\"og:description\" content=\"El ministro de Econom\u00eda, Marcelo Montenegro, pidi\u00f3 a la poblaci\u00f3n \u201ccuidar su jubilaci\u00f3n\u201d y solo sacar sus aportes a las Administradoras de Fondos de Pensiones (AFP) \u201csolo si es necesario\u201d. \u201cSolamente saquen si es necesario, porque estamos afectando al futuro de la jubilaci\u00f3n. Uno (suele tener) una miop\u00eda para ver su futuro cuando no mira [&hellip;]\" \/>\n<meta property=\"og:url\" content=\"https:\/\/www.eldiario.net\/portal\/2021\/08\/15\/gobierno-pide-cuidar-la-jubilacion\/\" \/>\n<meta property=\"og:site_name\" content=\"El Diario - Bolivia\" \/>\n<meta property=\"article:publisher\" content=\"https:\/\/www.facebook.com\/eldiario.bolivia\/\" \/>\n<meta property=\"article:published_time\" content=\"2021-08-15T09:25:32+00:00\" \/>\n<meta property=\"og:image\" content=\"https:\/\/www.eldiario.net\/portal\/wp-content\/uploads\/2021\/08\/Aportes-Gobierno.jpg\" \/>\n\t<meta property=\"og:image:width\" content=\"640\" \/>\n\t<meta property=\"og:image:height\" content=\"427\" \/>\n\t<meta property=\"og:image:type\" content=\"image\/jpeg\" \/>\n<meta name=\"author\" content=\"Jeanette\" \/>\n<meta name=\"twitter:card\" content=\"summary_large_image\" \/>\n<meta name=\"twitter:creator\" content=\"@eldiario_net\" \/>\n<meta name=\"twitter:site\" content=\"@eldiario_net\" \/>\n<meta name=\"twitter:label1\" content=\"Escrito por\" \/>\n\t<meta name=\"twitter:data1\" content=\"Jeanette\" \/>\n\t<meta name=\"twitter:label2\" content=\"Tiempo de lectura\" \/>\n\t<meta name=\"twitter:data2\" content=\"1 minuto\" \/>\n<script type=\"application\/ld+json\" class=\"yoast-schema-graph\">{\"@context\":\"https:\\\/\\\/schema.org\",\"@graph\":[{\"@type\":\"Article\",\"@id\":\"https:\\\/\\\/www.eldiario.net\\\/portal\\\/2021\\\/08\\\/15\\\/gobierno-pide-cuidar-la-jubilacion\\\/#article\",\"isPartOf\":{\"@id\":\"https:\\\/\\\/www.eldiario.net\\\/portal\\\/2021\\\/08\\\/15\\\/gobierno-pide-cuidar-la-jubilacion\\\/\"},\"author\":{\"name\":\"Jeanette\",\"@id\":\"https:\\\/\\\/www.eldiario.net\\\/portal\\\/#\\\/schema\\\/person\\\/2c57cf2b7a7ae032e449e4c9b1019eac\"},\"headline\":\"Gobierno pide \u201ccuidar la jubilaci\u00f3n\u201d\",\"datePublished\":\"2021-08-15T09:25:32+00:00\",\"mainEntityOfPage\":{\"@id\":\"https:\\\/\\\/www.eldiario.net\\\/portal\\\/2021\\\/08\\\/15\\\/gobierno-pide-cuidar-la-jubilacion\\\/\"},\"wordCount\":242,\"publisher\":{\"@id\":\"https:\\\/\\\/www.eldiario.net\\\/portal\\\/#organization\"},\"image\":{\"@id\":\"https:\\\/\\\/www.eldiario.net\\\/portal\\\/2021\\\/08\\\/15\\\/gobierno-pide-cuidar-la-jubilacion\\\/#primaryimage\"},\"thumbnailUrl\":\"https:\\\/\\\/www.eldiario.net\\\/portal\\\/wp-content\\\/uploads\\\/2021\\\/08\\\/Aportes-Gobierno.jpg\",\"articleSection\":[\"Econom\u00eda\"],\"inLanguage\":\"es\"},{\"@type\":\"WebPage\",\"@id\":\"https:\\\/\\\/www.eldiario.net\\\/portal\\\/2021\\\/08\\\/15\\\/gobierno-pide-cuidar-la-jubilacion\\\/\",\"url\":\"https:\\\/\\\/www.eldiario.net\\\/portal\\\/2021\\\/08\\\/15\\\/gobierno-pide-cuidar-la-jubilacion\\\/\",\"name\":\"Gobierno pide \u201ccuidar la jubilaci\u00f3n\u201d - El Diario - Bolivia\",\"isPartOf\":{\"@id\":\"https:\\\/\\\/www.eldiario.net\\\/portal\\\/#website\"},\"primaryImageOfPage\":{\"@id\":\"https:\\\/\\\/www.eldiario.net\\\/portal\\\/2021\\\/08\\\/15\\\/gobierno-pide-cuidar-la-jubilacion\\\/#primaryimage\"},\"image\":{\"@id\":\"https:\\\/\\\/www.eldiario.net\\\/portal\\\/2021\\\/08\\\/15\\\/gobierno-pide-cuidar-la-jubilacion\\\/#primaryimage\"},\"thumbnailUrl\":\"https:\\\/\\\/www.eldiario.net\\\/portal\\\/wp-content\\\/uploads\\\/2021\\\/08\\\/Aportes-Gobierno.jpg\",\"datePublished\":\"2021-08-15T09:25:32+00:00\",\"breadcrumb\":{\"@id\":\"https:\\\/\\\/www.eldiario.net\\\/portal\\\/2021\\\/08\\\/15\\\/gobierno-pide-cuidar-la-jubilacion\\\/#breadcrumb\"},\"inLanguage\":\"es\",\"potentialAction\":[{\"@type\":\"ReadAction\",\"target\":[\"https:\\\/\\\/www.eldiario.net\\\/portal\\\/2021\\\/08\\\/15\\\/gobierno-pide-cuidar-la-jubilacion\\\/\"]}]},{\"@type\":\"ImageObject\",\"inLanguage\":\"es\",\"@id\":\"https:\\\/\\\/www.eldiario.net\\\/portal\\\/2021\\\/08\\\/15\\\/gobierno-pide-cuidar-la-jubilacion\\\/#primaryimage\",\"url\":\"https:\\\/\\\/www.eldiario.net\\\/portal\\\/wp-content\\\/uploads\\\/2021\\\/08\\\/Aportes-Gobierno.jpg\",\"contentUrl\":\"https:\\\/\\\/www.eldiario.net\\\/portal\\\/wp-content\\\/uploads\\\/2021\\\/08\\\/Aportes-Gobierno.jpg\",\"width\":640,\"height\":427,\"caption\":\"EL MINISTRO DE ECONOM\u00cdA, MARCELO. MONTENEGRO. OXIGENO\"},{\"@type\":\"BreadcrumbList\",\"@id\":\"https:\\\/\\\/www.eldiario.net\\\/portal\\\/2021\\\/08\\\/15\\\/gobierno-pide-cuidar-la-jubilacion\\\/#breadcrumb\",\"itemListElement\":[{\"@type\":\"ListItem\",\"position\":1,\"name\":\"Portada\",\"item\":\"https:\\\/\\\/www.eldiario.net\\\/portal\\\/\"},{\"@type\":\"ListItem\",\"position\":2,\"name\":\"Gobierno pide \u201ccuidar la jubilaci\u00f3n\u201d\"}]},{\"@type\":\"WebSite\",\"@id\":\"https:\\\/\\\/www.eldiario.net\\\/portal\\\/#website\",\"url\":\"https:\\\/\\\/www.eldiario.net\\\/portal\\\/\",\"name\":\"El Diario - Decano de la prensa nacional\",\"description\":\"El Diario - Decano de la prensa nacional\",\"publisher\":{\"@id\":\"https:\\\/\\\/www.eldiario.net\\\/portal\\\/#organization\"},\"potentialAction\":[{\"@type\":\"SearchAction\",\"target\":{\"@type\":\"EntryPoint\",\"urlTemplate\":\"https:\\\/\\\/www.eldiario.net\\\/portal\\\/?s={search_term_string}\"},\"query-input\":{\"@type\":\"PropertyValueSpecification\",\"valueRequired\":true,\"valueName\":\"search_term_string\"}}],\"inLanguage\":\"es\"},{\"@type\":\"Organization\",\"@id\":\"https:\\\/\\\/www.eldiario.net\\\/portal\\\/#organization\",\"name\":\"El Diario - Decano de la prensa nacional\",\"url\":\"https:\\\/\\\/www.eldiario.net\\\/portal\\\/\",\"logo\":{\"@type\":\"ImageObject\",\"inLanguage\":\"es\",\"@id\":\"https:\\\/\\\/www.eldiario.net\\\/portal\\\/#\\\/schema\\\/logo\\\/image\\\/\",\"url\":\"https:\\\/\\\/www.eldiario.net\\\/portal\\\/wp-content\\\/uploads\\\/2023\\\/07\\\/logo_ED.jpg\",\"contentUrl\":\"https:\\\/\\\/www.eldiario.net\\\/portal\\\/wp-content\\\/uploads\\\/2023\\\/07\\\/logo_ED.jpg\",\"width\":272,\"height\":52,\"caption\":\"El Diario - Decano de la prensa nacional\"},\"image\":{\"@id\":\"https:\\\/\\\/www.eldiario.net\\\/portal\\\/#\\\/schema\\\/logo\\\/image\\\/\"},\"sameAs\":[\"https:\\\/\\\/www.facebook.com\\\/eldiario.bolivia\\\/\",\"https:\\\/\\\/x.com\\\/eldiario_net\"]},{\"@type\":\"Person\",\"@id\":\"https:\\\/\\\/www.eldiario.net\\\/portal\\\/#\\\/schema\\\/person\\\/2c57cf2b7a7ae032e449e4c9b1019eac\",\"name\":\"Jeanette\",\"image\":{\"@type\":\"ImageObject\",\"inLanguage\":\"es\",\"@id\":\"https:\\\/\\\/secure.gravatar.com\\\/avatar\\\/3ea2118a5f7dad2b7138b1187a6b7ee55f160b9968b66013c3a3ef39dd7e5798?s=96&d=mm&r=g\",\"url\":\"https:\\\/\\\/secure.gravatar.com\\\/avatar\\\/3ea2118a5f7dad2b7138b1187a6b7ee55f160b9968b66013c3a3ef39dd7e5798?s=96&d=mm&r=g\",\"contentUrl\":\"https:\\\/\\\/secure.gravatar.com\\\/avatar\\\/3ea2118a5f7dad2b7138b1187a6b7ee55f160b9968b66013c3a3ef39dd7e5798?s=96&d=mm&r=g\",\"caption\":\"Jeanette\"},\"sameAs\":[\"https:\\\/\\\/www.eldiario.net\\\/portal\"],\"url\":\"https:\\\/\\\/www.eldiario.net\\\/portal\\\/author\\\/jeanette\\\/\"}]}<\/script>\n<!-- \/ Yoast SEO plugin. -->","yoast_head_json":{"title":"Gobierno pide \u201ccuidar la jubilaci\u00f3n\u201d - El Diario - Bolivia","robots":{"index":"index","follow":"follow","max-snippet":"max-snippet:-1","max-image-preview":"max-image-preview:large","max-video-preview":"max-video-preview:-1"},"canonical":"https:\/\/www.eldiario.net\/portal\/2021\/08\/15\/gobierno-pide-cuidar-la-jubilacion\/","og_locale":"es_ES","og_type":"article","og_title":"Gobierno pide \u201ccuidar la jubilaci\u00f3n\u201d - El Diario - Bolivia","og_description":"El ministro de Econom\u00eda, Marcelo Montenegro, pidi\u00f3 a la poblaci\u00f3n \u201ccuidar su jubilaci\u00f3n\u201d y solo sacar sus aportes a las Administradoras de Fondos de Pensiones (AFP) \u201csolo si es necesario\u201d. \u201cSolamente saquen si es necesario, porque estamos afectando al futuro de la jubilaci\u00f3n. Uno (suele tener) una miop\u00eda para ver su futuro cuando no mira [&hellip;]","og_url":"https:\/\/www.eldiario.net\/portal\/2021\/08\/15\/gobierno-pide-cuidar-la-jubilacion\/","og_site_name":"El Diario - Bolivia","article_publisher":"https:\/\/www.facebook.com\/eldiario.bolivia\/","article_published_time":"2021-08-15T09:25:32+00:00","og_image":[{"width":640,"height":427,"url":"https:\/\/www.eldiario.net\/portal\/wp-content\/uploads\/2021\/08\/Aportes-Gobierno.jpg","type":"image\/jpeg"}],"author":"Jeanette","twitter_card":"summary_large_image","twitter_creator":"@eldiario_net","twitter_site":"@eldiario_net","twitter_misc":{"Escrito por":"Jeanette","Tiempo de lectura":"1 minuto"},"schema":{"@context":"https:\/\/schema.org","@graph":[{"@type":"Article","@id":"https:\/\/www.eldiario.net\/portal\/2021\/08\/15\/gobierno-pide-cuidar-la-jubilacion\/#article","isPartOf":{"@id":"https:\/\/www.eldiario.net\/portal\/2021\/08\/15\/gobierno-pide-cuidar-la-jubilacion\/"},"author":{"name":"Jeanette","@id":"https:\/\/www.eldiario.net\/portal\/#\/schema\/person\/2c57cf2b7a7ae032e449e4c9b1019eac"},"headline":"Gobierno pide \u201ccuidar la jubilaci\u00f3n\u201d","datePublished":"2021-08-15T09:25:32+00:00","mainEntityOfPage":{"@id":"https:\/\/www.eldiario.net\/portal\/2021\/08\/15\/gobierno-pide-cuidar-la-jubilacion\/"},"wordCount":242,"publisher":{"@id":"https:\/\/www.eldiario.net\/portal\/#organization"},"image":{"@id":"https:\/\/www.eldiario.net\/portal\/2021\/08\/15\/gobierno-pide-cuidar-la-jubilacion\/#primaryimage"},"thumbnailUrl":"https:\/\/www.eldiario.net\/portal\/wp-content\/uploads\/2021\/08\/Aportes-Gobierno.jpg","articleSection":["Econom\u00eda"],"inLanguage":"es"},{"@type":"WebPage","@id":"https:\/\/www.eldiario.net\/portal\/2021\/08\/15\/gobierno-pide-cuidar-la-jubilacion\/","url":"https:\/\/www.eldiario.net\/portal\/2021\/08\/15\/gobierno-pide-cuidar-la-jubilacion\/","name":"Gobierno pide \u201ccuidar la jubilaci\u00f3n\u201d - El Diario - Bolivia","isPartOf":{"@id":"https:\/\/www.eldiario.net\/portal\/#website"},"primaryImageOfPage":{"@id":"https:\/\/www.eldiario.net\/portal\/2021\/08\/15\/gobierno-pide-cuidar-la-jubilacion\/#primaryimage"},"image":{"@id":"https:\/\/www.eldiario.net\/portal\/2021\/08\/15\/gobierno-pide-cuidar-la-jubilacion\/#primaryimage"},"thumbnailUrl":"https:\/\/www.eldiario.net\/portal\/wp-content\/uploads\/2021\/08\/Aportes-Gobierno.jpg","datePublished":"2021-08-15T09:25:32+00:00","breadcrumb":{"@id":"https:\/\/www.eldiario.net\/portal\/2021\/08\/15\/gobierno-pide-cuidar-la-jubilacion\/#breadcrumb"},"inLanguage":"es","potentialAction":[{"@type":"ReadAction","target":["https:\/\/www.eldiario.net\/portal\/2021\/08\/15\/gobierno-pide-cuidar-la-jubilacion\/"]}]},{"@type":"ImageObject","inLanguage":"es","@id":"https:\/\/www.eldiario.net\/portal\/2021\/08\/15\/gobierno-pide-cuidar-la-jubilacion\/#primaryimage","url":"https:\/\/www.eldiario.net\/portal\/wp-content\/uploads\/2021\/08\/Aportes-Gobierno.jpg","contentUrl":"https:\/\/www.eldiario.net\/portal\/wp-content\/uploads\/2021\/08\/Aportes-Gobierno.jpg","width":640,"height":427,"caption":"EL MINISTRO DE ECONOM\u00cdA, MARCELO. MONTENEGRO. OXIGENO"},{"@type":"BreadcrumbList","@id":"https:\/\/www.eldiario.net\/portal\/2021\/08\/15\/gobierno-pide-cuidar-la-jubilacion\/#breadcrumb","itemListElement":[{"@type":"ListItem","position":1,"name":"Portada","item":"https:\/\/www.eldiario.net\/portal\/"},{"@type":"ListItem","position":2,"name":"Gobierno pide \u201ccuidar la jubilaci\u00f3n\u201d"}]},{"@type":"WebSite","@id":"https:\/\/www.eldiario.net\/portal\/#website","url":"https:\/\/www.eldiario.net\/portal\/","name":"El Diario - Decano de la prensa nacional","description":"El Diario - Decano de la prensa nacional","publisher":{"@id":"https:\/\/www.eldiario.net\/portal\/#organization"},"potentialAction":[{"@type":"SearchAction","target":{"@type":"EntryPoint","urlTemplate":"https:\/\/www.eldiario.net\/portal\/?s={search_term_string}"},"query-input":{"@type":"PropertyValueSpecification","valueRequired":true,"valueName":"search_term_string"}}],"inLanguage":"es"},{"@type":"Organization","@id":"https:\/\/www.eldiario.net\/portal\/#organization","name":"El Diario - Decano de la prensa nacional","url":"https:\/\/www.eldiario.net\/portal\/","logo":{"@type":"ImageObject","inLanguage":"es","@id":"https:\/\/www.eldiario.net\/portal\/#\/schema\/logo\/image\/","url":"https:\/\/www.eldiario.net\/portal\/wp-content\/uploads\/2023\/07\/logo_ED.jpg","contentUrl":"https:\/\/www.eldiario.net\/portal\/wp-content\/uploads\/2023\/07\/logo_ED.jpg","width":272,"height":52,"caption":"El Diario - Decano de la prensa nacional"},"image":{"@id":"https:\/\/www.eldiario.net\/portal\/#\/schema\/logo\/image\/"},"sameAs":["https:\/\/www.facebook.com\/eldiario.bolivia\/","https:\/\/x.com\/eldiario_net"]},{"@type":"Person","@id":"https:\/\/www.eldiario.net\/portal\/#\/schema\/person\/2c57cf2b7a7ae032e449e4c9b1019eac","name":"Jeanette","image":{"@type":"ImageObject","inLanguage":"es","@id":"https:\/\/secure.gravatar.com\/avatar\/3ea2118a5f7dad2b7138b1187a6b7ee55f160b9968b66013c3a3ef39dd7e5798?s=96&d=mm&r=g","url":"https:\/\/secure.gravatar.com\/avatar\/3ea2118a5f7dad2b7138b1187a6b7ee55f160b9968b66013c3a3ef39dd7e5798?s=96&d=mm&r=g","contentUrl":"https:\/\/secure.gravatar.com\/avatar\/3ea2118a5f7dad2b7138b1187a6b7ee55f160b9968b66013c3a3ef39dd7e5798?s=96&d=mm&r=g","caption":"Jeanette"},"sameAs":["https:\/\/www.eldiario.net\/portal"],"url":"https:\/\/www.eldiario.net\/portal\/author\/jeanette\/"}]}},"_links":{"self":[{"href":"https:\/\/www.eldiario.net\/portal\/wp-json\/wp\/v2\/posts\/23506","targetHints":{"allow":["GET"]}}],"collection":[{"href":"https:\/\/www.eldiario.net\/portal\/wp-json\/wp\/v2\/posts"}],"about":[{"href":"https:\/\/www.eldiario.net\/portal\/wp-json\/wp\/v2\/types\/post"}],"author":[{"embeddable":true,"href":"https:\/\/www.eldiario.net\/portal\/wp-json\/wp\/v2\/users\/1"}],"replies":[{"embeddable":true,"href":"https:\/\/www.eldiario.net\/portal\/wp-json\/wp\/v2\/comments?post=23506"}],"version-history":[{"count":0,"href":"https:\/\/www.eldiario.net\/portal\/wp-json\/wp\/v2\/posts\/23506\/revisions"}],"wp:featuredmedia":[{"embeddable":true,"href":"https:\/\/www.eldiario.net\/portal\/wp-json\/wp\/v2\/media\/23507"}],"wp:attachment":[{"href":"https:\/\/www.eldiario.net\/portal\/wp-json\/wp\/v2\/media?parent=23506"}],"wp:term":[{"taxonomy":"category","embeddable":true,"href":"https:\/\/www.eldiario.net\/portal\/wp-json\/wp\/v2\/categories?post=23506"},{"taxonomy":"post_tag","embeddable":true,"href":"https:\/\/www.eldiario.net\/portal\/wp-json\/wp\/v2\/tags?post=23506"}],"curies":[{"name":"wp","href":"https:\/\/api.w.org\/{rel}","templated":true}]}}