{"id":234316,"date":"2024-07-16T01:21:59","date_gmt":"2024-07-16T05:21:59","guid":{"rendered":"https:\/\/www.eldiario.net\/portal\/?p=234316"},"modified":"2024-07-16T01:21:59","modified_gmt":"2024-07-16T05:21:59","slug":"tribunal-de-rusia-declara-culpable-a-periodista-por-criticar-al-ejercito","status":"publish","type":"post","link":"https:\/\/www.eldiario.net\/portal\/2024\/07\/16\/tribunal-de-rusia-declara-culpable-a-periodista-por-criticar-al-ejercito\/","title":{"rendered":"Tribunal de Rusia declara culpable  a periodista por criticar al ej\u00e9rcito"},"content":{"rendered":"<p class=\"v1MsoNormal\">La periodista y escritora, nacida en Mosc\u00fa y que reside en Estados Unidos, Masha Gessen fue declarada ayer culpable en ausencia por un tribunal de Rusia acusada de difundir informaci\u00f3n falsa sobre el ej\u00e9rcito de ese pa\u00eds y fue sentenciada a ocho a\u00f1os de prisi\u00f3n. Es redactora de The New Yorker y columnista de The New York Times.<\/p>\n<p class=\"v1MsoNormal\">La Polic\u00eda rusa puso a Gessen en una lista de criminales buscados en diciembre, y los medios rusos informaron que el caso se basaba en declaraciones que hizo sobre atrocidades en la ciudad ucraniana de Bucha en una entrevista con un popular bloguero ruso en l\u00ednea.<\/p>\n<p class=\"v1MsoNormal\">En la entrevista, que ha sido vista m\u00e1s de 6,5 millones de veces en YouTube desde septiembre de 2022, Gessen y el bloguero Yury Dud hablaron sobre las atrocidades cometidas en la ciudad ucraniana de Bucha a principios de ese a\u00f1o.<\/p>\n<p class=\"v1MsoNormal\">Las tropas ucranianas que recuperaron Bucha de manos de las fuerzas rusas en retirada encontraron al menos 400 cad\u00e1veres de hombres, mujeres y ni\u00f1os en las calles, en casas y en fosas comunes, algunos de ellos con se\u00f1ales de tortura. Las autoridades rusas han negado vehementemente que sus fuerzas fueran responsables y han procesado a varias personalidades p\u00fablicas rusas por hablar abiertamente sobre Bucha.<\/p>\n<p class=\"v1MsoNormal\">Los procesos se llevaron a cabo en virtud de una ley rusa adoptada d\u00edas despu\u00e9s de que comenzara la invasi\u00f3n de Ucrania, que penalizaba de hecho cualquier expresi\u00f3n p\u00fablica sobre la guerra que se apartara de la narrativa del Kremlin. Rusia sostiene que sus tropas en Ucrania s\u00f3lo atacan objetivos militares, no civiles.<\/p>\n<p class=\"v1MsoNormal\">Gessen, ciudadano estadounidense y ruso, vivi\u00f3 en Rusia hasta 2013, cuando el pa\u00eds aprob\u00f3 una legislaci\u00f3n contra la comunidad LGBTQ+.<\/p>\n<p class=\"v1MsoNormal\">Es poco probable que Gessen enfrente una pena de prisi\u00f3n en Rusia por esta condena, a menos que viaje a un pa\u00eds que tenga un tratado de extradici\u00f3n con Mosc\u00fa.<\/p>\n<p class=\"v1MsoNormal\">Desde que comenz\u00f3 la guerra en febrero de 2022, Rusia ha reprimido duramente a los disidentes y tambi\u00e9n ha atacado a los estadounidenses.<\/p>\n<p class=\"v1MsoNormal\">En Rusia se han registrado 1.053 procesos penales contra manifestantes contra la guerra, seg\u00fan el grupo de derechos humanos OVD-Info, que rastrea los arrestos pol\u00edticos y proporciona asistencia jur\u00eddica.<\/p>\n<p class=\"v1MsoNormal\">El lunes tambi\u00e9n fue declarado culpable el ciudadano ruso Richard Rose de difundir informaci\u00f3n falsa sobre el ej\u00e9rcito ruso en Bucha, seg\u00fan inform\u00f3 OVD-Info. Rose tambi\u00e9n fue condenado a ocho a\u00f1os de prisi\u00f3n.<\/p>\n<p class=\"v1MsoNormal\">Seg\u00fan OVD-Info, en un v\u00eddeo afirm\u00f3 que \u00abla masacre de Bucha nunca ser\u00e1 olvidada&#8230; Los fascistas rusos nunca ser\u00e1n perdonados por esto\u00bb.<\/p>\n<p class=\"v1MsoNormal\">En su discurso final ante el tribunal, Rose dijo que se considera un preso pol\u00edtico y afirm\u00f3 que no cambiar\u00eda sus opiniones, afirm\u00f3 el grupo de monitoreo. (Infobae\/AP)<\/p>\n","protected":false},"excerpt":{"rendered":"<p>La periodista y escritora, nacida en Mosc\u00fa y que reside en Estados Unidos, Masha Gessen fue declarada ayer culpable en ausencia por un tribunal de Rusia acusada de difundir informaci\u00f3n falsa sobre el ej\u00e9rcito de ese pa\u00eds y fue sentenciada a ocho a\u00f1os de prisi\u00f3n. Es redactora de The New Yorker y columnista de The [&hellip;]<\/p>\n","protected":false},"author":1,"featured_media":234317,"comment_status":"open","ping_status":"open","sticky":false,"template":"","format":"standard","meta":{"_acf_changed":false,"footnotes":""},"categories":[3],"tags":[],"class_list":["post-234316","post","type-post","status-publish","format-standard","has-post-thumbnail","category-internacional"],"acf":{"antetitulo":"Rusia"},"yoast_head":"<!-- This site is optimized with the Yoast SEO plugin v28.3 - https:\/\/yoast.com\/product\/yoast-seo-wordpress\/ -->\n<title>Tribunal de Rusia declara culpable a periodista por criticar al ej\u00e9rcito - El Diario - Bolivia<\/title>\n<meta name=\"robots\" content=\"index, follow, max-snippet:-1, max-image-preview:large, max-video-preview:-1\" \/>\n<link rel=\"canonical\" href=\"https:\/\/www.eldiario.net\/portal\/2024\/07\/16\/tribunal-de-rusia-declara-culpable-a-periodista-por-criticar-al-ejercito\/\" \/>\n<meta property=\"og:locale\" content=\"es_ES\" \/>\n<meta property=\"og:type\" content=\"article\" \/>\n<meta property=\"og:title\" content=\"Tribunal de Rusia declara culpable a periodista por criticar al ej\u00e9rcito - El Diario - Bolivia\" \/>\n<meta property=\"og:description\" content=\"La periodista y escritora, nacida en Mosc\u00fa y que reside en Estados Unidos, Masha Gessen fue declarada ayer culpable en ausencia por un tribunal de Rusia acusada de difundir informaci\u00f3n falsa sobre el ej\u00e9rcito de ese pa\u00eds y fue sentenciada a ocho a\u00f1os de prisi\u00f3n. Es redactora de The New Yorker y columnista de The [&hellip;]\" \/>\n<meta property=\"og:url\" content=\"https:\/\/www.eldiario.net\/portal\/2024\/07\/16\/tribunal-de-rusia-declara-culpable-a-periodista-por-criticar-al-ejercito\/\" \/>\n<meta property=\"og:site_name\" content=\"El Diario - Bolivia\" \/>\n<meta property=\"article:publisher\" content=\"https:\/\/www.facebook.com\/eldiario.bolivia\/\" \/>\n<meta property=\"article:published_time\" content=\"2024-07-16T05:21:59+00:00\" \/>\n<meta property=\"og:image\" content=\"https:\/\/www.eldiario.net\/portal\/wp-content\/uploads\/2024\/07\/Masha-Gessen-CNN.jpg\" \/>\n\t<meta property=\"og:image:width\" content=\"992\" \/>\n\t<meta property=\"og:image:height\" content=\"558\" \/>\n\t<meta property=\"og:image:type\" content=\"image\/jpeg\" \/>\n<meta name=\"author\" content=\"Jeanette\" \/>\n<meta name=\"twitter:card\" content=\"summary_large_image\" \/>\n<meta name=\"twitter:creator\" content=\"@eldiario_net\" \/>\n<meta name=\"twitter:site\" content=\"@eldiario_net\" \/>\n<meta name=\"twitter:label1\" content=\"Escrito por\" \/>\n\t<meta name=\"twitter:data1\" content=\"Jeanette\" \/>\n\t<meta name=\"twitter:label2\" content=\"Tiempo de lectura\" \/>\n\t<meta name=\"twitter:data2\" content=\"3 minutos\" \/>\n<script type=\"application\/ld+json\" class=\"yoast-schema-graph\">{\"@context\":\"https:\\\/\\\/schema.org\",\"@graph\":[{\"@type\":\"Article\",\"@id\":\"https:\\\/\\\/www.eldiario.net\\\/portal\\\/2024\\\/07\\\/16\\\/tribunal-de-rusia-declara-culpable-a-periodista-por-criticar-al-ejercito\\\/#article\",\"isPartOf\":{\"@id\":\"https:\\\/\\\/www.eldiario.net\\\/portal\\\/2024\\\/07\\\/16\\\/tribunal-de-rusia-declara-culpable-a-periodista-por-criticar-al-ejercito\\\/\"},\"author\":{\"name\":\"Jeanette\",\"@id\":\"https:\\\/\\\/www.eldiario.net\\\/portal\\\/#\\\/schema\\\/person\\\/f46445640444750d7d753ccd04ae01b7\"},\"headline\":\"Tribunal de Rusia declara culpable a periodista por criticar al ej\u00e9rcito\",\"datePublished\":\"2024-07-16T05:21:59+00:00\",\"mainEntityOfPage\":{\"@id\":\"https:\\\/\\\/www.eldiario.net\\\/portal\\\/2024\\\/07\\\/16\\\/tribunal-de-rusia-declara-culpable-a-periodista-por-criticar-al-ejercito\\\/\"},\"wordCount\":494,\"commentCount\":0,\"publisher\":{\"@id\":\"https:\\\/\\\/www.eldiario.net\\\/portal\\\/#organization\"},\"image\":{\"@id\":\"https:\\\/\\\/www.eldiario.net\\\/portal\\\/2024\\\/07\\\/16\\\/tribunal-de-rusia-declara-culpable-a-periodista-por-criticar-al-ejercito\\\/#primaryimage\"},\"thumbnailUrl\":\"https:\\\/\\\/www.eldiario.net\\\/portal\\\/wp-content\\\/uploads\\\/2024\\\/07\\\/Masha-Gessen-CNN.jpg\",\"articleSection\":[\"Internacional\"],\"inLanguage\":\"es\",\"potentialAction\":[{\"@type\":\"CommentAction\",\"name\":\"Comment\",\"target\":[\"https:\\\/\\\/www.eldiario.net\\\/portal\\\/2024\\\/07\\\/16\\\/tribunal-de-rusia-declara-culpable-a-periodista-por-criticar-al-ejercito\\\/#respond\"]}]},{\"@type\":\"WebPage\",\"@id\":\"https:\\\/\\\/www.eldiario.net\\\/portal\\\/2024\\\/07\\\/16\\\/tribunal-de-rusia-declara-culpable-a-periodista-por-criticar-al-ejercito\\\/\",\"url\":\"https:\\\/\\\/www.eldiario.net\\\/portal\\\/2024\\\/07\\\/16\\\/tribunal-de-rusia-declara-culpable-a-periodista-por-criticar-al-ejercito\\\/\",\"name\":\"Tribunal de Rusia declara culpable a periodista por criticar al ej\u00e9rcito - El Diario - Bolivia\",\"isPartOf\":{\"@id\":\"https:\\\/\\\/www.eldiario.net\\\/portal\\\/#website\"},\"primaryImageOfPage\":{\"@id\":\"https:\\\/\\\/www.eldiario.net\\\/portal\\\/2024\\\/07\\\/16\\\/tribunal-de-rusia-declara-culpable-a-periodista-por-criticar-al-ejercito\\\/#primaryimage\"},\"image\":{\"@id\":\"https:\\\/\\\/www.eldiario.net\\\/portal\\\/2024\\\/07\\\/16\\\/tribunal-de-rusia-declara-culpable-a-periodista-por-criticar-al-ejercito\\\/#primaryimage\"},\"thumbnailUrl\":\"https:\\\/\\\/www.eldiario.net\\\/portal\\\/wp-content\\\/uploads\\\/2024\\\/07\\\/Masha-Gessen-CNN.jpg\",\"datePublished\":\"2024-07-16T05:21:59+00:00\",\"breadcrumb\":{\"@id\":\"https:\\\/\\\/www.eldiario.net\\\/portal\\\/2024\\\/07\\\/16\\\/tribunal-de-rusia-declara-culpable-a-periodista-por-criticar-al-ejercito\\\/#breadcrumb\"},\"inLanguage\":\"es\",\"potentialAction\":[{\"@type\":\"ReadAction\",\"target\":[\"https:\\\/\\\/www.eldiario.net\\\/portal\\\/2024\\\/07\\\/16\\\/tribunal-de-rusia-declara-culpable-a-periodista-por-criticar-al-ejercito\\\/\"]}]},{\"@type\":\"ImageObject\",\"inLanguage\":\"es\",\"@id\":\"https:\\\/\\\/www.eldiario.net\\\/portal\\\/2024\\\/07\\\/16\\\/tribunal-de-rusia-declara-culpable-a-periodista-por-criticar-al-ejercito\\\/#primaryimage\",\"url\":\"https:\\\/\\\/www.eldiario.net\\\/portal\\\/wp-content\\\/uploads\\\/2024\\\/07\\\/Masha-Gessen-CNN.jpg\",\"contentUrl\":\"https:\\\/\\\/www.eldiario.net\\\/portal\\\/wp-content\\\/uploads\\\/2024\\\/07\\\/Masha-Gessen-CNN.jpg\",\"width\":992,\"height\":558,\"caption\":\"La escritora es cr\u00edtica de Vladimir Putin. CR\u00c9DITO: CNN\"},{\"@type\":\"BreadcrumbList\",\"@id\":\"https:\\\/\\\/www.eldiario.net\\\/portal\\\/2024\\\/07\\\/16\\\/tribunal-de-rusia-declara-culpable-a-periodista-por-criticar-al-ejercito\\\/#breadcrumb\",\"itemListElement\":[{\"@type\":\"ListItem\",\"position\":1,\"name\":\"Portada\",\"item\":\"https:\\\/\\\/www.eldiario.net\\\/portal\\\/\"},{\"@type\":\"ListItem\",\"position\":2,\"name\":\"Tribunal de Rusia declara culpable a periodista por criticar al ej\u00e9rcito\"}]},{\"@type\":\"WebSite\",\"@id\":\"https:\\\/\\\/www.eldiario.net\\\/portal\\\/#website\",\"url\":\"https:\\\/\\\/www.eldiario.net\\\/portal\\\/\",\"name\":\"El Diario - Decano de la prensa nacional\",\"description\":\"El Diario - Decano de la prensa nacional\",\"publisher\":{\"@id\":\"https:\\\/\\\/www.eldiario.net\\\/portal\\\/#organization\"},\"potentialAction\":[{\"@type\":\"SearchAction\",\"target\":{\"@type\":\"EntryPoint\",\"urlTemplate\":\"https:\\\/\\\/www.eldiario.net\\\/portal\\\/?s={search_term_string}\"},\"query-input\":{\"@type\":\"PropertyValueSpecification\",\"valueRequired\":true,\"valueName\":\"search_term_string\"}}],\"inLanguage\":\"es\"},{\"@type\":\"Organization\",\"@id\":\"https:\\\/\\\/www.eldiario.net\\\/portal\\\/#organization\",\"name\":\"El Diario - Decano de la prensa nacional\",\"url\":\"https:\\\/\\\/www.eldiario.net\\\/portal\\\/\",\"logo\":{\"@type\":\"ImageObject\",\"inLanguage\":\"es\",\"@id\":\"https:\\\/\\\/www.eldiario.net\\\/portal\\\/#\\\/schema\\\/logo\\\/image\\\/\",\"url\":\"https:\\\/\\\/www.eldiario.net\\\/portal\\\/wp-content\\\/uploads\\\/2023\\\/07\\\/logo_ED.jpg\",\"contentUrl\":\"https:\\\/\\\/www.eldiario.net\\\/portal\\\/wp-content\\\/uploads\\\/2023\\\/07\\\/logo_ED.jpg\",\"width\":272,\"height\":52,\"caption\":\"El Diario - Decano de la prensa nacional\"},\"image\":{\"@id\":\"https:\\\/\\\/www.eldiario.net\\\/portal\\\/#\\\/schema\\\/logo\\\/image\\\/\"},\"sameAs\":[\"https:\\\/\\\/www.facebook.com\\\/eldiario.bolivia\\\/\",\"https:\\\/\\\/x.com\\\/eldiario_net\"]},{\"@type\":\"Person\",\"@id\":\"https:\\\/\\\/www.eldiario.net\\\/portal\\\/#\\\/schema\\\/person\\\/f46445640444750d7d753ccd04ae01b7\",\"name\":\"Jeanette\",\"image\":{\"@type\":\"ImageObject\",\"inLanguage\":\"es\",\"@id\":\"https:\\\/\\\/secure.gravatar.com\\\/avatar\\\/3ea2118a5f7dad2b7138b1187a6b7ee55f160b9968b66013c3a3ef39dd7e5798?s=96&d=mm&r=g\",\"url\":\"https:\\\/\\\/secure.gravatar.com\\\/avatar\\\/3ea2118a5f7dad2b7138b1187a6b7ee55f160b9968b66013c3a3ef39dd7e5798?s=96&d=mm&r=g\",\"contentUrl\":\"https:\\\/\\\/secure.gravatar.com\\\/avatar\\\/3ea2118a5f7dad2b7138b1187a6b7ee55f160b9968b66013c3a3ef39dd7e5798?s=96&d=mm&r=g\",\"caption\":\"Jeanette\"},\"sameAs\":[\"https:\\\/\\\/www.eldiario.net\\\/portal\"],\"url\":\"https:\\\/\\\/www.eldiario.net\\\/portal\\\/author\\\/jeanette\\\/\"}]}<\/script>\n<!-- \/ Yoast SEO plugin. -->","yoast_head_json":{"title":"Tribunal de Rusia declara culpable a periodista por criticar al ej\u00e9rcito - El Diario - Bolivia","robots":{"index":"index","follow":"follow","max-snippet":"max-snippet:-1","max-image-preview":"max-image-preview:large","max-video-preview":"max-video-preview:-1"},"canonical":"https:\/\/www.eldiario.net\/portal\/2024\/07\/16\/tribunal-de-rusia-declara-culpable-a-periodista-por-criticar-al-ejercito\/","og_locale":"es_ES","og_type":"article","og_title":"Tribunal de Rusia declara culpable a periodista por criticar al ej\u00e9rcito - El Diario - Bolivia","og_description":"La periodista y escritora, nacida en Mosc\u00fa y que reside en Estados Unidos, Masha Gessen fue declarada ayer culpable en ausencia por un tribunal de Rusia acusada de difundir informaci\u00f3n falsa sobre el ej\u00e9rcito de ese pa\u00eds y fue sentenciada a ocho a\u00f1os de prisi\u00f3n. Es redactora de The New Yorker y columnista de The [&hellip;]","og_url":"https:\/\/www.eldiario.net\/portal\/2024\/07\/16\/tribunal-de-rusia-declara-culpable-a-periodista-por-criticar-al-ejercito\/","og_site_name":"El Diario - Bolivia","article_publisher":"https:\/\/www.facebook.com\/eldiario.bolivia\/","article_published_time":"2024-07-16T05:21:59+00:00","og_image":[{"width":992,"height":558,"url":"https:\/\/www.eldiario.net\/portal\/wp-content\/uploads\/2024\/07\/Masha-Gessen-CNN.jpg","type":"image\/jpeg"}],"author":"Jeanette","twitter_card":"summary_large_image","twitter_creator":"@eldiario_net","twitter_site":"@eldiario_net","twitter_misc":{"Escrito por":"Jeanette","Tiempo de lectura":"3 minutos"},"schema":{"@context":"https:\/\/schema.org","@graph":[{"@type":"Article","@id":"https:\/\/www.eldiario.net\/portal\/2024\/07\/16\/tribunal-de-rusia-declara-culpable-a-periodista-por-criticar-al-ejercito\/#article","isPartOf":{"@id":"https:\/\/www.eldiario.net\/portal\/2024\/07\/16\/tribunal-de-rusia-declara-culpable-a-periodista-por-criticar-al-ejercito\/"},"author":{"name":"Jeanette","@id":"https:\/\/www.eldiario.net\/portal\/#\/schema\/person\/f46445640444750d7d753ccd04ae01b7"},"headline":"Tribunal de Rusia declara culpable a periodista por criticar al ej\u00e9rcito","datePublished":"2024-07-16T05:21:59+00:00","mainEntityOfPage":{"@id":"https:\/\/www.eldiario.net\/portal\/2024\/07\/16\/tribunal-de-rusia-declara-culpable-a-periodista-por-criticar-al-ejercito\/"},"wordCount":494,"commentCount":0,"publisher":{"@id":"https:\/\/www.eldiario.net\/portal\/#organization"},"image":{"@id":"https:\/\/www.eldiario.net\/portal\/2024\/07\/16\/tribunal-de-rusia-declara-culpable-a-periodista-por-criticar-al-ejercito\/#primaryimage"},"thumbnailUrl":"https:\/\/www.eldiario.net\/portal\/wp-content\/uploads\/2024\/07\/Masha-Gessen-CNN.jpg","articleSection":["Internacional"],"inLanguage":"es","potentialAction":[{"@type":"CommentAction","name":"Comment","target":["https:\/\/www.eldiario.net\/portal\/2024\/07\/16\/tribunal-de-rusia-declara-culpable-a-periodista-por-criticar-al-ejercito\/#respond"]}]},{"@type":"WebPage","@id":"https:\/\/www.eldiario.net\/portal\/2024\/07\/16\/tribunal-de-rusia-declara-culpable-a-periodista-por-criticar-al-ejercito\/","url":"https:\/\/www.eldiario.net\/portal\/2024\/07\/16\/tribunal-de-rusia-declara-culpable-a-periodista-por-criticar-al-ejercito\/","name":"Tribunal de Rusia declara culpable a periodista por criticar al ej\u00e9rcito - El Diario - Bolivia","isPartOf":{"@id":"https:\/\/www.eldiario.net\/portal\/#website"},"primaryImageOfPage":{"@id":"https:\/\/www.eldiario.net\/portal\/2024\/07\/16\/tribunal-de-rusia-declara-culpable-a-periodista-por-criticar-al-ejercito\/#primaryimage"},"image":{"@id":"https:\/\/www.eldiario.net\/portal\/2024\/07\/16\/tribunal-de-rusia-declara-culpable-a-periodista-por-criticar-al-ejercito\/#primaryimage"},"thumbnailUrl":"https:\/\/www.eldiario.net\/portal\/wp-content\/uploads\/2024\/07\/Masha-Gessen-CNN.jpg","datePublished":"2024-07-16T05:21:59+00:00","breadcrumb":{"@id":"https:\/\/www.eldiario.net\/portal\/2024\/07\/16\/tribunal-de-rusia-declara-culpable-a-periodista-por-criticar-al-ejercito\/#breadcrumb"},"inLanguage":"es","potentialAction":[{"@type":"ReadAction","target":["https:\/\/www.eldiario.net\/portal\/2024\/07\/16\/tribunal-de-rusia-declara-culpable-a-periodista-por-criticar-al-ejercito\/"]}]},{"@type":"ImageObject","inLanguage":"es","@id":"https:\/\/www.eldiario.net\/portal\/2024\/07\/16\/tribunal-de-rusia-declara-culpable-a-periodista-por-criticar-al-ejercito\/#primaryimage","url":"https:\/\/www.eldiario.net\/portal\/wp-content\/uploads\/2024\/07\/Masha-Gessen-CNN.jpg","contentUrl":"https:\/\/www.eldiario.net\/portal\/wp-content\/uploads\/2024\/07\/Masha-Gessen-CNN.jpg","width":992,"height":558,"caption":"La escritora es cr\u00edtica de Vladimir Putin. CR\u00c9DITO: CNN"},{"@type":"BreadcrumbList","@id":"https:\/\/www.eldiario.net\/portal\/2024\/07\/16\/tribunal-de-rusia-declara-culpable-a-periodista-por-criticar-al-ejercito\/#breadcrumb","itemListElement":[{"@type":"ListItem","position":1,"name":"Portada","item":"https:\/\/www.eldiario.net\/portal\/"},{"@type":"ListItem","position":2,"name":"Tribunal de Rusia declara culpable a periodista por criticar al ej\u00e9rcito"}]},{"@type":"WebSite","@id":"https:\/\/www.eldiario.net\/portal\/#website","url":"https:\/\/www.eldiario.net\/portal\/","name":"El Diario - Decano de la prensa nacional","description":"El Diario - Decano de la prensa nacional","publisher":{"@id":"https:\/\/www.eldiario.net\/portal\/#organization"},"potentialAction":[{"@type":"SearchAction","target":{"@type":"EntryPoint","urlTemplate":"https:\/\/www.eldiario.net\/portal\/?s={search_term_string}"},"query-input":{"@type":"PropertyValueSpecification","valueRequired":true,"valueName":"search_term_string"}}],"inLanguage":"es"},{"@type":"Organization","@id":"https:\/\/www.eldiario.net\/portal\/#organization","name":"El Diario - Decano de la prensa nacional","url":"https:\/\/www.eldiario.net\/portal\/","logo":{"@type":"ImageObject","inLanguage":"es","@id":"https:\/\/www.eldiario.net\/portal\/#\/schema\/logo\/image\/","url":"https:\/\/www.eldiario.net\/portal\/wp-content\/uploads\/2023\/07\/logo_ED.jpg","contentUrl":"https:\/\/www.eldiario.net\/portal\/wp-content\/uploads\/2023\/07\/logo_ED.jpg","width":272,"height":52,"caption":"El Diario - Decano de la prensa nacional"},"image":{"@id":"https:\/\/www.eldiario.net\/portal\/#\/schema\/logo\/image\/"},"sameAs":["https:\/\/www.facebook.com\/eldiario.bolivia\/","https:\/\/x.com\/eldiario_net"]},{"@type":"Person","@id":"https:\/\/www.eldiario.net\/portal\/#\/schema\/person\/f46445640444750d7d753ccd04ae01b7","name":"Jeanette","image":{"@type":"ImageObject","inLanguage":"es","@id":"https:\/\/secure.gravatar.com\/avatar\/3ea2118a5f7dad2b7138b1187a6b7ee55f160b9968b66013c3a3ef39dd7e5798?s=96&d=mm&r=g","url":"https:\/\/secure.gravatar.com\/avatar\/3ea2118a5f7dad2b7138b1187a6b7ee55f160b9968b66013c3a3ef39dd7e5798?s=96&d=mm&r=g","contentUrl":"https:\/\/secure.gravatar.com\/avatar\/3ea2118a5f7dad2b7138b1187a6b7ee55f160b9968b66013c3a3ef39dd7e5798?s=96&d=mm&r=g","caption":"Jeanette"},"sameAs":["https:\/\/www.eldiario.net\/portal"],"url":"https:\/\/www.eldiario.net\/portal\/author\/jeanette\/"}]}},"_links":{"self":[{"href":"https:\/\/www.eldiario.net\/portal\/wp-json\/wp\/v2\/posts\/234316","targetHints":{"allow":["GET"]}}],"collection":[{"href":"https:\/\/www.eldiario.net\/portal\/wp-json\/wp\/v2\/posts"}],"about":[{"href":"https:\/\/www.eldiario.net\/portal\/wp-json\/wp\/v2\/types\/post"}],"author":[{"embeddable":true,"href":"https:\/\/www.eldiario.net\/portal\/wp-json\/wp\/v2\/users\/1"}],"replies":[{"embeddable":true,"href":"https:\/\/www.eldiario.net\/portal\/wp-json\/wp\/v2\/comments?post=234316"}],"version-history":[{"count":1,"href":"https:\/\/www.eldiario.net\/portal\/wp-json\/wp\/v2\/posts\/234316\/revisions"}],"predecessor-version":[{"id":234318,"href":"https:\/\/www.eldiario.net\/portal\/wp-json\/wp\/v2\/posts\/234316\/revisions\/234318"}],"wp:featuredmedia":[{"embeddable":true,"href":"https:\/\/www.eldiario.net\/portal\/wp-json\/wp\/v2\/media\/234317"}],"wp:attachment":[{"href":"https:\/\/www.eldiario.net\/portal\/wp-json\/wp\/v2\/media?parent=234316"}],"wp:term":[{"taxonomy":"category","embeddable":true,"href":"https:\/\/www.eldiario.net\/portal\/wp-json\/wp\/v2\/categories?post=234316"},{"taxonomy":"post_tag","embeddable":true,"href":"https:\/\/www.eldiario.net\/portal\/wp-json\/wp\/v2\/tags?post=234316"}],"curies":[{"name":"wp","href":"https:\/\/api.w.org\/{rel}","templated":true}]}}