{"id":234313,"date":"2024-07-16T01:21:01","date_gmt":"2024-07-16T05:21:01","guid":{"rendered":"https:\/\/www.eldiario.net\/portal\/?p=234313"},"modified":"2024-07-16T01:21:01","modified_gmt":"2024-07-16T05:21:01","slug":"biden-pide-enfriar-clima-politico-tras-ataque-contra-donald-trump","status":"publish","type":"post","link":"https:\/\/www.eldiario.net\/portal\/2024\/07\/16\/biden-pide-enfriar-clima-politico-tras-ataque-contra-donald-trump\/","title":{"rendered":"Biden pide \u00abenfriar\u00bb clima pol\u00edtico  tras ataque contra Donald Trump"},"content":{"rendered":"<p class=\"v1MsoNormal\">El presidente de Estados Unidos, Joe Biden, ha apelado al pueblo estadounidense a \u00abenfriar\u00bb el clima pol\u00edtico y que no se convierta en un campo de batalla, alegando que \u00abtodos\u00bb tienen \u00abla responsabilidad de hacerlo\u00bb, despu\u00e9s del intento de asesinato el\u00a0fin de semana contra su predecesor, Donald Trump, que sufri\u00f3 una herida leve.<\/p>\n<p class=\"v1MsoNormal\">\u00abEn Estados Unidos resolvemos nuestras diferencias en las urnas. As\u00ed es como lo hacemos. No con balas. El poder de cambiar a Estados Unidos siempre debe estar en las manos de la gente, no de un posible asesino. El camino a seguir a trav\u00e9s de visiones opuestas de campa\u00f1a debe resolverse de manera pac\u00edfica, no mediante actos de violencia\u00bb, declar\u00f3.<\/p>\n<p class=\"v1MsoNormal\">Biden ha aseverado que \u00abel odio no debe tener ning\u00fan lugar donde resguardarse\u00bb, de forma que ha instado a salir de aquellos lugares en los que \u00abestamos de acuerdo, donde la desinformaci\u00f3n es incontrolable, donde actores extranjeros avivan las llamas\u00bb de la divisi\u00f3n \u00abpara dar forma a resultados coherentes\u00bb con la visi\u00f3n de cada uno.<\/p>\n<p class=\"v1MsoNormal\">\u00abUn ex presidente ha sido tiroteado y un ciudadano estadounidense ha muerto mientras simplemente ejerc\u00eda su libertad para apoyar al candidato de su elecci\u00f3n. No podemos, no debemos, seguir este camino en Estados Unidos. La violencia nunca ha sido la respuesta. (&#8230;) Sin excepciones. No podemos permitir que esta violencia se normalice\u00bb, sostuvo.<\/p>\n<p class=\"v1MsoNormal\">Ante esta situaci\u00f3n, ha recordado otros hechos de violencia pol\u00edtica vividos recientemente en el pa\u00eds norteamericano, como el asalto al Capitolio (6 de enero de 2021) o la agresi\u00f3n a martillazos contra Paul Pelosi, marido de la expresidenta de la C\u00e1mara de Representantes Nancy Pelosi (28 de octubre de 2022). Tambi\u00e9n ha mencionado ataques contra miembros del Congreso y de ambos partidos, intimidaci\u00f3n a funcionarios electorales o complot de secuestro contra las autoridades.<\/p>\n<p class=\"v1MsoNormal\">Por ello, el mandatario se ha dirigido al pueblo estadounidense en un discurso desde el Despacho Oval para pedirles que se comprometan con el respeto y la unidad ante los \u00abprofundos desacuerdos\u00bb. \u00abNada es m\u00e1s importante para nosotros que permanecer juntos\u00bb, ha asegurado, si bien ha hecho hincapi\u00e9 en que la elecci\u00f3n de los pr\u00f3ximos comicios \u00abdar\u00e1 forma al futuro de Estados Unidos y del mundo en las pr\u00f3ximas d\u00e9cadas\u00bb. En este sentido, ha abogado por \u00abla decencia, la dignidad y el juego limpio\u00bb como \u00abrealidades vivas y respirables\u00bb.<\/p>\n<p class=\"v1MsoNormal\">Biden consider\u00f3 que se enfrentan a un momento de \u00abprueba a medida que se acercan las elecciones\u00bb, puesto que \u00abcuanto m\u00e1s hay en juego, m\u00e1s fervientes se vuelven las pasiones\u00bb. \u00abEsto impone a cada uno de nosotros una carga adicional para garantizar que, por muy fuertes que sean nuestras convicciones, nunca caigamos en la violencia\u00bb, manifest\u00f3.<\/p>\n<p class=\"v1MsoNormal\">Mientras que ha pronunciado este discurso, Trump ha llegado a Milwaukee (Wisconsin) para participar en la Convenci\u00f3n Nacional Republicana, que comienza este lunes y en la que se certificar\u00e1 su candidatura a la Casa Blanca. \u00abNo tengo ninguna duda de que criticar\u00e1n mi mandato y ofrecer\u00e1n su propia visi\u00f3n\u00bb, reconoci\u00f3, antes de se\u00f1alar que estar\u00e1 defendiendo su labor, la democracia, la Constituci\u00f3n y el Estado de derecho.<\/p>\n<p class=\"v1MsoNormal\">\u00abAs\u00ed es como deber\u00eda funcionar la democracia. Debatimos y no estamos de acuerdo. Comparamos y contrastamos el car\u00e1cter de los candidatos, los antecedentes, los temas, la agenda, la visi\u00f3n de Estados Unidos\u00bb, concluy\u00f3.<\/p>\n<p class=\"v1MsoNormal\">El ataque, en el que Trump result\u00f3 herido leve en su oreja derecha despu\u00e9s de que la bala la rozara, se sald\u00f3 con la muerte de un simpatizante y con otros dos heridos, que han sido hospitalizados. El atacante, identificado como Thomas Matthew Crooks, de 20 a\u00f1os, fue abatido segundos despu\u00e9s por un francotirador del Servicio Secreto en el tejado desde el que efectu\u00f3 los disparos. (Europa Press)<\/p>\n","protected":false},"excerpt":{"rendered":"<p>El presidente de Estados Unidos, Joe Biden, ha apelado al pueblo estadounidense a \u00abenfriar\u00bb el clima pol\u00edtico y que no se convierta en un campo de batalla, alegando que \u00abtodos\u00bb tienen \u00abla responsabilidad de hacerlo\u00bb, despu\u00e9s del intento de asesinato el\u00a0fin de semana contra su predecesor, Donald Trump, que sufri\u00f3 una herida leve. \u00abEn Estados [&hellip;]<\/p>\n","protected":false},"author":1,"featured_media":234314,"comment_status":"open","ping_status":"open","sticky":false,"template":"","format":"standard","meta":{"_acf_changed":false,"footnotes":""},"categories":[3],"tags":[],"class_list":["post-234313","post","type-post","status-publish","format-standard","has-post-thumbnail","category-internacional"],"acf":{"antetitulo":"Estados Unidos"},"yoast_head":"<!-- This site is optimized with the Yoast SEO plugin v28.3 - https:\/\/yoast.com\/product\/yoast-seo-wordpress\/ -->\n<title>Biden pide &quot;enfriar&quot; clima pol\u00edtico tras ataque contra Donald Trump - El Diario - Bolivia<\/title>\n<meta name=\"robots\" content=\"index, follow, max-snippet:-1, max-image-preview:large, max-video-preview:-1\" \/>\n<link rel=\"canonical\" href=\"https:\/\/www.eldiario.net\/portal\/2024\/07\/16\/biden-pide-enfriar-clima-politico-tras-ataque-contra-donald-trump\/\" \/>\n<meta property=\"og:locale\" content=\"es_ES\" \/>\n<meta property=\"og:type\" content=\"article\" \/>\n<meta property=\"og:title\" content=\"Biden pide &quot;enfriar&quot; clima pol\u00edtico tras ataque contra Donald Trump - El Diario - Bolivia\" \/>\n<meta property=\"og:description\" content=\"El presidente de Estados Unidos, Joe Biden, ha apelado al pueblo estadounidense a \u00abenfriar\u00bb el clima pol\u00edtico y que no se convierta en un campo de batalla, alegando que \u00abtodos\u00bb tienen \u00abla responsabilidad de hacerlo\u00bb, despu\u00e9s del intento de asesinato el\u00a0fin de semana contra su predecesor, Donald Trump, que sufri\u00f3 una herida leve. \u00abEn Estados [&hellip;]\" \/>\n<meta property=\"og:url\" content=\"https:\/\/www.eldiario.net\/portal\/2024\/07\/16\/biden-pide-enfriar-clima-politico-tras-ataque-contra-donald-trump\/\" \/>\n<meta property=\"og:site_name\" content=\"El Diario - Bolivia\" \/>\n<meta property=\"article:publisher\" content=\"https:\/\/www.facebook.com\/eldiario.bolivia\/\" \/>\n<meta property=\"article:published_time\" content=\"2024-07-16T05:21:01+00:00\" \/>\n<meta property=\"og:image\" content=\"https:\/\/www.eldiario.net\/portal\/wp-content\/uploads\/2024\/07\/Biden-TO.webp\" \/>\n\t<meta property=\"og:image:width\" content=\"1200\" \/>\n\t<meta property=\"og:image:height\" content=\"675\" \/>\n\t<meta property=\"og:image:type\" content=\"image\/webp\" \/>\n<meta name=\"author\" content=\"Jeanette\" \/>\n<meta name=\"twitter:card\" content=\"summary_large_image\" \/>\n<meta name=\"twitter:creator\" content=\"@eldiario_net\" \/>\n<meta name=\"twitter:site\" content=\"@eldiario_net\" \/>\n<meta name=\"twitter:label1\" content=\"Escrito por\" \/>\n\t<meta name=\"twitter:data1\" content=\"Jeanette\" \/>\n\t<meta name=\"twitter:label2\" content=\"Tiempo de lectura\" \/>\n\t<meta name=\"twitter:data2\" content=\"3 minutos\" \/>\n<script type=\"application\/ld+json\" class=\"yoast-schema-graph\">{\"@context\":\"https:\\\/\\\/schema.org\",\"@graph\":[{\"@type\":\"Article\",\"@id\":\"https:\\\/\\\/www.eldiario.net\\\/portal\\\/2024\\\/07\\\/16\\\/biden-pide-enfriar-clima-politico-tras-ataque-contra-donald-trump\\\/#article\",\"isPartOf\":{\"@id\":\"https:\\\/\\\/www.eldiario.net\\\/portal\\\/2024\\\/07\\\/16\\\/biden-pide-enfriar-clima-politico-tras-ataque-contra-donald-trump\\\/\"},\"author\":{\"name\":\"Jeanette\",\"@id\":\"https:\\\/\\\/www.eldiario.net\\\/portal\\\/#\\\/schema\\\/person\\\/f46445640444750d7d753ccd04ae01b7\"},\"headline\":\"Biden pide \u00abenfriar\u00bb clima pol\u00edtico tras ataque contra Donald Trump\",\"datePublished\":\"2024-07-16T05:21:01+00:00\",\"mainEntityOfPage\":{\"@id\":\"https:\\\/\\\/www.eldiario.net\\\/portal\\\/2024\\\/07\\\/16\\\/biden-pide-enfriar-clima-politico-tras-ataque-contra-donald-trump\\\/\"},\"wordCount\":650,\"commentCount\":0,\"publisher\":{\"@id\":\"https:\\\/\\\/www.eldiario.net\\\/portal\\\/#organization\"},\"image\":{\"@id\":\"https:\\\/\\\/www.eldiario.net\\\/portal\\\/2024\\\/07\\\/16\\\/biden-pide-enfriar-clima-politico-tras-ataque-contra-donald-trump\\\/#primaryimage\"},\"thumbnailUrl\":\"https:\\\/\\\/www.eldiario.net\\\/portal\\\/wp-content\\\/uploads\\\/2024\\\/07\\\/Biden-TO.webp\",\"articleSection\":[\"Internacional\"],\"inLanguage\":\"es\",\"potentialAction\":[{\"@type\":\"CommentAction\",\"name\":\"Comment\",\"target\":[\"https:\\\/\\\/www.eldiario.net\\\/portal\\\/2024\\\/07\\\/16\\\/biden-pide-enfriar-clima-politico-tras-ataque-contra-donald-trump\\\/#respond\"]}]},{\"@type\":\"WebPage\",\"@id\":\"https:\\\/\\\/www.eldiario.net\\\/portal\\\/2024\\\/07\\\/16\\\/biden-pide-enfriar-clima-politico-tras-ataque-contra-donald-trump\\\/\",\"url\":\"https:\\\/\\\/www.eldiario.net\\\/portal\\\/2024\\\/07\\\/16\\\/biden-pide-enfriar-clima-politico-tras-ataque-contra-donald-trump\\\/\",\"name\":\"Biden pide \\\"enfriar\\\" clima pol\u00edtico tras ataque contra Donald Trump - El Diario - Bolivia\",\"isPartOf\":{\"@id\":\"https:\\\/\\\/www.eldiario.net\\\/portal\\\/#website\"},\"primaryImageOfPage\":{\"@id\":\"https:\\\/\\\/www.eldiario.net\\\/portal\\\/2024\\\/07\\\/16\\\/biden-pide-enfriar-clima-politico-tras-ataque-contra-donald-trump\\\/#primaryimage\"},\"image\":{\"@id\":\"https:\\\/\\\/www.eldiario.net\\\/portal\\\/2024\\\/07\\\/16\\\/biden-pide-enfriar-clima-politico-tras-ataque-contra-donald-trump\\\/#primaryimage\"},\"thumbnailUrl\":\"https:\\\/\\\/www.eldiario.net\\\/portal\\\/wp-content\\\/uploads\\\/2024\\\/07\\\/Biden-TO.webp\",\"datePublished\":\"2024-07-16T05:21:01+00:00\",\"breadcrumb\":{\"@id\":\"https:\\\/\\\/www.eldiario.net\\\/portal\\\/2024\\\/07\\\/16\\\/biden-pide-enfriar-clima-politico-tras-ataque-contra-donald-trump\\\/#breadcrumb\"},\"inLanguage\":\"es\",\"potentialAction\":[{\"@type\":\"ReadAction\",\"target\":[\"https:\\\/\\\/www.eldiario.net\\\/portal\\\/2024\\\/07\\\/16\\\/biden-pide-enfriar-clima-politico-tras-ataque-contra-donald-trump\\\/\"]}]},{\"@type\":\"ImageObject\",\"inLanguage\":\"es\",\"@id\":\"https:\\\/\\\/www.eldiario.net\\\/portal\\\/2024\\\/07\\\/16\\\/biden-pide-enfriar-clima-politico-tras-ataque-contra-donald-trump\\\/#primaryimage\",\"url\":\"https:\\\/\\\/www.eldiario.net\\\/portal\\\/wp-content\\\/uploads\\\/2024\\\/07\\\/Biden-TO.webp\",\"contentUrl\":\"https:\\\/\\\/www.eldiario.net\\\/portal\\\/wp-content\\\/uploads\\\/2024\\\/07\\\/Biden-TO.webp\",\"width\":1200,\"height\":675,\"caption\":\"Presidente de Estados Unidos, Joe Biden. CR\u00c9DITO: TO\"},{\"@type\":\"BreadcrumbList\",\"@id\":\"https:\\\/\\\/www.eldiario.net\\\/portal\\\/2024\\\/07\\\/16\\\/biden-pide-enfriar-clima-politico-tras-ataque-contra-donald-trump\\\/#breadcrumb\",\"itemListElement\":[{\"@type\":\"ListItem\",\"position\":1,\"name\":\"Portada\",\"item\":\"https:\\\/\\\/www.eldiario.net\\\/portal\\\/\"},{\"@type\":\"ListItem\",\"position\":2,\"name\":\"Biden pide \u00abenfriar\u00bb clima pol\u00edtico tras ataque contra Donald Trump\"}]},{\"@type\":\"WebSite\",\"@id\":\"https:\\\/\\\/www.eldiario.net\\\/portal\\\/#website\",\"url\":\"https:\\\/\\\/www.eldiario.net\\\/portal\\\/\",\"name\":\"El Diario - Decano de la prensa nacional\",\"description\":\"El Diario - Decano de la prensa nacional\",\"publisher\":{\"@id\":\"https:\\\/\\\/www.eldiario.net\\\/portal\\\/#organization\"},\"potentialAction\":[{\"@type\":\"SearchAction\",\"target\":{\"@type\":\"EntryPoint\",\"urlTemplate\":\"https:\\\/\\\/www.eldiario.net\\\/portal\\\/?s={search_term_string}\"},\"query-input\":{\"@type\":\"PropertyValueSpecification\",\"valueRequired\":true,\"valueName\":\"search_term_string\"}}],\"inLanguage\":\"es\"},{\"@type\":\"Organization\",\"@id\":\"https:\\\/\\\/www.eldiario.net\\\/portal\\\/#organization\",\"name\":\"El Diario - Decano de la prensa nacional\",\"url\":\"https:\\\/\\\/www.eldiario.net\\\/portal\\\/\",\"logo\":{\"@type\":\"ImageObject\",\"inLanguage\":\"es\",\"@id\":\"https:\\\/\\\/www.eldiario.net\\\/portal\\\/#\\\/schema\\\/logo\\\/image\\\/\",\"url\":\"https:\\\/\\\/www.eldiario.net\\\/portal\\\/wp-content\\\/uploads\\\/2023\\\/07\\\/logo_ED.jpg\",\"contentUrl\":\"https:\\\/\\\/www.eldiario.net\\\/portal\\\/wp-content\\\/uploads\\\/2023\\\/07\\\/logo_ED.jpg\",\"width\":272,\"height\":52,\"caption\":\"El Diario - Decano de la prensa nacional\"},\"image\":{\"@id\":\"https:\\\/\\\/www.eldiario.net\\\/portal\\\/#\\\/schema\\\/logo\\\/image\\\/\"},\"sameAs\":[\"https:\\\/\\\/www.facebook.com\\\/eldiario.bolivia\\\/\",\"https:\\\/\\\/x.com\\\/eldiario_net\"]},{\"@type\":\"Person\",\"@id\":\"https:\\\/\\\/www.eldiario.net\\\/portal\\\/#\\\/schema\\\/person\\\/f46445640444750d7d753ccd04ae01b7\",\"name\":\"Jeanette\",\"image\":{\"@type\":\"ImageObject\",\"inLanguage\":\"es\",\"@id\":\"https:\\\/\\\/secure.gravatar.com\\\/avatar\\\/3ea2118a5f7dad2b7138b1187a6b7ee55f160b9968b66013c3a3ef39dd7e5798?s=96&d=mm&r=g\",\"url\":\"https:\\\/\\\/secure.gravatar.com\\\/avatar\\\/3ea2118a5f7dad2b7138b1187a6b7ee55f160b9968b66013c3a3ef39dd7e5798?s=96&d=mm&r=g\",\"contentUrl\":\"https:\\\/\\\/secure.gravatar.com\\\/avatar\\\/3ea2118a5f7dad2b7138b1187a6b7ee55f160b9968b66013c3a3ef39dd7e5798?s=96&d=mm&r=g\",\"caption\":\"Jeanette\"},\"sameAs\":[\"https:\\\/\\\/www.eldiario.net\\\/portal\"],\"url\":\"https:\\\/\\\/www.eldiario.net\\\/portal\\\/author\\\/jeanette\\\/\"}]}<\/script>\n<!-- \/ Yoast SEO plugin. -->","yoast_head_json":{"title":"Biden pide \"enfriar\" clima pol\u00edtico tras ataque contra Donald Trump - El Diario - Bolivia","robots":{"index":"index","follow":"follow","max-snippet":"max-snippet:-1","max-image-preview":"max-image-preview:large","max-video-preview":"max-video-preview:-1"},"canonical":"https:\/\/www.eldiario.net\/portal\/2024\/07\/16\/biden-pide-enfriar-clima-politico-tras-ataque-contra-donald-trump\/","og_locale":"es_ES","og_type":"article","og_title":"Biden pide \"enfriar\" clima pol\u00edtico tras ataque contra Donald Trump - El Diario - Bolivia","og_description":"El presidente de Estados Unidos, Joe Biden, ha apelado al pueblo estadounidense a \u00abenfriar\u00bb el clima pol\u00edtico y que no se convierta en un campo de batalla, alegando que \u00abtodos\u00bb tienen \u00abla responsabilidad de hacerlo\u00bb, despu\u00e9s del intento de asesinato el\u00a0fin de semana contra su predecesor, Donald Trump, que sufri\u00f3 una herida leve. \u00abEn Estados [&hellip;]","og_url":"https:\/\/www.eldiario.net\/portal\/2024\/07\/16\/biden-pide-enfriar-clima-politico-tras-ataque-contra-donald-trump\/","og_site_name":"El Diario - Bolivia","article_publisher":"https:\/\/www.facebook.com\/eldiario.bolivia\/","article_published_time":"2024-07-16T05:21:01+00:00","og_image":[{"width":1200,"height":675,"url":"https:\/\/www.eldiario.net\/portal\/wp-content\/uploads\/2024\/07\/Biden-TO.webp","type":"image\/webp"}],"author":"Jeanette","twitter_card":"summary_large_image","twitter_creator":"@eldiario_net","twitter_site":"@eldiario_net","twitter_misc":{"Escrito por":"Jeanette","Tiempo de lectura":"3 minutos"},"schema":{"@context":"https:\/\/schema.org","@graph":[{"@type":"Article","@id":"https:\/\/www.eldiario.net\/portal\/2024\/07\/16\/biden-pide-enfriar-clima-politico-tras-ataque-contra-donald-trump\/#article","isPartOf":{"@id":"https:\/\/www.eldiario.net\/portal\/2024\/07\/16\/biden-pide-enfriar-clima-politico-tras-ataque-contra-donald-trump\/"},"author":{"name":"Jeanette","@id":"https:\/\/www.eldiario.net\/portal\/#\/schema\/person\/f46445640444750d7d753ccd04ae01b7"},"headline":"Biden pide \u00abenfriar\u00bb clima pol\u00edtico tras ataque contra Donald Trump","datePublished":"2024-07-16T05:21:01+00:00","mainEntityOfPage":{"@id":"https:\/\/www.eldiario.net\/portal\/2024\/07\/16\/biden-pide-enfriar-clima-politico-tras-ataque-contra-donald-trump\/"},"wordCount":650,"commentCount":0,"publisher":{"@id":"https:\/\/www.eldiario.net\/portal\/#organization"},"image":{"@id":"https:\/\/www.eldiario.net\/portal\/2024\/07\/16\/biden-pide-enfriar-clima-politico-tras-ataque-contra-donald-trump\/#primaryimage"},"thumbnailUrl":"https:\/\/www.eldiario.net\/portal\/wp-content\/uploads\/2024\/07\/Biden-TO.webp","articleSection":["Internacional"],"inLanguage":"es","potentialAction":[{"@type":"CommentAction","name":"Comment","target":["https:\/\/www.eldiario.net\/portal\/2024\/07\/16\/biden-pide-enfriar-clima-politico-tras-ataque-contra-donald-trump\/#respond"]}]},{"@type":"WebPage","@id":"https:\/\/www.eldiario.net\/portal\/2024\/07\/16\/biden-pide-enfriar-clima-politico-tras-ataque-contra-donald-trump\/","url":"https:\/\/www.eldiario.net\/portal\/2024\/07\/16\/biden-pide-enfriar-clima-politico-tras-ataque-contra-donald-trump\/","name":"Biden pide \"enfriar\" clima pol\u00edtico tras ataque contra Donald Trump - El Diario - Bolivia","isPartOf":{"@id":"https:\/\/www.eldiario.net\/portal\/#website"},"primaryImageOfPage":{"@id":"https:\/\/www.eldiario.net\/portal\/2024\/07\/16\/biden-pide-enfriar-clima-politico-tras-ataque-contra-donald-trump\/#primaryimage"},"image":{"@id":"https:\/\/www.eldiario.net\/portal\/2024\/07\/16\/biden-pide-enfriar-clima-politico-tras-ataque-contra-donald-trump\/#primaryimage"},"thumbnailUrl":"https:\/\/www.eldiario.net\/portal\/wp-content\/uploads\/2024\/07\/Biden-TO.webp","datePublished":"2024-07-16T05:21:01+00:00","breadcrumb":{"@id":"https:\/\/www.eldiario.net\/portal\/2024\/07\/16\/biden-pide-enfriar-clima-politico-tras-ataque-contra-donald-trump\/#breadcrumb"},"inLanguage":"es","potentialAction":[{"@type":"ReadAction","target":["https:\/\/www.eldiario.net\/portal\/2024\/07\/16\/biden-pide-enfriar-clima-politico-tras-ataque-contra-donald-trump\/"]}]},{"@type":"ImageObject","inLanguage":"es","@id":"https:\/\/www.eldiario.net\/portal\/2024\/07\/16\/biden-pide-enfriar-clima-politico-tras-ataque-contra-donald-trump\/#primaryimage","url":"https:\/\/www.eldiario.net\/portal\/wp-content\/uploads\/2024\/07\/Biden-TO.webp","contentUrl":"https:\/\/www.eldiario.net\/portal\/wp-content\/uploads\/2024\/07\/Biden-TO.webp","width":1200,"height":675,"caption":"Presidente de Estados Unidos, Joe Biden. CR\u00c9DITO: TO"},{"@type":"BreadcrumbList","@id":"https:\/\/www.eldiario.net\/portal\/2024\/07\/16\/biden-pide-enfriar-clima-politico-tras-ataque-contra-donald-trump\/#breadcrumb","itemListElement":[{"@type":"ListItem","position":1,"name":"Portada","item":"https:\/\/www.eldiario.net\/portal\/"},{"@type":"ListItem","position":2,"name":"Biden pide \u00abenfriar\u00bb clima pol\u00edtico tras ataque contra Donald Trump"}]},{"@type":"WebSite","@id":"https:\/\/www.eldiario.net\/portal\/#website","url":"https:\/\/www.eldiario.net\/portal\/","name":"El Diario - Decano de la prensa nacional","description":"El Diario - Decano de la prensa nacional","publisher":{"@id":"https:\/\/www.eldiario.net\/portal\/#organization"},"potentialAction":[{"@type":"SearchAction","target":{"@type":"EntryPoint","urlTemplate":"https:\/\/www.eldiario.net\/portal\/?s={search_term_string}"},"query-input":{"@type":"PropertyValueSpecification","valueRequired":true,"valueName":"search_term_string"}}],"inLanguage":"es"},{"@type":"Organization","@id":"https:\/\/www.eldiario.net\/portal\/#organization","name":"El Diario - Decano de la prensa nacional","url":"https:\/\/www.eldiario.net\/portal\/","logo":{"@type":"ImageObject","inLanguage":"es","@id":"https:\/\/www.eldiario.net\/portal\/#\/schema\/logo\/image\/","url":"https:\/\/www.eldiario.net\/portal\/wp-content\/uploads\/2023\/07\/logo_ED.jpg","contentUrl":"https:\/\/www.eldiario.net\/portal\/wp-content\/uploads\/2023\/07\/logo_ED.jpg","width":272,"height":52,"caption":"El Diario - Decano de la prensa nacional"},"image":{"@id":"https:\/\/www.eldiario.net\/portal\/#\/schema\/logo\/image\/"},"sameAs":["https:\/\/www.facebook.com\/eldiario.bolivia\/","https:\/\/x.com\/eldiario_net"]},{"@type":"Person","@id":"https:\/\/www.eldiario.net\/portal\/#\/schema\/person\/f46445640444750d7d753ccd04ae01b7","name":"Jeanette","image":{"@type":"ImageObject","inLanguage":"es","@id":"https:\/\/secure.gravatar.com\/avatar\/3ea2118a5f7dad2b7138b1187a6b7ee55f160b9968b66013c3a3ef39dd7e5798?s=96&d=mm&r=g","url":"https:\/\/secure.gravatar.com\/avatar\/3ea2118a5f7dad2b7138b1187a6b7ee55f160b9968b66013c3a3ef39dd7e5798?s=96&d=mm&r=g","contentUrl":"https:\/\/secure.gravatar.com\/avatar\/3ea2118a5f7dad2b7138b1187a6b7ee55f160b9968b66013c3a3ef39dd7e5798?s=96&d=mm&r=g","caption":"Jeanette"},"sameAs":["https:\/\/www.eldiario.net\/portal"],"url":"https:\/\/www.eldiario.net\/portal\/author\/jeanette\/"}]}},"_links":{"self":[{"href":"https:\/\/www.eldiario.net\/portal\/wp-json\/wp\/v2\/posts\/234313","targetHints":{"allow":["GET"]}}],"collection":[{"href":"https:\/\/www.eldiario.net\/portal\/wp-json\/wp\/v2\/posts"}],"about":[{"href":"https:\/\/www.eldiario.net\/portal\/wp-json\/wp\/v2\/types\/post"}],"author":[{"embeddable":true,"href":"https:\/\/www.eldiario.net\/portal\/wp-json\/wp\/v2\/users\/1"}],"replies":[{"embeddable":true,"href":"https:\/\/www.eldiario.net\/portal\/wp-json\/wp\/v2\/comments?post=234313"}],"version-history":[{"count":1,"href":"https:\/\/www.eldiario.net\/portal\/wp-json\/wp\/v2\/posts\/234313\/revisions"}],"predecessor-version":[{"id":234315,"href":"https:\/\/www.eldiario.net\/portal\/wp-json\/wp\/v2\/posts\/234313\/revisions\/234315"}],"wp:featuredmedia":[{"embeddable":true,"href":"https:\/\/www.eldiario.net\/portal\/wp-json\/wp\/v2\/media\/234314"}],"wp:attachment":[{"href":"https:\/\/www.eldiario.net\/portal\/wp-json\/wp\/v2\/media?parent=234313"}],"wp:term":[{"taxonomy":"category","embeddable":true,"href":"https:\/\/www.eldiario.net\/portal\/wp-json\/wp\/v2\/categories?post=234313"},{"taxonomy":"post_tag","embeddable":true,"href":"https:\/\/www.eldiario.net\/portal\/wp-json\/wp\/v2\/tags?post=234313"}],"curies":[{"name":"wp","href":"https:\/\/api.w.org\/{rel}","templated":true}]}}