{"id":234310,"date":"2024-07-16T01:19:41","date_gmt":"2024-07-16T05:19:41","guid":{"rendered":"https:\/\/www.eldiario.net\/portal\/?p=234310"},"modified":"2024-07-16T01:19:41","modified_gmt":"2024-07-16T05:19:41","slug":"la-historia-de-nico-williams","status":"publish","type":"post","link":"https:\/\/www.eldiario.net\/portal\/2024\/07\/16\/la-historia-de-nico-williams\/","title":{"rendered":"La historia de Nico Williams"},"content":{"rendered":"<p>Tras un primer tiempo muy disputado y con escasas aproximaciones en ambos arcos, Espa\u00f1a abri\u00f3 el marcador en la final ante Inglaterra gracias a una jugada colectiva que defini\u00f3 Nico Williams. Result\u00f3 el puntapi\u00e9 inicial de la conquista ib\u00e9rica, el elenco que mejor jug\u00f3 a lo largo de la competencia. Y una se\u00f1al del potencial de sus j\u00f3venes figuras, que hicieron furor durante todo el mes.<\/p>\n<p>Fue en el inicio del complemento, apenas un minuto despu\u00e9s de que el juego se reanudara tras el descanso. Lamine Yamal recibi\u00f3 en tres cuartos de campo y encar\u00f3 en diagonal hacia la zona central, perfilado para su zurda. Marcado entre tres ingleses, el chico de 17 a\u00f1os dio un pase al medio que cruz\u00f3 el \u00e1rea. Ni Dani Olmo ni sus rivales pudieron conectar el bal\u00f3n y el sector contrario lleg\u00f3 el delantero del Athletic de Bilbao, quien resolvi\u00f3 con un remate cruzado, imposible para Jordan Pickford. El tanto hizo explotar a los 12 mil aficionados espa\u00f1oles en el estadio Ol\u00edmpico de Berl\u00edn.<\/p>\n<p>El talentoso extremo que el \u00faltimo viernes cumpli\u00f3 22 a\u00f1os es una las m\u00e1ximas figuras del certamen. Siempre volcado en la zona izquierda del ataque, fue clave para desequilibrar constantemente a las defensas rivales. Hizo dos goles, el otro fue ante Georgia en los octavos de final. Adem\u00e1s, dio una asistencia.<\/p>\n<p>Surgido de las divisiones inferiores del Athletic -se uni\u00f3 a la cantera en 2013 tras haber pasado por las categor\u00edas infantiles del Osasuna-, hizo su debut con la camiseta de la Roja en septiembre de 2022. En esta \u00faltima temporada jug\u00f3 37 partidos y marc\u00f3 8 goles. Tiene contrato con el club vasco hasta el 30 de junio de 2027, con una cl\u00e1usula de 58 millones de euros. Su nombre suena como posible refuerzo de Barcelona. De hecho, el presidente el club cul\u00e9, Joan Laporta, ha expresado p\u00fablicamente su inter\u00e9s por contratarlo.<\/p>\n<p>Ante esta situaci\u00f3n, el presidente del Athletic, Jon Uriarte, se quej\u00f3: \u201cNico ha estado sometido a un bombardeo de preguntas sobre su futuro sin control. Est\u00e1 concentrado para disputar la Eurocopa con la RFEF (N. de la R.: la Federaci\u00f3n espa\u00f1ola de f\u00fatbol), que no ha sabido protegerle\u201d. Por su parte, el jugador dej\u00f3 de conceder entrevistas personales desde la previa a las semifinales.<\/p>\n<p>La pol\u00e9mica creci\u00f3 a tal punto que su compa\u00f1ero Dani Vivian fue consultado en rueda de prensa y dijo Nico se mantuvo ajeno a la controversia y concentrado en la final.<\/p>\n<p>&nbsp;<\/p>\n<p>LA HISTORIA DE NICO WILLIAMS<\/p>\n<p>Su nombre completo es Nicholas Williams Arthuer. Naci\u00f3 el 12 de julio de 2002 en la ciudad de Pamplona. Sus padres, F\u00e9lix Williams y Mar\u00eda Comfort Arthuer, son oriundos de Ghana y llegaron como refugiados a territorio espa\u00f1ol. La pareja se conoci\u00f3 en la d\u00e9cada de los 90 y emigr\u00f3 en busca de un futuro mejor. Su idea inicial fue viajar al Reino Unido. Sin embargo, se inclinaron por Espa\u00f1a por recomendaci\u00f3n de un amigo que les dijo que les iba a costar menos dinero, algo que finalmente result\u00f3 un enga\u00f1o. As\u00ed, tuvieron que cruzar gran parte del desierto del S\u00e1hara a pie.<\/p>\n<p>La odisea familiar fue revelada a The Guardian por el hermano mayor de Nico, I\u00f1aki (28), con quien el joven comparte equipo en Athletic de Bilbao. La pareja, que no contaban con la documentaci\u00f3n correspondiente, fue detenida por la Guardia Civil y estuvo a punto de ser deportada en Melilla, pero fueron ayudados por un abogado de C\u00e1ritas.<\/p>\n<p>Los Williams se instalaron en Pamplona, donde Mar\u00eda dio a luz a Nico. Como sus padres estaban poco en su casa por cuestiones laborales, I\u00f1aki se encargaba de cuidarlo.<\/p>\n<p>El joven asegura que no consume bebidas alcoh\u00f3licas, que le gustan mucho los veh\u00edculos y que su familia lo gu\u00eda. En un ping pong de preguntas y respuestas con la cadena COPE, dijo que, de no haber sido futbolista, hubiese estudiado para ser fisioterapeuta. Tambi\u00e9n cont\u00f3 que no puede vivir sin celular, que es muy activo en las redes sociales -calcula que \u201cunas seis horas diarias\u201d- y que se corta el cabello una vez por semana; a los costados, porque las rastas se las hace cada cuatro o cinco meses.<\/p>\n<p>Adem\u00e1s, revel\u00f3 que, tras asistir a la boda de su hermano, le dieron ganas de casarse. Sus cantantes favoritos son Myke Towers y Justin Quiles y el mejor consejo que le dieron fue el siguiente: \u201cNo vayas solo, siempre ve acompa\u00f1ado\u201d.<\/p>\n<p><strong>(INFOBAE)<\/strong><\/p>\n","protected":false},"excerpt":{"rendered":"<p>Tras un primer tiempo muy disputado y con escasas aproximaciones en ambos arcos, Espa\u00f1a abri\u00f3 el marcador en la final ante Inglaterra gracias a una jugada colectiva que defini\u00f3 Nico Williams. Result\u00f3 el puntapi\u00e9 inicial de la conquista ib\u00e9rica, el elenco que mejor jug\u00f3 a lo largo de la competencia. Y una se\u00f1al del potencial [&hellip;]<\/p>\n","protected":false},"author":1,"featured_media":234311,"comment_status":"open","ping_status":"open","sticky":false,"template":"","format":"standard","meta":{"_acf_changed":false,"footnotes":""},"categories":[6,53],"tags":[],"class_list":["post-234310","post","type-post","status-publish","format-standard","has-post-thumbnail","category-deportes","category-eurocopa-2024"],"acf":{"antetitulo":""},"yoast_head":"<!-- This site is optimized with the Yoast SEO plugin v28.3 - https:\/\/yoast.com\/product\/yoast-seo-wordpress\/ -->\n<title>La historia de Nico Williams - El Diario - Bolivia<\/title>\n<meta name=\"robots\" content=\"index, follow, max-snippet:-1, max-image-preview:large, max-video-preview:-1\" \/>\n<link rel=\"canonical\" href=\"https:\/\/www.eldiario.net\/portal\/2024\/07\/16\/la-historia-de-nico-williams\/\" \/>\n<meta property=\"og:locale\" content=\"es_ES\" \/>\n<meta property=\"og:type\" content=\"article\" \/>\n<meta property=\"og:title\" content=\"La historia de Nico Williams - El Diario - Bolivia\" \/>\n<meta property=\"og:description\" content=\"Tras un primer tiempo muy disputado y con escasas aproximaciones en ambos arcos, Espa\u00f1a abri\u00f3 el marcador en la final ante Inglaterra gracias a una jugada colectiva que defini\u00f3 Nico Williams. Result\u00f3 el puntapi\u00e9 inicial de la conquista ib\u00e9rica, el elenco que mejor jug\u00f3 a lo largo de la competencia. Y una se\u00f1al del potencial [&hellip;]\" \/>\n<meta property=\"og:url\" content=\"https:\/\/www.eldiario.net\/portal\/2024\/07\/16\/la-historia-de-nico-williams\/\" \/>\n<meta property=\"og:site_name\" content=\"El Diario - Bolivia\" \/>\n<meta property=\"article:publisher\" content=\"https:\/\/www.facebook.com\/eldiario.bolivia\/\" \/>\n<meta property=\"article:published_time\" content=\"2024-07-16T05:19:41+00:00\" \/>\n<meta property=\"og:image\" content=\"https:\/\/www.eldiario.net\/portal\/wp-content\/uploads\/2024\/07\/Nico-Williams-15.jpg\" \/>\n\t<meta property=\"og:image:width\" content=\"449\" \/>\n\t<meta property=\"og:image:height\" content=\"315\" \/>\n\t<meta property=\"og:image:type\" content=\"image\/jpeg\" \/>\n<meta name=\"author\" content=\"Jeanette\" \/>\n<meta name=\"twitter:card\" content=\"summary_large_image\" \/>\n<meta name=\"twitter:creator\" content=\"@eldiario_net\" \/>\n<meta name=\"twitter:site\" content=\"@eldiario_net\" \/>\n<meta name=\"twitter:label1\" content=\"Escrito por\" \/>\n\t<meta name=\"twitter:data1\" content=\"Jeanette\" \/>\n\t<meta name=\"twitter:label2\" content=\"Tiempo de lectura\" \/>\n\t<meta name=\"twitter:data2\" content=\"4 minutos\" \/>\n<script type=\"application\/ld+json\" class=\"yoast-schema-graph\">{\"@context\":\"https:\\\/\\\/schema.org\",\"@graph\":[{\"@type\":\"Article\",\"@id\":\"https:\\\/\\\/www.eldiario.net\\\/portal\\\/2024\\\/07\\\/16\\\/la-historia-de-nico-williams\\\/#article\",\"isPartOf\":{\"@id\":\"https:\\\/\\\/www.eldiario.net\\\/portal\\\/2024\\\/07\\\/16\\\/la-historia-de-nico-williams\\\/\"},\"author\":{\"name\":\"Jeanette\",\"@id\":\"https:\\\/\\\/www.eldiario.net\\\/portal\\\/#\\\/schema\\\/person\\\/f46445640444750d7d753ccd04ae01b7\"},\"headline\":\"La historia de Nico Williams\",\"datePublished\":\"2024-07-16T05:19:41+00:00\",\"mainEntityOfPage\":{\"@id\":\"https:\\\/\\\/www.eldiario.net\\\/portal\\\/2024\\\/07\\\/16\\\/la-historia-de-nico-williams\\\/\"},\"wordCount\":770,\"commentCount\":0,\"publisher\":{\"@id\":\"https:\\\/\\\/www.eldiario.net\\\/portal\\\/#organization\"},\"image\":{\"@id\":\"https:\\\/\\\/www.eldiario.net\\\/portal\\\/2024\\\/07\\\/16\\\/la-historia-de-nico-williams\\\/#primaryimage\"},\"thumbnailUrl\":\"https:\\\/\\\/www.eldiario.net\\\/portal\\\/wp-content\\\/uploads\\\/2024\\\/07\\\/Nico-Williams-15.jpg\",\"articleSection\":[\"Deportes\",\"Eurocopa 2024\"],\"inLanguage\":\"es\",\"potentialAction\":[{\"@type\":\"CommentAction\",\"name\":\"Comment\",\"target\":[\"https:\\\/\\\/www.eldiario.net\\\/portal\\\/2024\\\/07\\\/16\\\/la-historia-de-nico-williams\\\/#respond\"]}]},{\"@type\":\"WebPage\",\"@id\":\"https:\\\/\\\/www.eldiario.net\\\/portal\\\/2024\\\/07\\\/16\\\/la-historia-de-nico-williams\\\/\",\"url\":\"https:\\\/\\\/www.eldiario.net\\\/portal\\\/2024\\\/07\\\/16\\\/la-historia-de-nico-williams\\\/\",\"name\":\"La historia de Nico Williams - El Diario - Bolivia\",\"isPartOf\":{\"@id\":\"https:\\\/\\\/www.eldiario.net\\\/portal\\\/#website\"},\"primaryImageOfPage\":{\"@id\":\"https:\\\/\\\/www.eldiario.net\\\/portal\\\/2024\\\/07\\\/16\\\/la-historia-de-nico-williams\\\/#primaryimage\"},\"image\":{\"@id\":\"https:\\\/\\\/www.eldiario.net\\\/portal\\\/2024\\\/07\\\/16\\\/la-historia-de-nico-williams\\\/#primaryimage\"},\"thumbnailUrl\":\"https:\\\/\\\/www.eldiario.net\\\/portal\\\/wp-content\\\/uploads\\\/2024\\\/07\\\/Nico-Williams-15.jpg\",\"datePublished\":\"2024-07-16T05:19:41+00:00\",\"breadcrumb\":{\"@id\":\"https:\\\/\\\/www.eldiario.net\\\/portal\\\/2024\\\/07\\\/16\\\/la-historia-de-nico-williams\\\/#breadcrumb\"},\"inLanguage\":\"es\",\"potentialAction\":[{\"@type\":\"ReadAction\",\"target\":[\"https:\\\/\\\/www.eldiario.net\\\/portal\\\/2024\\\/07\\\/16\\\/la-historia-de-nico-williams\\\/\"]}]},{\"@type\":\"ImageObject\",\"inLanguage\":\"es\",\"@id\":\"https:\\\/\\\/www.eldiario.net\\\/portal\\\/2024\\\/07\\\/16\\\/la-historia-de-nico-williams\\\/#primaryimage\",\"url\":\"https:\\\/\\\/www.eldiario.net\\\/portal\\\/wp-content\\\/uploads\\\/2024\\\/07\\\/Nico-Williams-15.jpg\",\"contentUrl\":\"https:\\\/\\\/www.eldiario.net\\\/portal\\\/wp-content\\\/uploads\\\/2024\\\/07\\\/Nico-Williams-15.jpg\",\"width\":449,\"height\":315},{\"@type\":\"BreadcrumbList\",\"@id\":\"https:\\\/\\\/www.eldiario.net\\\/portal\\\/2024\\\/07\\\/16\\\/la-historia-de-nico-williams\\\/#breadcrumb\",\"itemListElement\":[{\"@type\":\"ListItem\",\"position\":1,\"name\":\"Portada\",\"item\":\"https:\\\/\\\/www.eldiario.net\\\/portal\\\/\"},{\"@type\":\"ListItem\",\"position\":2,\"name\":\"La historia de Nico Williams\"}]},{\"@type\":\"WebSite\",\"@id\":\"https:\\\/\\\/www.eldiario.net\\\/portal\\\/#website\",\"url\":\"https:\\\/\\\/www.eldiario.net\\\/portal\\\/\",\"name\":\"El Diario - Decano de la prensa nacional\",\"description\":\"El Diario - Decano de la prensa nacional\",\"publisher\":{\"@id\":\"https:\\\/\\\/www.eldiario.net\\\/portal\\\/#organization\"},\"potentialAction\":[{\"@type\":\"SearchAction\",\"target\":{\"@type\":\"EntryPoint\",\"urlTemplate\":\"https:\\\/\\\/www.eldiario.net\\\/portal\\\/?s={search_term_string}\"},\"query-input\":{\"@type\":\"PropertyValueSpecification\",\"valueRequired\":true,\"valueName\":\"search_term_string\"}}],\"inLanguage\":\"es\"},{\"@type\":\"Organization\",\"@id\":\"https:\\\/\\\/www.eldiario.net\\\/portal\\\/#organization\",\"name\":\"El Diario - Decano de la prensa nacional\",\"url\":\"https:\\\/\\\/www.eldiario.net\\\/portal\\\/\",\"logo\":{\"@type\":\"ImageObject\",\"inLanguage\":\"es\",\"@id\":\"https:\\\/\\\/www.eldiario.net\\\/portal\\\/#\\\/schema\\\/logo\\\/image\\\/\",\"url\":\"https:\\\/\\\/www.eldiario.net\\\/portal\\\/wp-content\\\/uploads\\\/2023\\\/07\\\/logo_ED.jpg\",\"contentUrl\":\"https:\\\/\\\/www.eldiario.net\\\/portal\\\/wp-content\\\/uploads\\\/2023\\\/07\\\/logo_ED.jpg\",\"width\":272,\"height\":52,\"caption\":\"El Diario - Decano de la prensa nacional\"},\"image\":{\"@id\":\"https:\\\/\\\/www.eldiario.net\\\/portal\\\/#\\\/schema\\\/logo\\\/image\\\/\"},\"sameAs\":[\"https:\\\/\\\/www.facebook.com\\\/eldiario.bolivia\\\/\",\"https:\\\/\\\/x.com\\\/eldiario_net\"]},{\"@type\":\"Person\",\"@id\":\"https:\\\/\\\/www.eldiario.net\\\/portal\\\/#\\\/schema\\\/person\\\/f46445640444750d7d753ccd04ae01b7\",\"name\":\"Jeanette\",\"image\":{\"@type\":\"ImageObject\",\"inLanguage\":\"es\",\"@id\":\"https:\\\/\\\/secure.gravatar.com\\\/avatar\\\/3ea2118a5f7dad2b7138b1187a6b7ee55f160b9968b66013c3a3ef39dd7e5798?s=96&d=mm&r=g\",\"url\":\"https:\\\/\\\/secure.gravatar.com\\\/avatar\\\/3ea2118a5f7dad2b7138b1187a6b7ee55f160b9968b66013c3a3ef39dd7e5798?s=96&d=mm&r=g\",\"contentUrl\":\"https:\\\/\\\/secure.gravatar.com\\\/avatar\\\/3ea2118a5f7dad2b7138b1187a6b7ee55f160b9968b66013c3a3ef39dd7e5798?s=96&d=mm&r=g\",\"caption\":\"Jeanette\"},\"sameAs\":[\"https:\\\/\\\/www.eldiario.net\\\/portal\"],\"url\":\"https:\\\/\\\/www.eldiario.net\\\/portal\\\/author\\\/jeanette\\\/\"}]}<\/script>\n<!-- \/ Yoast SEO plugin. -->","yoast_head_json":{"title":"La historia de Nico Williams - El Diario - Bolivia","robots":{"index":"index","follow":"follow","max-snippet":"max-snippet:-1","max-image-preview":"max-image-preview:large","max-video-preview":"max-video-preview:-1"},"canonical":"https:\/\/www.eldiario.net\/portal\/2024\/07\/16\/la-historia-de-nico-williams\/","og_locale":"es_ES","og_type":"article","og_title":"La historia de Nico Williams - El Diario - Bolivia","og_description":"Tras un primer tiempo muy disputado y con escasas aproximaciones en ambos arcos, Espa\u00f1a abri\u00f3 el marcador en la final ante Inglaterra gracias a una jugada colectiva que defini\u00f3 Nico Williams. Result\u00f3 el puntapi\u00e9 inicial de la conquista ib\u00e9rica, el elenco que mejor jug\u00f3 a lo largo de la competencia. Y una se\u00f1al del potencial [&hellip;]","og_url":"https:\/\/www.eldiario.net\/portal\/2024\/07\/16\/la-historia-de-nico-williams\/","og_site_name":"El Diario - Bolivia","article_publisher":"https:\/\/www.facebook.com\/eldiario.bolivia\/","article_published_time":"2024-07-16T05:19:41+00:00","og_image":[{"width":449,"height":315,"url":"https:\/\/www.eldiario.net\/portal\/wp-content\/uploads\/2024\/07\/Nico-Williams-15.jpg","type":"image\/jpeg"}],"author":"Jeanette","twitter_card":"summary_large_image","twitter_creator":"@eldiario_net","twitter_site":"@eldiario_net","twitter_misc":{"Escrito por":"Jeanette","Tiempo de lectura":"4 minutos"},"schema":{"@context":"https:\/\/schema.org","@graph":[{"@type":"Article","@id":"https:\/\/www.eldiario.net\/portal\/2024\/07\/16\/la-historia-de-nico-williams\/#article","isPartOf":{"@id":"https:\/\/www.eldiario.net\/portal\/2024\/07\/16\/la-historia-de-nico-williams\/"},"author":{"name":"Jeanette","@id":"https:\/\/www.eldiario.net\/portal\/#\/schema\/person\/f46445640444750d7d753ccd04ae01b7"},"headline":"La historia de Nico Williams","datePublished":"2024-07-16T05:19:41+00:00","mainEntityOfPage":{"@id":"https:\/\/www.eldiario.net\/portal\/2024\/07\/16\/la-historia-de-nico-williams\/"},"wordCount":770,"commentCount":0,"publisher":{"@id":"https:\/\/www.eldiario.net\/portal\/#organization"},"image":{"@id":"https:\/\/www.eldiario.net\/portal\/2024\/07\/16\/la-historia-de-nico-williams\/#primaryimage"},"thumbnailUrl":"https:\/\/www.eldiario.net\/portal\/wp-content\/uploads\/2024\/07\/Nico-Williams-15.jpg","articleSection":["Deportes","Eurocopa 2024"],"inLanguage":"es","potentialAction":[{"@type":"CommentAction","name":"Comment","target":["https:\/\/www.eldiario.net\/portal\/2024\/07\/16\/la-historia-de-nico-williams\/#respond"]}]},{"@type":"WebPage","@id":"https:\/\/www.eldiario.net\/portal\/2024\/07\/16\/la-historia-de-nico-williams\/","url":"https:\/\/www.eldiario.net\/portal\/2024\/07\/16\/la-historia-de-nico-williams\/","name":"La historia de Nico Williams - El Diario - Bolivia","isPartOf":{"@id":"https:\/\/www.eldiario.net\/portal\/#website"},"primaryImageOfPage":{"@id":"https:\/\/www.eldiario.net\/portal\/2024\/07\/16\/la-historia-de-nico-williams\/#primaryimage"},"image":{"@id":"https:\/\/www.eldiario.net\/portal\/2024\/07\/16\/la-historia-de-nico-williams\/#primaryimage"},"thumbnailUrl":"https:\/\/www.eldiario.net\/portal\/wp-content\/uploads\/2024\/07\/Nico-Williams-15.jpg","datePublished":"2024-07-16T05:19:41+00:00","breadcrumb":{"@id":"https:\/\/www.eldiario.net\/portal\/2024\/07\/16\/la-historia-de-nico-williams\/#breadcrumb"},"inLanguage":"es","potentialAction":[{"@type":"ReadAction","target":["https:\/\/www.eldiario.net\/portal\/2024\/07\/16\/la-historia-de-nico-williams\/"]}]},{"@type":"ImageObject","inLanguage":"es","@id":"https:\/\/www.eldiario.net\/portal\/2024\/07\/16\/la-historia-de-nico-williams\/#primaryimage","url":"https:\/\/www.eldiario.net\/portal\/wp-content\/uploads\/2024\/07\/Nico-Williams-15.jpg","contentUrl":"https:\/\/www.eldiario.net\/portal\/wp-content\/uploads\/2024\/07\/Nico-Williams-15.jpg","width":449,"height":315},{"@type":"BreadcrumbList","@id":"https:\/\/www.eldiario.net\/portal\/2024\/07\/16\/la-historia-de-nico-williams\/#breadcrumb","itemListElement":[{"@type":"ListItem","position":1,"name":"Portada","item":"https:\/\/www.eldiario.net\/portal\/"},{"@type":"ListItem","position":2,"name":"La historia de Nico Williams"}]},{"@type":"WebSite","@id":"https:\/\/www.eldiario.net\/portal\/#website","url":"https:\/\/www.eldiario.net\/portal\/","name":"El Diario - Decano de la prensa nacional","description":"El Diario - Decano de la prensa nacional","publisher":{"@id":"https:\/\/www.eldiario.net\/portal\/#organization"},"potentialAction":[{"@type":"SearchAction","target":{"@type":"EntryPoint","urlTemplate":"https:\/\/www.eldiario.net\/portal\/?s={search_term_string}"},"query-input":{"@type":"PropertyValueSpecification","valueRequired":true,"valueName":"search_term_string"}}],"inLanguage":"es"},{"@type":"Organization","@id":"https:\/\/www.eldiario.net\/portal\/#organization","name":"El Diario - Decano de la prensa nacional","url":"https:\/\/www.eldiario.net\/portal\/","logo":{"@type":"ImageObject","inLanguage":"es","@id":"https:\/\/www.eldiario.net\/portal\/#\/schema\/logo\/image\/","url":"https:\/\/www.eldiario.net\/portal\/wp-content\/uploads\/2023\/07\/logo_ED.jpg","contentUrl":"https:\/\/www.eldiario.net\/portal\/wp-content\/uploads\/2023\/07\/logo_ED.jpg","width":272,"height":52,"caption":"El Diario - Decano de la prensa nacional"},"image":{"@id":"https:\/\/www.eldiario.net\/portal\/#\/schema\/logo\/image\/"},"sameAs":["https:\/\/www.facebook.com\/eldiario.bolivia\/","https:\/\/x.com\/eldiario_net"]},{"@type":"Person","@id":"https:\/\/www.eldiario.net\/portal\/#\/schema\/person\/f46445640444750d7d753ccd04ae01b7","name":"Jeanette","image":{"@type":"ImageObject","inLanguage":"es","@id":"https:\/\/secure.gravatar.com\/avatar\/3ea2118a5f7dad2b7138b1187a6b7ee55f160b9968b66013c3a3ef39dd7e5798?s=96&d=mm&r=g","url":"https:\/\/secure.gravatar.com\/avatar\/3ea2118a5f7dad2b7138b1187a6b7ee55f160b9968b66013c3a3ef39dd7e5798?s=96&d=mm&r=g","contentUrl":"https:\/\/secure.gravatar.com\/avatar\/3ea2118a5f7dad2b7138b1187a6b7ee55f160b9968b66013c3a3ef39dd7e5798?s=96&d=mm&r=g","caption":"Jeanette"},"sameAs":["https:\/\/www.eldiario.net\/portal"],"url":"https:\/\/www.eldiario.net\/portal\/author\/jeanette\/"}]}},"_links":{"self":[{"href":"https:\/\/www.eldiario.net\/portal\/wp-json\/wp\/v2\/posts\/234310","targetHints":{"allow":["GET"]}}],"collection":[{"href":"https:\/\/www.eldiario.net\/portal\/wp-json\/wp\/v2\/posts"}],"about":[{"href":"https:\/\/www.eldiario.net\/portal\/wp-json\/wp\/v2\/types\/post"}],"author":[{"embeddable":true,"href":"https:\/\/www.eldiario.net\/portal\/wp-json\/wp\/v2\/users\/1"}],"replies":[{"embeddable":true,"href":"https:\/\/www.eldiario.net\/portal\/wp-json\/wp\/v2\/comments?post=234310"}],"version-history":[{"count":1,"href":"https:\/\/www.eldiario.net\/portal\/wp-json\/wp\/v2\/posts\/234310\/revisions"}],"predecessor-version":[{"id":234312,"href":"https:\/\/www.eldiario.net\/portal\/wp-json\/wp\/v2\/posts\/234310\/revisions\/234312"}],"wp:featuredmedia":[{"embeddable":true,"href":"https:\/\/www.eldiario.net\/portal\/wp-json\/wp\/v2\/media\/234311"}],"wp:attachment":[{"href":"https:\/\/www.eldiario.net\/portal\/wp-json\/wp\/v2\/media?parent=234310"}],"wp:term":[{"taxonomy":"category","embeddable":true,"href":"https:\/\/www.eldiario.net\/portal\/wp-json\/wp\/v2\/categories?post=234310"},{"taxonomy":"post_tag","embeddable":true,"href":"https:\/\/www.eldiario.net\/portal\/wp-json\/wp\/v2\/tags?post=234310"}],"curies":[{"name":"wp","href":"https:\/\/api.w.org\/{rel}","templated":true}]}}