{"id":234303,"date":"2024-07-16T01:16:58","date_gmt":"2024-07-16T05:16:58","guid":{"rendered":"https:\/\/www.eldiario.net\/portal\/?p=234303"},"modified":"2024-07-16T01:16:58","modified_gmt":"2024-07-16T05:16:58","slug":"seleccion-nacional-cierra-una-pesima-campana-en-la-copa-america","status":"publish","type":"post","link":"https:\/\/www.eldiario.net\/portal\/2024\/07\/16\/seleccion-nacional-cierra-una-pesima-campana-en-la-copa-america\/","title":{"rendered":"Selecci\u00f3n Nacional cierra una p\u00e9sima campa\u00f1a en la Copa Am\u00e9rica"},"content":{"rendered":"<p>La Copa Am\u00e9rica USA 2024 lleg\u00f3 a su conclusi\u00f3n este domingo, en Miami, con un balance negativo para la Selecci\u00f3n Nacional, que qued\u00f3 en el fondo de la tabla entre 16 selecciones participantes, sin conocer de triunfos ni empates, y con apenas un gol a favor contra diez recibidos en los partidos jugados contra Estados Unidos, Uruguay y Panam\u00e1.<\/p>\n<p>El seleccionado de Bolivia alcanz\u00f3 la marca vergonzosa de nueve a\u00f1os sin ganar en este torneo, su \u00faltimo triunfo ocurri\u00f3 en Chile 2015, con el 3-2 sobre Ecuador. A partir de esa actuaci\u00f3n, el elenco verde se hundi\u00f3 en derrotas en Estados Unidos 2016, Brasil 2019, Brasil 2021 y Estados Unidos 2024.<\/p>\n<p>En esta edici\u00f3n de la Copa Am\u00e9rica, tres selecciones se marcharon con anticipaci\u00f3n: Bolivia, Paraguay y Jamaica. Ninguno de estos planteles logr\u00f3 ni una unidad, pero la diferencia de goles fue m\u00e1s dr\u00e1stica con el seleccionado verde con -9 frente al -6 de los centroamericanos y el -5 de los albirrojos.<\/p>\n<p>El Equipo de Todos dej\u00f3 poco para rescatar. En una balanza, los n\u00fameros rojos fueron m\u00e1s pesados que los datos a favor. En cuanto al rendimiento tampoco hubo un par\u00e1metro del cual pueda sostenerse el cuerpo t\u00e9cnico para defenderse de las cr\u00edticas.<\/p>\n<p>Antes de iniciar este torneo, el seleccionador Antonio Carlos Zago dej\u00f3 en claro que esta Copa era parte de la preparaci\u00f3n con rumbo a la reanudaci\u00f3n de las clasificatorias mundialistas 2026; sin embargo, ese discurso languideci\u00f3 con el f\u00fatbol mostrado en el campo de juego y el panorama se volvi\u00f3 incierto.<\/p>\n<p>La \u00fanica certeza es que Zago continuar\u00e1 en el cargo, con el respaldo del presidente de la Federaci\u00f3n Boliviana de F\u00fatbol (FBF), Fernando Costa, manteniendo la mirada en las eliminatorias, que se reactivan en septiembre con la visita de Venezuela a La Paz el 5 y la salida a Santiago para jugar con Chile el 10.<\/p>\n<p>El objetivo cambi\u00f3 a la sumatoria de los nueve puntos en disputa en La Paz, con siete a diez d\u00edas de preparaci\u00f3n antes de enfrentar a Venezuela. De nuevo el tiempo est\u00e1 en contra de la Selecci\u00f3n Nacional para corregir las fallas de ra\u00edz.<\/p>\n<p><strong>(APG)<\/strong><\/p>\n","protected":false},"excerpt":{"rendered":"<p>La Copa Am\u00e9rica USA 2024 lleg\u00f3 a su conclusi\u00f3n este domingo, en Miami, con un balance negativo para la Selecci\u00f3n Nacional, que qued\u00f3 en el fondo de la tabla entre 16 selecciones participantes, sin conocer de triunfos ni empates, y con apenas un gol a favor contra diez recibidos en los partidos jugados contra Estados [&hellip;]<\/p>\n","protected":false},"author":1,"featured_media":234304,"comment_status":"open","ping_status":"open","sticky":false,"template":"","format":"standard","meta":{"_acf_changed":false,"footnotes":""},"categories":[6],"tags":[],"class_list":["post-234303","post","type-post","status-publish","format-standard","has-post-thumbnail","category-deportes"],"acf":{"antetitulo":""},"yoast_head":"<!-- This site is optimized with the Yoast SEO plugin v28.3 - https:\/\/yoast.com\/product\/yoast-seo-wordpress\/ -->\n<title>Selecci\u00f3n Nacional cierra una p\u00e9sima campa\u00f1a en la Copa Am\u00e9rica - El Diario - Bolivia<\/title>\n<meta name=\"robots\" content=\"index, follow, max-snippet:-1, max-image-preview:large, max-video-preview:-1\" \/>\n<link rel=\"canonical\" href=\"https:\/\/www.eldiario.net\/portal\/2024\/07\/16\/seleccion-nacional-cierra-una-pesima-campana-en-la-copa-america\/\" \/>\n<meta property=\"og:locale\" content=\"es_ES\" \/>\n<meta property=\"og:type\" content=\"article\" \/>\n<meta property=\"og:title\" content=\"Selecci\u00f3n Nacional cierra una p\u00e9sima campa\u00f1a en la Copa Am\u00e9rica - El Diario - Bolivia\" \/>\n<meta property=\"og:description\" content=\"La Copa Am\u00e9rica USA 2024 lleg\u00f3 a su conclusi\u00f3n este domingo, en Miami, con un balance negativo para la Selecci\u00f3n Nacional, que qued\u00f3 en el fondo de la tabla entre 16 selecciones participantes, sin conocer de triunfos ni empates, y con apenas un gol a favor contra diez recibidos en los partidos jugados contra Estados [&hellip;]\" \/>\n<meta property=\"og:url\" content=\"https:\/\/www.eldiario.net\/portal\/2024\/07\/16\/seleccion-nacional-cierra-una-pesima-campana-en-la-copa-america\/\" \/>\n<meta property=\"og:site_name\" content=\"El Diario - Bolivia\" \/>\n<meta property=\"article:publisher\" content=\"https:\/\/www.facebook.com\/eldiario.bolivia\/\" \/>\n<meta property=\"article:published_time\" content=\"2024-07-16T05:16:58+00:00\" \/>\n<meta property=\"og:image\" content=\"https:\/\/www.eldiario.net\/portal\/wp-content\/uploads\/2024\/07\/Seleccion-15.jpg\" \/>\n\t<meta property=\"og:image:width\" content=\"1200\" \/>\n\t<meta property=\"og:image:height\" content=\"764\" \/>\n\t<meta property=\"og:image:type\" content=\"image\/jpeg\" \/>\n<meta name=\"author\" content=\"Jeanette\" \/>\n<meta name=\"twitter:card\" content=\"summary_large_image\" \/>\n<meta name=\"twitter:creator\" content=\"@eldiario_net\" \/>\n<meta name=\"twitter:site\" content=\"@eldiario_net\" \/>\n<meta name=\"twitter:label1\" content=\"Escrito por\" \/>\n\t<meta name=\"twitter:data1\" content=\"Jeanette\" \/>\n\t<meta name=\"twitter:label2\" content=\"Tiempo de lectura\" \/>\n\t<meta name=\"twitter:data2\" content=\"2 minutos\" \/>\n<script type=\"application\/ld+json\" class=\"yoast-schema-graph\">{\"@context\":\"https:\\\/\\\/schema.org\",\"@graph\":[{\"@type\":\"Article\",\"@id\":\"https:\\\/\\\/www.eldiario.net\\\/portal\\\/2024\\\/07\\\/16\\\/seleccion-nacional-cierra-una-pesima-campana-en-la-copa-america\\\/#article\",\"isPartOf\":{\"@id\":\"https:\\\/\\\/www.eldiario.net\\\/portal\\\/2024\\\/07\\\/16\\\/seleccion-nacional-cierra-una-pesima-campana-en-la-copa-america\\\/\"},\"author\":{\"name\":\"Jeanette\",\"@id\":\"https:\\\/\\\/www.eldiario.net\\\/portal\\\/#\\\/schema\\\/person\\\/f46445640444750d7d753ccd04ae01b7\"},\"headline\":\"Selecci\u00f3n Nacional cierra una p\u00e9sima campa\u00f1a en la Copa Am\u00e9rica\",\"datePublished\":\"2024-07-16T05:16:58+00:00\",\"mainEntityOfPage\":{\"@id\":\"https:\\\/\\\/www.eldiario.net\\\/portal\\\/2024\\\/07\\\/16\\\/seleccion-nacional-cierra-una-pesima-campana-en-la-copa-america\\\/\"},\"wordCount\":384,\"commentCount\":0,\"publisher\":{\"@id\":\"https:\\\/\\\/www.eldiario.net\\\/portal\\\/#organization\"},\"image\":{\"@id\":\"https:\\\/\\\/www.eldiario.net\\\/portal\\\/2024\\\/07\\\/16\\\/seleccion-nacional-cierra-una-pesima-campana-en-la-copa-america\\\/#primaryimage\"},\"thumbnailUrl\":\"https:\\\/\\\/www.eldiario.net\\\/portal\\\/wp-content\\\/uploads\\\/2024\\\/07\\\/Seleccion-15.jpg\",\"articleSection\":[\"Deportes\"],\"inLanguage\":\"es\",\"potentialAction\":[{\"@type\":\"CommentAction\",\"name\":\"Comment\",\"target\":[\"https:\\\/\\\/www.eldiario.net\\\/portal\\\/2024\\\/07\\\/16\\\/seleccion-nacional-cierra-una-pesima-campana-en-la-copa-america\\\/#respond\"]}]},{\"@type\":\"WebPage\",\"@id\":\"https:\\\/\\\/www.eldiario.net\\\/portal\\\/2024\\\/07\\\/16\\\/seleccion-nacional-cierra-una-pesima-campana-en-la-copa-america\\\/\",\"url\":\"https:\\\/\\\/www.eldiario.net\\\/portal\\\/2024\\\/07\\\/16\\\/seleccion-nacional-cierra-una-pesima-campana-en-la-copa-america\\\/\",\"name\":\"Selecci\u00f3n Nacional cierra una p\u00e9sima campa\u00f1a en la Copa Am\u00e9rica - El Diario - Bolivia\",\"isPartOf\":{\"@id\":\"https:\\\/\\\/www.eldiario.net\\\/portal\\\/#website\"},\"primaryImageOfPage\":{\"@id\":\"https:\\\/\\\/www.eldiario.net\\\/portal\\\/2024\\\/07\\\/16\\\/seleccion-nacional-cierra-una-pesima-campana-en-la-copa-america\\\/#primaryimage\"},\"image\":{\"@id\":\"https:\\\/\\\/www.eldiario.net\\\/portal\\\/2024\\\/07\\\/16\\\/seleccion-nacional-cierra-una-pesima-campana-en-la-copa-america\\\/#primaryimage\"},\"thumbnailUrl\":\"https:\\\/\\\/www.eldiario.net\\\/portal\\\/wp-content\\\/uploads\\\/2024\\\/07\\\/Seleccion-15.jpg\",\"datePublished\":\"2024-07-16T05:16:58+00:00\",\"breadcrumb\":{\"@id\":\"https:\\\/\\\/www.eldiario.net\\\/portal\\\/2024\\\/07\\\/16\\\/seleccion-nacional-cierra-una-pesima-campana-en-la-copa-america\\\/#breadcrumb\"},\"inLanguage\":\"es\",\"potentialAction\":[{\"@type\":\"ReadAction\",\"target\":[\"https:\\\/\\\/www.eldiario.net\\\/portal\\\/2024\\\/07\\\/16\\\/seleccion-nacional-cierra-una-pesima-campana-en-la-copa-america\\\/\"]}]},{\"@type\":\"ImageObject\",\"inLanguage\":\"es\",\"@id\":\"https:\\\/\\\/www.eldiario.net\\\/portal\\\/2024\\\/07\\\/16\\\/seleccion-nacional-cierra-una-pesima-campana-en-la-copa-america\\\/#primaryimage\",\"url\":\"https:\\\/\\\/www.eldiario.net\\\/portal\\\/wp-content\\\/uploads\\\/2024\\\/07\\\/Seleccion-15.jpg\",\"contentUrl\":\"https:\\\/\\\/www.eldiario.net\\\/portal\\\/wp-content\\\/uploads\\\/2024\\\/07\\\/Seleccion-15.jpg\",\"width\":1200,\"height\":764},{\"@type\":\"BreadcrumbList\",\"@id\":\"https:\\\/\\\/www.eldiario.net\\\/portal\\\/2024\\\/07\\\/16\\\/seleccion-nacional-cierra-una-pesima-campana-en-la-copa-america\\\/#breadcrumb\",\"itemListElement\":[{\"@type\":\"ListItem\",\"position\":1,\"name\":\"Portada\",\"item\":\"https:\\\/\\\/www.eldiario.net\\\/portal\\\/\"},{\"@type\":\"ListItem\",\"position\":2,\"name\":\"Selecci\u00f3n Nacional cierra una p\u00e9sima campa\u00f1a en la Copa Am\u00e9rica\"}]},{\"@type\":\"WebSite\",\"@id\":\"https:\\\/\\\/www.eldiario.net\\\/portal\\\/#website\",\"url\":\"https:\\\/\\\/www.eldiario.net\\\/portal\\\/\",\"name\":\"El Diario - Decano de la prensa nacional\",\"description\":\"El Diario - Decano de la prensa nacional\",\"publisher\":{\"@id\":\"https:\\\/\\\/www.eldiario.net\\\/portal\\\/#organization\"},\"potentialAction\":[{\"@type\":\"SearchAction\",\"target\":{\"@type\":\"EntryPoint\",\"urlTemplate\":\"https:\\\/\\\/www.eldiario.net\\\/portal\\\/?s={search_term_string}\"},\"query-input\":{\"@type\":\"PropertyValueSpecification\",\"valueRequired\":true,\"valueName\":\"search_term_string\"}}],\"inLanguage\":\"es\"},{\"@type\":\"Organization\",\"@id\":\"https:\\\/\\\/www.eldiario.net\\\/portal\\\/#organization\",\"name\":\"El Diario - Decano de la prensa nacional\",\"url\":\"https:\\\/\\\/www.eldiario.net\\\/portal\\\/\",\"logo\":{\"@type\":\"ImageObject\",\"inLanguage\":\"es\",\"@id\":\"https:\\\/\\\/www.eldiario.net\\\/portal\\\/#\\\/schema\\\/logo\\\/image\\\/\",\"url\":\"https:\\\/\\\/www.eldiario.net\\\/portal\\\/wp-content\\\/uploads\\\/2023\\\/07\\\/logo_ED.jpg\",\"contentUrl\":\"https:\\\/\\\/www.eldiario.net\\\/portal\\\/wp-content\\\/uploads\\\/2023\\\/07\\\/logo_ED.jpg\",\"width\":272,\"height\":52,\"caption\":\"El Diario - Decano de la prensa nacional\"},\"image\":{\"@id\":\"https:\\\/\\\/www.eldiario.net\\\/portal\\\/#\\\/schema\\\/logo\\\/image\\\/\"},\"sameAs\":[\"https:\\\/\\\/www.facebook.com\\\/eldiario.bolivia\\\/\",\"https:\\\/\\\/x.com\\\/eldiario_net\"]},{\"@type\":\"Person\",\"@id\":\"https:\\\/\\\/www.eldiario.net\\\/portal\\\/#\\\/schema\\\/person\\\/f46445640444750d7d753ccd04ae01b7\",\"name\":\"Jeanette\",\"image\":{\"@type\":\"ImageObject\",\"inLanguage\":\"es\",\"@id\":\"https:\\\/\\\/secure.gravatar.com\\\/avatar\\\/3ea2118a5f7dad2b7138b1187a6b7ee55f160b9968b66013c3a3ef39dd7e5798?s=96&d=mm&r=g\",\"url\":\"https:\\\/\\\/secure.gravatar.com\\\/avatar\\\/3ea2118a5f7dad2b7138b1187a6b7ee55f160b9968b66013c3a3ef39dd7e5798?s=96&d=mm&r=g\",\"contentUrl\":\"https:\\\/\\\/secure.gravatar.com\\\/avatar\\\/3ea2118a5f7dad2b7138b1187a6b7ee55f160b9968b66013c3a3ef39dd7e5798?s=96&d=mm&r=g\",\"caption\":\"Jeanette\"},\"sameAs\":[\"https:\\\/\\\/www.eldiario.net\\\/portal\"],\"url\":\"https:\\\/\\\/www.eldiario.net\\\/portal\\\/author\\\/jeanette\\\/\"}]}<\/script>\n<!-- \/ Yoast SEO plugin. -->","yoast_head_json":{"title":"Selecci\u00f3n Nacional cierra una p\u00e9sima campa\u00f1a en la Copa Am\u00e9rica - El Diario - Bolivia","robots":{"index":"index","follow":"follow","max-snippet":"max-snippet:-1","max-image-preview":"max-image-preview:large","max-video-preview":"max-video-preview:-1"},"canonical":"https:\/\/www.eldiario.net\/portal\/2024\/07\/16\/seleccion-nacional-cierra-una-pesima-campana-en-la-copa-america\/","og_locale":"es_ES","og_type":"article","og_title":"Selecci\u00f3n Nacional cierra una p\u00e9sima campa\u00f1a en la Copa Am\u00e9rica - El Diario - Bolivia","og_description":"La Copa Am\u00e9rica USA 2024 lleg\u00f3 a su conclusi\u00f3n este domingo, en Miami, con un balance negativo para la Selecci\u00f3n Nacional, que qued\u00f3 en el fondo de la tabla entre 16 selecciones participantes, sin conocer de triunfos ni empates, y con apenas un gol a favor contra diez recibidos en los partidos jugados contra Estados [&hellip;]","og_url":"https:\/\/www.eldiario.net\/portal\/2024\/07\/16\/seleccion-nacional-cierra-una-pesima-campana-en-la-copa-america\/","og_site_name":"El Diario - Bolivia","article_publisher":"https:\/\/www.facebook.com\/eldiario.bolivia\/","article_published_time":"2024-07-16T05:16:58+00:00","og_image":[{"width":1200,"height":764,"url":"https:\/\/www.eldiario.net\/portal\/wp-content\/uploads\/2024\/07\/Seleccion-15.jpg","type":"image\/jpeg"}],"author":"Jeanette","twitter_card":"summary_large_image","twitter_creator":"@eldiario_net","twitter_site":"@eldiario_net","twitter_misc":{"Escrito por":"Jeanette","Tiempo de lectura":"2 minutos"},"schema":{"@context":"https:\/\/schema.org","@graph":[{"@type":"Article","@id":"https:\/\/www.eldiario.net\/portal\/2024\/07\/16\/seleccion-nacional-cierra-una-pesima-campana-en-la-copa-america\/#article","isPartOf":{"@id":"https:\/\/www.eldiario.net\/portal\/2024\/07\/16\/seleccion-nacional-cierra-una-pesima-campana-en-la-copa-america\/"},"author":{"name":"Jeanette","@id":"https:\/\/www.eldiario.net\/portal\/#\/schema\/person\/f46445640444750d7d753ccd04ae01b7"},"headline":"Selecci\u00f3n Nacional cierra una p\u00e9sima campa\u00f1a en la Copa Am\u00e9rica","datePublished":"2024-07-16T05:16:58+00:00","mainEntityOfPage":{"@id":"https:\/\/www.eldiario.net\/portal\/2024\/07\/16\/seleccion-nacional-cierra-una-pesima-campana-en-la-copa-america\/"},"wordCount":384,"commentCount":0,"publisher":{"@id":"https:\/\/www.eldiario.net\/portal\/#organization"},"image":{"@id":"https:\/\/www.eldiario.net\/portal\/2024\/07\/16\/seleccion-nacional-cierra-una-pesima-campana-en-la-copa-america\/#primaryimage"},"thumbnailUrl":"https:\/\/www.eldiario.net\/portal\/wp-content\/uploads\/2024\/07\/Seleccion-15.jpg","articleSection":["Deportes"],"inLanguage":"es","potentialAction":[{"@type":"CommentAction","name":"Comment","target":["https:\/\/www.eldiario.net\/portal\/2024\/07\/16\/seleccion-nacional-cierra-una-pesima-campana-en-la-copa-america\/#respond"]}]},{"@type":"WebPage","@id":"https:\/\/www.eldiario.net\/portal\/2024\/07\/16\/seleccion-nacional-cierra-una-pesima-campana-en-la-copa-america\/","url":"https:\/\/www.eldiario.net\/portal\/2024\/07\/16\/seleccion-nacional-cierra-una-pesima-campana-en-la-copa-america\/","name":"Selecci\u00f3n Nacional cierra una p\u00e9sima campa\u00f1a en la Copa Am\u00e9rica - El Diario - Bolivia","isPartOf":{"@id":"https:\/\/www.eldiario.net\/portal\/#website"},"primaryImageOfPage":{"@id":"https:\/\/www.eldiario.net\/portal\/2024\/07\/16\/seleccion-nacional-cierra-una-pesima-campana-en-la-copa-america\/#primaryimage"},"image":{"@id":"https:\/\/www.eldiario.net\/portal\/2024\/07\/16\/seleccion-nacional-cierra-una-pesima-campana-en-la-copa-america\/#primaryimage"},"thumbnailUrl":"https:\/\/www.eldiario.net\/portal\/wp-content\/uploads\/2024\/07\/Seleccion-15.jpg","datePublished":"2024-07-16T05:16:58+00:00","breadcrumb":{"@id":"https:\/\/www.eldiario.net\/portal\/2024\/07\/16\/seleccion-nacional-cierra-una-pesima-campana-en-la-copa-america\/#breadcrumb"},"inLanguage":"es","potentialAction":[{"@type":"ReadAction","target":["https:\/\/www.eldiario.net\/portal\/2024\/07\/16\/seleccion-nacional-cierra-una-pesima-campana-en-la-copa-america\/"]}]},{"@type":"ImageObject","inLanguage":"es","@id":"https:\/\/www.eldiario.net\/portal\/2024\/07\/16\/seleccion-nacional-cierra-una-pesima-campana-en-la-copa-america\/#primaryimage","url":"https:\/\/www.eldiario.net\/portal\/wp-content\/uploads\/2024\/07\/Seleccion-15.jpg","contentUrl":"https:\/\/www.eldiario.net\/portal\/wp-content\/uploads\/2024\/07\/Seleccion-15.jpg","width":1200,"height":764},{"@type":"BreadcrumbList","@id":"https:\/\/www.eldiario.net\/portal\/2024\/07\/16\/seleccion-nacional-cierra-una-pesima-campana-en-la-copa-america\/#breadcrumb","itemListElement":[{"@type":"ListItem","position":1,"name":"Portada","item":"https:\/\/www.eldiario.net\/portal\/"},{"@type":"ListItem","position":2,"name":"Selecci\u00f3n Nacional cierra una p\u00e9sima campa\u00f1a en la Copa Am\u00e9rica"}]},{"@type":"WebSite","@id":"https:\/\/www.eldiario.net\/portal\/#website","url":"https:\/\/www.eldiario.net\/portal\/","name":"El Diario - Decano de la prensa nacional","description":"El Diario - Decano de la prensa nacional","publisher":{"@id":"https:\/\/www.eldiario.net\/portal\/#organization"},"potentialAction":[{"@type":"SearchAction","target":{"@type":"EntryPoint","urlTemplate":"https:\/\/www.eldiario.net\/portal\/?s={search_term_string}"},"query-input":{"@type":"PropertyValueSpecification","valueRequired":true,"valueName":"search_term_string"}}],"inLanguage":"es"},{"@type":"Organization","@id":"https:\/\/www.eldiario.net\/portal\/#organization","name":"El Diario - Decano de la prensa nacional","url":"https:\/\/www.eldiario.net\/portal\/","logo":{"@type":"ImageObject","inLanguage":"es","@id":"https:\/\/www.eldiario.net\/portal\/#\/schema\/logo\/image\/","url":"https:\/\/www.eldiario.net\/portal\/wp-content\/uploads\/2023\/07\/logo_ED.jpg","contentUrl":"https:\/\/www.eldiario.net\/portal\/wp-content\/uploads\/2023\/07\/logo_ED.jpg","width":272,"height":52,"caption":"El Diario - Decano de la prensa nacional"},"image":{"@id":"https:\/\/www.eldiario.net\/portal\/#\/schema\/logo\/image\/"},"sameAs":["https:\/\/www.facebook.com\/eldiario.bolivia\/","https:\/\/x.com\/eldiario_net"]},{"@type":"Person","@id":"https:\/\/www.eldiario.net\/portal\/#\/schema\/person\/f46445640444750d7d753ccd04ae01b7","name":"Jeanette","image":{"@type":"ImageObject","inLanguage":"es","@id":"https:\/\/secure.gravatar.com\/avatar\/3ea2118a5f7dad2b7138b1187a6b7ee55f160b9968b66013c3a3ef39dd7e5798?s=96&d=mm&r=g","url":"https:\/\/secure.gravatar.com\/avatar\/3ea2118a5f7dad2b7138b1187a6b7ee55f160b9968b66013c3a3ef39dd7e5798?s=96&d=mm&r=g","contentUrl":"https:\/\/secure.gravatar.com\/avatar\/3ea2118a5f7dad2b7138b1187a6b7ee55f160b9968b66013c3a3ef39dd7e5798?s=96&d=mm&r=g","caption":"Jeanette"},"sameAs":["https:\/\/www.eldiario.net\/portal"],"url":"https:\/\/www.eldiario.net\/portal\/author\/jeanette\/"}]}},"_links":{"self":[{"href":"https:\/\/www.eldiario.net\/portal\/wp-json\/wp\/v2\/posts\/234303","targetHints":{"allow":["GET"]}}],"collection":[{"href":"https:\/\/www.eldiario.net\/portal\/wp-json\/wp\/v2\/posts"}],"about":[{"href":"https:\/\/www.eldiario.net\/portal\/wp-json\/wp\/v2\/types\/post"}],"author":[{"embeddable":true,"href":"https:\/\/www.eldiario.net\/portal\/wp-json\/wp\/v2\/users\/1"}],"replies":[{"embeddable":true,"href":"https:\/\/www.eldiario.net\/portal\/wp-json\/wp\/v2\/comments?post=234303"}],"version-history":[{"count":1,"href":"https:\/\/www.eldiario.net\/portal\/wp-json\/wp\/v2\/posts\/234303\/revisions"}],"predecessor-version":[{"id":234305,"href":"https:\/\/www.eldiario.net\/portal\/wp-json\/wp\/v2\/posts\/234303\/revisions\/234305"}],"wp:featuredmedia":[{"embeddable":true,"href":"https:\/\/www.eldiario.net\/portal\/wp-json\/wp\/v2\/media\/234304"}],"wp:attachment":[{"href":"https:\/\/www.eldiario.net\/portal\/wp-json\/wp\/v2\/media?parent=234303"}],"wp:term":[{"taxonomy":"category","embeddable":true,"href":"https:\/\/www.eldiario.net\/portal\/wp-json\/wp\/v2\/categories?post=234303"},{"taxonomy":"post_tag","embeddable":true,"href":"https:\/\/www.eldiario.net\/portal\/wp-json\/wp\/v2\/tags?post=234303"}],"curies":[{"name":"wp","href":"https:\/\/api.w.org\/{rel}","templated":true}]}}