{"id":234293,"date":"2024-07-16T01:14:03","date_gmt":"2024-07-16T05:14:03","guid":{"rendered":"https:\/\/www.eldiario.net\/portal\/?p=234293"},"modified":"2024-07-16T01:14:03","modified_gmt":"2024-07-16T05:14:03","slug":"ylb-preve-enviar-a-la-alp-dos-contratos-por-el-litio-hasta-septiembre","status":"publish","type":"post","link":"https:\/\/www.eldiario.net\/portal\/2024\/07\/16\/ylb-preve-enviar-a-la-alp-dos-contratos-por-el-litio-hasta-septiembre\/","title":{"rendered":"YLB prev\u00e9 enviar a la ALP dos  contratos por el litio hasta septiembre"},"content":{"rendered":"<p>La presidenta de Yacimientos de Litio Bolivianos (YLB), Karla Calder\u00f3n, inform\u00f3 ayer que se est\u00e1n estructurando contratos para la instalaci\u00f3n de plantas de recursos evapor\u00edticos y que se estar\u00edan enviado a la Asamblea Legislativa Plurinacional (ALP) en los pr\u00f3ximos dos meses para su aprobaci\u00f3n.<\/p>\n<p>Precis\u00f3 que un primer contrato se enviar\u00eda en el pr\u00f3ximo mes y el segundo se mandar\u00eda a la Asamblea en septiembre.<\/p>\n<p>Aclar\u00f3 que dentro de estos contratos se comprenden los consorcios CITIC y CBC, ambos de China y que fueron elegidos en una convocatoria realizada el a\u00f1o pasado.<\/p>\n<p>\u201cRealmente venos en lo que es China un gran potencial y socio estrat\u00e9gico que podemos tener a futuro justamente por el nivel de tecnolog\u00eda\u201d, manifest\u00f3 la ejecutiva de YLB.<\/p>\n<p>Seg\u00fan Calder\u00f3n, la inversi\u00f3n con estos contratos ser\u00eda de 600 o 799 millones de d\u00f3lares, en futuras plantas para el litio y recursos evapor\u00edticos en Uyuni y otros salaras.<\/p>\n<p>Aclar\u00f3 que los contratos se realizar\u00e1n en el marco del respeto a la soberan\u00eda nacional, con control mayoritario y supervisi\u00f3n de parte del Estado.<\/p>\n<p>YLB ya ha entablado convenios con empresas de China y Rusia para el tema del litio. Los opositores en la Asamblea han reclamado que \u00e9stos no sean p\u00fablicos, pero el Gobierno argument\u00f3 que son confidenciales al no constituirse en contratos. (Erbol)<\/p>\n","protected":false},"excerpt":{"rendered":"<p>La presidenta de Yacimientos de Litio Bolivianos (YLB), Karla Calder\u00f3n, inform\u00f3 ayer que se est\u00e1n estructurando contratos para la instalaci\u00f3n de plantas de recursos evapor\u00edticos y que se estar\u00edan enviado a la Asamblea Legislativa Plurinacional (ALP) en los pr\u00f3ximos dos meses para su aprobaci\u00f3n. Precis\u00f3 que un primer contrato se enviar\u00eda en el pr\u00f3ximo mes [&hellip;]<\/p>\n","protected":false},"author":1,"featured_media":234294,"comment_status":"open","ping_status":"open","sticky":false,"template":"","format":"standard","meta":{"_acf_changed":false,"footnotes":""},"categories":[7],"tags":[],"class_list":["post-234293","post","type-post","status-publish","format-standard","has-post-thumbnail","category-economia"],"acf":{"antetitulo":""},"yoast_head":"<!-- This site is optimized with the Yoast SEO plugin v28.3 - https:\/\/yoast.com\/product\/yoast-seo-wordpress\/ -->\n<title>YLB prev\u00e9 enviar a la ALP dos contratos por el litio hasta septiembre - El Diario - Bolivia<\/title>\n<meta name=\"robots\" content=\"index, follow, max-snippet:-1, max-image-preview:large, max-video-preview:-1\" \/>\n<link rel=\"canonical\" href=\"https:\/\/www.eldiario.net\/portal\/2024\/07\/16\/ylb-preve-enviar-a-la-alp-dos-contratos-por-el-litio-hasta-septiembre\/\" \/>\n<meta property=\"og:locale\" content=\"es_ES\" \/>\n<meta property=\"og:type\" content=\"article\" \/>\n<meta property=\"og:title\" content=\"YLB prev\u00e9 enviar a la ALP dos contratos por el litio hasta septiembre - El Diario - Bolivia\" \/>\n<meta property=\"og:description\" content=\"La presidenta de Yacimientos de Litio Bolivianos (YLB), Karla Calder\u00f3n, inform\u00f3 ayer que se est\u00e1n estructurando contratos para la instalaci\u00f3n de plantas de recursos evapor\u00edticos y que se estar\u00edan enviado a la Asamblea Legislativa Plurinacional (ALP) en los pr\u00f3ximos dos meses para su aprobaci\u00f3n. Precis\u00f3 que un primer contrato se enviar\u00eda en el pr\u00f3ximo mes [&hellip;]\" \/>\n<meta property=\"og:url\" content=\"https:\/\/www.eldiario.net\/portal\/2024\/07\/16\/ylb-preve-enviar-a-la-alp-dos-contratos-por-el-litio-hasta-septiembre\/\" \/>\n<meta property=\"og:site_name\" content=\"El Diario - Bolivia\" \/>\n<meta property=\"article:publisher\" content=\"https:\/\/www.facebook.com\/eldiario.bolivia\/\" \/>\n<meta property=\"article:published_time\" content=\"2024-07-16T05:14:03+00:00\" \/>\n<meta property=\"og:image\" content=\"https:\/\/www.eldiario.net\/portal\/wp-content\/uploads\/2024\/07\/YLP-FOTO.jpg\" \/>\n\t<meta property=\"og:image:width\" content=\"1090\" \/>\n\t<meta property=\"og:image:height\" content=\"614\" \/>\n\t<meta property=\"og:image:type\" content=\"image\/jpeg\" \/>\n<meta name=\"author\" content=\"Jeanette\" \/>\n<meta name=\"twitter:card\" content=\"summary_large_image\" \/>\n<meta name=\"twitter:creator\" content=\"@eldiario_net\" \/>\n<meta name=\"twitter:site\" content=\"@eldiario_net\" \/>\n<meta name=\"twitter:label1\" content=\"Escrito por\" \/>\n\t<meta name=\"twitter:data1\" content=\"Jeanette\" \/>\n\t<meta name=\"twitter:label2\" content=\"Tiempo de lectura\" \/>\n\t<meta name=\"twitter:data2\" content=\"2 minutos\" \/>\n<script type=\"application\/ld+json\" class=\"yoast-schema-graph\">{\"@context\":\"https:\\\/\\\/schema.org\",\"@graph\":[{\"@type\":\"Article\",\"@id\":\"https:\\\/\\\/www.eldiario.net\\\/portal\\\/2024\\\/07\\\/16\\\/ylb-preve-enviar-a-la-alp-dos-contratos-por-el-litio-hasta-septiembre\\\/#article\",\"isPartOf\":{\"@id\":\"https:\\\/\\\/www.eldiario.net\\\/portal\\\/2024\\\/07\\\/16\\\/ylb-preve-enviar-a-la-alp-dos-contratos-por-el-litio-hasta-septiembre\\\/\"},\"author\":{\"name\":\"Jeanette\",\"@id\":\"https:\\\/\\\/www.eldiario.net\\\/portal\\\/#\\\/schema\\\/person\\\/f46445640444750d7d753ccd04ae01b7\"},\"headline\":\"YLB prev\u00e9 enviar a la ALP dos contratos por el litio hasta septiembre\",\"datePublished\":\"2024-07-16T05:14:03+00:00\",\"mainEntityOfPage\":{\"@id\":\"https:\\\/\\\/www.eldiario.net\\\/portal\\\/2024\\\/07\\\/16\\\/ylb-preve-enviar-a-la-alp-dos-contratos-por-el-litio-hasta-septiembre\\\/\"},\"wordCount\":249,\"commentCount\":0,\"publisher\":{\"@id\":\"https:\\\/\\\/www.eldiario.net\\\/portal\\\/#organization\"},\"image\":{\"@id\":\"https:\\\/\\\/www.eldiario.net\\\/portal\\\/2024\\\/07\\\/16\\\/ylb-preve-enviar-a-la-alp-dos-contratos-por-el-litio-hasta-septiembre\\\/#primaryimage\"},\"thumbnailUrl\":\"https:\\\/\\\/www.eldiario.net\\\/portal\\\/wp-content\\\/uploads\\\/2024\\\/07\\\/YLP-FOTO.jpg\",\"articleSection\":[\"Econom\u00eda\"],\"inLanguage\":\"es\",\"potentialAction\":[{\"@type\":\"CommentAction\",\"name\":\"Comment\",\"target\":[\"https:\\\/\\\/www.eldiario.net\\\/portal\\\/2024\\\/07\\\/16\\\/ylb-preve-enviar-a-la-alp-dos-contratos-por-el-litio-hasta-septiembre\\\/#respond\"]}]},{\"@type\":\"WebPage\",\"@id\":\"https:\\\/\\\/www.eldiario.net\\\/portal\\\/2024\\\/07\\\/16\\\/ylb-preve-enviar-a-la-alp-dos-contratos-por-el-litio-hasta-septiembre\\\/\",\"url\":\"https:\\\/\\\/www.eldiario.net\\\/portal\\\/2024\\\/07\\\/16\\\/ylb-preve-enviar-a-la-alp-dos-contratos-por-el-litio-hasta-septiembre\\\/\",\"name\":\"YLB prev\u00e9 enviar a la ALP dos contratos por el litio hasta septiembre - El Diario - Bolivia\",\"isPartOf\":{\"@id\":\"https:\\\/\\\/www.eldiario.net\\\/portal\\\/#website\"},\"primaryImageOfPage\":{\"@id\":\"https:\\\/\\\/www.eldiario.net\\\/portal\\\/2024\\\/07\\\/16\\\/ylb-preve-enviar-a-la-alp-dos-contratos-por-el-litio-hasta-septiembre\\\/#primaryimage\"},\"image\":{\"@id\":\"https:\\\/\\\/www.eldiario.net\\\/portal\\\/2024\\\/07\\\/16\\\/ylb-preve-enviar-a-la-alp-dos-contratos-por-el-litio-hasta-septiembre\\\/#primaryimage\"},\"thumbnailUrl\":\"https:\\\/\\\/www.eldiario.net\\\/portal\\\/wp-content\\\/uploads\\\/2024\\\/07\\\/YLP-FOTO.jpg\",\"datePublished\":\"2024-07-16T05:14:03+00:00\",\"breadcrumb\":{\"@id\":\"https:\\\/\\\/www.eldiario.net\\\/portal\\\/2024\\\/07\\\/16\\\/ylb-preve-enviar-a-la-alp-dos-contratos-por-el-litio-hasta-septiembre\\\/#breadcrumb\"},\"inLanguage\":\"es\",\"potentialAction\":[{\"@type\":\"ReadAction\",\"target\":[\"https:\\\/\\\/www.eldiario.net\\\/portal\\\/2024\\\/07\\\/16\\\/ylb-preve-enviar-a-la-alp-dos-contratos-por-el-litio-hasta-septiembre\\\/\"]}]},{\"@type\":\"ImageObject\",\"inLanguage\":\"es\",\"@id\":\"https:\\\/\\\/www.eldiario.net\\\/portal\\\/2024\\\/07\\\/16\\\/ylb-preve-enviar-a-la-alp-dos-contratos-por-el-litio-hasta-septiembre\\\/#primaryimage\",\"url\":\"https:\\\/\\\/www.eldiario.net\\\/portal\\\/wp-content\\\/uploads\\\/2024\\\/07\\\/YLP-FOTO.jpg\",\"contentUrl\":\"https:\\\/\\\/www.eldiario.net\\\/portal\\\/wp-content\\\/uploads\\\/2024\\\/07\\\/YLP-FOTO.jpg\",\"width\":1090,\"height\":614,\"caption\":\"La Asamblea debe aprobar los contratos. Foto de archivo.\"},{\"@type\":\"BreadcrumbList\",\"@id\":\"https:\\\/\\\/www.eldiario.net\\\/portal\\\/2024\\\/07\\\/16\\\/ylb-preve-enviar-a-la-alp-dos-contratos-por-el-litio-hasta-septiembre\\\/#breadcrumb\",\"itemListElement\":[{\"@type\":\"ListItem\",\"position\":1,\"name\":\"Portada\",\"item\":\"https:\\\/\\\/www.eldiario.net\\\/portal\\\/\"},{\"@type\":\"ListItem\",\"position\":2,\"name\":\"YLB prev\u00e9 enviar a la ALP dos contratos por el litio hasta septiembre\"}]},{\"@type\":\"WebSite\",\"@id\":\"https:\\\/\\\/www.eldiario.net\\\/portal\\\/#website\",\"url\":\"https:\\\/\\\/www.eldiario.net\\\/portal\\\/\",\"name\":\"El Diario - Decano de la prensa nacional\",\"description\":\"El Diario - Decano de la prensa nacional\",\"publisher\":{\"@id\":\"https:\\\/\\\/www.eldiario.net\\\/portal\\\/#organization\"},\"potentialAction\":[{\"@type\":\"SearchAction\",\"target\":{\"@type\":\"EntryPoint\",\"urlTemplate\":\"https:\\\/\\\/www.eldiario.net\\\/portal\\\/?s={search_term_string}\"},\"query-input\":{\"@type\":\"PropertyValueSpecification\",\"valueRequired\":true,\"valueName\":\"search_term_string\"}}],\"inLanguage\":\"es\"},{\"@type\":\"Organization\",\"@id\":\"https:\\\/\\\/www.eldiario.net\\\/portal\\\/#organization\",\"name\":\"El Diario - Decano de la prensa nacional\",\"url\":\"https:\\\/\\\/www.eldiario.net\\\/portal\\\/\",\"logo\":{\"@type\":\"ImageObject\",\"inLanguage\":\"es\",\"@id\":\"https:\\\/\\\/www.eldiario.net\\\/portal\\\/#\\\/schema\\\/logo\\\/image\\\/\",\"url\":\"https:\\\/\\\/www.eldiario.net\\\/portal\\\/wp-content\\\/uploads\\\/2023\\\/07\\\/logo_ED.jpg\",\"contentUrl\":\"https:\\\/\\\/www.eldiario.net\\\/portal\\\/wp-content\\\/uploads\\\/2023\\\/07\\\/logo_ED.jpg\",\"width\":272,\"height\":52,\"caption\":\"El Diario - Decano de la prensa nacional\"},\"image\":{\"@id\":\"https:\\\/\\\/www.eldiario.net\\\/portal\\\/#\\\/schema\\\/logo\\\/image\\\/\"},\"sameAs\":[\"https:\\\/\\\/www.facebook.com\\\/eldiario.bolivia\\\/\",\"https:\\\/\\\/x.com\\\/eldiario_net\"]},{\"@type\":\"Person\",\"@id\":\"https:\\\/\\\/www.eldiario.net\\\/portal\\\/#\\\/schema\\\/person\\\/f46445640444750d7d753ccd04ae01b7\",\"name\":\"Jeanette\",\"image\":{\"@type\":\"ImageObject\",\"inLanguage\":\"es\",\"@id\":\"https:\\\/\\\/secure.gravatar.com\\\/avatar\\\/3ea2118a5f7dad2b7138b1187a6b7ee55f160b9968b66013c3a3ef39dd7e5798?s=96&d=mm&r=g\",\"url\":\"https:\\\/\\\/secure.gravatar.com\\\/avatar\\\/3ea2118a5f7dad2b7138b1187a6b7ee55f160b9968b66013c3a3ef39dd7e5798?s=96&d=mm&r=g\",\"contentUrl\":\"https:\\\/\\\/secure.gravatar.com\\\/avatar\\\/3ea2118a5f7dad2b7138b1187a6b7ee55f160b9968b66013c3a3ef39dd7e5798?s=96&d=mm&r=g\",\"caption\":\"Jeanette\"},\"sameAs\":[\"https:\\\/\\\/www.eldiario.net\\\/portal\"],\"url\":\"https:\\\/\\\/www.eldiario.net\\\/portal\\\/author\\\/jeanette\\\/\"}]}<\/script>\n<!-- \/ Yoast SEO plugin. -->","yoast_head_json":{"title":"YLB prev\u00e9 enviar a la ALP dos contratos por el litio hasta septiembre - El Diario - Bolivia","robots":{"index":"index","follow":"follow","max-snippet":"max-snippet:-1","max-image-preview":"max-image-preview:large","max-video-preview":"max-video-preview:-1"},"canonical":"https:\/\/www.eldiario.net\/portal\/2024\/07\/16\/ylb-preve-enviar-a-la-alp-dos-contratos-por-el-litio-hasta-septiembre\/","og_locale":"es_ES","og_type":"article","og_title":"YLB prev\u00e9 enviar a la ALP dos contratos por el litio hasta septiembre - El Diario - Bolivia","og_description":"La presidenta de Yacimientos de Litio Bolivianos (YLB), Karla Calder\u00f3n, inform\u00f3 ayer que se est\u00e1n estructurando contratos para la instalaci\u00f3n de plantas de recursos evapor\u00edticos y que se estar\u00edan enviado a la Asamblea Legislativa Plurinacional (ALP) en los pr\u00f3ximos dos meses para su aprobaci\u00f3n. Precis\u00f3 que un primer contrato se enviar\u00eda en el pr\u00f3ximo mes [&hellip;]","og_url":"https:\/\/www.eldiario.net\/portal\/2024\/07\/16\/ylb-preve-enviar-a-la-alp-dos-contratos-por-el-litio-hasta-septiembre\/","og_site_name":"El Diario - Bolivia","article_publisher":"https:\/\/www.facebook.com\/eldiario.bolivia\/","article_published_time":"2024-07-16T05:14:03+00:00","og_image":[{"width":1090,"height":614,"url":"https:\/\/www.eldiario.net\/portal\/wp-content\/uploads\/2024\/07\/YLP-FOTO.jpg","type":"image\/jpeg"}],"author":"Jeanette","twitter_card":"summary_large_image","twitter_creator":"@eldiario_net","twitter_site":"@eldiario_net","twitter_misc":{"Escrito por":"Jeanette","Tiempo de lectura":"2 minutos"},"schema":{"@context":"https:\/\/schema.org","@graph":[{"@type":"Article","@id":"https:\/\/www.eldiario.net\/portal\/2024\/07\/16\/ylb-preve-enviar-a-la-alp-dos-contratos-por-el-litio-hasta-septiembre\/#article","isPartOf":{"@id":"https:\/\/www.eldiario.net\/portal\/2024\/07\/16\/ylb-preve-enviar-a-la-alp-dos-contratos-por-el-litio-hasta-septiembre\/"},"author":{"name":"Jeanette","@id":"https:\/\/www.eldiario.net\/portal\/#\/schema\/person\/f46445640444750d7d753ccd04ae01b7"},"headline":"YLB prev\u00e9 enviar a la ALP dos contratos por el litio hasta septiembre","datePublished":"2024-07-16T05:14:03+00:00","mainEntityOfPage":{"@id":"https:\/\/www.eldiario.net\/portal\/2024\/07\/16\/ylb-preve-enviar-a-la-alp-dos-contratos-por-el-litio-hasta-septiembre\/"},"wordCount":249,"commentCount":0,"publisher":{"@id":"https:\/\/www.eldiario.net\/portal\/#organization"},"image":{"@id":"https:\/\/www.eldiario.net\/portal\/2024\/07\/16\/ylb-preve-enviar-a-la-alp-dos-contratos-por-el-litio-hasta-septiembre\/#primaryimage"},"thumbnailUrl":"https:\/\/www.eldiario.net\/portal\/wp-content\/uploads\/2024\/07\/YLP-FOTO.jpg","articleSection":["Econom\u00eda"],"inLanguage":"es","potentialAction":[{"@type":"CommentAction","name":"Comment","target":["https:\/\/www.eldiario.net\/portal\/2024\/07\/16\/ylb-preve-enviar-a-la-alp-dos-contratos-por-el-litio-hasta-septiembre\/#respond"]}]},{"@type":"WebPage","@id":"https:\/\/www.eldiario.net\/portal\/2024\/07\/16\/ylb-preve-enviar-a-la-alp-dos-contratos-por-el-litio-hasta-septiembre\/","url":"https:\/\/www.eldiario.net\/portal\/2024\/07\/16\/ylb-preve-enviar-a-la-alp-dos-contratos-por-el-litio-hasta-septiembre\/","name":"YLB prev\u00e9 enviar a la ALP dos contratos por el litio hasta septiembre - El Diario - Bolivia","isPartOf":{"@id":"https:\/\/www.eldiario.net\/portal\/#website"},"primaryImageOfPage":{"@id":"https:\/\/www.eldiario.net\/portal\/2024\/07\/16\/ylb-preve-enviar-a-la-alp-dos-contratos-por-el-litio-hasta-septiembre\/#primaryimage"},"image":{"@id":"https:\/\/www.eldiario.net\/portal\/2024\/07\/16\/ylb-preve-enviar-a-la-alp-dos-contratos-por-el-litio-hasta-septiembre\/#primaryimage"},"thumbnailUrl":"https:\/\/www.eldiario.net\/portal\/wp-content\/uploads\/2024\/07\/YLP-FOTO.jpg","datePublished":"2024-07-16T05:14:03+00:00","breadcrumb":{"@id":"https:\/\/www.eldiario.net\/portal\/2024\/07\/16\/ylb-preve-enviar-a-la-alp-dos-contratos-por-el-litio-hasta-septiembre\/#breadcrumb"},"inLanguage":"es","potentialAction":[{"@type":"ReadAction","target":["https:\/\/www.eldiario.net\/portal\/2024\/07\/16\/ylb-preve-enviar-a-la-alp-dos-contratos-por-el-litio-hasta-septiembre\/"]}]},{"@type":"ImageObject","inLanguage":"es","@id":"https:\/\/www.eldiario.net\/portal\/2024\/07\/16\/ylb-preve-enviar-a-la-alp-dos-contratos-por-el-litio-hasta-septiembre\/#primaryimage","url":"https:\/\/www.eldiario.net\/portal\/wp-content\/uploads\/2024\/07\/YLP-FOTO.jpg","contentUrl":"https:\/\/www.eldiario.net\/portal\/wp-content\/uploads\/2024\/07\/YLP-FOTO.jpg","width":1090,"height":614,"caption":"La Asamblea debe aprobar los contratos. Foto de archivo."},{"@type":"BreadcrumbList","@id":"https:\/\/www.eldiario.net\/portal\/2024\/07\/16\/ylb-preve-enviar-a-la-alp-dos-contratos-por-el-litio-hasta-septiembre\/#breadcrumb","itemListElement":[{"@type":"ListItem","position":1,"name":"Portada","item":"https:\/\/www.eldiario.net\/portal\/"},{"@type":"ListItem","position":2,"name":"YLB prev\u00e9 enviar a la ALP dos contratos por el litio hasta septiembre"}]},{"@type":"WebSite","@id":"https:\/\/www.eldiario.net\/portal\/#website","url":"https:\/\/www.eldiario.net\/portal\/","name":"El Diario - Decano de la prensa nacional","description":"El Diario - Decano de la prensa nacional","publisher":{"@id":"https:\/\/www.eldiario.net\/portal\/#organization"},"potentialAction":[{"@type":"SearchAction","target":{"@type":"EntryPoint","urlTemplate":"https:\/\/www.eldiario.net\/portal\/?s={search_term_string}"},"query-input":{"@type":"PropertyValueSpecification","valueRequired":true,"valueName":"search_term_string"}}],"inLanguage":"es"},{"@type":"Organization","@id":"https:\/\/www.eldiario.net\/portal\/#organization","name":"El Diario - Decano de la prensa nacional","url":"https:\/\/www.eldiario.net\/portal\/","logo":{"@type":"ImageObject","inLanguage":"es","@id":"https:\/\/www.eldiario.net\/portal\/#\/schema\/logo\/image\/","url":"https:\/\/www.eldiario.net\/portal\/wp-content\/uploads\/2023\/07\/logo_ED.jpg","contentUrl":"https:\/\/www.eldiario.net\/portal\/wp-content\/uploads\/2023\/07\/logo_ED.jpg","width":272,"height":52,"caption":"El Diario - Decano de la prensa nacional"},"image":{"@id":"https:\/\/www.eldiario.net\/portal\/#\/schema\/logo\/image\/"},"sameAs":["https:\/\/www.facebook.com\/eldiario.bolivia\/","https:\/\/x.com\/eldiario_net"]},{"@type":"Person","@id":"https:\/\/www.eldiario.net\/portal\/#\/schema\/person\/f46445640444750d7d753ccd04ae01b7","name":"Jeanette","image":{"@type":"ImageObject","inLanguage":"es","@id":"https:\/\/secure.gravatar.com\/avatar\/3ea2118a5f7dad2b7138b1187a6b7ee55f160b9968b66013c3a3ef39dd7e5798?s=96&d=mm&r=g","url":"https:\/\/secure.gravatar.com\/avatar\/3ea2118a5f7dad2b7138b1187a6b7ee55f160b9968b66013c3a3ef39dd7e5798?s=96&d=mm&r=g","contentUrl":"https:\/\/secure.gravatar.com\/avatar\/3ea2118a5f7dad2b7138b1187a6b7ee55f160b9968b66013c3a3ef39dd7e5798?s=96&d=mm&r=g","caption":"Jeanette"},"sameAs":["https:\/\/www.eldiario.net\/portal"],"url":"https:\/\/www.eldiario.net\/portal\/author\/jeanette\/"}]}},"_links":{"self":[{"href":"https:\/\/www.eldiario.net\/portal\/wp-json\/wp\/v2\/posts\/234293","targetHints":{"allow":["GET"]}}],"collection":[{"href":"https:\/\/www.eldiario.net\/portal\/wp-json\/wp\/v2\/posts"}],"about":[{"href":"https:\/\/www.eldiario.net\/portal\/wp-json\/wp\/v2\/types\/post"}],"author":[{"embeddable":true,"href":"https:\/\/www.eldiario.net\/portal\/wp-json\/wp\/v2\/users\/1"}],"replies":[{"embeddable":true,"href":"https:\/\/www.eldiario.net\/portal\/wp-json\/wp\/v2\/comments?post=234293"}],"version-history":[{"count":1,"href":"https:\/\/www.eldiario.net\/portal\/wp-json\/wp\/v2\/posts\/234293\/revisions"}],"predecessor-version":[{"id":234295,"href":"https:\/\/www.eldiario.net\/portal\/wp-json\/wp\/v2\/posts\/234293\/revisions\/234295"}],"wp:featuredmedia":[{"embeddable":true,"href":"https:\/\/www.eldiario.net\/portal\/wp-json\/wp\/v2\/media\/234294"}],"wp:attachment":[{"href":"https:\/\/www.eldiario.net\/portal\/wp-json\/wp\/v2\/media?parent=234293"}],"wp:term":[{"taxonomy":"category","embeddable":true,"href":"https:\/\/www.eldiario.net\/portal\/wp-json\/wp\/v2\/categories?post=234293"},{"taxonomy":"post_tag","embeddable":true,"href":"https:\/\/www.eldiario.net\/portal\/wp-json\/wp\/v2\/tags?post=234293"}],"curies":[{"name":"wp","href":"https:\/\/api.w.org\/{rel}","templated":true}]}}