{"id":233913,"date":"2024-07-14T08:15:52","date_gmt":"2024-07-14T12:15:52","guid":{"rendered":"https:\/\/www.eldiario.net\/portal\/?p=233913"},"modified":"2024-07-14T08:15:52","modified_gmt":"2024-07-14T12:15:52","slug":"cata-de-pisco","status":"publish","type":"post","link":"https:\/\/www.eldiario.net\/portal\/2024\/07\/14\/cata-de-pisco\/","title":{"rendered":"Cata de pisco"},"content":{"rendered":"<p>Como parte de la agenda conmemorativa por el 203 aniversario de su Independencia, la Embajada del Per\u00fa en Bolivia organiz\u00f3 una cata de pisco en instalaciones de Cielo Bar.<br \/>\nLos asistentes pudieron conocer el arte de explorar las bondades del destilado, declarado patrimonio cultural de la vecina naci\u00f3n, a trav\u00e9s de cuatro variedades de pisco.<br \/>\nLa protagonista de la velada fue la reconocida sommelier peruana Lucero Villagarc\u00eda, quien prepar\u00f3 cocteles cl\u00e1sicos como pisco sour, chilcano y capit\u00e1n.<br \/>\nEl evento cont\u00f3 con el apoyo de Cielo Bar y el mix\u00f3logo internacional JP C\u00e1ceres, quien tambi\u00e9n dio a conocer algunos secretos de la cocteler\u00eda.<br \/>\nCada uno de los c\u00f3cteles fue maridado con platillos peruanos, despertando el apetito de los invitados.<br \/>\nEl encargado de Negocios de la Embajada del Per\u00fa, Carlos Montoya, dio la bienvenida a la concurrencia y se refiri\u00f3 a la importancia del pisco, que forma parte de la identidad peruana.<\/p>\n\r\n                <style type=\"text\/css\">\r\n                    \r\n                    #tdi_1  .td-doubleSlider-2 .td-item1 {\r\n                        background: url(https:\/\/www.eldiario.net\/portal\/wp-content\/uploads\/2024\/07\/DSC_4711-80x60.jpg) 0 0 no-repeat;\r\n                    }\r\n                    #tdi_1  .td-doubleSlider-2 .td-item2 {\r\n                        background: url(https:\/\/www.eldiario.net\/portal\/wp-content\/uploads\/2024\/07\/DSC_4737-80x60.jpg) 0 0 no-repeat;\r\n                    }\r\n                    #tdi_1  .td-doubleSlider-2 .td-item3 {\r\n                        background: url(https:\/\/www.eldiario.net\/portal\/wp-content\/uploads\/2024\/07\/DSC_4754-80x60.jpg) 0 0 no-repeat;\r\n                    }\r\n                    #tdi_1  .td-doubleSlider-2 .td-item4 {\r\n                        background: url(https:\/\/www.eldiario.net\/portal\/wp-content\/uploads\/2024\/07\/DSC_4759-80x60.jpg) 0 0 no-repeat;\r\n                    }\r\n                    #tdi_1  .td-doubleSlider-2 .td-item5 {\r\n                        background: url(https:\/\/www.eldiario.net\/portal\/wp-content\/uploads\/2024\/07\/DSC_4772-80x60.jpg) 0 0 no-repeat;\r\n                    }\r\n                    #tdi_1  .td-doubleSlider-2 .td-item6 {\r\n                        background: url(https:\/\/www.eldiario.net\/portal\/wp-content\/uploads\/2024\/07\/DSC_4775-80x60.jpg) 0 0 no-repeat;\r\n                    }\r\n                    #tdi_1  .td-doubleSlider-2 .td-item7 {\r\n                        background: url(https:\/\/www.eldiario.net\/portal\/wp-content\/uploads\/2024\/07\/DSC_4779-80x60.jpg) 0 0 no-repeat;\r\n                    }\r\n                    #tdi_1  .td-doubleSlider-2 .td-item8 {\r\n                        background: url(https:\/\/www.eldiario.net\/portal\/wp-content\/uploads\/2024\/07\/DSC_4782-80x60.jpg) 0 0 no-repeat;\r\n                    }\r\n                    #tdi_1  .td-doubleSlider-2 .td-item9 {\r\n                        background: url(https:\/\/www.eldiario.net\/portal\/wp-content\/uploads\/2024\/07\/DSC_4789-80x60.jpg) 0 0 no-repeat;\r\n                    }\r\n                    #tdi_1  .td-doubleSlider-2 .td-item10 {\r\n                        background: url(https:\/\/www.eldiario.net\/portal\/wp-content\/uploads\/2024\/07\/DSC_4802-80x60.jpg) 0 0 no-repeat;\r\n                    }\r\n                    #tdi_1  .td-doubleSlider-2 .td-item11 {\r\n                        background: url(https:\/\/www.eldiario.net\/portal\/wp-content\/uploads\/2024\/07\/DSC_4804-80x60.jpg) 0 0 no-repeat;\r\n                    }\r\n                <\/style>\r\n\r\n                <div id=\"tdi_1\" class=\"td-gallery td-slide-on-2-columns\">\r\n                    <div class=\"post_td_gallery\">\r\n                        <div class=\"td-gallery-slide-top\">\r\n                           <div class=\"td-gallery-title\"><\/div>\r\n\r\n                            <div class=\"td-gallery-controls-wrapper\">\r\n                                <div class=\"td-gallery-slide-count\"><span class=\"td-gallery-slide-item-focus\">1<\/span> de 11<\/div>\r\n                                <div class=\"td-gallery-slide-prev-next-but\">\r\n                                    <i class = \"td-icon-left doubleSliderPrevButton\"><\/i>\r\n                                    <i class = \"td-icon-right doubleSliderNextButton\"><\/i>\r\n                                <\/div>\r\n                            <\/div>\r\n                        <\/div>\r\n\r\n                        <div class = \"td-doubleSlider-1 \">\r\n                            <div class = \"td-slider\">\r\n                                \r\n                    <div class = \"td-slide-item td-item1\">\r\n                        <figure class=\"td-slide-galery-figure td-slide-popup-gallery\">\r\n                            <a class=\"slide-gallery-image-link\" href=\"https:\/\/www.eldiario.net\/portal\/wp-content\/uploads\/2024\/07\/DSC_4711.jpg\" title=\"DSC_4711\"  data-caption=\"ENCARGADO DE NEGOCIOS DEL PER\u00da, JUNTO A LA SOMMELIER PERUANA LUCERO VILLAGARC\u00cdA.\"  data-description=\"\">\r\n                                <img decoding=\"async\" src=\"https:\/\/www.eldiario.net\/portal\/wp-content\/uploads\/2024\/07\/DSC_4711-629x420.jpg\" srcset=\"https:\/\/www.eldiario.net\/portal\/wp-content\/uploads\/2024\/07\/DSC_4711-629x420.jpg 629w, https:\/\/www.eldiario.net\/portal\/wp-content\/uploads\/2024\/07\/DSC_4711-300x200.jpg 300w, https:\/\/www.eldiario.net\/portal\/wp-content\/uploads\/2024\/07\/DSC_4711-1024x684.jpg 1024w, https:\/\/www.eldiario.net\/portal\/wp-content\/uploads\/2024\/07\/DSC_4711-768x513.jpg 768w, https:\/\/www.eldiario.net\/portal\/wp-content\/uploads\/2024\/07\/DSC_4711-696x465.jpg 696w, https:\/\/www.eldiario.net\/portal\/wp-content\/uploads\/2024\/07\/DSC_4711-1068x713.jpg 1068w, https:\/\/www.eldiario.net\/portal\/wp-content\/uploads\/2024\/07\/DSC_4711.jpg 1200w\" sizes=\"(max-width: 629px) 100vw, 629px\" alt=\"\">\r\n                            <\/a>\r\n                            <figcaption class = \"td-slide-caption td-gallery-slide-content\"><div class = \"td-gallery-slide-copywrite\">ENCARGADO DE NEGOCIOS DEL PER\u00da, JUNTO A LA SOMMELIER PERUANA LUCERO VILLAGARC\u00cdA.<\/div><\/figcaption>\r\n                        <\/figure>\r\n                    <\/div>\r\n                    <div class = \"td-slide-item td-item2\">\r\n                        <figure class=\"td-slide-galery-figure td-slide-popup-gallery\">\r\n                            <a class=\"slide-gallery-image-link\" href=\"https:\/\/www.eldiario.net\/portal\/wp-content\/uploads\/2024\/07\/DSC_4737.jpg\" title=\"DSC_4737\"  data-caption=\"LUIS REINOSO, BRUNO JOUANNEM, MIRIAM ESPARZA, EMB. DEL ECUADOR, Y CARLOS MONTOYA, ENC. DE NEGOCIOS DEL PER\u00da.\"  data-description=\"\">\r\n                                <img decoding=\"async\" src=\"https:\/\/www.eldiario.net\/portal\/wp-content\/uploads\/2024\/07\/DSC_4737-629x420.jpg\" srcset=\"https:\/\/www.eldiario.net\/portal\/wp-content\/uploads\/2024\/07\/DSC_4737-629x420.jpg 629w, https:\/\/www.eldiario.net\/portal\/wp-content\/uploads\/2024\/07\/DSC_4737-300x200.jpg 300w, https:\/\/www.eldiario.net\/portal\/wp-content\/uploads\/2024\/07\/DSC_4737-1024x684.jpg 1024w, https:\/\/www.eldiario.net\/portal\/wp-content\/uploads\/2024\/07\/DSC_4737-768x513.jpg 768w, https:\/\/www.eldiario.net\/portal\/wp-content\/uploads\/2024\/07\/DSC_4737-696x465.jpg 696w, https:\/\/www.eldiario.net\/portal\/wp-content\/uploads\/2024\/07\/DSC_4737-1068x713.jpg 1068w, https:\/\/www.eldiario.net\/portal\/wp-content\/uploads\/2024\/07\/DSC_4737.jpg 1200w\" sizes=\"(max-width: 629px) 100vw, 629px\" alt=\"\">\r\n                            <\/a>\r\n                            <figcaption class = \"td-slide-caption td-gallery-slide-content\"><div class = \"td-gallery-slide-copywrite\">LUIS REINOSO, BRUNO JOUANNEM, MIRIAM ESPARZA, EMB. DEL ECUADOR, Y CARLOS MONTOYA, ENC. DE NEGOCIOS DEL PER\u00da.<\/div><\/figcaption>\r\n                        <\/figure>\r\n                    <\/div>\r\n                    <div class = \"td-slide-item td-item3\">\r\n                        <figure class=\"td-slide-galery-figure td-slide-popup-gallery\">\r\n                            <a class=\"slide-gallery-image-link\" href=\"https:\/\/www.eldiario.net\/portal\/wp-content\/uploads\/2024\/07\/DSC_4754.jpg\" title=\"DSC_4754\"  data-caption=\"LUCERO  VILLAGARC\u00cdA, SOMMELIER Y ESPECIALISTA EN PISCO.\"  data-description=\"\">\r\n                                <img decoding=\"async\" src=\"https:\/\/www.eldiario.net\/portal\/wp-content\/uploads\/2024\/07\/DSC_4754-629x420.jpg\" srcset=\"https:\/\/www.eldiario.net\/portal\/wp-content\/uploads\/2024\/07\/DSC_4754-629x420.jpg 629w, https:\/\/www.eldiario.net\/portal\/wp-content\/uploads\/2024\/07\/DSC_4754-300x200.jpg 300w, https:\/\/www.eldiario.net\/portal\/wp-content\/uploads\/2024\/07\/DSC_4754-1024x684.jpg 1024w, https:\/\/www.eldiario.net\/portal\/wp-content\/uploads\/2024\/07\/DSC_4754-768x513.jpg 768w, https:\/\/www.eldiario.net\/portal\/wp-content\/uploads\/2024\/07\/DSC_4754-696x465.jpg 696w, https:\/\/www.eldiario.net\/portal\/wp-content\/uploads\/2024\/07\/DSC_4754-1068x713.jpg 1068w, https:\/\/www.eldiario.net\/portal\/wp-content\/uploads\/2024\/07\/DSC_4754.jpg 1200w\" sizes=\"(max-width: 629px) 100vw, 629px\" alt=\"\">\r\n                            <\/a>\r\n                            <figcaption class = \"td-slide-caption td-gallery-slide-content\"><div class = \"td-gallery-slide-copywrite\">LUCERO  VILLAGARC\u00cdA, SOMMELIER Y ESPECIALISTA EN PISCO.<\/div><\/figcaption>\r\n                        <\/figure>\r\n                    <\/div>\r\n                    <div class = \"td-slide-item td-item4\">\r\n                        <figure class=\"td-slide-galery-figure td-slide-popup-gallery\">\r\n                            <a class=\"slide-gallery-image-link\" href=\"https:\/\/www.eldiario.net\/portal\/wp-content\/uploads\/2024\/07\/DSC_4759.jpg\" title=\"DSC_4759\"  data-caption=\"JP C\u00c1CERES, GERENTE DE CIELO BAR.\"  data-description=\"\">\r\n                                <img decoding=\"async\" src=\"https:\/\/www.eldiario.net\/portal\/wp-content\/uploads\/2024\/07\/DSC_4759-629x420.jpg\" srcset=\"https:\/\/www.eldiario.net\/portal\/wp-content\/uploads\/2024\/07\/DSC_4759-629x420.jpg 629w, https:\/\/www.eldiario.net\/portal\/wp-content\/uploads\/2024\/07\/DSC_4759-300x200.jpg 300w, https:\/\/www.eldiario.net\/portal\/wp-content\/uploads\/2024\/07\/DSC_4759-1024x684.jpg 1024w, https:\/\/www.eldiario.net\/portal\/wp-content\/uploads\/2024\/07\/DSC_4759-768x513.jpg 768w, https:\/\/www.eldiario.net\/portal\/wp-content\/uploads\/2024\/07\/DSC_4759-696x465.jpg 696w, https:\/\/www.eldiario.net\/portal\/wp-content\/uploads\/2024\/07\/DSC_4759-1068x713.jpg 1068w, https:\/\/www.eldiario.net\/portal\/wp-content\/uploads\/2024\/07\/DSC_4759.jpg 1200w\" sizes=\"(max-width: 629px) 100vw, 629px\" alt=\"\">\r\n                            <\/a>\r\n                            <figcaption class = \"td-slide-caption td-gallery-slide-content\"><div class = \"td-gallery-slide-copywrite\">JP C\u00c1CERES, GERENTE DE CIELO BAR.<\/div><\/figcaption>\r\n                        <\/figure>\r\n                    <\/div>\r\n                    <div class = \"td-slide-item td-item5\">\r\n                        <figure class=\"td-slide-galery-figure td-slide-popup-gallery\">\r\n                            <a class=\"slide-gallery-image-link\" href=\"https:\/\/www.eldiario.net\/portal\/wp-content\/uploads\/2024\/07\/DSC_4772.jpg\" title=\"DSC_4772\"  data-caption=\"DIEGO MOUCHET, CAMILLA DIAIS, MAXENCE MERLE Y ELVIS OJEDA.\"  data-description=\"\">\r\n                                <img decoding=\"async\" src=\"https:\/\/www.eldiario.net\/portal\/wp-content\/uploads\/2024\/07\/DSC_4772-629x420.jpg\" srcset=\"https:\/\/www.eldiario.net\/portal\/wp-content\/uploads\/2024\/07\/DSC_4772-629x420.jpg 629w, https:\/\/www.eldiario.net\/portal\/wp-content\/uploads\/2024\/07\/DSC_4772-300x200.jpg 300w, https:\/\/www.eldiario.net\/portal\/wp-content\/uploads\/2024\/07\/DSC_4772-1024x684.jpg 1024w, https:\/\/www.eldiario.net\/portal\/wp-content\/uploads\/2024\/07\/DSC_4772-768x513.jpg 768w, https:\/\/www.eldiario.net\/portal\/wp-content\/uploads\/2024\/07\/DSC_4772-696x465.jpg 696w, https:\/\/www.eldiario.net\/portal\/wp-content\/uploads\/2024\/07\/DSC_4772-1068x713.jpg 1068w, https:\/\/www.eldiario.net\/portal\/wp-content\/uploads\/2024\/07\/DSC_4772.jpg 1200w\" sizes=\"(max-width: 629px) 100vw, 629px\" alt=\"\">\r\n                            <\/a>\r\n                            <figcaption class = \"td-slide-caption td-gallery-slide-content\"><div class = \"td-gallery-slide-copywrite\">DIEGO MOUCHET, CAMILLA DIAIS, MAXENCE MERLE Y ELVIS OJEDA.<\/div><\/figcaption>\r\n                        <\/figure>\r\n                    <\/div>\r\n                    <div class = \"td-slide-item td-item6\">\r\n                        <figure class=\"td-slide-galery-figure td-slide-popup-gallery\">\r\n                            <a class=\"slide-gallery-image-link\" href=\"https:\/\/www.eldiario.net\/portal\/wp-content\/uploads\/2024\/07\/DSC_4775.jpg\" title=\"DSC_4775\"  data-caption=\"MAR\u00cdA RENEE SAAVEDRA, XIMENA HERRERA DIPS, DUVALIE GONZ\u00c1LEZ Y LUIS ALFREDO ROJAS.\"  data-description=\"\">\r\n                                <img decoding=\"async\" src=\"https:\/\/www.eldiario.net\/portal\/wp-content\/uploads\/2024\/07\/DSC_4775-629x420.jpg\" srcset=\"https:\/\/www.eldiario.net\/portal\/wp-content\/uploads\/2024\/07\/DSC_4775-629x420.jpg 629w, https:\/\/www.eldiario.net\/portal\/wp-content\/uploads\/2024\/07\/DSC_4775-300x200.jpg 300w, https:\/\/www.eldiario.net\/portal\/wp-content\/uploads\/2024\/07\/DSC_4775-1024x684.jpg 1024w, https:\/\/www.eldiario.net\/portal\/wp-content\/uploads\/2024\/07\/DSC_4775-768x513.jpg 768w, https:\/\/www.eldiario.net\/portal\/wp-content\/uploads\/2024\/07\/DSC_4775-696x465.jpg 696w, https:\/\/www.eldiario.net\/portal\/wp-content\/uploads\/2024\/07\/DSC_4775-1068x713.jpg 1068w, https:\/\/www.eldiario.net\/portal\/wp-content\/uploads\/2024\/07\/DSC_4775.jpg 1200w\" sizes=\"(max-width: 629px) 100vw, 629px\" alt=\"\">\r\n                            <\/a>\r\n                            <figcaption class = \"td-slide-caption td-gallery-slide-content\"><div class = \"td-gallery-slide-copywrite\">MAR\u00cdA RENEE SAAVEDRA, XIMENA HERRERA DIPS, DUVALIE GONZ\u00c1LEZ Y LUIS ALFREDO ROJAS.<\/div><\/figcaption>\r\n                        <\/figure>\r\n                    <\/div>\r\n                    <div class = \"td-slide-item td-item7\">\r\n                        <figure class=\"td-slide-galery-figure td-slide-popup-gallery\">\r\n                            <a class=\"slide-gallery-image-link\" href=\"https:\/\/www.eldiario.net\/portal\/wp-content\/uploads\/2024\/07\/DSC_4779.jpg\" title=\"DSC_4779\"  data-caption=\"LUIS GUZM\u00c1N, ERNESTO  MALDA Y  DANIEL OIE.\"  data-description=\"\">\r\n                                <img decoding=\"async\" src=\"https:\/\/www.eldiario.net\/portal\/wp-content\/uploads\/2024\/07\/DSC_4779-629x420.jpg\" srcset=\"https:\/\/www.eldiario.net\/portal\/wp-content\/uploads\/2024\/07\/DSC_4779-629x420.jpg 629w, https:\/\/www.eldiario.net\/portal\/wp-content\/uploads\/2024\/07\/DSC_4779-300x200.jpg 300w, https:\/\/www.eldiario.net\/portal\/wp-content\/uploads\/2024\/07\/DSC_4779-1024x684.jpg 1024w, https:\/\/www.eldiario.net\/portal\/wp-content\/uploads\/2024\/07\/DSC_4779-768x513.jpg 768w, https:\/\/www.eldiario.net\/portal\/wp-content\/uploads\/2024\/07\/DSC_4779-696x465.jpg 696w, https:\/\/www.eldiario.net\/portal\/wp-content\/uploads\/2024\/07\/DSC_4779-1068x713.jpg 1068w, https:\/\/www.eldiario.net\/portal\/wp-content\/uploads\/2024\/07\/DSC_4779.jpg 1200w\" sizes=\"(max-width: 629px) 100vw, 629px\" alt=\"\">\r\n                            <\/a>\r\n                            <figcaption class = \"td-slide-caption td-gallery-slide-content\"><div class = \"td-gallery-slide-copywrite\">LUIS GUZM\u00c1N, ERNESTO  MALDA Y  DANIEL OIE.<\/div><\/figcaption>\r\n                        <\/figure>\r\n                    <\/div>\r\n                    <div class = \"td-slide-item td-item8\">\r\n                        <figure class=\"td-slide-galery-figure td-slide-popup-gallery\">\r\n                            <a class=\"slide-gallery-image-link\" href=\"https:\/\/www.eldiario.net\/portal\/wp-content\/uploads\/2024\/07\/DSC_4782.jpg\" title=\"DSC_4782\"  data-caption=\"VALERIA DORADO, VALERIA ALEM\u00c1N, CARLA MOLINA, LORENA CALDER\u00d3N Y SILVANA CALDER\u00d3N.\"  data-description=\"\">\r\n                                <img decoding=\"async\" src=\"https:\/\/www.eldiario.net\/portal\/wp-content\/uploads\/2024\/07\/DSC_4782-629x420.jpg\" srcset=\"https:\/\/www.eldiario.net\/portal\/wp-content\/uploads\/2024\/07\/DSC_4782-629x420.jpg 629w, https:\/\/www.eldiario.net\/portal\/wp-content\/uploads\/2024\/07\/DSC_4782-300x200.jpg 300w, https:\/\/www.eldiario.net\/portal\/wp-content\/uploads\/2024\/07\/DSC_4782-1024x684.jpg 1024w, https:\/\/www.eldiario.net\/portal\/wp-content\/uploads\/2024\/07\/DSC_4782-768x513.jpg 768w, https:\/\/www.eldiario.net\/portal\/wp-content\/uploads\/2024\/07\/DSC_4782-696x465.jpg 696w, https:\/\/www.eldiario.net\/portal\/wp-content\/uploads\/2024\/07\/DSC_4782-1068x713.jpg 1068w, https:\/\/www.eldiario.net\/portal\/wp-content\/uploads\/2024\/07\/DSC_4782.jpg 1200w\" sizes=\"(max-width: 629px) 100vw, 629px\" alt=\"\">\r\n                            <\/a>\r\n                            <figcaption class = \"td-slide-caption td-gallery-slide-content\"><div class = \"td-gallery-slide-copywrite\">VALERIA DORADO, VALERIA ALEM\u00c1N, CARLA MOLINA, LORENA CALDER\u00d3N Y SILVANA CALDER\u00d3N.<\/div><\/figcaption>\r\n                        <\/figure>\r\n                    <\/div>\r\n                    <div class = \"td-slide-item td-item9\">\r\n                        <figure class=\"td-slide-galery-figure td-slide-popup-gallery\">\r\n                            <a class=\"slide-gallery-image-link\" href=\"https:\/\/www.eldiario.net\/portal\/wp-content\/uploads\/2024\/07\/DSC_4789.jpg\" title=\"DSC_4789\"  data-caption=\"CORAL AYOROA, ISA TRIGO, NICOLE PINTO RUIZ, RAQUEL MORALES, MONSERRAT CASTELLANOS Y LUIS GUZM\u00c1N.\"  data-description=\"\">\r\n                                <img decoding=\"async\" src=\"https:\/\/www.eldiario.net\/portal\/wp-content\/uploads\/2024\/07\/DSC_4789-629x420.jpg\" srcset=\"https:\/\/www.eldiario.net\/portal\/wp-content\/uploads\/2024\/07\/DSC_4789-629x420.jpg 629w, https:\/\/www.eldiario.net\/portal\/wp-content\/uploads\/2024\/07\/DSC_4789-300x200.jpg 300w, https:\/\/www.eldiario.net\/portal\/wp-content\/uploads\/2024\/07\/DSC_4789-1024x684.jpg 1024w, https:\/\/www.eldiario.net\/portal\/wp-content\/uploads\/2024\/07\/DSC_4789-768x513.jpg 768w, https:\/\/www.eldiario.net\/portal\/wp-content\/uploads\/2024\/07\/DSC_4789-696x465.jpg 696w, https:\/\/www.eldiario.net\/portal\/wp-content\/uploads\/2024\/07\/DSC_4789-1068x713.jpg 1068w, https:\/\/www.eldiario.net\/portal\/wp-content\/uploads\/2024\/07\/DSC_4789.jpg 1200w\" sizes=\"(max-width: 629px) 100vw, 629px\" alt=\"\">\r\n                            <\/a>\r\n                            <figcaption class = \"td-slide-caption td-gallery-slide-content\"><div class = \"td-gallery-slide-copywrite\">CORAL AYOROA, ISA TRIGO, NICOLE PINTO RUIZ, RAQUEL MORALES, MONSERRAT CASTELLANOS Y LUIS GUZM\u00c1N.<\/div><\/figcaption>\r\n                        <\/figure>\r\n                    <\/div>\r\n                    <div class = \"td-slide-item td-item10\">\r\n                        <figure class=\"td-slide-galery-figure td-slide-popup-gallery\">\r\n                            <a class=\"slide-gallery-image-link\" href=\"https:\/\/www.eldiario.net\/portal\/wp-content\/uploads\/2024\/07\/DSC_4802.jpg\" title=\"DSC_4802\"  data-caption=\"JP C\u00c1CERES, GERENTE CIELO BAR Y SU EQUIPO.\"  data-description=\"\">\r\n                                <img decoding=\"async\" src=\"https:\/\/www.eldiario.net\/portal\/wp-content\/uploads\/2024\/07\/DSC_4802-629x420.jpg\" srcset=\"https:\/\/www.eldiario.net\/portal\/wp-content\/uploads\/2024\/07\/DSC_4802-629x420.jpg 629w, https:\/\/www.eldiario.net\/portal\/wp-content\/uploads\/2024\/07\/DSC_4802-300x200.jpg 300w, https:\/\/www.eldiario.net\/portal\/wp-content\/uploads\/2024\/07\/DSC_4802-1024x684.jpg 1024w, https:\/\/www.eldiario.net\/portal\/wp-content\/uploads\/2024\/07\/DSC_4802-768x513.jpg 768w, https:\/\/www.eldiario.net\/portal\/wp-content\/uploads\/2024\/07\/DSC_4802-696x465.jpg 696w, https:\/\/www.eldiario.net\/portal\/wp-content\/uploads\/2024\/07\/DSC_4802-1068x713.jpg 1068w, https:\/\/www.eldiario.net\/portal\/wp-content\/uploads\/2024\/07\/DSC_4802.jpg 1200w\" sizes=\"(max-width: 629px) 100vw, 629px\" alt=\"\">\r\n                            <\/a>\r\n                            <figcaption class = \"td-slide-caption td-gallery-slide-content\"><div class = \"td-gallery-slide-copywrite\">JP C\u00c1CERES, GERENTE CIELO BAR Y SU EQUIPO.<\/div><\/figcaption>\r\n                        <\/figure>\r\n                    <\/div>\r\n                    <div class = \"td-slide-item td-item11\">\r\n                        <figure class=\"td-slide-galery-figure td-slide-popup-gallery\">\r\n                            <a class=\"slide-gallery-image-link\" href=\"https:\/\/www.eldiario.net\/portal\/wp-content\/uploads\/2024\/07\/DSC_4804.jpg\" title=\"DSC_4804\"  data-caption=\"ELVIS OJEDA, JOSELINE AGUILAR, XIMENA HERRERA Y DANIEL OIE.\"  data-description=\"\">\r\n                                <img decoding=\"async\" src=\"https:\/\/www.eldiario.net\/portal\/wp-content\/uploads\/2024\/07\/DSC_4804-629x420.jpg\" srcset=\"https:\/\/www.eldiario.net\/portal\/wp-content\/uploads\/2024\/07\/DSC_4804-629x420.jpg 629w, https:\/\/www.eldiario.net\/portal\/wp-content\/uploads\/2024\/07\/DSC_4804-300x200.jpg 300w, https:\/\/www.eldiario.net\/portal\/wp-content\/uploads\/2024\/07\/DSC_4804-1024x684.jpg 1024w, https:\/\/www.eldiario.net\/portal\/wp-content\/uploads\/2024\/07\/DSC_4804-768x513.jpg 768w, https:\/\/www.eldiario.net\/portal\/wp-content\/uploads\/2024\/07\/DSC_4804-696x465.jpg 696w, https:\/\/www.eldiario.net\/portal\/wp-content\/uploads\/2024\/07\/DSC_4804-1068x713.jpg 1068w, https:\/\/www.eldiario.net\/portal\/wp-content\/uploads\/2024\/07\/DSC_4804.jpg 1200w\" sizes=\"(max-width: 629px) 100vw, 629px\" alt=\"\">\r\n                            <\/a>\r\n                            <figcaption class = \"td-slide-caption td-gallery-slide-content\"><div class = \"td-gallery-slide-copywrite\">ELVIS OJEDA, JOSELINE AGUILAR, XIMENA HERRERA Y DANIEL OIE.<\/div><\/figcaption>\r\n                        <\/figure>\r\n                    <\/div>\r\n                            <\/div>\r\n                        <\/div>\r\n\r\n                        <div class = \"td-doubleSlider-2\">\r\n                            <div class = \"td-slider\">\r\n                                \r\n                    <div class = \"td-button td-item1\">\r\n                        <div class = \"td-border\"><\/div>\r\n                    <\/div>\r\n                    <div class = \"td-button td-item2\">\r\n                        <div class = \"td-border\"><\/div>\r\n                    <\/div>\r\n                    <div class = \"td-button td-item3\">\r\n                        <div class = \"td-border\"><\/div>\r\n                    <\/div>\r\n                    <div class = \"td-button td-item4\">\r\n                        <div class = \"td-border\"><\/div>\r\n                    <\/div>\r\n                    <div class = \"td-button td-item5\">\r\n                        <div class = \"td-border\"><\/div>\r\n                    <\/div>\r\n                    <div class = \"td-button td-item6\">\r\n                        <div class = \"td-border\"><\/div>\r\n                    <\/div>\r\n                    <div class = \"td-button td-item7\">\r\n                        <div class = \"td-border\"><\/div>\r\n                    <\/div>\r\n                    <div class = \"td-button td-item8\">\r\n                        <div class = \"td-border\"><\/div>\r\n                    <\/div>\r\n                    <div class = \"td-button td-item9\">\r\n                        <div class = \"td-border\"><\/div>\r\n                    <\/div>\r\n                    <div class = \"td-button td-item10\">\r\n                        <div class = \"td-border\"><\/div>\r\n                    <\/div>\r\n                    <div class = \"td-button td-item11\">\r\n                        <div class = \"td-border\"><\/div>\r\n                    <\/div>\r\n                            <\/div>\r\n                        <\/div>\r\n\r\n                    <\/div>\r\n\r\n                <\/div>\r\n                \n","protected":false},"excerpt":{"rendered":"<p>Como parte de la agenda conmemorativa por el 203 aniversario de su Independencia, la Embajada del Per\u00fa en Bolivia organiz\u00f3 una cata de pisco en instalaciones de Cielo Bar. Los asistentes pudieron conocer el arte de explorar las bondades del destilado, declarado patrimonio cultural de la vecina naci\u00f3n, a trav\u00e9s de cuatro variedades de pisco. [&hellip;]<\/p>\n","protected":false},"author":1,"featured_media":233914,"comment_status":"open","ping_status":"open","sticky":false,"template":"","format":"standard","meta":{"_acf_changed":false,"footnotes":""},"categories":[40],"tags":[],"class_list":["post-233913","post","type-post","status-publish","format-standard","has-post-thumbnail","category-sociales"],"acf":{"antetitulo":""},"yoast_head":"<!-- This site is optimized with the Yoast SEO plugin v28.3 - https:\/\/yoast.com\/product\/yoast-seo-wordpress\/ -->\n<title>Cata de pisco - El Diario - Bolivia<\/title>\n<meta name=\"robots\" content=\"index, follow, max-snippet:-1, max-image-preview:large, max-video-preview:-1\" \/>\n<link rel=\"canonical\" href=\"https:\/\/www.eldiario.net\/portal\/2024\/07\/14\/cata-de-pisco\/\" \/>\n<meta property=\"og:locale\" content=\"es_ES\" \/>\n<meta property=\"og:type\" content=\"article\" \/>\n<meta property=\"og:title\" content=\"Cata de pisco - El Diario - Bolivia\" \/>\n<meta property=\"og:description\" content=\"Como parte de la agenda conmemorativa por el 203 aniversario de su Independencia, la Embajada del Per\u00fa en Bolivia organiz\u00f3 una cata de pisco en instalaciones de Cielo Bar. Los asistentes pudieron conocer el arte de explorar las bondades del destilado, declarado patrimonio cultural de la vecina naci\u00f3n, a trav\u00e9s de cuatro variedades de pisco. [&hellip;]\" \/>\n<meta property=\"og:url\" content=\"https:\/\/www.eldiario.net\/portal\/2024\/07\/14\/cata-de-pisco\/\" \/>\n<meta property=\"og:site_name\" content=\"El Diario - Bolivia\" \/>\n<meta property=\"article:publisher\" content=\"https:\/\/www.facebook.com\/eldiario.bolivia\/\" \/>\n<meta property=\"article:published_time\" content=\"2024-07-14T12:15:52+00:00\" \/>\n<meta property=\"og:image\" content=\"https:\/\/www.eldiario.net\/portal\/wp-content\/uploads\/2024\/07\/DSC_4711.jpg\" \/>\n\t<meta property=\"og:image:width\" content=\"1200\" \/>\n\t<meta property=\"og:image:height\" content=\"801\" \/>\n\t<meta property=\"og:image:type\" content=\"image\/jpeg\" \/>\n<meta name=\"author\" content=\"Jeanette\" \/>\n<meta name=\"twitter:card\" content=\"summary_large_image\" \/>\n<meta name=\"twitter:creator\" content=\"@eldiario_net\" \/>\n<meta name=\"twitter:site\" content=\"@eldiario_net\" \/>\n<meta name=\"twitter:label1\" content=\"Escrito por\" \/>\n\t<meta name=\"twitter:data1\" content=\"Jeanette\" \/>\n\t<meta name=\"twitter:label2\" content=\"Tiempo de lectura\" \/>\n\t<meta name=\"twitter:data2\" content=\"1 minuto\" \/>\n<script type=\"application\/ld+json\" class=\"yoast-schema-graph\">{\"@context\":\"https:\\\/\\\/schema.org\",\"@graph\":[{\"@type\":\"Article\",\"@id\":\"https:\\\/\\\/www.eldiario.net\\\/portal\\\/2024\\\/07\\\/14\\\/cata-de-pisco\\\/#article\",\"isPartOf\":{\"@id\":\"https:\\\/\\\/www.eldiario.net\\\/portal\\\/2024\\\/07\\\/14\\\/cata-de-pisco\\\/\"},\"author\":{\"name\":\"Jeanette\",\"@id\":\"https:\\\/\\\/www.eldiario.net\\\/portal\\\/#\\\/schema\\\/person\\\/f46445640444750d7d753ccd04ae01b7\"},\"headline\":\"Cata de pisco\",\"datePublished\":\"2024-07-14T12:15:52+00:00\",\"mainEntityOfPage\":{\"@id\":\"https:\\\/\\\/www.eldiario.net\\\/portal\\\/2024\\\/07\\\/14\\\/cata-de-pisco\\\/\"},\"wordCount\":171,\"commentCount\":0,\"publisher\":{\"@id\":\"https:\\\/\\\/www.eldiario.net\\\/portal\\\/#organization\"},\"image\":{\"@id\":\"https:\\\/\\\/www.eldiario.net\\\/portal\\\/2024\\\/07\\\/14\\\/cata-de-pisco\\\/#primaryimage\"},\"thumbnailUrl\":\"https:\\\/\\\/www.eldiario.net\\\/portal\\\/wp-content\\\/uploads\\\/2024\\\/07\\\/DSC_4711.jpg\",\"articleSection\":[\"Sociales\"],\"inLanguage\":\"es\",\"potentialAction\":[{\"@type\":\"CommentAction\",\"name\":\"Comment\",\"target\":[\"https:\\\/\\\/www.eldiario.net\\\/portal\\\/2024\\\/07\\\/14\\\/cata-de-pisco\\\/#respond\"]}]},{\"@type\":\"WebPage\",\"@id\":\"https:\\\/\\\/www.eldiario.net\\\/portal\\\/2024\\\/07\\\/14\\\/cata-de-pisco\\\/\",\"url\":\"https:\\\/\\\/www.eldiario.net\\\/portal\\\/2024\\\/07\\\/14\\\/cata-de-pisco\\\/\",\"name\":\"Cata de pisco - El Diario - Bolivia\",\"isPartOf\":{\"@id\":\"https:\\\/\\\/www.eldiario.net\\\/portal\\\/#website\"},\"primaryImageOfPage\":{\"@id\":\"https:\\\/\\\/www.eldiario.net\\\/portal\\\/2024\\\/07\\\/14\\\/cata-de-pisco\\\/#primaryimage\"},\"image\":{\"@id\":\"https:\\\/\\\/www.eldiario.net\\\/portal\\\/2024\\\/07\\\/14\\\/cata-de-pisco\\\/#primaryimage\"},\"thumbnailUrl\":\"https:\\\/\\\/www.eldiario.net\\\/portal\\\/wp-content\\\/uploads\\\/2024\\\/07\\\/DSC_4711.jpg\",\"datePublished\":\"2024-07-14T12:15:52+00:00\",\"breadcrumb\":{\"@id\":\"https:\\\/\\\/www.eldiario.net\\\/portal\\\/2024\\\/07\\\/14\\\/cata-de-pisco\\\/#breadcrumb\"},\"inLanguage\":\"es\",\"potentialAction\":[{\"@type\":\"ReadAction\",\"target\":[\"https:\\\/\\\/www.eldiario.net\\\/portal\\\/2024\\\/07\\\/14\\\/cata-de-pisco\\\/\"]}]},{\"@type\":\"ImageObject\",\"inLanguage\":\"es\",\"@id\":\"https:\\\/\\\/www.eldiario.net\\\/portal\\\/2024\\\/07\\\/14\\\/cata-de-pisco\\\/#primaryimage\",\"url\":\"https:\\\/\\\/www.eldiario.net\\\/portal\\\/wp-content\\\/uploads\\\/2024\\\/07\\\/DSC_4711.jpg\",\"contentUrl\":\"https:\\\/\\\/www.eldiario.net\\\/portal\\\/wp-content\\\/uploads\\\/2024\\\/07\\\/DSC_4711.jpg\",\"width\":1200,\"height\":801,\"caption\":\"ENCARGADO DE NEGOCIOS DEL PER\u00da, JUNTO A LA SOMMELIER PERUANA LUCERO VILLAGARC\u00cdA.\"},{\"@type\":\"BreadcrumbList\",\"@id\":\"https:\\\/\\\/www.eldiario.net\\\/portal\\\/2024\\\/07\\\/14\\\/cata-de-pisco\\\/#breadcrumb\",\"itemListElement\":[{\"@type\":\"ListItem\",\"position\":1,\"name\":\"Portada\",\"item\":\"https:\\\/\\\/www.eldiario.net\\\/portal\\\/\"},{\"@type\":\"ListItem\",\"position\":2,\"name\":\"Cata de pisco\"}]},{\"@type\":\"WebSite\",\"@id\":\"https:\\\/\\\/www.eldiario.net\\\/portal\\\/#website\",\"url\":\"https:\\\/\\\/www.eldiario.net\\\/portal\\\/\",\"name\":\"El Diario - Decano de la prensa nacional\",\"description\":\"El Diario - Decano de la prensa nacional\",\"publisher\":{\"@id\":\"https:\\\/\\\/www.eldiario.net\\\/portal\\\/#organization\"},\"potentialAction\":[{\"@type\":\"SearchAction\",\"target\":{\"@type\":\"EntryPoint\",\"urlTemplate\":\"https:\\\/\\\/www.eldiario.net\\\/portal\\\/?s={search_term_string}\"},\"query-input\":{\"@type\":\"PropertyValueSpecification\",\"valueRequired\":true,\"valueName\":\"search_term_string\"}}],\"inLanguage\":\"es\"},{\"@type\":\"Organization\",\"@id\":\"https:\\\/\\\/www.eldiario.net\\\/portal\\\/#organization\",\"name\":\"El Diario - Decano de la prensa nacional\",\"url\":\"https:\\\/\\\/www.eldiario.net\\\/portal\\\/\",\"logo\":{\"@type\":\"ImageObject\",\"inLanguage\":\"es\",\"@id\":\"https:\\\/\\\/www.eldiario.net\\\/portal\\\/#\\\/schema\\\/logo\\\/image\\\/\",\"url\":\"https:\\\/\\\/www.eldiario.net\\\/portal\\\/wp-content\\\/uploads\\\/2023\\\/07\\\/logo_ED.jpg\",\"contentUrl\":\"https:\\\/\\\/www.eldiario.net\\\/portal\\\/wp-content\\\/uploads\\\/2023\\\/07\\\/logo_ED.jpg\",\"width\":272,\"height\":52,\"caption\":\"El Diario - Decano de la prensa nacional\"},\"image\":{\"@id\":\"https:\\\/\\\/www.eldiario.net\\\/portal\\\/#\\\/schema\\\/logo\\\/image\\\/\"},\"sameAs\":[\"https:\\\/\\\/www.facebook.com\\\/eldiario.bolivia\\\/\",\"https:\\\/\\\/x.com\\\/eldiario_net\"]},{\"@type\":\"Person\",\"@id\":\"https:\\\/\\\/www.eldiario.net\\\/portal\\\/#\\\/schema\\\/person\\\/f46445640444750d7d753ccd04ae01b7\",\"name\":\"Jeanette\",\"image\":{\"@type\":\"ImageObject\",\"inLanguage\":\"es\",\"@id\":\"https:\\\/\\\/secure.gravatar.com\\\/avatar\\\/3ea2118a5f7dad2b7138b1187a6b7ee55f160b9968b66013c3a3ef39dd7e5798?s=96&d=mm&r=g\",\"url\":\"https:\\\/\\\/secure.gravatar.com\\\/avatar\\\/3ea2118a5f7dad2b7138b1187a6b7ee55f160b9968b66013c3a3ef39dd7e5798?s=96&d=mm&r=g\",\"contentUrl\":\"https:\\\/\\\/secure.gravatar.com\\\/avatar\\\/3ea2118a5f7dad2b7138b1187a6b7ee55f160b9968b66013c3a3ef39dd7e5798?s=96&d=mm&r=g\",\"caption\":\"Jeanette\"},\"sameAs\":[\"https:\\\/\\\/www.eldiario.net\\\/portal\"],\"url\":\"https:\\\/\\\/www.eldiario.net\\\/portal\\\/author\\\/jeanette\\\/\"}]}<\/script>\n<!-- \/ Yoast SEO plugin. -->","yoast_head_json":{"title":"Cata de pisco - El Diario - Bolivia","robots":{"index":"index","follow":"follow","max-snippet":"max-snippet:-1","max-image-preview":"max-image-preview:large","max-video-preview":"max-video-preview:-1"},"canonical":"https:\/\/www.eldiario.net\/portal\/2024\/07\/14\/cata-de-pisco\/","og_locale":"es_ES","og_type":"article","og_title":"Cata de pisco - El Diario - Bolivia","og_description":"Como parte de la agenda conmemorativa por el 203 aniversario de su Independencia, la Embajada del Per\u00fa en Bolivia organiz\u00f3 una cata de pisco en instalaciones de Cielo Bar. Los asistentes pudieron conocer el arte de explorar las bondades del destilado, declarado patrimonio cultural de la vecina naci\u00f3n, a trav\u00e9s de cuatro variedades de pisco. [&hellip;]","og_url":"https:\/\/www.eldiario.net\/portal\/2024\/07\/14\/cata-de-pisco\/","og_site_name":"El Diario - Bolivia","article_publisher":"https:\/\/www.facebook.com\/eldiario.bolivia\/","article_published_time":"2024-07-14T12:15:52+00:00","og_image":[{"width":1200,"height":801,"url":"https:\/\/www.eldiario.net\/portal\/wp-content\/uploads\/2024\/07\/DSC_4711.jpg","type":"image\/jpeg"}],"author":"Jeanette","twitter_card":"summary_large_image","twitter_creator":"@eldiario_net","twitter_site":"@eldiario_net","twitter_misc":{"Escrito por":"Jeanette","Tiempo de lectura":"1 minuto"},"schema":{"@context":"https:\/\/schema.org","@graph":[{"@type":"Article","@id":"https:\/\/www.eldiario.net\/portal\/2024\/07\/14\/cata-de-pisco\/#article","isPartOf":{"@id":"https:\/\/www.eldiario.net\/portal\/2024\/07\/14\/cata-de-pisco\/"},"author":{"name":"Jeanette","@id":"https:\/\/www.eldiario.net\/portal\/#\/schema\/person\/f46445640444750d7d753ccd04ae01b7"},"headline":"Cata de pisco","datePublished":"2024-07-14T12:15:52+00:00","mainEntityOfPage":{"@id":"https:\/\/www.eldiario.net\/portal\/2024\/07\/14\/cata-de-pisco\/"},"wordCount":171,"commentCount":0,"publisher":{"@id":"https:\/\/www.eldiario.net\/portal\/#organization"},"image":{"@id":"https:\/\/www.eldiario.net\/portal\/2024\/07\/14\/cata-de-pisco\/#primaryimage"},"thumbnailUrl":"https:\/\/www.eldiario.net\/portal\/wp-content\/uploads\/2024\/07\/DSC_4711.jpg","articleSection":["Sociales"],"inLanguage":"es","potentialAction":[{"@type":"CommentAction","name":"Comment","target":["https:\/\/www.eldiario.net\/portal\/2024\/07\/14\/cata-de-pisco\/#respond"]}]},{"@type":"WebPage","@id":"https:\/\/www.eldiario.net\/portal\/2024\/07\/14\/cata-de-pisco\/","url":"https:\/\/www.eldiario.net\/portal\/2024\/07\/14\/cata-de-pisco\/","name":"Cata de pisco - El Diario - Bolivia","isPartOf":{"@id":"https:\/\/www.eldiario.net\/portal\/#website"},"primaryImageOfPage":{"@id":"https:\/\/www.eldiario.net\/portal\/2024\/07\/14\/cata-de-pisco\/#primaryimage"},"image":{"@id":"https:\/\/www.eldiario.net\/portal\/2024\/07\/14\/cata-de-pisco\/#primaryimage"},"thumbnailUrl":"https:\/\/www.eldiario.net\/portal\/wp-content\/uploads\/2024\/07\/DSC_4711.jpg","datePublished":"2024-07-14T12:15:52+00:00","breadcrumb":{"@id":"https:\/\/www.eldiario.net\/portal\/2024\/07\/14\/cata-de-pisco\/#breadcrumb"},"inLanguage":"es","potentialAction":[{"@type":"ReadAction","target":["https:\/\/www.eldiario.net\/portal\/2024\/07\/14\/cata-de-pisco\/"]}]},{"@type":"ImageObject","inLanguage":"es","@id":"https:\/\/www.eldiario.net\/portal\/2024\/07\/14\/cata-de-pisco\/#primaryimage","url":"https:\/\/www.eldiario.net\/portal\/wp-content\/uploads\/2024\/07\/DSC_4711.jpg","contentUrl":"https:\/\/www.eldiario.net\/portal\/wp-content\/uploads\/2024\/07\/DSC_4711.jpg","width":1200,"height":801,"caption":"ENCARGADO DE NEGOCIOS DEL PER\u00da, JUNTO A LA SOMMELIER PERUANA LUCERO VILLAGARC\u00cdA."},{"@type":"BreadcrumbList","@id":"https:\/\/www.eldiario.net\/portal\/2024\/07\/14\/cata-de-pisco\/#breadcrumb","itemListElement":[{"@type":"ListItem","position":1,"name":"Portada","item":"https:\/\/www.eldiario.net\/portal\/"},{"@type":"ListItem","position":2,"name":"Cata de pisco"}]},{"@type":"WebSite","@id":"https:\/\/www.eldiario.net\/portal\/#website","url":"https:\/\/www.eldiario.net\/portal\/","name":"El Diario - Decano de la prensa nacional","description":"El Diario - Decano de la prensa nacional","publisher":{"@id":"https:\/\/www.eldiario.net\/portal\/#organization"},"potentialAction":[{"@type":"SearchAction","target":{"@type":"EntryPoint","urlTemplate":"https:\/\/www.eldiario.net\/portal\/?s={search_term_string}"},"query-input":{"@type":"PropertyValueSpecification","valueRequired":true,"valueName":"search_term_string"}}],"inLanguage":"es"},{"@type":"Organization","@id":"https:\/\/www.eldiario.net\/portal\/#organization","name":"El Diario - Decano de la prensa nacional","url":"https:\/\/www.eldiario.net\/portal\/","logo":{"@type":"ImageObject","inLanguage":"es","@id":"https:\/\/www.eldiario.net\/portal\/#\/schema\/logo\/image\/","url":"https:\/\/www.eldiario.net\/portal\/wp-content\/uploads\/2023\/07\/logo_ED.jpg","contentUrl":"https:\/\/www.eldiario.net\/portal\/wp-content\/uploads\/2023\/07\/logo_ED.jpg","width":272,"height":52,"caption":"El Diario - Decano de la prensa nacional"},"image":{"@id":"https:\/\/www.eldiario.net\/portal\/#\/schema\/logo\/image\/"},"sameAs":["https:\/\/www.facebook.com\/eldiario.bolivia\/","https:\/\/x.com\/eldiario_net"]},{"@type":"Person","@id":"https:\/\/www.eldiario.net\/portal\/#\/schema\/person\/f46445640444750d7d753ccd04ae01b7","name":"Jeanette","image":{"@type":"ImageObject","inLanguage":"es","@id":"https:\/\/secure.gravatar.com\/avatar\/3ea2118a5f7dad2b7138b1187a6b7ee55f160b9968b66013c3a3ef39dd7e5798?s=96&d=mm&r=g","url":"https:\/\/secure.gravatar.com\/avatar\/3ea2118a5f7dad2b7138b1187a6b7ee55f160b9968b66013c3a3ef39dd7e5798?s=96&d=mm&r=g","contentUrl":"https:\/\/secure.gravatar.com\/avatar\/3ea2118a5f7dad2b7138b1187a6b7ee55f160b9968b66013c3a3ef39dd7e5798?s=96&d=mm&r=g","caption":"Jeanette"},"sameAs":["https:\/\/www.eldiario.net\/portal"],"url":"https:\/\/www.eldiario.net\/portal\/author\/jeanette\/"}]}},"_links":{"self":[{"href":"https:\/\/www.eldiario.net\/portal\/wp-json\/wp\/v2\/posts\/233913","targetHints":{"allow":["GET"]}}],"collection":[{"href":"https:\/\/www.eldiario.net\/portal\/wp-json\/wp\/v2\/posts"}],"about":[{"href":"https:\/\/www.eldiario.net\/portal\/wp-json\/wp\/v2\/types\/post"}],"author":[{"embeddable":true,"href":"https:\/\/www.eldiario.net\/portal\/wp-json\/wp\/v2\/users\/1"}],"replies":[{"embeddable":true,"href":"https:\/\/www.eldiario.net\/portal\/wp-json\/wp\/v2\/comments?post=233913"}],"version-history":[{"count":1,"href":"https:\/\/www.eldiario.net\/portal\/wp-json\/wp\/v2\/posts\/233913\/revisions"}],"predecessor-version":[{"id":233925,"href":"https:\/\/www.eldiario.net\/portal\/wp-json\/wp\/v2\/posts\/233913\/revisions\/233925"}],"wp:featuredmedia":[{"embeddable":true,"href":"https:\/\/www.eldiario.net\/portal\/wp-json\/wp\/v2\/media\/233914"}],"wp:attachment":[{"href":"https:\/\/www.eldiario.net\/portal\/wp-json\/wp\/v2\/media?parent=233913"}],"wp:term":[{"taxonomy":"category","embeddable":true,"href":"https:\/\/www.eldiario.net\/portal\/wp-json\/wp\/v2\/categories?post=233913"},{"taxonomy":"post_tag","embeddable":true,"href":"https:\/\/www.eldiario.net\/portal\/wp-json\/wp\/v2\/tags?post=233913"}],"curies":[{"name":"wp","href":"https:\/\/api.w.org\/{rel}","templated":true}]}}