{"id":233910,"date":"2024-07-14T08:10:41","date_gmt":"2024-07-14T12:10:41","guid":{"rendered":"https:\/\/www.eldiario.net\/portal\/?p=233910"},"modified":"2024-07-14T08:10:41","modified_gmt":"2024-07-14T12:10:41","slug":"la-bulimia-puede-causar-danos-en-tu-salud-dental","status":"publish","type":"post","link":"https:\/\/www.eldiario.net\/portal\/2024\/07\/14\/la-bulimia-puede-causar-danos-en-tu-salud-dental\/","title":{"rendered":"\u00bfLA BULIMIA PUEDE CAUSAR DA\u00d1OS EN TU SALUD DENTAL?"},"content":{"rendered":"<p><strong>Dr. Franklin Novoa Flores \u2013 Especialista en Ortodoncia ortopedia &#8211; 72022459<\/strong><\/p>\n<p>Existe varios desgastes dentales uno de ellos es la Erosi\u00f3n Dental que viene hacer una p\u00e9rdida progresiva del tejido duro dental causada por un proceso qu\u00edmico de \u00e1cidos, asociados con La bulimia que es un trastorno de la conducta alimentaria que se caracteriza por episodios recurrentes de ingesta excesiva de alimentos seguidos de conductas compensatorias inapropiadas para evitar el aumento de peso el uso de laxantes el ayuno excesivo causando el v\u00f3mito inducido. Este trastorno afecta principalmente a mujeres j\u00f3venes, pero tambi\u00e9n puede presentarse en hombres.<\/p>\n<p>Uno de los efectos m\u00e1s devastadores de la bulimia, es la erosi\u00f3n dental que es un efecto secundario com\u00fan de la bulimia, donde se produce como resultado del contacto repetido de los \u00e1cidos g\u00e1stricos en los dientes durante los episodios que provocan el v\u00f3mito, principalmente en las caras palatinas de los incisivos superiores.<\/p>\n<p>Estos \u00e1cidos desgastan extremadamente el esmalte dental causando sensibilidad, decoloraci\u00f3n, fracturas e incluso la p\u00e9rdida del diente.<\/p>\n<p>La erosi\u00f3n dental es un problema grave, que puede tener consecuencias a largo plazo en la salud bucal de las personas que padecen Bulimia, adem\u00e1s de los problemas est\u00e9ticos como los dientes manchados o rotos, la erosi\u00f3n dental puede provocar caries, infecciones o enfermedades de la enc\u00eda debido a la exposici\u00f3n de la dentina que es la capa interna de los dientes, que es m\u00e1s blanda y susceptible a las bacterias.<\/p>\n<p>Es importante que las personas que sufren de bulimia sean conscientes de los riesgos que este trastorno conlleva para la salud dental y busquen ayuda profesional para tratar tanto el trastorno alimentario como las complicaciones dentales.<\/p>\n<p>Los odont\u00f3logos pueden ofrecer tratamientos para proteger y restaurar el esmalte dental, como sellantes restauraciones dentales, tambi\u00e9n es fundamental adoptar h\u00e1bitos de higiene bucal adecuados como cepillarse los dientes despu\u00e9s de cada comida usar hilo dental y enjuague bucal y realizar visitas irregulares para detectar y tratar cualquier problema a tiempo.<\/p>\n","protected":false},"excerpt":{"rendered":"<p>Dr. Franklin Novoa Flores \u2013 Especialista en Ortodoncia ortopedia &#8211; 72022459 Existe varios desgastes dentales uno de ellos es la Erosi\u00f3n Dental que viene hacer una p\u00e9rdida progresiva del tejido duro dental causada por un proceso qu\u00edmico de \u00e1cidos, asociados con La bulimia que es un trastorno de la conducta alimentaria que se caracteriza por [&hellip;]<\/p>\n","protected":false},"author":1,"featured_media":233911,"comment_status":"open","ping_status":"open","sticky":false,"template":"","format":"standard","meta":{"_acf_changed":false,"footnotes":""},"categories":[52],"tags":[],"class_list":["post-233910","post","type-post","status-publish","format-standard","has-post-thumbnail","category-de-salud-mas-vida"],"acf":{"antetitulo":""},"yoast_head":"<!-- This site is optimized with the Yoast SEO plugin v28.3 - https:\/\/yoast.com\/product\/yoast-seo-wordpress\/ -->\n<title>\u00bfLA BULIMIA PUEDE CAUSAR DA\u00d1OS EN TU SALUD DENTAL? - El Diario - Bolivia<\/title>\n<meta name=\"robots\" content=\"index, follow, max-snippet:-1, max-image-preview:large, max-video-preview:-1\" \/>\n<link rel=\"canonical\" href=\"https:\/\/www.eldiario.net\/portal\/2024\/07\/14\/la-bulimia-puede-causar-danos-en-tu-salud-dental\/\" \/>\n<meta property=\"og:locale\" content=\"es_ES\" \/>\n<meta property=\"og:type\" content=\"article\" \/>\n<meta property=\"og:title\" content=\"\u00bfLA BULIMIA PUEDE CAUSAR DA\u00d1OS EN TU SALUD DENTAL? - El Diario - Bolivia\" \/>\n<meta property=\"og:description\" content=\"Dr. Franklin Novoa Flores \u2013 Especialista en Ortodoncia ortopedia &#8211; 72022459 Existe varios desgastes dentales uno de ellos es la Erosi\u00f3n Dental que viene hacer una p\u00e9rdida progresiva del tejido duro dental causada por un proceso qu\u00edmico de \u00e1cidos, asociados con La bulimia que es un trastorno de la conducta alimentaria que se caracteriza por [&hellip;]\" \/>\n<meta property=\"og:url\" content=\"https:\/\/www.eldiario.net\/portal\/2024\/07\/14\/la-bulimia-puede-causar-danos-en-tu-salud-dental\/\" \/>\n<meta property=\"og:site_name\" content=\"El Diario - Bolivia\" \/>\n<meta property=\"article:publisher\" content=\"https:\/\/www.facebook.com\/eldiario.bolivia\/\" \/>\n<meta property=\"article:published_time\" content=\"2024-07-14T12:10:41+00:00\" \/>\n<meta property=\"og:image\" content=\"https:\/\/www.eldiario.net\/portal\/wp-content\/uploads\/2024\/07\/\u00bfLA-BULIMIA-PUEDE-CAUSAR-DANOS-EN-TU-SALUD-DENTAL.jpg\" \/>\n\t<meta property=\"og:image:width\" content=\"1067\" \/>\n\t<meta property=\"og:image:height\" content=\"690\" \/>\n\t<meta property=\"og:image:type\" content=\"image\/jpeg\" \/>\n<meta name=\"author\" content=\"Jeanette\" \/>\n<meta name=\"twitter:card\" content=\"summary_large_image\" \/>\n<meta name=\"twitter:creator\" content=\"@eldiario_net\" \/>\n<meta name=\"twitter:site\" content=\"@eldiario_net\" \/>\n<meta name=\"twitter:label1\" content=\"Escrito por\" \/>\n\t<meta name=\"twitter:data1\" content=\"Jeanette\" \/>\n\t<meta name=\"twitter:label2\" content=\"Tiempo de lectura\" \/>\n\t<meta name=\"twitter:data2\" content=\"2 minutos\" \/>\n<script type=\"application\/ld+json\" class=\"yoast-schema-graph\">{\"@context\":\"https:\\\/\\\/schema.org\",\"@graph\":[{\"@type\":\"Article\",\"@id\":\"https:\\\/\\\/www.eldiario.net\\\/portal\\\/2024\\\/07\\\/14\\\/la-bulimia-puede-causar-danos-en-tu-salud-dental\\\/#article\",\"isPartOf\":{\"@id\":\"https:\\\/\\\/www.eldiario.net\\\/portal\\\/2024\\\/07\\\/14\\\/la-bulimia-puede-causar-danos-en-tu-salud-dental\\\/\"},\"author\":{\"name\":\"Jeanette\",\"@id\":\"https:\\\/\\\/www.eldiario.net\\\/portal\\\/#\\\/schema\\\/person\\\/f46445640444750d7d753ccd04ae01b7\"},\"headline\":\"\u00bfLA BULIMIA PUEDE CAUSAR DA\u00d1OS EN TU SALUD DENTAL?\",\"datePublished\":\"2024-07-14T12:10:41+00:00\",\"mainEntityOfPage\":{\"@id\":\"https:\\\/\\\/www.eldiario.net\\\/portal\\\/2024\\\/07\\\/14\\\/la-bulimia-puede-causar-danos-en-tu-salud-dental\\\/\"},\"wordCount\":357,\"commentCount\":0,\"publisher\":{\"@id\":\"https:\\\/\\\/www.eldiario.net\\\/portal\\\/#organization\"},\"image\":{\"@id\":\"https:\\\/\\\/www.eldiario.net\\\/portal\\\/2024\\\/07\\\/14\\\/la-bulimia-puede-causar-danos-en-tu-salud-dental\\\/#primaryimage\"},\"thumbnailUrl\":\"https:\\\/\\\/www.eldiario.net\\\/portal\\\/wp-content\\\/uploads\\\/2024\\\/07\\\/\u00bfLA-BULIMIA-PUEDE-CAUSAR-DANOS-EN-TU-SALUD-DENTAL.jpg\",\"articleSection\":[\"De Salud + vida\"],\"inLanguage\":\"es\",\"potentialAction\":[{\"@type\":\"CommentAction\",\"name\":\"Comment\",\"target\":[\"https:\\\/\\\/www.eldiario.net\\\/portal\\\/2024\\\/07\\\/14\\\/la-bulimia-puede-causar-danos-en-tu-salud-dental\\\/#respond\"]}]},{\"@type\":\"WebPage\",\"@id\":\"https:\\\/\\\/www.eldiario.net\\\/portal\\\/2024\\\/07\\\/14\\\/la-bulimia-puede-causar-danos-en-tu-salud-dental\\\/\",\"url\":\"https:\\\/\\\/www.eldiario.net\\\/portal\\\/2024\\\/07\\\/14\\\/la-bulimia-puede-causar-danos-en-tu-salud-dental\\\/\",\"name\":\"\u00bfLA BULIMIA PUEDE CAUSAR DA\u00d1OS EN TU SALUD DENTAL? - El Diario - Bolivia\",\"isPartOf\":{\"@id\":\"https:\\\/\\\/www.eldiario.net\\\/portal\\\/#website\"},\"primaryImageOfPage\":{\"@id\":\"https:\\\/\\\/www.eldiario.net\\\/portal\\\/2024\\\/07\\\/14\\\/la-bulimia-puede-causar-danos-en-tu-salud-dental\\\/#primaryimage\"},\"image\":{\"@id\":\"https:\\\/\\\/www.eldiario.net\\\/portal\\\/2024\\\/07\\\/14\\\/la-bulimia-puede-causar-danos-en-tu-salud-dental\\\/#primaryimage\"},\"thumbnailUrl\":\"https:\\\/\\\/www.eldiario.net\\\/portal\\\/wp-content\\\/uploads\\\/2024\\\/07\\\/\u00bfLA-BULIMIA-PUEDE-CAUSAR-DANOS-EN-TU-SALUD-DENTAL.jpg\",\"datePublished\":\"2024-07-14T12:10:41+00:00\",\"breadcrumb\":{\"@id\":\"https:\\\/\\\/www.eldiario.net\\\/portal\\\/2024\\\/07\\\/14\\\/la-bulimia-puede-causar-danos-en-tu-salud-dental\\\/#breadcrumb\"},\"inLanguage\":\"es\",\"potentialAction\":[{\"@type\":\"ReadAction\",\"target\":[\"https:\\\/\\\/www.eldiario.net\\\/portal\\\/2024\\\/07\\\/14\\\/la-bulimia-puede-causar-danos-en-tu-salud-dental\\\/\"]}]},{\"@type\":\"ImageObject\",\"inLanguage\":\"es\",\"@id\":\"https:\\\/\\\/www.eldiario.net\\\/portal\\\/2024\\\/07\\\/14\\\/la-bulimia-puede-causar-danos-en-tu-salud-dental\\\/#primaryimage\",\"url\":\"https:\\\/\\\/www.eldiario.net\\\/portal\\\/wp-content\\\/uploads\\\/2024\\\/07\\\/\u00bfLA-BULIMIA-PUEDE-CAUSAR-DANOS-EN-TU-SALUD-DENTAL.jpg\",\"contentUrl\":\"https:\\\/\\\/www.eldiario.net\\\/portal\\\/wp-content\\\/uploads\\\/2024\\\/07\\\/\u00bfLA-BULIMIA-PUEDE-CAUSAR-DANOS-EN-TU-SALUD-DENTAL.jpg\",\"width\":1067,\"height\":690},{\"@type\":\"BreadcrumbList\",\"@id\":\"https:\\\/\\\/www.eldiario.net\\\/portal\\\/2024\\\/07\\\/14\\\/la-bulimia-puede-causar-danos-en-tu-salud-dental\\\/#breadcrumb\",\"itemListElement\":[{\"@type\":\"ListItem\",\"position\":1,\"name\":\"Portada\",\"item\":\"https:\\\/\\\/www.eldiario.net\\\/portal\\\/\"},{\"@type\":\"ListItem\",\"position\":2,\"name\":\"\u00bfLA BULIMIA PUEDE CAUSAR DA\u00d1OS EN TU SALUD DENTAL?\"}]},{\"@type\":\"WebSite\",\"@id\":\"https:\\\/\\\/www.eldiario.net\\\/portal\\\/#website\",\"url\":\"https:\\\/\\\/www.eldiario.net\\\/portal\\\/\",\"name\":\"El Diario - Decano de la prensa nacional\",\"description\":\"El Diario - Decano de la prensa nacional\",\"publisher\":{\"@id\":\"https:\\\/\\\/www.eldiario.net\\\/portal\\\/#organization\"},\"potentialAction\":[{\"@type\":\"SearchAction\",\"target\":{\"@type\":\"EntryPoint\",\"urlTemplate\":\"https:\\\/\\\/www.eldiario.net\\\/portal\\\/?s={search_term_string}\"},\"query-input\":{\"@type\":\"PropertyValueSpecification\",\"valueRequired\":true,\"valueName\":\"search_term_string\"}}],\"inLanguage\":\"es\"},{\"@type\":\"Organization\",\"@id\":\"https:\\\/\\\/www.eldiario.net\\\/portal\\\/#organization\",\"name\":\"El Diario - Decano de la prensa nacional\",\"url\":\"https:\\\/\\\/www.eldiario.net\\\/portal\\\/\",\"logo\":{\"@type\":\"ImageObject\",\"inLanguage\":\"es\",\"@id\":\"https:\\\/\\\/www.eldiario.net\\\/portal\\\/#\\\/schema\\\/logo\\\/image\\\/\",\"url\":\"https:\\\/\\\/www.eldiario.net\\\/portal\\\/wp-content\\\/uploads\\\/2023\\\/07\\\/logo_ED.jpg\",\"contentUrl\":\"https:\\\/\\\/www.eldiario.net\\\/portal\\\/wp-content\\\/uploads\\\/2023\\\/07\\\/logo_ED.jpg\",\"width\":272,\"height\":52,\"caption\":\"El Diario - Decano de la prensa nacional\"},\"image\":{\"@id\":\"https:\\\/\\\/www.eldiario.net\\\/portal\\\/#\\\/schema\\\/logo\\\/image\\\/\"},\"sameAs\":[\"https:\\\/\\\/www.facebook.com\\\/eldiario.bolivia\\\/\",\"https:\\\/\\\/x.com\\\/eldiario_net\"]},{\"@type\":\"Person\",\"@id\":\"https:\\\/\\\/www.eldiario.net\\\/portal\\\/#\\\/schema\\\/person\\\/f46445640444750d7d753ccd04ae01b7\",\"name\":\"Jeanette\",\"image\":{\"@type\":\"ImageObject\",\"inLanguage\":\"es\",\"@id\":\"https:\\\/\\\/secure.gravatar.com\\\/avatar\\\/3ea2118a5f7dad2b7138b1187a6b7ee55f160b9968b66013c3a3ef39dd7e5798?s=96&d=mm&r=g\",\"url\":\"https:\\\/\\\/secure.gravatar.com\\\/avatar\\\/3ea2118a5f7dad2b7138b1187a6b7ee55f160b9968b66013c3a3ef39dd7e5798?s=96&d=mm&r=g\",\"contentUrl\":\"https:\\\/\\\/secure.gravatar.com\\\/avatar\\\/3ea2118a5f7dad2b7138b1187a6b7ee55f160b9968b66013c3a3ef39dd7e5798?s=96&d=mm&r=g\",\"caption\":\"Jeanette\"},\"sameAs\":[\"https:\\\/\\\/www.eldiario.net\\\/portal\"],\"url\":\"https:\\\/\\\/www.eldiario.net\\\/portal\\\/author\\\/jeanette\\\/\"}]}<\/script>\n<!-- \/ Yoast SEO plugin. -->","yoast_head_json":{"title":"\u00bfLA BULIMIA PUEDE CAUSAR DA\u00d1OS EN TU SALUD DENTAL? - El Diario - Bolivia","robots":{"index":"index","follow":"follow","max-snippet":"max-snippet:-1","max-image-preview":"max-image-preview:large","max-video-preview":"max-video-preview:-1"},"canonical":"https:\/\/www.eldiario.net\/portal\/2024\/07\/14\/la-bulimia-puede-causar-danos-en-tu-salud-dental\/","og_locale":"es_ES","og_type":"article","og_title":"\u00bfLA BULIMIA PUEDE CAUSAR DA\u00d1OS EN TU SALUD DENTAL? - El Diario - Bolivia","og_description":"Dr. Franklin Novoa Flores \u2013 Especialista en Ortodoncia ortopedia &#8211; 72022459 Existe varios desgastes dentales uno de ellos es la Erosi\u00f3n Dental que viene hacer una p\u00e9rdida progresiva del tejido duro dental causada por un proceso qu\u00edmico de \u00e1cidos, asociados con La bulimia que es un trastorno de la conducta alimentaria que se caracteriza por [&hellip;]","og_url":"https:\/\/www.eldiario.net\/portal\/2024\/07\/14\/la-bulimia-puede-causar-danos-en-tu-salud-dental\/","og_site_name":"El Diario - Bolivia","article_publisher":"https:\/\/www.facebook.com\/eldiario.bolivia\/","article_published_time":"2024-07-14T12:10:41+00:00","og_image":[{"width":1067,"height":690,"url":"https:\/\/www.eldiario.net\/portal\/wp-content\/uploads\/2024\/07\/\u00bfLA-BULIMIA-PUEDE-CAUSAR-DANOS-EN-TU-SALUD-DENTAL.jpg","type":"image\/jpeg"}],"author":"Jeanette","twitter_card":"summary_large_image","twitter_creator":"@eldiario_net","twitter_site":"@eldiario_net","twitter_misc":{"Escrito por":"Jeanette","Tiempo de lectura":"2 minutos"},"schema":{"@context":"https:\/\/schema.org","@graph":[{"@type":"Article","@id":"https:\/\/www.eldiario.net\/portal\/2024\/07\/14\/la-bulimia-puede-causar-danos-en-tu-salud-dental\/#article","isPartOf":{"@id":"https:\/\/www.eldiario.net\/portal\/2024\/07\/14\/la-bulimia-puede-causar-danos-en-tu-salud-dental\/"},"author":{"name":"Jeanette","@id":"https:\/\/www.eldiario.net\/portal\/#\/schema\/person\/f46445640444750d7d753ccd04ae01b7"},"headline":"\u00bfLA BULIMIA PUEDE CAUSAR DA\u00d1OS EN TU SALUD DENTAL?","datePublished":"2024-07-14T12:10:41+00:00","mainEntityOfPage":{"@id":"https:\/\/www.eldiario.net\/portal\/2024\/07\/14\/la-bulimia-puede-causar-danos-en-tu-salud-dental\/"},"wordCount":357,"commentCount":0,"publisher":{"@id":"https:\/\/www.eldiario.net\/portal\/#organization"},"image":{"@id":"https:\/\/www.eldiario.net\/portal\/2024\/07\/14\/la-bulimia-puede-causar-danos-en-tu-salud-dental\/#primaryimage"},"thumbnailUrl":"https:\/\/www.eldiario.net\/portal\/wp-content\/uploads\/2024\/07\/\u00bfLA-BULIMIA-PUEDE-CAUSAR-DANOS-EN-TU-SALUD-DENTAL.jpg","articleSection":["De Salud + vida"],"inLanguage":"es","potentialAction":[{"@type":"CommentAction","name":"Comment","target":["https:\/\/www.eldiario.net\/portal\/2024\/07\/14\/la-bulimia-puede-causar-danos-en-tu-salud-dental\/#respond"]}]},{"@type":"WebPage","@id":"https:\/\/www.eldiario.net\/portal\/2024\/07\/14\/la-bulimia-puede-causar-danos-en-tu-salud-dental\/","url":"https:\/\/www.eldiario.net\/portal\/2024\/07\/14\/la-bulimia-puede-causar-danos-en-tu-salud-dental\/","name":"\u00bfLA BULIMIA PUEDE CAUSAR DA\u00d1OS EN TU SALUD DENTAL? - El Diario - Bolivia","isPartOf":{"@id":"https:\/\/www.eldiario.net\/portal\/#website"},"primaryImageOfPage":{"@id":"https:\/\/www.eldiario.net\/portal\/2024\/07\/14\/la-bulimia-puede-causar-danos-en-tu-salud-dental\/#primaryimage"},"image":{"@id":"https:\/\/www.eldiario.net\/portal\/2024\/07\/14\/la-bulimia-puede-causar-danos-en-tu-salud-dental\/#primaryimage"},"thumbnailUrl":"https:\/\/www.eldiario.net\/portal\/wp-content\/uploads\/2024\/07\/\u00bfLA-BULIMIA-PUEDE-CAUSAR-DANOS-EN-TU-SALUD-DENTAL.jpg","datePublished":"2024-07-14T12:10:41+00:00","breadcrumb":{"@id":"https:\/\/www.eldiario.net\/portal\/2024\/07\/14\/la-bulimia-puede-causar-danos-en-tu-salud-dental\/#breadcrumb"},"inLanguage":"es","potentialAction":[{"@type":"ReadAction","target":["https:\/\/www.eldiario.net\/portal\/2024\/07\/14\/la-bulimia-puede-causar-danos-en-tu-salud-dental\/"]}]},{"@type":"ImageObject","inLanguage":"es","@id":"https:\/\/www.eldiario.net\/portal\/2024\/07\/14\/la-bulimia-puede-causar-danos-en-tu-salud-dental\/#primaryimage","url":"https:\/\/www.eldiario.net\/portal\/wp-content\/uploads\/2024\/07\/\u00bfLA-BULIMIA-PUEDE-CAUSAR-DANOS-EN-TU-SALUD-DENTAL.jpg","contentUrl":"https:\/\/www.eldiario.net\/portal\/wp-content\/uploads\/2024\/07\/\u00bfLA-BULIMIA-PUEDE-CAUSAR-DANOS-EN-TU-SALUD-DENTAL.jpg","width":1067,"height":690},{"@type":"BreadcrumbList","@id":"https:\/\/www.eldiario.net\/portal\/2024\/07\/14\/la-bulimia-puede-causar-danos-en-tu-salud-dental\/#breadcrumb","itemListElement":[{"@type":"ListItem","position":1,"name":"Portada","item":"https:\/\/www.eldiario.net\/portal\/"},{"@type":"ListItem","position":2,"name":"\u00bfLA BULIMIA PUEDE CAUSAR DA\u00d1OS EN TU SALUD DENTAL?"}]},{"@type":"WebSite","@id":"https:\/\/www.eldiario.net\/portal\/#website","url":"https:\/\/www.eldiario.net\/portal\/","name":"El Diario - Decano de la prensa nacional","description":"El Diario - Decano de la prensa nacional","publisher":{"@id":"https:\/\/www.eldiario.net\/portal\/#organization"},"potentialAction":[{"@type":"SearchAction","target":{"@type":"EntryPoint","urlTemplate":"https:\/\/www.eldiario.net\/portal\/?s={search_term_string}"},"query-input":{"@type":"PropertyValueSpecification","valueRequired":true,"valueName":"search_term_string"}}],"inLanguage":"es"},{"@type":"Organization","@id":"https:\/\/www.eldiario.net\/portal\/#organization","name":"El Diario - Decano de la prensa nacional","url":"https:\/\/www.eldiario.net\/portal\/","logo":{"@type":"ImageObject","inLanguage":"es","@id":"https:\/\/www.eldiario.net\/portal\/#\/schema\/logo\/image\/","url":"https:\/\/www.eldiario.net\/portal\/wp-content\/uploads\/2023\/07\/logo_ED.jpg","contentUrl":"https:\/\/www.eldiario.net\/portal\/wp-content\/uploads\/2023\/07\/logo_ED.jpg","width":272,"height":52,"caption":"El Diario - Decano de la prensa nacional"},"image":{"@id":"https:\/\/www.eldiario.net\/portal\/#\/schema\/logo\/image\/"},"sameAs":["https:\/\/www.facebook.com\/eldiario.bolivia\/","https:\/\/x.com\/eldiario_net"]},{"@type":"Person","@id":"https:\/\/www.eldiario.net\/portal\/#\/schema\/person\/f46445640444750d7d753ccd04ae01b7","name":"Jeanette","image":{"@type":"ImageObject","inLanguage":"es","@id":"https:\/\/secure.gravatar.com\/avatar\/3ea2118a5f7dad2b7138b1187a6b7ee55f160b9968b66013c3a3ef39dd7e5798?s=96&d=mm&r=g","url":"https:\/\/secure.gravatar.com\/avatar\/3ea2118a5f7dad2b7138b1187a6b7ee55f160b9968b66013c3a3ef39dd7e5798?s=96&d=mm&r=g","contentUrl":"https:\/\/secure.gravatar.com\/avatar\/3ea2118a5f7dad2b7138b1187a6b7ee55f160b9968b66013c3a3ef39dd7e5798?s=96&d=mm&r=g","caption":"Jeanette"},"sameAs":["https:\/\/www.eldiario.net\/portal"],"url":"https:\/\/www.eldiario.net\/portal\/author\/jeanette\/"}]}},"_links":{"self":[{"href":"https:\/\/www.eldiario.net\/portal\/wp-json\/wp\/v2\/posts\/233910","targetHints":{"allow":["GET"]}}],"collection":[{"href":"https:\/\/www.eldiario.net\/portal\/wp-json\/wp\/v2\/posts"}],"about":[{"href":"https:\/\/www.eldiario.net\/portal\/wp-json\/wp\/v2\/types\/post"}],"author":[{"embeddable":true,"href":"https:\/\/www.eldiario.net\/portal\/wp-json\/wp\/v2\/users\/1"}],"replies":[{"embeddable":true,"href":"https:\/\/www.eldiario.net\/portal\/wp-json\/wp\/v2\/comments?post=233910"}],"version-history":[{"count":1,"href":"https:\/\/www.eldiario.net\/portal\/wp-json\/wp\/v2\/posts\/233910\/revisions"}],"predecessor-version":[{"id":233912,"href":"https:\/\/www.eldiario.net\/portal\/wp-json\/wp\/v2\/posts\/233910\/revisions\/233912"}],"wp:featuredmedia":[{"embeddable":true,"href":"https:\/\/www.eldiario.net\/portal\/wp-json\/wp\/v2\/media\/233911"}],"wp:attachment":[{"href":"https:\/\/www.eldiario.net\/portal\/wp-json\/wp\/v2\/media?parent=233910"}],"wp:term":[{"taxonomy":"category","embeddable":true,"href":"https:\/\/www.eldiario.net\/portal\/wp-json\/wp\/v2\/categories?post=233910"},{"taxonomy":"post_tag","embeddable":true,"href":"https:\/\/www.eldiario.net\/portal\/wp-json\/wp\/v2\/tags?post=233910"}],"curies":[{"name":"wp","href":"https:\/\/api.w.org\/{rel}","templated":true}]}}