{"id":233906,"date":"2024-07-14T08:10:08","date_gmt":"2024-07-14T12:10:08","guid":{"rendered":"https:\/\/www.eldiario.net\/portal\/?p=233906"},"modified":"2024-07-14T08:10:08","modified_gmt":"2024-07-14T12:10:08","slug":"que-es-el-virus-de-papiloma-humano","status":"publish","type":"post","link":"https:\/\/www.eldiario.net\/portal\/2024\/07\/14\/que-es-el-virus-de-papiloma-humano\/","title":{"rendered":"\u00bfQU\u00c9 ES EL VIRUS DE PAPILOMA HUMANO?"},"content":{"rendered":"<p>Lic. Lupe Luisa Fern\u00e1ndez Calix \u2013 Enfermera.<br \/>\nEl Virus del Papiloma Humano (VPH) es una infecci\u00f3n de transmisi\u00f3n Sexual (ITS) infecta en especial a las mucosas orales y genitales existe m\u00e1s de 200 virus y unos 40 tipos puede infectar el \u00e1rea genital (vulva, vagina, cuello uterino, pene, ano, escroto, recto.) boca, garganta.<br \/>\nLas personas normalmente activas sexualmente (sexo, identidad de g\u00e9nero u orientaci\u00f3n sexual) qu\u00e9 no fueron vacunados contra el Virus del Papiloma Humano contraen est\u00e1 infecci\u00f3n VPH la mayor\u00eda de estas infecciones por VPH desaparecen por si solas y no causan C\u00e1ncer sin embargo algunas infecciones duran muchos a\u00f1os estos provoca cambios es la c\u00e9lula empeoran y puede convertirse en C\u00e1ncer.<br \/>\n\u00bfTIPOS DE INFECCIONES DEL VPH?<br \/>\nVirus Papiloma Humano Bajo Riesgo: Puede causar verrugas (carnosas blandas parecen coliflor en miniatura) se encuentra alrededor de la boca, garganta, los genitales, ano.<br \/>\nVirus Papiloma Humano Alto Riesgo: Puede causar C\u00e1ncer de Cuello Uterino, C\u00e1ncer de Ano, C\u00e1ncer de Vulva, C\u00e1ncer de vagina, C\u00e1ncer de pene.<br \/>\n\u00bfC\u00d3MO PREVENIR INFECCIONES DEL VPH?<br \/>\nUso de Condones<br \/>\nEducaci\u00f3n Sexual (acudir a Centros de Salud)<br \/>\nVacuna contra el Virus del Papiloma Humano (mujeres y varones de los 11-15 a\u00f1os)<br \/>\nPruebas de Papanicolaou<br \/>\nPruebas de VPH<br \/>\nEn nuestro pa\u00eds este tipo de Infecci\u00f3n se encuentra en ascenso mas del 60 % tuvo esta infecci\u00f3n la falta de orientaci\u00f3n sexual a adolecentes y j\u00f3venes dentro de la familiar (tab\u00fa) Colegios por su importancia es necesario acudir a Centros Hospitalarios para la detecci\u00f3n temprana de esta enfermedad que puede causar descesos en hombres y mujeres que tuvieron antecedentes de contraer el Virus del Papiloma Humano.<br \/>\n\u201cAPRECIA Y VALORA TU SALUD TODOS LOS D\u00cdAS\u201d<\/p>\n\r\n                <style type=\"text\/css\">\r\n                    \r\n                    #tdi_1  .td-doubleSlider-2 .td-item1 {\r\n                        background: url(https:\/\/www.eldiario.net\/portal\/wp-content\/uploads\/2024\/07\/\u00bfQUE-ES-EL-VIRUS-DE-PAPILOMA-HUMANO-80x60.jpg) 0 0 no-repeat;\r\n                    }\r\n                    #tdi_1  .td-doubleSlider-2 .td-item2 {\r\n                        background: url(https:\/\/www.eldiario.net\/portal\/wp-content\/uploads\/2024\/07\/\u00bfQUE-ES-EL-VIRUS-DE-PAPILOMA-HUMANO-2-80x60.jpg) 0 0 no-repeat;\r\n                    }\r\n                <\/style>\r\n\r\n                <div id=\"tdi_1\" class=\"td-gallery td-slide-on-2-columns\">\r\n                    <div class=\"post_td_gallery\">\r\n                        <div class=\"td-gallery-slide-top\">\r\n                           <div class=\"td-gallery-title\"><\/div>\r\n\r\n                            <div class=\"td-gallery-controls-wrapper\">\r\n                                <div class=\"td-gallery-slide-count\"><span class=\"td-gallery-slide-item-focus\">1<\/span> de 2<\/div>\r\n                                <div class=\"td-gallery-slide-prev-next-but\">\r\n                                    <i class = \"td-icon-left doubleSliderPrevButton\"><\/i>\r\n                                    <i class = \"td-icon-right doubleSliderNextButton\"><\/i>\r\n                                <\/div>\r\n                            <\/div>\r\n                        <\/div>\r\n\r\n                        <div class = \"td-doubleSlider-1 \">\r\n                            <div class = \"td-slider\">\r\n                                \r\n                    <div class = \"td-slide-item td-item1\">\r\n                        <figure class=\"td-slide-galery-figure td-slide-popup-gallery\">\r\n                            <a class=\"slide-gallery-image-link\" href=\"https:\/\/www.eldiario.net\/portal\/wp-content\/uploads\/2024\/07\/\u00bfQUE-ES-EL-VIRUS-DE-PAPILOMA-HUMANO.jpg\" title=\"\u00bfQU\u00c9-ES-EL-VIRUS-DE-PAPILOMA-HUMANO\"  data-caption=\"\"  data-description=\"\">\r\n                                <img decoding=\"async\" src=\"https:\/\/www.eldiario.net\/portal\/wp-content\/uploads\/2024\/07\/\u00bfQUE-ES-EL-VIRUS-DE-PAPILOMA-HUMANO-631x420.jpg\" srcset=\"https:\/\/www.eldiario.net\/portal\/wp-content\/uploads\/2024\/07\/\u00bfQUE-ES-EL-VIRUS-DE-PAPILOMA-HUMANO-631x420.jpg 631w, https:\/\/www.eldiario.net\/portal\/wp-content\/uploads\/2024\/07\/\u00bfQUE-ES-EL-VIRUS-DE-PAPILOMA-HUMANO-300x200.jpg 300w, https:\/\/www.eldiario.net\/portal\/wp-content\/uploads\/2024\/07\/\u00bfQUE-ES-EL-VIRUS-DE-PAPILOMA-HUMANO-1024x682.jpg 1024w, https:\/\/www.eldiario.net\/portal\/wp-content\/uploads\/2024\/07\/\u00bfQUE-ES-EL-VIRUS-DE-PAPILOMA-HUMANO-768x511.jpg 768w, https:\/\/www.eldiario.net\/portal\/wp-content\/uploads\/2024\/07\/\u00bfQUE-ES-EL-VIRUS-DE-PAPILOMA-HUMANO-696x463.jpg 696w, https:\/\/www.eldiario.net\/portal\/wp-content\/uploads\/2024\/07\/\u00bfQUE-ES-EL-VIRUS-DE-PAPILOMA-HUMANO-1068x711.jpg 1068w, https:\/\/www.eldiario.net\/portal\/wp-content\/uploads\/2024\/07\/\u00bfQUE-ES-EL-VIRUS-DE-PAPILOMA-HUMANO.jpg 1200w\" sizes=\"(max-width: 631px) 100vw, 631px\" alt=\"\">\r\n                            <\/a>\r\n                            \r\n                        <\/figure>\r\n                    <\/div>\r\n                    <div class = \"td-slide-item td-item2\">\r\n                        <figure class=\"td-slide-galery-figure td-slide-popup-gallery\">\r\n                            <a class=\"slide-gallery-image-link\" href=\"https:\/\/www.eldiario.net\/portal\/wp-content\/uploads\/2024\/07\/\u00bfQUE-ES-EL-VIRUS-DE-PAPILOMA-HUMANO-2.jpg\" title=\"\u00bfQU\u00c9-ES-EL-VIRUS-DE-PAPILOMA-HUMANO-(2)\"  data-caption=\"\"  data-description=\"\">\r\n                                <img decoding=\"async\" src=\"https:\/\/www.eldiario.net\/portal\/wp-content\/uploads\/2024\/07\/\u00bfQUE-ES-EL-VIRUS-DE-PAPILOMA-HUMANO-2-637x420.jpg\" srcset=\"https:\/\/www.eldiario.net\/portal\/wp-content\/uploads\/2024\/07\/\u00bfQUE-ES-EL-VIRUS-DE-PAPILOMA-HUMANO-2-637x420.jpg 637w, https:\/\/www.eldiario.net\/portal\/wp-content\/uploads\/2024\/07\/\u00bfQUE-ES-EL-VIRUS-DE-PAPILOMA-HUMANO-2-300x198.jpg 300w, https:\/\/www.eldiario.net\/portal\/wp-content\/uploads\/2024\/07\/\u00bfQUE-ES-EL-VIRUS-DE-PAPILOMA-HUMANO-2.jpg 673w\" sizes=\"(max-width: 637px) 100vw, 637px\" alt=\"\">\r\n                            <\/a>\r\n                            \r\n                        <\/figure>\r\n                    <\/div>\r\n                            <\/div>\r\n                        <\/div>\r\n\r\n                        <div class = \"td-doubleSlider-2\">\r\n                            <div class = \"td-slider\">\r\n                                \r\n                    <div class = \"td-button td-item1\">\r\n                        <div class = \"td-border\"><\/div>\r\n                    <\/div>\r\n                    <div class = \"td-button td-item2\">\r\n                        <div class = \"td-border\"><\/div>\r\n                    <\/div>\r\n                            <\/div>\r\n                        <\/div>\r\n\r\n                    <\/div>\r\n\r\n                <\/div>\r\n                \n","protected":false},"excerpt":{"rendered":"<p>Lic. Lupe Luisa Fern\u00e1ndez Calix \u2013 Enfermera. El Virus del Papiloma Humano (VPH) es una infecci\u00f3n de transmisi\u00f3n Sexual (ITS) infecta en especial a las mucosas orales y genitales existe m\u00e1s de 200 virus y unos 40 tipos puede infectar el \u00e1rea genital (vulva, vagina, cuello uterino, pene, ano, escroto, recto.) boca, garganta. Las personas [&hellip;]<\/p>\n","protected":false},"author":1,"featured_media":233907,"comment_status":"open","ping_status":"open","sticky":false,"template":"","format":"standard","meta":{"_acf_changed":false,"footnotes":""},"categories":[52],"tags":[],"class_list":["post-233906","post","type-post","status-publish","format-standard","has-post-thumbnail","category-de-salud-mas-vida"],"acf":{"antetitulo":""},"yoast_head":"<!-- This site is optimized with the Yoast SEO plugin v28.3 - https:\/\/yoast.com\/product\/yoast-seo-wordpress\/ -->\n<title>\u00bfQU\u00c9 ES EL VIRUS DE PAPILOMA HUMANO? - El Diario - Bolivia<\/title>\n<meta name=\"robots\" content=\"index, follow, max-snippet:-1, max-image-preview:large, max-video-preview:-1\" \/>\n<link rel=\"canonical\" href=\"https:\/\/www.eldiario.net\/portal\/2024\/07\/14\/que-es-el-virus-de-papiloma-humano\/\" \/>\n<meta property=\"og:locale\" content=\"es_ES\" \/>\n<meta property=\"og:type\" content=\"article\" \/>\n<meta property=\"og:title\" content=\"\u00bfQU\u00c9 ES EL VIRUS DE PAPILOMA HUMANO? - El Diario - Bolivia\" \/>\n<meta property=\"og:description\" content=\"Lic. Lupe Luisa Fern\u00e1ndez Calix \u2013 Enfermera. El Virus del Papiloma Humano (VPH) es una infecci\u00f3n de transmisi\u00f3n Sexual (ITS) infecta en especial a las mucosas orales y genitales existe m\u00e1s de 200 virus y unos 40 tipos puede infectar el \u00e1rea genital (vulva, vagina, cuello uterino, pene, ano, escroto, recto.) boca, garganta. Las personas [&hellip;]\" \/>\n<meta property=\"og:url\" content=\"https:\/\/www.eldiario.net\/portal\/2024\/07\/14\/que-es-el-virus-de-papiloma-humano\/\" \/>\n<meta property=\"og:site_name\" content=\"El Diario - Bolivia\" \/>\n<meta property=\"article:publisher\" content=\"https:\/\/www.facebook.com\/eldiario.bolivia\/\" \/>\n<meta property=\"article:published_time\" content=\"2024-07-14T12:10:08+00:00\" \/>\n<meta property=\"og:image\" content=\"https:\/\/www.eldiario.net\/portal\/wp-content\/uploads\/2024\/07\/\u00bfQUE-ES-EL-VIRUS-DE-PAPILOMA-HUMANO.jpg\" \/>\n\t<meta property=\"og:image:width\" content=\"1200\" \/>\n\t<meta property=\"og:image:height\" content=\"799\" \/>\n\t<meta property=\"og:image:type\" content=\"image\/jpeg\" \/>\n<meta name=\"author\" content=\"Jeanette\" \/>\n<meta name=\"twitter:card\" content=\"summary_large_image\" \/>\n<meta name=\"twitter:creator\" content=\"@eldiario_net\" \/>\n<meta name=\"twitter:site\" content=\"@eldiario_net\" \/>\n<meta name=\"twitter:label1\" content=\"Escrito por\" \/>\n\t<meta name=\"twitter:data1\" content=\"Jeanette\" \/>\n\t<meta name=\"twitter:label2\" content=\"Tiempo de lectura\" \/>\n\t<meta name=\"twitter:data2\" content=\"2 minutos\" \/>\n<script type=\"application\/ld+json\" class=\"yoast-schema-graph\">{\"@context\":\"https:\\\/\\\/schema.org\",\"@graph\":[{\"@type\":\"Article\",\"@id\":\"https:\\\/\\\/www.eldiario.net\\\/portal\\\/2024\\\/07\\\/14\\\/que-es-el-virus-de-papiloma-humano\\\/#article\",\"isPartOf\":{\"@id\":\"https:\\\/\\\/www.eldiario.net\\\/portal\\\/2024\\\/07\\\/14\\\/que-es-el-virus-de-papiloma-humano\\\/\"},\"author\":{\"name\":\"Jeanette\",\"@id\":\"https:\\\/\\\/www.eldiario.net\\\/portal\\\/#\\\/schema\\\/person\\\/f46445640444750d7d753ccd04ae01b7\"},\"headline\":\"\u00bfQU\u00c9 ES EL VIRUS DE PAPILOMA HUMANO?\",\"datePublished\":\"2024-07-14T12:10:08+00:00\",\"mainEntityOfPage\":{\"@id\":\"https:\\\/\\\/www.eldiario.net\\\/portal\\\/2024\\\/07\\\/14\\\/que-es-el-virus-de-papiloma-humano\\\/\"},\"wordCount\":313,\"commentCount\":0,\"publisher\":{\"@id\":\"https:\\\/\\\/www.eldiario.net\\\/portal\\\/#organization\"},\"image\":{\"@id\":\"https:\\\/\\\/www.eldiario.net\\\/portal\\\/2024\\\/07\\\/14\\\/que-es-el-virus-de-papiloma-humano\\\/#primaryimage\"},\"thumbnailUrl\":\"https:\\\/\\\/www.eldiario.net\\\/portal\\\/wp-content\\\/uploads\\\/2024\\\/07\\\/\u00bfQUE-ES-EL-VIRUS-DE-PAPILOMA-HUMANO.jpg\",\"articleSection\":[\"De Salud + vida\"],\"inLanguage\":\"es\",\"potentialAction\":[{\"@type\":\"CommentAction\",\"name\":\"Comment\",\"target\":[\"https:\\\/\\\/www.eldiario.net\\\/portal\\\/2024\\\/07\\\/14\\\/que-es-el-virus-de-papiloma-humano\\\/#respond\"]}]},{\"@type\":\"WebPage\",\"@id\":\"https:\\\/\\\/www.eldiario.net\\\/portal\\\/2024\\\/07\\\/14\\\/que-es-el-virus-de-papiloma-humano\\\/\",\"url\":\"https:\\\/\\\/www.eldiario.net\\\/portal\\\/2024\\\/07\\\/14\\\/que-es-el-virus-de-papiloma-humano\\\/\",\"name\":\"\u00bfQU\u00c9 ES EL VIRUS DE PAPILOMA HUMANO? - El Diario - Bolivia\",\"isPartOf\":{\"@id\":\"https:\\\/\\\/www.eldiario.net\\\/portal\\\/#website\"},\"primaryImageOfPage\":{\"@id\":\"https:\\\/\\\/www.eldiario.net\\\/portal\\\/2024\\\/07\\\/14\\\/que-es-el-virus-de-papiloma-humano\\\/#primaryimage\"},\"image\":{\"@id\":\"https:\\\/\\\/www.eldiario.net\\\/portal\\\/2024\\\/07\\\/14\\\/que-es-el-virus-de-papiloma-humano\\\/#primaryimage\"},\"thumbnailUrl\":\"https:\\\/\\\/www.eldiario.net\\\/portal\\\/wp-content\\\/uploads\\\/2024\\\/07\\\/\u00bfQUE-ES-EL-VIRUS-DE-PAPILOMA-HUMANO.jpg\",\"datePublished\":\"2024-07-14T12:10:08+00:00\",\"breadcrumb\":{\"@id\":\"https:\\\/\\\/www.eldiario.net\\\/portal\\\/2024\\\/07\\\/14\\\/que-es-el-virus-de-papiloma-humano\\\/#breadcrumb\"},\"inLanguage\":\"es\",\"potentialAction\":[{\"@type\":\"ReadAction\",\"target\":[\"https:\\\/\\\/www.eldiario.net\\\/portal\\\/2024\\\/07\\\/14\\\/que-es-el-virus-de-papiloma-humano\\\/\"]}]},{\"@type\":\"ImageObject\",\"inLanguage\":\"es\",\"@id\":\"https:\\\/\\\/www.eldiario.net\\\/portal\\\/2024\\\/07\\\/14\\\/que-es-el-virus-de-papiloma-humano\\\/#primaryimage\",\"url\":\"https:\\\/\\\/www.eldiario.net\\\/portal\\\/wp-content\\\/uploads\\\/2024\\\/07\\\/\u00bfQUE-ES-EL-VIRUS-DE-PAPILOMA-HUMANO.jpg\",\"contentUrl\":\"https:\\\/\\\/www.eldiario.net\\\/portal\\\/wp-content\\\/uploads\\\/2024\\\/07\\\/\u00bfQUE-ES-EL-VIRUS-DE-PAPILOMA-HUMANO.jpg\",\"width\":1200,\"height\":799},{\"@type\":\"BreadcrumbList\",\"@id\":\"https:\\\/\\\/www.eldiario.net\\\/portal\\\/2024\\\/07\\\/14\\\/que-es-el-virus-de-papiloma-humano\\\/#breadcrumb\",\"itemListElement\":[{\"@type\":\"ListItem\",\"position\":1,\"name\":\"Portada\",\"item\":\"https:\\\/\\\/www.eldiario.net\\\/portal\\\/\"},{\"@type\":\"ListItem\",\"position\":2,\"name\":\"\u00bfQU\u00c9 ES EL VIRUS DE PAPILOMA HUMANO?\"}]},{\"@type\":\"WebSite\",\"@id\":\"https:\\\/\\\/www.eldiario.net\\\/portal\\\/#website\",\"url\":\"https:\\\/\\\/www.eldiario.net\\\/portal\\\/\",\"name\":\"El Diario - Decano de la prensa nacional\",\"description\":\"El Diario - Decano de la prensa nacional\",\"publisher\":{\"@id\":\"https:\\\/\\\/www.eldiario.net\\\/portal\\\/#organization\"},\"potentialAction\":[{\"@type\":\"SearchAction\",\"target\":{\"@type\":\"EntryPoint\",\"urlTemplate\":\"https:\\\/\\\/www.eldiario.net\\\/portal\\\/?s={search_term_string}\"},\"query-input\":{\"@type\":\"PropertyValueSpecification\",\"valueRequired\":true,\"valueName\":\"search_term_string\"}}],\"inLanguage\":\"es\"},{\"@type\":\"Organization\",\"@id\":\"https:\\\/\\\/www.eldiario.net\\\/portal\\\/#organization\",\"name\":\"El Diario - Decano de la prensa nacional\",\"url\":\"https:\\\/\\\/www.eldiario.net\\\/portal\\\/\",\"logo\":{\"@type\":\"ImageObject\",\"inLanguage\":\"es\",\"@id\":\"https:\\\/\\\/www.eldiario.net\\\/portal\\\/#\\\/schema\\\/logo\\\/image\\\/\",\"url\":\"https:\\\/\\\/www.eldiario.net\\\/portal\\\/wp-content\\\/uploads\\\/2023\\\/07\\\/logo_ED.jpg\",\"contentUrl\":\"https:\\\/\\\/www.eldiario.net\\\/portal\\\/wp-content\\\/uploads\\\/2023\\\/07\\\/logo_ED.jpg\",\"width\":272,\"height\":52,\"caption\":\"El Diario - Decano de la prensa nacional\"},\"image\":{\"@id\":\"https:\\\/\\\/www.eldiario.net\\\/portal\\\/#\\\/schema\\\/logo\\\/image\\\/\"},\"sameAs\":[\"https:\\\/\\\/www.facebook.com\\\/eldiario.bolivia\\\/\",\"https:\\\/\\\/x.com\\\/eldiario_net\"]},{\"@type\":\"Person\",\"@id\":\"https:\\\/\\\/www.eldiario.net\\\/portal\\\/#\\\/schema\\\/person\\\/f46445640444750d7d753ccd04ae01b7\",\"name\":\"Jeanette\",\"image\":{\"@type\":\"ImageObject\",\"inLanguage\":\"es\",\"@id\":\"https:\\\/\\\/secure.gravatar.com\\\/avatar\\\/3ea2118a5f7dad2b7138b1187a6b7ee55f160b9968b66013c3a3ef39dd7e5798?s=96&d=mm&r=g\",\"url\":\"https:\\\/\\\/secure.gravatar.com\\\/avatar\\\/3ea2118a5f7dad2b7138b1187a6b7ee55f160b9968b66013c3a3ef39dd7e5798?s=96&d=mm&r=g\",\"contentUrl\":\"https:\\\/\\\/secure.gravatar.com\\\/avatar\\\/3ea2118a5f7dad2b7138b1187a6b7ee55f160b9968b66013c3a3ef39dd7e5798?s=96&d=mm&r=g\",\"caption\":\"Jeanette\"},\"sameAs\":[\"https:\\\/\\\/www.eldiario.net\\\/portal\"],\"url\":\"https:\\\/\\\/www.eldiario.net\\\/portal\\\/author\\\/jeanette\\\/\"}]}<\/script>\n<!-- \/ Yoast SEO plugin. -->","yoast_head_json":{"title":"\u00bfQU\u00c9 ES EL VIRUS DE PAPILOMA HUMANO? - El Diario - Bolivia","robots":{"index":"index","follow":"follow","max-snippet":"max-snippet:-1","max-image-preview":"max-image-preview:large","max-video-preview":"max-video-preview:-1"},"canonical":"https:\/\/www.eldiario.net\/portal\/2024\/07\/14\/que-es-el-virus-de-papiloma-humano\/","og_locale":"es_ES","og_type":"article","og_title":"\u00bfQU\u00c9 ES EL VIRUS DE PAPILOMA HUMANO? - El Diario - Bolivia","og_description":"Lic. Lupe Luisa Fern\u00e1ndez Calix \u2013 Enfermera. El Virus del Papiloma Humano (VPH) es una infecci\u00f3n de transmisi\u00f3n Sexual (ITS) infecta en especial a las mucosas orales y genitales existe m\u00e1s de 200 virus y unos 40 tipos puede infectar el \u00e1rea genital (vulva, vagina, cuello uterino, pene, ano, escroto, recto.) boca, garganta. Las personas [&hellip;]","og_url":"https:\/\/www.eldiario.net\/portal\/2024\/07\/14\/que-es-el-virus-de-papiloma-humano\/","og_site_name":"El Diario - Bolivia","article_publisher":"https:\/\/www.facebook.com\/eldiario.bolivia\/","article_published_time":"2024-07-14T12:10:08+00:00","og_image":[{"width":1200,"height":799,"url":"https:\/\/www.eldiario.net\/portal\/wp-content\/uploads\/2024\/07\/\u00bfQUE-ES-EL-VIRUS-DE-PAPILOMA-HUMANO.jpg","type":"image\/jpeg"}],"author":"Jeanette","twitter_card":"summary_large_image","twitter_creator":"@eldiario_net","twitter_site":"@eldiario_net","twitter_misc":{"Escrito por":"Jeanette","Tiempo de lectura":"2 minutos"},"schema":{"@context":"https:\/\/schema.org","@graph":[{"@type":"Article","@id":"https:\/\/www.eldiario.net\/portal\/2024\/07\/14\/que-es-el-virus-de-papiloma-humano\/#article","isPartOf":{"@id":"https:\/\/www.eldiario.net\/portal\/2024\/07\/14\/que-es-el-virus-de-papiloma-humano\/"},"author":{"name":"Jeanette","@id":"https:\/\/www.eldiario.net\/portal\/#\/schema\/person\/f46445640444750d7d753ccd04ae01b7"},"headline":"\u00bfQU\u00c9 ES EL VIRUS DE PAPILOMA HUMANO?","datePublished":"2024-07-14T12:10:08+00:00","mainEntityOfPage":{"@id":"https:\/\/www.eldiario.net\/portal\/2024\/07\/14\/que-es-el-virus-de-papiloma-humano\/"},"wordCount":313,"commentCount":0,"publisher":{"@id":"https:\/\/www.eldiario.net\/portal\/#organization"},"image":{"@id":"https:\/\/www.eldiario.net\/portal\/2024\/07\/14\/que-es-el-virus-de-papiloma-humano\/#primaryimage"},"thumbnailUrl":"https:\/\/www.eldiario.net\/portal\/wp-content\/uploads\/2024\/07\/\u00bfQUE-ES-EL-VIRUS-DE-PAPILOMA-HUMANO.jpg","articleSection":["De Salud + vida"],"inLanguage":"es","potentialAction":[{"@type":"CommentAction","name":"Comment","target":["https:\/\/www.eldiario.net\/portal\/2024\/07\/14\/que-es-el-virus-de-papiloma-humano\/#respond"]}]},{"@type":"WebPage","@id":"https:\/\/www.eldiario.net\/portal\/2024\/07\/14\/que-es-el-virus-de-papiloma-humano\/","url":"https:\/\/www.eldiario.net\/portal\/2024\/07\/14\/que-es-el-virus-de-papiloma-humano\/","name":"\u00bfQU\u00c9 ES EL VIRUS DE PAPILOMA HUMANO? - El Diario - Bolivia","isPartOf":{"@id":"https:\/\/www.eldiario.net\/portal\/#website"},"primaryImageOfPage":{"@id":"https:\/\/www.eldiario.net\/portal\/2024\/07\/14\/que-es-el-virus-de-papiloma-humano\/#primaryimage"},"image":{"@id":"https:\/\/www.eldiario.net\/portal\/2024\/07\/14\/que-es-el-virus-de-papiloma-humano\/#primaryimage"},"thumbnailUrl":"https:\/\/www.eldiario.net\/portal\/wp-content\/uploads\/2024\/07\/\u00bfQUE-ES-EL-VIRUS-DE-PAPILOMA-HUMANO.jpg","datePublished":"2024-07-14T12:10:08+00:00","breadcrumb":{"@id":"https:\/\/www.eldiario.net\/portal\/2024\/07\/14\/que-es-el-virus-de-papiloma-humano\/#breadcrumb"},"inLanguage":"es","potentialAction":[{"@type":"ReadAction","target":["https:\/\/www.eldiario.net\/portal\/2024\/07\/14\/que-es-el-virus-de-papiloma-humano\/"]}]},{"@type":"ImageObject","inLanguage":"es","@id":"https:\/\/www.eldiario.net\/portal\/2024\/07\/14\/que-es-el-virus-de-papiloma-humano\/#primaryimage","url":"https:\/\/www.eldiario.net\/portal\/wp-content\/uploads\/2024\/07\/\u00bfQUE-ES-EL-VIRUS-DE-PAPILOMA-HUMANO.jpg","contentUrl":"https:\/\/www.eldiario.net\/portal\/wp-content\/uploads\/2024\/07\/\u00bfQUE-ES-EL-VIRUS-DE-PAPILOMA-HUMANO.jpg","width":1200,"height":799},{"@type":"BreadcrumbList","@id":"https:\/\/www.eldiario.net\/portal\/2024\/07\/14\/que-es-el-virus-de-papiloma-humano\/#breadcrumb","itemListElement":[{"@type":"ListItem","position":1,"name":"Portada","item":"https:\/\/www.eldiario.net\/portal\/"},{"@type":"ListItem","position":2,"name":"\u00bfQU\u00c9 ES EL VIRUS DE PAPILOMA HUMANO?"}]},{"@type":"WebSite","@id":"https:\/\/www.eldiario.net\/portal\/#website","url":"https:\/\/www.eldiario.net\/portal\/","name":"El Diario - Decano de la prensa nacional","description":"El Diario - Decano de la prensa nacional","publisher":{"@id":"https:\/\/www.eldiario.net\/portal\/#organization"},"potentialAction":[{"@type":"SearchAction","target":{"@type":"EntryPoint","urlTemplate":"https:\/\/www.eldiario.net\/portal\/?s={search_term_string}"},"query-input":{"@type":"PropertyValueSpecification","valueRequired":true,"valueName":"search_term_string"}}],"inLanguage":"es"},{"@type":"Organization","@id":"https:\/\/www.eldiario.net\/portal\/#organization","name":"El Diario - Decano de la prensa nacional","url":"https:\/\/www.eldiario.net\/portal\/","logo":{"@type":"ImageObject","inLanguage":"es","@id":"https:\/\/www.eldiario.net\/portal\/#\/schema\/logo\/image\/","url":"https:\/\/www.eldiario.net\/portal\/wp-content\/uploads\/2023\/07\/logo_ED.jpg","contentUrl":"https:\/\/www.eldiario.net\/portal\/wp-content\/uploads\/2023\/07\/logo_ED.jpg","width":272,"height":52,"caption":"El Diario - Decano de la prensa nacional"},"image":{"@id":"https:\/\/www.eldiario.net\/portal\/#\/schema\/logo\/image\/"},"sameAs":["https:\/\/www.facebook.com\/eldiario.bolivia\/","https:\/\/x.com\/eldiario_net"]},{"@type":"Person","@id":"https:\/\/www.eldiario.net\/portal\/#\/schema\/person\/f46445640444750d7d753ccd04ae01b7","name":"Jeanette","image":{"@type":"ImageObject","inLanguage":"es","@id":"https:\/\/secure.gravatar.com\/avatar\/3ea2118a5f7dad2b7138b1187a6b7ee55f160b9968b66013c3a3ef39dd7e5798?s=96&d=mm&r=g","url":"https:\/\/secure.gravatar.com\/avatar\/3ea2118a5f7dad2b7138b1187a6b7ee55f160b9968b66013c3a3ef39dd7e5798?s=96&d=mm&r=g","contentUrl":"https:\/\/secure.gravatar.com\/avatar\/3ea2118a5f7dad2b7138b1187a6b7ee55f160b9968b66013c3a3ef39dd7e5798?s=96&d=mm&r=g","caption":"Jeanette"},"sameAs":["https:\/\/www.eldiario.net\/portal"],"url":"https:\/\/www.eldiario.net\/portal\/author\/jeanette\/"}]}},"_links":{"self":[{"href":"https:\/\/www.eldiario.net\/portal\/wp-json\/wp\/v2\/posts\/233906","targetHints":{"allow":["GET"]}}],"collection":[{"href":"https:\/\/www.eldiario.net\/portal\/wp-json\/wp\/v2\/posts"}],"about":[{"href":"https:\/\/www.eldiario.net\/portal\/wp-json\/wp\/v2\/types\/post"}],"author":[{"embeddable":true,"href":"https:\/\/www.eldiario.net\/portal\/wp-json\/wp\/v2\/users\/1"}],"replies":[{"embeddable":true,"href":"https:\/\/www.eldiario.net\/portal\/wp-json\/wp\/v2\/comments?post=233906"}],"version-history":[{"count":1,"href":"https:\/\/www.eldiario.net\/portal\/wp-json\/wp\/v2\/posts\/233906\/revisions"}],"predecessor-version":[{"id":233909,"href":"https:\/\/www.eldiario.net\/portal\/wp-json\/wp\/v2\/posts\/233906\/revisions\/233909"}],"wp:featuredmedia":[{"embeddable":true,"href":"https:\/\/www.eldiario.net\/portal\/wp-json\/wp\/v2\/media\/233907"}],"wp:attachment":[{"href":"https:\/\/www.eldiario.net\/portal\/wp-json\/wp\/v2\/media?parent=233906"}],"wp:term":[{"taxonomy":"category","embeddable":true,"href":"https:\/\/www.eldiario.net\/portal\/wp-json\/wp\/v2\/categories?post=233906"},{"taxonomy":"post_tag","embeddable":true,"href":"https:\/\/www.eldiario.net\/portal\/wp-json\/wp\/v2\/tags?post=233906"}],"curies":[{"name":"wp","href":"https:\/\/api.w.org\/{rel}","templated":true}]}}