{"id":233900,"date":"2024-07-14T08:07:48","date_gmt":"2024-07-14T12:07:48","guid":{"rendered":"https:\/\/www.eldiario.net\/portal\/?p=233900"},"modified":"2024-07-14T08:07:48","modified_gmt":"2024-07-14T12:07:48","slug":"escaras-por-decubito-2","status":"publish","type":"post","link":"https:\/\/www.eldiario.net\/portal\/2024\/07\/14\/escaras-por-decubito-2\/","title":{"rendered":"ESCARAS POR DEC\u00daBITO"},"content":{"rendered":"<p>Lic. Jaime Julio Ticona Pardo &#8211; Fisioterapeuta Kinesi\u00f3logo U.M.S.A. &#8211; Ref. 72556224<br \/>\nSemiolog\u00eda de la \u00falcera:<br \/>\nModo de aparici\u00f3n: postraum\u00e1tica o espont\u00e1nea.<br \/>\nTiempo de evoluci\u00f3n: d\u00edas, semanas, meses, a\u00f1os.<br \/>\nLocalizaci\u00f3n: maleolar interna, maleolar externa, circunferencial, tend\u00f3n de aquiles, distal, tal\u00f3n, dedos, otra.<br \/>\nDistribuci\u00f3n: unilateral, bilateral, \u00fanica, m\u00faltiple.<br \/>\nProfundidad: espesor parcial: epidermis y dermis; espesor total: epidermis, dermis e hipodermis.<br \/>\nForma: regular, redondeada, en sacabocado, irregular.<br \/>\nLecho: granulante (rojo), fibrinoso (amarillo), necr\u00f3tico (negro), fibrinonecr\u00f3tico.<br \/>\nBordes: socavados, infiltrados, eritematoviol\u00e1ceos, vegetantes, callosos, etc.<br \/>\nDolor: en reposo, constante, a la compresi\u00f3n; ardor, quemaz\u00f3n.<br \/>\nSensibilidad: pesadez (flebost\u00e1tica), muy dolorosa (isqu\u00e9mica), nula (neurop\u00e1tica).<br \/>\nOlor: variable, maloliente: Pseudomonas, anaerobios.<br \/>\nSecreci\u00f3n: hem\u00e1tica, serosa, serohem\u00e1tica, linf\u00e1tica, purulenta.<br \/>\nPiel perilesional: fr\u00eda, caliente, eccema varicoso, dermatitis de contacto, flebedema, linfedema.<\/p>\n<p>Cuidados Kin\u00e9sicos<br \/>\nSi bien tambi\u00e9n estar\u00e1n presentes los cuidados del \u00e1rea de enfermer\u00eda, ambas intervenciones sumar\u00e1n esfuerzos para el bienestar del paciente.<br \/>\nIntervenci\u00f3n Kin\u00e9sica Preventiva.<br \/>\n&#8211;\tCambios Posturales o cambios continuos de posici\u00f3n, cuya frecuencia ser\u00e1 de cada dos horas.<br \/>\n&#8211;\tUso de los denominados: colchones \u201canti-escaras\u201d, estos pueden ser: inflables, hidroinflables con control t\u00e9rmico, almohadones, almohadas de hidrogel, incluso en nuestro pa\u00eds a\u00fan se hacen uso de los famosos colchones o cueros de lana de oveja merino.<br \/>\n&#8211;\tMasaje tr\u00f3fico en forma circular.<br \/>\n&#8211;\tMovilizaciones pasivas y que coadyuven con la facilitaci\u00f3n de una buena circulaci\u00f3n sangu\u00ednea.<br \/>\n&#8211;\tObservaci\u00f3n y seguimiento de nuevos puntos de presi\u00f3n.<br \/>\n&#8211;\tEn algunas situaciones, el profesional Fisioterapeuta, tambi\u00e9n har\u00e1 uso de la termoterapia de ser necesaria.<br \/>\nIntervenci\u00f3n Kin\u00e9sica Espec\u00edfica<br \/>\nAnte una escara ya constituida, y en conjunto con la intervenci\u00f3n m\u00e9dica y de enfermer\u00eda, continuaremos con los masajes tr\u00f3ficos, el uso de la crioterapia, el masaje de percusi\u00f3n digital, la electroterapia, el uso de los campos electromagn\u00e9ticos y el l\u00e1ser, as\u00ed tambi\u00e9n se har\u00e1 el manejo del control de incontinencias con los ejercicios de Kegel que es un conjunto de t\u00e9cnicas que se conocen como la reeducaci\u00f3n del piso p\u00e9lvico.<br \/>\nEl dolor progresivo es una se\u00f1al de alerta de sospecha de infecci\u00f3n de la escara, muchas veces solapada por una falsa cicatrizaci\u00f3n a plena vista pero que internamente se expande gradualmente a sectores m\u00e1s profundos. Por lo tanto, el manejo multidisciplinario es esencial y primordial en el tratamiento de las escaras.<br \/>\nIm\u00e1genes: Posiciones del paciente: (enfermerosconmilmanos.blogspot.com).<br \/>\n \u201cEL MOVIENTO ES PARTE ESENCIAL PARA MANTENER UNA VIDA ACTIVA\u201d<\/p>\n<p><img loading=\"lazy\" decoding=\"async\" src=\"https:\/\/www.eldiario.net\/portal\/wp-content\/uploads\/2024\/07\/ESCARAS-POR-DECUBITO-\u2013-PARTE-III.jpg\" alt=\"\" width=\"1200\" height=\"377\" class=\"aligncenter size-full wp-image-233901\" srcset=\"https:\/\/www.eldiario.net\/portal\/wp-content\/uploads\/2024\/07\/ESCARAS-POR-DECUBITO-\u2013-PARTE-III.jpg 1200w, https:\/\/www.eldiario.net\/portal\/wp-content\/uploads\/2024\/07\/ESCARAS-POR-DECUBITO-\u2013-PARTE-III-300x94.jpg 300w, https:\/\/www.eldiario.net\/portal\/wp-content\/uploads\/2024\/07\/ESCARAS-POR-DECUBITO-\u2013-PARTE-III-1024x322.jpg 1024w, https:\/\/www.eldiario.net\/portal\/wp-content\/uploads\/2024\/07\/ESCARAS-POR-DECUBITO-\u2013-PARTE-III-768x241.jpg 768w, https:\/\/www.eldiario.net\/portal\/wp-content\/uploads\/2024\/07\/ESCARAS-POR-DECUBITO-\u2013-PARTE-III-696x219.jpg 696w, https:\/\/www.eldiario.net\/portal\/wp-content\/uploads\/2024\/07\/ESCARAS-POR-DECUBITO-\u2013-PARTE-III-1068x336.jpg 1068w\" sizes=\"auto, (max-width: 1200px) 100vw, 1200px\" \/><\/p>\n","protected":false},"excerpt":{"rendered":"<p>Lic. Jaime Julio Ticona Pardo &#8211; Fisioterapeuta Kinesi\u00f3logo U.M.S.A. &#8211; Ref. 72556224 Semiolog\u00eda de la \u00falcera: Modo de aparici\u00f3n: postraum\u00e1tica o espont\u00e1nea. Tiempo de evoluci\u00f3n: d\u00edas, semanas, meses, a\u00f1os. Localizaci\u00f3n: maleolar interna, maleolar externa, circunferencial, tend\u00f3n de aquiles, distal, tal\u00f3n, dedos, otra. Distribuci\u00f3n: unilateral, bilateral, \u00fanica, m\u00faltiple. Profundidad: espesor parcial: epidermis y dermis; espesor total: [&hellip;]<\/p>\n","protected":false},"author":1,"featured_media":233901,"comment_status":"open","ping_status":"open","sticky":false,"template":"","format":"standard","meta":{"_acf_changed":false,"footnotes":""},"categories":[52],"tags":[],"class_list":["post-233900","post","type-post","status-publish","format-standard","has-post-thumbnail","category-de-salud-mas-vida"],"acf":{"antetitulo":"PARTE III"},"yoast_head":"<!-- This site is optimized with the Yoast SEO plugin v28.3 - https:\/\/yoast.com\/product\/yoast-seo-wordpress\/ -->\n<title>ESCARAS POR DEC\u00daBITO - El Diario - Bolivia<\/title>\n<meta name=\"robots\" content=\"index, follow, max-snippet:-1, max-image-preview:large, max-video-preview:-1\" \/>\n<link rel=\"canonical\" href=\"https:\/\/www.eldiario.net\/portal\/2024\/07\/14\/escaras-por-decubito-2\/\" \/>\n<meta property=\"og:locale\" content=\"es_ES\" \/>\n<meta property=\"og:type\" content=\"article\" \/>\n<meta property=\"og:title\" content=\"ESCARAS POR DEC\u00daBITO - El Diario - Bolivia\" \/>\n<meta property=\"og:description\" content=\"Lic. Jaime Julio Ticona Pardo &#8211; Fisioterapeuta Kinesi\u00f3logo U.M.S.A. &#8211; Ref. 72556224 Semiolog\u00eda de la \u00falcera: Modo de aparici\u00f3n: postraum\u00e1tica o espont\u00e1nea. Tiempo de evoluci\u00f3n: d\u00edas, semanas, meses, a\u00f1os. Localizaci\u00f3n: maleolar interna, maleolar externa, circunferencial, tend\u00f3n de aquiles, distal, tal\u00f3n, dedos, otra. Distribuci\u00f3n: unilateral, bilateral, \u00fanica, m\u00faltiple. Profundidad: espesor parcial: epidermis y dermis; espesor total: [&hellip;]\" \/>\n<meta property=\"og:url\" content=\"https:\/\/www.eldiario.net\/portal\/2024\/07\/14\/escaras-por-decubito-2\/\" \/>\n<meta property=\"og:site_name\" content=\"El Diario - Bolivia\" \/>\n<meta property=\"article:publisher\" content=\"https:\/\/www.facebook.com\/eldiario.bolivia\/\" \/>\n<meta property=\"article:published_time\" content=\"2024-07-14T12:07:48+00:00\" \/>\n<meta property=\"og:image\" content=\"https:\/\/www.eldiario.net\/portal\/wp-content\/uploads\/2024\/07\/ESCARAS-POR-DECUBITO-\u2013-PARTE-III.jpg\" \/>\n\t<meta property=\"og:image:width\" content=\"1200\" \/>\n\t<meta property=\"og:image:height\" content=\"377\" \/>\n\t<meta property=\"og:image:type\" content=\"image\/jpeg\" \/>\n<meta name=\"author\" content=\"Jeanette\" \/>\n<meta name=\"twitter:card\" content=\"summary_large_image\" \/>\n<meta name=\"twitter:creator\" content=\"@eldiario_net\" \/>\n<meta name=\"twitter:site\" content=\"@eldiario_net\" \/>\n<meta name=\"twitter:label1\" content=\"Escrito por\" \/>\n\t<meta name=\"twitter:data1\" content=\"Jeanette\" \/>\n\t<meta name=\"twitter:label2\" content=\"Tiempo de lectura\" \/>\n\t<meta name=\"twitter:data2\" content=\"1 minuto\" \/>\n<script type=\"application\/ld+json\" class=\"yoast-schema-graph\">{\"@context\":\"https:\\\/\\\/schema.org\",\"@graph\":[{\"@type\":\"Article\",\"@id\":\"https:\\\/\\\/www.eldiario.net\\\/portal\\\/2024\\\/07\\\/14\\\/escaras-por-decubito-2\\\/#article\",\"isPartOf\":{\"@id\":\"https:\\\/\\\/www.eldiario.net\\\/portal\\\/2024\\\/07\\\/14\\\/escaras-por-decubito-2\\\/\"},\"author\":{\"name\":\"Jeanette\",\"@id\":\"https:\\\/\\\/www.eldiario.net\\\/portal\\\/#\\\/schema\\\/person\\\/f46445640444750d7d753ccd04ae01b7\"},\"headline\":\"ESCARAS POR DEC\u00daBITO\",\"datePublished\":\"2024-07-14T12:07:48+00:00\",\"mainEntityOfPage\":{\"@id\":\"https:\\\/\\\/www.eldiario.net\\\/portal\\\/2024\\\/07\\\/14\\\/escaras-por-decubito-2\\\/\"},\"wordCount\":453,\"commentCount\":0,\"publisher\":{\"@id\":\"https:\\\/\\\/www.eldiario.net\\\/portal\\\/#organization\"},\"image\":{\"@id\":\"https:\\\/\\\/www.eldiario.net\\\/portal\\\/2024\\\/07\\\/14\\\/escaras-por-decubito-2\\\/#primaryimage\"},\"thumbnailUrl\":\"https:\\\/\\\/www.eldiario.net\\\/portal\\\/wp-content\\\/uploads\\\/2024\\\/07\\\/ESCARAS-POR-DECUBITO-\u2013-PARTE-III.jpg\",\"articleSection\":[\"De Salud + vida\"],\"inLanguage\":\"es\",\"potentialAction\":[{\"@type\":\"CommentAction\",\"name\":\"Comment\",\"target\":[\"https:\\\/\\\/www.eldiario.net\\\/portal\\\/2024\\\/07\\\/14\\\/escaras-por-decubito-2\\\/#respond\"]}]},{\"@type\":\"WebPage\",\"@id\":\"https:\\\/\\\/www.eldiario.net\\\/portal\\\/2024\\\/07\\\/14\\\/escaras-por-decubito-2\\\/\",\"url\":\"https:\\\/\\\/www.eldiario.net\\\/portal\\\/2024\\\/07\\\/14\\\/escaras-por-decubito-2\\\/\",\"name\":\"ESCARAS POR DEC\u00daBITO - El Diario - Bolivia\",\"isPartOf\":{\"@id\":\"https:\\\/\\\/www.eldiario.net\\\/portal\\\/#website\"},\"primaryImageOfPage\":{\"@id\":\"https:\\\/\\\/www.eldiario.net\\\/portal\\\/2024\\\/07\\\/14\\\/escaras-por-decubito-2\\\/#primaryimage\"},\"image\":{\"@id\":\"https:\\\/\\\/www.eldiario.net\\\/portal\\\/2024\\\/07\\\/14\\\/escaras-por-decubito-2\\\/#primaryimage\"},\"thumbnailUrl\":\"https:\\\/\\\/www.eldiario.net\\\/portal\\\/wp-content\\\/uploads\\\/2024\\\/07\\\/ESCARAS-POR-DECUBITO-\u2013-PARTE-III.jpg\",\"datePublished\":\"2024-07-14T12:07:48+00:00\",\"breadcrumb\":{\"@id\":\"https:\\\/\\\/www.eldiario.net\\\/portal\\\/2024\\\/07\\\/14\\\/escaras-por-decubito-2\\\/#breadcrumb\"},\"inLanguage\":\"es\",\"potentialAction\":[{\"@type\":\"ReadAction\",\"target\":[\"https:\\\/\\\/www.eldiario.net\\\/portal\\\/2024\\\/07\\\/14\\\/escaras-por-decubito-2\\\/\"]}]},{\"@type\":\"ImageObject\",\"inLanguage\":\"es\",\"@id\":\"https:\\\/\\\/www.eldiario.net\\\/portal\\\/2024\\\/07\\\/14\\\/escaras-por-decubito-2\\\/#primaryimage\",\"url\":\"https:\\\/\\\/www.eldiario.net\\\/portal\\\/wp-content\\\/uploads\\\/2024\\\/07\\\/ESCARAS-POR-DECUBITO-\u2013-PARTE-III.jpg\",\"contentUrl\":\"https:\\\/\\\/www.eldiario.net\\\/portal\\\/wp-content\\\/uploads\\\/2024\\\/07\\\/ESCARAS-POR-DECUBITO-\u2013-PARTE-III.jpg\",\"width\":1200,\"height\":377},{\"@type\":\"BreadcrumbList\",\"@id\":\"https:\\\/\\\/www.eldiario.net\\\/portal\\\/2024\\\/07\\\/14\\\/escaras-por-decubito-2\\\/#breadcrumb\",\"itemListElement\":[{\"@type\":\"ListItem\",\"position\":1,\"name\":\"Portada\",\"item\":\"https:\\\/\\\/www.eldiario.net\\\/portal\\\/\"},{\"@type\":\"ListItem\",\"position\":2,\"name\":\"ESCARAS POR DEC\u00daBITO\"}]},{\"@type\":\"WebSite\",\"@id\":\"https:\\\/\\\/www.eldiario.net\\\/portal\\\/#website\",\"url\":\"https:\\\/\\\/www.eldiario.net\\\/portal\\\/\",\"name\":\"El Diario - Decano de la prensa nacional\",\"description\":\"El Diario - Decano de la prensa nacional\",\"publisher\":{\"@id\":\"https:\\\/\\\/www.eldiario.net\\\/portal\\\/#organization\"},\"potentialAction\":[{\"@type\":\"SearchAction\",\"target\":{\"@type\":\"EntryPoint\",\"urlTemplate\":\"https:\\\/\\\/www.eldiario.net\\\/portal\\\/?s={search_term_string}\"},\"query-input\":{\"@type\":\"PropertyValueSpecification\",\"valueRequired\":true,\"valueName\":\"search_term_string\"}}],\"inLanguage\":\"es\"},{\"@type\":\"Organization\",\"@id\":\"https:\\\/\\\/www.eldiario.net\\\/portal\\\/#organization\",\"name\":\"El Diario - Decano de la prensa nacional\",\"url\":\"https:\\\/\\\/www.eldiario.net\\\/portal\\\/\",\"logo\":{\"@type\":\"ImageObject\",\"inLanguage\":\"es\",\"@id\":\"https:\\\/\\\/www.eldiario.net\\\/portal\\\/#\\\/schema\\\/logo\\\/image\\\/\",\"url\":\"https:\\\/\\\/www.eldiario.net\\\/portal\\\/wp-content\\\/uploads\\\/2023\\\/07\\\/logo_ED.jpg\",\"contentUrl\":\"https:\\\/\\\/www.eldiario.net\\\/portal\\\/wp-content\\\/uploads\\\/2023\\\/07\\\/logo_ED.jpg\",\"width\":272,\"height\":52,\"caption\":\"El Diario - Decano de la prensa nacional\"},\"image\":{\"@id\":\"https:\\\/\\\/www.eldiario.net\\\/portal\\\/#\\\/schema\\\/logo\\\/image\\\/\"},\"sameAs\":[\"https:\\\/\\\/www.facebook.com\\\/eldiario.bolivia\\\/\",\"https:\\\/\\\/x.com\\\/eldiario_net\"]},{\"@type\":\"Person\",\"@id\":\"https:\\\/\\\/www.eldiario.net\\\/portal\\\/#\\\/schema\\\/person\\\/f46445640444750d7d753ccd04ae01b7\",\"name\":\"Jeanette\",\"image\":{\"@type\":\"ImageObject\",\"inLanguage\":\"es\",\"@id\":\"https:\\\/\\\/secure.gravatar.com\\\/avatar\\\/3ea2118a5f7dad2b7138b1187a6b7ee55f160b9968b66013c3a3ef39dd7e5798?s=96&d=mm&r=g\",\"url\":\"https:\\\/\\\/secure.gravatar.com\\\/avatar\\\/3ea2118a5f7dad2b7138b1187a6b7ee55f160b9968b66013c3a3ef39dd7e5798?s=96&d=mm&r=g\",\"contentUrl\":\"https:\\\/\\\/secure.gravatar.com\\\/avatar\\\/3ea2118a5f7dad2b7138b1187a6b7ee55f160b9968b66013c3a3ef39dd7e5798?s=96&d=mm&r=g\",\"caption\":\"Jeanette\"},\"sameAs\":[\"https:\\\/\\\/www.eldiario.net\\\/portal\"],\"url\":\"https:\\\/\\\/www.eldiario.net\\\/portal\\\/author\\\/jeanette\\\/\"}]}<\/script>\n<!-- \/ Yoast SEO plugin. -->","yoast_head_json":{"title":"ESCARAS POR DEC\u00daBITO - El Diario - Bolivia","robots":{"index":"index","follow":"follow","max-snippet":"max-snippet:-1","max-image-preview":"max-image-preview:large","max-video-preview":"max-video-preview:-1"},"canonical":"https:\/\/www.eldiario.net\/portal\/2024\/07\/14\/escaras-por-decubito-2\/","og_locale":"es_ES","og_type":"article","og_title":"ESCARAS POR DEC\u00daBITO - El Diario - Bolivia","og_description":"Lic. Jaime Julio Ticona Pardo &#8211; Fisioterapeuta Kinesi\u00f3logo U.M.S.A. &#8211; Ref. 72556224 Semiolog\u00eda de la \u00falcera: Modo de aparici\u00f3n: postraum\u00e1tica o espont\u00e1nea. Tiempo de evoluci\u00f3n: d\u00edas, semanas, meses, a\u00f1os. Localizaci\u00f3n: maleolar interna, maleolar externa, circunferencial, tend\u00f3n de aquiles, distal, tal\u00f3n, dedos, otra. Distribuci\u00f3n: unilateral, bilateral, \u00fanica, m\u00faltiple. Profundidad: espesor parcial: epidermis y dermis; espesor total: [&hellip;]","og_url":"https:\/\/www.eldiario.net\/portal\/2024\/07\/14\/escaras-por-decubito-2\/","og_site_name":"El Diario - Bolivia","article_publisher":"https:\/\/www.facebook.com\/eldiario.bolivia\/","article_published_time":"2024-07-14T12:07:48+00:00","og_image":[{"width":1200,"height":377,"url":"https:\/\/www.eldiario.net\/portal\/wp-content\/uploads\/2024\/07\/ESCARAS-POR-DECUBITO-\u2013-PARTE-III.jpg","type":"image\/jpeg"}],"author":"Jeanette","twitter_card":"summary_large_image","twitter_creator":"@eldiario_net","twitter_site":"@eldiario_net","twitter_misc":{"Escrito por":"Jeanette","Tiempo de lectura":"1 minuto"},"schema":{"@context":"https:\/\/schema.org","@graph":[{"@type":"Article","@id":"https:\/\/www.eldiario.net\/portal\/2024\/07\/14\/escaras-por-decubito-2\/#article","isPartOf":{"@id":"https:\/\/www.eldiario.net\/portal\/2024\/07\/14\/escaras-por-decubito-2\/"},"author":{"name":"Jeanette","@id":"https:\/\/www.eldiario.net\/portal\/#\/schema\/person\/f46445640444750d7d753ccd04ae01b7"},"headline":"ESCARAS POR DEC\u00daBITO","datePublished":"2024-07-14T12:07:48+00:00","mainEntityOfPage":{"@id":"https:\/\/www.eldiario.net\/portal\/2024\/07\/14\/escaras-por-decubito-2\/"},"wordCount":453,"commentCount":0,"publisher":{"@id":"https:\/\/www.eldiario.net\/portal\/#organization"},"image":{"@id":"https:\/\/www.eldiario.net\/portal\/2024\/07\/14\/escaras-por-decubito-2\/#primaryimage"},"thumbnailUrl":"https:\/\/www.eldiario.net\/portal\/wp-content\/uploads\/2024\/07\/ESCARAS-POR-DECUBITO-\u2013-PARTE-III.jpg","articleSection":["De Salud + vida"],"inLanguage":"es","potentialAction":[{"@type":"CommentAction","name":"Comment","target":["https:\/\/www.eldiario.net\/portal\/2024\/07\/14\/escaras-por-decubito-2\/#respond"]}]},{"@type":"WebPage","@id":"https:\/\/www.eldiario.net\/portal\/2024\/07\/14\/escaras-por-decubito-2\/","url":"https:\/\/www.eldiario.net\/portal\/2024\/07\/14\/escaras-por-decubito-2\/","name":"ESCARAS POR DEC\u00daBITO - El Diario - Bolivia","isPartOf":{"@id":"https:\/\/www.eldiario.net\/portal\/#website"},"primaryImageOfPage":{"@id":"https:\/\/www.eldiario.net\/portal\/2024\/07\/14\/escaras-por-decubito-2\/#primaryimage"},"image":{"@id":"https:\/\/www.eldiario.net\/portal\/2024\/07\/14\/escaras-por-decubito-2\/#primaryimage"},"thumbnailUrl":"https:\/\/www.eldiario.net\/portal\/wp-content\/uploads\/2024\/07\/ESCARAS-POR-DECUBITO-\u2013-PARTE-III.jpg","datePublished":"2024-07-14T12:07:48+00:00","breadcrumb":{"@id":"https:\/\/www.eldiario.net\/portal\/2024\/07\/14\/escaras-por-decubito-2\/#breadcrumb"},"inLanguage":"es","potentialAction":[{"@type":"ReadAction","target":["https:\/\/www.eldiario.net\/portal\/2024\/07\/14\/escaras-por-decubito-2\/"]}]},{"@type":"ImageObject","inLanguage":"es","@id":"https:\/\/www.eldiario.net\/portal\/2024\/07\/14\/escaras-por-decubito-2\/#primaryimage","url":"https:\/\/www.eldiario.net\/portal\/wp-content\/uploads\/2024\/07\/ESCARAS-POR-DECUBITO-\u2013-PARTE-III.jpg","contentUrl":"https:\/\/www.eldiario.net\/portal\/wp-content\/uploads\/2024\/07\/ESCARAS-POR-DECUBITO-\u2013-PARTE-III.jpg","width":1200,"height":377},{"@type":"BreadcrumbList","@id":"https:\/\/www.eldiario.net\/portal\/2024\/07\/14\/escaras-por-decubito-2\/#breadcrumb","itemListElement":[{"@type":"ListItem","position":1,"name":"Portada","item":"https:\/\/www.eldiario.net\/portal\/"},{"@type":"ListItem","position":2,"name":"ESCARAS POR DEC\u00daBITO"}]},{"@type":"WebSite","@id":"https:\/\/www.eldiario.net\/portal\/#website","url":"https:\/\/www.eldiario.net\/portal\/","name":"El Diario - Decano de la prensa nacional","description":"El Diario - Decano de la prensa nacional","publisher":{"@id":"https:\/\/www.eldiario.net\/portal\/#organization"},"potentialAction":[{"@type":"SearchAction","target":{"@type":"EntryPoint","urlTemplate":"https:\/\/www.eldiario.net\/portal\/?s={search_term_string}"},"query-input":{"@type":"PropertyValueSpecification","valueRequired":true,"valueName":"search_term_string"}}],"inLanguage":"es"},{"@type":"Organization","@id":"https:\/\/www.eldiario.net\/portal\/#organization","name":"El Diario - Decano de la prensa nacional","url":"https:\/\/www.eldiario.net\/portal\/","logo":{"@type":"ImageObject","inLanguage":"es","@id":"https:\/\/www.eldiario.net\/portal\/#\/schema\/logo\/image\/","url":"https:\/\/www.eldiario.net\/portal\/wp-content\/uploads\/2023\/07\/logo_ED.jpg","contentUrl":"https:\/\/www.eldiario.net\/portal\/wp-content\/uploads\/2023\/07\/logo_ED.jpg","width":272,"height":52,"caption":"El Diario - Decano de la prensa nacional"},"image":{"@id":"https:\/\/www.eldiario.net\/portal\/#\/schema\/logo\/image\/"},"sameAs":["https:\/\/www.facebook.com\/eldiario.bolivia\/","https:\/\/x.com\/eldiario_net"]},{"@type":"Person","@id":"https:\/\/www.eldiario.net\/portal\/#\/schema\/person\/f46445640444750d7d753ccd04ae01b7","name":"Jeanette","image":{"@type":"ImageObject","inLanguage":"es","@id":"https:\/\/secure.gravatar.com\/avatar\/3ea2118a5f7dad2b7138b1187a6b7ee55f160b9968b66013c3a3ef39dd7e5798?s=96&d=mm&r=g","url":"https:\/\/secure.gravatar.com\/avatar\/3ea2118a5f7dad2b7138b1187a6b7ee55f160b9968b66013c3a3ef39dd7e5798?s=96&d=mm&r=g","contentUrl":"https:\/\/secure.gravatar.com\/avatar\/3ea2118a5f7dad2b7138b1187a6b7ee55f160b9968b66013c3a3ef39dd7e5798?s=96&d=mm&r=g","caption":"Jeanette"},"sameAs":["https:\/\/www.eldiario.net\/portal"],"url":"https:\/\/www.eldiario.net\/portal\/author\/jeanette\/"}]}},"_links":{"self":[{"href":"https:\/\/www.eldiario.net\/portal\/wp-json\/wp\/v2\/posts\/233900","targetHints":{"allow":["GET"]}}],"collection":[{"href":"https:\/\/www.eldiario.net\/portal\/wp-json\/wp\/v2\/posts"}],"about":[{"href":"https:\/\/www.eldiario.net\/portal\/wp-json\/wp\/v2\/types\/post"}],"author":[{"embeddable":true,"href":"https:\/\/www.eldiario.net\/portal\/wp-json\/wp\/v2\/users\/1"}],"replies":[{"embeddable":true,"href":"https:\/\/www.eldiario.net\/portal\/wp-json\/wp\/v2\/comments?post=233900"}],"version-history":[{"count":1,"href":"https:\/\/www.eldiario.net\/portal\/wp-json\/wp\/v2\/posts\/233900\/revisions"}],"predecessor-version":[{"id":233902,"href":"https:\/\/www.eldiario.net\/portal\/wp-json\/wp\/v2\/posts\/233900\/revisions\/233902"}],"wp:featuredmedia":[{"embeddable":true,"href":"https:\/\/www.eldiario.net\/portal\/wp-json\/wp\/v2\/media\/233901"}],"wp:attachment":[{"href":"https:\/\/www.eldiario.net\/portal\/wp-json\/wp\/v2\/media?parent=233900"}],"wp:term":[{"taxonomy":"category","embeddable":true,"href":"https:\/\/www.eldiario.net\/portal\/wp-json\/wp\/v2\/categories?post=233900"},{"taxonomy":"post_tag","embeddable":true,"href":"https:\/\/www.eldiario.net\/portal\/wp-json\/wp\/v2\/tags?post=233900"}],"curies":[{"name":"wp","href":"https:\/\/api.w.org\/{rel}","templated":true}]}}