{"id":233897,"date":"2024-07-14T08:06:04","date_gmt":"2024-07-14T12:06:04","guid":{"rendered":"https:\/\/www.eldiario.net\/portal\/?p=233897"},"modified":"2024-07-14T08:06:04","modified_gmt":"2024-07-14T12:06:04","slug":"la-enfermedad-renal-poliquistica","status":"publish","type":"post","link":"https:\/\/www.eldiario.net\/portal\/2024\/07\/14\/la-enfermedad-renal-poliquistica\/","title":{"rendered":"LA ENFERMEDAD RENAL POLIQU\u00cdSTICA"},"content":{"rendered":"<p>Dra. Vanessa Lerma S\u00e1nchez &#8211; Especialidad en Nefrolog\u00eda y Alta especialidad en Trasplante Renal<br \/>\nLa enfermedad renal poliqu\u00edstica es un trastorno hereditario en el que se desarrollan grupos de quistes principalmente dentro de los ri\u00f1ones, lo que hace que estos se agranden y pierdan su funci\u00f3n con el tiempo.<br \/>\nLos quistes son sacos redondos no cancerosos que contienen l\u00edquido, var\u00edan en tama\u00f1o y pueden hacerse muy grandes. Tambi\u00e9n es posible que se desarrollen quistes en el h\u00edgado y en otras partes del cuerpo. La enfermedad puede causar complicaciones graves, como la hipertensi\u00f3n arterial y la insuficiencia renal.<br \/>\nLos s\u00edntomas de la enfermedad renal poliqu\u00edstica son los siguientes:<br \/>\n\u2022Presi\u00f3n arterial alta.<br \/>\n\u2022Dolor de espalda o en el costado.<br \/>\n\u2022Sangre en la orina.<br \/>\n\u2022Aumento del tama\u00f1o del abdomen debido al aumento de tama\u00f1o de los ri\u00f1ones.<br \/>\n\u2022Dolores de cabeza.<br \/>\n\u2022C\u00e1lculos renales.<br \/>\n\u2022Insuficiencia renal e infecciones en las v\u00edas urinarias o en los ri\u00f1ones.<br \/>\nLos genes anormales causan dicho padecimiento, lo que significa que en la mayor\u00eda de los casos la enfermedad es hereditaria. Por lo cual es importante descartar en los dem\u00e1s miembros de la familia este padecimiento. A veces, una mutaci\u00f3n gen\u00e9tica se produce por s\u00ed sola (espont\u00e1nea), de modo que ninguno de los padres tiene una copia del gen mutado.<br \/>\nLos dos tipos principales de enfermedad renal poliqu\u00edstica causados por diferentes defectos gen\u00e9ticos son:<br \/>\nEnfermedad poliqu\u00edstica renal autos\u00f3mica dominante (EPRAD): Los signos y los s\u00edntomas a menudo se desarrollan entre los 30 y 40 a\u00f1os de edad. En el pasado, este tipo se llamaba enfermedad renal poliqu\u00edstica en adultos, pero los ni\u00f1os pueden desarrollar el trastorno.<br \/>\nEnfermedad poliqu\u00edstica renal autos\u00f3mica recesiva (EPRAR): Este tipo es mucho menos com\u00fan. Los signos y s\u00edntomas suelen aparecer poco despu\u00e9s del nacimiento. En ocasiones, los s\u00edntomas no aparecen hasta despu\u00e9s en la ni\u00f1ez o durante la adolescencia.<br \/>\nEl tratamiento depende del estado de gravedad del paciente, consiste en tomar medicamentos para controlar la presi\u00f3n arterial, analg\u00e9sicos y extirpar el quiste. Puede ser necesario hacer un trasplante de ri\u00f1\u00f3n. Algunas complicaciones son prevenibles, los cambios en el estilo de vida y los tratamientos pueden ayudar a reducir el da\u00f1o en los ri\u00f1ones que se genere por complicaciones.<\/p>\n","protected":false},"excerpt":{"rendered":"<p>Dra. Vanessa Lerma S\u00e1nchez &#8211; Especialidad en Nefrolog\u00eda y Alta especialidad en Trasplante Renal La enfermedad renal poliqu\u00edstica es un trastorno hereditario en el que se desarrollan grupos de quistes principalmente dentro de los ri\u00f1ones, lo que hace que estos se agranden y pierdan su funci\u00f3n con el tiempo. Los quistes son sacos redondos no [&hellip;]<\/p>\n","protected":false},"author":1,"featured_media":233898,"comment_status":"open","ping_status":"open","sticky":false,"template":"","format":"standard","meta":{"_acf_changed":false,"footnotes":""},"categories":[52],"tags":[],"class_list":["post-233897","post","type-post","status-publish","format-standard","has-post-thumbnail","category-de-salud-mas-vida"],"acf":{"antetitulo":""},"yoast_head":"<!-- This site is optimized with the Yoast SEO plugin v28.3 - https:\/\/yoast.com\/product\/yoast-seo-wordpress\/ -->\n<title>LA ENFERMEDAD RENAL POLIQU\u00cdSTICA - El Diario - Bolivia<\/title>\n<meta name=\"robots\" content=\"index, follow, max-snippet:-1, max-image-preview:large, max-video-preview:-1\" \/>\n<link rel=\"canonical\" href=\"https:\/\/www.eldiario.net\/portal\/2024\/07\/14\/la-enfermedad-renal-poliquistica\/\" \/>\n<meta property=\"og:locale\" content=\"es_ES\" \/>\n<meta property=\"og:type\" content=\"article\" \/>\n<meta property=\"og:title\" content=\"LA ENFERMEDAD RENAL POLIQU\u00cdSTICA - El Diario - Bolivia\" \/>\n<meta property=\"og:description\" content=\"Dra. Vanessa Lerma S\u00e1nchez &#8211; Especialidad en Nefrolog\u00eda y Alta especialidad en Trasplante Renal La enfermedad renal poliqu\u00edstica es un trastorno hereditario en el que se desarrollan grupos de quistes principalmente dentro de los ri\u00f1ones, lo que hace que estos se agranden y pierdan su funci\u00f3n con el tiempo. Los quistes son sacos redondos no [&hellip;]\" \/>\n<meta property=\"og:url\" content=\"https:\/\/www.eldiario.net\/portal\/2024\/07\/14\/la-enfermedad-renal-poliquistica\/\" \/>\n<meta property=\"og:site_name\" content=\"El Diario - Bolivia\" \/>\n<meta property=\"article:publisher\" content=\"https:\/\/www.facebook.com\/eldiario.bolivia\/\" \/>\n<meta property=\"article:published_time\" content=\"2024-07-14T12:06:04+00:00\" \/>\n<meta property=\"og:image\" content=\"https:\/\/www.eldiario.net\/portal\/wp-content\/uploads\/2024\/07\/LA-ENFERMEDAD-RENAL-POLIQUISTICA.jpg\" \/>\n\t<meta property=\"og:image:width\" content=\"1200\" \/>\n\t<meta property=\"og:image:height\" content=\"830\" \/>\n\t<meta property=\"og:image:type\" content=\"image\/jpeg\" \/>\n<meta name=\"author\" content=\"Jeanette\" \/>\n<meta name=\"twitter:card\" content=\"summary_large_image\" \/>\n<meta name=\"twitter:creator\" content=\"@eldiario_net\" \/>\n<meta name=\"twitter:site\" content=\"@eldiario_net\" \/>\n<meta name=\"twitter:label1\" content=\"Escrito por\" \/>\n\t<meta name=\"twitter:data1\" content=\"Jeanette\" \/>\n\t<meta name=\"twitter:label2\" content=\"Tiempo de lectura\" \/>\n\t<meta name=\"twitter:data2\" content=\"1 minuto\" \/>\n<script type=\"application\/ld+json\" class=\"yoast-schema-graph\">{\"@context\":\"https:\\\/\\\/schema.org\",\"@graph\":[{\"@type\":\"Article\",\"@id\":\"https:\\\/\\\/www.eldiario.net\\\/portal\\\/2024\\\/07\\\/14\\\/la-enfermedad-renal-poliquistica\\\/#article\",\"isPartOf\":{\"@id\":\"https:\\\/\\\/www.eldiario.net\\\/portal\\\/2024\\\/07\\\/14\\\/la-enfermedad-renal-poliquistica\\\/\"},\"author\":{\"name\":\"Jeanette\",\"@id\":\"https:\\\/\\\/www.eldiario.net\\\/portal\\\/#\\\/schema\\\/person\\\/f46445640444750d7d753ccd04ae01b7\"},\"headline\":\"LA ENFERMEDAD RENAL POLIQU\u00cdSTICA\",\"datePublished\":\"2024-07-14T12:06:04+00:00\",\"mainEntityOfPage\":{\"@id\":\"https:\\\/\\\/www.eldiario.net\\\/portal\\\/2024\\\/07\\\/14\\\/la-enfermedad-renal-poliquistica\\\/\"},\"wordCount\":411,\"commentCount\":0,\"publisher\":{\"@id\":\"https:\\\/\\\/www.eldiario.net\\\/portal\\\/#organization\"},\"image\":{\"@id\":\"https:\\\/\\\/www.eldiario.net\\\/portal\\\/2024\\\/07\\\/14\\\/la-enfermedad-renal-poliquistica\\\/#primaryimage\"},\"thumbnailUrl\":\"https:\\\/\\\/www.eldiario.net\\\/portal\\\/wp-content\\\/uploads\\\/2024\\\/07\\\/LA-ENFERMEDAD-RENAL-POLIQUISTICA.jpg\",\"articleSection\":[\"De Salud + vida\"],\"inLanguage\":\"es\",\"potentialAction\":[{\"@type\":\"CommentAction\",\"name\":\"Comment\",\"target\":[\"https:\\\/\\\/www.eldiario.net\\\/portal\\\/2024\\\/07\\\/14\\\/la-enfermedad-renal-poliquistica\\\/#respond\"]}]},{\"@type\":\"WebPage\",\"@id\":\"https:\\\/\\\/www.eldiario.net\\\/portal\\\/2024\\\/07\\\/14\\\/la-enfermedad-renal-poliquistica\\\/\",\"url\":\"https:\\\/\\\/www.eldiario.net\\\/portal\\\/2024\\\/07\\\/14\\\/la-enfermedad-renal-poliquistica\\\/\",\"name\":\"LA ENFERMEDAD RENAL POLIQU\u00cdSTICA - El Diario - Bolivia\",\"isPartOf\":{\"@id\":\"https:\\\/\\\/www.eldiario.net\\\/portal\\\/#website\"},\"primaryImageOfPage\":{\"@id\":\"https:\\\/\\\/www.eldiario.net\\\/portal\\\/2024\\\/07\\\/14\\\/la-enfermedad-renal-poliquistica\\\/#primaryimage\"},\"image\":{\"@id\":\"https:\\\/\\\/www.eldiario.net\\\/portal\\\/2024\\\/07\\\/14\\\/la-enfermedad-renal-poliquistica\\\/#primaryimage\"},\"thumbnailUrl\":\"https:\\\/\\\/www.eldiario.net\\\/portal\\\/wp-content\\\/uploads\\\/2024\\\/07\\\/LA-ENFERMEDAD-RENAL-POLIQUISTICA.jpg\",\"datePublished\":\"2024-07-14T12:06:04+00:00\",\"breadcrumb\":{\"@id\":\"https:\\\/\\\/www.eldiario.net\\\/portal\\\/2024\\\/07\\\/14\\\/la-enfermedad-renal-poliquistica\\\/#breadcrumb\"},\"inLanguage\":\"es\",\"potentialAction\":[{\"@type\":\"ReadAction\",\"target\":[\"https:\\\/\\\/www.eldiario.net\\\/portal\\\/2024\\\/07\\\/14\\\/la-enfermedad-renal-poliquistica\\\/\"]}]},{\"@type\":\"ImageObject\",\"inLanguage\":\"es\",\"@id\":\"https:\\\/\\\/www.eldiario.net\\\/portal\\\/2024\\\/07\\\/14\\\/la-enfermedad-renal-poliquistica\\\/#primaryimage\",\"url\":\"https:\\\/\\\/www.eldiario.net\\\/portal\\\/wp-content\\\/uploads\\\/2024\\\/07\\\/LA-ENFERMEDAD-RENAL-POLIQUISTICA.jpg\",\"contentUrl\":\"https:\\\/\\\/www.eldiario.net\\\/portal\\\/wp-content\\\/uploads\\\/2024\\\/07\\\/LA-ENFERMEDAD-RENAL-POLIQUISTICA.jpg\",\"width\":1200,\"height\":830},{\"@type\":\"BreadcrumbList\",\"@id\":\"https:\\\/\\\/www.eldiario.net\\\/portal\\\/2024\\\/07\\\/14\\\/la-enfermedad-renal-poliquistica\\\/#breadcrumb\",\"itemListElement\":[{\"@type\":\"ListItem\",\"position\":1,\"name\":\"Portada\",\"item\":\"https:\\\/\\\/www.eldiario.net\\\/portal\\\/\"},{\"@type\":\"ListItem\",\"position\":2,\"name\":\"LA ENFERMEDAD RENAL POLIQU\u00cdSTICA\"}]},{\"@type\":\"WebSite\",\"@id\":\"https:\\\/\\\/www.eldiario.net\\\/portal\\\/#website\",\"url\":\"https:\\\/\\\/www.eldiario.net\\\/portal\\\/\",\"name\":\"El Diario - Decano de la prensa nacional\",\"description\":\"El Diario - Decano de la prensa nacional\",\"publisher\":{\"@id\":\"https:\\\/\\\/www.eldiario.net\\\/portal\\\/#organization\"},\"potentialAction\":[{\"@type\":\"SearchAction\",\"target\":{\"@type\":\"EntryPoint\",\"urlTemplate\":\"https:\\\/\\\/www.eldiario.net\\\/portal\\\/?s={search_term_string}\"},\"query-input\":{\"@type\":\"PropertyValueSpecification\",\"valueRequired\":true,\"valueName\":\"search_term_string\"}}],\"inLanguage\":\"es\"},{\"@type\":\"Organization\",\"@id\":\"https:\\\/\\\/www.eldiario.net\\\/portal\\\/#organization\",\"name\":\"El Diario - Decano de la prensa nacional\",\"url\":\"https:\\\/\\\/www.eldiario.net\\\/portal\\\/\",\"logo\":{\"@type\":\"ImageObject\",\"inLanguage\":\"es\",\"@id\":\"https:\\\/\\\/www.eldiario.net\\\/portal\\\/#\\\/schema\\\/logo\\\/image\\\/\",\"url\":\"https:\\\/\\\/www.eldiario.net\\\/portal\\\/wp-content\\\/uploads\\\/2023\\\/07\\\/logo_ED.jpg\",\"contentUrl\":\"https:\\\/\\\/www.eldiario.net\\\/portal\\\/wp-content\\\/uploads\\\/2023\\\/07\\\/logo_ED.jpg\",\"width\":272,\"height\":52,\"caption\":\"El Diario - Decano de la prensa nacional\"},\"image\":{\"@id\":\"https:\\\/\\\/www.eldiario.net\\\/portal\\\/#\\\/schema\\\/logo\\\/image\\\/\"},\"sameAs\":[\"https:\\\/\\\/www.facebook.com\\\/eldiario.bolivia\\\/\",\"https:\\\/\\\/x.com\\\/eldiario_net\"]},{\"@type\":\"Person\",\"@id\":\"https:\\\/\\\/www.eldiario.net\\\/portal\\\/#\\\/schema\\\/person\\\/f46445640444750d7d753ccd04ae01b7\",\"name\":\"Jeanette\",\"image\":{\"@type\":\"ImageObject\",\"inLanguage\":\"es\",\"@id\":\"https:\\\/\\\/secure.gravatar.com\\\/avatar\\\/3ea2118a5f7dad2b7138b1187a6b7ee55f160b9968b66013c3a3ef39dd7e5798?s=96&d=mm&r=g\",\"url\":\"https:\\\/\\\/secure.gravatar.com\\\/avatar\\\/3ea2118a5f7dad2b7138b1187a6b7ee55f160b9968b66013c3a3ef39dd7e5798?s=96&d=mm&r=g\",\"contentUrl\":\"https:\\\/\\\/secure.gravatar.com\\\/avatar\\\/3ea2118a5f7dad2b7138b1187a6b7ee55f160b9968b66013c3a3ef39dd7e5798?s=96&d=mm&r=g\",\"caption\":\"Jeanette\"},\"sameAs\":[\"https:\\\/\\\/www.eldiario.net\\\/portal\"],\"url\":\"https:\\\/\\\/www.eldiario.net\\\/portal\\\/author\\\/jeanette\\\/\"}]}<\/script>\n<!-- \/ Yoast SEO plugin. -->","yoast_head_json":{"title":"LA ENFERMEDAD RENAL POLIQU\u00cdSTICA - El Diario - Bolivia","robots":{"index":"index","follow":"follow","max-snippet":"max-snippet:-1","max-image-preview":"max-image-preview:large","max-video-preview":"max-video-preview:-1"},"canonical":"https:\/\/www.eldiario.net\/portal\/2024\/07\/14\/la-enfermedad-renal-poliquistica\/","og_locale":"es_ES","og_type":"article","og_title":"LA ENFERMEDAD RENAL POLIQU\u00cdSTICA - El Diario - Bolivia","og_description":"Dra. Vanessa Lerma S\u00e1nchez &#8211; Especialidad en Nefrolog\u00eda y Alta especialidad en Trasplante Renal La enfermedad renal poliqu\u00edstica es un trastorno hereditario en el que se desarrollan grupos de quistes principalmente dentro de los ri\u00f1ones, lo que hace que estos se agranden y pierdan su funci\u00f3n con el tiempo. Los quistes son sacos redondos no [&hellip;]","og_url":"https:\/\/www.eldiario.net\/portal\/2024\/07\/14\/la-enfermedad-renal-poliquistica\/","og_site_name":"El Diario - Bolivia","article_publisher":"https:\/\/www.facebook.com\/eldiario.bolivia\/","article_published_time":"2024-07-14T12:06:04+00:00","og_image":[{"width":1200,"height":830,"url":"https:\/\/www.eldiario.net\/portal\/wp-content\/uploads\/2024\/07\/LA-ENFERMEDAD-RENAL-POLIQUISTICA.jpg","type":"image\/jpeg"}],"author":"Jeanette","twitter_card":"summary_large_image","twitter_creator":"@eldiario_net","twitter_site":"@eldiario_net","twitter_misc":{"Escrito por":"Jeanette","Tiempo de lectura":"1 minuto"},"schema":{"@context":"https:\/\/schema.org","@graph":[{"@type":"Article","@id":"https:\/\/www.eldiario.net\/portal\/2024\/07\/14\/la-enfermedad-renal-poliquistica\/#article","isPartOf":{"@id":"https:\/\/www.eldiario.net\/portal\/2024\/07\/14\/la-enfermedad-renal-poliquistica\/"},"author":{"name":"Jeanette","@id":"https:\/\/www.eldiario.net\/portal\/#\/schema\/person\/f46445640444750d7d753ccd04ae01b7"},"headline":"LA ENFERMEDAD RENAL POLIQU\u00cdSTICA","datePublished":"2024-07-14T12:06:04+00:00","mainEntityOfPage":{"@id":"https:\/\/www.eldiario.net\/portal\/2024\/07\/14\/la-enfermedad-renal-poliquistica\/"},"wordCount":411,"commentCount":0,"publisher":{"@id":"https:\/\/www.eldiario.net\/portal\/#organization"},"image":{"@id":"https:\/\/www.eldiario.net\/portal\/2024\/07\/14\/la-enfermedad-renal-poliquistica\/#primaryimage"},"thumbnailUrl":"https:\/\/www.eldiario.net\/portal\/wp-content\/uploads\/2024\/07\/LA-ENFERMEDAD-RENAL-POLIQUISTICA.jpg","articleSection":["De Salud + vida"],"inLanguage":"es","potentialAction":[{"@type":"CommentAction","name":"Comment","target":["https:\/\/www.eldiario.net\/portal\/2024\/07\/14\/la-enfermedad-renal-poliquistica\/#respond"]}]},{"@type":"WebPage","@id":"https:\/\/www.eldiario.net\/portal\/2024\/07\/14\/la-enfermedad-renal-poliquistica\/","url":"https:\/\/www.eldiario.net\/portal\/2024\/07\/14\/la-enfermedad-renal-poliquistica\/","name":"LA ENFERMEDAD RENAL POLIQU\u00cdSTICA - El Diario - Bolivia","isPartOf":{"@id":"https:\/\/www.eldiario.net\/portal\/#website"},"primaryImageOfPage":{"@id":"https:\/\/www.eldiario.net\/portal\/2024\/07\/14\/la-enfermedad-renal-poliquistica\/#primaryimage"},"image":{"@id":"https:\/\/www.eldiario.net\/portal\/2024\/07\/14\/la-enfermedad-renal-poliquistica\/#primaryimage"},"thumbnailUrl":"https:\/\/www.eldiario.net\/portal\/wp-content\/uploads\/2024\/07\/LA-ENFERMEDAD-RENAL-POLIQUISTICA.jpg","datePublished":"2024-07-14T12:06:04+00:00","breadcrumb":{"@id":"https:\/\/www.eldiario.net\/portal\/2024\/07\/14\/la-enfermedad-renal-poliquistica\/#breadcrumb"},"inLanguage":"es","potentialAction":[{"@type":"ReadAction","target":["https:\/\/www.eldiario.net\/portal\/2024\/07\/14\/la-enfermedad-renal-poliquistica\/"]}]},{"@type":"ImageObject","inLanguage":"es","@id":"https:\/\/www.eldiario.net\/portal\/2024\/07\/14\/la-enfermedad-renal-poliquistica\/#primaryimage","url":"https:\/\/www.eldiario.net\/portal\/wp-content\/uploads\/2024\/07\/LA-ENFERMEDAD-RENAL-POLIQUISTICA.jpg","contentUrl":"https:\/\/www.eldiario.net\/portal\/wp-content\/uploads\/2024\/07\/LA-ENFERMEDAD-RENAL-POLIQUISTICA.jpg","width":1200,"height":830},{"@type":"BreadcrumbList","@id":"https:\/\/www.eldiario.net\/portal\/2024\/07\/14\/la-enfermedad-renal-poliquistica\/#breadcrumb","itemListElement":[{"@type":"ListItem","position":1,"name":"Portada","item":"https:\/\/www.eldiario.net\/portal\/"},{"@type":"ListItem","position":2,"name":"LA ENFERMEDAD RENAL POLIQU\u00cdSTICA"}]},{"@type":"WebSite","@id":"https:\/\/www.eldiario.net\/portal\/#website","url":"https:\/\/www.eldiario.net\/portal\/","name":"El Diario - Decano de la prensa nacional","description":"El Diario - Decano de la prensa nacional","publisher":{"@id":"https:\/\/www.eldiario.net\/portal\/#organization"},"potentialAction":[{"@type":"SearchAction","target":{"@type":"EntryPoint","urlTemplate":"https:\/\/www.eldiario.net\/portal\/?s={search_term_string}"},"query-input":{"@type":"PropertyValueSpecification","valueRequired":true,"valueName":"search_term_string"}}],"inLanguage":"es"},{"@type":"Organization","@id":"https:\/\/www.eldiario.net\/portal\/#organization","name":"El Diario - Decano de la prensa nacional","url":"https:\/\/www.eldiario.net\/portal\/","logo":{"@type":"ImageObject","inLanguage":"es","@id":"https:\/\/www.eldiario.net\/portal\/#\/schema\/logo\/image\/","url":"https:\/\/www.eldiario.net\/portal\/wp-content\/uploads\/2023\/07\/logo_ED.jpg","contentUrl":"https:\/\/www.eldiario.net\/portal\/wp-content\/uploads\/2023\/07\/logo_ED.jpg","width":272,"height":52,"caption":"El Diario - Decano de la prensa nacional"},"image":{"@id":"https:\/\/www.eldiario.net\/portal\/#\/schema\/logo\/image\/"},"sameAs":["https:\/\/www.facebook.com\/eldiario.bolivia\/","https:\/\/x.com\/eldiario_net"]},{"@type":"Person","@id":"https:\/\/www.eldiario.net\/portal\/#\/schema\/person\/f46445640444750d7d753ccd04ae01b7","name":"Jeanette","image":{"@type":"ImageObject","inLanguage":"es","@id":"https:\/\/secure.gravatar.com\/avatar\/3ea2118a5f7dad2b7138b1187a6b7ee55f160b9968b66013c3a3ef39dd7e5798?s=96&d=mm&r=g","url":"https:\/\/secure.gravatar.com\/avatar\/3ea2118a5f7dad2b7138b1187a6b7ee55f160b9968b66013c3a3ef39dd7e5798?s=96&d=mm&r=g","contentUrl":"https:\/\/secure.gravatar.com\/avatar\/3ea2118a5f7dad2b7138b1187a6b7ee55f160b9968b66013c3a3ef39dd7e5798?s=96&d=mm&r=g","caption":"Jeanette"},"sameAs":["https:\/\/www.eldiario.net\/portal"],"url":"https:\/\/www.eldiario.net\/portal\/author\/jeanette\/"}]}},"_links":{"self":[{"href":"https:\/\/www.eldiario.net\/portal\/wp-json\/wp\/v2\/posts\/233897","targetHints":{"allow":["GET"]}}],"collection":[{"href":"https:\/\/www.eldiario.net\/portal\/wp-json\/wp\/v2\/posts"}],"about":[{"href":"https:\/\/www.eldiario.net\/portal\/wp-json\/wp\/v2\/types\/post"}],"author":[{"embeddable":true,"href":"https:\/\/www.eldiario.net\/portal\/wp-json\/wp\/v2\/users\/1"}],"replies":[{"embeddable":true,"href":"https:\/\/www.eldiario.net\/portal\/wp-json\/wp\/v2\/comments?post=233897"}],"version-history":[{"count":1,"href":"https:\/\/www.eldiario.net\/portal\/wp-json\/wp\/v2\/posts\/233897\/revisions"}],"predecessor-version":[{"id":233899,"href":"https:\/\/www.eldiario.net\/portal\/wp-json\/wp\/v2\/posts\/233897\/revisions\/233899"}],"wp:featuredmedia":[{"embeddable":true,"href":"https:\/\/www.eldiario.net\/portal\/wp-json\/wp\/v2\/media\/233898"}],"wp:attachment":[{"href":"https:\/\/www.eldiario.net\/portal\/wp-json\/wp\/v2\/media?parent=233897"}],"wp:term":[{"taxonomy":"category","embeddable":true,"href":"https:\/\/www.eldiario.net\/portal\/wp-json\/wp\/v2\/categories?post=233897"},{"taxonomy":"post_tag","embeddable":true,"href":"https:\/\/www.eldiario.net\/portal\/wp-json\/wp\/v2\/tags?post=233897"}],"curies":[{"name":"wp","href":"https:\/\/api.w.org\/{rel}","templated":true}]}}