{"id":233894,"date":"2024-07-14T08:05:15","date_gmt":"2024-07-14T12:05:15","guid":{"rendered":"https:\/\/www.eldiario.net\/portal\/?p=233894"},"modified":"2024-07-14T08:05:15","modified_gmt":"2024-07-14T12:05:15","slug":"los-alimentos-ideales-para-el-invierno","status":"publish","type":"post","link":"https:\/\/www.eldiario.net\/portal\/2024\/07\/14\/los-alimentos-ideales-para-el-invierno\/","title":{"rendered":"LOS ALIMENTOS IDEALES PARA EL INVIERNO"},"content":{"rendered":"<p>En la temporada invernal se dispone de alimentos con mayor contenido cal\u00f3rico, como legumbres, papas, o camote frutas y verduras de temporada cuya caracter\u00edstica principal es contar con nutrientes que mejoran nuestras defensas como el caso de la Vitamina C en los c\u00edtricos como mandarinas y naranjas que permiten acumular energ\u00eda para mantener el calor corporal.<br \/>\nPara combatir el frio debemos estar atentos a no descuidar nuestro cuerpo. Suele pasar que las bajas temperaturas nos llevan a dejar de lado las ensaladas, las frutas frescas o el agua. Para evitarlo, incluye estos alimentos en tu men\u00fa:<br \/>\n\u2022\tBr\u00f3coli y hojas verdes crudas. El primero es rico en vitamina C, en antioxidantes y muy bajo en calor\u00edas. Las segundas aportan clorofila con efecto depurativo y enzimas. La idea es no abandonar las verduras.<br \/>\n\u2022\tTomate. Es una excelente fuente de fibra, poseen una cantidad enorme de vitaminas, entre ellas, las del grupo C y E que tienen una excelente capacidad antioxidante. Evita la oxidaci\u00f3n celular y agiliza la depuraci\u00f3n de los productos t\u00f3xicos. Es conveniente quitar la piel en el momento de consumirlo porque en ella se depositan la mayor cantidad de qu\u00edmicos nocivos.<br \/>\n\u2022\tFrutas secas. Las nueces contienen mucho calcio y son ideales para mantener los huesos en buen estado. Son muy recomendables en personas mayores que pueden tener m\u00e1s facilidad en descalcificarse, sobre todo en mujeres que se encuentren en la postmenopausia y en los ni\u00f1os. Deben comerse frescas, porque su alto contenido graso hace que se pongan rancias apenas peladas.<br \/>\n\u2022\tInfusiones. Consumir t\u00e9 de frutas y t\u00e9 verde. Tambi\u00e9n caldos, pero tienen que ser caseros porque los instant\u00e1neos contienen muchos aditivos perjudiciales.<br \/>\n\u2022\tBebidas. Conviene reducir e incluso eliminar de la dieta sustancias t\u00f3xicas y excitantes como la cafe\u00edna. Tambi\u00e9n las bebidas estimulantes: excitan, pero no nutren y su uso continuado produce desgaste nervioso, agotamiento y falta de adaptaci\u00f3n al estr\u00e9s.<br \/>\n\u2022\tSopas. Pueden ser de zanahoria, de zapallo o de cualquier verdura. Puedes agregarles semillas para hacerlas m\u00e1s nutritivas (ch\u00eda para incorporar omega 3, s\u00e9samo para aportar un extra de calcio, etc.)<br \/>\n\u2022\tFrutas. Aprovecha las frutas c\u00edtricas de esta \u00e9poca del a\u00f1o, que son ricas en vitaminas y antioxidantes. Algunos ejemplos son el kiwi, la naranja, la mandarina y el pomelo.<br \/>\n\u2022\tPescados. Son las prote\u00ednas m\u00e1s aconsejadas. Se sugiere consumirlos entre 4 \u00f3 5 veces por semana.<br \/>\n\u2022\tCarnes. Las rojas desgrasadas y el pollo deben completar el men\u00fa semanal.<br \/>\n\u2022\tHuevos. No debemos olvidarlos para completar una alimentaci\u00f3n balanceada. Son una rica fuente de prote\u00ednas y mejor si son org\u00e1nicos.<br \/>\nCon estos sencillos consejos podemos proveer a nuestro organismo de buenos nutrientes que nos permitan disfrutar del invierno.<\/p>\n","protected":false},"excerpt":{"rendered":"<p>En la temporada invernal se dispone de alimentos con mayor contenido cal\u00f3rico, como legumbres, papas, o camote frutas y verduras de temporada cuya caracter\u00edstica principal es contar con nutrientes que mejoran nuestras defensas como el caso de la Vitamina C en los c\u00edtricos como mandarinas y naranjas que permiten acumular energ\u00eda para mantener el calor [&hellip;]<\/p>\n","protected":false},"author":1,"featured_media":233895,"comment_status":"open","ping_status":"open","sticky":false,"template":"","format":"standard","meta":{"_acf_changed":false,"footnotes":""},"categories":[52],"tags":[],"class_list":["post-233894","post","type-post","status-publish","format-standard","has-post-thumbnail","category-de-salud-mas-vida"],"acf":{"antetitulo":""},"yoast_head":"<!-- This site is optimized with the Yoast SEO plugin v28.3 - https:\/\/yoast.com\/product\/yoast-seo-wordpress\/ -->\n<title>LOS ALIMENTOS IDEALES PARA EL INVIERNO - El Diario - Bolivia<\/title>\n<meta name=\"robots\" content=\"index, follow, max-snippet:-1, max-image-preview:large, max-video-preview:-1\" \/>\n<link rel=\"canonical\" href=\"https:\/\/www.eldiario.net\/portal\/2024\/07\/14\/los-alimentos-ideales-para-el-invierno\/\" \/>\n<meta property=\"og:locale\" content=\"es_ES\" \/>\n<meta property=\"og:type\" content=\"article\" \/>\n<meta property=\"og:title\" content=\"LOS ALIMENTOS IDEALES PARA EL INVIERNO - El Diario - Bolivia\" \/>\n<meta property=\"og:description\" content=\"En la temporada invernal se dispone de alimentos con mayor contenido cal\u00f3rico, como legumbres, papas, o camote frutas y verduras de temporada cuya caracter\u00edstica principal es contar con nutrientes que mejoran nuestras defensas como el caso de la Vitamina C en los c\u00edtricos como mandarinas y naranjas que permiten acumular energ\u00eda para mantener el calor [&hellip;]\" \/>\n<meta property=\"og:url\" content=\"https:\/\/www.eldiario.net\/portal\/2024\/07\/14\/los-alimentos-ideales-para-el-invierno\/\" \/>\n<meta property=\"og:site_name\" content=\"El Diario - Bolivia\" \/>\n<meta property=\"article:publisher\" content=\"https:\/\/www.facebook.com\/eldiario.bolivia\/\" \/>\n<meta property=\"article:published_time\" content=\"2024-07-14T12:05:15+00:00\" \/>\n<meta property=\"og:image\" content=\"https:\/\/www.eldiario.net\/portal\/wp-content\/uploads\/2024\/07\/LOS-ALIMENTOS-IDEALES-PARA-EL-INVIERNO.jpg\" \/>\n\t<meta property=\"og:image:width\" content=\"1200\" \/>\n\t<meta property=\"og:image:height\" content=\"716\" \/>\n\t<meta property=\"og:image:type\" content=\"image\/jpeg\" \/>\n<meta name=\"author\" content=\"Jeanette\" \/>\n<meta name=\"twitter:card\" content=\"summary_large_image\" \/>\n<meta name=\"twitter:creator\" content=\"@eldiario_net\" \/>\n<meta name=\"twitter:site\" content=\"@eldiario_net\" \/>\n<meta name=\"twitter:label1\" content=\"Escrito por\" \/>\n\t<meta name=\"twitter:data1\" content=\"Jeanette\" \/>\n\t<meta name=\"twitter:label2\" content=\"Tiempo de lectura\" \/>\n\t<meta name=\"twitter:data2\" content=\"1 minuto\" \/>\n<script type=\"application\/ld+json\" class=\"yoast-schema-graph\">{\"@context\":\"https:\\\/\\\/schema.org\",\"@graph\":[{\"@type\":\"Article\",\"@id\":\"https:\\\/\\\/www.eldiario.net\\\/portal\\\/2024\\\/07\\\/14\\\/los-alimentos-ideales-para-el-invierno\\\/#article\",\"isPartOf\":{\"@id\":\"https:\\\/\\\/www.eldiario.net\\\/portal\\\/2024\\\/07\\\/14\\\/los-alimentos-ideales-para-el-invierno\\\/\"},\"author\":{\"name\":\"Jeanette\",\"@id\":\"https:\\\/\\\/www.eldiario.net\\\/portal\\\/#\\\/schema\\\/person\\\/f46445640444750d7d753ccd04ae01b7\"},\"headline\":\"LOS ALIMENTOS IDEALES PARA EL INVIERNO\",\"datePublished\":\"2024-07-14T12:05:15+00:00\",\"mainEntityOfPage\":{\"@id\":\"https:\\\/\\\/www.eldiario.net\\\/portal\\\/2024\\\/07\\\/14\\\/los-alimentos-ideales-para-el-invierno\\\/\"},\"wordCount\":467,\"commentCount\":0,\"publisher\":{\"@id\":\"https:\\\/\\\/www.eldiario.net\\\/portal\\\/#organization\"},\"image\":{\"@id\":\"https:\\\/\\\/www.eldiario.net\\\/portal\\\/2024\\\/07\\\/14\\\/los-alimentos-ideales-para-el-invierno\\\/#primaryimage\"},\"thumbnailUrl\":\"https:\\\/\\\/www.eldiario.net\\\/portal\\\/wp-content\\\/uploads\\\/2024\\\/07\\\/LOS-ALIMENTOS-IDEALES-PARA-EL-INVIERNO.jpg\",\"articleSection\":[\"De Salud + vida\"],\"inLanguage\":\"es\",\"potentialAction\":[{\"@type\":\"CommentAction\",\"name\":\"Comment\",\"target\":[\"https:\\\/\\\/www.eldiario.net\\\/portal\\\/2024\\\/07\\\/14\\\/los-alimentos-ideales-para-el-invierno\\\/#respond\"]}]},{\"@type\":\"WebPage\",\"@id\":\"https:\\\/\\\/www.eldiario.net\\\/portal\\\/2024\\\/07\\\/14\\\/los-alimentos-ideales-para-el-invierno\\\/\",\"url\":\"https:\\\/\\\/www.eldiario.net\\\/portal\\\/2024\\\/07\\\/14\\\/los-alimentos-ideales-para-el-invierno\\\/\",\"name\":\"LOS ALIMENTOS IDEALES PARA EL INVIERNO - El Diario - Bolivia\",\"isPartOf\":{\"@id\":\"https:\\\/\\\/www.eldiario.net\\\/portal\\\/#website\"},\"primaryImageOfPage\":{\"@id\":\"https:\\\/\\\/www.eldiario.net\\\/portal\\\/2024\\\/07\\\/14\\\/los-alimentos-ideales-para-el-invierno\\\/#primaryimage\"},\"image\":{\"@id\":\"https:\\\/\\\/www.eldiario.net\\\/portal\\\/2024\\\/07\\\/14\\\/los-alimentos-ideales-para-el-invierno\\\/#primaryimage\"},\"thumbnailUrl\":\"https:\\\/\\\/www.eldiario.net\\\/portal\\\/wp-content\\\/uploads\\\/2024\\\/07\\\/LOS-ALIMENTOS-IDEALES-PARA-EL-INVIERNO.jpg\",\"datePublished\":\"2024-07-14T12:05:15+00:00\",\"breadcrumb\":{\"@id\":\"https:\\\/\\\/www.eldiario.net\\\/portal\\\/2024\\\/07\\\/14\\\/los-alimentos-ideales-para-el-invierno\\\/#breadcrumb\"},\"inLanguage\":\"es\",\"potentialAction\":[{\"@type\":\"ReadAction\",\"target\":[\"https:\\\/\\\/www.eldiario.net\\\/portal\\\/2024\\\/07\\\/14\\\/los-alimentos-ideales-para-el-invierno\\\/\"]}]},{\"@type\":\"ImageObject\",\"inLanguage\":\"es\",\"@id\":\"https:\\\/\\\/www.eldiario.net\\\/portal\\\/2024\\\/07\\\/14\\\/los-alimentos-ideales-para-el-invierno\\\/#primaryimage\",\"url\":\"https:\\\/\\\/www.eldiario.net\\\/portal\\\/wp-content\\\/uploads\\\/2024\\\/07\\\/LOS-ALIMENTOS-IDEALES-PARA-EL-INVIERNO.jpg\",\"contentUrl\":\"https:\\\/\\\/www.eldiario.net\\\/portal\\\/wp-content\\\/uploads\\\/2024\\\/07\\\/LOS-ALIMENTOS-IDEALES-PARA-EL-INVIERNO.jpg\",\"width\":1200,\"height\":716},{\"@type\":\"BreadcrumbList\",\"@id\":\"https:\\\/\\\/www.eldiario.net\\\/portal\\\/2024\\\/07\\\/14\\\/los-alimentos-ideales-para-el-invierno\\\/#breadcrumb\",\"itemListElement\":[{\"@type\":\"ListItem\",\"position\":1,\"name\":\"Portada\",\"item\":\"https:\\\/\\\/www.eldiario.net\\\/portal\\\/\"},{\"@type\":\"ListItem\",\"position\":2,\"name\":\"LOS ALIMENTOS IDEALES PARA EL INVIERNO\"}]},{\"@type\":\"WebSite\",\"@id\":\"https:\\\/\\\/www.eldiario.net\\\/portal\\\/#website\",\"url\":\"https:\\\/\\\/www.eldiario.net\\\/portal\\\/\",\"name\":\"El Diario - Decano de la prensa nacional\",\"description\":\"El Diario - Decano de la prensa nacional\",\"publisher\":{\"@id\":\"https:\\\/\\\/www.eldiario.net\\\/portal\\\/#organization\"},\"potentialAction\":[{\"@type\":\"SearchAction\",\"target\":{\"@type\":\"EntryPoint\",\"urlTemplate\":\"https:\\\/\\\/www.eldiario.net\\\/portal\\\/?s={search_term_string}\"},\"query-input\":{\"@type\":\"PropertyValueSpecification\",\"valueRequired\":true,\"valueName\":\"search_term_string\"}}],\"inLanguage\":\"es\"},{\"@type\":\"Organization\",\"@id\":\"https:\\\/\\\/www.eldiario.net\\\/portal\\\/#organization\",\"name\":\"El Diario - Decano de la prensa nacional\",\"url\":\"https:\\\/\\\/www.eldiario.net\\\/portal\\\/\",\"logo\":{\"@type\":\"ImageObject\",\"inLanguage\":\"es\",\"@id\":\"https:\\\/\\\/www.eldiario.net\\\/portal\\\/#\\\/schema\\\/logo\\\/image\\\/\",\"url\":\"https:\\\/\\\/www.eldiario.net\\\/portal\\\/wp-content\\\/uploads\\\/2023\\\/07\\\/logo_ED.jpg\",\"contentUrl\":\"https:\\\/\\\/www.eldiario.net\\\/portal\\\/wp-content\\\/uploads\\\/2023\\\/07\\\/logo_ED.jpg\",\"width\":272,\"height\":52,\"caption\":\"El Diario - Decano de la prensa nacional\"},\"image\":{\"@id\":\"https:\\\/\\\/www.eldiario.net\\\/portal\\\/#\\\/schema\\\/logo\\\/image\\\/\"},\"sameAs\":[\"https:\\\/\\\/www.facebook.com\\\/eldiario.bolivia\\\/\",\"https:\\\/\\\/x.com\\\/eldiario_net\"]},{\"@type\":\"Person\",\"@id\":\"https:\\\/\\\/www.eldiario.net\\\/portal\\\/#\\\/schema\\\/person\\\/f46445640444750d7d753ccd04ae01b7\",\"name\":\"Jeanette\",\"image\":{\"@type\":\"ImageObject\",\"inLanguage\":\"es\",\"@id\":\"https:\\\/\\\/secure.gravatar.com\\\/avatar\\\/3ea2118a5f7dad2b7138b1187a6b7ee55f160b9968b66013c3a3ef39dd7e5798?s=96&d=mm&r=g\",\"url\":\"https:\\\/\\\/secure.gravatar.com\\\/avatar\\\/3ea2118a5f7dad2b7138b1187a6b7ee55f160b9968b66013c3a3ef39dd7e5798?s=96&d=mm&r=g\",\"contentUrl\":\"https:\\\/\\\/secure.gravatar.com\\\/avatar\\\/3ea2118a5f7dad2b7138b1187a6b7ee55f160b9968b66013c3a3ef39dd7e5798?s=96&d=mm&r=g\",\"caption\":\"Jeanette\"},\"sameAs\":[\"https:\\\/\\\/www.eldiario.net\\\/portal\"],\"url\":\"https:\\\/\\\/www.eldiario.net\\\/portal\\\/author\\\/jeanette\\\/\"}]}<\/script>\n<!-- \/ Yoast SEO plugin. -->","yoast_head_json":{"title":"LOS ALIMENTOS IDEALES PARA EL INVIERNO - El Diario - Bolivia","robots":{"index":"index","follow":"follow","max-snippet":"max-snippet:-1","max-image-preview":"max-image-preview:large","max-video-preview":"max-video-preview:-1"},"canonical":"https:\/\/www.eldiario.net\/portal\/2024\/07\/14\/los-alimentos-ideales-para-el-invierno\/","og_locale":"es_ES","og_type":"article","og_title":"LOS ALIMENTOS IDEALES PARA EL INVIERNO - El Diario - Bolivia","og_description":"En la temporada invernal se dispone de alimentos con mayor contenido cal\u00f3rico, como legumbres, papas, o camote frutas y verduras de temporada cuya caracter\u00edstica principal es contar con nutrientes que mejoran nuestras defensas como el caso de la Vitamina C en los c\u00edtricos como mandarinas y naranjas que permiten acumular energ\u00eda para mantener el calor [&hellip;]","og_url":"https:\/\/www.eldiario.net\/portal\/2024\/07\/14\/los-alimentos-ideales-para-el-invierno\/","og_site_name":"El Diario - Bolivia","article_publisher":"https:\/\/www.facebook.com\/eldiario.bolivia\/","article_published_time":"2024-07-14T12:05:15+00:00","og_image":[{"width":1200,"height":716,"url":"https:\/\/www.eldiario.net\/portal\/wp-content\/uploads\/2024\/07\/LOS-ALIMENTOS-IDEALES-PARA-EL-INVIERNO.jpg","type":"image\/jpeg"}],"author":"Jeanette","twitter_card":"summary_large_image","twitter_creator":"@eldiario_net","twitter_site":"@eldiario_net","twitter_misc":{"Escrito por":"Jeanette","Tiempo de lectura":"1 minuto"},"schema":{"@context":"https:\/\/schema.org","@graph":[{"@type":"Article","@id":"https:\/\/www.eldiario.net\/portal\/2024\/07\/14\/los-alimentos-ideales-para-el-invierno\/#article","isPartOf":{"@id":"https:\/\/www.eldiario.net\/portal\/2024\/07\/14\/los-alimentos-ideales-para-el-invierno\/"},"author":{"name":"Jeanette","@id":"https:\/\/www.eldiario.net\/portal\/#\/schema\/person\/f46445640444750d7d753ccd04ae01b7"},"headline":"LOS ALIMENTOS IDEALES PARA EL INVIERNO","datePublished":"2024-07-14T12:05:15+00:00","mainEntityOfPage":{"@id":"https:\/\/www.eldiario.net\/portal\/2024\/07\/14\/los-alimentos-ideales-para-el-invierno\/"},"wordCount":467,"commentCount":0,"publisher":{"@id":"https:\/\/www.eldiario.net\/portal\/#organization"},"image":{"@id":"https:\/\/www.eldiario.net\/portal\/2024\/07\/14\/los-alimentos-ideales-para-el-invierno\/#primaryimage"},"thumbnailUrl":"https:\/\/www.eldiario.net\/portal\/wp-content\/uploads\/2024\/07\/LOS-ALIMENTOS-IDEALES-PARA-EL-INVIERNO.jpg","articleSection":["De Salud + vida"],"inLanguage":"es","potentialAction":[{"@type":"CommentAction","name":"Comment","target":["https:\/\/www.eldiario.net\/portal\/2024\/07\/14\/los-alimentos-ideales-para-el-invierno\/#respond"]}]},{"@type":"WebPage","@id":"https:\/\/www.eldiario.net\/portal\/2024\/07\/14\/los-alimentos-ideales-para-el-invierno\/","url":"https:\/\/www.eldiario.net\/portal\/2024\/07\/14\/los-alimentos-ideales-para-el-invierno\/","name":"LOS ALIMENTOS IDEALES PARA EL INVIERNO - El Diario - Bolivia","isPartOf":{"@id":"https:\/\/www.eldiario.net\/portal\/#website"},"primaryImageOfPage":{"@id":"https:\/\/www.eldiario.net\/portal\/2024\/07\/14\/los-alimentos-ideales-para-el-invierno\/#primaryimage"},"image":{"@id":"https:\/\/www.eldiario.net\/portal\/2024\/07\/14\/los-alimentos-ideales-para-el-invierno\/#primaryimage"},"thumbnailUrl":"https:\/\/www.eldiario.net\/portal\/wp-content\/uploads\/2024\/07\/LOS-ALIMENTOS-IDEALES-PARA-EL-INVIERNO.jpg","datePublished":"2024-07-14T12:05:15+00:00","breadcrumb":{"@id":"https:\/\/www.eldiario.net\/portal\/2024\/07\/14\/los-alimentos-ideales-para-el-invierno\/#breadcrumb"},"inLanguage":"es","potentialAction":[{"@type":"ReadAction","target":["https:\/\/www.eldiario.net\/portal\/2024\/07\/14\/los-alimentos-ideales-para-el-invierno\/"]}]},{"@type":"ImageObject","inLanguage":"es","@id":"https:\/\/www.eldiario.net\/portal\/2024\/07\/14\/los-alimentos-ideales-para-el-invierno\/#primaryimage","url":"https:\/\/www.eldiario.net\/portal\/wp-content\/uploads\/2024\/07\/LOS-ALIMENTOS-IDEALES-PARA-EL-INVIERNO.jpg","contentUrl":"https:\/\/www.eldiario.net\/portal\/wp-content\/uploads\/2024\/07\/LOS-ALIMENTOS-IDEALES-PARA-EL-INVIERNO.jpg","width":1200,"height":716},{"@type":"BreadcrumbList","@id":"https:\/\/www.eldiario.net\/portal\/2024\/07\/14\/los-alimentos-ideales-para-el-invierno\/#breadcrumb","itemListElement":[{"@type":"ListItem","position":1,"name":"Portada","item":"https:\/\/www.eldiario.net\/portal\/"},{"@type":"ListItem","position":2,"name":"LOS ALIMENTOS IDEALES PARA EL INVIERNO"}]},{"@type":"WebSite","@id":"https:\/\/www.eldiario.net\/portal\/#website","url":"https:\/\/www.eldiario.net\/portal\/","name":"El Diario - Decano de la prensa nacional","description":"El Diario - Decano de la prensa nacional","publisher":{"@id":"https:\/\/www.eldiario.net\/portal\/#organization"},"potentialAction":[{"@type":"SearchAction","target":{"@type":"EntryPoint","urlTemplate":"https:\/\/www.eldiario.net\/portal\/?s={search_term_string}"},"query-input":{"@type":"PropertyValueSpecification","valueRequired":true,"valueName":"search_term_string"}}],"inLanguage":"es"},{"@type":"Organization","@id":"https:\/\/www.eldiario.net\/portal\/#organization","name":"El Diario - Decano de la prensa nacional","url":"https:\/\/www.eldiario.net\/portal\/","logo":{"@type":"ImageObject","inLanguage":"es","@id":"https:\/\/www.eldiario.net\/portal\/#\/schema\/logo\/image\/","url":"https:\/\/www.eldiario.net\/portal\/wp-content\/uploads\/2023\/07\/logo_ED.jpg","contentUrl":"https:\/\/www.eldiario.net\/portal\/wp-content\/uploads\/2023\/07\/logo_ED.jpg","width":272,"height":52,"caption":"El Diario - Decano de la prensa nacional"},"image":{"@id":"https:\/\/www.eldiario.net\/portal\/#\/schema\/logo\/image\/"},"sameAs":["https:\/\/www.facebook.com\/eldiario.bolivia\/","https:\/\/x.com\/eldiario_net"]},{"@type":"Person","@id":"https:\/\/www.eldiario.net\/portal\/#\/schema\/person\/f46445640444750d7d753ccd04ae01b7","name":"Jeanette","image":{"@type":"ImageObject","inLanguage":"es","@id":"https:\/\/secure.gravatar.com\/avatar\/3ea2118a5f7dad2b7138b1187a6b7ee55f160b9968b66013c3a3ef39dd7e5798?s=96&d=mm&r=g","url":"https:\/\/secure.gravatar.com\/avatar\/3ea2118a5f7dad2b7138b1187a6b7ee55f160b9968b66013c3a3ef39dd7e5798?s=96&d=mm&r=g","contentUrl":"https:\/\/secure.gravatar.com\/avatar\/3ea2118a5f7dad2b7138b1187a6b7ee55f160b9968b66013c3a3ef39dd7e5798?s=96&d=mm&r=g","caption":"Jeanette"},"sameAs":["https:\/\/www.eldiario.net\/portal"],"url":"https:\/\/www.eldiario.net\/portal\/author\/jeanette\/"}]}},"_links":{"self":[{"href":"https:\/\/www.eldiario.net\/portal\/wp-json\/wp\/v2\/posts\/233894","targetHints":{"allow":["GET"]}}],"collection":[{"href":"https:\/\/www.eldiario.net\/portal\/wp-json\/wp\/v2\/posts"}],"about":[{"href":"https:\/\/www.eldiario.net\/portal\/wp-json\/wp\/v2\/types\/post"}],"author":[{"embeddable":true,"href":"https:\/\/www.eldiario.net\/portal\/wp-json\/wp\/v2\/users\/1"}],"replies":[{"embeddable":true,"href":"https:\/\/www.eldiario.net\/portal\/wp-json\/wp\/v2\/comments?post=233894"}],"version-history":[{"count":1,"href":"https:\/\/www.eldiario.net\/portal\/wp-json\/wp\/v2\/posts\/233894\/revisions"}],"predecessor-version":[{"id":233896,"href":"https:\/\/www.eldiario.net\/portal\/wp-json\/wp\/v2\/posts\/233894\/revisions\/233896"}],"wp:featuredmedia":[{"embeddable":true,"href":"https:\/\/www.eldiario.net\/portal\/wp-json\/wp\/v2\/media\/233895"}],"wp:attachment":[{"href":"https:\/\/www.eldiario.net\/portal\/wp-json\/wp\/v2\/media?parent=233894"}],"wp:term":[{"taxonomy":"category","embeddable":true,"href":"https:\/\/www.eldiario.net\/portal\/wp-json\/wp\/v2\/categories?post=233894"},{"taxonomy":"post_tag","embeddable":true,"href":"https:\/\/www.eldiario.net\/portal\/wp-json\/wp\/v2\/tags?post=233894"}],"curies":[{"name":"wp","href":"https:\/\/api.w.org\/{rel}","templated":true}]}}