{"id":233891,"date":"2024-07-14T08:03:39","date_gmt":"2024-07-14T12:03:39","guid":{"rendered":"https:\/\/www.eldiario.net\/portal\/?p=233891"},"modified":"2024-07-14T08:03:47","modified_gmt":"2024-07-14T12:03:47","slug":"mastalgia-dolor-mamario","status":"publish","type":"post","link":"https:\/\/www.eldiario.net\/portal\/2024\/07\/14\/mastalgia-dolor-mamario\/","title":{"rendered":"MASTALGIA, DOLOR MAMARIO"},"content":{"rendered":"<p>Dr. \u00c1lvaro C\u00e1mara Ayuso \u2013 Gineco Obstetra \/ Oncolog\u00eda Ginecol\u00f3gica<\/p>\n<p>La mastalgia es conocida com\u00fanmente como \u201cDolor de mamas\u201d, afecta a la mayor\u00eda de las mujeres en alg\u00fan momento de sus vidas. Muchas temen que el dolor y la sensibilidad sean signos tempranos de c\u00e1ncer de mama, pero generalmente no es as\u00ed.<\/p>\n<p>Existen dos tipos principales de Mastalgia:<\/p>\n<p>\u2022\tEl dolor c\u00edclico: Est\u00e1 relacionado con el ciclo menstrual y ocurre mensualmente debido a cambios hormonales.<br \/>\n\u2022\tEl dolor no c\u00edclico: Puede venir del seno o de alg\u00fan otro lugar, como cerca de los m\u00fasculos o articulaciones y se puede sentir en el seno.<\/p>\n<p>En general, la mastalgia puede estar relacionada con diversos factores dependiendo de la situaci\u00f3n de la mujer.<\/p>\n<p>Algunas de las causas del dolor en los senos son las siguientes:<\/p>\n<p>\u2022\tCambios hormonales: Son ocasionados por la variaci\u00f3n en el nivel de estr\u00f3geno y progesterona durante el ciclo menstrual, lo que muchas veces ocasiona que los senos se sientan hinchados, abultados y adoloridos.<br \/>\n\u2022\tEmbarazo: Debido a las fluctuaciones hormonales que desencadena el embarazo.<br \/>\n\u2022\tQuistes: A medida que la mujer envejece, sus senos experimentan cambios conocidos como involuci\u00f3n. En este proceso el tejido mamario se sustituye por grasa, lo que puede provocar el desarrollo de quistes.<br \/>\n\u2022\tDieta: Las mujeres que tienen una dieta alta en grasa y carbohidratos tienen mayor posibilidad de sufrir dolor en los senos.<br \/>\n\u2022\tFumar: El tabaquismo aumenta los niveles de epinefrina en el tejido mamario, por lo que las mujeres fumadoras son m\u00e1s susceptibles a sufrir este dolor.<br \/>\n\u2022\tMedicamentos: La ingesta de algunos medicamentos como los antidepresivos u hormonas pueden ocasionar dolor en los pechos.<\/p>\n<p>No es habitual que el c\u00e1ncer de mama cause dolor de seno y el tener dolor o quistes no significa que haya m\u00e1s posibilidad de contraer c\u00e1ncer. Sin embargo, esto puede dificultar la detecci\u00f3n temprana.<\/p>\n<p>Si el dolor es persistente, localizado y\/o se producen abultamientos, es necesario acudir con un especialista, el cual puede recomendar una Mamograf\u00eda, Ultrasonido, Resonancia Magn\u00e9tica o Biopsia.<\/p>\n","protected":false},"excerpt":{"rendered":"<p>Dr. \u00c1lvaro C\u00e1mara Ayuso \u2013 Gineco Obstetra \/ Oncolog\u00eda Ginecol\u00f3gica La mastalgia es conocida com\u00fanmente como \u201cDolor de mamas\u201d, afecta a la mayor\u00eda de las mujeres en alg\u00fan momento de sus vidas. Muchas temen que el dolor y la sensibilidad sean signos tempranos de c\u00e1ncer de mama, pero generalmente no es as\u00ed. Existen dos tipos [&hellip;]<\/p>\n","protected":false},"author":1,"featured_media":233892,"comment_status":"open","ping_status":"open","sticky":false,"template":"","format":"standard","meta":{"_acf_changed":false,"footnotes":""},"categories":[52],"tags":[],"class_list":["post-233891","post","type-post","status-publish","format-standard","has-post-thumbnail","category-de-salud-mas-vida"],"acf":{"antetitulo":""},"yoast_head":"<!-- This site is optimized with the Yoast SEO plugin v28.3 - https:\/\/yoast.com\/product\/yoast-seo-wordpress\/ -->\n<title>MASTALGIA, DOLOR MAMARIO - El Diario - Bolivia<\/title>\n<meta name=\"robots\" content=\"index, follow, max-snippet:-1, max-image-preview:large, max-video-preview:-1\" \/>\n<link rel=\"canonical\" href=\"https:\/\/www.eldiario.net\/portal\/2024\/07\/14\/mastalgia-dolor-mamario\/\" \/>\n<meta property=\"og:locale\" content=\"es_ES\" \/>\n<meta property=\"og:type\" content=\"article\" \/>\n<meta property=\"og:title\" content=\"MASTALGIA, DOLOR MAMARIO - El Diario - Bolivia\" \/>\n<meta property=\"og:description\" content=\"Dr. \u00c1lvaro C\u00e1mara Ayuso \u2013 Gineco Obstetra \/ Oncolog\u00eda Ginecol\u00f3gica La mastalgia es conocida com\u00fanmente como \u201cDolor de mamas\u201d, afecta a la mayor\u00eda de las mujeres en alg\u00fan momento de sus vidas. Muchas temen que el dolor y la sensibilidad sean signos tempranos de c\u00e1ncer de mama, pero generalmente no es as\u00ed. Existen dos tipos [&hellip;]\" \/>\n<meta property=\"og:url\" content=\"https:\/\/www.eldiario.net\/portal\/2024\/07\/14\/mastalgia-dolor-mamario\/\" \/>\n<meta property=\"og:site_name\" content=\"El Diario - Bolivia\" \/>\n<meta property=\"article:publisher\" content=\"https:\/\/www.facebook.com\/eldiario.bolivia\/\" \/>\n<meta property=\"article:published_time\" content=\"2024-07-14T12:03:39+00:00\" \/>\n<meta property=\"article:modified_time\" content=\"2024-07-14T12:03:47+00:00\" \/>\n<meta property=\"og:image\" content=\"https:\/\/www.eldiario.net\/portal\/wp-content\/uploads\/2024\/07\/MASTALGIA-DOLOR-MAMARIO.jpg\" \/>\n\t<meta property=\"og:image:width\" content=\"1200\" \/>\n\t<meta property=\"og:image:height\" content=\"806\" \/>\n\t<meta property=\"og:image:type\" content=\"image\/jpeg\" \/>\n<meta name=\"author\" content=\"Jeanette\" \/>\n<meta name=\"twitter:card\" content=\"summary_large_image\" \/>\n<meta name=\"twitter:creator\" content=\"@eldiario_net\" \/>\n<meta name=\"twitter:site\" content=\"@eldiario_net\" \/>\n<meta name=\"twitter:label1\" content=\"Escrito por\" \/>\n\t<meta name=\"twitter:data1\" content=\"Jeanette\" \/>\n\t<meta name=\"twitter:label2\" content=\"Tiempo de lectura\" \/>\n\t<meta name=\"twitter:data2\" content=\"2 minutos\" \/>\n<script type=\"application\/ld+json\" class=\"yoast-schema-graph\">{\"@context\":\"https:\\\/\\\/schema.org\",\"@graph\":[{\"@type\":\"Article\",\"@id\":\"https:\\\/\\\/www.eldiario.net\\\/portal\\\/2024\\\/07\\\/14\\\/mastalgia-dolor-mamario\\\/#article\",\"isPartOf\":{\"@id\":\"https:\\\/\\\/www.eldiario.net\\\/portal\\\/2024\\\/07\\\/14\\\/mastalgia-dolor-mamario\\\/\"},\"author\":{\"name\":\"Jeanette\",\"@id\":\"https:\\\/\\\/www.eldiario.net\\\/portal\\\/#\\\/schema\\\/person\\\/f46445640444750d7d753ccd04ae01b7\"},\"headline\":\"MASTALGIA, DOLOR MAMARIO\",\"datePublished\":\"2024-07-14T12:03:39+00:00\",\"dateModified\":\"2024-07-14T12:03:47+00:00\",\"mainEntityOfPage\":{\"@id\":\"https:\\\/\\\/www.eldiario.net\\\/portal\\\/2024\\\/07\\\/14\\\/mastalgia-dolor-mamario\\\/\"},\"wordCount\":353,\"commentCount\":0,\"publisher\":{\"@id\":\"https:\\\/\\\/www.eldiario.net\\\/portal\\\/#organization\"},\"image\":{\"@id\":\"https:\\\/\\\/www.eldiario.net\\\/portal\\\/2024\\\/07\\\/14\\\/mastalgia-dolor-mamario\\\/#primaryimage\"},\"thumbnailUrl\":\"https:\\\/\\\/www.eldiario.net\\\/portal\\\/wp-content\\\/uploads\\\/2024\\\/07\\\/MASTALGIA-DOLOR-MAMARIO.jpg\",\"articleSection\":[\"De Salud + vida\"],\"inLanguage\":\"es\",\"potentialAction\":[{\"@type\":\"CommentAction\",\"name\":\"Comment\",\"target\":[\"https:\\\/\\\/www.eldiario.net\\\/portal\\\/2024\\\/07\\\/14\\\/mastalgia-dolor-mamario\\\/#respond\"]}]},{\"@type\":\"WebPage\",\"@id\":\"https:\\\/\\\/www.eldiario.net\\\/portal\\\/2024\\\/07\\\/14\\\/mastalgia-dolor-mamario\\\/\",\"url\":\"https:\\\/\\\/www.eldiario.net\\\/portal\\\/2024\\\/07\\\/14\\\/mastalgia-dolor-mamario\\\/\",\"name\":\"MASTALGIA, DOLOR MAMARIO - El Diario - Bolivia\",\"isPartOf\":{\"@id\":\"https:\\\/\\\/www.eldiario.net\\\/portal\\\/#website\"},\"primaryImageOfPage\":{\"@id\":\"https:\\\/\\\/www.eldiario.net\\\/portal\\\/2024\\\/07\\\/14\\\/mastalgia-dolor-mamario\\\/#primaryimage\"},\"image\":{\"@id\":\"https:\\\/\\\/www.eldiario.net\\\/portal\\\/2024\\\/07\\\/14\\\/mastalgia-dolor-mamario\\\/#primaryimage\"},\"thumbnailUrl\":\"https:\\\/\\\/www.eldiario.net\\\/portal\\\/wp-content\\\/uploads\\\/2024\\\/07\\\/MASTALGIA-DOLOR-MAMARIO.jpg\",\"datePublished\":\"2024-07-14T12:03:39+00:00\",\"dateModified\":\"2024-07-14T12:03:47+00:00\",\"breadcrumb\":{\"@id\":\"https:\\\/\\\/www.eldiario.net\\\/portal\\\/2024\\\/07\\\/14\\\/mastalgia-dolor-mamario\\\/#breadcrumb\"},\"inLanguage\":\"es\",\"potentialAction\":[{\"@type\":\"ReadAction\",\"target\":[\"https:\\\/\\\/www.eldiario.net\\\/portal\\\/2024\\\/07\\\/14\\\/mastalgia-dolor-mamario\\\/\"]}]},{\"@type\":\"ImageObject\",\"inLanguage\":\"es\",\"@id\":\"https:\\\/\\\/www.eldiario.net\\\/portal\\\/2024\\\/07\\\/14\\\/mastalgia-dolor-mamario\\\/#primaryimage\",\"url\":\"https:\\\/\\\/www.eldiario.net\\\/portal\\\/wp-content\\\/uploads\\\/2024\\\/07\\\/MASTALGIA-DOLOR-MAMARIO.jpg\",\"contentUrl\":\"https:\\\/\\\/www.eldiario.net\\\/portal\\\/wp-content\\\/uploads\\\/2024\\\/07\\\/MASTALGIA-DOLOR-MAMARIO.jpg\",\"width\":1200,\"height\":806},{\"@type\":\"BreadcrumbList\",\"@id\":\"https:\\\/\\\/www.eldiario.net\\\/portal\\\/2024\\\/07\\\/14\\\/mastalgia-dolor-mamario\\\/#breadcrumb\",\"itemListElement\":[{\"@type\":\"ListItem\",\"position\":1,\"name\":\"Portada\",\"item\":\"https:\\\/\\\/www.eldiario.net\\\/portal\\\/\"},{\"@type\":\"ListItem\",\"position\":2,\"name\":\"MASTALGIA, DOLOR MAMARIO\"}]},{\"@type\":\"WebSite\",\"@id\":\"https:\\\/\\\/www.eldiario.net\\\/portal\\\/#website\",\"url\":\"https:\\\/\\\/www.eldiario.net\\\/portal\\\/\",\"name\":\"El Diario - Decano de la prensa nacional\",\"description\":\"El Diario - Decano de la prensa nacional\",\"publisher\":{\"@id\":\"https:\\\/\\\/www.eldiario.net\\\/portal\\\/#organization\"},\"potentialAction\":[{\"@type\":\"SearchAction\",\"target\":{\"@type\":\"EntryPoint\",\"urlTemplate\":\"https:\\\/\\\/www.eldiario.net\\\/portal\\\/?s={search_term_string}\"},\"query-input\":{\"@type\":\"PropertyValueSpecification\",\"valueRequired\":true,\"valueName\":\"search_term_string\"}}],\"inLanguage\":\"es\"},{\"@type\":\"Organization\",\"@id\":\"https:\\\/\\\/www.eldiario.net\\\/portal\\\/#organization\",\"name\":\"El Diario - Decano de la prensa nacional\",\"url\":\"https:\\\/\\\/www.eldiario.net\\\/portal\\\/\",\"logo\":{\"@type\":\"ImageObject\",\"inLanguage\":\"es\",\"@id\":\"https:\\\/\\\/www.eldiario.net\\\/portal\\\/#\\\/schema\\\/logo\\\/image\\\/\",\"url\":\"https:\\\/\\\/www.eldiario.net\\\/portal\\\/wp-content\\\/uploads\\\/2023\\\/07\\\/logo_ED.jpg\",\"contentUrl\":\"https:\\\/\\\/www.eldiario.net\\\/portal\\\/wp-content\\\/uploads\\\/2023\\\/07\\\/logo_ED.jpg\",\"width\":272,\"height\":52,\"caption\":\"El Diario - Decano de la prensa nacional\"},\"image\":{\"@id\":\"https:\\\/\\\/www.eldiario.net\\\/portal\\\/#\\\/schema\\\/logo\\\/image\\\/\"},\"sameAs\":[\"https:\\\/\\\/www.facebook.com\\\/eldiario.bolivia\\\/\",\"https:\\\/\\\/x.com\\\/eldiario_net\"]},{\"@type\":\"Person\",\"@id\":\"https:\\\/\\\/www.eldiario.net\\\/portal\\\/#\\\/schema\\\/person\\\/f46445640444750d7d753ccd04ae01b7\",\"name\":\"Jeanette\",\"image\":{\"@type\":\"ImageObject\",\"inLanguage\":\"es\",\"@id\":\"https:\\\/\\\/secure.gravatar.com\\\/avatar\\\/3ea2118a5f7dad2b7138b1187a6b7ee55f160b9968b66013c3a3ef39dd7e5798?s=96&d=mm&r=g\",\"url\":\"https:\\\/\\\/secure.gravatar.com\\\/avatar\\\/3ea2118a5f7dad2b7138b1187a6b7ee55f160b9968b66013c3a3ef39dd7e5798?s=96&d=mm&r=g\",\"contentUrl\":\"https:\\\/\\\/secure.gravatar.com\\\/avatar\\\/3ea2118a5f7dad2b7138b1187a6b7ee55f160b9968b66013c3a3ef39dd7e5798?s=96&d=mm&r=g\",\"caption\":\"Jeanette\"},\"sameAs\":[\"https:\\\/\\\/www.eldiario.net\\\/portal\"],\"url\":\"https:\\\/\\\/www.eldiario.net\\\/portal\\\/author\\\/jeanette\\\/\"}]}<\/script>\n<!-- \/ Yoast SEO plugin. -->","yoast_head_json":{"title":"MASTALGIA, DOLOR MAMARIO - El Diario - Bolivia","robots":{"index":"index","follow":"follow","max-snippet":"max-snippet:-1","max-image-preview":"max-image-preview:large","max-video-preview":"max-video-preview:-1"},"canonical":"https:\/\/www.eldiario.net\/portal\/2024\/07\/14\/mastalgia-dolor-mamario\/","og_locale":"es_ES","og_type":"article","og_title":"MASTALGIA, DOLOR MAMARIO - El Diario - Bolivia","og_description":"Dr. \u00c1lvaro C\u00e1mara Ayuso \u2013 Gineco Obstetra \/ Oncolog\u00eda Ginecol\u00f3gica La mastalgia es conocida com\u00fanmente como \u201cDolor de mamas\u201d, afecta a la mayor\u00eda de las mujeres en alg\u00fan momento de sus vidas. Muchas temen que el dolor y la sensibilidad sean signos tempranos de c\u00e1ncer de mama, pero generalmente no es as\u00ed. Existen dos tipos [&hellip;]","og_url":"https:\/\/www.eldiario.net\/portal\/2024\/07\/14\/mastalgia-dolor-mamario\/","og_site_name":"El Diario - Bolivia","article_publisher":"https:\/\/www.facebook.com\/eldiario.bolivia\/","article_published_time":"2024-07-14T12:03:39+00:00","article_modified_time":"2024-07-14T12:03:47+00:00","og_image":[{"width":1200,"height":806,"url":"https:\/\/www.eldiario.net\/portal\/wp-content\/uploads\/2024\/07\/MASTALGIA-DOLOR-MAMARIO.jpg","type":"image\/jpeg"}],"author":"Jeanette","twitter_card":"summary_large_image","twitter_creator":"@eldiario_net","twitter_site":"@eldiario_net","twitter_misc":{"Escrito por":"Jeanette","Tiempo de lectura":"2 minutos"},"schema":{"@context":"https:\/\/schema.org","@graph":[{"@type":"Article","@id":"https:\/\/www.eldiario.net\/portal\/2024\/07\/14\/mastalgia-dolor-mamario\/#article","isPartOf":{"@id":"https:\/\/www.eldiario.net\/portal\/2024\/07\/14\/mastalgia-dolor-mamario\/"},"author":{"name":"Jeanette","@id":"https:\/\/www.eldiario.net\/portal\/#\/schema\/person\/f46445640444750d7d753ccd04ae01b7"},"headline":"MASTALGIA, DOLOR MAMARIO","datePublished":"2024-07-14T12:03:39+00:00","dateModified":"2024-07-14T12:03:47+00:00","mainEntityOfPage":{"@id":"https:\/\/www.eldiario.net\/portal\/2024\/07\/14\/mastalgia-dolor-mamario\/"},"wordCount":353,"commentCount":0,"publisher":{"@id":"https:\/\/www.eldiario.net\/portal\/#organization"},"image":{"@id":"https:\/\/www.eldiario.net\/portal\/2024\/07\/14\/mastalgia-dolor-mamario\/#primaryimage"},"thumbnailUrl":"https:\/\/www.eldiario.net\/portal\/wp-content\/uploads\/2024\/07\/MASTALGIA-DOLOR-MAMARIO.jpg","articleSection":["De Salud + vida"],"inLanguage":"es","potentialAction":[{"@type":"CommentAction","name":"Comment","target":["https:\/\/www.eldiario.net\/portal\/2024\/07\/14\/mastalgia-dolor-mamario\/#respond"]}]},{"@type":"WebPage","@id":"https:\/\/www.eldiario.net\/portal\/2024\/07\/14\/mastalgia-dolor-mamario\/","url":"https:\/\/www.eldiario.net\/portal\/2024\/07\/14\/mastalgia-dolor-mamario\/","name":"MASTALGIA, DOLOR MAMARIO - El Diario - Bolivia","isPartOf":{"@id":"https:\/\/www.eldiario.net\/portal\/#website"},"primaryImageOfPage":{"@id":"https:\/\/www.eldiario.net\/portal\/2024\/07\/14\/mastalgia-dolor-mamario\/#primaryimage"},"image":{"@id":"https:\/\/www.eldiario.net\/portal\/2024\/07\/14\/mastalgia-dolor-mamario\/#primaryimage"},"thumbnailUrl":"https:\/\/www.eldiario.net\/portal\/wp-content\/uploads\/2024\/07\/MASTALGIA-DOLOR-MAMARIO.jpg","datePublished":"2024-07-14T12:03:39+00:00","dateModified":"2024-07-14T12:03:47+00:00","breadcrumb":{"@id":"https:\/\/www.eldiario.net\/portal\/2024\/07\/14\/mastalgia-dolor-mamario\/#breadcrumb"},"inLanguage":"es","potentialAction":[{"@type":"ReadAction","target":["https:\/\/www.eldiario.net\/portal\/2024\/07\/14\/mastalgia-dolor-mamario\/"]}]},{"@type":"ImageObject","inLanguage":"es","@id":"https:\/\/www.eldiario.net\/portal\/2024\/07\/14\/mastalgia-dolor-mamario\/#primaryimage","url":"https:\/\/www.eldiario.net\/portal\/wp-content\/uploads\/2024\/07\/MASTALGIA-DOLOR-MAMARIO.jpg","contentUrl":"https:\/\/www.eldiario.net\/portal\/wp-content\/uploads\/2024\/07\/MASTALGIA-DOLOR-MAMARIO.jpg","width":1200,"height":806},{"@type":"BreadcrumbList","@id":"https:\/\/www.eldiario.net\/portal\/2024\/07\/14\/mastalgia-dolor-mamario\/#breadcrumb","itemListElement":[{"@type":"ListItem","position":1,"name":"Portada","item":"https:\/\/www.eldiario.net\/portal\/"},{"@type":"ListItem","position":2,"name":"MASTALGIA, DOLOR MAMARIO"}]},{"@type":"WebSite","@id":"https:\/\/www.eldiario.net\/portal\/#website","url":"https:\/\/www.eldiario.net\/portal\/","name":"El Diario - Decano de la prensa nacional","description":"El Diario - Decano de la prensa nacional","publisher":{"@id":"https:\/\/www.eldiario.net\/portal\/#organization"},"potentialAction":[{"@type":"SearchAction","target":{"@type":"EntryPoint","urlTemplate":"https:\/\/www.eldiario.net\/portal\/?s={search_term_string}"},"query-input":{"@type":"PropertyValueSpecification","valueRequired":true,"valueName":"search_term_string"}}],"inLanguage":"es"},{"@type":"Organization","@id":"https:\/\/www.eldiario.net\/portal\/#organization","name":"El Diario - Decano de la prensa nacional","url":"https:\/\/www.eldiario.net\/portal\/","logo":{"@type":"ImageObject","inLanguage":"es","@id":"https:\/\/www.eldiario.net\/portal\/#\/schema\/logo\/image\/","url":"https:\/\/www.eldiario.net\/portal\/wp-content\/uploads\/2023\/07\/logo_ED.jpg","contentUrl":"https:\/\/www.eldiario.net\/portal\/wp-content\/uploads\/2023\/07\/logo_ED.jpg","width":272,"height":52,"caption":"El Diario - Decano de la prensa nacional"},"image":{"@id":"https:\/\/www.eldiario.net\/portal\/#\/schema\/logo\/image\/"},"sameAs":["https:\/\/www.facebook.com\/eldiario.bolivia\/","https:\/\/x.com\/eldiario_net"]},{"@type":"Person","@id":"https:\/\/www.eldiario.net\/portal\/#\/schema\/person\/f46445640444750d7d753ccd04ae01b7","name":"Jeanette","image":{"@type":"ImageObject","inLanguage":"es","@id":"https:\/\/secure.gravatar.com\/avatar\/3ea2118a5f7dad2b7138b1187a6b7ee55f160b9968b66013c3a3ef39dd7e5798?s=96&d=mm&r=g","url":"https:\/\/secure.gravatar.com\/avatar\/3ea2118a5f7dad2b7138b1187a6b7ee55f160b9968b66013c3a3ef39dd7e5798?s=96&d=mm&r=g","contentUrl":"https:\/\/secure.gravatar.com\/avatar\/3ea2118a5f7dad2b7138b1187a6b7ee55f160b9968b66013c3a3ef39dd7e5798?s=96&d=mm&r=g","caption":"Jeanette"},"sameAs":["https:\/\/www.eldiario.net\/portal"],"url":"https:\/\/www.eldiario.net\/portal\/author\/jeanette\/"}]}},"_links":{"self":[{"href":"https:\/\/www.eldiario.net\/portal\/wp-json\/wp\/v2\/posts\/233891","targetHints":{"allow":["GET"]}}],"collection":[{"href":"https:\/\/www.eldiario.net\/portal\/wp-json\/wp\/v2\/posts"}],"about":[{"href":"https:\/\/www.eldiario.net\/portal\/wp-json\/wp\/v2\/types\/post"}],"author":[{"embeddable":true,"href":"https:\/\/www.eldiario.net\/portal\/wp-json\/wp\/v2\/users\/1"}],"replies":[{"embeddable":true,"href":"https:\/\/www.eldiario.net\/portal\/wp-json\/wp\/v2\/comments?post=233891"}],"version-history":[{"count":1,"href":"https:\/\/www.eldiario.net\/portal\/wp-json\/wp\/v2\/posts\/233891\/revisions"}],"predecessor-version":[{"id":233893,"href":"https:\/\/www.eldiario.net\/portal\/wp-json\/wp\/v2\/posts\/233891\/revisions\/233893"}],"wp:featuredmedia":[{"embeddable":true,"href":"https:\/\/www.eldiario.net\/portal\/wp-json\/wp\/v2\/media\/233892"}],"wp:attachment":[{"href":"https:\/\/www.eldiario.net\/portal\/wp-json\/wp\/v2\/media?parent=233891"}],"wp:term":[{"taxonomy":"category","embeddable":true,"href":"https:\/\/www.eldiario.net\/portal\/wp-json\/wp\/v2\/categories?post=233891"},{"taxonomy":"post_tag","embeddable":true,"href":"https:\/\/www.eldiario.net\/portal\/wp-json\/wp\/v2\/tags?post=233891"}],"curies":[{"name":"wp","href":"https:\/\/api.w.org\/{rel}","templated":true}]}}