{"id":233886,"date":"2024-07-14T08:02:46","date_gmt":"2024-07-14T12:02:46","guid":{"rendered":"https:\/\/www.eldiario.net\/portal\/?p=233886"},"modified":"2024-07-14T08:02:46","modified_gmt":"2024-07-14T12:02:46","slug":"propiedades-y-beneficiosas-de-la-uva-para-la-salud","status":"publish","type":"post","link":"https:\/\/www.eldiario.net\/portal\/2024\/07\/14\/propiedades-y-beneficiosas-de-la-uva-para-la-salud\/","title":{"rendered":"PROPIEDADES Y BENEFICIOSAS DE LA UVA PARA LA SALUD"},"content":{"rendered":"<p>La uva es un alimento con excelentes propiedades beneficiosas para la salud con una estupenda fuente de vitaminas y de sustancias terap\u00e9uticas. Fruta de la que existen muchas variedades, su uso tanto en fresco como en forma de vino la convierte en un fruto muy apreciado. Es un alimento con excelentes propiedades beneficiosas para la salud<br \/>\nLa uva contiene fundamentalmente agua (80%), hidratos de carbono (17%) f\u00e1cilmente asimilables, como glucosa, fructosa, sacarosa, dextrosa y levulosa, por lo que es una buena fuente de energ\u00eda. La uva negra aporta unas 110 calor\u00edas por cada cien gramos, mientras que la blanca unas 75. Debido a su alto contenido en hidratos de carbono, no son aconsejables en el caso de personas diab\u00e9ticas.<br \/>\nContiene algo de fibra (alrededor de un 1), en forma de celulosa, que ayuda a combatir el estre\u00f1imiento y pr\u00e1cticamente carece de otros tipos de nutrientes complejos como prote\u00ednas y grasas.<br \/>\nSin embargo, es una interesante fuente de vitaminas. Contiene todas las vitaminas del grupo B y, especialmente es rica en vitamina B6, de gran importancia para el sistema nervioso.<br \/>\nTambi\u00e9n aporta betacaroteno, precursor de la vitamina A, muy \u00fatil para una perfecta visi\u00f3n y protecci\u00f3n de las mucosas, adem\u00e1s de ser un excelente antioxidante.<br \/>\nEn cuanto a su contenido en vitamina C, si bien es cierto que su aporte es menor al de otras frutas como son los c\u00edtricos, se asimila muy bien gracias a la presencia de sustancias flavonoides, a las que se hace menci\u00f3n en el apartado posterior.<br \/>\nEn minerales, destaca por su contenido en potasio, magnesio, calcio, azufre, hierro, y tambi\u00e9n peque\u00f1as cantidades de cobre, manganeso y selenio.<br \/>\nBeneficios de la uva<br \/>\nLa uva, adem\u00e1s de nutrir, ejerce un efecto beneficioso sobre nuestro organismo debido a la presencia de sustancias no nutritivas pero muy saludables, como son:<br \/>\n\u2022\tResveratrol. Se trata de una sustancia presente sobre todo en la piel de la uva negra y roja, de acci\u00f3n antif\u00fangica (impide el crecimiento de hongos) y sobre todo antioxidante. Recientes investigaciones han puesto de manifiesto que adem\u00e1s posee propiedades anticancer\u00edgenas.<br \/>\n\u2022\tFlavonoides (como la quercitina), antocianos (pigmentos vegetales ausentes en las uvas blancas y verdes) y taninos, que act\u00faan como potentes antioxidantes, impidiendo los efectos del envejecimiento, as\u00ed como la oxidaci\u00f3n del colesterol y la formaci\u00f3n de trombos en las arterias.<br \/>\nEl gran valor terap\u00e9utico de la uva se explica en raz\u00f3n a su contenido en sustancias nutritivas:<br \/>\n\u2022\tEs un excelente laxante, que ayuda a combatir el estre\u00f1imiento, adem\u00e1s de equilibrar la flora intestinal, debido a su contenido en fibra.<br \/>\n\u2022\tProtege del c\u00e1ncer debido a la presencia de resveratrol.<br \/>\n\u2022\tRefuerza las defensas de nuestro organismo debido a su contenido en sustancias antioxidantes (resveratrol, flavonoides, antocianos y taninos).<br \/>\n\u2022\tRetarda el envejecimiento debido a la presencia de antioxidantes.<br \/>\n\u2022\tEs muy depurativa debido a su alto contenido en agua y fibra.<br \/>\n\u2022\tEs un remedio natural en casos de fatiga, anemia, estr\u00e9s f\u00edsico y mental por la acci\u00f3n tonificante de los az\u00facares y vitaminas que contiene.<br \/>\n\u2022\tPreviene de las enfermedades cardiovasculares debido a la presencia de flavonoides y resveratrol.<br \/>\n\r\n                <style type=\"text\/css\">\r\n                    \r\n                    #tdi_1  .td-doubleSlider-2 .td-item1 {\r\n                        background: url(https:\/\/www.eldiario.net\/portal\/wp-content\/uploads\/2024\/07\/Propiedades-y-beneficiosas-de-la-uva-para-la-salud-80x60.jpg) 0 0 no-repeat;\r\n                    }\r\n                    #tdi_1  .td-doubleSlider-2 .td-item2 {\r\n                        background: url(https:\/\/www.eldiario.net\/portal\/wp-content\/uploads\/2024\/07\/Propiedades-y-beneficiosas-de-la-uva-para-la-salud-2-80x60.jpg) 0 0 no-repeat;\r\n                    }\r\n                    #tdi_1  .td-doubleSlider-2 .td-item3 {\r\n                        background: url(https:\/\/www.eldiario.net\/portal\/wp-content\/uploads\/2024\/07\/Propiedades-y-beneficiosas-de-la-uva-para-la-salud-4-80x60.jpg) 0 0 no-repeat;\r\n                    }\r\n                <\/style>\r\n\r\n                <div id=\"tdi_1\" class=\"td-gallery td-slide-on-2-columns\">\r\n                    <div class=\"post_td_gallery\">\r\n                        <div class=\"td-gallery-slide-top\">\r\n                           <div class=\"td-gallery-title\"><\/div>\r\n\r\n                            <div class=\"td-gallery-controls-wrapper\">\r\n                                <div class=\"td-gallery-slide-count\"><span class=\"td-gallery-slide-item-focus\">1<\/span> de 3<\/div>\r\n                                <div class=\"td-gallery-slide-prev-next-but\">\r\n                                    <i class = \"td-icon-left doubleSliderPrevButton\"><\/i>\r\n                                    <i class = \"td-icon-right doubleSliderNextButton\"><\/i>\r\n                                <\/div>\r\n                            <\/div>\r\n                        <\/div>\r\n\r\n                        <div class = \"td-doubleSlider-1 \">\r\n                            <div class = \"td-slider\">\r\n                                \r\n                    <div class = \"td-slide-item td-item1\">\r\n                        <figure class=\"td-slide-galery-figure td-slide-popup-gallery\">\r\n                            <a class=\"slide-gallery-image-link\" href=\"https:\/\/www.eldiario.net\/portal\/wp-content\/uploads\/2024\/07\/Propiedades-y-beneficiosas-de-la-uva-para-la-salud.jpg\" title=\"Propiedades-y-beneficiosas-de-la-uva-para-la-salud\"  data-caption=\"\"  data-description=\"\">\r\n                                <img decoding=\"async\" src=\"https:\/\/www.eldiario.net\/portal\/wp-content\/uploads\/2024\/07\/Propiedades-y-beneficiosas-de-la-uva-para-la-salud-627x420.jpg\" srcset=\"https:\/\/www.eldiario.net\/portal\/wp-content\/uploads\/2024\/07\/Propiedades-y-beneficiosas-de-la-uva-para-la-salud-627x420.jpg 627w, https:\/\/www.eldiario.net\/portal\/wp-content\/uploads\/2024\/07\/Propiedades-y-beneficiosas-de-la-uva-para-la-salud-300x201.jpg 300w, https:\/\/www.eldiario.net\/portal\/wp-content\/uploads\/2024\/07\/Propiedades-y-beneficiosas-de-la-uva-para-la-salud-1024x686.jpg 1024w, https:\/\/www.eldiario.net\/portal\/wp-content\/uploads\/2024\/07\/Propiedades-y-beneficiosas-de-la-uva-para-la-salud-768x515.jpg 768w, https:\/\/www.eldiario.net\/portal\/wp-content\/uploads\/2024\/07\/Propiedades-y-beneficiosas-de-la-uva-para-la-salud-696x466.jpg 696w, https:\/\/www.eldiario.net\/portal\/wp-content\/uploads\/2024\/07\/Propiedades-y-beneficiosas-de-la-uva-para-la-salud-1068x716.jpg 1068w, https:\/\/www.eldiario.net\/portal\/wp-content\/uploads\/2024\/07\/Propiedades-y-beneficiosas-de-la-uva-para-la-salud.jpg 1200w\" sizes=\"(max-width: 627px) 100vw, 627px\" alt=\"\">\r\n                            <\/a>\r\n                            \r\n                        <\/figure>\r\n                    <\/div>\r\n                    <div class = \"td-slide-item td-item2\">\r\n                        <figure class=\"td-slide-galery-figure td-slide-popup-gallery\">\r\n                            <a class=\"slide-gallery-image-link\" href=\"https:\/\/www.eldiario.net\/portal\/wp-content\/uploads\/2024\/07\/Propiedades-y-beneficiosas-de-la-uva-para-la-salud-2.jpg\" title=\"Propiedades-y-beneficiosas-de-la-uva-para-la-salud-(2)\"  data-caption=\"\"  data-description=\"\">\r\n                                <img decoding=\"async\" src=\"https:\/\/www.eldiario.net\/portal\/wp-content\/uploads\/2024\/07\/Propiedades-y-beneficiosas-de-la-uva-para-la-salud-2-335x420.jpg\" srcset=\"https:\/\/www.eldiario.net\/portal\/wp-content\/uploads\/2024\/07\/Propiedades-y-beneficiosas-de-la-uva-para-la-salud-2-335x420.jpg 335w, https:\/\/www.eldiario.net\/portal\/wp-content\/uploads\/2024\/07\/Propiedades-y-beneficiosas-de-la-uva-para-la-salud-2-239x300.jpg 239w, https:\/\/www.eldiario.net\/portal\/wp-content\/uploads\/2024\/07\/Propiedades-y-beneficiosas-de-la-uva-para-la-salud-2-816x1024.jpg 816w, https:\/\/www.eldiario.net\/portal\/wp-content\/uploads\/2024\/07\/Propiedades-y-beneficiosas-de-la-uva-para-la-salud-2-768x964.jpg 768w, https:\/\/www.eldiario.net\/portal\/wp-content\/uploads\/2024\/07\/Propiedades-y-beneficiosas-de-la-uva-para-la-salud-2-696x873.jpg 696w, https:\/\/www.eldiario.net\/portal\/wp-content\/uploads\/2024\/07\/Propiedades-y-beneficiosas-de-la-uva-para-la-salud-2-1068x1340.jpg 1068w, https:\/\/www.eldiario.net\/portal\/wp-content\/uploads\/2024\/07\/Propiedades-y-beneficiosas-de-la-uva-para-la-salud-2.jpg 1200w\" sizes=\"(max-width: 335px) 100vw, 335px\" alt=\"\">\r\n                            <\/a>\r\n                            \r\n                        <\/figure>\r\n                    <\/div>\r\n                    <div class = \"td-slide-item td-item3\">\r\n                        <figure class=\"td-slide-galery-figure td-slide-popup-gallery\">\r\n                            <a class=\"slide-gallery-image-link\" href=\"https:\/\/www.eldiario.net\/portal\/wp-content\/uploads\/2024\/07\/Propiedades-y-beneficiosas-de-la-uva-para-la-salud-4.jpg\" title=\"Propiedades-y-beneficiosas-de-la-uva-para-la-salud-(4)\"  data-caption=\"\"  data-description=\"\">\r\n                                <img decoding=\"async\" src=\"https:\/\/www.eldiario.net\/portal\/wp-content\/uploads\/2024\/07\/Propiedades-y-beneficiosas-de-la-uva-para-la-salud-4-317x420.jpg\" srcset=\"https:\/\/www.eldiario.net\/portal\/wp-content\/uploads\/2024\/07\/Propiedades-y-beneficiosas-de-la-uva-para-la-salud-4-317x420.jpg 317w, https:\/\/www.eldiario.net\/portal\/wp-content\/uploads\/2024\/07\/Propiedades-y-beneficiosas-de-la-uva-para-la-salud-4-226x300.jpg 226w, https:\/\/www.eldiario.net\/portal\/wp-content\/uploads\/2024\/07\/Propiedades-y-beneficiosas-de-la-uva-para-la-salud-4-773x1024.jpg 773w, https:\/\/www.eldiario.net\/portal\/wp-content\/uploads\/2024\/07\/Propiedades-y-beneficiosas-de-la-uva-para-la-salud-4-768x1018.jpg 768w, https:\/\/www.eldiario.net\/portal\/wp-content\/uploads\/2024\/07\/Propiedades-y-beneficiosas-de-la-uva-para-la-salud-4-696x922.jpg 696w, https:\/\/www.eldiario.net\/portal\/wp-content\/uploads\/2024\/07\/Propiedades-y-beneficiosas-de-la-uva-para-la-salud-4.jpg 1040w\" sizes=\"(max-width: 317px) 100vw, 317px\" alt=\"\">\r\n                            <\/a>\r\n                            \r\n                        <\/figure>\r\n                    <\/div>\r\n                            <\/div>\r\n                        <\/div>\r\n\r\n                        <div class = \"td-doubleSlider-2\">\r\n                            <div class = \"td-slider\">\r\n                                \r\n                    <div class = \"td-button td-item1\">\r\n                        <div class = \"td-border\"><\/div>\r\n                    <\/div>\r\n                    <div class = \"td-button td-item2\">\r\n                        <div class = \"td-border\"><\/div>\r\n                    <\/div>\r\n                    <div class = \"td-button td-item3\">\r\n                        <div class = \"td-border\"><\/div>\r\n                    <\/div>\r\n                            <\/div>\r\n                        <\/div>\r\n\r\n                    <\/div>\r\n\r\n                <\/div>\r\n                <\/p>\n","protected":false},"excerpt":{"rendered":"<p>La uva es un alimento con excelentes propiedades beneficiosas para la salud con una estupenda fuente de vitaminas y de sustancias terap\u00e9uticas. Fruta de la que existen muchas variedades, su uso tanto en fresco como en forma de vino la convierte en un fruto muy apreciado. Es un alimento con excelentes propiedades beneficiosas para la [&hellip;]<\/p>\n","protected":false},"author":1,"featured_media":233887,"comment_status":"open","ping_status":"open","sticky":false,"template":"","format":"standard","meta":{"_acf_changed":false,"footnotes":""},"categories":[52],"tags":[],"class_list":["post-233886","post","type-post","status-publish","format-standard","has-post-thumbnail","category-de-salud-mas-vida"],"acf":{"antetitulo":""},"yoast_head":"<!-- This site is optimized with the Yoast SEO plugin v28.3 - https:\/\/yoast.com\/product\/yoast-seo-wordpress\/ -->\n<title>PROPIEDADES Y BENEFICIOSAS DE LA UVA PARA LA SALUD - El Diario - Bolivia<\/title>\n<meta name=\"robots\" content=\"index, follow, max-snippet:-1, max-image-preview:large, max-video-preview:-1\" \/>\n<link rel=\"canonical\" href=\"https:\/\/www.eldiario.net\/portal\/2024\/07\/14\/propiedades-y-beneficiosas-de-la-uva-para-la-salud\/\" \/>\n<meta property=\"og:locale\" content=\"es_ES\" \/>\n<meta property=\"og:type\" content=\"article\" \/>\n<meta property=\"og:title\" content=\"PROPIEDADES Y BENEFICIOSAS DE LA UVA PARA LA SALUD - El Diario - Bolivia\" \/>\n<meta property=\"og:description\" content=\"La uva es un alimento con excelentes propiedades beneficiosas para la salud con una estupenda fuente de vitaminas y de sustancias terap\u00e9uticas. Fruta de la que existen muchas variedades, su uso tanto en fresco como en forma de vino la convierte en un fruto muy apreciado. Es un alimento con excelentes propiedades beneficiosas para la [&hellip;]\" \/>\n<meta property=\"og:url\" content=\"https:\/\/www.eldiario.net\/portal\/2024\/07\/14\/propiedades-y-beneficiosas-de-la-uva-para-la-salud\/\" \/>\n<meta property=\"og:site_name\" content=\"El Diario - Bolivia\" \/>\n<meta property=\"article:publisher\" content=\"https:\/\/www.facebook.com\/eldiario.bolivia\/\" \/>\n<meta property=\"article:published_time\" content=\"2024-07-14T12:02:46+00:00\" \/>\n<meta property=\"og:image\" content=\"https:\/\/www.eldiario.net\/portal\/wp-content\/uploads\/2024\/07\/Propiedades-y-beneficiosas-de-la-uva-para-la-salud.jpg\" \/>\n\t<meta property=\"og:image:width\" content=\"1200\" \/>\n\t<meta property=\"og:image:height\" content=\"804\" \/>\n\t<meta property=\"og:image:type\" content=\"image\/jpeg\" \/>\n<meta name=\"author\" content=\"Jeanette\" \/>\n<meta name=\"twitter:card\" content=\"summary_large_image\" \/>\n<meta name=\"twitter:creator\" content=\"@eldiario_net\" \/>\n<meta name=\"twitter:site\" content=\"@eldiario_net\" \/>\n<meta name=\"twitter:label1\" content=\"Escrito por\" \/>\n\t<meta name=\"twitter:data1\" content=\"Jeanette\" \/>\n\t<meta name=\"twitter:label2\" content=\"Tiempo de lectura\" \/>\n\t<meta name=\"twitter:data2\" content=\"1 minuto\" \/>\n<script type=\"application\/ld+json\" class=\"yoast-schema-graph\">{\"@context\":\"https:\\\/\\\/schema.org\",\"@graph\":[{\"@type\":\"Article\",\"@id\":\"https:\\\/\\\/www.eldiario.net\\\/portal\\\/2024\\\/07\\\/14\\\/propiedades-y-beneficiosas-de-la-uva-para-la-salud\\\/#article\",\"isPartOf\":{\"@id\":\"https:\\\/\\\/www.eldiario.net\\\/portal\\\/2024\\\/07\\\/14\\\/propiedades-y-beneficiosas-de-la-uva-para-la-salud\\\/\"},\"author\":{\"name\":\"Jeanette\",\"@id\":\"https:\\\/\\\/www.eldiario.net\\\/portal\\\/#\\\/schema\\\/person\\\/f46445640444750d7d753ccd04ae01b7\"},\"headline\":\"PROPIEDADES Y BENEFICIOSAS DE LA UVA PARA LA SALUD\",\"datePublished\":\"2024-07-14T12:02:46+00:00\",\"mainEntityOfPage\":{\"@id\":\"https:\\\/\\\/www.eldiario.net\\\/portal\\\/2024\\\/07\\\/14\\\/propiedades-y-beneficiosas-de-la-uva-para-la-salud\\\/\"},\"wordCount\":551,\"commentCount\":0,\"publisher\":{\"@id\":\"https:\\\/\\\/www.eldiario.net\\\/portal\\\/#organization\"},\"image\":{\"@id\":\"https:\\\/\\\/www.eldiario.net\\\/portal\\\/2024\\\/07\\\/14\\\/propiedades-y-beneficiosas-de-la-uva-para-la-salud\\\/#primaryimage\"},\"thumbnailUrl\":\"https:\\\/\\\/www.eldiario.net\\\/portal\\\/wp-content\\\/uploads\\\/2024\\\/07\\\/Propiedades-y-beneficiosas-de-la-uva-para-la-salud.jpg\",\"articleSection\":[\"De Salud + vida\"],\"inLanguage\":\"es\",\"potentialAction\":[{\"@type\":\"CommentAction\",\"name\":\"Comment\",\"target\":[\"https:\\\/\\\/www.eldiario.net\\\/portal\\\/2024\\\/07\\\/14\\\/propiedades-y-beneficiosas-de-la-uva-para-la-salud\\\/#respond\"]}]},{\"@type\":\"WebPage\",\"@id\":\"https:\\\/\\\/www.eldiario.net\\\/portal\\\/2024\\\/07\\\/14\\\/propiedades-y-beneficiosas-de-la-uva-para-la-salud\\\/\",\"url\":\"https:\\\/\\\/www.eldiario.net\\\/portal\\\/2024\\\/07\\\/14\\\/propiedades-y-beneficiosas-de-la-uva-para-la-salud\\\/\",\"name\":\"PROPIEDADES Y BENEFICIOSAS DE LA UVA PARA LA SALUD - El Diario - Bolivia\",\"isPartOf\":{\"@id\":\"https:\\\/\\\/www.eldiario.net\\\/portal\\\/#website\"},\"primaryImageOfPage\":{\"@id\":\"https:\\\/\\\/www.eldiario.net\\\/portal\\\/2024\\\/07\\\/14\\\/propiedades-y-beneficiosas-de-la-uva-para-la-salud\\\/#primaryimage\"},\"image\":{\"@id\":\"https:\\\/\\\/www.eldiario.net\\\/portal\\\/2024\\\/07\\\/14\\\/propiedades-y-beneficiosas-de-la-uva-para-la-salud\\\/#primaryimage\"},\"thumbnailUrl\":\"https:\\\/\\\/www.eldiario.net\\\/portal\\\/wp-content\\\/uploads\\\/2024\\\/07\\\/Propiedades-y-beneficiosas-de-la-uva-para-la-salud.jpg\",\"datePublished\":\"2024-07-14T12:02:46+00:00\",\"breadcrumb\":{\"@id\":\"https:\\\/\\\/www.eldiario.net\\\/portal\\\/2024\\\/07\\\/14\\\/propiedades-y-beneficiosas-de-la-uva-para-la-salud\\\/#breadcrumb\"},\"inLanguage\":\"es\",\"potentialAction\":[{\"@type\":\"ReadAction\",\"target\":[\"https:\\\/\\\/www.eldiario.net\\\/portal\\\/2024\\\/07\\\/14\\\/propiedades-y-beneficiosas-de-la-uva-para-la-salud\\\/\"]}]},{\"@type\":\"ImageObject\",\"inLanguage\":\"es\",\"@id\":\"https:\\\/\\\/www.eldiario.net\\\/portal\\\/2024\\\/07\\\/14\\\/propiedades-y-beneficiosas-de-la-uva-para-la-salud\\\/#primaryimage\",\"url\":\"https:\\\/\\\/www.eldiario.net\\\/portal\\\/wp-content\\\/uploads\\\/2024\\\/07\\\/Propiedades-y-beneficiosas-de-la-uva-para-la-salud.jpg\",\"contentUrl\":\"https:\\\/\\\/www.eldiario.net\\\/portal\\\/wp-content\\\/uploads\\\/2024\\\/07\\\/Propiedades-y-beneficiosas-de-la-uva-para-la-salud.jpg\",\"width\":1200,\"height\":804},{\"@type\":\"BreadcrumbList\",\"@id\":\"https:\\\/\\\/www.eldiario.net\\\/portal\\\/2024\\\/07\\\/14\\\/propiedades-y-beneficiosas-de-la-uva-para-la-salud\\\/#breadcrumb\",\"itemListElement\":[{\"@type\":\"ListItem\",\"position\":1,\"name\":\"Portada\",\"item\":\"https:\\\/\\\/www.eldiario.net\\\/portal\\\/\"},{\"@type\":\"ListItem\",\"position\":2,\"name\":\"PROPIEDADES Y BENEFICIOSAS DE LA UVA PARA LA SALUD\"}]},{\"@type\":\"WebSite\",\"@id\":\"https:\\\/\\\/www.eldiario.net\\\/portal\\\/#website\",\"url\":\"https:\\\/\\\/www.eldiario.net\\\/portal\\\/\",\"name\":\"El Diario - Decano de la prensa nacional\",\"description\":\"El Diario - Decano de la prensa nacional\",\"publisher\":{\"@id\":\"https:\\\/\\\/www.eldiario.net\\\/portal\\\/#organization\"},\"potentialAction\":[{\"@type\":\"SearchAction\",\"target\":{\"@type\":\"EntryPoint\",\"urlTemplate\":\"https:\\\/\\\/www.eldiario.net\\\/portal\\\/?s={search_term_string}\"},\"query-input\":{\"@type\":\"PropertyValueSpecification\",\"valueRequired\":true,\"valueName\":\"search_term_string\"}}],\"inLanguage\":\"es\"},{\"@type\":\"Organization\",\"@id\":\"https:\\\/\\\/www.eldiario.net\\\/portal\\\/#organization\",\"name\":\"El Diario - Decano de la prensa nacional\",\"url\":\"https:\\\/\\\/www.eldiario.net\\\/portal\\\/\",\"logo\":{\"@type\":\"ImageObject\",\"inLanguage\":\"es\",\"@id\":\"https:\\\/\\\/www.eldiario.net\\\/portal\\\/#\\\/schema\\\/logo\\\/image\\\/\",\"url\":\"https:\\\/\\\/www.eldiario.net\\\/portal\\\/wp-content\\\/uploads\\\/2023\\\/07\\\/logo_ED.jpg\",\"contentUrl\":\"https:\\\/\\\/www.eldiario.net\\\/portal\\\/wp-content\\\/uploads\\\/2023\\\/07\\\/logo_ED.jpg\",\"width\":272,\"height\":52,\"caption\":\"El Diario - Decano de la prensa nacional\"},\"image\":{\"@id\":\"https:\\\/\\\/www.eldiario.net\\\/portal\\\/#\\\/schema\\\/logo\\\/image\\\/\"},\"sameAs\":[\"https:\\\/\\\/www.facebook.com\\\/eldiario.bolivia\\\/\",\"https:\\\/\\\/x.com\\\/eldiario_net\"]},{\"@type\":\"Person\",\"@id\":\"https:\\\/\\\/www.eldiario.net\\\/portal\\\/#\\\/schema\\\/person\\\/f46445640444750d7d753ccd04ae01b7\",\"name\":\"Jeanette\",\"image\":{\"@type\":\"ImageObject\",\"inLanguage\":\"es\",\"@id\":\"https:\\\/\\\/secure.gravatar.com\\\/avatar\\\/3ea2118a5f7dad2b7138b1187a6b7ee55f160b9968b66013c3a3ef39dd7e5798?s=96&d=mm&r=g\",\"url\":\"https:\\\/\\\/secure.gravatar.com\\\/avatar\\\/3ea2118a5f7dad2b7138b1187a6b7ee55f160b9968b66013c3a3ef39dd7e5798?s=96&d=mm&r=g\",\"contentUrl\":\"https:\\\/\\\/secure.gravatar.com\\\/avatar\\\/3ea2118a5f7dad2b7138b1187a6b7ee55f160b9968b66013c3a3ef39dd7e5798?s=96&d=mm&r=g\",\"caption\":\"Jeanette\"},\"sameAs\":[\"https:\\\/\\\/www.eldiario.net\\\/portal\"],\"url\":\"https:\\\/\\\/www.eldiario.net\\\/portal\\\/author\\\/jeanette\\\/\"}]}<\/script>\n<!-- \/ Yoast SEO plugin. -->","yoast_head_json":{"title":"PROPIEDADES Y BENEFICIOSAS DE LA UVA PARA LA SALUD - El Diario - Bolivia","robots":{"index":"index","follow":"follow","max-snippet":"max-snippet:-1","max-image-preview":"max-image-preview:large","max-video-preview":"max-video-preview:-1"},"canonical":"https:\/\/www.eldiario.net\/portal\/2024\/07\/14\/propiedades-y-beneficiosas-de-la-uva-para-la-salud\/","og_locale":"es_ES","og_type":"article","og_title":"PROPIEDADES Y BENEFICIOSAS DE LA UVA PARA LA SALUD - El Diario - Bolivia","og_description":"La uva es un alimento con excelentes propiedades beneficiosas para la salud con una estupenda fuente de vitaminas y de sustancias terap\u00e9uticas. Fruta de la que existen muchas variedades, su uso tanto en fresco como en forma de vino la convierte en un fruto muy apreciado. Es un alimento con excelentes propiedades beneficiosas para la [&hellip;]","og_url":"https:\/\/www.eldiario.net\/portal\/2024\/07\/14\/propiedades-y-beneficiosas-de-la-uva-para-la-salud\/","og_site_name":"El Diario - Bolivia","article_publisher":"https:\/\/www.facebook.com\/eldiario.bolivia\/","article_published_time":"2024-07-14T12:02:46+00:00","og_image":[{"width":1200,"height":804,"url":"https:\/\/www.eldiario.net\/portal\/wp-content\/uploads\/2024\/07\/Propiedades-y-beneficiosas-de-la-uva-para-la-salud.jpg","type":"image\/jpeg"}],"author":"Jeanette","twitter_card":"summary_large_image","twitter_creator":"@eldiario_net","twitter_site":"@eldiario_net","twitter_misc":{"Escrito por":"Jeanette","Tiempo de lectura":"1 minuto"},"schema":{"@context":"https:\/\/schema.org","@graph":[{"@type":"Article","@id":"https:\/\/www.eldiario.net\/portal\/2024\/07\/14\/propiedades-y-beneficiosas-de-la-uva-para-la-salud\/#article","isPartOf":{"@id":"https:\/\/www.eldiario.net\/portal\/2024\/07\/14\/propiedades-y-beneficiosas-de-la-uva-para-la-salud\/"},"author":{"name":"Jeanette","@id":"https:\/\/www.eldiario.net\/portal\/#\/schema\/person\/f46445640444750d7d753ccd04ae01b7"},"headline":"PROPIEDADES Y BENEFICIOSAS DE LA UVA PARA LA SALUD","datePublished":"2024-07-14T12:02:46+00:00","mainEntityOfPage":{"@id":"https:\/\/www.eldiario.net\/portal\/2024\/07\/14\/propiedades-y-beneficiosas-de-la-uva-para-la-salud\/"},"wordCount":551,"commentCount":0,"publisher":{"@id":"https:\/\/www.eldiario.net\/portal\/#organization"},"image":{"@id":"https:\/\/www.eldiario.net\/portal\/2024\/07\/14\/propiedades-y-beneficiosas-de-la-uva-para-la-salud\/#primaryimage"},"thumbnailUrl":"https:\/\/www.eldiario.net\/portal\/wp-content\/uploads\/2024\/07\/Propiedades-y-beneficiosas-de-la-uva-para-la-salud.jpg","articleSection":["De Salud + vida"],"inLanguage":"es","potentialAction":[{"@type":"CommentAction","name":"Comment","target":["https:\/\/www.eldiario.net\/portal\/2024\/07\/14\/propiedades-y-beneficiosas-de-la-uva-para-la-salud\/#respond"]}]},{"@type":"WebPage","@id":"https:\/\/www.eldiario.net\/portal\/2024\/07\/14\/propiedades-y-beneficiosas-de-la-uva-para-la-salud\/","url":"https:\/\/www.eldiario.net\/portal\/2024\/07\/14\/propiedades-y-beneficiosas-de-la-uva-para-la-salud\/","name":"PROPIEDADES Y BENEFICIOSAS DE LA UVA PARA LA SALUD - El Diario - Bolivia","isPartOf":{"@id":"https:\/\/www.eldiario.net\/portal\/#website"},"primaryImageOfPage":{"@id":"https:\/\/www.eldiario.net\/portal\/2024\/07\/14\/propiedades-y-beneficiosas-de-la-uva-para-la-salud\/#primaryimage"},"image":{"@id":"https:\/\/www.eldiario.net\/portal\/2024\/07\/14\/propiedades-y-beneficiosas-de-la-uva-para-la-salud\/#primaryimage"},"thumbnailUrl":"https:\/\/www.eldiario.net\/portal\/wp-content\/uploads\/2024\/07\/Propiedades-y-beneficiosas-de-la-uva-para-la-salud.jpg","datePublished":"2024-07-14T12:02:46+00:00","breadcrumb":{"@id":"https:\/\/www.eldiario.net\/portal\/2024\/07\/14\/propiedades-y-beneficiosas-de-la-uva-para-la-salud\/#breadcrumb"},"inLanguage":"es","potentialAction":[{"@type":"ReadAction","target":["https:\/\/www.eldiario.net\/portal\/2024\/07\/14\/propiedades-y-beneficiosas-de-la-uva-para-la-salud\/"]}]},{"@type":"ImageObject","inLanguage":"es","@id":"https:\/\/www.eldiario.net\/portal\/2024\/07\/14\/propiedades-y-beneficiosas-de-la-uva-para-la-salud\/#primaryimage","url":"https:\/\/www.eldiario.net\/portal\/wp-content\/uploads\/2024\/07\/Propiedades-y-beneficiosas-de-la-uva-para-la-salud.jpg","contentUrl":"https:\/\/www.eldiario.net\/portal\/wp-content\/uploads\/2024\/07\/Propiedades-y-beneficiosas-de-la-uva-para-la-salud.jpg","width":1200,"height":804},{"@type":"BreadcrumbList","@id":"https:\/\/www.eldiario.net\/portal\/2024\/07\/14\/propiedades-y-beneficiosas-de-la-uva-para-la-salud\/#breadcrumb","itemListElement":[{"@type":"ListItem","position":1,"name":"Portada","item":"https:\/\/www.eldiario.net\/portal\/"},{"@type":"ListItem","position":2,"name":"PROPIEDADES Y BENEFICIOSAS DE LA UVA PARA LA SALUD"}]},{"@type":"WebSite","@id":"https:\/\/www.eldiario.net\/portal\/#website","url":"https:\/\/www.eldiario.net\/portal\/","name":"El Diario - Decano de la prensa nacional","description":"El Diario - Decano de la prensa nacional","publisher":{"@id":"https:\/\/www.eldiario.net\/portal\/#organization"},"potentialAction":[{"@type":"SearchAction","target":{"@type":"EntryPoint","urlTemplate":"https:\/\/www.eldiario.net\/portal\/?s={search_term_string}"},"query-input":{"@type":"PropertyValueSpecification","valueRequired":true,"valueName":"search_term_string"}}],"inLanguage":"es"},{"@type":"Organization","@id":"https:\/\/www.eldiario.net\/portal\/#organization","name":"El Diario - Decano de la prensa nacional","url":"https:\/\/www.eldiario.net\/portal\/","logo":{"@type":"ImageObject","inLanguage":"es","@id":"https:\/\/www.eldiario.net\/portal\/#\/schema\/logo\/image\/","url":"https:\/\/www.eldiario.net\/portal\/wp-content\/uploads\/2023\/07\/logo_ED.jpg","contentUrl":"https:\/\/www.eldiario.net\/portal\/wp-content\/uploads\/2023\/07\/logo_ED.jpg","width":272,"height":52,"caption":"El Diario - Decano de la prensa nacional"},"image":{"@id":"https:\/\/www.eldiario.net\/portal\/#\/schema\/logo\/image\/"},"sameAs":["https:\/\/www.facebook.com\/eldiario.bolivia\/","https:\/\/x.com\/eldiario_net"]},{"@type":"Person","@id":"https:\/\/www.eldiario.net\/portal\/#\/schema\/person\/f46445640444750d7d753ccd04ae01b7","name":"Jeanette","image":{"@type":"ImageObject","inLanguage":"es","@id":"https:\/\/secure.gravatar.com\/avatar\/3ea2118a5f7dad2b7138b1187a6b7ee55f160b9968b66013c3a3ef39dd7e5798?s=96&d=mm&r=g","url":"https:\/\/secure.gravatar.com\/avatar\/3ea2118a5f7dad2b7138b1187a6b7ee55f160b9968b66013c3a3ef39dd7e5798?s=96&d=mm&r=g","contentUrl":"https:\/\/secure.gravatar.com\/avatar\/3ea2118a5f7dad2b7138b1187a6b7ee55f160b9968b66013c3a3ef39dd7e5798?s=96&d=mm&r=g","caption":"Jeanette"},"sameAs":["https:\/\/www.eldiario.net\/portal"],"url":"https:\/\/www.eldiario.net\/portal\/author\/jeanette\/"}]}},"_links":{"self":[{"href":"https:\/\/www.eldiario.net\/portal\/wp-json\/wp\/v2\/posts\/233886","targetHints":{"allow":["GET"]}}],"collection":[{"href":"https:\/\/www.eldiario.net\/portal\/wp-json\/wp\/v2\/posts"}],"about":[{"href":"https:\/\/www.eldiario.net\/portal\/wp-json\/wp\/v2\/types\/post"}],"author":[{"embeddable":true,"href":"https:\/\/www.eldiario.net\/portal\/wp-json\/wp\/v2\/users\/1"}],"replies":[{"embeddable":true,"href":"https:\/\/www.eldiario.net\/portal\/wp-json\/wp\/v2\/comments?post=233886"}],"version-history":[{"count":1,"href":"https:\/\/www.eldiario.net\/portal\/wp-json\/wp\/v2\/posts\/233886\/revisions"}],"predecessor-version":[{"id":233890,"href":"https:\/\/www.eldiario.net\/portal\/wp-json\/wp\/v2\/posts\/233886\/revisions\/233890"}],"wp:featuredmedia":[{"embeddable":true,"href":"https:\/\/www.eldiario.net\/portal\/wp-json\/wp\/v2\/media\/233887"}],"wp:attachment":[{"href":"https:\/\/www.eldiario.net\/portal\/wp-json\/wp\/v2\/media?parent=233886"}],"wp:term":[{"taxonomy":"category","embeddable":true,"href":"https:\/\/www.eldiario.net\/portal\/wp-json\/wp\/v2\/categories?post=233886"},{"taxonomy":"post_tag","embeddable":true,"href":"https:\/\/www.eldiario.net\/portal\/wp-json\/wp\/v2\/tags?post=233886"}],"curies":[{"name":"wp","href":"https:\/\/api.w.org\/{rel}","templated":true}]}}