{"id":23376,"date":"2021-08-14T05:47:55","date_gmt":"2021-08-14T09:47:55","guid":{"rendered":"https:\/\/www.eldiario.net\/portal\/?p=23376"},"modified":"2021-08-14T05:47:55","modified_gmt":"2021-08-14T09:47:55","slug":"mami-mami-gritaba-el-hijo-de-anez-implorando-por-un-abrazo","status":"publish","type":"post","link":"https:\/\/www.eldiario.net\/portal\/2021\/08\/14\/mami-mami-gritaba-el-hijo-de-anez-implorando-por-un-abrazo\/","title":{"rendered":"\u00a1Mami, mami! gritaba el hijo de  \u00c1\u00f1ez, implorando por un abrazo"},"content":{"rendered":"<p>\u201c\u00a1Mami, mami, es mi madre!\u201d, grit\u00f3 Jos\u00e9 Ribera, el hijo de la expresidente Jeanine \u00c1\u00f1ez, quien al escucharlo respondi\u00f3 desesperada: \u201ces mi hijo, d\u00e9jenlo venir\u201d, mientras era subida por efectivos policiales a una ambulancia que la traslad\u00f3 hasta el Hospital del T\u00f3rax. La exmandataria fue enviada con detenci\u00f3n preventiva el pasado 14 de marzo por la jueza Regina Santa Cruz.<br \/>\nEran las 15.03 del 13 de agosto de 2021, se abr\u00edan las puertas del Centro de Orientaci\u00f3n Femenina de Miraflores y se ve\u00eda a la expresidenta saliendo en una silla de ruedas y sumamente custodiada por efectivos del orden. Jos\u00e9 quiso acercarse a darle un abrazo pero fue impedido, de impotencia grit\u00f3: \u201c\u00a1Mami, mami, es mi madre!\u201d.<br \/>\nPor la ma\u00f1ana, un Juzgado hab\u00eda ordenado que la exmandataria sea trasladada a la Cl\u00ednica Alemana para una valoraci\u00f3n m\u00e9dica. La orden dec\u00eda que el permiso era de 14.00 a 16.00 horas. Desde primeras horas de la jornada, los hijos de la expresidenta hac\u00edan vigilia en puertas del Centro de Orientaci\u00f3n Femenina de Miraflores, esperando que se cumpla la orden judicial.<br \/>\nCarolina Ribera vigilaba la puerta principal del recinto penitenciario, mientras Jos\u00e9 estaba en el ingreso posterior, por donde la exdignataria sali\u00f3.<br \/>\nUna vez que la expresidenta subi\u00f3 a la ambulancia, esta arranc\u00f3 escoltada por al menos tres motorizados de la Polic\u00eda, de inicio la familia y los abogados que la patrocinan dijeron que era conducida a la Cl\u00ednica Alemana, empero para sorpresa de todos, incluida la prensa que hac\u00eda el seguimiento al caso, el destino fue el Hospital del T\u00f3rax donde el jueves ya tuvo una valoraci\u00f3n.<br \/>\nUna vez que lleg\u00f3 al nosocomio, los uniformados impidieron el ingreso de la hija de \u00c1\u00f1ez, quien pidi\u00f3 acompa\u00f1arla en consulta para interiorizarse de los estudios que le practicar\u00edan y apoyarla en necesidades b\u00e1sicas que las mujeres tienen cuando asisten a una consulta, empero no la dejaron.<br \/>\nEl art\u00edculo 7, inciso 9 de la Ley 348 para Garantizar a las Mujeres una Vida Libre de Violencia, se\u00f1ala: \u201cViolencia en Servicios de Salud. Es toda acci\u00f3n discriminadora, humillante y deshumanizada y que omite, niega o restringe el acceso a la atenci\u00f3n eficaz e inmediata y a la informaci\u00f3n oportuna por parte del personal de salud, poniendo en riesgo la vida y la salud de las mujeres\u201d.<\/p>\n<p>INCUMPLEN<br \/>\nORDEN JUDICIAL<br \/>\nLa ma\u00f1ana de ayer, el Juzgado de Instrucci\u00f3n Anticorrupci\u00f3n y contra la Violencia hacia la Mujer 2 emiti\u00f3 una orden de salida judicial para que la expresidenta sea conducida a la Cl\u00ednica Alemana, ubicado en la 6 de Agosto de la ciudad de La Paz, R\u00e9gimen Penitenciario la traslad\u00f3 al Hospital del T\u00f3rax de la zona de Miraflores.<br \/>\n\u201cSe tiene ordenada la conducci\u00f3n de la interna Jeanine \u00c1\u00f1ez (\u2026) para que sea conducida a la Cl\u00ednica Alemana, en la avenida 6 de Agosto de la ciudad de La Paz de 14.00 a 16.00\u201d, indica la orden judicial.<br \/>\n\u201cLa han tra\u00eddo nuevamente al Hospital del T\u00f3rax para no hacerle estudios y regresarla al penal. No est\u00e1n precautelando su salud, su vida, le est\u00e1n violando todos sus derechos. Yo tengo miedo que la maten a mi madre con todo estas cosas, porque est\u00e1 muy delicada de salud, y la van a matar con toda esta situaci\u00f3n\u201d, lament\u00f3 Ribera.<br \/>\nConsultado por el incumplimiento de la orden judicial, el director departamental de R\u00e9gimen Penitenciario manifest\u00f3 que el cardi\u00f3logo que la auscult\u00f3 el jueves, recomend\u00f3 laboratorios y estudios por lo que programaron para las 8.00 horas la toma de pruebas, para las 11.00 una prueba psiqui\u00e1trica y para las 15.00 un electrocardiograma.<br \/>\nLa hija de \u00c1\u00f1ez increp\u00f3 a la autoridad de R\u00e9gimen Penitenciario y le reclam\u00f3 el por qu\u00e9 no inform\u00f3 de esa programaci\u00f3n a la familia de la exautoridad, empero no hubo respuesta.<br \/>\nEl jueves, la responsable nacional de Medicina Forense del Instituto de Investigaciones Forenses (IDIF), Helen Camacho, garantiz\u00f3 la vida de la expresidenta Jeanine \u00c1\u00f1ez y asegur\u00f3 que la misma no necesita internaci\u00f3n porque su salud es estable. No obstante, manifest\u00f3 que no es responsabilidad de esa instancia realizar una valoraci\u00f3n emocional.<br \/>\n\u201cLa valoraci\u00f3n de sus signos vitales, c\u00f3mo est\u00e1 la parte semiol\u00f3gica, el latido cardiaco, la funci\u00f3n respiratoria de la persona, en la parte cl\u00ednica, ella est\u00e1 estable. La parte emocional ser\u00e1 competencia de otros profesionales\u201d, apunt\u00f3.<\/p>\n<p>M\u00c9DICO CUBANO<br \/>\nAsimismo, se conoci\u00f3 que el m\u00e9dico que hizo la valoraci\u00f3n psiqui\u00e1trica a la exmandataria es cubano, por ello la senadora de Creemos, Centa Rek, envi\u00f3 Peticiones de Informe Escrito (PIEs) a la Direcci\u00f3n de R\u00e9gimen Penitenciario y al Ministerio de Salud.<br \/>\n\u201cQueremos conocer detalles sobre la presencia de un m\u00e9dico cubano, en instalaciones de la Centro Penitenciario Femenino de Miraflores, quien la ma\u00f1ana de este viernes habr\u00eda realizado estudios en psiquiatr\u00eda a la expresidenta Jeanine \u00c1\u00f1ez\u201d, dijo.<br \/>\nAsimismo, apunt\u00f3 que est\u00e1 solicitando informaci\u00f3n sobre la homologaci\u00f3n del t\u00edtulo de m\u00e9dico, habilitaci\u00f3n profesional y documentaci\u00f3n de respaldo del profesional cubano, que le permitan ejercer su profesi\u00f3n en territorio boliviano.<\/p>\n<p>CINCO MESES<br \/>\nEl 14 de marzo de 2021, la jueza Regina Santa Cruz orden\u00f3 la detenci\u00f3n preventiva, por cuatro meses, en el Centro de Orientaci\u00f3n Femenino de Obrajes de la expresidenta, imputada por los delitos de sedici\u00f3n, conspiraci\u00f3n y terrorismo, dentro del caso de supuesto golpe de Estado.<br \/>\nEn la audiencia de medidas cautelares, el fiscal Harold Jarandilla asegur\u00f3 que \u00c1\u00f1ez y otros opositores obligaron a renunciar a la entonces presidenta del Senado, Adriana Salvatierra, y al presidente de la C\u00e1mara de Diputados, V\u00edctor Borda, con el fin de asumir la presidencia de Bolivia.<br \/>\n\u201cLa se\u00f1ora Jeanine \u00c1\u00f1ez, durante los sucesos del 11 y 12 de noviembre, ten\u00eda la calidad de segunda vicepresidenta del Senado y de manera ama\u00f1ada y en contra de todo reglamento y procedimiento legislativo, y en flagrancia contra lo que establece la Constituci\u00f3n Pol\u00edtica del Estado, logra, a trav\u00e9s de este grupo de personas, que la se\u00f1ora Adriana Salvatierra renuncie a la presidencia del Senado, que ejerc\u00eda en ese tiempo, y del mismo modo lo hace el diputado V\u00edctor Borda, que ejerc\u00eda la presidencia de la C\u00e1mara de Diputados\u201d, sostuvo el fiscal.<br \/>\nJarandilla no tom\u00f3 en cuenta que el 24 de enero de 2020 a trav\u00e9s de un video en el que se dirige a sus compa\u00f1eros del Movimiento al Socialismo (MAS) y al pueblo boliviano, Salvatierra afirm\u00f3 que su renuncia fue coordinada con el expresidente Evo Morales y el exvicepresidente \u00c1lvaro Garc\u00eda Linera.<br \/>\nJarandilla afirm\u00f3 que el 12 de noviembre, dos d\u00edas despu\u00e9s de la renuncia de Evo Morales, \u00c1\u00f1ez se autoproclam\u00f3 como presidenta de la Asamblea Legislativa y finalmente asumi\u00f3 el mando del pa\u00eds, como presidenta del Estado.<br \/>\nLa Fiscal\u00eda bas\u00f3 su imputaci\u00f3n en el testimonio de \u00d3scar Antonio de la Fuente Amelunge, quien fue denunciado varias veces por extorsi\u00f3n, tanto por autoridades del gobierno del MAS como por opositores.<br \/>\nEl 20 de marzo de 2021, la justicia ampli\u00f3 la detenci\u00f3n preventiva de \u00c1\u00f1ez de cuatro a seis meses.<br \/>\nEn esa audiencia virtual que dur\u00f3 m\u00e1s de nueves horas, los abogados que patrocinan a la exautoridad pidieron que su cliente sea trasladada a una cl\u00ednica, debido a problemas que la aquejan desde hace a\u00f1os. Inicialmente un juez acept\u00f3 el traslado inmediato, luego la Justicia revirti\u00f3 su propio fallo y respald\u00f3 la postura de la Procuradur\u00eda, que sosten\u00eda que los m\u00e9dicos especialistas la pod\u00edan tratar dentro del penal sin que fuera necesario remitirla a un hospital.<br \/>\nDespu\u00e9s de eso, cambiaron de c\u00e1rcel a \u00c1\u00f1ez de manera inesperada en la madrugada y la trasladaron del penal de Obrajes a la prisi\u00f3n Miraflores, ambos ubicados en La Paz. Mientras la exmandataria grit\u00f3 ante las c\u00e1maras que la hab\u00edan llevado all\u00ed enga\u00f1ada dici\u00e9ndole que s\u00ed la iban a llevar al hospital, las autoridades argumentan el traslado diciendo que en Miraflores contar\u00e1 con los equipos que se necesitan para hacerle un seguimiento a su estado de salud.<br \/>\nA trav\u00e9s de sus redes sociales, que es administrada por allegados, la expresidenta dijo sentir \u201cdesesperaci\u00f3n\u201d y \u201ccansancio\u201d por una situaci\u00f3n que afecta su estado de salud, en la c\u00e1rcel femenina de Miraflores.<br \/>\n\u201cComo ser humano he agotado mis l\u00edmites del esfuerzo; que el sufrimiento ni es solo f\u00edsico y psicol\u00f3gico, que va m\u00e1s all\u00e1 de todo lo experimentado en mi vida, pues veo ya con cansancio y desesperaci\u00f3n las l\u00e1grimas impotentes de mis hijos\u201d, manifest\u00f3.<br \/>\nLa Fiscal\u00eda dividi\u00f3 en dos el caso del supuesto \u201cgolpe de Estado\u201d y el 3 de agosto el juez segundo anticorrupci\u00f3n, Andr\u00e9s Zabaleta, dict\u00f3 otros seis meses de detenci\u00f3n preventiva contra la expresidenta, en un segundo proceso, y estar\u00e1 tras las rejas al menos hasta el 3 de febrero de 2022.<br \/>\nEl abogado Luis Guill\u00e9n, uno de los patrocinadores de la exautoridad manifest\u00f3 que se presentaron m\u00e1s de siete acciones de cumplimiento, dos ceses a la detenci\u00f3n preventiva y otros recursos legales para que \u00c1\u00f1ez sea procesada en un juicio de responsabilidades, empero ning\u00fan recurso legal fue atendido por la justicia.<\/p>\n","protected":false},"excerpt":{"rendered":"<p>\u201c\u00a1Mami, mami, es mi madre!\u201d, grit\u00f3 Jos\u00e9 Ribera, el hijo de la expresidente Jeanine \u00c1\u00f1ez, quien al escucharlo respondi\u00f3 desesperada: \u201ces mi hijo, d\u00e9jenlo venir\u201d, mientras era subida por efectivos policiales a una ambulancia que la traslad\u00f3 hasta el Hospital del T\u00f3rax. La exmandataria fue enviada con detenci\u00f3n preventiva el pasado 14 de marzo por [&hellip;]<\/p>\n","protected":false},"author":1,"featured_media":23377,"comment_status":"closed","ping_status":"closed","sticky":false,"template":"","format":"standard","meta":{"_acf_changed":false,"footnotes":""},"categories":[39],"tags":[],"class_list":["post-23376","post","type-post","status-publish","format-standard","has-post-thumbnail","category-sociedad"],"acf":{"antetitulo":""},"yoast_head":"<!-- This site is optimized with the Yoast SEO plugin v28.4 - https:\/\/yoast.com\/product\/yoast-seo-wordpress\/ -->\n<title>\u00a1Mami, mami! gritaba el hijo de \u00c1\u00f1ez, implorando por un abrazo - El Diario - Bolivia<\/title>\n<meta name=\"robots\" content=\"index, follow, max-snippet:-1, max-image-preview:large, max-video-preview:-1\" \/>\n<link rel=\"canonical\" href=\"https:\/\/www.eldiario.net\/portal\/2021\/08\/14\/mami-mami-gritaba-el-hijo-de-anez-implorando-por-un-abrazo\/\" \/>\n<meta property=\"og:locale\" content=\"es_ES\" \/>\n<meta property=\"og:type\" content=\"article\" \/>\n<meta property=\"og:title\" content=\"\u00a1Mami, mami! gritaba el hijo de \u00c1\u00f1ez, implorando por un abrazo - El Diario - Bolivia\" \/>\n<meta property=\"og:description\" content=\"\u201c\u00a1Mami, mami, es mi madre!\u201d, grit\u00f3 Jos\u00e9 Ribera, el hijo de la expresidente Jeanine \u00c1\u00f1ez, quien al escucharlo respondi\u00f3 desesperada: \u201ces mi hijo, d\u00e9jenlo venir\u201d, mientras era subida por efectivos policiales a una ambulancia que la traslad\u00f3 hasta el Hospital del T\u00f3rax. La exmandataria fue enviada con detenci\u00f3n preventiva el pasado 14 de marzo por [&hellip;]\" \/>\n<meta property=\"og:url\" content=\"https:\/\/www.eldiario.net\/portal\/2021\/08\/14\/mami-mami-gritaba-el-hijo-de-anez-implorando-por-un-abrazo\/\" \/>\n<meta property=\"og:site_name\" content=\"El Diario - Bolivia\" \/>\n<meta property=\"article:publisher\" content=\"https:\/\/www.facebook.com\/eldiario.bolivia\/\" \/>\n<meta property=\"article:published_time\" content=\"2021-08-14T09:47:55+00:00\" \/>\n<meta property=\"og:image\" content=\"https:\/\/www.eldiario.net\/portal\/wp-content\/uploads\/2021\/08\/ANEZ-14-scaled-1.jpg\" \/>\n\t<meta property=\"og:image:width\" content=\"2560\" \/>\n\t<meta property=\"og:image:height\" content=\"1762\" \/>\n\t<meta property=\"og:image:type\" content=\"image\/jpeg\" \/>\n<meta name=\"author\" content=\"Jeanette\" \/>\n<meta name=\"twitter:card\" content=\"summary_large_image\" \/>\n<meta name=\"twitter:creator\" content=\"@eldiario_net\" \/>\n<meta name=\"twitter:site\" content=\"@eldiario_net\" \/>\n<meta name=\"twitter:label1\" content=\"Escrito por\" \/>\n\t<meta name=\"twitter:data1\" content=\"Jeanette\" \/>\n\t<meta name=\"twitter:label2\" content=\"Tiempo de lectura\" \/>\n\t<meta name=\"twitter:data2\" content=\"7 minutos\" \/>\n<script type=\"application\/ld+json\" class=\"yoast-schema-graph\">{\"@context\":\"https:\\\/\\\/schema.org\",\"@graph\":[{\"@type\":\"Article\",\"@id\":\"https:\\\/\\\/www.eldiario.net\\\/portal\\\/2021\\\/08\\\/14\\\/mami-mami-gritaba-el-hijo-de-anez-implorando-por-un-abrazo\\\/#article\",\"isPartOf\":{\"@id\":\"https:\\\/\\\/www.eldiario.net\\\/portal\\\/2021\\\/08\\\/14\\\/mami-mami-gritaba-el-hijo-de-anez-implorando-por-un-abrazo\\\/\"},\"author\":{\"name\":\"Jeanette\",\"@id\":\"https:\\\/\\\/www.eldiario.net\\\/portal\\\/#\\\/schema\\\/person\\\/f46445640444750d7d753ccd04ae01b7\"},\"headline\":\"\u00a1Mami, mami! gritaba el hijo de \u00c1\u00f1ez, implorando por un abrazo\",\"datePublished\":\"2021-08-14T09:47:55+00:00\",\"mainEntityOfPage\":{\"@id\":\"https:\\\/\\\/www.eldiario.net\\\/portal\\\/2021\\\/08\\\/14\\\/mami-mami-gritaba-el-hijo-de-anez-implorando-por-un-abrazo\\\/\"},\"wordCount\":1583,\"publisher\":{\"@id\":\"https:\\\/\\\/www.eldiario.net\\\/portal\\\/#organization\"},\"image\":{\"@id\":\"https:\\\/\\\/www.eldiario.net\\\/portal\\\/2021\\\/08\\\/14\\\/mami-mami-gritaba-el-hijo-de-anez-implorando-por-un-abrazo\\\/#primaryimage\"},\"thumbnailUrl\":\"https:\\\/\\\/www.eldiario.net\\\/portal\\\/wp-content\\\/uploads\\\/2021\\\/08\\\/ANEZ-14-scaled-1.jpg\",\"articleSection\":[\"Sociedad - Seguridad\"],\"inLanguage\":\"es\"},{\"@type\":\"WebPage\",\"@id\":\"https:\\\/\\\/www.eldiario.net\\\/portal\\\/2021\\\/08\\\/14\\\/mami-mami-gritaba-el-hijo-de-anez-implorando-por-un-abrazo\\\/\",\"url\":\"https:\\\/\\\/www.eldiario.net\\\/portal\\\/2021\\\/08\\\/14\\\/mami-mami-gritaba-el-hijo-de-anez-implorando-por-un-abrazo\\\/\",\"name\":\"\u00a1Mami, mami! gritaba el hijo de \u00c1\u00f1ez, implorando por un abrazo - El Diario - Bolivia\",\"isPartOf\":{\"@id\":\"https:\\\/\\\/www.eldiario.net\\\/portal\\\/#website\"},\"primaryImageOfPage\":{\"@id\":\"https:\\\/\\\/www.eldiario.net\\\/portal\\\/2021\\\/08\\\/14\\\/mami-mami-gritaba-el-hijo-de-anez-implorando-por-un-abrazo\\\/#primaryimage\"},\"image\":{\"@id\":\"https:\\\/\\\/www.eldiario.net\\\/portal\\\/2021\\\/08\\\/14\\\/mami-mami-gritaba-el-hijo-de-anez-implorando-por-un-abrazo\\\/#primaryimage\"},\"thumbnailUrl\":\"https:\\\/\\\/www.eldiario.net\\\/portal\\\/wp-content\\\/uploads\\\/2021\\\/08\\\/ANEZ-14-scaled-1.jpg\",\"datePublished\":\"2021-08-14T09:47:55+00:00\",\"breadcrumb\":{\"@id\":\"https:\\\/\\\/www.eldiario.net\\\/portal\\\/2021\\\/08\\\/14\\\/mami-mami-gritaba-el-hijo-de-anez-implorando-por-un-abrazo\\\/#breadcrumb\"},\"inLanguage\":\"es\",\"potentialAction\":[{\"@type\":\"ReadAction\",\"target\":[\"https:\\\/\\\/www.eldiario.net\\\/portal\\\/2021\\\/08\\\/14\\\/mami-mami-gritaba-el-hijo-de-anez-implorando-por-un-abrazo\\\/\"]}]},{\"@type\":\"ImageObject\",\"inLanguage\":\"es\",\"@id\":\"https:\\\/\\\/www.eldiario.net\\\/portal\\\/2021\\\/08\\\/14\\\/mami-mami-gritaba-el-hijo-de-anez-implorando-por-un-abrazo\\\/#primaryimage\",\"url\":\"https:\\\/\\\/www.eldiario.net\\\/portal\\\/wp-content\\\/uploads\\\/2021\\\/08\\\/ANEZ-14-scaled-1.jpg\",\"contentUrl\":\"https:\\\/\\\/www.eldiario.net\\\/portal\\\/wp-content\\\/uploads\\\/2021\\\/08\\\/ANEZ-14-scaled-1.jpg\",\"width\":2560,\"height\":1762,\"caption\":\"LA EXPRESIDENTA JEANINE \u00c1\u00d1EZ EL MOMENTO QUE PED\u00cdA QUE DEJEN PASAR A SU HIJO. APG\"},{\"@type\":\"BreadcrumbList\",\"@id\":\"https:\\\/\\\/www.eldiario.net\\\/portal\\\/2021\\\/08\\\/14\\\/mami-mami-gritaba-el-hijo-de-anez-implorando-por-un-abrazo\\\/#breadcrumb\",\"itemListElement\":[{\"@type\":\"ListItem\",\"position\":1,\"name\":\"Portada\",\"item\":\"https:\\\/\\\/www.eldiario.net\\\/portal\\\/\"},{\"@type\":\"ListItem\",\"position\":2,\"name\":\"\u00a1Mami, mami! gritaba el hijo de \u00c1\u00f1ez, implorando por un abrazo\"}]},{\"@type\":\"WebSite\",\"@id\":\"https:\\\/\\\/www.eldiario.net\\\/portal\\\/#website\",\"url\":\"https:\\\/\\\/www.eldiario.net\\\/portal\\\/\",\"name\":\"El Diario - Decano de la prensa nacional\",\"description\":\"El Diario - Decano de la prensa nacional\",\"publisher\":{\"@id\":\"https:\\\/\\\/www.eldiario.net\\\/portal\\\/#organization\"},\"potentialAction\":[{\"@type\":\"SearchAction\",\"target\":{\"@type\":\"EntryPoint\",\"urlTemplate\":\"https:\\\/\\\/www.eldiario.net\\\/portal\\\/?s={search_term_string}\"},\"query-input\":{\"@type\":\"PropertyValueSpecification\",\"valueRequired\":true,\"valueName\":\"search_term_string\"}}],\"inLanguage\":\"es\"},{\"@type\":\"Organization\",\"@id\":\"https:\\\/\\\/www.eldiario.net\\\/portal\\\/#organization\",\"name\":\"El Diario - Decano de la prensa nacional\",\"url\":\"https:\\\/\\\/www.eldiario.net\\\/portal\\\/\",\"logo\":{\"@type\":\"ImageObject\",\"inLanguage\":\"es\",\"@id\":\"https:\\\/\\\/www.eldiario.net\\\/portal\\\/#\\\/schema\\\/logo\\\/image\\\/\",\"url\":\"https:\\\/\\\/www.eldiario.net\\\/portal\\\/wp-content\\\/uploads\\\/2023\\\/07\\\/logo_ED.jpg\",\"contentUrl\":\"https:\\\/\\\/www.eldiario.net\\\/portal\\\/wp-content\\\/uploads\\\/2023\\\/07\\\/logo_ED.jpg\",\"width\":272,\"height\":52,\"caption\":\"El Diario - Decano de la prensa nacional\"},\"image\":{\"@id\":\"https:\\\/\\\/www.eldiario.net\\\/portal\\\/#\\\/schema\\\/logo\\\/image\\\/\"},\"sameAs\":[\"https:\\\/\\\/www.facebook.com\\\/eldiario.bolivia\\\/\",\"https:\\\/\\\/x.com\\\/eldiario_net\"]},{\"@type\":\"Person\",\"@id\":\"https:\\\/\\\/www.eldiario.net\\\/portal\\\/#\\\/schema\\\/person\\\/f46445640444750d7d753ccd04ae01b7\",\"name\":\"Jeanette\",\"image\":{\"@type\":\"ImageObject\",\"inLanguage\":\"es\",\"@id\":\"https:\\\/\\\/secure.gravatar.com\\\/avatar\\\/3ea2118a5f7dad2b7138b1187a6b7ee55f160b9968b66013c3a3ef39dd7e5798?s=96&d=mm&r=g\",\"url\":\"https:\\\/\\\/secure.gravatar.com\\\/avatar\\\/3ea2118a5f7dad2b7138b1187a6b7ee55f160b9968b66013c3a3ef39dd7e5798?s=96&d=mm&r=g\",\"contentUrl\":\"https:\\\/\\\/secure.gravatar.com\\\/avatar\\\/3ea2118a5f7dad2b7138b1187a6b7ee55f160b9968b66013c3a3ef39dd7e5798?s=96&d=mm&r=g\",\"caption\":\"Jeanette\"},\"sameAs\":[\"https:\\\/\\\/www.eldiario.net\\\/portal\"],\"url\":\"https:\\\/\\\/www.eldiario.net\\\/portal\\\/author\\\/jeanette\\\/\"}]}<\/script>\n<!-- \/ Yoast SEO plugin. -->","yoast_head_json":{"title":"\u00a1Mami, mami! gritaba el hijo de \u00c1\u00f1ez, implorando por un abrazo - El Diario - Bolivia","robots":{"index":"index","follow":"follow","max-snippet":"max-snippet:-1","max-image-preview":"max-image-preview:large","max-video-preview":"max-video-preview:-1"},"canonical":"https:\/\/www.eldiario.net\/portal\/2021\/08\/14\/mami-mami-gritaba-el-hijo-de-anez-implorando-por-un-abrazo\/","og_locale":"es_ES","og_type":"article","og_title":"\u00a1Mami, mami! gritaba el hijo de \u00c1\u00f1ez, implorando por un abrazo - El Diario - Bolivia","og_description":"\u201c\u00a1Mami, mami, es mi madre!\u201d, grit\u00f3 Jos\u00e9 Ribera, el hijo de la expresidente Jeanine \u00c1\u00f1ez, quien al escucharlo respondi\u00f3 desesperada: \u201ces mi hijo, d\u00e9jenlo venir\u201d, mientras era subida por efectivos policiales a una ambulancia que la traslad\u00f3 hasta el Hospital del T\u00f3rax. La exmandataria fue enviada con detenci\u00f3n preventiva el pasado 14 de marzo por [&hellip;]","og_url":"https:\/\/www.eldiario.net\/portal\/2021\/08\/14\/mami-mami-gritaba-el-hijo-de-anez-implorando-por-un-abrazo\/","og_site_name":"El Diario - Bolivia","article_publisher":"https:\/\/www.facebook.com\/eldiario.bolivia\/","article_published_time":"2021-08-14T09:47:55+00:00","og_image":[{"width":2560,"height":1762,"url":"https:\/\/www.eldiario.net\/portal\/wp-content\/uploads\/2021\/08\/ANEZ-14-scaled-1.jpg","type":"image\/jpeg"}],"author":"Jeanette","twitter_card":"summary_large_image","twitter_creator":"@eldiario_net","twitter_site":"@eldiario_net","twitter_misc":{"Escrito por":"Jeanette","Tiempo de lectura":"7 minutos"},"schema":{"@context":"https:\/\/schema.org","@graph":[{"@type":"Article","@id":"https:\/\/www.eldiario.net\/portal\/2021\/08\/14\/mami-mami-gritaba-el-hijo-de-anez-implorando-por-un-abrazo\/#article","isPartOf":{"@id":"https:\/\/www.eldiario.net\/portal\/2021\/08\/14\/mami-mami-gritaba-el-hijo-de-anez-implorando-por-un-abrazo\/"},"author":{"name":"Jeanette","@id":"https:\/\/www.eldiario.net\/portal\/#\/schema\/person\/f46445640444750d7d753ccd04ae01b7"},"headline":"\u00a1Mami, mami! gritaba el hijo de \u00c1\u00f1ez, implorando por un abrazo","datePublished":"2021-08-14T09:47:55+00:00","mainEntityOfPage":{"@id":"https:\/\/www.eldiario.net\/portal\/2021\/08\/14\/mami-mami-gritaba-el-hijo-de-anez-implorando-por-un-abrazo\/"},"wordCount":1583,"publisher":{"@id":"https:\/\/www.eldiario.net\/portal\/#organization"},"image":{"@id":"https:\/\/www.eldiario.net\/portal\/2021\/08\/14\/mami-mami-gritaba-el-hijo-de-anez-implorando-por-un-abrazo\/#primaryimage"},"thumbnailUrl":"https:\/\/www.eldiario.net\/portal\/wp-content\/uploads\/2021\/08\/ANEZ-14-scaled-1.jpg","articleSection":["Sociedad - Seguridad"],"inLanguage":"es"},{"@type":"WebPage","@id":"https:\/\/www.eldiario.net\/portal\/2021\/08\/14\/mami-mami-gritaba-el-hijo-de-anez-implorando-por-un-abrazo\/","url":"https:\/\/www.eldiario.net\/portal\/2021\/08\/14\/mami-mami-gritaba-el-hijo-de-anez-implorando-por-un-abrazo\/","name":"\u00a1Mami, mami! gritaba el hijo de \u00c1\u00f1ez, implorando por un abrazo - El Diario - Bolivia","isPartOf":{"@id":"https:\/\/www.eldiario.net\/portal\/#website"},"primaryImageOfPage":{"@id":"https:\/\/www.eldiario.net\/portal\/2021\/08\/14\/mami-mami-gritaba-el-hijo-de-anez-implorando-por-un-abrazo\/#primaryimage"},"image":{"@id":"https:\/\/www.eldiario.net\/portal\/2021\/08\/14\/mami-mami-gritaba-el-hijo-de-anez-implorando-por-un-abrazo\/#primaryimage"},"thumbnailUrl":"https:\/\/www.eldiario.net\/portal\/wp-content\/uploads\/2021\/08\/ANEZ-14-scaled-1.jpg","datePublished":"2021-08-14T09:47:55+00:00","breadcrumb":{"@id":"https:\/\/www.eldiario.net\/portal\/2021\/08\/14\/mami-mami-gritaba-el-hijo-de-anez-implorando-por-un-abrazo\/#breadcrumb"},"inLanguage":"es","potentialAction":[{"@type":"ReadAction","target":["https:\/\/www.eldiario.net\/portal\/2021\/08\/14\/mami-mami-gritaba-el-hijo-de-anez-implorando-por-un-abrazo\/"]}]},{"@type":"ImageObject","inLanguage":"es","@id":"https:\/\/www.eldiario.net\/portal\/2021\/08\/14\/mami-mami-gritaba-el-hijo-de-anez-implorando-por-un-abrazo\/#primaryimage","url":"https:\/\/www.eldiario.net\/portal\/wp-content\/uploads\/2021\/08\/ANEZ-14-scaled-1.jpg","contentUrl":"https:\/\/www.eldiario.net\/portal\/wp-content\/uploads\/2021\/08\/ANEZ-14-scaled-1.jpg","width":2560,"height":1762,"caption":"LA EXPRESIDENTA JEANINE \u00c1\u00d1EZ EL MOMENTO QUE PED\u00cdA QUE DEJEN PASAR A SU HIJO. APG"},{"@type":"BreadcrumbList","@id":"https:\/\/www.eldiario.net\/portal\/2021\/08\/14\/mami-mami-gritaba-el-hijo-de-anez-implorando-por-un-abrazo\/#breadcrumb","itemListElement":[{"@type":"ListItem","position":1,"name":"Portada","item":"https:\/\/www.eldiario.net\/portal\/"},{"@type":"ListItem","position":2,"name":"\u00a1Mami, mami! gritaba el hijo de \u00c1\u00f1ez, implorando por un abrazo"}]},{"@type":"WebSite","@id":"https:\/\/www.eldiario.net\/portal\/#website","url":"https:\/\/www.eldiario.net\/portal\/","name":"El Diario - Decano de la prensa nacional","description":"El Diario - Decano de la prensa nacional","publisher":{"@id":"https:\/\/www.eldiario.net\/portal\/#organization"},"potentialAction":[{"@type":"SearchAction","target":{"@type":"EntryPoint","urlTemplate":"https:\/\/www.eldiario.net\/portal\/?s={search_term_string}"},"query-input":{"@type":"PropertyValueSpecification","valueRequired":true,"valueName":"search_term_string"}}],"inLanguage":"es"},{"@type":"Organization","@id":"https:\/\/www.eldiario.net\/portal\/#organization","name":"El Diario - Decano de la prensa nacional","url":"https:\/\/www.eldiario.net\/portal\/","logo":{"@type":"ImageObject","inLanguage":"es","@id":"https:\/\/www.eldiario.net\/portal\/#\/schema\/logo\/image\/","url":"https:\/\/www.eldiario.net\/portal\/wp-content\/uploads\/2023\/07\/logo_ED.jpg","contentUrl":"https:\/\/www.eldiario.net\/portal\/wp-content\/uploads\/2023\/07\/logo_ED.jpg","width":272,"height":52,"caption":"El Diario - Decano de la prensa nacional"},"image":{"@id":"https:\/\/www.eldiario.net\/portal\/#\/schema\/logo\/image\/"},"sameAs":["https:\/\/www.facebook.com\/eldiario.bolivia\/","https:\/\/x.com\/eldiario_net"]},{"@type":"Person","@id":"https:\/\/www.eldiario.net\/portal\/#\/schema\/person\/f46445640444750d7d753ccd04ae01b7","name":"Jeanette","image":{"@type":"ImageObject","inLanguage":"es","@id":"https:\/\/secure.gravatar.com\/avatar\/3ea2118a5f7dad2b7138b1187a6b7ee55f160b9968b66013c3a3ef39dd7e5798?s=96&d=mm&r=g","url":"https:\/\/secure.gravatar.com\/avatar\/3ea2118a5f7dad2b7138b1187a6b7ee55f160b9968b66013c3a3ef39dd7e5798?s=96&d=mm&r=g","contentUrl":"https:\/\/secure.gravatar.com\/avatar\/3ea2118a5f7dad2b7138b1187a6b7ee55f160b9968b66013c3a3ef39dd7e5798?s=96&d=mm&r=g","caption":"Jeanette"},"sameAs":["https:\/\/www.eldiario.net\/portal"],"url":"https:\/\/www.eldiario.net\/portal\/author\/jeanette\/"}]}},"_links":{"self":[{"href":"https:\/\/www.eldiario.net\/portal\/wp-json\/wp\/v2\/posts\/23376","targetHints":{"allow":["GET"]}}],"collection":[{"href":"https:\/\/www.eldiario.net\/portal\/wp-json\/wp\/v2\/posts"}],"about":[{"href":"https:\/\/www.eldiario.net\/portal\/wp-json\/wp\/v2\/types\/post"}],"author":[{"embeddable":true,"href":"https:\/\/www.eldiario.net\/portal\/wp-json\/wp\/v2\/users\/1"}],"replies":[{"embeddable":true,"href":"https:\/\/www.eldiario.net\/portal\/wp-json\/wp\/v2\/comments?post=23376"}],"version-history":[{"count":0,"href":"https:\/\/www.eldiario.net\/portal\/wp-json\/wp\/v2\/posts\/23376\/revisions"}],"wp:featuredmedia":[{"embeddable":true,"href":"https:\/\/www.eldiario.net\/portal\/wp-json\/wp\/v2\/media\/23377"}],"wp:attachment":[{"href":"https:\/\/www.eldiario.net\/portal\/wp-json\/wp\/v2\/media?parent=23376"}],"wp:term":[{"taxonomy":"category","embeddable":true,"href":"https:\/\/www.eldiario.net\/portal\/wp-json\/wp\/v2\/categories?post=23376"},{"taxonomy":"post_tag","embeddable":true,"href":"https:\/\/www.eldiario.net\/portal\/wp-json\/wp\/v2\/tags?post=23376"}],"curies":[{"name":"wp","href":"https:\/\/api.w.org\/{rel}","templated":true}]}}