{"id":23373,"date":"2021-08-14T05:46:24","date_gmt":"2021-08-14T09:46:24","guid":{"rendered":"https:\/\/www.eldiario.net\/portal\/?p=23373"},"modified":"2021-08-14T05:46:24","modified_gmt":"2021-08-14T09:46:24","slug":"anez-tiene-estres-y-depresion","status":"publish","type":"post","link":"https:\/\/www.eldiario.net\/portal\/2021\/08\/14\/anez-tiene-estres-y-depresion\/","title":{"rendered":"\u00c1\u00f1ez tiene  estr\u00e9s y  depresi\u00f3n"},"content":{"rendered":"<p>La encargada nacional de Salud de R\u00e9gimen Penitenciario, Mariana Garc\u00eda, asegur\u00f3 ayer que la salud de la expresidenta es estable, aunque de acuerdo con la evaluaci\u00f3n psiqui\u00e1trica padece de estr\u00e9s y depresi\u00f3n.<br \/>\nLa profesional asegur\u00f3 que por recomendaci\u00f3n del cardi\u00f3logo que la valor\u00f3 el jueves y el Instituto de Investigaciones Forenses, que la vio el 9 de agosto, para ayer estaban previstos una evaluaci\u00f3n psiqui\u00e1trica, an\u00e1lisis de sangre y orina, adem\u00e1s de un electrocardiograma doppler.<br \/>\n\u201cEn referencia al laboratorio, se presentan valores normales tanto en el hemograma como el examen general de orina\u201d, apunt\u00f3.<br \/>\nAsegur\u00f3 que en relaci\u00f3n a la evaluaci\u00f3n psiqui\u00e1trica, \u00c1\u00f1ez tiene patolog\u00edas de estr\u00e9s y depresi\u00f3n, empero que ya estaba diagnosticado anteriormente.<br \/>\nAsimismo, dijo que el resultado del ecocardiograma doppler al que fue sometida la tarde de ayer en el Hospital del T\u00f3rax no se observ\u00f3 nada relevante. \u201cSin embargo de acuerdo a la patolog\u00eda cr\u00f3nica que es la hipertensi\u00f3n arterial sist\u00e9mica, la mandaron a hacer otros dos complementarios, que se lo ejecutar\u00e1n en los pr\u00f3ximos d\u00edas, respetando los convenios entre el Hospital del T\u00f3rax y el Hospital de Cl\u00ednicas\u201d, asever\u00f3.<br \/>\nGarc\u00eda aclar\u00f3 que la valoraci\u00f3n psiqui\u00e1trica fue realizada por una m\u00e9dica de Cochabamba y un m\u00e9dico de La Paz.<br \/>\n\u201cAmbos son graduados en la UMSA (Universidad Mayor de San Andr\u00e9s) y uno con especialidad en Cuba, pero est\u00e1 con t\u00edtulo homologado en Bolivia, cuentan con el aval y est\u00e1n registrados con matr\u00edcula del Colegio M\u00e9dico Boliviano\u201d, concluy\u00f3.<\/p>\n<p>INCUMPLIMIENTO<br \/>\nPor otro lado, el director nacional de R\u00e9gimen Penitenciario, Juan Carlos Limpias, manifest\u00f3 que la orden judicial que permit\u00eda la salida de la expresidente \u00c1\u00f1ez a la Cl\u00ednica Alemana de 14.00 a 16.00, lleg\u00f3 a las 13.00 horas, una hora antes de la se\u00f1alada, no las 24 que refiere la Ley 2298.<br \/>\n\u201cLa Ley 2298 es clara en el art\u00edculo 110 que establece que cualquier orden judicial para un tipo de atenci\u00f3n de salud tiene que ser emanada 24 horas antes, no una hora antes\u201d, apunt\u00f3.<br \/>\nEl art\u00edculo 110 (Salidas Judiciales) de la Ley De Ejecuci\u00f3n Penal Y Supervisi\u00f3n (2298) se\u00f1ala: \u201cEl Director del establecimiento garantizar\u00e1 que el interno comparezca puntualmente a todos los actos judiciales a los que sea citado, disponiendo las medidas de seguridad convenientes. A este efecto, el Juez competente notificar\u00e1, con 24 horas de anticipaci\u00f3n, al Director del establecimiento el lugar, fecha y hora de la realizaci\u00f3n del acto\u201d.<br \/>\nEn este art\u00edculo no refiere que el permiso para cuestiones de salud sea notificado 24 horas antes como manifest\u00f3 Limpias.<\/p>\n","protected":false},"excerpt":{"rendered":"<p>La encargada nacional de Salud de R\u00e9gimen Penitenciario, Mariana Garc\u00eda, asegur\u00f3 ayer que la salud de la expresidenta es estable, aunque de acuerdo con la evaluaci\u00f3n psiqui\u00e1trica padece de estr\u00e9s y depresi\u00f3n. La profesional asegur\u00f3 que por recomendaci\u00f3n del cardi\u00f3logo que la valor\u00f3 el jueves y el Instituto de Investigaciones Forenses, que la vio el [&hellip;]<\/p>\n","protected":false},"author":1,"featured_media":23374,"comment_status":"closed","ping_status":"closed","sticky":false,"template":"","format":"standard","meta":{"_acf_changed":false,"footnotes":""},"categories":[39],"tags":[],"class_list":["post-23373","post","type-post","status-publish","format-standard","has-post-thumbnail","category-sociedad"],"acf":{"antetitulo":""},"yoast_head":"<!-- This site is optimized with the Yoast SEO plugin v28.4 - https:\/\/yoast.com\/product\/yoast-seo-wordpress\/ -->\n<title>\u00c1\u00f1ez tiene estr\u00e9s y depresi\u00f3n - El Diario - Bolivia<\/title>\n<meta name=\"robots\" content=\"index, follow, max-snippet:-1, max-image-preview:large, max-video-preview:-1\" \/>\n<link rel=\"canonical\" href=\"https:\/\/www.eldiario.net\/portal\/2021\/08\/14\/anez-tiene-estres-y-depresion\/\" \/>\n<meta property=\"og:locale\" content=\"es_ES\" \/>\n<meta property=\"og:type\" content=\"article\" \/>\n<meta property=\"og:title\" content=\"\u00c1\u00f1ez tiene estr\u00e9s y depresi\u00f3n - El Diario - Bolivia\" \/>\n<meta property=\"og:description\" content=\"La encargada nacional de Salud de R\u00e9gimen Penitenciario, Mariana Garc\u00eda, asegur\u00f3 ayer que la salud de la expresidenta es estable, aunque de acuerdo con la evaluaci\u00f3n psiqui\u00e1trica padece de estr\u00e9s y depresi\u00f3n. La profesional asegur\u00f3 que por recomendaci\u00f3n del cardi\u00f3logo que la valor\u00f3 el jueves y el Instituto de Investigaciones Forenses, que la vio el [&hellip;]\" \/>\n<meta property=\"og:url\" content=\"https:\/\/www.eldiario.net\/portal\/2021\/08\/14\/anez-tiene-estres-y-depresion\/\" \/>\n<meta property=\"og:site_name\" content=\"El Diario - Bolivia\" \/>\n<meta property=\"article:publisher\" content=\"https:\/\/www.facebook.com\/eldiario.bolivia\/\" \/>\n<meta property=\"article:published_time\" content=\"2021-08-14T09:46:24+00:00\" \/>\n<meta name=\"author\" content=\"Jeanette\" \/>\n<meta name=\"twitter:card\" content=\"summary_large_image\" \/>\n<meta name=\"twitter:creator\" content=\"@eldiario_net\" \/>\n<meta name=\"twitter:site\" content=\"@eldiario_net\" \/>\n<meta name=\"twitter:label1\" content=\"Escrito por\" \/>\n\t<meta name=\"twitter:data1\" content=\"Jeanette\" \/>\n\t<meta name=\"twitter:label2\" content=\"Tiempo de lectura\" \/>\n\t<meta name=\"twitter:data2\" content=\"2 minutos\" \/>\n<script type=\"application\/ld+json\" class=\"yoast-schema-graph\">{\"@context\":\"https:\\\/\\\/schema.org\",\"@graph\":[{\"@type\":\"Article\",\"@id\":\"https:\\\/\\\/www.eldiario.net\\\/portal\\\/2021\\\/08\\\/14\\\/anez-tiene-estres-y-depresion\\\/#article\",\"isPartOf\":{\"@id\":\"https:\\\/\\\/www.eldiario.net\\\/portal\\\/2021\\\/08\\\/14\\\/anez-tiene-estres-y-depresion\\\/\"},\"author\":{\"name\":\"Jeanette\",\"@id\":\"https:\\\/\\\/www.eldiario.net\\\/portal\\\/#\\\/schema\\\/person\\\/f46445640444750d7d753ccd04ae01b7\"},\"headline\":\"\u00c1\u00f1ez tiene estr\u00e9s y depresi\u00f3n\",\"datePublished\":\"2021-08-14T09:46:24+00:00\",\"mainEntityOfPage\":{\"@id\":\"https:\\\/\\\/www.eldiario.net\\\/portal\\\/2021\\\/08\\\/14\\\/anez-tiene-estres-y-depresion\\\/\"},\"wordCount\":460,\"publisher\":{\"@id\":\"https:\\\/\\\/www.eldiario.net\\\/portal\\\/#organization\"},\"image\":{\"@id\":\"https:\\\/\\\/www.eldiario.net\\\/portal\\\/2021\\\/08\\\/14\\\/anez-tiene-estres-y-depresion\\\/#primaryimage\"},\"thumbnailUrl\":\"\",\"articleSection\":[\"Sociedad - Seguridad\"],\"inLanguage\":\"es\"},{\"@type\":\"WebPage\",\"@id\":\"https:\\\/\\\/www.eldiario.net\\\/portal\\\/2021\\\/08\\\/14\\\/anez-tiene-estres-y-depresion\\\/\",\"url\":\"https:\\\/\\\/www.eldiario.net\\\/portal\\\/2021\\\/08\\\/14\\\/anez-tiene-estres-y-depresion\\\/\",\"name\":\"\u00c1\u00f1ez tiene estr\u00e9s y depresi\u00f3n - El Diario - Bolivia\",\"isPartOf\":{\"@id\":\"https:\\\/\\\/www.eldiario.net\\\/portal\\\/#website\"},\"primaryImageOfPage\":{\"@id\":\"https:\\\/\\\/www.eldiario.net\\\/portal\\\/2021\\\/08\\\/14\\\/anez-tiene-estres-y-depresion\\\/#primaryimage\"},\"image\":{\"@id\":\"https:\\\/\\\/www.eldiario.net\\\/portal\\\/2021\\\/08\\\/14\\\/anez-tiene-estres-y-depresion\\\/#primaryimage\"},\"thumbnailUrl\":\"\",\"datePublished\":\"2021-08-14T09:46:24+00:00\",\"breadcrumb\":{\"@id\":\"https:\\\/\\\/www.eldiario.net\\\/portal\\\/2021\\\/08\\\/14\\\/anez-tiene-estres-y-depresion\\\/#breadcrumb\"},\"inLanguage\":\"es\",\"potentialAction\":[{\"@type\":\"ReadAction\",\"target\":[\"https:\\\/\\\/www.eldiario.net\\\/portal\\\/2021\\\/08\\\/14\\\/anez-tiene-estres-y-depresion\\\/\"]}]},{\"@type\":\"ImageObject\",\"inLanguage\":\"es\",\"@id\":\"https:\\\/\\\/www.eldiario.net\\\/portal\\\/2021\\\/08\\\/14\\\/anez-tiene-estres-y-depresion\\\/#primaryimage\",\"url\":\"\",\"contentUrl\":\"\"},{\"@type\":\"BreadcrumbList\",\"@id\":\"https:\\\/\\\/www.eldiario.net\\\/portal\\\/2021\\\/08\\\/14\\\/anez-tiene-estres-y-depresion\\\/#breadcrumb\",\"itemListElement\":[{\"@type\":\"ListItem\",\"position\":1,\"name\":\"Portada\",\"item\":\"https:\\\/\\\/www.eldiario.net\\\/portal\\\/\"},{\"@type\":\"ListItem\",\"position\":2,\"name\":\"\u00c1\u00f1ez tiene estr\u00e9s y depresi\u00f3n\"}]},{\"@type\":\"WebSite\",\"@id\":\"https:\\\/\\\/www.eldiario.net\\\/portal\\\/#website\",\"url\":\"https:\\\/\\\/www.eldiario.net\\\/portal\\\/\",\"name\":\"El Diario - Decano de la prensa nacional\",\"description\":\"El Diario - Decano de la prensa nacional\",\"publisher\":{\"@id\":\"https:\\\/\\\/www.eldiario.net\\\/portal\\\/#organization\"},\"potentialAction\":[{\"@type\":\"SearchAction\",\"target\":{\"@type\":\"EntryPoint\",\"urlTemplate\":\"https:\\\/\\\/www.eldiario.net\\\/portal\\\/?s={search_term_string}\"},\"query-input\":{\"@type\":\"PropertyValueSpecification\",\"valueRequired\":true,\"valueName\":\"search_term_string\"}}],\"inLanguage\":\"es\"},{\"@type\":\"Organization\",\"@id\":\"https:\\\/\\\/www.eldiario.net\\\/portal\\\/#organization\",\"name\":\"El Diario - Decano de la prensa nacional\",\"url\":\"https:\\\/\\\/www.eldiario.net\\\/portal\\\/\",\"logo\":{\"@type\":\"ImageObject\",\"inLanguage\":\"es\",\"@id\":\"https:\\\/\\\/www.eldiario.net\\\/portal\\\/#\\\/schema\\\/logo\\\/image\\\/\",\"url\":\"https:\\\/\\\/www.eldiario.net\\\/portal\\\/wp-content\\\/uploads\\\/2023\\\/07\\\/logo_ED.jpg\",\"contentUrl\":\"https:\\\/\\\/www.eldiario.net\\\/portal\\\/wp-content\\\/uploads\\\/2023\\\/07\\\/logo_ED.jpg\",\"width\":272,\"height\":52,\"caption\":\"El Diario - Decano de la prensa nacional\"},\"image\":{\"@id\":\"https:\\\/\\\/www.eldiario.net\\\/portal\\\/#\\\/schema\\\/logo\\\/image\\\/\"},\"sameAs\":[\"https:\\\/\\\/www.facebook.com\\\/eldiario.bolivia\\\/\",\"https:\\\/\\\/x.com\\\/eldiario_net\"]},{\"@type\":\"Person\",\"@id\":\"https:\\\/\\\/www.eldiario.net\\\/portal\\\/#\\\/schema\\\/person\\\/f46445640444750d7d753ccd04ae01b7\",\"name\":\"Jeanette\",\"image\":{\"@type\":\"ImageObject\",\"inLanguage\":\"es\",\"@id\":\"https:\\\/\\\/secure.gravatar.com\\\/avatar\\\/3ea2118a5f7dad2b7138b1187a6b7ee55f160b9968b66013c3a3ef39dd7e5798?s=96&d=mm&r=g\",\"url\":\"https:\\\/\\\/secure.gravatar.com\\\/avatar\\\/3ea2118a5f7dad2b7138b1187a6b7ee55f160b9968b66013c3a3ef39dd7e5798?s=96&d=mm&r=g\",\"contentUrl\":\"https:\\\/\\\/secure.gravatar.com\\\/avatar\\\/3ea2118a5f7dad2b7138b1187a6b7ee55f160b9968b66013c3a3ef39dd7e5798?s=96&d=mm&r=g\",\"caption\":\"Jeanette\"},\"sameAs\":[\"https:\\\/\\\/www.eldiario.net\\\/portal\"],\"url\":\"https:\\\/\\\/www.eldiario.net\\\/portal\\\/author\\\/jeanette\\\/\"}]}<\/script>\n<!-- \/ Yoast SEO plugin. -->","yoast_head_json":{"title":"\u00c1\u00f1ez tiene estr\u00e9s y depresi\u00f3n - El Diario - Bolivia","robots":{"index":"index","follow":"follow","max-snippet":"max-snippet:-1","max-image-preview":"max-image-preview:large","max-video-preview":"max-video-preview:-1"},"canonical":"https:\/\/www.eldiario.net\/portal\/2021\/08\/14\/anez-tiene-estres-y-depresion\/","og_locale":"es_ES","og_type":"article","og_title":"\u00c1\u00f1ez tiene estr\u00e9s y depresi\u00f3n - El Diario - Bolivia","og_description":"La encargada nacional de Salud de R\u00e9gimen Penitenciario, Mariana Garc\u00eda, asegur\u00f3 ayer que la salud de la expresidenta es estable, aunque de acuerdo con la evaluaci\u00f3n psiqui\u00e1trica padece de estr\u00e9s y depresi\u00f3n. La profesional asegur\u00f3 que por recomendaci\u00f3n del cardi\u00f3logo que la valor\u00f3 el jueves y el Instituto de Investigaciones Forenses, que la vio el [&hellip;]","og_url":"https:\/\/www.eldiario.net\/portal\/2021\/08\/14\/anez-tiene-estres-y-depresion\/","og_site_name":"El Diario - Bolivia","article_publisher":"https:\/\/www.facebook.com\/eldiario.bolivia\/","article_published_time":"2021-08-14T09:46:24+00:00","author":"Jeanette","twitter_card":"summary_large_image","twitter_creator":"@eldiario_net","twitter_site":"@eldiario_net","twitter_misc":{"Escrito por":"Jeanette","Tiempo de lectura":"2 minutos"},"schema":{"@context":"https:\/\/schema.org","@graph":[{"@type":"Article","@id":"https:\/\/www.eldiario.net\/portal\/2021\/08\/14\/anez-tiene-estres-y-depresion\/#article","isPartOf":{"@id":"https:\/\/www.eldiario.net\/portal\/2021\/08\/14\/anez-tiene-estres-y-depresion\/"},"author":{"name":"Jeanette","@id":"https:\/\/www.eldiario.net\/portal\/#\/schema\/person\/f46445640444750d7d753ccd04ae01b7"},"headline":"\u00c1\u00f1ez tiene estr\u00e9s y depresi\u00f3n","datePublished":"2021-08-14T09:46:24+00:00","mainEntityOfPage":{"@id":"https:\/\/www.eldiario.net\/portal\/2021\/08\/14\/anez-tiene-estres-y-depresion\/"},"wordCount":460,"publisher":{"@id":"https:\/\/www.eldiario.net\/portal\/#organization"},"image":{"@id":"https:\/\/www.eldiario.net\/portal\/2021\/08\/14\/anez-tiene-estres-y-depresion\/#primaryimage"},"thumbnailUrl":"","articleSection":["Sociedad - Seguridad"],"inLanguage":"es"},{"@type":"WebPage","@id":"https:\/\/www.eldiario.net\/portal\/2021\/08\/14\/anez-tiene-estres-y-depresion\/","url":"https:\/\/www.eldiario.net\/portal\/2021\/08\/14\/anez-tiene-estres-y-depresion\/","name":"\u00c1\u00f1ez tiene estr\u00e9s y depresi\u00f3n - El Diario - Bolivia","isPartOf":{"@id":"https:\/\/www.eldiario.net\/portal\/#website"},"primaryImageOfPage":{"@id":"https:\/\/www.eldiario.net\/portal\/2021\/08\/14\/anez-tiene-estres-y-depresion\/#primaryimage"},"image":{"@id":"https:\/\/www.eldiario.net\/portal\/2021\/08\/14\/anez-tiene-estres-y-depresion\/#primaryimage"},"thumbnailUrl":"","datePublished":"2021-08-14T09:46:24+00:00","breadcrumb":{"@id":"https:\/\/www.eldiario.net\/portal\/2021\/08\/14\/anez-tiene-estres-y-depresion\/#breadcrumb"},"inLanguage":"es","potentialAction":[{"@type":"ReadAction","target":["https:\/\/www.eldiario.net\/portal\/2021\/08\/14\/anez-tiene-estres-y-depresion\/"]}]},{"@type":"ImageObject","inLanguage":"es","@id":"https:\/\/www.eldiario.net\/portal\/2021\/08\/14\/anez-tiene-estres-y-depresion\/#primaryimage","url":"","contentUrl":""},{"@type":"BreadcrumbList","@id":"https:\/\/www.eldiario.net\/portal\/2021\/08\/14\/anez-tiene-estres-y-depresion\/#breadcrumb","itemListElement":[{"@type":"ListItem","position":1,"name":"Portada","item":"https:\/\/www.eldiario.net\/portal\/"},{"@type":"ListItem","position":2,"name":"\u00c1\u00f1ez tiene estr\u00e9s y depresi\u00f3n"}]},{"@type":"WebSite","@id":"https:\/\/www.eldiario.net\/portal\/#website","url":"https:\/\/www.eldiario.net\/portal\/","name":"El Diario - Decano de la prensa nacional","description":"El Diario - Decano de la prensa nacional","publisher":{"@id":"https:\/\/www.eldiario.net\/portal\/#organization"},"potentialAction":[{"@type":"SearchAction","target":{"@type":"EntryPoint","urlTemplate":"https:\/\/www.eldiario.net\/portal\/?s={search_term_string}"},"query-input":{"@type":"PropertyValueSpecification","valueRequired":true,"valueName":"search_term_string"}}],"inLanguage":"es"},{"@type":"Organization","@id":"https:\/\/www.eldiario.net\/portal\/#organization","name":"El Diario - Decano de la prensa nacional","url":"https:\/\/www.eldiario.net\/portal\/","logo":{"@type":"ImageObject","inLanguage":"es","@id":"https:\/\/www.eldiario.net\/portal\/#\/schema\/logo\/image\/","url":"https:\/\/www.eldiario.net\/portal\/wp-content\/uploads\/2023\/07\/logo_ED.jpg","contentUrl":"https:\/\/www.eldiario.net\/portal\/wp-content\/uploads\/2023\/07\/logo_ED.jpg","width":272,"height":52,"caption":"El Diario - Decano de la prensa nacional"},"image":{"@id":"https:\/\/www.eldiario.net\/portal\/#\/schema\/logo\/image\/"},"sameAs":["https:\/\/www.facebook.com\/eldiario.bolivia\/","https:\/\/x.com\/eldiario_net"]},{"@type":"Person","@id":"https:\/\/www.eldiario.net\/portal\/#\/schema\/person\/f46445640444750d7d753ccd04ae01b7","name":"Jeanette","image":{"@type":"ImageObject","inLanguage":"es","@id":"https:\/\/secure.gravatar.com\/avatar\/3ea2118a5f7dad2b7138b1187a6b7ee55f160b9968b66013c3a3ef39dd7e5798?s=96&d=mm&r=g","url":"https:\/\/secure.gravatar.com\/avatar\/3ea2118a5f7dad2b7138b1187a6b7ee55f160b9968b66013c3a3ef39dd7e5798?s=96&d=mm&r=g","contentUrl":"https:\/\/secure.gravatar.com\/avatar\/3ea2118a5f7dad2b7138b1187a6b7ee55f160b9968b66013c3a3ef39dd7e5798?s=96&d=mm&r=g","caption":"Jeanette"},"sameAs":["https:\/\/www.eldiario.net\/portal"],"url":"https:\/\/www.eldiario.net\/portal\/author\/jeanette\/"}]}},"_links":{"self":[{"href":"https:\/\/www.eldiario.net\/portal\/wp-json\/wp\/v2\/posts\/23373","targetHints":{"allow":["GET"]}}],"collection":[{"href":"https:\/\/www.eldiario.net\/portal\/wp-json\/wp\/v2\/posts"}],"about":[{"href":"https:\/\/www.eldiario.net\/portal\/wp-json\/wp\/v2\/types\/post"}],"author":[{"embeddable":true,"href":"https:\/\/www.eldiario.net\/portal\/wp-json\/wp\/v2\/users\/1"}],"replies":[{"embeddable":true,"href":"https:\/\/www.eldiario.net\/portal\/wp-json\/wp\/v2\/comments?post=23373"}],"version-history":[{"count":0,"href":"https:\/\/www.eldiario.net\/portal\/wp-json\/wp\/v2\/posts\/23373\/revisions"}],"wp:attachment":[{"href":"https:\/\/www.eldiario.net\/portal\/wp-json\/wp\/v2\/media?parent=23373"}],"wp:term":[{"taxonomy":"category","embeddable":true,"href":"https:\/\/www.eldiario.net\/portal\/wp-json\/wp\/v2\/categories?post=23373"},{"taxonomy":"post_tag","embeddable":true,"href":"https:\/\/www.eldiario.net\/portal\/wp-json\/wp\/v2\/tags?post=23373"}],"curies":[{"name":"wp","href":"https:\/\/api.w.org\/{rel}","templated":true}]}}