{"id":23370,"date":"2021-08-14T05:45:04","date_gmt":"2021-08-14T09:45:04","guid":{"rendered":"https:\/\/www.eldiario.net\/portal\/?p=23370"},"modified":"2021-08-14T05:45:04","modified_gmt":"2021-08-14T09:45:04","slug":"corte-idh-senala-que-reeleccion-indefinida-no-es-derecho-humano","status":"publish","type":"post","link":"https:\/\/www.eldiario.net\/portal\/2021\/08\/14\/corte-idh-senala-que-reeleccion-indefinida-no-es-derecho-humano\/","title":{"rendered":"Corte-IDH se\u00f1ala que reelecci\u00f3n  indefinida no es derecho humano"},"content":{"rendered":"<p>Finalmente la Corte Interamericana de Derechos Humanos (C-IDH) se pronunci\u00f3, se\u00f1alando que la reelecci\u00f3n presidencial indefinida no es un derecho humano, por lo que personalidades del ambiente pol\u00edtico nacional ahora exigen que se procese a los magistrados del Tribunal Constitucional Plurinacional (TCP) por el delito de prevaricato.<br \/>\nEn horas de la tarde de la jornada pasada, mediante una publicaci\u00f3n emitida en p\u00e1gina oficial de la Corte Interamericana de Derechos Humanos, esta instancia inform\u00f3 sobre la determinaci\u00f3n, donde se se\u00f1ala que la reelecci\u00f3n indefinida no constituye un derecho humano.<br \/>\n\u201c1 La reelecci\u00f3n presidencial indefinida no constituye un derecho aut\u00f3nomo protegido por la Convenci\u00f3n Americana ni por el \u2018Corpus iuris\u2019 del derecho internacional de los derechos humanos. 2 La prohibici\u00f3n de la reelecci\u00f3n indefinida es compatible con la Convenci\u00f3n Americana sobre Derechos Humanos, la Declaraci\u00f3n Americana de los Derechos y Deberes del Hombre, y la Carta Democr\u00e1tica Interamericana. 3 La habilitaci\u00f3n de la reelecci\u00f3n presidencial indefinida, es contraria a los principios de una democracia representativa, y, por ende, a las obligaciones establecidas en la Convenci\u00f3n Americana sobre Derechos Humanos y Declaraci\u00f3n Americana de los Derechos y Deberes del Hombre\u201d, se\u00f1ala el documento.<br \/>\nEsta resoluci\u00f3n fue aprobada por cinco votos a favor y dos votos disidentes por parte de los jueces Patricio Pazmi\u00f1o Freire y Eugenio Ra\u00fal Zaffaroni, quien, adem\u00e1s, es abogado de Evo Morales.<br \/>\nUna vez conocida la noticia, el expresidente Jorge Quiroga, mediante conferencia de prensa, se\u00f1al\u00f3 que con esta determinaci\u00f3n se hace justicia y se da la raz\u00f3n a todos los bolivianos que en su momento negaron a Morales la posibilidad de buscar una nueva postulaci\u00f3n presidencial mediante el refer\u00e9ndum del 21F.<br \/>\n\u201cHace 5 a\u00f1os y medio, Bolivia dijo que no al prorroguismo de Evo Morales. Hoy la Corte Interamericana de Derechos Humanos en San Jos\u00e9, la instancia jur\u00eddica m\u00e1s alta del hemisferio, acaba de dar su dictamen inapelable, final y definitivo, se\u00f1alando algo que es una verdad que todos sab\u00edamos, la reelecci\u00f3n indefinida y el prorroguismo no es un derecho humano\u201d, dijo.<br \/>\nSostuvo que con este fallo, se habilita a los actuales mandatarios de Bolivia a buscar una nueva postulaci\u00f3n a la presidencia, m\u00e1s las aspiraciones del expresidente Morales quedan cerradas.<br \/>\n\u201c\u00bfLa Convenci\u00f3n Interamericana, la Constituci\u00f3n y la ley electoral de Bolivia permiten hoy, que Luis Arce vuelva postular? s\u00ed. \u00bfPermiten hoy que Choquehuanca vuelva a postular? s\u00ed. \u00bfEvo de nuevo? no, nunca m\u00e1s. Hora de irse al restaurante, eso es lo que sabemos por lo que ha pasado con la convenci\u00f3n\u201d, manifest\u00f3 Quiroga.<br \/>\nSobre las responsabilidades de la postulaci\u00f3n ilegal de Morales para las elecciones de 2019, sostuvo que queda claro que los magistrados del TCP que avalaron esta candidatura son responsables directos, as\u00ed como los vocales del TSE y parlamentarios que viabilizaron un refer\u00e9ndum que despu\u00e9s desconocieron, por lo que deben responder ante la justicia.<br \/>\n\u201c\u00bfQui\u00e9nes son los responsables? Los sicarios de la democracia del Tribunal Constitucional, prevaricadores que hicieron resoluciones contrarias a la Constituci\u00f3n, tambi\u00e9n los parlamentario que el 2017 hicieron esta consulta al tribunal, ojala que un d\u00eda respondan en Bolivia por lo que hicieron por la erogaci\u00f3n de los millones de bolivianos y la profunda crisis democr\u00e1tica en la que sumieron a nuestra naci\u00f3n, como tambi\u00e9n lo son los exvocales del tribunal supremo electoral\u201d manifest\u00f3 el exmandatario.<br \/>\nQuiroga adelant\u00f3 que se espera que todos los implicados en estas violaciones a las normas, traten de encontrar formas para evadir sus responsabilidades y burlar a la justicia.<br \/>\nAl respecto, el expresidente y jefe de la alianza Comunidad Ciudadana, Carlos Mesa Gisbert, mediante su cuenta de Twitter, se\u00f1al\u00f3 que el fallo de la Corte IDH representa una derrota hist\u00f3rica para Morales y la necesidad de iniciar juicios por prevaricato en contra de los magistrados del TCP y contra Evo Morales.<br \/>\n\u201cDerrota hist\u00f3rica de Morales. Celebro reparaci\u00f3n hist\u00f3rica de la democracia en Bolivia con el fallo vinculante de la Corte Interamericana de derechos Humanos. Procede juicio contra Magistrados del Tribunal Constitucional Plurinacional por prevaricato y contra Evo Morales por incumplimiento de deberes y atentar contra la soberan\u00eda popular\u201d, manifest\u00f3.<br \/>\nPor su parte, el secretario general de la Organizaci\u00f3n de Estados Americanos, Luis Almagro, resalt\u00f3 la importancia de la opini\u00f3n consultiva por fortalecer la democracia de la regi\u00f3n y para evitar que este tipo de abusos se repitan en el futuro bajo el argumento de que la reelecci\u00f3n indefinida es un derecho humano.<br \/>\n\u201cLa opini\u00f3n consultiva de Corte Interamericana de Derechos Humanos es fundamental para fortalecer la democracia hemisf\u00e9rica porque evita los abusos cometidos en el pasado y tambi\u00e9n abre un camino hacia el futuro en que la democracia no est\u00e9 contaminada por el err\u00f3neo concepto q la reelecci\u00f3n es un derecho humano\u201d expres\u00f3.<br \/>\nPor parte del gobierno boliviano, el ministro de Justicia, Iv\u00e1n Lima, insisti\u00f3 en su posici\u00f3n y reiter\u00f3 que el asunto de la reelecci\u00f3n indefinida, ya fue resuelto con la convocatoria a las elecciones generales del 2020.<br \/>\n\u201cBolivia mediante la Ley 1266 art\u00edculos 18 y 19 entre otros cumple con los alcances de la Opini\u00f3n Consultiva, es un tema cerrado para nuestro pa\u00eds\u201d refiri\u00f3 desde su cuenta de Twitter.<\/p>\n","protected":false},"excerpt":{"rendered":"<p>Finalmente la Corte Interamericana de Derechos Humanos (C-IDH) se pronunci\u00f3, se\u00f1alando que la reelecci\u00f3n presidencial indefinida no es un derecho humano, por lo que personalidades del ambiente pol\u00edtico nacional ahora exigen que se procese a los magistrados del Tribunal Constitucional Plurinacional (TCP) por el delito de prevaricato. En horas de la tarde de la jornada [&hellip;]<\/p>\n","protected":false},"author":1,"featured_media":23371,"comment_status":"closed","ping_status":"closed","sticky":false,"template":"","format":"standard","meta":{"_acf_changed":false,"footnotes":""},"categories":[14],"tags":[],"class_list":["post-23370","post","type-post","status-publish","format-standard","has-post-thumbnail","category-politica"],"acf":{"antetitulo":""},"yoast_head":"<!-- This site is optimized with the Yoast SEO plugin v28.4 - https:\/\/yoast.com\/product\/yoast-seo-wordpress\/ -->\n<title>Corte-IDH se\u00f1ala que reelecci\u00f3n indefinida no es derecho humano - El Diario - Bolivia<\/title>\n<meta name=\"robots\" content=\"index, follow, max-snippet:-1, max-image-preview:large, max-video-preview:-1\" \/>\n<link rel=\"canonical\" href=\"https:\/\/www.eldiario.net\/portal\/2021\/08\/14\/corte-idh-senala-que-reeleccion-indefinida-no-es-derecho-humano\/\" \/>\n<meta property=\"og:locale\" content=\"es_ES\" \/>\n<meta property=\"og:type\" content=\"article\" \/>\n<meta property=\"og:title\" content=\"Corte-IDH se\u00f1ala que reelecci\u00f3n indefinida no es derecho humano - El Diario - Bolivia\" \/>\n<meta property=\"og:description\" content=\"Finalmente la Corte Interamericana de Derechos Humanos (C-IDH) se pronunci\u00f3, se\u00f1alando que la reelecci\u00f3n presidencial indefinida no es un derecho humano, por lo que personalidades del ambiente pol\u00edtico nacional ahora exigen que se procese a los magistrados del Tribunal Constitucional Plurinacional (TCP) por el delito de prevaricato. En horas de la tarde de la jornada [&hellip;]\" \/>\n<meta property=\"og:url\" content=\"https:\/\/www.eldiario.net\/portal\/2021\/08\/14\/corte-idh-senala-que-reeleccion-indefinida-no-es-derecho-humano\/\" \/>\n<meta property=\"og:site_name\" content=\"El Diario - Bolivia\" \/>\n<meta property=\"article:publisher\" content=\"https:\/\/www.facebook.com\/eldiario.bolivia\/\" \/>\n<meta property=\"article:published_time\" content=\"2021-08-14T09:45:04+00:00\" \/>\n<meta name=\"author\" content=\"Jeanette\" \/>\n<meta name=\"twitter:card\" content=\"summary_large_image\" \/>\n<meta name=\"twitter:creator\" content=\"@eldiario_net\" \/>\n<meta name=\"twitter:site\" content=\"@eldiario_net\" \/>\n<meta name=\"twitter:label1\" content=\"Escrito por\" \/>\n\t<meta name=\"twitter:data1\" content=\"Jeanette\" \/>\n\t<meta name=\"twitter:label2\" content=\"Tiempo de lectura\" \/>\n\t<meta name=\"twitter:data2\" content=\"4 minutos\" \/>\n<script type=\"application\/ld+json\" class=\"yoast-schema-graph\">{\"@context\":\"https:\\\/\\\/schema.org\",\"@graph\":[{\"@type\":\"Article\",\"@id\":\"https:\\\/\\\/www.eldiario.net\\\/portal\\\/2021\\\/08\\\/14\\\/corte-idh-senala-que-reeleccion-indefinida-no-es-derecho-humano\\\/#article\",\"isPartOf\":{\"@id\":\"https:\\\/\\\/www.eldiario.net\\\/portal\\\/2021\\\/08\\\/14\\\/corte-idh-senala-que-reeleccion-indefinida-no-es-derecho-humano\\\/\"},\"author\":{\"name\":\"Jeanette\",\"@id\":\"https:\\\/\\\/www.eldiario.net\\\/portal\\\/#\\\/schema\\\/person\\\/f46445640444750d7d753ccd04ae01b7\"},\"headline\":\"Corte-IDH se\u00f1ala que reelecci\u00f3n indefinida no es derecho humano\",\"datePublished\":\"2021-08-14T09:45:04+00:00\",\"mainEntityOfPage\":{\"@id\":\"https:\\\/\\\/www.eldiario.net\\\/portal\\\/2021\\\/08\\\/14\\\/corte-idh-senala-que-reeleccion-indefinida-no-es-derecho-humano\\\/\"},\"wordCount\":918,\"publisher\":{\"@id\":\"https:\\\/\\\/www.eldiario.net\\\/portal\\\/#organization\"},\"image\":{\"@id\":\"https:\\\/\\\/www.eldiario.net\\\/portal\\\/2021\\\/08\\\/14\\\/corte-idh-senala-que-reeleccion-indefinida-no-es-derecho-humano\\\/#primaryimage\"},\"thumbnailUrl\":\"\",\"articleSection\":[\"Pol\u00edtica\"],\"inLanguage\":\"es\"},{\"@type\":\"WebPage\",\"@id\":\"https:\\\/\\\/www.eldiario.net\\\/portal\\\/2021\\\/08\\\/14\\\/corte-idh-senala-que-reeleccion-indefinida-no-es-derecho-humano\\\/\",\"url\":\"https:\\\/\\\/www.eldiario.net\\\/portal\\\/2021\\\/08\\\/14\\\/corte-idh-senala-que-reeleccion-indefinida-no-es-derecho-humano\\\/\",\"name\":\"Corte-IDH se\u00f1ala que reelecci\u00f3n indefinida no es derecho humano - El Diario - Bolivia\",\"isPartOf\":{\"@id\":\"https:\\\/\\\/www.eldiario.net\\\/portal\\\/#website\"},\"primaryImageOfPage\":{\"@id\":\"https:\\\/\\\/www.eldiario.net\\\/portal\\\/2021\\\/08\\\/14\\\/corte-idh-senala-que-reeleccion-indefinida-no-es-derecho-humano\\\/#primaryimage\"},\"image\":{\"@id\":\"https:\\\/\\\/www.eldiario.net\\\/portal\\\/2021\\\/08\\\/14\\\/corte-idh-senala-que-reeleccion-indefinida-no-es-derecho-humano\\\/#primaryimage\"},\"thumbnailUrl\":\"\",\"datePublished\":\"2021-08-14T09:45:04+00:00\",\"breadcrumb\":{\"@id\":\"https:\\\/\\\/www.eldiario.net\\\/portal\\\/2021\\\/08\\\/14\\\/corte-idh-senala-que-reeleccion-indefinida-no-es-derecho-humano\\\/#breadcrumb\"},\"inLanguage\":\"es\",\"potentialAction\":[{\"@type\":\"ReadAction\",\"target\":[\"https:\\\/\\\/www.eldiario.net\\\/portal\\\/2021\\\/08\\\/14\\\/corte-idh-senala-que-reeleccion-indefinida-no-es-derecho-humano\\\/\"]}]},{\"@type\":\"ImageObject\",\"inLanguage\":\"es\",\"@id\":\"https:\\\/\\\/www.eldiario.net\\\/portal\\\/2021\\\/08\\\/14\\\/corte-idh-senala-que-reeleccion-indefinida-no-es-derecho-humano\\\/#primaryimage\",\"url\":\"\",\"contentUrl\":\"\"},{\"@type\":\"BreadcrumbList\",\"@id\":\"https:\\\/\\\/www.eldiario.net\\\/portal\\\/2021\\\/08\\\/14\\\/corte-idh-senala-que-reeleccion-indefinida-no-es-derecho-humano\\\/#breadcrumb\",\"itemListElement\":[{\"@type\":\"ListItem\",\"position\":1,\"name\":\"Portada\",\"item\":\"https:\\\/\\\/www.eldiario.net\\\/portal\\\/\"},{\"@type\":\"ListItem\",\"position\":2,\"name\":\"Corte-IDH se\u00f1ala que reelecci\u00f3n indefinida no es derecho humano\"}]},{\"@type\":\"WebSite\",\"@id\":\"https:\\\/\\\/www.eldiario.net\\\/portal\\\/#website\",\"url\":\"https:\\\/\\\/www.eldiario.net\\\/portal\\\/\",\"name\":\"El Diario - Decano de la prensa nacional\",\"description\":\"El Diario - Decano de la prensa nacional\",\"publisher\":{\"@id\":\"https:\\\/\\\/www.eldiario.net\\\/portal\\\/#organization\"},\"potentialAction\":[{\"@type\":\"SearchAction\",\"target\":{\"@type\":\"EntryPoint\",\"urlTemplate\":\"https:\\\/\\\/www.eldiario.net\\\/portal\\\/?s={search_term_string}\"},\"query-input\":{\"@type\":\"PropertyValueSpecification\",\"valueRequired\":true,\"valueName\":\"search_term_string\"}}],\"inLanguage\":\"es\"},{\"@type\":\"Organization\",\"@id\":\"https:\\\/\\\/www.eldiario.net\\\/portal\\\/#organization\",\"name\":\"El Diario - Decano de la prensa nacional\",\"url\":\"https:\\\/\\\/www.eldiario.net\\\/portal\\\/\",\"logo\":{\"@type\":\"ImageObject\",\"inLanguage\":\"es\",\"@id\":\"https:\\\/\\\/www.eldiario.net\\\/portal\\\/#\\\/schema\\\/logo\\\/image\\\/\",\"url\":\"https:\\\/\\\/www.eldiario.net\\\/portal\\\/wp-content\\\/uploads\\\/2023\\\/07\\\/logo_ED.jpg\",\"contentUrl\":\"https:\\\/\\\/www.eldiario.net\\\/portal\\\/wp-content\\\/uploads\\\/2023\\\/07\\\/logo_ED.jpg\",\"width\":272,\"height\":52,\"caption\":\"El Diario - Decano de la prensa nacional\"},\"image\":{\"@id\":\"https:\\\/\\\/www.eldiario.net\\\/portal\\\/#\\\/schema\\\/logo\\\/image\\\/\"},\"sameAs\":[\"https:\\\/\\\/www.facebook.com\\\/eldiario.bolivia\\\/\",\"https:\\\/\\\/x.com\\\/eldiario_net\"]},{\"@type\":\"Person\",\"@id\":\"https:\\\/\\\/www.eldiario.net\\\/portal\\\/#\\\/schema\\\/person\\\/f46445640444750d7d753ccd04ae01b7\",\"name\":\"Jeanette\",\"image\":{\"@type\":\"ImageObject\",\"inLanguage\":\"es\",\"@id\":\"https:\\\/\\\/secure.gravatar.com\\\/avatar\\\/3ea2118a5f7dad2b7138b1187a6b7ee55f160b9968b66013c3a3ef39dd7e5798?s=96&d=mm&r=g\",\"url\":\"https:\\\/\\\/secure.gravatar.com\\\/avatar\\\/3ea2118a5f7dad2b7138b1187a6b7ee55f160b9968b66013c3a3ef39dd7e5798?s=96&d=mm&r=g\",\"contentUrl\":\"https:\\\/\\\/secure.gravatar.com\\\/avatar\\\/3ea2118a5f7dad2b7138b1187a6b7ee55f160b9968b66013c3a3ef39dd7e5798?s=96&d=mm&r=g\",\"caption\":\"Jeanette\"},\"sameAs\":[\"https:\\\/\\\/www.eldiario.net\\\/portal\"],\"url\":\"https:\\\/\\\/www.eldiario.net\\\/portal\\\/author\\\/jeanette\\\/\"}]}<\/script>\n<!-- \/ Yoast SEO plugin. -->","yoast_head_json":{"title":"Corte-IDH se\u00f1ala que reelecci\u00f3n indefinida no es derecho humano - El Diario - Bolivia","robots":{"index":"index","follow":"follow","max-snippet":"max-snippet:-1","max-image-preview":"max-image-preview:large","max-video-preview":"max-video-preview:-1"},"canonical":"https:\/\/www.eldiario.net\/portal\/2021\/08\/14\/corte-idh-senala-que-reeleccion-indefinida-no-es-derecho-humano\/","og_locale":"es_ES","og_type":"article","og_title":"Corte-IDH se\u00f1ala que reelecci\u00f3n indefinida no es derecho humano - El Diario - Bolivia","og_description":"Finalmente la Corte Interamericana de Derechos Humanos (C-IDH) se pronunci\u00f3, se\u00f1alando que la reelecci\u00f3n presidencial indefinida no es un derecho humano, por lo que personalidades del ambiente pol\u00edtico nacional ahora exigen que se procese a los magistrados del Tribunal Constitucional Plurinacional (TCP) por el delito de prevaricato. En horas de la tarde de la jornada [&hellip;]","og_url":"https:\/\/www.eldiario.net\/portal\/2021\/08\/14\/corte-idh-senala-que-reeleccion-indefinida-no-es-derecho-humano\/","og_site_name":"El Diario - Bolivia","article_publisher":"https:\/\/www.facebook.com\/eldiario.bolivia\/","article_published_time":"2021-08-14T09:45:04+00:00","author":"Jeanette","twitter_card":"summary_large_image","twitter_creator":"@eldiario_net","twitter_site":"@eldiario_net","twitter_misc":{"Escrito por":"Jeanette","Tiempo de lectura":"4 minutos"},"schema":{"@context":"https:\/\/schema.org","@graph":[{"@type":"Article","@id":"https:\/\/www.eldiario.net\/portal\/2021\/08\/14\/corte-idh-senala-que-reeleccion-indefinida-no-es-derecho-humano\/#article","isPartOf":{"@id":"https:\/\/www.eldiario.net\/portal\/2021\/08\/14\/corte-idh-senala-que-reeleccion-indefinida-no-es-derecho-humano\/"},"author":{"name":"Jeanette","@id":"https:\/\/www.eldiario.net\/portal\/#\/schema\/person\/f46445640444750d7d753ccd04ae01b7"},"headline":"Corte-IDH se\u00f1ala que reelecci\u00f3n indefinida no es derecho humano","datePublished":"2021-08-14T09:45:04+00:00","mainEntityOfPage":{"@id":"https:\/\/www.eldiario.net\/portal\/2021\/08\/14\/corte-idh-senala-que-reeleccion-indefinida-no-es-derecho-humano\/"},"wordCount":918,"publisher":{"@id":"https:\/\/www.eldiario.net\/portal\/#organization"},"image":{"@id":"https:\/\/www.eldiario.net\/portal\/2021\/08\/14\/corte-idh-senala-que-reeleccion-indefinida-no-es-derecho-humano\/#primaryimage"},"thumbnailUrl":"","articleSection":["Pol\u00edtica"],"inLanguage":"es"},{"@type":"WebPage","@id":"https:\/\/www.eldiario.net\/portal\/2021\/08\/14\/corte-idh-senala-que-reeleccion-indefinida-no-es-derecho-humano\/","url":"https:\/\/www.eldiario.net\/portal\/2021\/08\/14\/corte-idh-senala-que-reeleccion-indefinida-no-es-derecho-humano\/","name":"Corte-IDH se\u00f1ala que reelecci\u00f3n indefinida no es derecho humano - El Diario - Bolivia","isPartOf":{"@id":"https:\/\/www.eldiario.net\/portal\/#website"},"primaryImageOfPage":{"@id":"https:\/\/www.eldiario.net\/portal\/2021\/08\/14\/corte-idh-senala-que-reeleccion-indefinida-no-es-derecho-humano\/#primaryimage"},"image":{"@id":"https:\/\/www.eldiario.net\/portal\/2021\/08\/14\/corte-idh-senala-que-reeleccion-indefinida-no-es-derecho-humano\/#primaryimage"},"thumbnailUrl":"","datePublished":"2021-08-14T09:45:04+00:00","breadcrumb":{"@id":"https:\/\/www.eldiario.net\/portal\/2021\/08\/14\/corte-idh-senala-que-reeleccion-indefinida-no-es-derecho-humano\/#breadcrumb"},"inLanguage":"es","potentialAction":[{"@type":"ReadAction","target":["https:\/\/www.eldiario.net\/portal\/2021\/08\/14\/corte-idh-senala-que-reeleccion-indefinida-no-es-derecho-humano\/"]}]},{"@type":"ImageObject","inLanguage":"es","@id":"https:\/\/www.eldiario.net\/portal\/2021\/08\/14\/corte-idh-senala-que-reeleccion-indefinida-no-es-derecho-humano\/#primaryimage","url":"","contentUrl":""},{"@type":"BreadcrumbList","@id":"https:\/\/www.eldiario.net\/portal\/2021\/08\/14\/corte-idh-senala-que-reeleccion-indefinida-no-es-derecho-humano\/#breadcrumb","itemListElement":[{"@type":"ListItem","position":1,"name":"Portada","item":"https:\/\/www.eldiario.net\/portal\/"},{"@type":"ListItem","position":2,"name":"Corte-IDH se\u00f1ala que reelecci\u00f3n indefinida no es derecho humano"}]},{"@type":"WebSite","@id":"https:\/\/www.eldiario.net\/portal\/#website","url":"https:\/\/www.eldiario.net\/portal\/","name":"El Diario - Decano de la prensa nacional","description":"El Diario - Decano de la prensa nacional","publisher":{"@id":"https:\/\/www.eldiario.net\/portal\/#organization"},"potentialAction":[{"@type":"SearchAction","target":{"@type":"EntryPoint","urlTemplate":"https:\/\/www.eldiario.net\/portal\/?s={search_term_string}"},"query-input":{"@type":"PropertyValueSpecification","valueRequired":true,"valueName":"search_term_string"}}],"inLanguage":"es"},{"@type":"Organization","@id":"https:\/\/www.eldiario.net\/portal\/#organization","name":"El Diario - Decano de la prensa nacional","url":"https:\/\/www.eldiario.net\/portal\/","logo":{"@type":"ImageObject","inLanguage":"es","@id":"https:\/\/www.eldiario.net\/portal\/#\/schema\/logo\/image\/","url":"https:\/\/www.eldiario.net\/portal\/wp-content\/uploads\/2023\/07\/logo_ED.jpg","contentUrl":"https:\/\/www.eldiario.net\/portal\/wp-content\/uploads\/2023\/07\/logo_ED.jpg","width":272,"height":52,"caption":"El Diario - Decano de la prensa nacional"},"image":{"@id":"https:\/\/www.eldiario.net\/portal\/#\/schema\/logo\/image\/"},"sameAs":["https:\/\/www.facebook.com\/eldiario.bolivia\/","https:\/\/x.com\/eldiario_net"]},{"@type":"Person","@id":"https:\/\/www.eldiario.net\/portal\/#\/schema\/person\/f46445640444750d7d753ccd04ae01b7","name":"Jeanette","image":{"@type":"ImageObject","inLanguage":"es","@id":"https:\/\/secure.gravatar.com\/avatar\/3ea2118a5f7dad2b7138b1187a6b7ee55f160b9968b66013c3a3ef39dd7e5798?s=96&d=mm&r=g","url":"https:\/\/secure.gravatar.com\/avatar\/3ea2118a5f7dad2b7138b1187a6b7ee55f160b9968b66013c3a3ef39dd7e5798?s=96&d=mm&r=g","contentUrl":"https:\/\/secure.gravatar.com\/avatar\/3ea2118a5f7dad2b7138b1187a6b7ee55f160b9968b66013c3a3ef39dd7e5798?s=96&d=mm&r=g","caption":"Jeanette"},"sameAs":["https:\/\/www.eldiario.net\/portal"],"url":"https:\/\/www.eldiario.net\/portal\/author\/jeanette\/"}]}},"_links":{"self":[{"href":"https:\/\/www.eldiario.net\/portal\/wp-json\/wp\/v2\/posts\/23370","targetHints":{"allow":["GET"]}}],"collection":[{"href":"https:\/\/www.eldiario.net\/portal\/wp-json\/wp\/v2\/posts"}],"about":[{"href":"https:\/\/www.eldiario.net\/portal\/wp-json\/wp\/v2\/types\/post"}],"author":[{"embeddable":true,"href":"https:\/\/www.eldiario.net\/portal\/wp-json\/wp\/v2\/users\/1"}],"replies":[{"embeddable":true,"href":"https:\/\/www.eldiario.net\/portal\/wp-json\/wp\/v2\/comments?post=23370"}],"version-history":[{"count":0,"href":"https:\/\/www.eldiario.net\/portal\/wp-json\/wp\/v2\/posts\/23370\/revisions"}],"wp:attachment":[{"href":"https:\/\/www.eldiario.net\/portal\/wp-json\/wp\/v2\/media?parent=23370"}],"wp:term":[{"taxonomy":"category","embeddable":true,"href":"https:\/\/www.eldiario.net\/portal\/wp-json\/wp\/v2\/categories?post=23370"},{"taxonomy":"post_tag","embeddable":true,"href":"https:\/\/www.eldiario.net\/portal\/wp-json\/wp\/v2\/tags?post=23370"}],"curies":[{"name":"wp","href":"https:\/\/api.w.org\/{rel}","templated":true}]}}