{"id":23367,"date":"2021-08-14T05:44:04","date_gmt":"2021-08-14T09:44:04","guid":{"rendered":"https:\/\/www.eldiario.net\/portal\/?p=23367"},"modified":"2021-08-14T05:44:04","modified_gmt":"2021-08-14T09:44:04","slug":"opositores-exigen-iniciar-juicio-contra-evo-morales","status":"publish","type":"post","link":"https:\/\/www.eldiario.net\/portal\/2021\/08\/14\/opositores-exigen-iniciar-juicio-contra-evo-morales\/","title":{"rendered":"Opositores exigen iniciar juicio contra Evo Morales"},"content":{"rendered":"<p>Tras determinaci\u00f3n de la Corte Interamericana de Derechos Humanos (C-IDH) en la que se niega que la reelecci\u00f3n presidencial indefinida sea un derecho humano, legisladores de oposici\u00f3n exigen que se inicie un juicio de responsabilidades en contra del expresidente Evo Morales por violar la Constituci\u00f3n Pol\u00edtica del Estado para prorrogarse en el poder.<br \/>\nEl diputado de Comunidad Ciudadana, Alejandro Reyes, manifest\u00f3 que el exmandatario viol\u00f3 las normas para intentar perpetuarse en el poder, hecho que gener\u00f3 confrontaci\u00f3n e inestabilidad pol\u00edtica y social, por lo que es necesario que se inicien procesos para que rinda cuentas ante la justicia.<br \/>\n\u201cAmerita un juicio de responsabilidades porque aqu\u00ed ha maniobrado y manipulado todo tipo de t\u00e9rminos para conseguir una nueva elecci\u00f3n, nosotros vamos a accionar pol\u00edticamente y tambi\u00e9n de manera judicial, seguramente ya lo vamos a ir anunciando m\u00e1s adelante\u201d, dijo.<br \/>\nSe\u00f1al\u00f3 que los lamentables hechos de 2019 se generaron precisamente por ese intento de permanecer en el poder vali\u00e9ndose de cualquier recurso para conseguir ese objetivo.<br \/>\n\u201cHa violado la Constituci\u00f3n para prolongarse en el poder y como consecuencia produjo confrontaci\u00f3n y caos social en 2019. Es necesario que responda a la justicia. Ha manipulado para conseguir una nueva elecci\u00f3n\u201d, manifest\u00f3.<br \/>\nSobre las autoridades que permitieron y dieron viabilidad a la repostulaci\u00f3n de Morales, el diputado Reyes indic\u00f3 que se deben ampliar los procesos para miembros del Tribunal Constitucional el Tribunal Supremo Electoral, adem\u00e1s de legisladores vinculados en estas acciones que da\u00f1aron la democracia del pa\u00eds.<br \/>\n\u201cLos magistrados han sido c\u00f3mplices de la tramoya que produjo caos y muertes. Todos los involucrados en la reelecci\u00f3n fraudulenta, todos los part\u00edcipes deben ser procesados\u201d, afirm\u00f3 el parlamentario.<br \/>\nDesde el oficialismo se se\u00f1al\u00f3 que cualquier fallo solo aplica en casos a futuro y que se debe esperar que el pronunciamiento de esta instancia internacional pase por el Tribunal Constitucional como mandan las normas nacionales.<br \/>\n\u201cEl Tribunal Constitucional administrar\u00e1 si es vinculante o no, se manejar\u00e1 en funci\u00f3n a eso. Esperaremos, no podemos hablar de alguna sanci\u00f3n\u201d, sostuvo el senador oficialista F\u00e9lix Ajpi.<\/p>\n","protected":false},"excerpt":{"rendered":"<p>Tras determinaci\u00f3n de la Corte Interamericana de Derechos Humanos (C-IDH) en la que se niega que la reelecci\u00f3n presidencial indefinida sea un derecho humano, legisladores de oposici\u00f3n exigen que se inicie un juicio de responsabilidades en contra del expresidente Evo Morales por violar la Constituci\u00f3n Pol\u00edtica del Estado para prorrogarse en el poder. El diputado [&hellip;]<\/p>\n","protected":false},"author":1,"featured_media":23368,"comment_status":"closed","ping_status":"closed","sticky":false,"template":"","format":"standard","meta":{"_acf_changed":false,"footnotes":""},"categories":[14],"tags":[],"class_list":["post-23367","post","type-post","status-publish","format-standard","has-post-thumbnail","category-politica"],"acf":{"antetitulo":""},"yoast_head":"<!-- This site is optimized with the Yoast SEO plugin v28.4 - https:\/\/yoast.com\/product\/yoast-seo-wordpress\/ -->\n<title>Opositores exigen iniciar juicio contra Evo Morales - El Diario - Bolivia<\/title>\n<meta name=\"robots\" content=\"index, follow, max-snippet:-1, max-image-preview:large, max-video-preview:-1\" \/>\n<link rel=\"canonical\" href=\"https:\/\/www.eldiario.net\/portal\/2021\/08\/14\/opositores-exigen-iniciar-juicio-contra-evo-morales\/\" \/>\n<meta property=\"og:locale\" content=\"es_ES\" \/>\n<meta property=\"og:type\" content=\"article\" \/>\n<meta property=\"og:title\" content=\"Opositores exigen iniciar juicio contra Evo Morales - El Diario - Bolivia\" \/>\n<meta property=\"og:description\" content=\"Tras determinaci\u00f3n de la Corte Interamericana de Derechos Humanos (C-IDH) en la que se niega que la reelecci\u00f3n presidencial indefinida sea un derecho humano, legisladores de oposici\u00f3n exigen que se inicie un juicio de responsabilidades en contra del expresidente Evo Morales por violar la Constituci\u00f3n Pol\u00edtica del Estado para prorrogarse en el poder. El diputado [&hellip;]\" \/>\n<meta property=\"og:url\" content=\"https:\/\/www.eldiario.net\/portal\/2021\/08\/14\/opositores-exigen-iniciar-juicio-contra-evo-morales\/\" \/>\n<meta property=\"og:site_name\" content=\"El Diario - Bolivia\" \/>\n<meta property=\"article:publisher\" content=\"https:\/\/www.facebook.com\/eldiario.bolivia\/\" \/>\n<meta property=\"article:published_time\" content=\"2021-08-14T09:44:04+00:00\" \/>\n<meta name=\"author\" content=\"Jeanette\" \/>\n<meta name=\"twitter:card\" content=\"summary_large_image\" \/>\n<meta name=\"twitter:creator\" content=\"@eldiario_net\" \/>\n<meta name=\"twitter:site\" content=\"@eldiario_net\" \/>\n<meta name=\"twitter:label1\" content=\"Escrito por\" \/>\n\t<meta name=\"twitter:data1\" content=\"Jeanette\" \/>\n\t<meta name=\"twitter:label2\" content=\"Tiempo de lectura\" \/>\n\t<meta name=\"twitter:data2\" content=\"2 minutos\" \/>\n<script type=\"application\/ld+json\" class=\"yoast-schema-graph\">{\"@context\":\"https:\\\/\\\/schema.org\",\"@graph\":[{\"@type\":\"Article\",\"@id\":\"https:\\\/\\\/www.eldiario.net\\\/portal\\\/2021\\\/08\\\/14\\\/opositores-exigen-iniciar-juicio-contra-evo-morales\\\/#article\",\"isPartOf\":{\"@id\":\"https:\\\/\\\/www.eldiario.net\\\/portal\\\/2021\\\/08\\\/14\\\/opositores-exigen-iniciar-juicio-contra-evo-morales\\\/\"},\"author\":{\"name\":\"Jeanette\",\"@id\":\"https:\\\/\\\/www.eldiario.net\\\/portal\\\/#\\\/schema\\\/person\\\/f46445640444750d7d753ccd04ae01b7\"},\"headline\":\"Opositores exigen iniciar juicio contra Evo Morales\",\"datePublished\":\"2021-08-14T09:44:04+00:00\",\"mainEntityOfPage\":{\"@id\":\"https:\\\/\\\/www.eldiario.net\\\/portal\\\/2021\\\/08\\\/14\\\/opositores-exigen-iniciar-juicio-contra-evo-morales\\\/\"},\"wordCount\":369,\"publisher\":{\"@id\":\"https:\\\/\\\/www.eldiario.net\\\/portal\\\/#organization\"},\"image\":{\"@id\":\"https:\\\/\\\/www.eldiario.net\\\/portal\\\/2021\\\/08\\\/14\\\/opositores-exigen-iniciar-juicio-contra-evo-morales\\\/#primaryimage\"},\"thumbnailUrl\":\"\",\"articleSection\":[\"Pol\u00edtica\"],\"inLanguage\":\"es\"},{\"@type\":\"WebPage\",\"@id\":\"https:\\\/\\\/www.eldiario.net\\\/portal\\\/2021\\\/08\\\/14\\\/opositores-exigen-iniciar-juicio-contra-evo-morales\\\/\",\"url\":\"https:\\\/\\\/www.eldiario.net\\\/portal\\\/2021\\\/08\\\/14\\\/opositores-exigen-iniciar-juicio-contra-evo-morales\\\/\",\"name\":\"Opositores exigen iniciar juicio contra Evo Morales - El Diario - Bolivia\",\"isPartOf\":{\"@id\":\"https:\\\/\\\/www.eldiario.net\\\/portal\\\/#website\"},\"primaryImageOfPage\":{\"@id\":\"https:\\\/\\\/www.eldiario.net\\\/portal\\\/2021\\\/08\\\/14\\\/opositores-exigen-iniciar-juicio-contra-evo-morales\\\/#primaryimage\"},\"image\":{\"@id\":\"https:\\\/\\\/www.eldiario.net\\\/portal\\\/2021\\\/08\\\/14\\\/opositores-exigen-iniciar-juicio-contra-evo-morales\\\/#primaryimage\"},\"thumbnailUrl\":\"\",\"datePublished\":\"2021-08-14T09:44:04+00:00\",\"breadcrumb\":{\"@id\":\"https:\\\/\\\/www.eldiario.net\\\/portal\\\/2021\\\/08\\\/14\\\/opositores-exigen-iniciar-juicio-contra-evo-morales\\\/#breadcrumb\"},\"inLanguage\":\"es\",\"potentialAction\":[{\"@type\":\"ReadAction\",\"target\":[\"https:\\\/\\\/www.eldiario.net\\\/portal\\\/2021\\\/08\\\/14\\\/opositores-exigen-iniciar-juicio-contra-evo-morales\\\/\"]}]},{\"@type\":\"ImageObject\",\"inLanguage\":\"es\",\"@id\":\"https:\\\/\\\/www.eldiario.net\\\/portal\\\/2021\\\/08\\\/14\\\/opositores-exigen-iniciar-juicio-contra-evo-morales\\\/#primaryimage\",\"url\":\"\",\"contentUrl\":\"\"},{\"@type\":\"BreadcrumbList\",\"@id\":\"https:\\\/\\\/www.eldiario.net\\\/portal\\\/2021\\\/08\\\/14\\\/opositores-exigen-iniciar-juicio-contra-evo-morales\\\/#breadcrumb\",\"itemListElement\":[{\"@type\":\"ListItem\",\"position\":1,\"name\":\"Portada\",\"item\":\"https:\\\/\\\/www.eldiario.net\\\/portal\\\/\"},{\"@type\":\"ListItem\",\"position\":2,\"name\":\"Opositores exigen iniciar juicio contra Evo Morales\"}]},{\"@type\":\"WebSite\",\"@id\":\"https:\\\/\\\/www.eldiario.net\\\/portal\\\/#website\",\"url\":\"https:\\\/\\\/www.eldiario.net\\\/portal\\\/\",\"name\":\"El Diario - Decano de la prensa nacional\",\"description\":\"El Diario - Decano de la prensa nacional\",\"publisher\":{\"@id\":\"https:\\\/\\\/www.eldiario.net\\\/portal\\\/#organization\"},\"potentialAction\":[{\"@type\":\"SearchAction\",\"target\":{\"@type\":\"EntryPoint\",\"urlTemplate\":\"https:\\\/\\\/www.eldiario.net\\\/portal\\\/?s={search_term_string}\"},\"query-input\":{\"@type\":\"PropertyValueSpecification\",\"valueRequired\":true,\"valueName\":\"search_term_string\"}}],\"inLanguage\":\"es\"},{\"@type\":\"Organization\",\"@id\":\"https:\\\/\\\/www.eldiario.net\\\/portal\\\/#organization\",\"name\":\"El Diario - Decano de la prensa nacional\",\"url\":\"https:\\\/\\\/www.eldiario.net\\\/portal\\\/\",\"logo\":{\"@type\":\"ImageObject\",\"inLanguage\":\"es\",\"@id\":\"https:\\\/\\\/www.eldiario.net\\\/portal\\\/#\\\/schema\\\/logo\\\/image\\\/\",\"url\":\"https:\\\/\\\/www.eldiario.net\\\/portal\\\/wp-content\\\/uploads\\\/2023\\\/07\\\/logo_ED.jpg\",\"contentUrl\":\"https:\\\/\\\/www.eldiario.net\\\/portal\\\/wp-content\\\/uploads\\\/2023\\\/07\\\/logo_ED.jpg\",\"width\":272,\"height\":52,\"caption\":\"El Diario - Decano de la prensa nacional\"},\"image\":{\"@id\":\"https:\\\/\\\/www.eldiario.net\\\/portal\\\/#\\\/schema\\\/logo\\\/image\\\/\"},\"sameAs\":[\"https:\\\/\\\/www.facebook.com\\\/eldiario.bolivia\\\/\",\"https:\\\/\\\/x.com\\\/eldiario_net\"]},{\"@type\":\"Person\",\"@id\":\"https:\\\/\\\/www.eldiario.net\\\/portal\\\/#\\\/schema\\\/person\\\/f46445640444750d7d753ccd04ae01b7\",\"name\":\"Jeanette\",\"image\":{\"@type\":\"ImageObject\",\"inLanguage\":\"es\",\"@id\":\"https:\\\/\\\/secure.gravatar.com\\\/avatar\\\/3ea2118a5f7dad2b7138b1187a6b7ee55f160b9968b66013c3a3ef39dd7e5798?s=96&d=mm&r=g\",\"url\":\"https:\\\/\\\/secure.gravatar.com\\\/avatar\\\/3ea2118a5f7dad2b7138b1187a6b7ee55f160b9968b66013c3a3ef39dd7e5798?s=96&d=mm&r=g\",\"contentUrl\":\"https:\\\/\\\/secure.gravatar.com\\\/avatar\\\/3ea2118a5f7dad2b7138b1187a6b7ee55f160b9968b66013c3a3ef39dd7e5798?s=96&d=mm&r=g\",\"caption\":\"Jeanette\"},\"sameAs\":[\"https:\\\/\\\/www.eldiario.net\\\/portal\"],\"url\":\"https:\\\/\\\/www.eldiario.net\\\/portal\\\/author\\\/jeanette\\\/\"}]}<\/script>\n<!-- \/ Yoast SEO plugin. -->","yoast_head_json":{"title":"Opositores exigen iniciar juicio contra Evo Morales - El Diario - Bolivia","robots":{"index":"index","follow":"follow","max-snippet":"max-snippet:-1","max-image-preview":"max-image-preview:large","max-video-preview":"max-video-preview:-1"},"canonical":"https:\/\/www.eldiario.net\/portal\/2021\/08\/14\/opositores-exigen-iniciar-juicio-contra-evo-morales\/","og_locale":"es_ES","og_type":"article","og_title":"Opositores exigen iniciar juicio contra Evo Morales - El Diario - Bolivia","og_description":"Tras determinaci\u00f3n de la Corte Interamericana de Derechos Humanos (C-IDH) en la que se niega que la reelecci\u00f3n presidencial indefinida sea un derecho humano, legisladores de oposici\u00f3n exigen que se inicie un juicio de responsabilidades en contra del expresidente Evo Morales por violar la Constituci\u00f3n Pol\u00edtica del Estado para prorrogarse en el poder. El diputado [&hellip;]","og_url":"https:\/\/www.eldiario.net\/portal\/2021\/08\/14\/opositores-exigen-iniciar-juicio-contra-evo-morales\/","og_site_name":"El Diario - Bolivia","article_publisher":"https:\/\/www.facebook.com\/eldiario.bolivia\/","article_published_time":"2021-08-14T09:44:04+00:00","author":"Jeanette","twitter_card":"summary_large_image","twitter_creator":"@eldiario_net","twitter_site":"@eldiario_net","twitter_misc":{"Escrito por":"Jeanette","Tiempo de lectura":"2 minutos"},"schema":{"@context":"https:\/\/schema.org","@graph":[{"@type":"Article","@id":"https:\/\/www.eldiario.net\/portal\/2021\/08\/14\/opositores-exigen-iniciar-juicio-contra-evo-morales\/#article","isPartOf":{"@id":"https:\/\/www.eldiario.net\/portal\/2021\/08\/14\/opositores-exigen-iniciar-juicio-contra-evo-morales\/"},"author":{"name":"Jeanette","@id":"https:\/\/www.eldiario.net\/portal\/#\/schema\/person\/f46445640444750d7d753ccd04ae01b7"},"headline":"Opositores exigen iniciar juicio contra Evo Morales","datePublished":"2021-08-14T09:44:04+00:00","mainEntityOfPage":{"@id":"https:\/\/www.eldiario.net\/portal\/2021\/08\/14\/opositores-exigen-iniciar-juicio-contra-evo-morales\/"},"wordCount":369,"publisher":{"@id":"https:\/\/www.eldiario.net\/portal\/#organization"},"image":{"@id":"https:\/\/www.eldiario.net\/portal\/2021\/08\/14\/opositores-exigen-iniciar-juicio-contra-evo-morales\/#primaryimage"},"thumbnailUrl":"","articleSection":["Pol\u00edtica"],"inLanguage":"es"},{"@type":"WebPage","@id":"https:\/\/www.eldiario.net\/portal\/2021\/08\/14\/opositores-exigen-iniciar-juicio-contra-evo-morales\/","url":"https:\/\/www.eldiario.net\/portal\/2021\/08\/14\/opositores-exigen-iniciar-juicio-contra-evo-morales\/","name":"Opositores exigen iniciar juicio contra Evo Morales - El Diario - Bolivia","isPartOf":{"@id":"https:\/\/www.eldiario.net\/portal\/#website"},"primaryImageOfPage":{"@id":"https:\/\/www.eldiario.net\/portal\/2021\/08\/14\/opositores-exigen-iniciar-juicio-contra-evo-morales\/#primaryimage"},"image":{"@id":"https:\/\/www.eldiario.net\/portal\/2021\/08\/14\/opositores-exigen-iniciar-juicio-contra-evo-morales\/#primaryimage"},"thumbnailUrl":"","datePublished":"2021-08-14T09:44:04+00:00","breadcrumb":{"@id":"https:\/\/www.eldiario.net\/portal\/2021\/08\/14\/opositores-exigen-iniciar-juicio-contra-evo-morales\/#breadcrumb"},"inLanguage":"es","potentialAction":[{"@type":"ReadAction","target":["https:\/\/www.eldiario.net\/portal\/2021\/08\/14\/opositores-exigen-iniciar-juicio-contra-evo-morales\/"]}]},{"@type":"ImageObject","inLanguage":"es","@id":"https:\/\/www.eldiario.net\/portal\/2021\/08\/14\/opositores-exigen-iniciar-juicio-contra-evo-morales\/#primaryimage","url":"","contentUrl":""},{"@type":"BreadcrumbList","@id":"https:\/\/www.eldiario.net\/portal\/2021\/08\/14\/opositores-exigen-iniciar-juicio-contra-evo-morales\/#breadcrumb","itemListElement":[{"@type":"ListItem","position":1,"name":"Portada","item":"https:\/\/www.eldiario.net\/portal\/"},{"@type":"ListItem","position":2,"name":"Opositores exigen iniciar juicio contra Evo Morales"}]},{"@type":"WebSite","@id":"https:\/\/www.eldiario.net\/portal\/#website","url":"https:\/\/www.eldiario.net\/portal\/","name":"El Diario - Decano de la prensa nacional","description":"El Diario - Decano de la prensa nacional","publisher":{"@id":"https:\/\/www.eldiario.net\/portal\/#organization"},"potentialAction":[{"@type":"SearchAction","target":{"@type":"EntryPoint","urlTemplate":"https:\/\/www.eldiario.net\/portal\/?s={search_term_string}"},"query-input":{"@type":"PropertyValueSpecification","valueRequired":true,"valueName":"search_term_string"}}],"inLanguage":"es"},{"@type":"Organization","@id":"https:\/\/www.eldiario.net\/portal\/#organization","name":"El Diario - Decano de la prensa nacional","url":"https:\/\/www.eldiario.net\/portal\/","logo":{"@type":"ImageObject","inLanguage":"es","@id":"https:\/\/www.eldiario.net\/portal\/#\/schema\/logo\/image\/","url":"https:\/\/www.eldiario.net\/portal\/wp-content\/uploads\/2023\/07\/logo_ED.jpg","contentUrl":"https:\/\/www.eldiario.net\/portal\/wp-content\/uploads\/2023\/07\/logo_ED.jpg","width":272,"height":52,"caption":"El Diario - Decano de la prensa nacional"},"image":{"@id":"https:\/\/www.eldiario.net\/portal\/#\/schema\/logo\/image\/"},"sameAs":["https:\/\/www.facebook.com\/eldiario.bolivia\/","https:\/\/x.com\/eldiario_net"]},{"@type":"Person","@id":"https:\/\/www.eldiario.net\/portal\/#\/schema\/person\/f46445640444750d7d753ccd04ae01b7","name":"Jeanette","image":{"@type":"ImageObject","inLanguage":"es","@id":"https:\/\/secure.gravatar.com\/avatar\/3ea2118a5f7dad2b7138b1187a6b7ee55f160b9968b66013c3a3ef39dd7e5798?s=96&d=mm&r=g","url":"https:\/\/secure.gravatar.com\/avatar\/3ea2118a5f7dad2b7138b1187a6b7ee55f160b9968b66013c3a3ef39dd7e5798?s=96&d=mm&r=g","contentUrl":"https:\/\/secure.gravatar.com\/avatar\/3ea2118a5f7dad2b7138b1187a6b7ee55f160b9968b66013c3a3ef39dd7e5798?s=96&d=mm&r=g","caption":"Jeanette"},"sameAs":["https:\/\/www.eldiario.net\/portal"],"url":"https:\/\/www.eldiario.net\/portal\/author\/jeanette\/"}]}},"_links":{"self":[{"href":"https:\/\/www.eldiario.net\/portal\/wp-json\/wp\/v2\/posts\/23367","targetHints":{"allow":["GET"]}}],"collection":[{"href":"https:\/\/www.eldiario.net\/portal\/wp-json\/wp\/v2\/posts"}],"about":[{"href":"https:\/\/www.eldiario.net\/portal\/wp-json\/wp\/v2\/types\/post"}],"author":[{"embeddable":true,"href":"https:\/\/www.eldiario.net\/portal\/wp-json\/wp\/v2\/users\/1"}],"replies":[{"embeddable":true,"href":"https:\/\/www.eldiario.net\/portal\/wp-json\/wp\/v2\/comments?post=23367"}],"version-history":[{"count":0,"href":"https:\/\/www.eldiario.net\/portal\/wp-json\/wp\/v2\/posts\/23367\/revisions"}],"wp:attachment":[{"href":"https:\/\/www.eldiario.net\/portal\/wp-json\/wp\/v2\/media?parent=23367"}],"wp:term":[{"taxonomy":"category","embeddable":true,"href":"https:\/\/www.eldiario.net\/portal\/wp-json\/wp\/v2\/categories?post=23367"},{"taxonomy":"post_tag","embeddable":true,"href":"https:\/\/www.eldiario.net\/portal\/wp-json\/wp\/v2\/tags?post=23367"}],"curies":[{"name":"wp","href":"https:\/\/api.w.org\/{rel}","templated":true}]}}