{"id":23365,"date":"2021-08-14T05:43:17","date_gmt":"2021-08-14T09:43:17","guid":{"rendered":"https:\/\/www.eldiario.net\/portal\/?p=23365"},"modified":"2021-08-14T05:43:17","modified_gmt":"2021-08-14T09:43:17","slug":"cuestionan-discriminacion-en-ley-de-devolucion-de-aportes","status":"publish","type":"post","link":"https:\/\/www.eldiario.net\/portal\/2021\/08\/14\/cuestionan-discriminacion-en-ley-de-devolucion-de-aportes\/","title":{"rendered":"Cuestionan discriminaci\u00f3n en  Ley de Devoluci\u00f3n de Aportes"},"content":{"rendered":"<p>La diputada por Comunidad Ciudadana (CC) Luisa Nayar denunci\u00f3 que durante el tratamiento, en la C\u00e1mara de Diputados, del proyecto de ley para la devoluci\u00f3n de aportes a las AFP, legisladores del Movimiento al Socialismo (MAS) introdujeron un art\u00edculo por el que trabajadores que desempe\u00f1aron funciones durante el gobierno de transici\u00f3n no pueden acogerse a este beneficio.<br \/>\nNayar sostuvo que mediante exclusiones para la devoluci\u00f3n de aportes a las Administradoras de Fondos de Pensiones se discrimina a trabajadores que prestaron servicios durante el tiempo del gobierno transitorio.<br \/>\nDenunci\u00f3 que estas exclusiones fueron planteadas y posteriormente aprobadas por legisladores del MAS, con la finalidad de castigar a funcionarios que trabajaron durante la gesti\u00f3n de \u00c1\u00f1ez.<br \/>\n\u201cEn la C\u00e1mara de Diputados aprobamos el proyecto de ley para la devoluci\u00f3n total o parcial a los aportes de las AFP; sin embargo, tuvimos unas observaciones y una de ellas era el tema de las exclusiones. El Movimiento al Socialismo plante\u00f3 y aprob\u00f3 de manera arbitraria y discriminatoria que no puedan retirar estos aportes las personas que trabajaron durante la gesti\u00f3n del gobierno transitorio\u201d, dijo.<br \/>\nLa parlamentaria cuestion\u00f3 que de esta forma se intente castigar a extrabajadores estatales, por lo que se convierte en una nueva forma de persecuci\u00f3n y discriminaci\u00f3n por motivos pol\u00edticos.<br \/>\n\u201cEsto simplemente lo est\u00e1n utilizando como un castigo para los funcionarios que trabajaron en ese momento, lo cual rechazamos categ\u00f3ricamente por ser discriminatorio y persecutor contra los que fueron parte del gobierno de transici\u00f3n\u201d, manifest\u00f3.<br \/>\nPor su parte, el diputado Alejandro Reyes se\u00f1al\u00f3 que se espera que en el tratamiento de la norma en la c\u00e1mara de senadores se logren solucionar aspectos que han quedado pendientes o quedar esperara a la reglamentaci\u00f3n.<br \/>\n\u201cMe imagino que en el Senado va a pasar lo mismo, se puede mejorar, en la reglamentaci\u00f3n se mejorar\u00e1, pero lo importante aqu\u00ed es que esta no puede ser la \u00fanica pol\u00edtica p\u00fablica para la reactivaci\u00f3n econ\u00f3mica, se tiene que hacer un plan estrat\u00e9gico y el Gobierno tiene que poner serio para de una vez pensar en la econom\u00eda y no solamente con palabras vac\u00edas\u201d, indic\u00f3.<\/p>\n<p>&nbsp;<\/p>\n","protected":false},"excerpt":{"rendered":"<p>La diputada por Comunidad Ciudadana (CC) Luisa Nayar denunci\u00f3 que durante el tratamiento, en la C\u00e1mara de Diputados, del proyecto de ley para la devoluci\u00f3n de aportes a las AFP, legisladores del Movimiento al Socialismo (MAS) introdujeron un art\u00edculo por el que trabajadores que desempe\u00f1aron funciones durante el gobierno de transici\u00f3n no pueden acogerse a [&hellip;]<\/p>\n","protected":false},"author":1,"featured_media":0,"comment_status":"closed","ping_status":"closed","sticky":false,"template":"","format":"standard","meta":{"_acf_changed":false,"footnotes":""},"categories":[14],"tags":[],"class_list":["post-23365","post","type-post","status-publish","format-standard","category-politica"],"acf":{"antetitulo":""},"yoast_head":"<!-- This site is optimized with the Yoast SEO plugin v28.4 - https:\/\/yoast.com\/product\/yoast-seo-wordpress\/ -->\n<title>Cuestionan discriminaci\u00f3n en Ley de Devoluci\u00f3n de Aportes - El Diario - Bolivia<\/title>\n<meta name=\"robots\" content=\"index, follow, max-snippet:-1, max-image-preview:large, max-video-preview:-1\" \/>\n<link rel=\"canonical\" href=\"https:\/\/www.eldiario.net\/portal\/2021\/08\/14\/cuestionan-discriminacion-en-ley-de-devolucion-de-aportes\/\" \/>\n<meta property=\"og:locale\" content=\"es_ES\" \/>\n<meta property=\"og:type\" content=\"article\" \/>\n<meta property=\"og:title\" content=\"Cuestionan discriminaci\u00f3n en Ley de Devoluci\u00f3n de Aportes - El Diario - Bolivia\" \/>\n<meta property=\"og:description\" content=\"La diputada por Comunidad Ciudadana (CC) Luisa Nayar denunci\u00f3 que durante el tratamiento, en la C\u00e1mara de Diputados, del proyecto de ley para la devoluci\u00f3n de aportes a las AFP, legisladores del Movimiento al Socialismo (MAS) introdujeron un art\u00edculo por el que trabajadores que desempe\u00f1aron funciones durante el gobierno de transici\u00f3n no pueden acogerse a [&hellip;]\" \/>\n<meta property=\"og:url\" content=\"https:\/\/www.eldiario.net\/portal\/2021\/08\/14\/cuestionan-discriminacion-en-ley-de-devolucion-de-aportes\/\" \/>\n<meta property=\"og:site_name\" content=\"El Diario - Bolivia\" \/>\n<meta property=\"article:publisher\" content=\"https:\/\/www.facebook.com\/eldiario.bolivia\/\" \/>\n<meta property=\"article:published_time\" content=\"2021-08-14T09:43:17+00:00\" \/>\n<meta name=\"author\" content=\"Jeanette\" \/>\n<meta name=\"twitter:card\" content=\"summary_large_image\" \/>\n<meta name=\"twitter:creator\" content=\"@eldiario_net\" \/>\n<meta name=\"twitter:site\" content=\"@eldiario_net\" \/>\n<meta name=\"twitter:label1\" content=\"Escrito por\" \/>\n\t<meta name=\"twitter:data1\" content=\"Jeanette\" \/>\n\t<meta name=\"twitter:label2\" content=\"Tiempo de lectura\" \/>\n\t<meta name=\"twitter:data2\" content=\"2 minutos\" \/>\n<script type=\"application\/ld+json\" class=\"yoast-schema-graph\">{\"@context\":\"https:\\\/\\\/schema.org\",\"@graph\":[{\"@type\":\"Article\",\"@id\":\"https:\\\/\\\/www.eldiario.net\\\/portal\\\/2021\\\/08\\\/14\\\/cuestionan-discriminacion-en-ley-de-devolucion-de-aportes\\\/#article\",\"isPartOf\":{\"@id\":\"https:\\\/\\\/www.eldiario.net\\\/portal\\\/2021\\\/08\\\/14\\\/cuestionan-discriminacion-en-ley-de-devolucion-de-aportes\\\/\"},\"author\":{\"name\":\"Jeanette\",\"@id\":\"https:\\\/\\\/www.eldiario.net\\\/portal\\\/#\\\/schema\\\/person\\\/f46445640444750d7d753ccd04ae01b7\"},\"headline\":\"Cuestionan discriminaci\u00f3n en Ley de Devoluci\u00f3n de Aportes\",\"datePublished\":\"2021-08-14T09:43:17+00:00\",\"mainEntityOfPage\":{\"@id\":\"https:\\\/\\\/www.eldiario.net\\\/portal\\\/2021\\\/08\\\/14\\\/cuestionan-discriminacion-en-ley-de-devolucion-de-aportes\\\/\"},\"wordCount\":385,\"publisher\":{\"@id\":\"https:\\\/\\\/www.eldiario.net\\\/portal\\\/#organization\"},\"articleSection\":[\"Pol\u00edtica\"],\"inLanguage\":\"es\"},{\"@type\":\"WebPage\",\"@id\":\"https:\\\/\\\/www.eldiario.net\\\/portal\\\/2021\\\/08\\\/14\\\/cuestionan-discriminacion-en-ley-de-devolucion-de-aportes\\\/\",\"url\":\"https:\\\/\\\/www.eldiario.net\\\/portal\\\/2021\\\/08\\\/14\\\/cuestionan-discriminacion-en-ley-de-devolucion-de-aportes\\\/\",\"name\":\"Cuestionan discriminaci\u00f3n en Ley de Devoluci\u00f3n de Aportes - El Diario - Bolivia\",\"isPartOf\":{\"@id\":\"https:\\\/\\\/www.eldiario.net\\\/portal\\\/#website\"},\"datePublished\":\"2021-08-14T09:43:17+00:00\",\"breadcrumb\":{\"@id\":\"https:\\\/\\\/www.eldiario.net\\\/portal\\\/2021\\\/08\\\/14\\\/cuestionan-discriminacion-en-ley-de-devolucion-de-aportes\\\/#breadcrumb\"},\"inLanguage\":\"es\",\"potentialAction\":[{\"@type\":\"ReadAction\",\"target\":[\"https:\\\/\\\/www.eldiario.net\\\/portal\\\/2021\\\/08\\\/14\\\/cuestionan-discriminacion-en-ley-de-devolucion-de-aportes\\\/\"]}]},{\"@type\":\"BreadcrumbList\",\"@id\":\"https:\\\/\\\/www.eldiario.net\\\/portal\\\/2021\\\/08\\\/14\\\/cuestionan-discriminacion-en-ley-de-devolucion-de-aportes\\\/#breadcrumb\",\"itemListElement\":[{\"@type\":\"ListItem\",\"position\":1,\"name\":\"Portada\",\"item\":\"https:\\\/\\\/www.eldiario.net\\\/portal\\\/\"},{\"@type\":\"ListItem\",\"position\":2,\"name\":\"Cuestionan discriminaci\u00f3n en Ley de Devoluci\u00f3n de Aportes\"}]},{\"@type\":\"WebSite\",\"@id\":\"https:\\\/\\\/www.eldiario.net\\\/portal\\\/#website\",\"url\":\"https:\\\/\\\/www.eldiario.net\\\/portal\\\/\",\"name\":\"El Diario - Decano de la prensa nacional\",\"description\":\"El Diario - Decano de la prensa nacional\",\"publisher\":{\"@id\":\"https:\\\/\\\/www.eldiario.net\\\/portal\\\/#organization\"},\"potentialAction\":[{\"@type\":\"SearchAction\",\"target\":{\"@type\":\"EntryPoint\",\"urlTemplate\":\"https:\\\/\\\/www.eldiario.net\\\/portal\\\/?s={search_term_string}\"},\"query-input\":{\"@type\":\"PropertyValueSpecification\",\"valueRequired\":true,\"valueName\":\"search_term_string\"}}],\"inLanguage\":\"es\"},{\"@type\":\"Organization\",\"@id\":\"https:\\\/\\\/www.eldiario.net\\\/portal\\\/#organization\",\"name\":\"El Diario - Decano de la prensa nacional\",\"url\":\"https:\\\/\\\/www.eldiario.net\\\/portal\\\/\",\"logo\":{\"@type\":\"ImageObject\",\"inLanguage\":\"es\",\"@id\":\"https:\\\/\\\/www.eldiario.net\\\/portal\\\/#\\\/schema\\\/logo\\\/image\\\/\",\"url\":\"https:\\\/\\\/www.eldiario.net\\\/portal\\\/wp-content\\\/uploads\\\/2023\\\/07\\\/logo_ED.jpg\",\"contentUrl\":\"https:\\\/\\\/www.eldiario.net\\\/portal\\\/wp-content\\\/uploads\\\/2023\\\/07\\\/logo_ED.jpg\",\"width\":272,\"height\":52,\"caption\":\"El Diario - Decano de la prensa nacional\"},\"image\":{\"@id\":\"https:\\\/\\\/www.eldiario.net\\\/portal\\\/#\\\/schema\\\/logo\\\/image\\\/\"},\"sameAs\":[\"https:\\\/\\\/www.facebook.com\\\/eldiario.bolivia\\\/\",\"https:\\\/\\\/x.com\\\/eldiario_net\"]},{\"@type\":\"Person\",\"@id\":\"https:\\\/\\\/www.eldiario.net\\\/portal\\\/#\\\/schema\\\/person\\\/f46445640444750d7d753ccd04ae01b7\",\"name\":\"Jeanette\",\"image\":{\"@type\":\"ImageObject\",\"inLanguage\":\"es\",\"@id\":\"https:\\\/\\\/secure.gravatar.com\\\/avatar\\\/3ea2118a5f7dad2b7138b1187a6b7ee55f160b9968b66013c3a3ef39dd7e5798?s=96&d=mm&r=g\",\"url\":\"https:\\\/\\\/secure.gravatar.com\\\/avatar\\\/3ea2118a5f7dad2b7138b1187a6b7ee55f160b9968b66013c3a3ef39dd7e5798?s=96&d=mm&r=g\",\"contentUrl\":\"https:\\\/\\\/secure.gravatar.com\\\/avatar\\\/3ea2118a5f7dad2b7138b1187a6b7ee55f160b9968b66013c3a3ef39dd7e5798?s=96&d=mm&r=g\",\"caption\":\"Jeanette\"},\"sameAs\":[\"https:\\\/\\\/www.eldiario.net\\\/portal\"],\"url\":\"https:\\\/\\\/www.eldiario.net\\\/portal\\\/author\\\/jeanette\\\/\"}]}<\/script>\n<!-- \/ Yoast SEO plugin. -->","yoast_head_json":{"title":"Cuestionan discriminaci\u00f3n en Ley de Devoluci\u00f3n de Aportes - El Diario - Bolivia","robots":{"index":"index","follow":"follow","max-snippet":"max-snippet:-1","max-image-preview":"max-image-preview:large","max-video-preview":"max-video-preview:-1"},"canonical":"https:\/\/www.eldiario.net\/portal\/2021\/08\/14\/cuestionan-discriminacion-en-ley-de-devolucion-de-aportes\/","og_locale":"es_ES","og_type":"article","og_title":"Cuestionan discriminaci\u00f3n en Ley de Devoluci\u00f3n de Aportes - El Diario - Bolivia","og_description":"La diputada por Comunidad Ciudadana (CC) Luisa Nayar denunci\u00f3 que durante el tratamiento, en la C\u00e1mara de Diputados, del proyecto de ley para la devoluci\u00f3n de aportes a las AFP, legisladores del Movimiento al Socialismo (MAS) introdujeron un art\u00edculo por el que trabajadores que desempe\u00f1aron funciones durante el gobierno de transici\u00f3n no pueden acogerse a [&hellip;]","og_url":"https:\/\/www.eldiario.net\/portal\/2021\/08\/14\/cuestionan-discriminacion-en-ley-de-devolucion-de-aportes\/","og_site_name":"El Diario - Bolivia","article_publisher":"https:\/\/www.facebook.com\/eldiario.bolivia\/","article_published_time":"2021-08-14T09:43:17+00:00","author":"Jeanette","twitter_card":"summary_large_image","twitter_creator":"@eldiario_net","twitter_site":"@eldiario_net","twitter_misc":{"Escrito por":"Jeanette","Tiempo de lectura":"2 minutos"},"schema":{"@context":"https:\/\/schema.org","@graph":[{"@type":"Article","@id":"https:\/\/www.eldiario.net\/portal\/2021\/08\/14\/cuestionan-discriminacion-en-ley-de-devolucion-de-aportes\/#article","isPartOf":{"@id":"https:\/\/www.eldiario.net\/portal\/2021\/08\/14\/cuestionan-discriminacion-en-ley-de-devolucion-de-aportes\/"},"author":{"name":"Jeanette","@id":"https:\/\/www.eldiario.net\/portal\/#\/schema\/person\/f46445640444750d7d753ccd04ae01b7"},"headline":"Cuestionan discriminaci\u00f3n en Ley de Devoluci\u00f3n de Aportes","datePublished":"2021-08-14T09:43:17+00:00","mainEntityOfPage":{"@id":"https:\/\/www.eldiario.net\/portal\/2021\/08\/14\/cuestionan-discriminacion-en-ley-de-devolucion-de-aportes\/"},"wordCount":385,"publisher":{"@id":"https:\/\/www.eldiario.net\/portal\/#organization"},"articleSection":["Pol\u00edtica"],"inLanguage":"es"},{"@type":"WebPage","@id":"https:\/\/www.eldiario.net\/portal\/2021\/08\/14\/cuestionan-discriminacion-en-ley-de-devolucion-de-aportes\/","url":"https:\/\/www.eldiario.net\/portal\/2021\/08\/14\/cuestionan-discriminacion-en-ley-de-devolucion-de-aportes\/","name":"Cuestionan discriminaci\u00f3n en Ley de Devoluci\u00f3n de Aportes - El Diario - Bolivia","isPartOf":{"@id":"https:\/\/www.eldiario.net\/portal\/#website"},"datePublished":"2021-08-14T09:43:17+00:00","breadcrumb":{"@id":"https:\/\/www.eldiario.net\/portal\/2021\/08\/14\/cuestionan-discriminacion-en-ley-de-devolucion-de-aportes\/#breadcrumb"},"inLanguage":"es","potentialAction":[{"@type":"ReadAction","target":["https:\/\/www.eldiario.net\/portal\/2021\/08\/14\/cuestionan-discriminacion-en-ley-de-devolucion-de-aportes\/"]}]},{"@type":"BreadcrumbList","@id":"https:\/\/www.eldiario.net\/portal\/2021\/08\/14\/cuestionan-discriminacion-en-ley-de-devolucion-de-aportes\/#breadcrumb","itemListElement":[{"@type":"ListItem","position":1,"name":"Portada","item":"https:\/\/www.eldiario.net\/portal\/"},{"@type":"ListItem","position":2,"name":"Cuestionan discriminaci\u00f3n en Ley de Devoluci\u00f3n de Aportes"}]},{"@type":"WebSite","@id":"https:\/\/www.eldiario.net\/portal\/#website","url":"https:\/\/www.eldiario.net\/portal\/","name":"El Diario - Decano de la prensa nacional","description":"El Diario - Decano de la prensa nacional","publisher":{"@id":"https:\/\/www.eldiario.net\/portal\/#organization"},"potentialAction":[{"@type":"SearchAction","target":{"@type":"EntryPoint","urlTemplate":"https:\/\/www.eldiario.net\/portal\/?s={search_term_string}"},"query-input":{"@type":"PropertyValueSpecification","valueRequired":true,"valueName":"search_term_string"}}],"inLanguage":"es"},{"@type":"Organization","@id":"https:\/\/www.eldiario.net\/portal\/#organization","name":"El Diario - Decano de la prensa nacional","url":"https:\/\/www.eldiario.net\/portal\/","logo":{"@type":"ImageObject","inLanguage":"es","@id":"https:\/\/www.eldiario.net\/portal\/#\/schema\/logo\/image\/","url":"https:\/\/www.eldiario.net\/portal\/wp-content\/uploads\/2023\/07\/logo_ED.jpg","contentUrl":"https:\/\/www.eldiario.net\/portal\/wp-content\/uploads\/2023\/07\/logo_ED.jpg","width":272,"height":52,"caption":"El Diario - Decano de la prensa nacional"},"image":{"@id":"https:\/\/www.eldiario.net\/portal\/#\/schema\/logo\/image\/"},"sameAs":["https:\/\/www.facebook.com\/eldiario.bolivia\/","https:\/\/x.com\/eldiario_net"]},{"@type":"Person","@id":"https:\/\/www.eldiario.net\/portal\/#\/schema\/person\/f46445640444750d7d753ccd04ae01b7","name":"Jeanette","image":{"@type":"ImageObject","inLanguage":"es","@id":"https:\/\/secure.gravatar.com\/avatar\/3ea2118a5f7dad2b7138b1187a6b7ee55f160b9968b66013c3a3ef39dd7e5798?s=96&d=mm&r=g","url":"https:\/\/secure.gravatar.com\/avatar\/3ea2118a5f7dad2b7138b1187a6b7ee55f160b9968b66013c3a3ef39dd7e5798?s=96&d=mm&r=g","contentUrl":"https:\/\/secure.gravatar.com\/avatar\/3ea2118a5f7dad2b7138b1187a6b7ee55f160b9968b66013c3a3ef39dd7e5798?s=96&d=mm&r=g","caption":"Jeanette"},"sameAs":["https:\/\/www.eldiario.net\/portal"],"url":"https:\/\/www.eldiario.net\/portal\/author\/jeanette\/"}]}},"_links":{"self":[{"href":"https:\/\/www.eldiario.net\/portal\/wp-json\/wp\/v2\/posts\/23365","targetHints":{"allow":["GET"]}}],"collection":[{"href":"https:\/\/www.eldiario.net\/portal\/wp-json\/wp\/v2\/posts"}],"about":[{"href":"https:\/\/www.eldiario.net\/portal\/wp-json\/wp\/v2\/types\/post"}],"author":[{"embeddable":true,"href":"https:\/\/www.eldiario.net\/portal\/wp-json\/wp\/v2\/users\/1"}],"replies":[{"embeddable":true,"href":"https:\/\/www.eldiario.net\/portal\/wp-json\/wp\/v2\/comments?post=23365"}],"version-history":[{"count":0,"href":"https:\/\/www.eldiario.net\/portal\/wp-json\/wp\/v2\/posts\/23365\/revisions"}],"wp:attachment":[{"href":"https:\/\/www.eldiario.net\/portal\/wp-json\/wp\/v2\/media?parent=23365"}],"wp:term":[{"taxonomy":"category","embeddable":true,"href":"https:\/\/www.eldiario.net\/portal\/wp-json\/wp\/v2\/categories?post=23365"},{"taxonomy":"post_tag","embeddable":true,"href":"https:\/\/www.eldiario.net\/portal\/wp-json\/wp\/v2\/tags?post=23365"}],"curies":[{"name":"wp","href":"https:\/\/api.w.org\/{rel}","templated":true}]}}