{"id":233636,"date":"2024-07-13T07:22:38","date_gmt":"2024-07-13T11:22:38","guid":{"rendered":"https:\/\/www.eldiario.net\/portal\/?p=233636"},"modified":"2024-07-13T07:22:38","modified_gmt":"2024-07-13T11:22:38","slug":"escasez-de-dolares-desacelera-actividad-productiva-del-pais","status":"publish","type":"post","link":"https:\/\/www.eldiario.net\/portal\/2024\/07\/13\/escasez-de-dolares-desacelera-actividad-productiva-del-pais\/","title":{"rendered":"Escasez de d\u00f3lares desacelera  actividad productiva del pa\u00eds"},"content":{"rendered":"<p>La escasez de d\u00f3lares de d\u00f3lares provoca desaceleraci\u00f3n de la econom\u00eda, ya que diferentes sectores no pueden seguir operando debido a la falta de materia prima, la importaci\u00f3n se encarece y las industrias deben comprar la divisa en el mercado paralelo a un valor mayor.<br \/>\nLa falta de d\u00f3lares al tipo de cambio oficial de 6,86 para la compra y 6,96 para la venta, provoc\u00f3 un incremento en todas las operaciones de la actividad econ\u00f3mica, importaciones, exportaciones y producci\u00f3n.<br \/>\nHace unas semanas, cuatro navieras determinaron suspender pagos en Bolivia, e indicaron que s\u00f3lo se recibir\u00e1 en Chile o Per\u00fa, est\u00e1 situaci\u00f3n incrementar\u00eda los costos de operaci\u00f3n, seg\u00fan el analista econ\u00f3mico, Joshua Bellott.<br \/>\nHace unos d\u00edas atr\u00e1s, el sector de la construcci\u00f3n tambi\u00e9n inform\u00f3 dificultades en el rubro, por la escasez de d\u00f3lares, pues la materia prima se encareci\u00f3 y la ca\u00edda de la inversi\u00f3n privada.<br \/>\nHace d\u00edas atr\u00e1s, ejecutivos de la C\u00e1mara Boliviana de la Construcci\u00f3n (Caboco) informaron que el alza de los materiales pone en riesgo miles de empleos, as\u00ed como a las empresas.<br \/>\nTambi\u00e9n las industrias est\u00e1n afectadas por la escasez de d\u00f3lares, pues no pueden importar insumos y materias primas, pero ya indicaron los empresarios que deben acudir al tipo de cambio paralelo para adquirir la divisa extranjera.<br \/>\nLos importadores de alimentos, art\u00edculos electr\u00f3nicos y electrodom\u00e9sticos, tambi\u00e9n sienten la falta de d\u00f3lares, as\u00ed mismo el sector del transporte solicit\u00f3 soluciones al Gobierno ante la escasez de d\u00f3lares al tipo de cambio oficial.<br \/>\nEl economista Gabriel Espinoza, en su momento, dijo a este medio, que el Gobierno tiene dos caminos y ambos implican desaf\u00edos para el gobierno, como elevar el tipo de cambio, pero el Banco Central de Bolivia (BCB) no tiene d\u00f3lares, podr\u00eda dejar la fluctuaci\u00f3n al mercado y esto implicar\u00eda un aumento del d\u00e9ficit fiscal, por las importaciones de combustibles.<br \/>\nLa actividad econ\u00f3mica puede contraerse debido a la falta de d\u00f3lares, seg\u00fan entendidos en la materia.<br \/>\nMientras tanto, la divisa sigue en ascenso, de acuerdo a economistas en redes sociales indican que el d\u00f3lar se cotiza en el mercado paralelo a 10 bolivianos.<br \/>\nEsa situaci\u00f3n indica que el boliviano se deval\u00fao en m\u00e1s del 40% en el mercado paralelo y hay medidas que frenen el alza de la divisa estadounidense.<\/p>\n","protected":false},"excerpt":{"rendered":"<p>La escasez de d\u00f3lares de d\u00f3lares provoca desaceleraci\u00f3n de la econom\u00eda, ya que diferentes sectores no pueden seguir operando debido a la falta de materia prima, la importaci\u00f3n se encarece y las industrias deben comprar la divisa en el mercado paralelo a un valor mayor. La falta de d\u00f3lares al tipo de cambio oficial de [&hellip;]<\/p>\n","protected":false},"author":1,"featured_media":233637,"comment_status":"open","ping_status":"open","sticky":false,"template":"","format":"standard","meta":{"_acf_changed":false,"footnotes":""},"categories":[7],"tags":[],"class_list":["post-233636","post","type-post","status-publish","format-standard","has-post-thumbnail","category-economia"],"acf":{"antetitulo":"Divisa super\u00f3 la barrera de los Bs 10"},"yoast_head":"<!-- This site is optimized with the Yoast SEO plugin v28.3 - https:\/\/yoast.com\/product\/yoast-seo-wordpress\/ -->\n<title>Escasez de d\u00f3lares desacelera actividad productiva del pa\u00eds - El Diario - Bolivia<\/title>\n<meta name=\"robots\" content=\"index, follow, max-snippet:-1, max-image-preview:large, max-video-preview:-1\" \/>\n<link rel=\"canonical\" href=\"https:\/\/www.eldiario.net\/portal\/2024\/07\/13\/escasez-de-dolares-desacelera-actividad-productiva-del-pais\/\" \/>\n<meta property=\"og:locale\" content=\"es_ES\" \/>\n<meta property=\"og:type\" content=\"article\" \/>\n<meta property=\"og:title\" content=\"Escasez de d\u00f3lares desacelera actividad productiva del pa\u00eds - El Diario - Bolivia\" \/>\n<meta property=\"og:description\" content=\"La escasez de d\u00f3lares de d\u00f3lares provoca desaceleraci\u00f3n de la econom\u00eda, ya que diferentes sectores no pueden seguir operando debido a la falta de materia prima, la importaci\u00f3n se encarece y las industrias deben comprar la divisa en el mercado paralelo a un valor mayor. La falta de d\u00f3lares al tipo de cambio oficial de [&hellip;]\" \/>\n<meta property=\"og:url\" content=\"https:\/\/www.eldiario.net\/portal\/2024\/07\/13\/escasez-de-dolares-desacelera-actividad-productiva-del-pais\/\" \/>\n<meta property=\"og:site_name\" content=\"El Diario - Bolivia\" \/>\n<meta property=\"article:publisher\" content=\"https:\/\/www.facebook.com\/eldiario.bolivia\/\" \/>\n<meta property=\"article:published_time\" content=\"2024-07-13T11:22:38+00:00\" \/>\n<meta property=\"og:image\" content=\"https:\/\/www.eldiario.net\/portal\/wp-content\/uploads\/2024\/07\/dolar.jpg\" \/>\n\t<meta property=\"og:image:width\" content=\"300\" \/>\n\t<meta property=\"og:image:height\" content=\"168\" \/>\n\t<meta property=\"og:image:type\" content=\"image\/jpeg\" \/>\n<meta name=\"author\" content=\"Jeanette\" \/>\n<meta name=\"twitter:card\" content=\"summary_large_image\" \/>\n<meta name=\"twitter:creator\" content=\"@eldiario_net\" \/>\n<meta name=\"twitter:site\" content=\"@eldiario_net\" \/>\n<meta name=\"twitter:label1\" content=\"Escrito por\" \/>\n\t<meta name=\"twitter:data1\" content=\"Jeanette\" \/>\n\t<meta name=\"twitter:label2\" content=\"Tiempo de lectura\" \/>\n\t<meta name=\"twitter:data2\" content=\"2 minutos\" \/>\n<script type=\"application\/ld+json\" class=\"yoast-schema-graph\">{\"@context\":\"https:\\\/\\\/schema.org\",\"@graph\":[{\"@type\":\"Article\",\"@id\":\"https:\\\/\\\/www.eldiario.net\\\/portal\\\/2024\\\/07\\\/13\\\/escasez-de-dolares-desacelera-actividad-productiva-del-pais\\\/#article\",\"isPartOf\":{\"@id\":\"https:\\\/\\\/www.eldiario.net\\\/portal\\\/2024\\\/07\\\/13\\\/escasez-de-dolares-desacelera-actividad-productiva-del-pais\\\/\"},\"author\":{\"name\":\"Jeanette\",\"@id\":\"https:\\\/\\\/www.eldiario.net\\\/portal\\\/#\\\/schema\\\/person\\\/f46445640444750d7d753ccd04ae01b7\"},\"headline\":\"Escasez de d\u00f3lares desacelera actividad productiva del pa\u00eds\",\"datePublished\":\"2024-07-13T11:22:38+00:00\",\"mainEntityOfPage\":{\"@id\":\"https:\\\/\\\/www.eldiario.net\\\/portal\\\/2024\\\/07\\\/13\\\/escasez-de-dolares-desacelera-actividad-productiva-del-pais\\\/\"},\"wordCount\":427,\"commentCount\":0,\"publisher\":{\"@id\":\"https:\\\/\\\/www.eldiario.net\\\/portal\\\/#organization\"},\"image\":{\"@id\":\"https:\\\/\\\/www.eldiario.net\\\/portal\\\/2024\\\/07\\\/13\\\/escasez-de-dolares-desacelera-actividad-productiva-del-pais\\\/#primaryimage\"},\"thumbnailUrl\":\"https:\\\/\\\/www.eldiario.net\\\/portal\\\/wp-content\\\/uploads\\\/2024\\\/07\\\/dolar.jpg\",\"articleSection\":[\"Econom\u00eda\"],\"inLanguage\":\"es\",\"potentialAction\":[{\"@type\":\"CommentAction\",\"name\":\"Comment\",\"target\":[\"https:\\\/\\\/www.eldiario.net\\\/portal\\\/2024\\\/07\\\/13\\\/escasez-de-dolares-desacelera-actividad-productiva-del-pais\\\/#respond\"]}]},{\"@type\":\"WebPage\",\"@id\":\"https:\\\/\\\/www.eldiario.net\\\/portal\\\/2024\\\/07\\\/13\\\/escasez-de-dolares-desacelera-actividad-productiva-del-pais\\\/\",\"url\":\"https:\\\/\\\/www.eldiario.net\\\/portal\\\/2024\\\/07\\\/13\\\/escasez-de-dolares-desacelera-actividad-productiva-del-pais\\\/\",\"name\":\"Escasez de d\u00f3lares desacelera actividad productiva del pa\u00eds - El Diario - Bolivia\",\"isPartOf\":{\"@id\":\"https:\\\/\\\/www.eldiario.net\\\/portal\\\/#website\"},\"primaryImageOfPage\":{\"@id\":\"https:\\\/\\\/www.eldiario.net\\\/portal\\\/2024\\\/07\\\/13\\\/escasez-de-dolares-desacelera-actividad-productiva-del-pais\\\/#primaryimage\"},\"image\":{\"@id\":\"https:\\\/\\\/www.eldiario.net\\\/portal\\\/2024\\\/07\\\/13\\\/escasez-de-dolares-desacelera-actividad-productiva-del-pais\\\/#primaryimage\"},\"thumbnailUrl\":\"https:\\\/\\\/www.eldiario.net\\\/portal\\\/wp-content\\\/uploads\\\/2024\\\/07\\\/dolar.jpg\",\"datePublished\":\"2024-07-13T11:22:38+00:00\",\"breadcrumb\":{\"@id\":\"https:\\\/\\\/www.eldiario.net\\\/portal\\\/2024\\\/07\\\/13\\\/escasez-de-dolares-desacelera-actividad-productiva-del-pais\\\/#breadcrumb\"},\"inLanguage\":\"es\",\"potentialAction\":[{\"@type\":\"ReadAction\",\"target\":[\"https:\\\/\\\/www.eldiario.net\\\/portal\\\/2024\\\/07\\\/13\\\/escasez-de-dolares-desacelera-actividad-productiva-del-pais\\\/\"]}]},{\"@type\":\"ImageObject\",\"inLanguage\":\"es\",\"@id\":\"https:\\\/\\\/www.eldiario.net\\\/portal\\\/2024\\\/07\\\/13\\\/escasez-de-dolares-desacelera-actividad-productiva-del-pais\\\/#primaryimage\",\"url\":\"https:\\\/\\\/www.eldiario.net\\\/portal\\\/wp-content\\\/uploads\\\/2024\\\/07\\\/dolar.jpg\",\"contentUrl\":\"https:\\\/\\\/www.eldiario.net\\\/portal\\\/wp-content\\\/uploads\\\/2024\\\/07\\\/dolar.jpg\",\"width\":300,\"height\":168,\"caption\":\"El d\u00f3lar sigue en ascenso, mientras el boliviano se deval\u00faa por encima del 40%.\"},{\"@type\":\"BreadcrumbList\",\"@id\":\"https:\\\/\\\/www.eldiario.net\\\/portal\\\/2024\\\/07\\\/13\\\/escasez-de-dolares-desacelera-actividad-productiva-del-pais\\\/#breadcrumb\",\"itemListElement\":[{\"@type\":\"ListItem\",\"position\":1,\"name\":\"Portada\",\"item\":\"https:\\\/\\\/www.eldiario.net\\\/portal\\\/\"},{\"@type\":\"ListItem\",\"position\":2,\"name\":\"Escasez de d\u00f3lares desacelera actividad productiva del pa\u00eds\"}]},{\"@type\":\"WebSite\",\"@id\":\"https:\\\/\\\/www.eldiario.net\\\/portal\\\/#website\",\"url\":\"https:\\\/\\\/www.eldiario.net\\\/portal\\\/\",\"name\":\"El Diario - Decano de la prensa nacional\",\"description\":\"El Diario - Decano de la prensa nacional\",\"publisher\":{\"@id\":\"https:\\\/\\\/www.eldiario.net\\\/portal\\\/#organization\"},\"potentialAction\":[{\"@type\":\"SearchAction\",\"target\":{\"@type\":\"EntryPoint\",\"urlTemplate\":\"https:\\\/\\\/www.eldiario.net\\\/portal\\\/?s={search_term_string}\"},\"query-input\":{\"@type\":\"PropertyValueSpecification\",\"valueRequired\":true,\"valueName\":\"search_term_string\"}}],\"inLanguage\":\"es\"},{\"@type\":\"Organization\",\"@id\":\"https:\\\/\\\/www.eldiario.net\\\/portal\\\/#organization\",\"name\":\"El Diario - Decano de la prensa nacional\",\"url\":\"https:\\\/\\\/www.eldiario.net\\\/portal\\\/\",\"logo\":{\"@type\":\"ImageObject\",\"inLanguage\":\"es\",\"@id\":\"https:\\\/\\\/www.eldiario.net\\\/portal\\\/#\\\/schema\\\/logo\\\/image\\\/\",\"url\":\"https:\\\/\\\/www.eldiario.net\\\/portal\\\/wp-content\\\/uploads\\\/2023\\\/07\\\/logo_ED.jpg\",\"contentUrl\":\"https:\\\/\\\/www.eldiario.net\\\/portal\\\/wp-content\\\/uploads\\\/2023\\\/07\\\/logo_ED.jpg\",\"width\":272,\"height\":52,\"caption\":\"El Diario - Decano de la prensa nacional\"},\"image\":{\"@id\":\"https:\\\/\\\/www.eldiario.net\\\/portal\\\/#\\\/schema\\\/logo\\\/image\\\/\"},\"sameAs\":[\"https:\\\/\\\/www.facebook.com\\\/eldiario.bolivia\\\/\",\"https:\\\/\\\/x.com\\\/eldiario_net\"]},{\"@type\":\"Person\",\"@id\":\"https:\\\/\\\/www.eldiario.net\\\/portal\\\/#\\\/schema\\\/person\\\/f46445640444750d7d753ccd04ae01b7\",\"name\":\"Jeanette\",\"image\":{\"@type\":\"ImageObject\",\"inLanguage\":\"es\",\"@id\":\"https:\\\/\\\/secure.gravatar.com\\\/avatar\\\/3ea2118a5f7dad2b7138b1187a6b7ee55f160b9968b66013c3a3ef39dd7e5798?s=96&d=mm&r=g\",\"url\":\"https:\\\/\\\/secure.gravatar.com\\\/avatar\\\/3ea2118a5f7dad2b7138b1187a6b7ee55f160b9968b66013c3a3ef39dd7e5798?s=96&d=mm&r=g\",\"contentUrl\":\"https:\\\/\\\/secure.gravatar.com\\\/avatar\\\/3ea2118a5f7dad2b7138b1187a6b7ee55f160b9968b66013c3a3ef39dd7e5798?s=96&d=mm&r=g\",\"caption\":\"Jeanette\"},\"sameAs\":[\"https:\\\/\\\/www.eldiario.net\\\/portal\"],\"url\":\"https:\\\/\\\/www.eldiario.net\\\/portal\\\/author\\\/jeanette\\\/\"}]}<\/script>\n<!-- \/ Yoast SEO plugin. -->","yoast_head_json":{"title":"Escasez de d\u00f3lares desacelera actividad productiva del pa\u00eds - El Diario - Bolivia","robots":{"index":"index","follow":"follow","max-snippet":"max-snippet:-1","max-image-preview":"max-image-preview:large","max-video-preview":"max-video-preview:-1"},"canonical":"https:\/\/www.eldiario.net\/portal\/2024\/07\/13\/escasez-de-dolares-desacelera-actividad-productiva-del-pais\/","og_locale":"es_ES","og_type":"article","og_title":"Escasez de d\u00f3lares desacelera actividad productiva del pa\u00eds - El Diario - Bolivia","og_description":"La escasez de d\u00f3lares de d\u00f3lares provoca desaceleraci\u00f3n de la econom\u00eda, ya que diferentes sectores no pueden seguir operando debido a la falta de materia prima, la importaci\u00f3n se encarece y las industrias deben comprar la divisa en el mercado paralelo a un valor mayor. La falta de d\u00f3lares al tipo de cambio oficial de [&hellip;]","og_url":"https:\/\/www.eldiario.net\/portal\/2024\/07\/13\/escasez-de-dolares-desacelera-actividad-productiva-del-pais\/","og_site_name":"El Diario - Bolivia","article_publisher":"https:\/\/www.facebook.com\/eldiario.bolivia\/","article_published_time":"2024-07-13T11:22:38+00:00","og_image":[{"width":300,"height":168,"url":"https:\/\/www.eldiario.net\/portal\/wp-content\/uploads\/2024\/07\/dolar.jpg","type":"image\/jpeg"}],"author":"Jeanette","twitter_card":"summary_large_image","twitter_creator":"@eldiario_net","twitter_site":"@eldiario_net","twitter_misc":{"Escrito por":"Jeanette","Tiempo de lectura":"2 minutos"},"schema":{"@context":"https:\/\/schema.org","@graph":[{"@type":"Article","@id":"https:\/\/www.eldiario.net\/portal\/2024\/07\/13\/escasez-de-dolares-desacelera-actividad-productiva-del-pais\/#article","isPartOf":{"@id":"https:\/\/www.eldiario.net\/portal\/2024\/07\/13\/escasez-de-dolares-desacelera-actividad-productiva-del-pais\/"},"author":{"name":"Jeanette","@id":"https:\/\/www.eldiario.net\/portal\/#\/schema\/person\/f46445640444750d7d753ccd04ae01b7"},"headline":"Escasez de d\u00f3lares desacelera actividad productiva del pa\u00eds","datePublished":"2024-07-13T11:22:38+00:00","mainEntityOfPage":{"@id":"https:\/\/www.eldiario.net\/portal\/2024\/07\/13\/escasez-de-dolares-desacelera-actividad-productiva-del-pais\/"},"wordCount":427,"commentCount":0,"publisher":{"@id":"https:\/\/www.eldiario.net\/portal\/#organization"},"image":{"@id":"https:\/\/www.eldiario.net\/portal\/2024\/07\/13\/escasez-de-dolares-desacelera-actividad-productiva-del-pais\/#primaryimage"},"thumbnailUrl":"https:\/\/www.eldiario.net\/portal\/wp-content\/uploads\/2024\/07\/dolar.jpg","articleSection":["Econom\u00eda"],"inLanguage":"es","potentialAction":[{"@type":"CommentAction","name":"Comment","target":["https:\/\/www.eldiario.net\/portal\/2024\/07\/13\/escasez-de-dolares-desacelera-actividad-productiva-del-pais\/#respond"]}]},{"@type":"WebPage","@id":"https:\/\/www.eldiario.net\/portal\/2024\/07\/13\/escasez-de-dolares-desacelera-actividad-productiva-del-pais\/","url":"https:\/\/www.eldiario.net\/portal\/2024\/07\/13\/escasez-de-dolares-desacelera-actividad-productiva-del-pais\/","name":"Escasez de d\u00f3lares desacelera actividad productiva del pa\u00eds - El Diario - Bolivia","isPartOf":{"@id":"https:\/\/www.eldiario.net\/portal\/#website"},"primaryImageOfPage":{"@id":"https:\/\/www.eldiario.net\/portal\/2024\/07\/13\/escasez-de-dolares-desacelera-actividad-productiva-del-pais\/#primaryimage"},"image":{"@id":"https:\/\/www.eldiario.net\/portal\/2024\/07\/13\/escasez-de-dolares-desacelera-actividad-productiva-del-pais\/#primaryimage"},"thumbnailUrl":"https:\/\/www.eldiario.net\/portal\/wp-content\/uploads\/2024\/07\/dolar.jpg","datePublished":"2024-07-13T11:22:38+00:00","breadcrumb":{"@id":"https:\/\/www.eldiario.net\/portal\/2024\/07\/13\/escasez-de-dolares-desacelera-actividad-productiva-del-pais\/#breadcrumb"},"inLanguage":"es","potentialAction":[{"@type":"ReadAction","target":["https:\/\/www.eldiario.net\/portal\/2024\/07\/13\/escasez-de-dolares-desacelera-actividad-productiva-del-pais\/"]}]},{"@type":"ImageObject","inLanguage":"es","@id":"https:\/\/www.eldiario.net\/portal\/2024\/07\/13\/escasez-de-dolares-desacelera-actividad-productiva-del-pais\/#primaryimage","url":"https:\/\/www.eldiario.net\/portal\/wp-content\/uploads\/2024\/07\/dolar.jpg","contentUrl":"https:\/\/www.eldiario.net\/portal\/wp-content\/uploads\/2024\/07\/dolar.jpg","width":300,"height":168,"caption":"El d\u00f3lar sigue en ascenso, mientras el boliviano se deval\u00faa por encima del 40%."},{"@type":"BreadcrumbList","@id":"https:\/\/www.eldiario.net\/portal\/2024\/07\/13\/escasez-de-dolares-desacelera-actividad-productiva-del-pais\/#breadcrumb","itemListElement":[{"@type":"ListItem","position":1,"name":"Portada","item":"https:\/\/www.eldiario.net\/portal\/"},{"@type":"ListItem","position":2,"name":"Escasez de d\u00f3lares desacelera actividad productiva del pa\u00eds"}]},{"@type":"WebSite","@id":"https:\/\/www.eldiario.net\/portal\/#website","url":"https:\/\/www.eldiario.net\/portal\/","name":"El Diario - Decano de la prensa nacional","description":"El Diario - Decano de la prensa nacional","publisher":{"@id":"https:\/\/www.eldiario.net\/portal\/#organization"},"potentialAction":[{"@type":"SearchAction","target":{"@type":"EntryPoint","urlTemplate":"https:\/\/www.eldiario.net\/portal\/?s={search_term_string}"},"query-input":{"@type":"PropertyValueSpecification","valueRequired":true,"valueName":"search_term_string"}}],"inLanguage":"es"},{"@type":"Organization","@id":"https:\/\/www.eldiario.net\/portal\/#organization","name":"El Diario - Decano de la prensa nacional","url":"https:\/\/www.eldiario.net\/portal\/","logo":{"@type":"ImageObject","inLanguage":"es","@id":"https:\/\/www.eldiario.net\/portal\/#\/schema\/logo\/image\/","url":"https:\/\/www.eldiario.net\/portal\/wp-content\/uploads\/2023\/07\/logo_ED.jpg","contentUrl":"https:\/\/www.eldiario.net\/portal\/wp-content\/uploads\/2023\/07\/logo_ED.jpg","width":272,"height":52,"caption":"El Diario - Decano de la prensa nacional"},"image":{"@id":"https:\/\/www.eldiario.net\/portal\/#\/schema\/logo\/image\/"},"sameAs":["https:\/\/www.facebook.com\/eldiario.bolivia\/","https:\/\/x.com\/eldiario_net"]},{"@type":"Person","@id":"https:\/\/www.eldiario.net\/portal\/#\/schema\/person\/f46445640444750d7d753ccd04ae01b7","name":"Jeanette","image":{"@type":"ImageObject","inLanguage":"es","@id":"https:\/\/secure.gravatar.com\/avatar\/3ea2118a5f7dad2b7138b1187a6b7ee55f160b9968b66013c3a3ef39dd7e5798?s=96&d=mm&r=g","url":"https:\/\/secure.gravatar.com\/avatar\/3ea2118a5f7dad2b7138b1187a6b7ee55f160b9968b66013c3a3ef39dd7e5798?s=96&d=mm&r=g","contentUrl":"https:\/\/secure.gravatar.com\/avatar\/3ea2118a5f7dad2b7138b1187a6b7ee55f160b9968b66013c3a3ef39dd7e5798?s=96&d=mm&r=g","caption":"Jeanette"},"sameAs":["https:\/\/www.eldiario.net\/portal"],"url":"https:\/\/www.eldiario.net\/portal\/author\/jeanette\/"}]}},"_links":{"self":[{"href":"https:\/\/www.eldiario.net\/portal\/wp-json\/wp\/v2\/posts\/233636","targetHints":{"allow":["GET"]}}],"collection":[{"href":"https:\/\/www.eldiario.net\/portal\/wp-json\/wp\/v2\/posts"}],"about":[{"href":"https:\/\/www.eldiario.net\/portal\/wp-json\/wp\/v2\/types\/post"}],"author":[{"embeddable":true,"href":"https:\/\/www.eldiario.net\/portal\/wp-json\/wp\/v2\/users\/1"}],"replies":[{"embeddable":true,"href":"https:\/\/www.eldiario.net\/portal\/wp-json\/wp\/v2\/comments?post=233636"}],"version-history":[{"count":1,"href":"https:\/\/www.eldiario.net\/portal\/wp-json\/wp\/v2\/posts\/233636\/revisions"}],"predecessor-version":[{"id":233638,"href":"https:\/\/www.eldiario.net\/portal\/wp-json\/wp\/v2\/posts\/233636\/revisions\/233638"}],"wp:featuredmedia":[{"embeddable":true,"href":"https:\/\/www.eldiario.net\/portal\/wp-json\/wp\/v2\/media\/233637"}],"wp:attachment":[{"href":"https:\/\/www.eldiario.net\/portal\/wp-json\/wp\/v2\/media?parent=233636"}],"wp:term":[{"taxonomy":"category","embeddable":true,"href":"https:\/\/www.eldiario.net\/portal\/wp-json\/wp\/v2\/categories?post=233636"},{"taxonomy":"post_tag","embeddable":true,"href":"https:\/\/www.eldiario.net\/portal\/wp-json\/wp\/v2\/tags?post=233636"}],"curies":[{"name":"wp","href":"https:\/\/api.w.org\/{rel}","templated":true}]}}