{"id":233633,"date":"2024-07-13T07:22:09","date_gmt":"2024-07-13T11:22:09","guid":{"rendered":"https:\/\/www.eldiario.net\/portal\/?p=233633"},"modified":"2024-07-13T07:22:09","modified_gmt":"2024-07-13T11:22:09","slug":"crean-asociacion-boliviana-de-criadores-de-camelidos-de-alta-genetica","status":"publish","type":"post","link":"https:\/\/www.eldiario.net\/portal\/2024\/07\/13\/crean-asociacion-boliviana-de-criadores-de-camelidos-de-alta-genetica\/","title":{"rendered":"Crean Asociaci\u00f3n Boliviana de Criadores de Cam\u00e9lidos de Alta Gen\u00e9tica"},"content":{"rendered":"<p>En el a\u00f1o internacional del Cam\u00e9lido, la Confederaci\u00f3n Agropecuaria Nacional (Confeagro), la C\u00e1mara Agropecuaria del Oriente (CAO) y la Asociaci\u00f3n Boliviana de Criadores de Ceb\u00fa (Asoceb\u00fa) sostuvieron una reuni\u00f3n con productores de cam\u00e9lidos, con el objetivo de potenciar su productividad y mejorar sus ingresos con la creaci\u00f3n de la Asociaci\u00f3n Boliviana de Criadores de Cam\u00e9lidos de Alta Gen\u00e9tica (Asobcag).<br \/>\nEse aporte del sector productivo del Oriente busca que los productores de cam\u00e9lidos puedan expandir sus horizontes comerciales, convirti\u00e9ndose en exportadores de gen\u00e9tica, potenciando la producci\u00f3n de carne y mejorando sustancialmente la calidad de vida de los productores de este importante sector.<br \/>\nLa primera directiva de Asobcag fue posesionada por Jos\u00e9 Luis Farah, presidente de Confeagro y CAO, y est\u00e1 conformada por Wilfredo Chambi Aguilar como presidente, Eloy Tuco como vicepresidente, Alberto Cortez Mariscal como secretario y Silveria Cerezo como tesorera.<br \/>\nEsa nueva instituci\u00f3n busca agrupar a los productores especializados en gen\u00e9tica y desarrollo gen\u00e9tico. A trav\u00e9s de la implementaci\u00f3n de estatutos, reglamentos y la obtenci\u00f3n de reconocimiento legal, se busca establecer una base s\u00f3lida para que esta nueva entidad pueda comenzar a operar con \u00e9xito, siguiendo el modelo exitoso de la Asociaci\u00f3n Boliviana de Criadores de Ceb\u00fa.<br \/>\nEl presidente de Confeagro y la CAO, Jos\u00e9 Luis Farah, se\u00f1al\u00f3 que la creaci\u00f3n de Asobcag, permitir\u00e1 darle valor agregado a la producci\u00f3n de carne de cam\u00e9lidos mediante la certificaci\u00f3n de un proceso de mejoramiento gen\u00e9tico. Este enfoque no solo busca ampliar las oportunidades de exportaci\u00f3n, sino tambi\u00e9n asegurar la calidad del producto. Para lograr este objetivo, es fundamental trabajar en el desarrollo de protocolos de sanidad y mejoramiento gen\u00e9tico, entre otros aspectos claves, destac\u00f3 la autoridad.<\/p>\n<p>&nbsp;<\/p>\n","protected":false},"excerpt":{"rendered":"<p>En el a\u00f1o internacional del Cam\u00e9lido, la Confederaci\u00f3n Agropecuaria Nacional (Confeagro), la C\u00e1mara Agropecuaria del Oriente (CAO) y la Asociaci\u00f3n Boliviana de Criadores de Ceb\u00fa (Asoceb\u00fa) sostuvieron una reuni\u00f3n con productores de cam\u00e9lidos, con el objetivo de potenciar su productividad y mejorar sus ingresos con la creaci\u00f3n de la Asociaci\u00f3n Boliviana de Criadores de Cam\u00e9lidos [&hellip;]<\/p>\n","protected":false},"author":1,"featured_media":233634,"comment_status":"open","ping_status":"open","sticky":false,"template":"","format":"standard","meta":{"_acf_changed":false,"footnotes":""},"categories":[7],"tags":[],"class_list":["post-233633","post","type-post","status-publish","format-standard","has-post-thumbnail","category-economia"],"acf":{"antetitulo":"Con apoyo de Confeagro, CAO y Asoceb\u00fa"},"yoast_head":"<!-- This site is optimized with the Yoast SEO plugin v28.3 - https:\/\/yoast.com\/product\/yoast-seo-wordpress\/ -->\n<title>Crean Asociaci\u00f3n Boliviana de Criadores de Cam\u00e9lidos de Alta Gen\u00e9tica - El Diario - Bolivia<\/title>\n<meta name=\"robots\" content=\"index, follow, max-snippet:-1, max-image-preview:large, max-video-preview:-1\" \/>\n<link rel=\"canonical\" href=\"https:\/\/www.eldiario.net\/portal\/2024\/07\/13\/crean-asociacion-boliviana-de-criadores-de-camelidos-de-alta-genetica\/\" \/>\n<meta property=\"og:locale\" content=\"es_ES\" \/>\n<meta property=\"og:type\" content=\"article\" \/>\n<meta property=\"og:title\" content=\"Crean Asociaci\u00f3n Boliviana de Criadores de Cam\u00e9lidos de Alta Gen\u00e9tica - El Diario - Bolivia\" \/>\n<meta property=\"og:description\" content=\"En el a\u00f1o internacional del Cam\u00e9lido, la Confederaci\u00f3n Agropecuaria Nacional (Confeagro), la C\u00e1mara Agropecuaria del Oriente (CAO) y la Asociaci\u00f3n Boliviana de Criadores de Ceb\u00fa (Asoceb\u00fa) sostuvieron una reuni\u00f3n con productores de cam\u00e9lidos, con el objetivo de potenciar su productividad y mejorar sus ingresos con la creaci\u00f3n de la Asociaci\u00f3n Boliviana de Criadores de Cam\u00e9lidos [&hellip;]\" \/>\n<meta property=\"og:url\" content=\"https:\/\/www.eldiario.net\/portal\/2024\/07\/13\/crean-asociacion-boliviana-de-criadores-de-camelidos-de-alta-genetica\/\" \/>\n<meta property=\"og:site_name\" content=\"El Diario - Bolivia\" \/>\n<meta property=\"article:publisher\" content=\"https:\/\/www.facebook.com\/eldiario.bolivia\/\" \/>\n<meta property=\"article:published_time\" content=\"2024-07-13T11:22:09+00:00\" \/>\n<meta property=\"og:image\" content=\"https:\/\/www.eldiario.net\/portal\/wp-content\/uploads\/2024\/07\/camel.jpg\" \/>\n\t<meta property=\"og:image:width\" content=\"1280\" \/>\n\t<meta property=\"og:image:height\" content=\"885\" \/>\n\t<meta property=\"og:image:type\" content=\"image\/jpeg\" \/>\n<meta name=\"author\" content=\"Jeanette\" \/>\n<meta name=\"twitter:card\" content=\"summary_large_image\" \/>\n<meta name=\"twitter:creator\" content=\"@eldiario_net\" \/>\n<meta name=\"twitter:site\" content=\"@eldiario_net\" \/>\n<meta name=\"twitter:label1\" content=\"Escrito por\" \/>\n\t<meta name=\"twitter:data1\" content=\"Jeanette\" \/>\n\t<meta name=\"twitter:label2\" content=\"Tiempo de lectura\" \/>\n\t<meta name=\"twitter:data2\" content=\"2 minutos\" \/>\n<script type=\"application\/ld+json\" class=\"yoast-schema-graph\">{\"@context\":\"https:\\\/\\\/schema.org\",\"@graph\":[{\"@type\":\"Article\",\"@id\":\"https:\\\/\\\/www.eldiario.net\\\/portal\\\/2024\\\/07\\\/13\\\/crean-asociacion-boliviana-de-criadores-de-camelidos-de-alta-genetica\\\/#article\",\"isPartOf\":{\"@id\":\"https:\\\/\\\/www.eldiario.net\\\/portal\\\/2024\\\/07\\\/13\\\/crean-asociacion-boliviana-de-criadores-de-camelidos-de-alta-genetica\\\/\"},\"author\":{\"name\":\"Jeanette\",\"@id\":\"https:\\\/\\\/www.eldiario.net\\\/portal\\\/#\\\/schema\\\/person\\\/f46445640444750d7d753ccd04ae01b7\"},\"headline\":\"Crean Asociaci\u00f3n Boliviana de Criadores de Cam\u00e9lidos de Alta Gen\u00e9tica\",\"datePublished\":\"2024-07-13T11:22:09+00:00\",\"mainEntityOfPage\":{\"@id\":\"https:\\\/\\\/www.eldiario.net\\\/portal\\\/2024\\\/07\\\/13\\\/crean-asociacion-boliviana-de-criadores-de-camelidos-de-alta-genetica\\\/\"},\"wordCount\":320,\"commentCount\":0,\"publisher\":{\"@id\":\"https:\\\/\\\/www.eldiario.net\\\/portal\\\/#organization\"},\"image\":{\"@id\":\"https:\\\/\\\/www.eldiario.net\\\/portal\\\/2024\\\/07\\\/13\\\/crean-asociacion-boliviana-de-criadores-de-camelidos-de-alta-genetica\\\/#primaryimage\"},\"thumbnailUrl\":\"https:\\\/\\\/www.eldiario.net\\\/portal\\\/wp-content\\\/uploads\\\/2024\\\/07\\\/camel.jpg\",\"articleSection\":[\"Econom\u00eda\"],\"inLanguage\":\"es\",\"potentialAction\":[{\"@type\":\"CommentAction\",\"name\":\"Comment\",\"target\":[\"https:\\\/\\\/www.eldiario.net\\\/portal\\\/2024\\\/07\\\/13\\\/crean-asociacion-boliviana-de-criadores-de-camelidos-de-alta-genetica\\\/#respond\"]}]},{\"@type\":\"WebPage\",\"@id\":\"https:\\\/\\\/www.eldiario.net\\\/portal\\\/2024\\\/07\\\/13\\\/crean-asociacion-boliviana-de-criadores-de-camelidos-de-alta-genetica\\\/\",\"url\":\"https:\\\/\\\/www.eldiario.net\\\/portal\\\/2024\\\/07\\\/13\\\/crean-asociacion-boliviana-de-criadores-de-camelidos-de-alta-genetica\\\/\",\"name\":\"Crean Asociaci\u00f3n Boliviana de Criadores de Cam\u00e9lidos de Alta Gen\u00e9tica - El Diario - Bolivia\",\"isPartOf\":{\"@id\":\"https:\\\/\\\/www.eldiario.net\\\/portal\\\/#website\"},\"primaryImageOfPage\":{\"@id\":\"https:\\\/\\\/www.eldiario.net\\\/portal\\\/2024\\\/07\\\/13\\\/crean-asociacion-boliviana-de-criadores-de-camelidos-de-alta-genetica\\\/#primaryimage\"},\"image\":{\"@id\":\"https:\\\/\\\/www.eldiario.net\\\/portal\\\/2024\\\/07\\\/13\\\/crean-asociacion-boliviana-de-criadores-de-camelidos-de-alta-genetica\\\/#primaryimage\"},\"thumbnailUrl\":\"https:\\\/\\\/www.eldiario.net\\\/portal\\\/wp-content\\\/uploads\\\/2024\\\/07\\\/camel.jpg\",\"datePublished\":\"2024-07-13T11:22:09+00:00\",\"breadcrumb\":{\"@id\":\"https:\\\/\\\/www.eldiario.net\\\/portal\\\/2024\\\/07\\\/13\\\/crean-asociacion-boliviana-de-criadores-de-camelidos-de-alta-genetica\\\/#breadcrumb\"},\"inLanguage\":\"es\",\"potentialAction\":[{\"@type\":\"ReadAction\",\"target\":[\"https:\\\/\\\/www.eldiario.net\\\/portal\\\/2024\\\/07\\\/13\\\/crean-asociacion-boliviana-de-criadores-de-camelidos-de-alta-genetica\\\/\"]}]},{\"@type\":\"ImageObject\",\"inLanguage\":\"es\",\"@id\":\"https:\\\/\\\/www.eldiario.net\\\/portal\\\/2024\\\/07\\\/13\\\/crean-asociacion-boliviana-de-criadores-de-camelidos-de-alta-genetica\\\/#primaryimage\",\"url\":\"https:\\\/\\\/www.eldiario.net\\\/portal\\\/wp-content\\\/uploads\\\/2024\\\/07\\\/camel.jpg\",\"contentUrl\":\"https:\\\/\\\/www.eldiario.net\\\/portal\\\/wp-content\\\/uploads\\\/2024\\\/07\\\/camel.jpg\",\"width\":1280,\"height\":885,\"caption\":\"Im\u00e1genes sobre el apoyo brindado por instituciones de Santa Cruz a productores de cam\u00e9lidos.\"},{\"@type\":\"BreadcrumbList\",\"@id\":\"https:\\\/\\\/www.eldiario.net\\\/portal\\\/2024\\\/07\\\/13\\\/crean-asociacion-boliviana-de-criadores-de-camelidos-de-alta-genetica\\\/#breadcrumb\",\"itemListElement\":[{\"@type\":\"ListItem\",\"position\":1,\"name\":\"Portada\",\"item\":\"https:\\\/\\\/www.eldiario.net\\\/portal\\\/\"},{\"@type\":\"ListItem\",\"position\":2,\"name\":\"Crean Asociaci\u00f3n Boliviana de Criadores de Cam\u00e9lidos de Alta Gen\u00e9tica\"}]},{\"@type\":\"WebSite\",\"@id\":\"https:\\\/\\\/www.eldiario.net\\\/portal\\\/#website\",\"url\":\"https:\\\/\\\/www.eldiario.net\\\/portal\\\/\",\"name\":\"El Diario - Decano de la prensa nacional\",\"description\":\"El Diario - Decano de la prensa nacional\",\"publisher\":{\"@id\":\"https:\\\/\\\/www.eldiario.net\\\/portal\\\/#organization\"},\"potentialAction\":[{\"@type\":\"SearchAction\",\"target\":{\"@type\":\"EntryPoint\",\"urlTemplate\":\"https:\\\/\\\/www.eldiario.net\\\/portal\\\/?s={search_term_string}\"},\"query-input\":{\"@type\":\"PropertyValueSpecification\",\"valueRequired\":true,\"valueName\":\"search_term_string\"}}],\"inLanguage\":\"es\"},{\"@type\":\"Organization\",\"@id\":\"https:\\\/\\\/www.eldiario.net\\\/portal\\\/#organization\",\"name\":\"El Diario - Decano de la prensa nacional\",\"url\":\"https:\\\/\\\/www.eldiario.net\\\/portal\\\/\",\"logo\":{\"@type\":\"ImageObject\",\"inLanguage\":\"es\",\"@id\":\"https:\\\/\\\/www.eldiario.net\\\/portal\\\/#\\\/schema\\\/logo\\\/image\\\/\",\"url\":\"https:\\\/\\\/www.eldiario.net\\\/portal\\\/wp-content\\\/uploads\\\/2023\\\/07\\\/logo_ED.jpg\",\"contentUrl\":\"https:\\\/\\\/www.eldiario.net\\\/portal\\\/wp-content\\\/uploads\\\/2023\\\/07\\\/logo_ED.jpg\",\"width\":272,\"height\":52,\"caption\":\"El Diario - Decano de la prensa nacional\"},\"image\":{\"@id\":\"https:\\\/\\\/www.eldiario.net\\\/portal\\\/#\\\/schema\\\/logo\\\/image\\\/\"},\"sameAs\":[\"https:\\\/\\\/www.facebook.com\\\/eldiario.bolivia\\\/\",\"https:\\\/\\\/x.com\\\/eldiario_net\"]},{\"@type\":\"Person\",\"@id\":\"https:\\\/\\\/www.eldiario.net\\\/portal\\\/#\\\/schema\\\/person\\\/f46445640444750d7d753ccd04ae01b7\",\"name\":\"Jeanette\",\"image\":{\"@type\":\"ImageObject\",\"inLanguage\":\"es\",\"@id\":\"https:\\\/\\\/secure.gravatar.com\\\/avatar\\\/3ea2118a5f7dad2b7138b1187a6b7ee55f160b9968b66013c3a3ef39dd7e5798?s=96&d=mm&r=g\",\"url\":\"https:\\\/\\\/secure.gravatar.com\\\/avatar\\\/3ea2118a5f7dad2b7138b1187a6b7ee55f160b9968b66013c3a3ef39dd7e5798?s=96&d=mm&r=g\",\"contentUrl\":\"https:\\\/\\\/secure.gravatar.com\\\/avatar\\\/3ea2118a5f7dad2b7138b1187a6b7ee55f160b9968b66013c3a3ef39dd7e5798?s=96&d=mm&r=g\",\"caption\":\"Jeanette\"},\"sameAs\":[\"https:\\\/\\\/www.eldiario.net\\\/portal\"],\"url\":\"https:\\\/\\\/www.eldiario.net\\\/portal\\\/author\\\/jeanette\\\/\"}]}<\/script>\n<!-- \/ Yoast SEO plugin. -->","yoast_head_json":{"title":"Crean Asociaci\u00f3n Boliviana de Criadores de Cam\u00e9lidos de Alta Gen\u00e9tica - El Diario - Bolivia","robots":{"index":"index","follow":"follow","max-snippet":"max-snippet:-1","max-image-preview":"max-image-preview:large","max-video-preview":"max-video-preview:-1"},"canonical":"https:\/\/www.eldiario.net\/portal\/2024\/07\/13\/crean-asociacion-boliviana-de-criadores-de-camelidos-de-alta-genetica\/","og_locale":"es_ES","og_type":"article","og_title":"Crean Asociaci\u00f3n Boliviana de Criadores de Cam\u00e9lidos de Alta Gen\u00e9tica - El Diario - Bolivia","og_description":"En el a\u00f1o internacional del Cam\u00e9lido, la Confederaci\u00f3n Agropecuaria Nacional (Confeagro), la C\u00e1mara Agropecuaria del Oriente (CAO) y la Asociaci\u00f3n Boliviana de Criadores de Ceb\u00fa (Asoceb\u00fa) sostuvieron una reuni\u00f3n con productores de cam\u00e9lidos, con el objetivo de potenciar su productividad y mejorar sus ingresos con la creaci\u00f3n de la Asociaci\u00f3n Boliviana de Criadores de Cam\u00e9lidos [&hellip;]","og_url":"https:\/\/www.eldiario.net\/portal\/2024\/07\/13\/crean-asociacion-boliviana-de-criadores-de-camelidos-de-alta-genetica\/","og_site_name":"El Diario - Bolivia","article_publisher":"https:\/\/www.facebook.com\/eldiario.bolivia\/","article_published_time":"2024-07-13T11:22:09+00:00","og_image":[{"width":1280,"height":885,"url":"https:\/\/www.eldiario.net\/portal\/wp-content\/uploads\/2024\/07\/camel.jpg","type":"image\/jpeg"}],"author":"Jeanette","twitter_card":"summary_large_image","twitter_creator":"@eldiario_net","twitter_site":"@eldiario_net","twitter_misc":{"Escrito por":"Jeanette","Tiempo de lectura":"2 minutos"},"schema":{"@context":"https:\/\/schema.org","@graph":[{"@type":"Article","@id":"https:\/\/www.eldiario.net\/portal\/2024\/07\/13\/crean-asociacion-boliviana-de-criadores-de-camelidos-de-alta-genetica\/#article","isPartOf":{"@id":"https:\/\/www.eldiario.net\/portal\/2024\/07\/13\/crean-asociacion-boliviana-de-criadores-de-camelidos-de-alta-genetica\/"},"author":{"name":"Jeanette","@id":"https:\/\/www.eldiario.net\/portal\/#\/schema\/person\/f46445640444750d7d753ccd04ae01b7"},"headline":"Crean Asociaci\u00f3n Boliviana de Criadores de Cam\u00e9lidos de Alta Gen\u00e9tica","datePublished":"2024-07-13T11:22:09+00:00","mainEntityOfPage":{"@id":"https:\/\/www.eldiario.net\/portal\/2024\/07\/13\/crean-asociacion-boliviana-de-criadores-de-camelidos-de-alta-genetica\/"},"wordCount":320,"commentCount":0,"publisher":{"@id":"https:\/\/www.eldiario.net\/portal\/#organization"},"image":{"@id":"https:\/\/www.eldiario.net\/portal\/2024\/07\/13\/crean-asociacion-boliviana-de-criadores-de-camelidos-de-alta-genetica\/#primaryimage"},"thumbnailUrl":"https:\/\/www.eldiario.net\/portal\/wp-content\/uploads\/2024\/07\/camel.jpg","articleSection":["Econom\u00eda"],"inLanguage":"es","potentialAction":[{"@type":"CommentAction","name":"Comment","target":["https:\/\/www.eldiario.net\/portal\/2024\/07\/13\/crean-asociacion-boliviana-de-criadores-de-camelidos-de-alta-genetica\/#respond"]}]},{"@type":"WebPage","@id":"https:\/\/www.eldiario.net\/portal\/2024\/07\/13\/crean-asociacion-boliviana-de-criadores-de-camelidos-de-alta-genetica\/","url":"https:\/\/www.eldiario.net\/portal\/2024\/07\/13\/crean-asociacion-boliviana-de-criadores-de-camelidos-de-alta-genetica\/","name":"Crean Asociaci\u00f3n Boliviana de Criadores de Cam\u00e9lidos de Alta Gen\u00e9tica - El Diario - Bolivia","isPartOf":{"@id":"https:\/\/www.eldiario.net\/portal\/#website"},"primaryImageOfPage":{"@id":"https:\/\/www.eldiario.net\/portal\/2024\/07\/13\/crean-asociacion-boliviana-de-criadores-de-camelidos-de-alta-genetica\/#primaryimage"},"image":{"@id":"https:\/\/www.eldiario.net\/portal\/2024\/07\/13\/crean-asociacion-boliviana-de-criadores-de-camelidos-de-alta-genetica\/#primaryimage"},"thumbnailUrl":"https:\/\/www.eldiario.net\/portal\/wp-content\/uploads\/2024\/07\/camel.jpg","datePublished":"2024-07-13T11:22:09+00:00","breadcrumb":{"@id":"https:\/\/www.eldiario.net\/portal\/2024\/07\/13\/crean-asociacion-boliviana-de-criadores-de-camelidos-de-alta-genetica\/#breadcrumb"},"inLanguage":"es","potentialAction":[{"@type":"ReadAction","target":["https:\/\/www.eldiario.net\/portal\/2024\/07\/13\/crean-asociacion-boliviana-de-criadores-de-camelidos-de-alta-genetica\/"]}]},{"@type":"ImageObject","inLanguage":"es","@id":"https:\/\/www.eldiario.net\/portal\/2024\/07\/13\/crean-asociacion-boliviana-de-criadores-de-camelidos-de-alta-genetica\/#primaryimage","url":"https:\/\/www.eldiario.net\/portal\/wp-content\/uploads\/2024\/07\/camel.jpg","contentUrl":"https:\/\/www.eldiario.net\/portal\/wp-content\/uploads\/2024\/07\/camel.jpg","width":1280,"height":885,"caption":"Im\u00e1genes sobre el apoyo brindado por instituciones de Santa Cruz a productores de cam\u00e9lidos."},{"@type":"BreadcrumbList","@id":"https:\/\/www.eldiario.net\/portal\/2024\/07\/13\/crean-asociacion-boliviana-de-criadores-de-camelidos-de-alta-genetica\/#breadcrumb","itemListElement":[{"@type":"ListItem","position":1,"name":"Portada","item":"https:\/\/www.eldiario.net\/portal\/"},{"@type":"ListItem","position":2,"name":"Crean Asociaci\u00f3n Boliviana de Criadores de Cam\u00e9lidos de Alta Gen\u00e9tica"}]},{"@type":"WebSite","@id":"https:\/\/www.eldiario.net\/portal\/#website","url":"https:\/\/www.eldiario.net\/portal\/","name":"El Diario - Decano de la prensa nacional","description":"El Diario - Decano de la prensa nacional","publisher":{"@id":"https:\/\/www.eldiario.net\/portal\/#organization"},"potentialAction":[{"@type":"SearchAction","target":{"@type":"EntryPoint","urlTemplate":"https:\/\/www.eldiario.net\/portal\/?s={search_term_string}"},"query-input":{"@type":"PropertyValueSpecification","valueRequired":true,"valueName":"search_term_string"}}],"inLanguage":"es"},{"@type":"Organization","@id":"https:\/\/www.eldiario.net\/portal\/#organization","name":"El Diario - Decano de la prensa nacional","url":"https:\/\/www.eldiario.net\/portal\/","logo":{"@type":"ImageObject","inLanguage":"es","@id":"https:\/\/www.eldiario.net\/portal\/#\/schema\/logo\/image\/","url":"https:\/\/www.eldiario.net\/portal\/wp-content\/uploads\/2023\/07\/logo_ED.jpg","contentUrl":"https:\/\/www.eldiario.net\/portal\/wp-content\/uploads\/2023\/07\/logo_ED.jpg","width":272,"height":52,"caption":"El Diario - Decano de la prensa nacional"},"image":{"@id":"https:\/\/www.eldiario.net\/portal\/#\/schema\/logo\/image\/"},"sameAs":["https:\/\/www.facebook.com\/eldiario.bolivia\/","https:\/\/x.com\/eldiario_net"]},{"@type":"Person","@id":"https:\/\/www.eldiario.net\/portal\/#\/schema\/person\/f46445640444750d7d753ccd04ae01b7","name":"Jeanette","image":{"@type":"ImageObject","inLanguage":"es","@id":"https:\/\/secure.gravatar.com\/avatar\/3ea2118a5f7dad2b7138b1187a6b7ee55f160b9968b66013c3a3ef39dd7e5798?s=96&d=mm&r=g","url":"https:\/\/secure.gravatar.com\/avatar\/3ea2118a5f7dad2b7138b1187a6b7ee55f160b9968b66013c3a3ef39dd7e5798?s=96&d=mm&r=g","contentUrl":"https:\/\/secure.gravatar.com\/avatar\/3ea2118a5f7dad2b7138b1187a6b7ee55f160b9968b66013c3a3ef39dd7e5798?s=96&d=mm&r=g","caption":"Jeanette"},"sameAs":["https:\/\/www.eldiario.net\/portal"],"url":"https:\/\/www.eldiario.net\/portal\/author\/jeanette\/"}]}},"_links":{"self":[{"href":"https:\/\/www.eldiario.net\/portal\/wp-json\/wp\/v2\/posts\/233633","targetHints":{"allow":["GET"]}}],"collection":[{"href":"https:\/\/www.eldiario.net\/portal\/wp-json\/wp\/v2\/posts"}],"about":[{"href":"https:\/\/www.eldiario.net\/portal\/wp-json\/wp\/v2\/types\/post"}],"author":[{"embeddable":true,"href":"https:\/\/www.eldiario.net\/portal\/wp-json\/wp\/v2\/users\/1"}],"replies":[{"embeddable":true,"href":"https:\/\/www.eldiario.net\/portal\/wp-json\/wp\/v2\/comments?post=233633"}],"version-history":[{"count":1,"href":"https:\/\/www.eldiario.net\/portal\/wp-json\/wp\/v2\/posts\/233633\/revisions"}],"predecessor-version":[{"id":233635,"href":"https:\/\/www.eldiario.net\/portal\/wp-json\/wp\/v2\/posts\/233633\/revisions\/233635"}],"wp:featuredmedia":[{"embeddable":true,"href":"https:\/\/www.eldiario.net\/portal\/wp-json\/wp\/v2\/media\/233634"}],"wp:attachment":[{"href":"https:\/\/www.eldiario.net\/portal\/wp-json\/wp\/v2\/media?parent=233633"}],"wp:term":[{"taxonomy":"category","embeddable":true,"href":"https:\/\/www.eldiario.net\/portal\/wp-json\/wp\/v2\/categories?post=233633"},{"taxonomy":"post_tag","embeddable":true,"href":"https:\/\/www.eldiario.net\/portal\/wp-json\/wp\/v2\/tags?post=233633"}],"curies":[{"name":"wp","href":"https:\/\/api.w.org\/{rel}","templated":true}]}}