{"id":23362,"date":"2021-08-14T05:42:29","date_gmt":"2021-08-14T09:42:29","guid":{"rendered":"https:\/\/www.eldiario.net\/portal\/?p=23362"},"modified":"2021-08-14T05:42:29","modified_gmt":"2021-08-14T09:42:29","slug":"denuncian-a-seis-legisladores-del-mas-por-gritos-en-sesion-de-honor","status":"publish","type":"post","link":"https:\/\/www.eldiario.net\/portal\/2021\/08\/14\/denuncian-a-seis-legisladores-del-mas-por-gritos-en-sesion-de-honor\/","title":{"rendered":"Denuncian a seis legisladores del MAS por gritos en sesi\u00f3n de honor"},"content":{"rendered":"<p>Se\u00f1alan que existe suficiente documentaci\u00f3n recopilada que comprueba las infracciones cometidas por los parlamentarios denunciados, mismas que fueron recolectadas incluso de las cuentas en redes sociales del propio Presidente del Estado.<br \/>\nComo respuesta a las denuncias presentadas por diputados oficialistas ante la Comisi\u00f3n de \u00c9tica de la Asamblea Legislativa Plurinacional (ALP) en contra de parlamentarios opositores que interrumpieron el mensaje presidencial del 6 de agosto, los legisladores de Comunidad Ciudadana (CC) anunciaron contra denuncias por gritos durante esta sesi\u00f3n. El diputado por Comunidad Ciudadana, Alberto Astorga, inform\u00f3 que se ha presentado una denuncia por los hechos bochornosos registrados durante la sesi\u00f3n de honor de la ALP por la independencia de Bolivia, cuando legisladores del MAS gritaron estribillos en contra de los partidos de oposici\u00f3n.<br \/>\n\u201cEstoy presentando ante la Comisi\u00f3n de \u00c9tica una denuncia contra seis diputados del Movimiento al Socialismo, los cuales son: Deysi Choque, Tania Paniagua, Alina Canaviri, Daniel Rojas, Anyelo C\u00e9spedes y Juan Jos\u00e9 Huanca, esta contradenuncia la estamos realizando porque estos 6 diputados han gritado a cada momento \u2018golpe de Estado\u2019, \u2018la derecha no pasar\u00e1\u2019 y otros estribillos que identifican al MAS\u201d.<br \/>\nAstorga, adem\u00e1s, se\u00f1al\u00f3 que existe suficiente documentaci\u00f3n recopilada que comprueba las infracciones cometidas por los parlamentarios denunciados, mismas que fueron recolectadas incluso de las cuentas en redes sociales del propio Presidente del Estado.<br \/>\nManifest\u00f3 que con esta denuncia se busca evitar que la Comisi\u00f3n de \u00c9tica se convierta en un instrumento para amedrentar a parlamentarios de oposici\u00f3n, as\u00ed como se controla a la justicia por parte del Gobierno.<br \/>\n\u201cCon esta contradenuncia queremos demostrar que la denuncia de la diputada Deysi Choque no tiene ni pies ni cabeza, ya que el 6 de agosto todos los diputados han gritado en la C\u00e1mara de Diputados, adem\u00e1s es evidente que el MAS ha tomado la justicia donde fiscales y jueces son serviles al Gobierno, ahora se quiere tomar y convertir en una guillotina a la comisi\u00f3n de \u00e9tica para amedrentar a los diputados opositores\u201d, dijo.<br \/>\nSe\u00f1al\u00f3 que se deja en manos de esta comisi\u00f3n el establecer qui\u00e9nes verdaderamente han vulnerado los c\u00f3digos de honor de la ALP el pasado 6 de agosto.<br \/>\nD\u00edas atr\u00e1s, la diputada del MAS Deysi Choque denunci\u00f3 a otros seis parlamentarios de oposici\u00f3n por considerar que se mell\u00f3 el decoro y la dignidad de la ALP durante la sesi\u00f3n de honor del pasado 6 de agosto.<br \/>\n\u201cEstuvimos vistos a nivel internacional y sus actitudes de estos diputados mellan la dignidad del pueblo y de la ALP. Amparados en los reglamentos de la Comisi\u00f3n de \u00c9tica, estamos pidiendo la suspensi\u00f3n por 12 meses sin derecho a sueldo ni retribuci\u00f3n econ\u00f3mica, no puede ser que los diputados cometan la vulneraci\u00f3n al decoro, es una falta grav\u00edsima\u201d refiri\u00f3 la parlamentaria.<\/p>\n<p>&nbsp;<\/p>\n","protected":false},"excerpt":{"rendered":"<p>Se\u00f1alan que existe suficiente documentaci\u00f3n recopilada que comprueba las infracciones cometidas por los parlamentarios denunciados, mismas que fueron recolectadas incluso de las cuentas en redes sociales del propio Presidente del Estado. Como respuesta a las denuncias presentadas por diputados oficialistas ante la Comisi\u00f3n de \u00c9tica de la Asamblea Legislativa Plurinacional (ALP) en contra de parlamentarios [&hellip;]<\/p>\n","protected":false},"author":1,"featured_media":23363,"comment_status":"closed","ping_status":"closed","sticky":false,"template":"","format":"standard","meta":{"_acf_changed":false,"footnotes":""},"categories":[14],"tags":[],"class_list":["post-23362","post","type-post","status-publish","format-standard","has-post-thumbnail","category-politica"],"acf":{"antetitulo":""},"yoast_head":"<!-- This site is optimized with the Yoast SEO plugin v28.4 - https:\/\/yoast.com\/product\/yoast-seo-wordpress\/ -->\n<title>Denuncian a seis legisladores del MAS por gritos en sesi\u00f3n de honor - El Diario - Bolivia<\/title>\n<meta name=\"robots\" content=\"index, follow, max-snippet:-1, max-image-preview:large, max-video-preview:-1\" \/>\n<link rel=\"canonical\" href=\"https:\/\/www.eldiario.net\/portal\/2021\/08\/14\/denuncian-a-seis-legisladores-del-mas-por-gritos-en-sesion-de-honor\/\" \/>\n<meta property=\"og:locale\" content=\"es_ES\" \/>\n<meta property=\"og:type\" content=\"article\" \/>\n<meta property=\"og:title\" content=\"Denuncian a seis legisladores del MAS por gritos en sesi\u00f3n de honor - El Diario - Bolivia\" \/>\n<meta property=\"og:description\" content=\"Se\u00f1alan que existe suficiente documentaci\u00f3n recopilada que comprueba las infracciones cometidas por los parlamentarios denunciados, mismas que fueron recolectadas incluso de las cuentas en redes sociales del propio Presidente del Estado. Como respuesta a las denuncias presentadas por diputados oficialistas ante la Comisi\u00f3n de \u00c9tica de la Asamblea Legislativa Plurinacional (ALP) en contra de parlamentarios [&hellip;]\" \/>\n<meta property=\"og:url\" content=\"https:\/\/www.eldiario.net\/portal\/2021\/08\/14\/denuncian-a-seis-legisladores-del-mas-por-gritos-en-sesion-de-honor\/\" \/>\n<meta property=\"og:site_name\" content=\"El Diario - Bolivia\" \/>\n<meta property=\"article:publisher\" content=\"https:\/\/www.facebook.com\/eldiario.bolivia\/\" \/>\n<meta property=\"article:published_time\" content=\"2021-08-14T09:42:29+00:00\" \/>\n<meta name=\"author\" content=\"Jeanette\" \/>\n<meta name=\"twitter:card\" content=\"summary_large_image\" \/>\n<meta name=\"twitter:creator\" content=\"@eldiario_net\" \/>\n<meta name=\"twitter:site\" content=\"@eldiario_net\" \/>\n<meta name=\"twitter:label1\" content=\"Escrito por\" \/>\n\t<meta name=\"twitter:data1\" content=\"Jeanette\" \/>\n\t<meta name=\"twitter:label2\" content=\"Tiempo de lectura\" \/>\n\t<meta name=\"twitter:data2\" content=\"2 minutos\" \/>\n<script type=\"application\/ld+json\" class=\"yoast-schema-graph\">{\"@context\":\"https:\\\/\\\/schema.org\",\"@graph\":[{\"@type\":\"Article\",\"@id\":\"https:\\\/\\\/www.eldiario.net\\\/portal\\\/2021\\\/08\\\/14\\\/denuncian-a-seis-legisladores-del-mas-por-gritos-en-sesion-de-honor\\\/#article\",\"isPartOf\":{\"@id\":\"https:\\\/\\\/www.eldiario.net\\\/portal\\\/2021\\\/08\\\/14\\\/denuncian-a-seis-legisladores-del-mas-por-gritos-en-sesion-de-honor\\\/\"},\"author\":{\"name\":\"Jeanette\",\"@id\":\"https:\\\/\\\/www.eldiario.net\\\/portal\\\/#\\\/schema\\\/person\\\/f46445640444750d7d753ccd04ae01b7\"},\"headline\":\"Denuncian a seis legisladores del MAS por gritos en sesi\u00f3n de honor\",\"datePublished\":\"2021-08-14T09:42:29+00:00\",\"mainEntityOfPage\":{\"@id\":\"https:\\\/\\\/www.eldiario.net\\\/portal\\\/2021\\\/08\\\/14\\\/denuncian-a-seis-legisladores-del-mas-por-gritos-en-sesion-de-honor\\\/\"},\"wordCount\":491,\"publisher\":{\"@id\":\"https:\\\/\\\/www.eldiario.net\\\/portal\\\/#organization\"},\"image\":{\"@id\":\"https:\\\/\\\/www.eldiario.net\\\/portal\\\/2021\\\/08\\\/14\\\/denuncian-a-seis-legisladores-del-mas-por-gritos-en-sesion-de-honor\\\/#primaryimage\"},\"thumbnailUrl\":\"\",\"articleSection\":[\"Pol\u00edtica\"],\"inLanguage\":\"es\"},{\"@type\":\"WebPage\",\"@id\":\"https:\\\/\\\/www.eldiario.net\\\/portal\\\/2021\\\/08\\\/14\\\/denuncian-a-seis-legisladores-del-mas-por-gritos-en-sesion-de-honor\\\/\",\"url\":\"https:\\\/\\\/www.eldiario.net\\\/portal\\\/2021\\\/08\\\/14\\\/denuncian-a-seis-legisladores-del-mas-por-gritos-en-sesion-de-honor\\\/\",\"name\":\"Denuncian a seis legisladores del MAS por gritos en sesi\u00f3n de honor - El Diario - Bolivia\",\"isPartOf\":{\"@id\":\"https:\\\/\\\/www.eldiario.net\\\/portal\\\/#website\"},\"primaryImageOfPage\":{\"@id\":\"https:\\\/\\\/www.eldiario.net\\\/portal\\\/2021\\\/08\\\/14\\\/denuncian-a-seis-legisladores-del-mas-por-gritos-en-sesion-de-honor\\\/#primaryimage\"},\"image\":{\"@id\":\"https:\\\/\\\/www.eldiario.net\\\/portal\\\/2021\\\/08\\\/14\\\/denuncian-a-seis-legisladores-del-mas-por-gritos-en-sesion-de-honor\\\/#primaryimage\"},\"thumbnailUrl\":\"\",\"datePublished\":\"2021-08-14T09:42:29+00:00\",\"breadcrumb\":{\"@id\":\"https:\\\/\\\/www.eldiario.net\\\/portal\\\/2021\\\/08\\\/14\\\/denuncian-a-seis-legisladores-del-mas-por-gritos-en-sesion-de-honor\\\/#breadcrumb\"},\"inLanguage\":\"es\",\"potentialAction\":[{\"@type\":\"ReadAction\",\"target\":[\"https:\\\/\\\/www.eldiario.net\\\/portal\\\/2021\\\/08\\\/14\\\/denuncian-a-seis-legisladores-del-mas-por-gritos-en-sesion-de-honor\\\/\"]}]},{\"@type\":\"ImageObject\",\"inLanguage\":\"es\",\"@id\":\"https:\\\/\\\/www.eldiario.net\\\/portal\\\/2021\\\/08\\\/14\\\/denuncian-a-seis-legisladores-del-mas-por-gritos-en-sesion-de-honor\\\/#primaryimage\",\"url\":\"\",\"contentUrl\":\"\"},{\"@type\":\"BreadcrumbList\",\"@id\":\"https:\\\/\\\/www.eldiario.net\\\/portal\\\/2021\\\/08\\\/14\\\/denuncian-a-seis-legisladores-del-mas-por-gritos-en-sesion-de-honor\\\/#breadcrumb\",\"itemListElement\":[{\"@type\":\"ListItem\",\"position\":1,\"name\":\"Portada\",\"item\":\"https:\\\/\\\/www.eldiario.net\\\/portal\\\/\"},{\"@type\":\"ListItem\",\"position\":2,\"name\":\"Denuncian a seis legisladores del MAS por gritos en sesi\u00f3n de honor\"}]},{\"@type\":\"WebSite\",\"@id\":\"https:\\\/\\\/www.eldiario.net\\\/portal\\\/#website\",\"url\":\"https:\\\/\\\/www.eldiario.net\\\/portal\\\/\",\"name\":\"El Diario - Decano de la prensa nacional\",\"description\":\"El Diario - Decano de la prensa nacional\",\"publisher\":{\"@id\":\"https:\\\/\\\/www.eldiario.net\\\/portal\\\/#organization\"},\"potentialAction\":[{\"@type\":\"SearchAction\",\"target\":{\"@type\":\"EntryPoint\",\"urlTemplate\":\"https:\\\/\\\/www.eldiario.net\\\/portal\\\/?s={search_term_string}\"},\"query-input\":{\"@type\":\"PropertyValueSpecification\",\"valueRequired\":true,\"valueName\":\"search_term_string\"}}],\"inLanguage\":\"es\"},{\"@type\":\"Organization\",\"@id\":\"https:\\\/\\\/www.eldiario.net\\\/portal\\\/#organization\",\"name\":\"El Diario - Decano de la prensa nacional\",\"url\":\"https:\\\/\\\/www.eldiario.net\\\/portal\\\/\",\"logo\":{\"@type\":\"ImageObject\",\"inLanguage\":\"es\",\"@id\":\"https:\\\/\\\/www.eldiario.net\\\/portal\\\/#\\\/schema\\\/logo\\\/image\\\/\",\"url\":\"https:\\\/\\\/www.eldiario.net\\\/portal\\\/wp-content\\\/uploads\\\/2023\\\/07\\\/logo_ED.jpg\",\"contentUrl\":\"https:\\\/\\\/www.eldiario.net\\\/portal\\\/wp-content\\\/uploads\\\/2023\\\/07\\\/logo_ED.jpg\",\"width\":272,\"height\":52,\"caption\":\"El Diario - Decano de la prensa nacional\"},\"image\":{\"@id\":\"https:\\\/\\\/www.eldiario.net\\\/portal\\\/#\\\/schema\\\/logo\\\/image\\\/\"},\"sameAs\":[\"https:\\\/\\\/www.facebook.com\\\/eldiario.bolivia\\\/\",\"https:\\\/\\\/x.com\\\/eldiario_net\"]},{\"@type\":\"Person\",\"@id\":\"https:\\\/\\\/www.eldiario.net\\\/portal\\\/#\\\/schema\\\/person\\\/f46445640444750d7d753ccd04ae01b7\",\"name\":\"Jeanette\",\"image\":{\"@type\":\"ImageObject\",\"inLanguage\":\"es\",\"@id\":\"https:\\\/\\\/secure.gravatar.com\\\/avatar\\\/3ea2118a5f7dad2b7138b1187a6b7ee55f160b9968b66013c3a3ef39dd7e5798?s=96&d=mm&r=g\",\"url\":\"https:\\\/\\\/secure.gravatar.com\\\/avatar\\\/3ea2118a5f7dad2b7138b1187a6b7ee55f160b9968b66013c3a3ef39dd7e5798?s=96&d=mm&r=g\",\"contentUrl\":\"https:\\\/\\\/secure.gravatar.com\\\/avatar\\\/3ea2118a5f7dad2b7138b1187a6b7ee55f160b9968b66013c3a3ef39dd7e5798?s=96&d=mm&r=g\",\"caption\":\"Jeanette\"},\"sameAs\":[\"https:\\\/\\\/www.eldiario.net\\\/portal\"],\"url\":\"https:\\\/\\\/www.eldiario.net\\\/portal\\\/author\\\/jeanette\\\/\"}]}<\/script>\n<!-- \/ Yoast SEO plugin. -->","yoast_head_json":{"title":"Denuncian a seis legisladores del MAS por gritos en sesi\u00f3n de honor - El Diario - Bolivia","robots":{"index":"index","follow":"follow","max-snippet":"max-snippet:-1","max-image-preview":"max-image-preview:large","max-video-preview":"max-video-preview:-1"},"canonical":"https:\/\/www.eldiario.net\/portal\/2021\/08\/14\/denuncian-a-seis-legisladores-del-mas-por-gritos-en-sesion-de-honor\/","og_locale":"es_ES","og_type":"article","og_title":"Denuncian a seis legisladores del MAS por gritos en sesi\u00f3n de honor - El Diario - Bolivia","og_description":"Se\u00f1alan que existe suficiente documentaci\u00f3n recopilada que comprueba las infracciones cometidas por los parlamentarios denunciados, mismas que fueron recolectadas incluso de las cuentas en redes sociales del propio Presidente del Estado. Como respuesta a las denuncias presentadas por diputados oficialistas ante la Comisi\u00f3n de \u00c9tica de la Asamblea Legislativa Plurinacional (ALP) en contra de parlamentarios [&hellip;]","og_url":"https:\/\/www.eldiario.net\/portal\/2021\/08\/14\/denuncian-a-seis-legisladores-del-mas-por-gritos-en-sesion-de-honor\/","og_site_name":"El Diario - Bolivia","article_publisher":"https:\/\/www.facebook.com\/eldiario.bolivia\/","article_published_time":"2021-08-14T09:42:29+00:00","author":"Jeanette","twitter_card":"summary_large_image","twitter_creator":"@eldiario_net","twitter_site":"@eldiario_net","twitter_misc":{"Escrito por":"Jeanette","Tiempo de lectura":"2 minutos"},"schema":{"@context":"https:\/\/schema.org","@graph":[{"@type":"Article","@id":"https:\/\/www.eldiario.net\/portal\/2021\/08\/14\/denuncian-a-seis-legisladores-del-mas-por-gritos-en-sesion-de-honor\/#article","isPartOf":{"@id":"https:\/\/www.eldiario.net\/portal\/2021\/08\/14\/denuncian-a-seis-legisladores-del-mas-por-gritos-en-sesion-de-honor\/"},"author":{"name":"Jeanette","@id":"https:\/\/www.eldiario.net\/portal\/#\/schema\/person\/f46445640444750d7d753ccd04ae01b7"},"headline":"Denuncian a seis legisladores del MAS por gritos en sesi\u00f3n de honor","datePublished":"2021-08-14T09:42:29+00:00","mainEntityOfPage":{"@id":"https:\/\/www.eldiario.net\/portal\/2021\/08\/14\/denuncian-a-seis-legisladores-del-mas-por-gritos-en-sesion-de-honor\/"},"wordCount":491,"publisher":{"@id":"https:\/\/www.eldiario.net\/portal\/#organization"},"image":{"@id":"https:\/\/www.eldiario.net\/portal\/2021\/08\/14\/denuncian-a-seis-legisladores-del-mas-por-gritos-en-sesion-de-honor\/#primaryimage"},"thumbnailUrl":"","articleSection":["Pol\u00edtica"],"inLanguage":"es"},{"@type":"WebPage","@id":"https:\/\/www.eldiario.net\/portal\/2021\/08\/14\/denuncian-a-seis-legisladores-del-mas-por-gritos-en-sesion-de-honor\/","url":"https:\/\/www.eldiario.net\/portal\/2021\/08\/14\/denuncian-a-seis-legisladores-del-mas-por-gritos-en-sesion-de-honor\/","name":"Denuncian a seis legisladores del MAS por gritos en sesi\u00f3n de honor - El Diario - Bolivia","isPartOf":{"@id":"https:\/\/www.eldiario.net\/portal\/#website"},"primaryImageOfPage":{"@id":"https:\/\/www.eldiario.net\/portal\/2021\/08\/14\/denuncian-a-seis-legisladores-del-mas-por-gritos-en-sesion-de-honor\/#primaryimage"},"image":{"@id":"https:\/\/www.eldiario.net\/portal\/2021\/08\/14\/denuncian-a-seis-legisladores-del-mas-por-gritos-en-sesion-de-honor\/#primaryimage"},"thumbnailUrl":"","datePublished":"2021-08-14T09:42:29+00:00","breadcrumb":{"@id":"https:\/\/www.eldiario.net\/portal\/2021\/08\/14\/denuncian-a-seis-legisladores-del-mas-por-gritos-en-sesion-de-honor\/#breadcrumb"},"inLanguage":"es","potentialAction":[{"@type":"ReadAction","target":["https:\/\/www.eldiario.net\/portal\/2021\/08\/14\/denuncian-a-seis-legisladores-del-mas-por-gritos-en-sesion-de-honor\/"]}]},{"@type":"ImageObject","inLanguage":"es","@id":"https:\/\/www.eldiario.net\/portal\/2021\/08\/14\/denuncian-a-seis-legisladores-del-mas-por-gritos-en-sesion-de-honor\/#primaryimage","url":"","contentUrl":""},{"@type":"BreadcrumbList","@id":"https:\/\/www.eldiario.net\/portal\/2021\/08\/14\/denuncian-a-seis-legisladores-del-mas-por-gritos-en-sesion-de-honor\/#breadcrumb","itemListElement":[{"@type":"ListItem","position":1,"name":"Portada","item":"https:\/\/www.eldiario.net\/portal\/"},{"@type":"ListItem","position":2,"name":"Denuncian a seis legisladores del MAS por gritos en sesi\u00f3n de honor"}]},{"@type":"WebSite","@id":"https:\/\/www.eldiario.net\/portal\/#website","url":"https:\/\/www.eldiario.net\/portal\/","name":"El Diario - Decano de la prensa nacional","description":"El Diario - Decano de la prensa nacional","publisher":{"@id":"https:\/\/www.eldiario.net\/portal\/#organization"},"potentialAction":[{"@type":"SearchAction","target":{"@type":"EntryPoint","urlTemplate":"https:\/\/www.eldiario.net\/portal\/?s={search_term_string}"},"query-input":{"@type":"PropertyValueSpecification","valueRequired":true,"valueName":"search_term_string"}}],"inLanguage":"es"},{"@type":"Organization","@id":"https:\/\/www.eldiario.net\/portal\/#organization","name":"El Diario - Decano de la prensa nacional","url":"https:\/\/www.eldiario.net\/portal\/","logo":{"@type":"ImageObject","inLanguage":"es","@id":"https:\/\/www.eldiario.net\/portal\/#\/schema\/logo\/image\/","url":"https:\/\/www.eldiario.net\/portal\/wp-content\/uploads\/2023\/07\/logo_ED.jpg","contentUrl":"https:\/\/www.eldiario.net\/portal\/wp-content\/uploads\/2023\/07\/logo_ED.jpg","width":272,"height":52,"caption":"El Diario - Decano de la prensa nacional"},"image":{"@id":"https:\/\/www.eldiario.net\/portal\/#\/schema\/logo\/image\/"},"sameAs":["https:\/\/www.facebook.com\/eldiario.bolivia\/","https:\/\/x.com\/eldiario_net"]},{"@type":"Person","@id":"https:\/\/www.eldiario.net\/portal\/#\/schema\/person\/f46445640444750d7d753ccd04ae01b7","name":"Jeanette","image":{"@type":"ImageObject","inLanguage":"es","@id":"https:\/\/secure.gravatar.com\/avatar\/3ea2118a5f7dad2b7138b1187a6b7ee55f160b9968b66013c3a3ef39dd7e5798?s=96&d=mm&r=g","url":"https:\/\/secure.gravatar.com\/avatar\/3ea2118a5f7dad2b7138b1187a6b7ee55f160b9968b66013c3a3ef39dd7e5798?s=96&d=mm&r=g","contentUrl":"https:\/\/secure.gravatar.com\/avatar\/3ea2118a5f7dad2b7138b1187a6b7ee55f160b9968b66013c3a3ef39dd7e5798?s=96&d=mm&r=g","caption":"Jeanette"},"sameAs":["https:\/\/www.eldiario.net\/portal"],"url":"https:\/\/www.eldiario.net\/portal\/author\/jeanette\/"}]}},"_links":{"self":[{"href":"https:\/\/www.eldiario.net\/portal\/wp-json\/wp\/v2\/posts\/23362","targetHints":{"allow":["GET"]}}],"collection":[{"href":"https:\/\/www.eldiario.net\/portal\/wp-json\/wp\/v2\/posts"}],"about":[{"href":"https:\/\/www.eldiario.net\/portal\/wp-json\/wp\/v2\/types\/post"}],"author":[{"embeddable":true,"href":"https:\/\/www.eldiario.net\/portal\/wp-json\/wp\/v2\/users\/1"}],"replies":[{"embeddable":true,"href":"https:\/\/www.eldiario.net\/portal\/wp-json\/wp\/v2\/comments?post=23362"}],"version-history":[{"count":0,"href":"https:\/\/www.eldiario.net\/portal\/wp-json\/wp\/v2\/posts\/23362\/revisions"}],"wp:attachment":[{"href":"https:\/\/www.eldiario.net\/portal\/wp-json\/wp\/v2\/media?parent=23362"}],"wp:term":[{"taxonomy":"category","embeddable":true,"href":"https:\/\/www.eldiario.net\/portal\/wp-json\/wp\/v2\/categories?post=23362"},{"taxonomy":"post_tag","embeddable":true,"href":"https:\/\/www.eldiario.net\/portal\/wp-json\/wp\/v2\/tags?post=23362"}],"curies":[{"name":"wp","href":"https:\/\/api.w.org\/{rel}","templated":true}]}}