{"id":23359,"date":"2021-08-14T05:40:59","date_gmt":"2021-08-14T09:40:59","guid":{"rendered":"https:\/\/www.eldiario.net\/portal\/?p=23359"},"modified":"2021-08-14T05:40:59","modified_gmt":"2021-08-14T09:40:59","slug":"hospital-del-norte-habilita-atencion-a-otras-dolencias","status":"publish","type":"post","link":"https:\/\/www.eldiario.net\/portal\/2021\/08\/14\/hospital-del-norte-habilita-atencion-a-otras-dolencias\/","title":{"rendered":"Hospital del Norte habilita  atenci\u00f3n a otras dolencias"},"content":{"rendered":"<p>Luego del anuncio del descenso de casos covid-19, el director del Hospital del Norte, Valent\u00edn Apaza, dio a conocer que a partir de la fecha se habilitar\u00e1n consultas externas para pacientes con otras patolog\u00edas. Los cuidados de bioseguridad contin\u00faan vigentes.<br \/>\nLa decisi\u00f3n de las autoridades de este nosocomio fue tomada luego del an\u00e1lisis efectuado a todos los datos que tiene por parte de las instancias de epidemiolog\u00eda del Servicio Departamental de Salud (Sedes), La Paz y la direcci\u00f3n de salud del municipio de El Alto.<br \/>\nDe esta forma, se logr\u00f3 habilitar varias de las consultas externas que podr\u00e1 realizar un paciente tal como antes de la pandemia se efectuaba; esta desaceleraci\u00f3n de contagios que se ha podido verificar en los \u00faltimos d\u00edas en La Paz y El Alto, podr\u00e1 nuevamente hacer que se retome este trabajo en favor de la poblaci\u00f3n.<br \/>\n\u201cComo es de conocimiento nuestro hospital ha prestado sus servicios m\u00e1s de un a\u00f1o a los pacientes positivos de covid-19, tanto en el \u00e1rea de cuidados intensivos, como m\u00ednimos, terapia intensiva e intermedia, pero debido a este descenso de casos, se ha visto en los \u00faltimos d\u00edas la presencia de m\u00e1s pacientes de otras patolog\u00edas y es por eso que se tomado este acuerdo\u201d, explic\u00f3 la autoridad m\u00e9dica de este nosocomio.<br \/>\nSin embargo, exhort\u00f3 a la poblaci\u00f3n que asiste a estas revisiones o consultas externas, a no olvidarse del cumplimiento de las normas de bioseguridad, porque a pesar de los datos de desescalada, los cuidados todav\u00eda se deben cumplir de manera estricta.<br \/>\nEl galeno igualmente se refiri\u00f3 a este tipo de decisiones en otros hospitales de la ciudad de La Paz, como el caso de Cotahuma, que tambi\u00e9n acord\u00f3 reiniciar la atenci\u00f3n a pacientes externos de diferentes patolog\u00edas.<br \/>\nEn cuanto a la presencia de los siete pacientes covid-19, que a\u00fan permanecen en el hospital, quienes est\u00e1n internados en la Unidad de Terapia Intensiva (UTI), de acuerdo con la explicaci\u00f3n de las autoridades de este nosocomio, son aquellos pacientes que se internaron en los \u00faltimos d\u00edas, por lo que se tratar\u00eda de quienes todav\u00eda no recibieron las vacunas contra este virus.<br \/>\n\u201cQueremos hacer conocer que todos estos siete pacientes son aquellos que no han recibido la vacuna, pero tambi\u00e9n tenemos uno que ha recibido la primera vacuna, por eso pedimos a la ciudadan\u00eda que es muy importante vacunarse para poder contrarrestar esta enfermedad que todav\u00eda est\u00e1 entre nosotros, porque debemos saber que la vacuna es una esperanza de vida para que no te puedas contagiar\u201d, explic\u00f3 el galeno.<br \/>\nPor otro lado, el ministro de Salud y Deportes, Jeyson Auza, inform\u00f3 que se inaugurar\u00e1n 14 puntos de vacunaci\u00f3n masiva contra el covid-19 este s\u00e1bado en la ciudad de El Alto, con personal m\u00e9dico que atender\u00e1 desde las 08.00 hasta las 16.00 horas con la meta de llegar a los 10.000 inmunizados por d\u00eda.<br \/>\n\u201cAnunciamos que el d\u00eda de ma\u00f1ana (s\u00e1bado), junto con el presidente Luis Arce, vamos a inaugurar nuevos centros de vacunaci\u00f3n, 14 puntos de vacunaci\u00f3n en total (\u2026). Nos estamos planteando la tarea de vacunar 10.000 personas por d\u00eda. Para esto hemos hecho los c\u00e1lculos, hemos tomado las previsiones, vamos a asignar 30.000 dosis de vacunas al d\u00eda para lograr los objetivos y superar la meta que nos estamos planteando\u201d, inform\u00f3 en una conferencia de prensa.<br \/>\nDetall\u00f3 que el trabajo se har\u00e1 en coordinaci\u00f3n estrecha con la alcaldesa de El Alto, Eva Copa, y el personal de sus direcciones de Salud y Medio Ambiente.<br \/>\nCuatro de los puntos de inmunizaci\u00f3n ser\u00e1n centros de vacunaci\u00f3n masiva dependientes del Gobierno Municipal de El Alto y prestar\u00e1n servicios con el apoyo del Ministerio Salud.<br \/>\n\u201cAdem\u00e1s de siete centros de salud municipales, los cuales van a brindar la vacunaci\u00f3n integral a la poblaci\u00f3n\u201d, a\u00f1adi\u00f3.<br \/>\nEl resto ser\u00e1n centros m\u00e9dicos privados que coordinar\u00e1n su labor con personal del Ministerio de Salud, complement\u00f3.<br \/>\n\u201cComo Ministerio de Salud tambi\u00e9n estamos facilitando la asignaci\u00f3n de una c\u00e1mara de fr\u00edo, que garantice la cadena de fr\u00edo y permita la disponibilidad inmediata de vacunas\u201d, indic\u00f3.<br \/>\nLa alcaldesa de El Alto, Eva Copa, dijo que el Gobierno Aut\u00f3nomo Municipal cooperar\u00e1 tambi\u00e9n en la campa\u00f1a de vacunaci\u00f3n masiva con habilitaci\u00f3n de buses municipales para el traslado de personas de distritos rurales a los puntos de inmunizaci\u00f3n y la entrega de alimentos a manera de incentivo, report\u00f3 ABI.<br \/>\nFinalmente, agradeci\u00f3 por la realizaci\u00f3n de la campa\u00f1a de vacunaci\u00f3n masiva en El Alto y dijo que servir\u00e1 para incrementar el porcentaje de inmunizados a nivel local.<br \/>\n\u201cMuy agradecida con el Ministerio de Salud por la coordinaci\u00f3n directa, por el apoyo log\u00edstico y de recursos humanos que nos est\u00e1 coadyuvando para la vacunaci\u00f3n del d\u00eda de ma\u00f1ana (s\u00e1bado)\u201d, concluy\u00f3.<\/p>\n","protected":false},"excerpt":{"rendered":"<p>Luego del anuncio del descenso de casos covid-19, el director del Hospital del Norte, Valent\u00edn Apaza, dio a conocer que a partir de la fecha se habilitar\u00e1n consultas externas para pacientes con otras patolog\u00edas. Los cuidados de bioseguridad contin\u00faan vigentes. La decisi\u00f3n de las autoridades de este nosocomio fue tomada luego del an\u00e1lisis efectuado a [&hellip;]<\/p>\n","protected":false},"author":1,"featured_media":23360,"comment_status":"closed","ping_status":"closed","sticky":false,"template":"","format":"standard","meta":{"_acf_changed":false,"footnotes":""},"categories":[12],"tags":[],"class_list":["post-23359","post","type-post","status-publish","format-standard","has-post-thumbnail","category-nacional"],"acf":{"antetitulo":""},"yoast_head":"<!-- This site is optimized with the Yoast SEO plugin v28.4 - https:\/\/yoast.com\/product\/yoast-seo-wordpress\/ -->\n<title>Hospital del Norte habilita atenci\u00f3n a otras dolencias - El Diario - Bolivia<\/title>\n<meta name=\"robots\" content=\"index, follow, max-snippet:-1, max-image-preview:large, max-video-preview:-1\" \/>\n<link rel=\"canonical\" href=\"https:\/\/www.eldiario.net\/portal\/2021\/08\/14\/hospital-del-norte-habilita-atencion-a-otras-dolencias\/\" \/>\n<meta property=\"og:locale\" content=\"es_ES\" \/>\n<meta property=\"og:type\" content=\"article\" \/>\n<meta property=\"og:title\" content=\"Hospital del Norte habilita atenci\u00f3n a otras dolencias - El Diario - Bolivia\" \/>\n<meta property=\"og:description\" content=\"Luego del anuncio del descenso de casos covid-19, el director del Hospital del Norte, Valent\u00edn Apaza, dio a conocer que a partir de la fecha se habilitar\u00e1n consultas externas para pacientes con otras patolog\u00edas. Los cuidados de bioseguridad contin\u00faan vigentes. La decisi\u00f3n de las autoridades de este nosocomio fue tomada luego del an\u00e1lisis efectuado a [&hellip;]\" \/>\n<meta property=\"og:url\" content=\"https:\/\/www.eldiario.net\/portal\/2021\/08\/14\/hospital-del-norte-habilita-atencion-a-otras-dolencias\/\" \/>\n<meta property=\"og:site_name\" content=\"El Diario - Bolivia\" \/>\n<meta property=\"article:publisher\" content=\"https:\/\/www.facebook.com\/eldiario.bolivia\/\" \/>\n<meta property=\"article:published_time\" content=\"2021-08-14T09:40:59+00:00\" \/>\n<meta name=\"author\" content=\"Jeanette\" \/>\n<meta name=\"twitter:card\" content=\"summary_large_image\" \/>\n<meta name=\"twitter:creator\" content=\"@eldiario_net\" \/>\n<meta name=\"twitter:site\" content=\"@eldiario_net\" \/>\n<meta name=\"twitter:label1\" content=\"Escrito por\" \/>\n\t<meta name=\"twitter:data1\" content=\"Jeanette\" \/>\n\t<meta name=\"twitter:label2\" content=\"Tiempo de lectura\" \/>\n\t<meta name=\"twitter:data2\" content=\"4 minutos\" \/>\n<script type=\"application\/ld+json\" class=\"yoast-schema-graph\">{\"@context\":\"https:\\\/\\\/schema.org\",\"@graph\":[{\"@type\":\"Article\",\"@id\":\"https:\\\/\\\/www.eldiario.net\\\/portal\\\/2021\\\/08\\\/14\\\/hospital-del-norte-habilita-atencion-a-otras-dolencias\\\/#article\",\"isPartOf\":{\"@id\":\"https:\\\/\\\/www.eldiario.net\\\/portal\\\/2021\\\/08\\\/14\\\/hospital-del-norte-habilita-atencion-a-otras-dolencias\\\/\"},\"author\":{\"name\":\"Jeanette\",\"@id\":\"https:\\\/\\\/www.eldiario.net\\\/portal\\\/#\\\/schema\\\/person\\\/f46445640444750d7d753ccd04ae01b7\"},\"headline\":\"Hospital del Norte habilita atenci\u00f3n a otras dolencias\",\"datePublished\":\"2021-08-14T09:40:59+00:00\",\"mainEntityOfPage\":{\"@id\":\"https:\\\/\\\/www.eldiario.net\\\/portal\\\/2021\\\/08\\\/14\\\/hospital-del-norte-habilita-atencion-a-otras-dolencias\\\/\"},\"wordCount\":853,\"publisher\":{\"@id\":\"https:\\\/\\\/www.eldiario.net\\\/portal\\\/#organization\"},\"image\":{\"@id\":\"https:\\\/\\\/www.eldiario.net\\\/portal\\\/2021\\\/08\\\/14\\\/hospital-del-norte-habilita-atencion-a-otras-dolencias\\\/#primaryimage\"},\"thumbnailUrl\":\"\",\"articleSection\":[\"Nacional\"],\"inLanguage\":\"es\"},{\"@type\":\"WebPage\",\"@id\":\"https:\\\/\\\/www.eldiario.net\\\/portal\\\/2021\\\/08\\\/14\\\/hospital-del-norte-habilita-atencion-a-otras-dolencias\\\/\",\"url\":\"https:\\\/\\\/www.eldiario.net\\\/portal\\\/2021\\\/08\\\/14\\\/hospital-del-norte-habilita-atencion-a-otras-dolencias\\\/\",\"name\":\"Hospital del Norte habilita atenci\u00f3n a otras dolencias - El Diario - Bolivia\",\"isPartOf\":{\"@id\":\"https:\\\/\\\/www.eldiario.net\\\/portal\\\/#website\"},\"primaryImageOfPage\":{\"@id\":\"https:\\\/\\\/www.eldiario.net\\\/portal\\\/2021\\\/08\\\/14\\\/hospital-del-norte-habilita-atencion-a-otras-dolencias\\\/#primaryimage\"},\"image\":{\"@id\":\"https:\\\/\\\/www.eldiario.net\\\/portal\\\/2021\\\/08\\\/14\\\/hospital-del-norte-habilita-atencion-a-otras-dolencias\\\/#primaryimage\"},\"thumbnailUrl\":\"\",\"datePublished\":\"2021-08-14T09:40:59+00:00\",\"breadcrumb\":{\"@id\":\"https:\\\/\\\/www.eldiario.net\\\/portal\\\/2021\\\/08\\\/14\\\/hospital-del-norte-habilita-atencion-a-otras-dolencias\\\/#breadcrumb\"},\"inLanguage\":\"es\",\"potentialAction\":[{\"@type\":\"ReadAction\",\"target\":[\"https:\\\/\\\/www.eldiario.net\\\/portal\\\/2021\\\/08\\\/14\\\/hospital-del-norte-habilita-atencion-a-otras-dolencias\\\/\"]}]},{\"@type\":\"ImageObject\",\"inLanguage\":\"es\",\"@id\":\"https:\\\/\\\/www.eldiario.net\\\/portal\\\/2021\\\/08\\\/14\\\/hospital-del-norte-habilita-atencion-a-otras-dolencias\\\/#primaryimage\",\"url\":\"\",\"contentUrl\":\"\"},{\"@type\":\"BreadcrumbList\",\"@id\":\"https:\\\/\\\/www.eldiario.net\\\/portal\\\/2021\\\/08\\\/14\\\/hospital-del-norte-habilita-atencion-a-otras-dolencias\\\/#breadcrumb\",\"itemListElement\":[{\"@type\":\"ListItem\",\"position\":1,\"name\":\"Portada\",\"item\":\"https:\\\/\\\/www.eldiario.net\\\/portal\\\/\"},{\"@type\":\"ListItem\",\"position\":2,\"name\":\"Hospital del Norte habilita atenci\u00f3n a otras dolencias\"}]},{\"@type\":\"WebSite\",\"@id\":\"https:\\\/\\\/www.eldiario.net\\\/portal\\\/#website\",\"url\":\"https:\\\/\\\/www.eldiario.net\\\/portal\\\/\",\"name\":\"El Diario - Decano de la prensa nacional\",\"description\":\"El Diario - Decano de la prensa nacional\",\"publisher\":{\"@id\":\"https:\\\/\\\/www.eldiario.net\\\/portal\\\/#organization\"},\"potentialAction\":[{\"@type\":\"SearchAction\",\"target\":{\"@type\":\"EntryPoint\",\"urlTemplate\":\"https:\\\/\\\/www.eldiario.net\\\/portal\\\/?s={search_term_string}\"},\"query-input\":{\"@type\":\"PropertyValueSpecification\",\"valueRequired\":true,\"valueName\":\"search_term_string\"}}],\"inLanguage\":\"es\"},{\"@type\":\"Organization\",\"@id\":\"https:\\\/\\\/www.eldiario.net\\\/portal\\\/#organization\",\"name\":\"El Diario - Decano de la prensa nacional\",\"url\":\"https:\\\/\\\/www.eldiario.net\\\/portal\\\/\",\"logo\":{\"@type\":\"ImageObject\",\"inLanguage\":\"es\",\"@id\":\"https:\\\/\\\/www.eldiario.net\\\/portal\\\/#\\\/schema\\\/logo\\\/image\\\/\",\"url\":\"https:\\\/\\\/www.eldiario.net\\\/portal\\\/wp-content\\\/uploads\\\/2023\\\/07\\\/logo_ED.jpg\",\"contentUrl\":\"https:\\\/\\\/www.eldiario.net\\\/portal\\\/wp-content\\\/uploads\\\/2023\\\/07\\\/logo_ED.jpg\",\"width\":272,\"height\":52,\"caption\":\"El Diario - Decano de la prensa nacional\"},\"image\":{\"@id\":\"https:\\\/\\\/www.eldiario.net\\\/portal\\\/#\\\/schema\\\/logo\\\/image\\\/\"},\"sameAs\":[\"https:\\\/\\\/www.facebook.com\\\/eldiario.bolivia\\\/\",\"https:\\\/\\\/x.com\\\/eldiario_net\"]},{\"@type\":\"Person\",\"@id\":\"https:\\\/\\\/www.eldiario.net\\\/portal\\\/#\\\/schema\\\/person\\\/f46445640444750d7d753ccd04ae01b7\",\"name\":\"Jeanette\",\"image\":{\"@type\":\"ImageObject\",\"inLanguage\":\"es\",\"@id\":\"https:\\\/\\\/secure.gravatar.com\\\/avatar\\\/3ea2118a5f7dad2b7138b1187a6b7ee55f160b9968b66013c3a3ef39dd7e5798?s=96&d=mm&r=g\",\"url\":\"https:\\\/\\\/secure.gravatar.com\\\/avatar\\\/3ea2118a5f7dad2b7138b1187a6b7ee55f160b9968b66013c3a3ef39dd7e5798?s=96&d=mm&r=g\",\"contentUrl\":\"https:\\\/\\\/secure.gravatar.com\\\/avatar\\\/3ea2118a5f7dad2b7138b1187a6b7ee55f160b9968b66013c3a3ef39dd7e5798?s=96&d=mm&r=g\",\"caption\":\"Jeanette\"},\"sameAs\":[\"https:\\\/\\\/www.eldiario.net\\\/portal\"],\"url\":\"https:\\\/\\\/www.eldiario.net\\\/portal\\\/author\\\/jeanette\\\/\"}]}<\/script>\n<!-- \/ Yoast SEO plugin. -->","yoast_head_json":{"title":"Hospital del Norte habilita atenci\u00f3n a otras dolencias - El Diario - Bolivia","robots":{"index":"index","follow":"follow","max-snippet":"max-snippet:-1","max-image-preview":"max-image-preview:large","max-video-preview":"max-video-preview:-1"},"canonical":"https:\/\/www.eldiario.net\/portal\/2021\/08\/14\/hospital-del-norte-habilita-atencion-a-otras-dolencias\/","og_locale":"es_ES","og_type":"article","og_title":"Hospital del Norte habilita atenci\u00f3n a otras dolencias - El Diario - Bolivia","og_description":"Luego del anuncio del descenso de casos covid-19, el director del Hospital del Norte, Valent\u00edn Apaza, dio a conocer que a partir de la fecha se habilitar\u00e1n consultas externas para pacientes con otras patolog\u00edas. Los cuidados de bioseguridad contin\u00faan vigentes. La decisi\u00f3n de las autoridades de este nosocomio fue tomada luego del an\u00e1lisis efectuado a [&hellip;]","og_url":"https:\/\/www.eldiario.net\/portal\/2021\/08\/14\/hospital-del-norte-habilita-atencion-a-otras-dolencias\/","og_site_name":"El Diario - Bolivia","article_publisher":"https:\/\/www.facebook.com\/eldiario.bolivia\/","article_published_time":"2021-08-14T09:40:59+00:00","author":"Jeanette","twitter_card":"summary_large_image","twitter_creator":"@eldiario_net","twitter_site":"@eldiario_net","twitter_misc":{"Escrito por":"Jeanette","Tiempo de lectura":"4 minutos"},"schema":{"@context":"https:\/\/schema.org","@graph":[{"@type":"Article","@id":"https:\/\/www.eldiario.net\/portal\/2021\/08\/14\/hospital-del-norte-habilita-atencion-a-otras-dolencias\/#article","isPartOf":{"@id":"https:\/\/www.eldiario.net\/portal\/2021\/08\/14\/hospital-del-norte-habilita-atencion-a-otras-dolencias\/"},"author":{"name":"Jeanette","@id":"https:\/\/www.eldiario.net\/portal\/#\/schema\/person\/f46445640444750d7d753ccd04ae01b7"},"headline":"Hospital del Norte habilita atenci\u00f3n a otras dolencias","datePublished":"2021-08-14T09:40:59+00:00","mainEntityOfPage":{"@id":"https:\/\/www.eldiario.net\/portal\/2021\/08\/14\/hospital-del-norte-habilita-atencion-a-otras-dolencias\/"},"wordCount":853,"publisher":{"@id":"https:\/\/www.eldiario.net\/portal\/#organization"},"image":{"@id":"https:\/\/www.eldiario.net\/portal\/2021\/08\/14\/hospital-del-norte-habilita-atencion-a-otras-dolencias\/#primaryimage"},"thumbnailUrl":"","articleSection":["Nacional"],"inLanguage":"es"},{"@type":"WebPage","@id":"https:\/\/www.eldiario.net\/portal\/2021\/08\/14\/hospital-del-norte-habilita-atencion-a-otras-dolencias\/","url":"https:\/\/www.eldiario.net\/portal\/2021\/08\/14\/hospital-del-norte-habilita-atencion-a-otras-dolencias\/","name":"Hospital del Norte habilita atenci\u00f3n a otras dolencias - El Diario - Bolivia","isPartOf":{"@id":"https:\/\/www.eldiario.net\/portal\/#website"},"primaryImageOfPage":{"@id":"https:\/\/www.eldiario.net\/portal\/2021\/08\/14\/hospital-del-norte-habilita-atencion-a-otras-dolencias\/#primaryimage"},"image":{"@id":"https:\/\/www.eldiario.net\/portal\/2021\/08\/14\/hospital-del-norte-habilita-atencion-a-otras-dolencias\/#primaryimage"},"thumbnailUrl":"","datePublished":"2021-08-14T09:40:59+00:00","breadcrumb":{"@id":"https:\/\/www.eldiario.net\/portal\/2021\/08\/14\/hospital-del-norte-habilita-atencion-a-otras-dolencias\/#breadcrumb"},"inLanguage":"es","potentialAction":[{"@type":"ReadAction","target":["https:\/\/www.eldiario.net\/portal\/2021\/08\/14\/hospital-del-norte-habilita-atencion-a-otras-dolencias\/"]}]},{"@type":"ImageObject","inLanguage":"es","@id":"https:\/\/www.eldiario.net\/portal\/2021\/08\/14\/hospital-del-norte-habilita-atencion-a-otras-dolencias\/#primaryimage","url":"","contentUrl":""},{"@type":"BreadcrumbList","@id":"https:\/\/www.eldiario.net\/portal\/2021\/08\/14\/hospital-del-norte-habilita-atencion-a-otras-dolencias\/#breadcrumb","itemListElement":[{"@type":"ListItem","position":1,"name":"Portada","item":"https:\/\/www.eldiario.net\/portal\/"},{"@type":"ListItem","position":2,"name":"Hospital del Norte habilita atenci\u00f3n a otras dolencias"}]},{"@type":"WebSite","@id":"https:\/\/www.eldiario.net\/portal\/#website","url":"https:\/\/www.eldiario.net\/portal\/","name":"El Diario - Decano de la prensa nacional","description":"El Diario - Decano de la prensa nacional","publisher":{"@id":"https:\/\/www.eldiario.net\/portal\/#organization"},"potentialAction":[{"@type":"SearchAction","target":{"@type":"EntryPoint","urlTemplate":"https:\/\/www.eldiario.net\/portal\/?s={search_term_string}"},"query-input":{"@type":"PropertyValueSpecification","valueRequired":true,"valueName":"search_term_string"}}],"inLanguage":"es"},{"@type":"Organization","@id":"https:\/\/www.eldiario.net\/portal\/#organization","name":"El Diario - Decano de la prensa nacional","url":"https:\/\/www.eldiario.net\/portal\/","logo":{"@type":"ImageObject","inLanguage":"es","@id":"https:\/\/www.eldiario.net\/portal\/#\/schema\/logo\/image\/","url":"https:\/\/www.eldiario.net\/portal\/wp-content\/uploads\/2023\/07\/logo_ED.jpg","contentUrl":"https:\/\/www.eldiario.net\/portal\/wp-content\/uploads\/2023\/07\/logo_ED.jpg","width":272,"height":52,"caption":"El Diario - Decano de la prensa nacional"},"image":{"@id":"https:\/\/www.eldiario.net\/portal\/#\/schema\/logo\/image\/"},"sameAs":["https:\/\/www.facebook.com\/eldiario.bolivia\/","https:\/\/x.com\/eldiario_net"]},{"@type":"Person","@id":"https:\/\/www.eldiario.net\/portal\/#\/schema\/person\/f46445640444750d7d753ccd04ae01b7","name":"Jeanette","image":{"@type":"ImageObject","inLanguage":"es","@id":"https:\/\/secure.gravatar.com\/avatar\/3ea2118a5f7dad2b7138b1187a6b7ee55f160b9968b66013c3a3ef39dd7e5798?s=96&d=mm&r=g","url":"https:\/\/secure.gravatar.com\/avatar\/3ea2118a5f7dad2b7138b1187a6b7ee55f160b9968b66013c3a3ef39dd7e5798?s=96&d=mm&r=g","contentUrl":"https:\/\/secure.gravatar.com\/avatar\/3ea2118a5f7dad2b7138b1187a6b7ee55f160b9968b66013c3a3ef39dd7e5798?s=96&d=mm&r=g","caption":"Jeanette"},"sameAs":["https:\/\/www.eldiario.net\/portal"],"url":"https:\/\/www.eldiario.net\/portal\/author\/jeanette\/"}]}},"_links":{"self":[{"href":"https:\/\/www.eldiario.net\/portal\/wp-json\/wp\/v2\/posts\/23359","targetHints":{"allow":["GET"]}}],"collection":[{"href":"https:\/\/www.eldiario.net\/portal\/wp-json\/wp\/v2\/posts"}],"about":[{"href":"https:\/\/www.eldiario.net\/portal\/wp-json\/wp\/v2\/types\/post"}],"author":[{"embeddable":true,"href":"https:\/\/www.eldiario.net\/portal\/wp-json\/wp\/v2\/users\/1"}],"replies":[{"embeddable":true,"href":"https:\/\/www.eldiario.net\/portal\/wp-json\/wp\/v2\/comments?post=23359"}],"version-history":[{"count":0,"href":"https:\/\/www.eldiario.net\/portal\/wp-json\/wp\/v2\/posts\/23359\/revisions"}],"wp:attachment":[{"href":"https:\/\/www.eldiario.net\/portal\/wp-json\/wp\/v2\/media?parent=23359"}],"wp:term":[{"taxonomy":"category","embeddable":true,"href":"https:\/\/www.eldiario.net\/portal\/wp-json\/wp\/v2\/categories?post=23359"},{"taxonomy":"post_tag","embeddable":true,"href":"https:\/\/www.eldiario.net\/portal\/wp-json\/wp\/v2\/tags?post=23359"}],"curies":[{"name":"wp","href":"https:\/\/api.w.org\/{rel}","templated":true}]}}