{"id":23356,"date":"2021-08-14T05:39:48","date_gmt":"2021-08-14T09:39:48","guid":{"rendered":"https:\/\/www.eldiario.net\/portal\/?p=23356"},"modified":"2021-08-14T05:39:48","modified_gmt":"2021-08-14T09:39:48","slug":"decomisan-mas-de-4-toneladas-de-productos-de-contrabando","status":"publish","type":"post","link":"https:\/\/www.eldiario.net\/portal\/2021\/08\/14\/decomisan-mas-de-4-toneladas-de-productos-de-contrabando\/","title":{"rendered":"Decomisan m\u00e1s de 4 toneladas  de productos de contrabando"},"content":{"rendered":"<p>Un operativo coordinado entre Servicio Nacional de Sanidad Agropecuaria e Inocuidad Alimentaria (Senasag), Polic\u00eda Boliviana y la Intendencia Municipal de la ciudad de El Alto, en la zona de Villa Dolores, logr\u00f3 decomisar m\u00e1s de 4 toneladas de contrabando de productos entre hortalizas y frutas. Adem\u00e1s se intervino en cinco dep\u00f3sitos.<br \/>\nLas instituciones que participaron de este operativo se\u00f1alaron que este tipo de trabajos en favor de la salud de la poblaci\u00f3n ser\u00e1n m\u00e1s continuos, debido a que se trata de la internaci\u00f3n ilegal de productos que no est\u00e1n autorizados para el consumo de la poblaci\u00f3n, bajo el lema \u201cEl Alto libre de contrabando cuida tu salud\u201d, intensificar\u00e1n estos controles<br \/>\nEl operativo que se efectu\u00f3 en la zona de Villa Dolores del Distrito municipal 1 de la urbe alte\u00f1a, donde el grupo de personas que estaban en poder de toda esta mercader\u00eda no supieron explicar la forma de internaci\u00f3n de todos estos productos, debido a que no contaban con documentaci\u00f3n de internaci\u00f3n legal ni la autorizaci\u00f3n de Senasag, adem\u00e1s no contaban con Registro Sanitario, tal como corresponde en estos casos.<br \/>\nAl respecto, el secretario de Seguridad Ciudadana, coronel Jos\u00e9 Luis Mendivil, remarc\u00f3 el trabajo conjunto, con diferentes instituciones, \u201cse ha podido decomisar entre frutas y hortalizas m\u00e1s de 4 toneladas; en las que tambi\u00e9n tenemos tomates, palta, granadilla, durazno y lim\u00f3n\u201d.<br \/>\nEn el operativo se despleg\u00f3 a m\u00e1s de 60 efectivos de la Intendencia Municipal y personal de Seguridad Ciudadana, quienes realizaron un trabajo minuciosos en toda zona de Villa Dolores, se intervino diferentes dep\u00f3sitos de contrabando, donde se logr\u00f3 decomisar algunos otros productos de la misma especie y la intervenci\u00f3n de cinco dep\u00f3sitos con esta mercader\u00eda.<br \/>\nPor su parte, el director de Seguridad Ciudadana, mayor Jorge Revollo, se\u00f1al\u00f3 que un trabajo en conjunto siempre tiene este tipo de resultados, que van en favor de la poblaci\u00f3n.<br \/>\n\u201cComo primer paso ante esta lucha y cuidado de la salud, los operativos ser\u00e1n constantes ya que hay diferentes arterias de ingresos de este contrabando y afecta a la econom\u00eda y salud de la poblaci\u00f3n. Se recomienda a los ciudadanos no adquirir estos productos, ya que no sabemos el tipo de inocuidad de los mismos ya que son garantizados y podr\u00edan estar contaminados\u201d, expres\u00f3 Revollo.<\/p>\n","protected":false},"excerpt":{"rendered":"<p>Un operativo coordinado entre Servicio Nacional de Sanidad Agropecuaria e Inocuidad Alimentaria (Senasag), Polic\u00eda Boliviana y la Intendencia Municipal de la ciudad de El Alto, en la zona de Villa Dolores, logr\u00f3 decomisar m\u00e1s de 4 toneladas de contrabando de productos entre hortalizas y frutas. Adem\u00e1s se intervino en cinco dep\u00f3sitos. Las instituciones que participaron [&hellip;]<\/p>\n","protected":false},"author":1,"featured_media":23357,"comment_status":"closed","ping_status":"closed","sticky":false,"template":"","format":"standard","meta":{"_acf_changed":false,"footnotes":""},"categories":[12],"tags":[],"class_list":["post-23356","post","type-post","status-publish","format-standard","has-post-thumbnail","category-nacional"],"acf":{"antetitulo":""},"yoast_head":"<!-- This site is optimized with the Yoast SEO plugin v28.4 - https:\/\/yoast.com\/product\/yoast-seo-wordpress\/ -->\n<title>Decomisan m\u00e1s de 4 toneladas de productos de contrabando - El Diario - Bolivia<\/title>\n<meta name=\"robots\" content=\"index, follow, max-snippet:-1, max-image-preview:large, max-video-preview:-1\" \/>\n<link rel=\"canonical\" href=\"https:\/\/www.eldiario.net\/portal\/2021\/08\/14\/decomisan-mas-de-4-toneladas-de-productos-de-contrabando\/\" \/>\n<meta property=\"og:locale\" content=\"es_ES\" \/>\n<meta property=\"og:type\" content=\"article\" \/>\n<meta property=\"og:title\" content=\"Decomisan m\u00e1s de 4 toneladas de productos de contrabando - El Diario - Bolivia\" \/>\n<meta property=\"og:description\" content=\"Un operativo coordinado entre Servicio Nacional de Sanidad Agropecuaria e Inocuidad Alimentaria (Senasag), Polic\u00eda Boliviana y la Intendencia Municipal de la ciudad de El Alto, en la zona de Villa Dolores, logr\u00f3 decomisar m\u00e1s de 4 toneladas de contrabando de productos entre hortalizas y frutas. Adem\u00e1s se intervino en cinco dep\u00f3sitos. Las instituciones que participaron [&hellip;]\" \/>\n<meta property=\"og:url\" content=\"https:\/\/www.eldiario.net\/portal\/2021\/08\/14\/decomisan-mas-de-4-toneladas-de-productos-de-contrabando\/\" \/>\n<meta property=\"og:site_name\" content=\"El Diario - Bolivia\" \/>\n<meta property=\"article:publisher\" content=\"https:\/\/www.facebook.com\/eldiario.bolivia\/\" \/>\n<meta property=\"article:published_time\" content=\"2021-08-14T09:39:48+00:00\" \/>\n<meta name=\"author\" content=\"Jeanette\" \/>\n<meta name=\"twitter:card\" content=\"summary_large_image\" \/>\n<meta name=\"twitter:creator\" content=\"@eldiario_net\" \/>\n<meta name=\"twitter:site\" content=\"@eldiario_net\" \/>\n<meta name=\"twitter:label1\" content=\"Escrito por\" \/>\n\t<meta name=\"twitter:data1\" content=\"Jeanette\" \/>\n\t<meta name=\"twitter:label2\" content=\"Tiempo de lectura\" \/>\n\t<meta name=\"twitter:data2\" content=\"2 minutos\" \/>\n<script type=\"application\/ld+json\" class=\"yoast-schema-graph\">{\"@context\":\"https:\\\/\\\/schema.org\",\"@graph\":[{\"@type\":\"Article\",\"@id\":\"https:\\\/\\\/www.eldiario.net\\\/portal\\\/2021\\\/08\\\/14\\\/decomisan-mas-de-4-toneladas-de-productos-de-contrabando\\\/#article\",\"isPartOf\":{\"@id\":\"https:\\\/\\\/www.eldiario.net\\\/portal\\\/2021\\\/08\\\/14\\\/decomisan-mas-de-4-toneladas-de-productos-de-contrabando\\\/\"},\"author\":{\"name\":\"Jeanette\",\"@id\":\"https:\\\/\\\/www.eldiario.net\\\/portal\\\/#\\\/schema\\\/person\\\/f46445640444750d7d753ccd04ae01b7\"},\"headline\":\"Decomisan m\u00e1s de 4 toneladas de productos de contrabando\",\"datePublished\":\"2021-08-14T09:39:48+00:00\",\"mainEntityOfPage\":{\"@id\":\"https:\\\/\\\/www.eldiario.net\\\/portal\\\/2021\\\/08\\\/14\\\/decomisan-mas-de-4-toneladas-de-productos-de-contrabando\\\/\"},\"wordCount\":410,\"publisher\":{\"@id\":\"https:\\\/\\\/www.eldiario.net\\\/portal\\\/#organization\"},\"image\":{\"@id\":\"https:\\\/\\\/www.eldiario.net\\\/portal\\\/2021\\\/08\\\/14\\\/decomisan-mas-de-4-toneladas-de-productos-de-contrabando\\\/#primaryimage\"},\"thumbnailUrl\":\"\",\"articleSection\":[\"Nacional\"],\"inLanguage\":\"es\"},{\"@type\":\"WebPage\",\"@id\":\"https:\\\/\\\/www.eldiario.net\\\/portal\\\/2021\\\/08\\\/14\\\/decomisan-mas-de-4-toneladas-de-productos-de-contrabando\\\/\",\"url\":\"https:\\\/\\\/www.eldiario.net\\\/portal\\\/2021\\\/08\\\/14\\\/decomisan-mas-de-4-toneladas-de-productos-de-contrabando\\\/\",\"name\":\"Decomisan m\u00e1s de 4 toneladas de productos de contrabando - El Diario - Bolivia\",\"isPartOf\":{\"@id\":\"https:\\\/\\\/www.eldiario.net\\\/portal\\\/#website\"},\"primaryImageOfPage\":{\"@id\":\"https:\\\/\\\/www.eldiario.net\\\/portal\\\/2021\\\/08\\\/14\\\/decomisan-mas-de-4-toneladas-de-productos-de-contrabando\\\/#primaryimage\"},\"image\":{\"@id\":\"https:\\\/\\\/www.eldiario.net\\\/portal\\\/2021\\\/08\\\/14\\\/decomisan-mas-de-4-toneladas-de-productos-de-contrabando\\\/#primaryimage\"},\"thumbnailUrl\":\"\",\"datePublished\":\"2021-08-14T09:39:48+00:00\",\"breadcrumb\":{\"@id\":\"https:\\\/\\\/www.eldiario.net\\\/portal\\\/2021\\\/08\\\/14\\\/decomisan-mas-de-4-toneladas-de-productos-de-contrabando\\\/#breadcrumb\"},\"inLanguage\":\"es\",\"potentialAction\":[{\"@type\":\"ReadAction\",\"target\":[\"https:\\\/\\\/www.eldiario.net\\\/portal\\\/2021\\\/08\\\/14\\\/decomisan-mas-de-4-toneladas-de-productos-de-contrabando\\\/\"]}]},{\"@type\":\"ImageObject\",\"inLanguage\":\"es\",\"@id\":\"https:\\\/\\\/www.eldiario.net\\\/portal\\\/2021\\\/08\\\/14\\\/decomisan-mas-de-4-toneladas-de-productos-de-contrabando\\\/#primaryimage\",\"url\":\"\",\"contentUrl\":\"\"},{\"@type\":\"BreadcrumbList\",\"@id\":\"https:\\\/\\\/www.eldiario.net\\\/portal\\\/2021\\\/08\\\/14\\\/decomisan-mas-de-4-toneladas-de-productos-de-contrabando\\\/#breadcrumb\",\"itemListElement\":[{\"@type\":\"ListItem\",\"position\":1,\"name\":\"Portada\",\"item\":\"https:\\\/\\\/www.eldiario.net\\\/portal\\\/\"},{\"@type\":\"ListItem\",\"position\":2,\"name\":\"Decomisan m\u00e1s de 4 toneladas de productos de contrabando\"}]},{\"@type\":\"WebSite\",\"@id\":\"https:\\\/\\\/www.eldiario.net\\\/portal\\\/#website\",\"url\":\"https:\\\/\\\/www.eldiario.net\\\/portal\\\/\",\"name\":\"El Diario - Decano de la prensa nacional\",\"description\":\"El Diario - Decano de la prensa nacional\",\"publisher\":{\"@id\":\"https:\\\/\\\/www.eldiario.net\\\/portal\\\/#organization\"},\"potentialAction\":[{\"@type\":\"SearchAction\",\"target\":{\"@type\":\"EntryPoint\",\"urlTemplate\":\"https:\\\/\\\/www.eldiario.net\\\/portal\\\/?s={search_term_string}\"},\"query-input\":{\"@type\":\"PropertyValueSpecification\",\"valueRequired\":true,\"valueName\":\"search_term_string\"}}],\"inLanguage\":\"es\"},{\"@type\":\"Organization\",\"@id\":\"https:\\\/\\\/www.eldiario.net\\\/portal\\\/#organization\",\"name\":\"El Diario - Decano de la prensa nacional\",\"url\":\"https:\\\/\\\/www.eldiario.net\\\/portal\\\/\",\"logo\":{\"@type\":\"ImageObject\",\"inLanguage\":\"es\",\"@id\":\"https:\\\/\\\/www.eldiario.net\\\/portal\\\/#\\\/schema\\\/logo\\\/image\\\/\",\"url\":\"https:\\\/\\\/www.eldiario.net\\\/portal\\\/wp-content\\\/uploads\\\/2023\\\/07\\\/logo_ED.jpg\",\"contentUrl\":\"https:\\\/\\\/www.eldiario.net\\\/portal\\\/wp-content\\\/uploads\\\/2023\\\/07\\\/logo_ED.jpg\",\"width\":272,\"height\":52,\"caption\":\"El Diario - Decano de la prensa nacional\"},\"image\":{\"@id\":\"https:\\\/\\\/www.eldiario.net\\\/portal\\\/#\\\/schema\\\/logo\\\/image\\\/\"},\"sameAs\":[\"https:\\\/\\\/www.facebook.com\\\/eldiario.bolivia\\\/\",\"https:\\\/\\\/x.com\\\/eldiario_net\"]},{\"@type\":\"Person\",\"@id\":\"https:\\\/\\\/www.eldiario.net\\\/portal\\\/#\\\/schema\\\/person\\\/f46445640444750d7d753ccd04ae01b7\",\"name\":\"Jeanette\",\"image\":{\"@type\":\"ImageObject\",\"inLanguage\":\"es\",\"@id\":\"https:\\\/\\\/secure.gravatar.com\\\/avatar\\\/3ea2118a5f7dad2b7138b1187a6b7ee55f160b9968b66013c3a3ef39dd7e5798?s=96&d=mm&r=g\",\"url\":\"https:\\\/\\\/secure.gravatar.com\\\/avatar\\\/3ea2118a5f7dad2b7138b1187a6b7ee55f160b9968b66013c3a3ef39dd7e5798?s=96&d=mm&r=g\",\"contentUrl\":\"https:\\\/\\\/secure.gravatar.com\\\/avatar\\\/3ea2118a5f7dad2b7138b1187a6b7ee55f160b9968b66013c3a3ef39dd7e5798?s=96&d=mm&r=g\",\"caption\":\"Jeanette\"},\"sameAs\":[\"https:\\\/\\\/www.eldiario.net\\\/portal\"],\"url\":\"https:\\\/\\\/www.eldiario.net\\\/portal\\\/author\\\/jeanette\\\/\"}]}<\/script>\n<!-- \/ Yoast SEO plugin. -->","yoast_head_json":{"title":"Decomisan m\u00e1s de 4 toneladas de productos de contrabando - El Diario - Bolivia","robots":{"index":"index","follow":"follow","max-snippet":"max-snippet:-1","max-image-preview":"max-image-preview:large","max-video-preview":"max-video-preview:-1"},"canonical":"https:\/\/www.eldiario.net\/portal\/2021\/08\/14\/decomisan-mas-de-4-toneladas-de-productos-de-contrabando\/","og_locale":"es_ES","og_type":"article","og_title":"Decomisan m\u00e1s de 4 toneladas de productos de contrabando - El Diario - Bolivia","og_description":"Un operativo coordinado entre Servicio Nacional de Sanidad Agropecuaria e Inocuidad Alimentaria (Senasag), Polic\u00eda Boliviana y la Intendencia Municipal de la ciudad de El Alto, en la zona de Villa Dolores, logr\u00f3 decomisar m\u00e1s de 4 toneladas de contrabando de productos entre hortalizas y frutas. Adem\u00e1s se intervino en cinco dep\u00f3sitos. Las instituciones que participaron [&hellip;]","og_url":"https:\/\/www.eldiario.net\/portal\/2021\/08\/14\/decomisan-mas-de-4-toneladas-de-productos-de-contrabando\/","og_site_name":"El Diario - Bolivia","article_publisher":"https:\/\/www.facebook.com\/eldiario.bolivia\/","article_published_time":"2021-08-14T09:39:48+00:00","author":"Jeanette","twitter_card":"summary_large_image","twitter_creator":"@eldiario_net","twitter_site":"@eldiario_net","twitter_misc":{"Escrito por":"Jeanette","Tiempo de lectura":"2 minutos"},"schema":{"@context":"https:\/\/schema.org","@graph":[{"@type":"Article","@id":"https:\/\/www.eldiario.net\/portal\/2021\/08\/14\/decomisan-mas-de-4-toneladas-de-productos-de-contrabando\/#article","isPartOf":{"@id":"https:\/\/www.eldiario.net\/portal\/2021\/08\/14\/decomisan-mas-de-4-toneladas-de-productos-de-contrabando\/"},"author":{"name":"Jeanette","@id":"https:\/\/www.eldiario.net\/portal\/#\/schema\/person\/f46445640444750d7d753ccd04ae01b7"},"headline":"Decomisan m\u00e1s de 4 toneladas de productos de contrabando","datePublished":"2021-08-14T09:39:48+00:00","mainEntityOfPage":{"@id":"https:\/\/www.eldiario.net\/portal\/2021\/08\/14\/decomisan-mas-de-4-toneladas-de-productos-de-contrabando\/"},"wordCount":410,"publisher":{"@id":"https:\/\/www.eldiario.net\/portal\/#organization"},"image":{"@id":"https:\/\/www.eldiario.net\/portal\/2021\/08\/14\/decomisan-mas-de-4-toneladas-de-productos-de-contrabando\/#primaryimage"},"thumbnailUrl":"","articleSection":["Nacional"],"inLanguage":"es"},{"@type":"WebPage","@id":"https:\/\/www.eldiario.net\/portal\/2021\/08\/14\/decomisan-mas-de-4-toneladas-de-productos-de-contrabando\/","url":"https:\/\/www.eldiario.net\/portal\/2021\/08\/14\/decomisan-mas-de-4-toneladas-de-productos-de-contrabando\/","name":"Decomisan m\u00e1s de 4 toneladas de productos de contrabando - El Diario - Bolivia","isPartOf":{"@id":"https:\/\/www.eldiario.net\/portal\/#website"},"primaryImageOfPage":{"@id":"https:\/\/www.eldiario.net\/portal\/2021\/08\/14\/decomisan-mas-de-4-toneladas-de-productos-de-contrabando\/#primaryimage"},"image":{"@id":"https:\/\/www.eldiario.net\/portal\/2021\/08\/14\/decomisan-mas-de-4-toneladas-de-productos-de-contrabando\/#primaryimage"},"thumbnailUrl":"","datePublished":"2021-08-14T09:39:48+00:00","breadcrumb":{"@id":"https:\/\/www.eldiario.net\/portal\/2021\/08\/14\/decomisan-mas-de-4-toneladas-de-productos-de-contrabando\/#breadcrumb"},"inLanguage":"es","potentialAction":[{"@type":"ReadAction","target":["https:\/\/www.eldiario.net\/portal\/2021\/08\/14\/decomisan-mas-de-4-toneladas-de-productos-de-contrabando\/"]}]},{"@type":"ImageObject","inLanguage":"es","@id":"https:\/\/www.eldiario.net\/portal\/2021\/08\/14\/decomisan-mas-de-4-toneladas-de-productos-de-contrabando\/#primaryimage","url":"","contentUrl":""},{"@type":"BreadcrumbList","@id":"https:\/\/www.eldiario.net\/portal\/2021\/08\/14\/decomisan-mas-de-4-toneladas-de-productos-de-contrabando\/#breadcrumb","itemListElement":[{"@type":"ListItem","position":1,"name":"Portada","item":"https:\/\/www.eldiario.net\/portal\/"},{"@type":"ListItem","position":2,"name":"Decomisan m\u00e1s de 4 toneladas de productos de contrabando"}]},{"@type":"WebSite","@id":"https:\/\/www.eldiario.net\/portal\/#website","url":"https:\/\/www.eldiario.net\/portal\/","name":"El Diario - Decano de la prensa nacional","description":"El Diario - Decano de la prensa nacional","publisher":{"@id":"https:\/\/www.eldiario.net\/portal\/#organization"},"potentialAction":[{"@type":"SearchAction","target":{"@type":"EntryPoint","urlTemplate":"https:\/\/www.eldiario.net\/portal\/?s={search_term_string}"},"query-input":{"@type":"PropertyValueSpecification","valueRequired":true,"valueName":"search_term_string"}}],"inLanguage":"es"},{"@type":"Organization","@id":"https:\/\/www.eldiario.net\/portal\/#organization","name":"El Diario - Decano de la prensa nacional","url":"https:\/\/www.eldiario.net\/portal\/","logo":{"@type":"ImageObject","inLanguage":"es","@id":"https:\/\/www.eldiario.net\/portal\/#\/schema\/logo\/image\/","url":"https:\/\/www.eldiario.net\/portal\/wp-content\/uploads\/2023\/07\/logo_ED.jpg","contentUrl":"https:\/\/www.eldiario.net\/portal\/wp-content\/uploads\/2023\/07\/logo_ED.jpg","width":272,"height":52,"caption":"El Diario - Decano de la prensa nacional"},"image":{"@id":"https:\/\/www.eldiario.net\/portal\/#\/schema\/logo\/image\/"},"sameAs":["https:\/\/www.facebook.com\/eldiario.bolivia\/","https:\/\/x.com\/eldiario_net"]},{"@type":"Person","@id":"https:\/\/www.eldiario.net\/portal\/#\/schema\/person\/f46445640444750d7d753ccd04ae01b7","name":"Jeanette","image":{"@type":"ImageObject","inLanguage":"es","@id":"https:\/\/secure.gravatar.com\/avatar\/3ea2118a5f7dad2b7138b1187a6b7ee55f160b9968b66013c3a3ef39dd7e5798?s=96&d=mm&r=g","url":"https:\/\/secure.gravatar.com\/avatar\/3ea2118a5f7dad2b7138b1187a6b7ee55f160b9968b66013c3a3ef39dd7e5798?s=96&d=mm&r=g","contentUrl":"https:\/\/secure.gravatar.com\/avatar\/3ea2118a5f7dad2b7138b1187a6b7ee55f160b9968b66013c3a3ef39dd7e5798?s=96&d=mm&r=g","caption":"Jeanette"},"sameAs":["https:\/\/www.eldiario.net\/portal"],"url":"https:\/\/www.eldiario.net\/portal\/author\/jeanette\/"}]}},"_links":{"self":[{"href":"https:\/\/www.eldiario.net\/portal\/wp-json\/wp\/v2\/posts\/23356","targetHints":{"allow":["GET"]}}],"collection":[{"href":"https:\/\/www.eldiario.net\/portal\/wp-json\/wp\/v2\/posts"}],"about":[{"href":"https:\/\/www.eldiario.net\/portal\/wp-json\/wp\/v2\/types\/post"}],"author":[{"embeddable":true,"href":"https:\/\/www.eldiario.net\/portal\/wp-json\/wp\/v2\/users\/1"}],"replies":[{"embeddable":true,"href":"https:\/\/www.eldiario.net\/portal\/wp-json\/wp\/v2\/comments?post=23356"}],"version-history":[{"count":0,"href":"https:\/\/www.eldiario.net\/portal\/wp-json\/wp\/v2\/posts\/23356\/revisions"}],"wp:attachment":[{"href":"https:\/\/www.eldiario.net\/portal\/wp-json\/wp\/v2\/media?parent=23356"}],"wp:term":[{"taxonomy":"category","embeddable":true,"href":"https:\/\/www.eldiario.net\/portal\/wp-json\/wp\/v2\/categories?post=23356"},{"taxonomy":"post_tag","embeddable":true,"href":"https:\/\/www.eldiario.net\/portal\/wp-json\/wp\/v2\/tags?post=23356"}],"curies":[{"name":"wp","href":"https:\/\/api.w.org\/{rel}","templated":true}]}}