{"id":23353,"date":"2021-08-14T05:38:55","date_gmt":"2021-08-14T09:38:55","guid":{"rendered":"https:\/\/www.eldiario.net\/portal\/?p=23353"},"modified":"2021-08-14T05:38:55","modified_gmt":"2021-08-14T09:38:55","slug":"fabrica-ilegal-falsificaba-materiales-de-construccion","status":"publish","type":"post","link":"https:\/\/www.eldiario.net\/portal\/2021\/08\/14\/fabrica-ilegal-falsificaba-materiales-de-construccion\/","title":{"rendered":"F\u00e1brica ilegal falsificaba materiales de construcci\u00f3n"},"content":{"rendered":"<p>Durante un operativo realizado por la Fuerza Especial de Lucha Contra el Crimen (Felcc), en la zona Yunguyo de la ciudad de El Alto, se logr\u00f3 desbaratar una f\u00e1brica clandestina de cemento cola, en la que adulteraban la marca y el producto de forma artesanal.<br \/>\nDe acuerdo con las investigaciones por parte de la Polic\u00eda, esta f\u00e1brica operaba desde hace mucho tiempo, vulnerando todo tipo de normas. Falsificaban marcas y realizaban la elaboraci\u00f3n de estos productos de manera clandestina.<br \/>\n\u201cEl resultado de este operativo es fruto del seguimiento que se ha realizado desde hace alg\u00fan tiempo atr\u00e1s a esta actividad il\u00edcita, donde no solo utilizaban marcas de f\u00e1brica de este tipo de productos, sino tambi\u00e9n adulteraban del mismo, llegando a cometerse varios de estos delitos tipificados (como la) suplantaci\u00f3n de marca\u201d, indic\u00f3 el mayor Rolando Espinoza, jefe de la Divisi\u00f3n Econ\u00f3mico Financiero de la Felcc.<br \/>\nSeg\u00fan la autoridad, en el domicilio particular se ha encontrado de manera infraganti la adulteraci\u00f3n del producto y el reembolsado, en envases con marcas conocidas, lo que constituye en otro de los delitos que ser\u00e1n atribuidos a las personas que comet\u00edan dicha adulteraci\u00f3n.<br \/>\nPor otro lado, existen varias personas a las que se viene investigando por este delito, desde los encargados del montado de esta f\u00e1brica clandestina, hasta aquellos que colaboraban como trabajadores, para determinar el grado de participaci\u00f3n y culpabilidad para que sean procesados, por estos delitos.<br \/>\nDe esta manera, tambi\u00e9n se tiene planificada la notificaci\u00f3n a los propietarios de la f\u00e1brica legal y la marca reconocida para que se hagan parte de la demanda, adem\u00e1s de la investigaci\u00f3n, entorno a los responsables y las denuncias respectivas que se deben realizar en este caso, por los afectados en la vulneraci\u00f3n y utilizaci\u00f3n de su marca de f\u00e1brica.<br \/>\nLa autoridad policial pidi\u00f3 a la poblaci\u00f3n que tenga mucho cuidado en la adquisici\u00f3n de este producto de construcci\u00f3n, debido a que seg\u00fan la declaraciones de los propietarios de esta f\u00e1brica clandestina, este producto adulterados era distribuido en diferentes tiendas de venta de material de construcci\u00f3n, tanto en la ciudad de El Alto, como la sede de Gobierno, tema que tambi\u00e9n est\u00e1 siendo sujeto a investigaci\u00f3n.<br \/>\nLa autoridad, de la Felcc, de El Alto, mayor Espinoza, adelant\u00f3 que en esta ciudad se tienen identificados productos de este tipo de material de construcci\u00f3n que tiene las mismas caracter\u00edsticas de falsificaci\u00f3n de marca y la misma elaboraci\u00f3n, por lo que se est\u00e1 a la espera de corroborar las mismas y hacer conocer estas anomal\u00edas.<br \/>\nPor este caso, cinco personas fueron aprehendidas, de las cuales dos ya fueron imputadas por los delitos de falsificaci\u00f3n de sellos, falsificaci\u00f3n de marcas, fraude comercial y enga\u00f1o en productos industriales.<\/p>\n","protected":false},"excerpt":{"rendered":"<p>Durante un operativo realizado por la Fuerza Especial de Lucha Contra el Crimen (Felcc), en la zona Yunguyo de la ciudad de El Alto, se logr\u00f3 desbaratar una f\u00e1brica clandestina de cemento cola, en la que adulteraban la marca y el producto de forma artesanal. De acuerdo con las investigaciones por parte de la Polic\u00eda, [&hellip;]<\/p>\n","protected":false},"author":1,"featured_media":23354,"comment_status":"closed","ping_status":"closed","sticky":false,"template":"","format":"standard","meta":{"_acf_changed":false,"footnotes":""},"categories":[12],"tags":[],"class_list":["post-23353","post","type-post","status-publish","format-standard","has-post-thumbnail","category-nacional"],"acf":{"antetitulo":""},"yoast_head":"<!-- This site is optimized with the Yoast SEO plugin v28.4 - https:\/\/yoast.com\/product\/yoast-seo-wordpress\/ -->\n<title>F\u00e1brica ilegal falsificaba materiales de construcci\u00f3n - El Diario - Bolivia<\/title>\n<meta name=\"robots\" content=\"index, follow, max-snippet:-1, max-image-preview:large, max-video-preview:-1\" \/>\n<link rel=\"canonical\" href=\"https:\/\/www.eldiario.net\/portal\/2021\/08\/14\/fabrica-ilegal-falsificaba-materiales-de-construccion\/\" \/>\n<meta property=\"og:locale\" content=\"es_ES\" \/>\n<meta property=\"og:type\" content=\"article\" \/>\n<meta property=\"og:title\" content=\"F\u00e1brica ilegal falsificaba materiales de construcci\u00f3n - El Diario - Bolivia\" \/>\n<meta property=\"og:description\" content=\"Durante un operativo realizado por la Fuerza Especial de Lucha Contra el Crimen (Felcc), en la zona Yunguyo de la ciudad de El Alto, se logr\u00f3 desbaratar una f\u00e1brica clandestina de cemento cola, en la que adulteraban la marca y el producto de forma artesanal. De acuerdo con las investigaciones por parte de la Polic\u00eda, [&hellip;]\" \/>\n<meta property=\"og:url\" content=\"https:\/\/www.eldiario.net\/portal\/2021\/08\/14\/fabrica-ilegal-falsificaba-materiales-de-construccion\/\" \/>\n<meta property=\"og:site_name\" content=\"El Diario - Bolivia\" \/>\n<meta property=\"article:publisher\" content=\"https:\/\/www.facebook.com\/eldiario.bolivia\/\" \/>\n<meta property=\"article:published_time\" content=\"2021-08-14T09:38:55+00:00\" \/>\n<meta name=\"author\" content=\"Jeanette\" \/>\n<meta name=\"twitter:card\" content=\"summary_large_image\" \/>\n<meta name=\"twitter:creator\" content=\"@eldiario_net\" \/>\n<meta name=\"twitter:site\" content=\"@eldiario_net\" \/>\n<meta name=\"twitter:label1\" content=\"Escrito por\" \/>\n\t<meta name=\"twitter:data1\" content=\"Jeanette\" \/>\n\t<meta name=\"twitter:label2\" content=\"Tiempo de lectura\" \/>\n\t<meta name=\"twitter:data2\" content=\"2 minutos\" \/>\n<script type=\"application\/ld+json\" class=\"yoast-schema-graph\">{\"@context\":\"https:\\\/\\\/schema.org\",\"@graph\":[{\"@type\":\"Article\",\"@id\":\"https:\\\/\\\/www.eldiario.net\\\/portal\\\/2021\\\/08\\\/14\\\/fabrica-ilegal-falsificaba-materiales-de-construccion\\\/#article\",\"isPartOf\":{\"@id\":\"https:\\\/\\\/www.eldiario.net\\\/portal\\\/2021\\\/08\\\/14\\\/fabrica-ilegal-falsificaba-materiales-de-construccion\\\/\"},\"author\":{\"name\":\"Jeanette\",\"@id\":\"https:\\\/\\\/www.eldiario.net\\\/portal\\\/#\\\/schema\\\/person\\\/f46445640444750d7d753ccd04ae01b7\"},\"headline\":\"F\u00e1brica ilegal falsificaba materiales de construcci\u00f3n\",\"datePublished\":\"2021-08-14T09:38:55+00:00\",\"mainEntityOfPage\":{\"@id\":\"https:\\\/\\\/www.eldiario.net\\\/portal\\\/2021\\\/08\\\/14\\\/fabrica-ilegal-falsificaba-materiales-de-construccion\\\/\"},\"wordCount\":497,\"publisher\":{\"@id\":\"https:\\\/\\\/www.eldiario.net\\\/portal\\\/#organization\"},\"image\":{\"@id\":\"https:\\\/\\\/www.eldiario.net\\\/portal\\\/2021\\\/08\\\/14\\\/fabrica-ilegal-falsificaba-materiales-de-construccion\\\/#primaryimage\"},\"thumbnailUrl\":\"\",\"articleSection\":[\"Nacional\"],\"inLanguage\":\"es\"},{\"@type\":\"WebPage\",\"@id\":\"https:\\\/\\\/www.eldiario.net\\\/portal\\\/2021\\\/08\\\/14\\\/fabrica-ilegal-falsificaba-materiales-de-construccion\\\/\",\"url\":\"https:\\\/\\\/www.eldiario.net\\\/portal\\\/2021\\\/08\\\/14\\\/fabrica-ilegal-falsificaba-materiales-de-construccion\\\/\",\"name\":\"F\u00e1brica ilegal falsificaba materiales de construcci\u00f3n - El Diario - Bolivia\",\"isPartOf\":{\"@id\":\"https:\\\/\\\/www.eldiario.net\\\/portal\\\/#website\"},\"primaryImageOfPage\":{\"@id\":\"https:\\\/\\\/www.eldiario.net\\\/portal\\\/2021\\\/08\\\/14\\\/fabrica-ilegal-falsificaba-materiales-de-construccion\\\/#primaryimage\"},\"image\":{\"@id\":\"https:\\\/\\\/www.eldiario.net\\\/portal\\\/2021\\\/08\\\/14\\\/fabrica-ilegal-falsificaba-materiales-de-construccion\\\/#primaryimage\"},\"thumbnailUrl\":\"\",\"datePublished\":\"2021-08-14T09:38:55+00:00\",\"breadcrumb\":{\"@id\":\"https:\\\/\\\/www.eldiario.net\\\/portal\\\/2021\\\/08\\\/14\\\/fabrica-ilegal-falsificaba-materiales-de-construccion\\\/#breadcrumb\"},\"inLanguage\":\"es\",\"potentialAction\":[{\"@type\":\"ReadAction\",\"target\":[\"https:\\\/\\\/www.eldiario.net\\\/portal\\\/2021\\\/08\\\/14\\\/fabrica-ilegal-falsificaba-materiales-de-construccion\\\/\"]}]},{\"@type\":\"ImageObject\",\"inLanguage\":\"es\",\"@id\":\"https:\\\/\\\/www.eldiario.net\\\/portal\\\/2021\\\/08\\\/14\\\/fabrica-ilegal-falsificaba-materiales-de-construccion\\\/#primaryimage\",\"url\":\"\",\"contentUrl\":\"\"},{\"@type\":\"BreadcrumbList\",\"@id\":\"https:\\\/\\\/www.eldiario.net\\\/portal\\\/2021\\\/08\\\/14\\\/fabrica-ilegal-falsificaba-materiales-de-construccion\\\/#breadcrumb\",\"itemListElement\":[{\"@type\":\"ListItem\",\"position\":1,\"name\":\"Portada\",\"item\":\"https:\\\/\\\/www.eldiario.net\\\/portal\\\/\"},{\"@type\":\"ListItem\",\"position\":2,\"name\":\"F\u00e1brica ilegal falsificaba materiales de construcci\u00f3n\"}]},{\"@type\":\"WebSite\",\"@id\":\"https:\\\/\\\/www.eldiario.net\\\/portal\\\/#website\",\"url\":\"https:\\\/\\\/www.eldiario.net\\\/portal\\\/\",\"name\":\"El Diario - Decano de la prensa nacional\",\"description\":\"El Diario - Decano de la prensa nacional\",\"publisher\":{\"@id\":\"https:\\\/\\\/www.eldiario.net\\\/portal\\\/#organization\"},\"potentialAction\":[{\"@type\":\"SearchAction\",\"target\":{\"@type\":\"EntryPoint\",\"urlTemplate\":\"https:\\\/\\\/www.eldiario.net\\\/portal\\\/?s={search_term_string}\"},\"query-input\":{\"@type\":\"PropertyValueSpecification\",\"valueRequired\":true,\"valueName\":\"search_term_string\"}}],\"inLanguage\":\"es\"},{\"@type\":\"Organization\",\"@id\":\"https:\\\/\\\/www.eldiario.net\\\/portal\\\/#organization\",\"name\":\"El Diario - Decano de la prensa nacional\",\"url\":\"https:\\\/\\\/www.eldiario.net\\\/portal\\\/\",\"logo\":{\"@type\":\"ImageObject\",\"inLanguage\":\"es\",\"@id\":\"https:\\\/\\\/www.eldiario.net\\\/portal\\\/#\\\/schema\\\/logo\\\/image\\\/\",\"url\":\"https:\\\/\\\/www.eldiario.net\\\/portal\\\/wp-content\\\/uploads\\\/2023\\\/07\\\/logo_ED.jpg\",\"contentUrl\":\"https:\\\/\\\/www.eldiario.net\\\/portal\\\/wp-content\\\/uploads\\\/2023\\\/07\\\/logo_ED.jpg\",\"width\":272,\"height\":52,\"caption\":\"El Diario - Decano de la prensa nacional\"},\"image\":{\"@id\":\"https:\\\/\\\/www.eldiario.net\\\/portal\\\/#\\\/schema\\\/logo\\\/image\\\/\"},\"sameAs\":[\"https:\\\/\\\/www.facebook.com\\\/eldiario.bolivia\\\/\",\"https:\\\/\\\/x.com\\\/eldiario_net\"]},{\"@type\":\"Person\",\"@id\":\"https:\\\/\\\/www.eldiario.net\\\/portal\\\/#\\\/schema\\\/person\\\/f46445640444750d7d753ccd04ae01b7\",\"name\":\"Jeanette\",\"image\":{\"@type\":\"ImageObject\",\"inLanguage\":\"es\",\"@id\":\"https:\\\/\\\/secure.gravatar.com\\\/avatar\\\/3ea2118a5f7dad2b7138b1187a6b7ee55f160b9968b66013c3a3ef39dd7e5798?s=96&d=mm&r=g\",\"url\":\"https:\\\/\\\/secure.gravatar.com\\\/avatar\\\/3ea2118a5f7dad2b7138b1187a6b7ee55f160b9968b66013c3a3ef39dd7e5798?s=96&d=mm&r=g\",\"contentUrl\":\"https:\\\/\\\/secure.gravatar.com\\\/avatar\\\/3ea2118a5f7dad2b7138b1187a6b7ee55f160b9968b66013c3a3ef39dd7e5798?s=96&d=mm&r=g\",\"caption\":\"Jeanette\"},\"sameAs\":[\"https:\\\/\\\/www.eldiario.net\\\/portal\"],\"url\":\"https:\\\/\\\/www.eldiario.net\\\/portal\\\/author\\\/jeanette\\\/\"}]}<\/script>\n<!-- \/ Yoast SEO plugin. -->","yoast_head_json":{"title":"F\u00e1brica ilegal falsificaba materiales de construcci\u00f3n - El Diario - Bolivia","robots":{"index":"index","follow":"follow","max-snippet":"max-snippet:-1","max-image-preview":"max-image-preview:large","max-video-preview":"max-video-preview:-1"},"canonical":"https:\/\/www.eldiario.net\/portal\/2021\/08\/14\/fabrica-ilegal-falsificaba-materiales-de-construccion\/","og_locale":"es_ES","og_type":"article","og_title":"F\u00e1brica ilegal falsificaba materiales de construcci\u00f3n - El Diario - Bolivia","og_description":"Durante un operativo realizado por la Fuerza Especial de Lucha Contra el Crimen (Felcc), en la zona Yunguyo de la ciudad de El Alto, se logr\u00f3 desbaratar una f\u00e1brica clandestina de cemento cola, en la que adulteraban la marca y el producto de forma artesanal. De acuerdo con las investigaciones por parte de la Polic\u00eda, [&hellip;]","og_url":"https:\/\/www.eldiario.net\/portal\/2021\/08\/14\/fabrica-ilegal-falsificaba-materiales-de-construccion\/","og_site_name":"El Diario - Bolivia","article_publisher":"https:\/\/www.facebook.com\/eldiario.bolivia\/","article_published_time":"2021-08-14T09:38:55+00:00","author":"Jeanette","twitter_card":"summary_large_image","twitter_creator":"@eldiario_net","twitter_site":"@eldiario_net","twitter_misc":{"Escrito por":"Jeanette","Tiempo de lectura":"2 minutos"},"schema":{"@context":"https:\/\/schema.org","@graph":[{"@type":"Article","@id":"https:\/\/www.eldiario.net\/portal\/2021\/08\/14\/fabrica-ilegal-falsificaba-materiales-de-construccion\/#article","isPartOf":{"@id":"https:\/\/www.eldiario.net\/portal\/2021\/08\/14\/fabrica-ilegal-falsificaba-materiales-de-construccion\/"},"author":{"name":"Jeanette","@id":"https:\/\/www.eldiario.net\/portal\/#\/schema\/person\/f46445640444750d7d753ccd04ae01b7"},"headline":"F\u00e1brica ilegal falsificaba materiales de construcci\u00f3n","datePublished":"2021-08-14T09:38:55+00:00","mainEntityOfPage":{"@id":"https:\/\/www.eldiario.net\/portal\/2021\/08\/14\/fabrica-ilegal-falsificaba-materiales-de-construccion\/"},"wordCount":497,"publisher":{"@id":"https:\/\/www.eldiario.net\/portal\/#organization"},"image":{"@id":"https:\/\/www.eldiario.net\/portal\/2021\/08\/14\/fabrica-ilegal-falsificaba-materiales-de-construccion\/#primaryimage"},"thumbnailUrl":"","articleSection":["Nacional"],"inLanguage":"es"},{"@type":"WebPage","@id":"https:\/\/www.eldiario.net\/portal\/2021\/08\/14\/fabrica-ilegal-falsificaba-materiales-de-construccion\/","url":"https:\/\/www.eldiario.net\/portal\/2021\/08\/14\/fabrica-ilegal-falsificaba-materiales-de-construccion\/","name":"F\u00e1brica ilegal falsificaba materiales de construcci\u00f3n - El Diario - Bolivia","isPartOf":{"@id":"https:\/\/www.eldiario.net\/portal\/#website"},"primaryImageOfPage":{"@id":"https:\/\/www.eldiario.net\/portal\/2021\/08\/14\/fabrica-ilegal-falsificaba-materiales-de-construccion\/#primaryimage"},"image":{"@id":"https:\/\/www.eldiario.net\/portal\/2021\/08\/14\/fabrica-ilegal-falsificaba-materiales-de-construccion\/#primaryimage"},"thumbnailUrl":"","datePublished":"2021-08-14T09:38:55+00:00","breadcrumb":{"@id":"https:\/\/www.eldiario.net\/portal\/2021\/08\/14\/fabrica-ilegal-falsificaba-materiales-de-construccion\/#breadcrumb"},"inLanguage":"es","potentialAction":[{"@type":"ReadAction","target":["https:\/\/www.eldiario.net\/portal\/2021\/08\/14\/fabrica-ilegal-falsificaba-materiales-de-construccion\/"]}]},{"@type":"ImageObject","inLanguage":"es","@id":"https:\/\/www.eldiario.net\/portal\/2021\/08\/14\/fabrica-ilegal-falsificaba-materiales-de-construccion\/#primaryimage","url":"","contentUrl":""},{"@type":"BreadcrumbList","@id":"https:\/\/www.eldiario.net\/portal\/2021\/08\/14\/fabrica-ilegal-falsificaba-materiales-de-construccion\/#breadcrumb","itemListElement":[{"@type":"ListItem","position":1,"name":"Portada","item":"https:\/\/www.eldiario.net\/portal\/"},{"@type":"ListItem","position":2,"name":"F\u00e1brica ilegal falsificaba materiales de construcci\u00f3n"}]},{"@type":"WebSite","@id":"https:\/\/www.eldiario.net\/portal\/#website","url":"https:\/\/www.eldiario.net\/portal\/","name":"El Diario - Decano de la prensa nacional","description":"El Diario - Decano de la prensa nacional","publisher":{"@id":"https:\/\/www.eldiario.net\/portal\/#organization"},"potentialAction":[{"@type":"SearchAction","target":{"@type":"EntryPoint","urlTemplate":"https:\/\/www.eldiario.net\/portal\/?s={search_term_string}"},"query-input":{"@type":"PropertyValueSpecification","valueRequired":true,"valueName":"search_term_string"}}],"inLanguage":"es"},{"@type":"Organization","@id":"https:\/\/www.eldiario.net\/portal\/#organization","name":"El Diario - Decano de la prensa nacional","url":"https:\/\/www.eldiario.net\/portal\/","logo":{"@type":"ImageObject","inLanguage":"es","@id":"https:\/\/www.eldiario.net\/portal\/#\/schema\/logo\/image\/","url":"https:\/\/www.eldiario.net\/portal\/wp-content\/uploads\/2023\/07\/logo_ED.jpg","contentUrl":"https:\/\/www.eldiario.net\/portal\/wp-content\/uploads\/2023\/07\/logo_ED.jpg","width":272,"height":52,"caption":"El Diario - Decano de la prensa nacional"},"image":{"@id":"https:\/\/www.eldiario.net\/portal\/#\/schema\/logo\/image\/"},"sameAs":["https:\/\/www.facebook.com\/eldiario.bolivia\/","https:\/\/x.com\/eldiario_net"]},{"@type":"Person","@id":"https:\/\/www.eldiario.net\/portal\/#\/schema\/person\/f46445640444750d7d753ccd04ae01b7","name":"Jeanette","image":{"@type":"ImageObject","inLanguage":"es","@id":"https:\/\/secure.gravatar.com\/avatar\/3ea2118a5f7dad2b7138b1187a6b7ee55f160b9968b66013c3a3ef39dd7e5798?s=96&d=mm&r=g","url":"https:\/\/secure.gravatar.com\/avatar\/3ea2118a5f7dad2b7138b1187a6b7ee55f160b9968b66013c3a3ef39dd7e5798?s=96&d=mm&r=g","contentUrl":"https:\/\/secure.gravatar.com\/avatar\/3ea2118a5f7dad2b7138b1187a6b7ee55f160b9968b66013c3a3ef39dd7e5798?s=96&d=mm&r=g","caption":"Jeanette"},"sameAs":["https:\/\/www.eldiario.net\/portal"],"url":"https:\/\/www.eldiario.net\/portal\/author\/jeanette\/"}]}},"_links":{"self":[{"href":"https:\/\/www.eldiario.net\/portal\/wp-json\/wp\/v2\/posts\/23353","targetHints":{"allow":["GET"]}}],"collection":[{"href":"https:\/\/www.eldiario.net\/portal\/wp-json\/wp\/v2\/posts"}],"about":[{"href":"https:\/\/www.eldiario.net\/portal\/wp-json\/wp\/v2\/types\/post"}],"author":[{"embeddable":true,"href":"https:\/\/www.eldiario.net\/portal\/wp-json\/wp\/v2\/users\/1"}],"replies":[{"embeddable":true,"href":"https:\/\/www.eldiario.net\/portal\/wp-json\/wp\/v2\/comments?post=23353"}],"version-history":[{"count":0,"href":"https:\/\/www.eldiario.net\/portal\/wp-json\/wp\/v2\/posts\/23353\/revisions"}],"wp:attachment":[{"href":"https:\/\/www.eldiario.net\/portal\/wp-json\/wp\/v2\/media?parent=23353"}],"wp:term":[{"taxonomy":"category","embeddable":true,"href":"https:\/\/www.eldiario.net\/portal\/wp-json\/wp\/v2\/categories?post=23353"},{"taxonomy":"post_tag","embeddable":true,"href":"https:\/\/www.eldiario.net\/portal\/wp-json\/wp\/v2\/tags?post=23353"}],"curies":[{"name":"wp","href":"https:\/\/api.w.org\/{rel}","templated":true}]}}