{"id":23350,"date":"2021-08-14T05:37:13","date_gmt":"2021-08-14T09:37:13","guid":{"rendered":"https:\/\/www.eldiario.net\/portal\/?p=23350"},"modified":"2021-08-14T05:37:13","modified_gmt":"2021-08-14T09:37:13","slug":"indigenas-del-beni-demandan-comision-tecnica-para-censo","status":"publish","type":"post","link":"https:\/\/www.eldiario.net\/portal\/2021\/08\/14\/indigenas-del-beni-demandan-comision-tecnica-para-censo\/","title":{"rendered":"Ind\u00edgenas del Beni demandan  comisi\u00f3n t\u00e9cnica para Censo"},"content":{"rendered":"<p class=\"v1MsoNormal\">Una vez oficializada la realizaci\u00f3n del Censo de Poblaci\u00f3n y Vivienda\u00a0para el 2022, diferentes sectores manifestaron la necesidad de impulsar estrategias para garantizar una buena ejecuci\u00f3n. Asimismo, los pueblos ind\u00edgenas del Beni demandan tambi\u00e9n una comisi\u00f3n t\u00e9cnica dentro de sus territorios para la organizaci\u00f3n del plan censal, sostiene un voto resolutivo.<\/p>\n<p class=\"v1MsoNormal\">\u201cDemandamos al ente rector de la realizaci\u00f3n del Censo, la incorporaci\u00f3n de una comisi\u00f3n t\u00e9cnica org\u00e1nica de los pueblos ind\u00edgenas de Beni, al comit\u00e9 impulsor del Censo Nacional de Poblaci\u00f3n y Vivienda 2022\u201d, detalla un voto resolutivo de las cinco regionales ind\u00edgenas del departamento de Beni.<\/p>\n<p class=\"v1MsoNormal\">Este documento fue consensuado en Riberalta tras un encuentro de las organizaciones ind\u00edgenas de los pueblos Kabine\u00f1o, T\u2019simane, Sirion\u00f3, Mor\u00e9 y Chacob\u00f3, en el que se analizaron, entre varios puntos, ejes de agenda como los procesos de autonom\u00edas ind\u00edgenas, el Pacto Fiscal, titulaci\u00f3n de territorios y su participaci\u00f3n en la agenda precensal.<\/p>\n<p class=\"v1MsoNormal\">\u201cHasta la fecha el INE (Instituto Nacional de Estad\u00edsticas), que se constituye como ente rector encargado de la realizaci\u00f3n del Censo no ha convocado la participaci\u00f3n efectiva de los pueblos ind\u00edgenas de tierras bajas y en espec\u00edfico del Beni\u201d, detalla el voto resolutivo.<\/p>\n<p class=\"v1MsoNormal\">El pasado 21 de julio, el presidente del Estado, Luis Arce, mediante decreto supremo declar\u00f3 de \u201cprioridad nacional\u201d el Censo de Poblaci\u00f3n y Vivienda 2022, y se realizar\u00e1 el 16 de noviembre del pr\u00f3ximo a\u00f1o. El Gobierno inform\u00f3 que se contar\u00e1 con financiamiento externo para garantizar su ejecuci\u00f3n.<\/p>\n<p class=\"v1MsoNormal\">\u201cHoy (mi\u00e9rcoles) en Gabinete aprobamos el Decreto Supremo que declara prioridad nacional el Censo de Poblaci\u00f3n y Vivienda 2022. Nuestro Gobierno, como comprometi\u00f3 garantiza el financiamiento y respaldo institucional para realizar el Censo Nacional en noviembre 2022\u201d, inform\u00f3 Arce.<\/p>\n<p class=\"v1MsoNormal\">Adem\u00e1s se inform\u00f3 que al momento se viene realizando el \u201crelevamiento de la infraestructura necesaria, el personal, los recursos humanos. El censo es una tarea tit\u00e1nica e importante\u201d.<\/p>\n<p class=\"v1MsoNormal\">Tras este anuncio, alcaldes, gobernadores y diferentes representantes de organizaciones destacaron que en Bolivia finalmente se haya determinado una fecha precisa de este Censo que consolidar\u00e1 tambi\u00e9n la redistribuci\u00f3n de esca\u00f1os. (ANF)<\/p>\n","protected":false},"excerpt":{"rendered":"<p>Una vez oficializada la realizaci\u00f3n del Censo de Poblaci\u00f3n y Vivienda\u00a0para el 2022, diferentes sectores manifestaron la necesidad de impulsar estrategias para garantizar una buena ejecuci\u00f3n. Asimismo, los pueblos ind\u00edgenas del Beni demandan tambi\u00e9n una comisi\u00f3n t\u00e9cnica dentro de sus territorios para la organizaci\u00f3n del plan censal, sostiene un voto resolutivo. \u201cDemandamos al ente rector [&hellip;]<\/p>\n","protected":false},"author":1,"featured_media":23351,"comment_status":"closed","ping_status":"closed","sticky":false,"template":"","format":"standard","meta":{"_acf_changed":false,"footnotes":""},"categories":[12],"tags":[],"class_list":["post-23350","post","type-post","status-publish","format-standard","has-post-thumbnail","category-nacional"],"acf":{"antetitulo":""},"yoast_head":"<!-- This site is optimized with the Yoast SEO plugin v28.4 - https:\/\/yoast.com\/product\/yoast-seo-wordpress\/ -->\n<title>Ind\u00edgenas del Beni demandan comisi\u00f3n t\u00e9cnica para Censo - El Diario - Bolivia<\/title>\n<meta name=\"robots\" content=\"index, follow, max-snippet:-1, max-image-preview:large, max-video-preview:-1\" \/>\n<link rel=\"canonical\" href=\"https:\/\/www.eldiario.net\/portal\/2021\/08\/14\/indigenas-del-beni-demandan-comision-tecnica-para-censo\/\" \/>\n<meta property=\"og:locale\" content=\"es_ES\" \/>\n<meta property=\"og:type\" content=\"article\" \/>\n<meta property=\"og:title\" content=\"Ind\u00edgenas del Beni demandan comisi\u00f3n t\u00e9cnica para Censo - El Diario - Bolivia\" \/>\n<meta property=\"og:description\" content=\"Una vez oficializada la realizaci\u00f3n del Censo de Poblaci\u00f3n y Vivienda\u00a0para el 2022, diferentes sectores manifestaron la necesidad de impulsar estrategias para garantizar una buena ejecuci\u00f3n. Asimismo, los pueblos ind\u00edgenas del Beni demandan tambi\u00e9n una comisi\u00f3n t\u00e9cnica dentro de sus territorios para la organizaci\u00f3n del plan censal, sostiene un voto resolutivo. \u201cDemandamos al ente rector [&hellip;]\" \/>\n<meta property=\"og:url\" content=\"https:\/\/www.eldiario.net\/portal\/2021\/08\/14\/indigenas-del-beni-demandan-comision-tecnica-para-censo\/\" \/>\n<meta property=\"og:site_name\" content=\"El Diario - Bolivia\" \/>\n<meta property=\"article:publisher\" content=\"https:\/\/www.facebook.com\/eldiario.bolivia\/\" \/>\n<meta property=\"article:published_time\" content=\"2021-08-14T09:37:13+00:00\" \/>\n<meta name=\"author\" content=\"Jeanette\" \/>\n<meta name=\"twitter:card\" content=\"summary_large_image\" \/>\n<meta name=\"twitter:creator\" content=\"@eldiario_net\" \/>\n<meta name=\"twitter:site\" content=\"@eldiario_net\" \/>\n<meta name=\"twitter:label1\" content=\"Escrito por\" \/>\n\t<meta name=\"twitter:data1\" content=\"Jeanette\" \/>\n\t<meta name=\"twitter:label2\" content=\"Tiempo de lectura\" \/>\n\t<meta name=\"twitter:data2\" content=\"2 minutos\" \/>\n<script type=\"application\/ld+json\" class=\"yoast-schema-graph\">{\"@context\":\"https:\\\/\\\/schema.org\",\"@graph\":[{\"@type\":\"Article\",\"@id\":\"https:\\\/\\\/www.eldiario.net\\\/portal\\\/2021\\\/08\\\/14\\\/indigenas-del-beni-demandan-comision-tecnica-para-censo\\\/#article\",\"isPartOf\":{\"@id\":\"https:\\\/\\\/www.eldiario.net\\\/portal\\\/2021\\\/08\\\/14\\\/indigenas-del-beni-demandan-comision-tecnica-para-censo\\\/\"},\"author\":{\"name\":\"Jeanette\",\"@id\":\"https:\\\/\\\/www.eldiario.net\\\/portal\\\/#\\\/schema\\\/person\\\/2c57cf2b7a7ae032e449e4c9b1019eac\"},\"headline\":\"Ind\u00edgenas del Beni demandan comisi\u00f3n t\u00e9cnica para Censo\",\"datePublished\":\"2021-08-14T09:37:13+00:00\",\"mainEntityOfPage\":{\"@id\":\"https:\\\/\\\/www.eldiario.net\\\/portal\\\/2021\\\/08\\\/14\\\/indigenas-del-beni-demandan-comision-tecnica-para-censo\\\/\"},\"wordCount\":383,\"publisher\":{\"@id\":\"https:\\\/\\\/www.eldiario.net\\\/portal\\\/#organization\"},\"image\":{\"@id\":\"https:\\\/\\\/www.eldiario.net\\\/portal\\\/2021\\\/08\\\/14\\\/indigenas-del-beni-demandan-comision-tecnica-para-censo\\\/#primaryimage\"},\"thumbnailUrl\":\"\",\"articleSection\":[\"Nacional\"],\"inLanguage\":\"es\"},{\"@type\":\"WebPage\",\"@id\":\"https:\\\/\\\/www.eldiario.net\\\/portal\\\/2021\\\/08\\\/14\\\/indigenas-del-beni-demandan-comision-tecnica-para-censo\\\/\",\"url\":\"https:\\\/\\\/www.eldiario.net\\\/portal\\\/2021\\\/08\\\/14\\\/indigenas-del-beni-demandan-comision-tecnica-para-censo\\\/\",\"name\":\"Ind\u00edgenas del Beni demandan comisi\u00f3n t\u00e9cnica para Censo - El Diario - Bolivia\",\"isPartOf\":{\"@id\":\"https:\\\/\\\/www.eldiario.net\\\/portal\\\/#website\"},\"primaryImageOfPage\":{\"@id\":\"https:\\\/\\\/www.eldiario.net\\\/portal\\\/2021\\\/08\\\/14\\\/indigenas-del-beni-demandan-comision-tecnica-para-censo\\\/#primaryimage\"},\"image\":{\"@id\":\"https:\\\/\\\/www.eldiario.net\\\/portal\\\/2021\\\/08\\\/14\\\/indigenas-del-beni-demandan-comision-tecnica-para-censo\\\/#primaryimage\"},\"thumbnailUrl\":\"\",\"datePublished\":\"2021-08-14T09:37:13+00:00\",\"breadcrumb\":{\"@id\":\"https:\\\/\\\/www.eldiario.net\\\/portal\\\/2021\\\/08\\\/14\\\/indigenas-del-beni-demandan-comision-tecnica-para-censo\\\/#breadcrumb\"},\"inLanguage\":\"es\",\"potentialAction\":[{\"@type\":\"ReadAction\",\"target\":[\"https:\\\/\\\/www.eldiario.net\\\/portal\\\/2021\\\/08\\\/14\\\/indigenas-del-beni-demandan-comision-tecnica-para-censo\\\/\"]}]},{\"@type\":\"ImageObject\",\"inLanguage\":\"es\",\"@id\":\"https:\\\/\\\/www.eldiario.net\\\/portal\\\/2021\\\/08\\\/14\\\/indigenas-del-beni-demandan-comision-tecnica-para-censo\\\/#primaryimage\",\"url\":\"\",\"contentUrl\":\"\"},{\"@type\":\"BreadcrumbList\",\"@id\":\"https:\\\/\\\/www.eldiario.net\\\/portal\\\/2021\\\/08\\\/14\\\/indigenas-del-beni-demandan-comision-tecnica-para-censo\\\/#breadcrumb\",\"itemListElement\":[{\"@type\":\"ListItem\",\"position\":1,\"name\":\"Portada\",\"item\":\"https:\\\/\\\/www.eldiario.net\\\/portal\\\/\"},{\"@type\":\"ListItem\",\"position\":2,\"name\":\"Ind\u00edgenas del Beni demandan comisi\u00f3n t\u00e9cnica para Censo\"}]},{\"@type\":\"WebSite\",\"@id\":\"https:\\\/\\\/www.eldiario.net\\\/portal\\\/#website\",\"url\":\"https:\\\/\\\/www.eldiario.net\\\/portal\\\/\",\"name\":\"El Diario - Decano de la prensa nacional\",\"description\":\"El Diario - Decano de la prensa nacional\",\"publisher\":{\"@id\":\"https:\\\/\\\/www.eldiario.net\\\/portal\\\/#organization\"},\"potentialAction\":[{\"@type\":\"SearchAction\",\"target\":{\"@type\":\"EntryPoint\",\"urlTemplate\":\"https:\\\/\\\/www.eldiario.net\\\/portal\\\/?s={search_term_string}\"},\"query-input\":{\"@type\":\"PropertyValueSpecification\",\"valueRequired\":true,\"valueName\":\"search_term_string\"}}],\"inLanguage\":\"es\"},{\"@type\":\"Organization\",\"@id\":\"https:\\\/\\\/www.eldiario.net\\\/portal\\\/#organization\",\"name\":\"El Diario - Decano de la prensa nacional\",\"url\":\"https:\\\/\\\/www.eldiario.net\\\/portal\\\/\",\"logo\":{\"@type\":\"ImageObject\",\"inLanguage\":\"es\",\"@id\":\"https:\\\/\\\/www.eldiario.net\\\/portal\\\/#\\\/schema\\\/logo\\\/image\\\/\",\"url\":\"https:\\\/\\\/www.eldiario.net\\\/portal\\\/wp-content\\\/uploads\\\/2023\\\/07\\\/logo_ED.jpg\",\"contentUrl\":\"https:\\\/\\\/www.eldiario.net\\\/portal\\\/wp-content\\\/uploads\\\/2023\\\/07\\\/logo_ED.jpg\",\"width\":272,\"height\":52,\"caption\":\"El Diario - Decano de la prensa nacional\"},\"image\":{\"@id\":\"https:\\\/\\\/www.eldiario.net\\\/portal\\\/#\\\/schema\\\/logo\\\/image\\\/\"},\"sameAs\":[\"https:\\\/\\\/www.facebook.com\\\/eldiario.bolivia\\\/\",\"https:\\\/\\\/x.com\\\/eldiario_net\"]},{\"@type\":\"Person\",\"@id\":\"https:\\\/\\\/www.eldiario.net\\\/portal\\\/#\\\/schema\\\/person\\\/2c57cf2b7a7ae032e449e4c9b1019eac\",\"name\":\"Jeanette\",\"image\":{\"@type\":\"ImageObject\",\"inLanguage\":\"es\",\"@id\":\"https:\\\/\\\/secure.gravatar.com\\\/avatar\\\/3ea2118a5f7dad2b7138b1187a6b7ee55f160b9968b66013c3a3ef39dd7e5798?s=96&d=mm&r=g\",\"url\":\"https:\\\/\\\/secure.gravatar.com\\\/avatar\\\/3ea2118a5f7dad2b7138b1187a6b7ee55f160b9968b66013c3a3ef39dd7e5798?s=96&d=mm&r=g\",\"contentUrl\":\"https:\\\/\\\/secure.gravatar.com\\\/avatar\\\/3ea2118a5f7dad2b7138b1187a6b7ee55f160b9968b66013c3a3ef39dd7e5798?s=96&d=mm&r=g\",\"caption\":\"Jeanette\"},\"sameAs\":[\"https:\\\/\\\/www.eldiario.net\\\/portal\"],\"url\":\"https:\\\/\\\/www.eldiario.net\\\/portal\\\/author\\\/jeanette\\\/\"}]}<\/script>\n<!-- \/ Yoast SEO plugin. -->","yoast_head_json":{"title":"Ind\u00edgenas del Beni demandan comisi\u00f3n t\u00e9cnica para Censo - El Diario - Bolivia","robots":{"index":"index","follow":"follow","max-snippet":"max-snippet:-1","max-image-preview":"max-image-preview:large","max-video-preview":"max-video-preview:-1"},"canonical":"https:\/\/www.eldiario.net\/portal\/2021\/08\/14\/indigenas-del-beni-demandan-comision-tecnica-para-censo\/","og_locale":"es_ES","og_type":"article","og_title":"Ind\u00edgenas del Beni demandan comisi\u00f3n t\u00e9cnica para Censo - El Diario - Bolivia","og_description":"Una vez oficializada la realizaci\u00f3n del Censo de Poblaci\u00f3n y Vivienda\u00a0para el 2022, diferentes sectores manifestaron la necesidad de impulsar estrategias para garantizar una buena ejecuci\u00f3n. Asimismo, los pueblos ind\u00edgenas del Beni demandan tambi\u00e9n una comisi\u00f3n t\u00e9cnica dentro de sus territorios para la organizaci\u00f3n del plan censal, sostiene un voto resolutivo. \u201cDemandamos al ente rector [&hellip;]","og_url":"https:\/\/www.eldiario.net\/portal\/2021\/08\/14\/indigenas-del-beni-demandan-comision-tecnica-para-censo\/","og_site_name":"El Diario - Bolivia","article_publisher":"https:\/\/www.facebook.com\/eldiario.bolivia\/","article_published_time":"2021-08-14T09:37:13+00:00","author":"Jeanette","twitter_card":"summary_large_image","twitter_creator":"@eldiario_net","twitter_site":"@eldiario_net","twitter_misc":{"Escrito por":"Jeanette","Tiempo de lectura":"2 minutos"},"schema":{"@context":"https:\/\/schema.org","@graph":[{"@type":"Article","@id":"https:\/\/www.eldiario.net\/portal\/2021\/08\/14\/indigenas-del-beni-demandan-comision-tecnica-para-censo\/#article","isPartOf":{"@id":"https:\/\/www.eldiario.net\/portal\/2021\/08\/14\/indigenas-del-beni-demandan-comision-tecnica-para-censo\/"},"author":{"name":"Jeanette","@id":"https:\/\/www.eldiario.net\/portal\/#\/schema\/person\/2c57cf2b7a7ae032e449e4c9b1019eac"},"headline":"Ind\u00edgenas del Beni demandan comisi\u00f3n t\u00e9cnica para Censo","datePublished":"2021-08-14T09:37:13+00:00","mainEntityOfPage":{"@id":"https:\/\/www.eldiario.net\/portal\/2021\/08\/14\/indigenas-del-beni-demandan-comision-tecnica-para-censo\/"},"wordCount":383,"publisher":{"@id":"https:\/\/www.eldiario.net\/portal\/#organization"},"image":{"@id":"https:\/\/www.eldiario.net\/portal\/2021\/08\/14\/indigenas-del-beni-demandan-comision-tecnica-para-censo\/#primaryimage"},"thumbnailUrl":"","articleSection":["Nacional"],"inLanguage":"es"},{"@type":"WebPage","@id":"https:\/\/www.eldiario.net\/portal\/2021\/08\/14\/indigenas-del-beni-demandan-comision-tecnica-para-censo\/","url":"https:\/\/www.eldiario.net\/portal\/2021\/08\/14\/indigenas-del-beni-demandan-comision-tecnica-para-censo\/","name":"Ind\u00edgenas del Beni demandan comisi\u00f3n t\u00e9cnica para Censo - El Diario - Bolivia","isPartOf":{"@id":"https:\/\/www.eldiario.net\/portal\/#website"},"primaryImageOfPage":{"@id":"https:\/\/www.eldiario.net\/portal\/2021\/08\/14\/indigenas-del-beni-demandan-comision-tecnica-para-censo\/#primaryimage"},"image":{"@id":"https:\/\/www.eldiario.net\/portal\/2021\/08\/14\/indigenas-del-beni-demandan-comision-tecnica-para-censo\/#primaryimage"},"thumbnailUrl":"","datePublished":"2021-08-14T09:37:13+00:00","breadcrumb":{"@id":"https:\/\/www.eldiario.net\/portal\/2021\/08\/14\/indigenas-del-beni-demandan-comision-tecnica-para-censo\/#breadcrumb"},"inLanguage":"es","potentialAction":[{"@type":"ReadAction","target":["https:\/\/www.eldiario.net\/portal\/2021\/08\/14\/indigenas-del-beni-demandan-comision-tecnica-para-censo\/"]}]},{"@type":"ImageObject","inLanguage":"es","@id":"https:\/\/www.eldiario.net\/portal\/2021\/08\/14\/indigenas-del-beni-demandan-comision-tecnica-para-censo\/#primaryimage","url":"","contentUrl":""},{"@type":"BreadcrumbList","@id":"https:\/\/www.eldiario.net\/portal\/2021\/08\/14\/indigenas-del-beni-demandan-comision-tecnica-para-censo\/#breadcrumb","itemListElement":[{"@type":"ListItem","position":1,"name":"Portada","item":"https:\/\/www.eldiario.net\/portal\/"},{"@type":"ListItem","position":2,"name":"Ind\u00edgenas del Beni demandan comisi\u00f3n t\u00e9cnica para Censo"}]},{"@type":"WebSite","@id":"https:\/\/www.eldiario.net\/portal\/#website","url":"https:\/\/www.eldiario.net\/portal\/","name":"El Diario - Decano de la prensa nacional","description":"El Diario - Decano de la prensa nacional","publisher":{"@id":"https:\/\/www.eldiario.net\/portal\/#organization"},"potentialAction":[{"@type":"SearchAction","target":{"@type":"EntryPoint","urlTemplate":"https:\/\/www.eldiario.net\/portal\/?s={search_term_string}"},"query-input":{"@type":"PropertyValueSpecification","valueRequired":true,"valueName":"search_term_string"}}],"inLanguage":"es"},{"@type":"Organization","@id":"https:\/\/www.eldiario.net\/portal\/#organization","name":"El Diario - Decano de la prensa nacional","url":"https:\/\/www.eldiario.net\/portal\/","logo":{"@type":"ImageObject","inLanguage":"es","@id":"https:\/\/www.eldiario.net\/portal\/#\/schema\/logo\/image\/","url":"https:\/\/www.eldiario.net\/portal\/wp-content\/uploads\/2023\/07\/logo_ED.jpg","contentUrl":"https:\/\/www.eldiario.net\/portal\/wp-content\/uploads\/2023\/07\/logo_ED.jpg","width":272,"height":52,"caption":"El Diario - Decano de la prensa nacional"},"image":{"@id":"https:\/\/www.eldiario.net\/portal\/#\/schema\/logo\/image\/"},"sameAs":["https:\/\/www.facebook.com\/eldiario.bolivia\/","https:\/\/x.com\/eldiario_net"]},{"@type":"Person","@id":"https:\/\/www.eldiario.net\/portal\/#\/schema\/person\/2c57cf2b7a7ae032e449e4c9b1019eac","name":"Jeanette","image":{"@type":"ImageObject","inLanguage":"es","@id":"https:\/\/secure.gravatar.com\/avatar\/3ea2118a5f7dad2b7138b1187a6b7ee55f160b9968b66013c3a3ef39dd7e5798?s=96&d=mm&r=g","url":"https:\/\/secure.gravatar.com\/avatar\/3ea2118a5f7dad2b7138b1187a6b7ee55f160b9968b66013c3a3ef39dd7e5798?s=96&d=mm&r=g","contentUrl":"https:\/\/secure.gravatar.com\/avatar\/3ea2118a5f7dad2b7138b1187a6b7ee55f160b9968b66013c3a3ef39dd7e5798?s=96&d=mm&r=g","caption":"Jeanette"},"sameAs":["https:\/\/www.eldiario.net\/portal"],"url":"https:\/\/www.eldiario.net\/portal\/author\/jeanette\/"}]}},"_links":{"self":[{"href":"https:\/\/www.eldiario.net\/portal\/wp-json\/wp\/v2\/posts\/23350","targetHints":{"allow":["GET"]}}],"collection":[{"href":"https:\/\/www.eldiario.net\/portal\/wp-json\/wp\/v2\/posts"}],"about":[{"href":"https:\/\/www.eldiario.net\/portal\/wp-json\/wp\/v2\/types\/post"}],"author":[{"embeddable":true,"href":"https:\/\/www.eldiario.net\/portal\/wp-json\/wp\/v2\/users\/1"}],"replies":[{"embeddable":true,"href":"https:\/\/www.eldiario.net\/portal\/wp-json\/wp\/v2\/comments?post=23350"}],"version-history":[{"count":0,"href":"https:\/\/www.eldiario.net\/portal\/wp-json\/wp\/v2\/posts\/23350\/revisions"}],"wp:attachment":[{"href":"https:\/\/www.eldiario.net\/portal\/wp-json\/wp\/v2\/media?parent=23350"}],"wp:term":[{"taxonomy":"category","embeddable":true,"href":"https:\/\/www.eldiario.net\/portal\/wp-json\/wp\/v2\/categories?post=23350"},{"taxonomy":"post_tag","embeddable":true,"href":"https:\/\/www.eldiario.net\/portal\/wp-json\/wp\/v2\/tags?post=23350"}],"curies":[{"name":"wp","href":"https:\/\/api.w.org\/{rel}","templated":true}]}}