{"id":233494,"date":"2024-07-13T06:33:02","date_gmt":"2024-07-13T10:33:02","guid":{"rendered":"https:\/\/www.eldiario.net\/portal\/?p=233494"},"modified":"2024-07-13T06:33:02","modified_gmt":"2024-07-13T10:33:02","slug":"presidente-de-la-aflp-aclaro-que-no-recibieron-nada-de-la-fbf-para-viajar-a-eeuu","status":"publish","type":"post","link":"https:\/\/www.eldiario.net\/portal\/2024\/07\/13\/presidente-de-la-aflp-aclaro-que-no-recibieron-nada-de-la-fbf-para-viajar-a-eeuu\/","title":{"rendered":"Presidente de la AFLP aclar\u00f3 que no recibieron nada de la FBF para viajar a EEUU"},"content":{"rendered":"<p>Isaac Mollinedo, presidente de la Asociaci\u00f3n de F\u00fatbol La Paz, sali\u00f3 al paso para desmentir las informaciones err\u00f3neas que circularon sobre todo en redes sociales, a prop\u00f3sito del viaje de algunos dirigentes de las Asociaciones Nacionales a Estados Unidos para ver los partidos de la Copa Am\u00e9rica, negando enf\u00e1ticamente que se haya recibido alg\u00fan dinero de la FBF para su traslado a la cita internacional.<br \/>\nMollinedo fue enf\u00e1tico al manifestar que cada uno viaj\u00f3 con sus propios recursos y que la Conmebol invit\u00f3 a los dirigentes a la cita internacional.<br \/>\n\u201cLo que molesta es que en las redes sociales se puede decir todo, se han vuelto enemigas de la gente p\u00fablica, hay que tener un poco de respeto porque antes de ser dirigente uno es persona y uno tiene familia. Se han tergiversado muchas cosas, incluso se ha dicho que nosotros hemos recibido un dinero como dirigentes de la Divisi\u00f3n Aficionado para viajar a Estados Unidos, pero el presidente de la FBF (Fernando Costa) fue muy claro con nosotros al decirnos que los que quer\u00edamos viajar debemos hacerlo por nuestros propios medios\u201d, afirm\u00f3 el dirigente de la AFLP.<br \/>\nAdem\u00e1s, expuso que no viajaron todos los dirigentes de la Divisi\u00f3n Aficionado.<br \/>\n\u201cS\u00f3lo viajamos cinco, quienes vimos la manera de poder solventarnos all\u00e1, y nosotros no hemos recibido ning\u00fan soporte econ\u00f3mico de la Federaci\u00f3n Boliviana de F\u00fatbol, eso lo puedo justificar, adem\u00e1s el presidente de la FBF en todas las reuniones que tenemos siempre ha sido transparente y nos avisa los gastos que se ha realizado\u201d, acot\u00f3 el dirigente.<br \/>\n\u201cNosotros hemos ido a solo dos partidos porque al partido inaugural (con Estados Unidos) no pudimos, llegamos para el partido con Uruguay y Panam\u00e1. El presidente de la FBF, y lo puedo decir, no recibe ni un centavo de la FBF ni lo utiliza, siempre se ha manejado con sus propios medios\u201d, prosigui\u00f3.<br \/>\nMollinedo aclar\u00f3 tambi\u00e9n en torno a la invitaci\u00f3n que recibieron de parte de la Conmebol:\u201c Es una invitaci\u00f3n pero pagamos parte del mismo. Tal vez tuvimos alguna facilidad para conseguir entradas con alguna rebaja aceptable pero no hubo nada de que salga de la FBF en favor de las asociaciones, lo que se dice molesta porque todos los d\u00edas salen informaciones falsas que preguntan cu\u00e1nto habr\u00edamos recibido\u201d.<\/p>\n","protected":false},"excerpt":{"rendered":"<p>Isaac Mollinedo, presidente de la Asociaci\u00f3n de F\u00fatbol La Paz, sali\u00f3 al paso para desmentir las informaciones err\u00f3neas que circularon sobre todo en redes sociales, a prop\u00f3sito del viaje de algunos dirigentes de las Asociaciones Nacionales a Estados Unidos para ver los partidos de la Copa Am\u00e9rica, negando enf\u00e1ticamente que se haya recibido alg\u00fan dinero [&hellip;]<\/p>\n","protected":false},"author":1,"featured_media":233495,"comment_status":"open","ping_status":"open","sticky":false,"template":"","format":"standard","meta":{"_acf_changed":false,"footnotes":""},"categories":[6],"tags":[],"class_list":["post-233494","post","type-post","status-publish","format-standard","has-post-thumbnail","category-deportes"],"acf":{"antetitulo":""},"yoast_head":"<!-- This site is optimized with the Yoast SEO plugin v28.3 - https:\/\/yoast.com\/product\/yoast-seo-wordpress\/ -->\n<title>Presidente de la AFLP aclar\u00f3 que no recibieron nada de la FBF para viajar a EEUU - El Diario - Bolivia<\/title>\n<meta name=\"robots\" content=\"index, follow, max-snippet:-1, max-image-preview:large, max-video-preview:-1\" \/>\n<link rel=\"canonical\" href=\"https:\/\/www.eldiario.net\/portal\/2024\/07\/13\/presidente-de-la-aflp-aclaro-que-no-recibieron-nada-de-la-fbf-para-viajar-a-eeuu\/\" \/>\n<meta property=\"og:locale\" content=\"es_ES\" \/>\n<meta property=\"og:type\" content=\"article\" \/>\n<meta property=\"og:title\" content=\"Presidente de la AFLP aclar\u00f3 que no recibieron nada de la FBF para viajar a EEUU - El Diario - Bolivia\" \/>\n<meta property=\"og:description\" content=\"Isaac Mollinedo, presidente de la Asociaci\u00f3n de F\u00fatbol La Paz, sali\u00f3 al paso para desmentir las informaciones err\u00f3neas que circularon sobre todo en redes sociales, a prop\u00f3sito del viaje de algunos dirigentes de las Asociaciones Nacionales a Estados Unidos para ver los partidos de la Copa Am\u00e9rica, negando enf\u00e1ticamente que se haya recibido alg\u00fan dinero [&hellip;]\" \/>\n<meta property=\"og:url\" content=\"https:\/\/www.eldiario.net\/portal\/2024\/07\/13\/presidente-de-la-aflp-aclaro-que-no-recibieron-nada-de-la-fbf-para-viajar-a-eeuu\/\" \/>\n<meta property=\"og:site_name\" content=\"El Diario - Bolivia\" \/>\n<meta property=\"article:publisher\" content=\"https:\/\/www.facebook.com\/eldiario.bolivia\/\" \/>\n<meta property=\"article:published_time\" content=\"2024-07-13T10:33:02+00:00\" \/>\n<meta property=\"og:image\" content=\"https:\/\/www.eldiario.net\/portal\/wp-content\/uploads\/2024\/07\/WhatsApp-Image-2024-07-12-at-6.47.jpg\" \/>\n\t<meta property=\"og:image:width\" content=\"1200\" \/>\n\t<meta property=\"og:image:height\" content=\"900\" \/>\n\t<meta property=\"og:image:type\" content=\"image\/jpeg\" \/>\n<meta name=\"author\" content=\"Jeanette\" \/>\n<meta name=\"twitter:card\" content=\"summary_large_image\" \/>\n<meta name=\"twitter:creator\" content=\"@eldiario_net\" \/>\n<meta name=\"twitter:site\" content=\"@eldiario_net\" \/>\n<meta name=\"twitter:label1\" content=\"Escrito por\" \/>\n\t<meta name=\"twitter:data1\" content=\"Jeanette\" \/>\n\t<meta name=\"twitter:label2\" content=\"Tiempo de lectura\" \/>\n\t<meta name=\"twitter:data2\" content=\"2 minutos\" \/>\n<script type=\"application\/ld+json\" class=\"yoast-schema-graph\">{\"@context\":\"https:\\\/\\\/schema.org\",\"@graph\":[{\"@type\":\"Article\",\"@id\":\"https:\\\/\\\/www.eldiario.net\\\/portal\\\/2024\\\/07\\\/13\\\/presidente-de-la-aflp-aclaro-que-no-recibieron-nada-de-la-fbf-para-viajar-a-eeuu\\\/#article\",\"isPartOf\":{\"@id\":\"https:\\\/\\\/www.eldiario.net\\\/portal\\\/2024\\\/07\\\/13\\\/presidente-de-la-aflp-aclaro-que-no-recibieron-nada-de-la-fbf-para-viajar-a-eeuu\\\/\"},\"author\":{\"name\":\"Jeanette\",\"@id\":\"https:\\\/\\\/www.eldiario.net\\\/portal\\\/#\\\/schema\\\/person\\\/f46445640444750d7d753ccd04ae01b7\"},\"headline\":\"Presidente de la AFLP aclar\u00f3 que no recibieron nada de la FBF para viajar a EEUU\",\"datePublished\":\"2024-07-13T10:33:02+00:00\",\"mainEntityOfPage\":{\"@id\":\"https:\\\/\\\/www.eldiario.net\\\/portal\\\/2024\\\/07\\\/13\\\/presidente-de-la-aflp-aclaro-que-no-recibieron-nada-de-la-fbf-para-viajar-a-eeuu\\\/\"},\"wordCount\":418,\"commentCount\":0,\"publisher\":{\"@id\":\"https:\\\/\\\/www.eldiario.net\\\/portal\\\/#organization\"},\"image\":{\"@id\":\"https:\\\/\\\/www.eldiario.net\\\/portal\\\/2024\\\/07\\\/13\\\/presidente-de-la-aflp-aclaro-que-no-recibieron-nada-de-la-fbf-para-viajar-a-eeuu\\\/#primaryimage\"},\"thumbnailUrl\":\"https:\\\/\\\/www.eldiario.net\\\/portal\\\/wp-content\\\/uploads\\\/2024\\\/07\\\/WhatsApp-Image-2024-07-12-at-6.47.jpg\",\"articleSection\":[\"Deportes\"],\"inLanguage\":\"es\",\"potentialAction\":[{\"@type\":\"CommentAction\",\"name\":\"Comment\",\"target\":[\"https:\\\/\\\/www.eldiario.net\\\/portal\\\/2024\\\/07\\\/13\\\/presidente-de-la-aflp-aclaro-que-no-recibieron-nada-de-la-fbf-para-viajar-a-eeuu\\\/#respond\"]}]},{\"@type\":\"WebPage\",\"@id\":\"https:\\\/\\\/www.eldiario.net\\\/portal\\\/2024\\\/07\\\/13\\\/presidente-de-la-aflp-aclaro-que-no-recibieron-nada-de-la-fbf-para-viajar-a-eeuu\\\/\",\"url\":\"https:\\\/\\\/www.eldiario.net\\\/portal\\\/2024\\\/07\\\/13\\\/presidente-de-la-aflp-aclaro-que-no-recibieron-nada-de-la-fbf-para-viajar-a-eeuu\\\/\",\"name\":\"Presidente de la AFLP aclar\u00f3 que no recibieron nada de la FBF para viajar a EEUU - El Diario - Bolivia\",\"isPartOf\":{\"@id\":\"https:\\\/\\\/www.eldiario.net\\\/portal\\\/#website\"},\"primaryImageOfPage\":{\"@id\":\"https:\\\/\\\/www.eldiario.net\\\/portal\\\/2024\\\/07\\\/13\\\/presidente-de-la-aflp-aclaro-que-no-recibieron-nada-de-la-fbf-para-viajar-a-eeuu\\\/#primaryimage\"},\"image\":{\"@id\":\"https:\\\/\\\/www.eldiario.net\\\/portal\\\/2024\\\/07\\\/13\\\/presidente-de-la-aflp-aclaro-que-no-recibieron-nada-de-la-fbf-para-viajar-a-eeuu\\\/#primaryimage\"},\"thumbnailUrl\":\"https:\\\/\\\/www.eldiario.net\\\/portal\\\/wp-content\\\/uploads\\\/2024\\\/07\\\/WhatsApp-Image-2024-07-12-at-6.47.jpg\",\"datePublished\":\"2024-07-13T10:33:02+00:00\",\"breadcrumb\":{\"@id\":\"https:\\\/\\\/www.eldiario.net\\\/portal\\\/2024\\\/07\\\/13\\\/presidente-de-la-aflp-aclaro-que-no-recibieron-nada-de-la-fbf-para-viajar-a-eeuu\\\/#breadcrumb\"},\"inLanguage\":\"es\",\"potentialAction\":[{\"@type\":\"ReadAction\",\"target\":[\"https:\\\/\\\/www.eldiario.net\\\/portal\\\/2024\\\/07\\\/13\\\/presidente-de-la-aflp-aclaro-que-no-recibieron-nada-de-la-fbf-para-viajar-a-eeuu\\\/\"]}]},{\"@type\":\"ImageObject\",\"inLanguage\":\"es\",\"@id\":\"https:\\\/\\\/www.eldiario.net\\\/portal\\\/2024\\\/07\\\/13\\\/presidente-de-la-aflp-aclaro-que-no-recibieron-nada-de-la-fbf-para-viajar-a-eeuu\\\/#primaryimage\",\"url\":\"https:\\\/\\\/www.eldiario.net\\\/portal\\\/wp-content\\\/uploads\\\/2024\\\/07\\\/WhatsApp-Image-2024-07-12-at-6.47.jpg\",\"contentUrl\":\"https:\\\/\\\/www.eldiario.net\\\/portal\\\/wp-content\\\/uploads\\\/2024\\\/07\\\/WhatsApp-Image-2024-07-12-at-6.47.jpg\",\"width\":1200,\"height\":900},{\"@type\":\"BreadcrumbList\",\"@id\":\"https:\\\/\\\/www.eldiario.net\\\/portal\\\/2024\\\/07\\\/13\\\/presidente-de-la-aflp-aclaro-que-no-recibieron-nada-de-la-fbf-para-viajar-a-eeuu\\\/#breadcrumb\",\"itemListElement\":[{\"@type\":\"ListItem\",\"position\":1,\"name\":\"Portada\",\"item\":\"https:\\\/\\\/www.eldiario.net\\\/portal\\\/\"},{\"@type\":\"ListItem\",\"position\":2,\"name\":\"Presidente de la AFLP aclar\u00f3 que no recibieron nada de la FBF para viajar a EEUU\"}]},{\"@type\":\"WebSite\",\"@id\":\"https:\\\/\\\/www.eldiario.net\\\/portal\\\/#website\",\"url\":\"https:\\\/\\\/www.eldiario.net\\\/portal\\\/\",\"name\":\"El Diario - Decano de la prensa nacional\",\"description\":\"El Diario - Decano de la prensa nacional\",\"publisher\":{\"@id\":\"https:\\\/\\\/www.eldiario.net\\\/portal\\\/#organization\"},\"potentialAction\":[{\"@type\":\"SearchAction\",\"target\":{\"@type\":\"EntryPoint\",\"urlTemplate\":\"https:\\\/\\\/www.eldiario.net\\\/portal\\\/?s={search_term_string}\"},\"query-input\":{\"@type\":\"PropertyValueSpecification\",\"valueRequired\":true,\"valueName\":\"search_term_string\"}}],\"inLanguage\":\"es\"},{\"@type\":\"Organization\",\"@id\":\"https:\\\/\\\/www.eldiario.net\\\/portal\\\/#organization\",\"name\":\"El Diario - Decano de la prensa nacional\",\"url\":\"https:\\\/\\\/www.eldiario.net\\\/portal\\\/\",\"logo\":{\"@type\":\"ImageObject\",\"inLanguage\":\"es\",\"@id\":\"https:\\\/\\\/www.eldiario.net\\\/portal\\\/#\\\/schema\\\/logo\\\/image\\\/\",\"url\":\"https:\\\/\\\/www.eldiario.net\\\/portal\\\/wp-content\\\/uploads\\\/2023\\\/07\\\/logo_ED.jpg\",\"contentUrl\":\"https:\\\/\\\/www.eldiario.net\\\/portal\\\/wp-content\\\/uploads\\\/2023\\\/07\\\/logo_ED.jpg\",\"width\":272,\"height\":52,\"caption\":\"El Diario - Decano de la prensa nacional\"},\"image\":{\"@id\":\"https:\\\/\\\/www.eldiario.net\\\/portal\\\/#\\\/schema\\\/logo\\\/image\\\/\"},\"sameAs\":[\"https:\\\/\\\/www.facebook.com\\\/eldiario.bolivia\\\/\",\"https:\\\/\\\/x.com\\\/eldiario_net\"]},{\"@type\":\"Person\",\"@id\":\"https:\\\/\\\/www.eldiario.net\\\/portal\\\/#\\\/schema\\\/person\\\/f46445640444750d7d753ccd04ae01b7\",\"name\":\"Jeanette\",\"image\":{\"@type\":\"ImageObject\",\"inLanguage\":\"es\",\"@id\":\"https:\\\/\\\/secure.gravatar.com\\\/avatar\\\/3ea2118a5f7dad2b7138b1187a6b7ee55f160b9968b66013c3a3ef39dd7e5798?s=96&d=mm&r=g\",\"url\":\"https:\\\/\\\/secure.gravatar.com\\\/avatar\\\/3ea2118a5f7dad2b7138b1187a6b7ee55f160b9968b66013c3a3ef39dd7e5798?s=96&d=mm&r=g\",\"contentUrl\":\"https:\\\/\\\/secure.gravatar.com\\\/avatar\\\/3ea2118a5f7dad2b7138b1187a6b7ee55f160b9968b66013c3a3ef39dd7e5798?s=96&d=mm&r=g\",\"caption\":\"Jeanette\"},\"sameAs\":[\"https:\\\/\\\/www.eldiario.net\\\/portal\"],\"url\":\"https:\\\/\\\/www.eldiario.net\\\/portal\\\/author\\\/jeanette\\\/\"}]}<\/script>\n<!-- \/ Yoast SEO plugin. -->","yoast_head_json":{"title":"Presidente de la AFLP aclar\u00f3 que no recibieron nada de la FBF para viajar a EEUU - El Diario - Bolivia","robots":{"index":"index","follow":"follow","max-snippet":"max-snippet:-1","max-image-preview":"max-image-preview:large","max-video-preview":"max-video-preview:-1"},"canonical":"https:\/\/www.eldiario.net\/portal\/2024\/07\/13\/presidente-de-la-aflp-aclaro-que-no-recibieron-nada-de-la-fbf-para-viajar-a-eeuu\/","og_locale":"es_ES","og_type":"article","og_title":"Presidente de la AFLP aclar\u00f3 que no recibieron nada de la FBF para viajar a EEUU - El Diario - Bolivia","og_description":"Isaac Mollinedo, presidente de la Asociaci\u00f3n de F\u00fatbol La Paz, sali\u00f3 al paso para desmentir las informaciones err\u00f3neas que circularon sobre todo en redes sociales, a prop\u00f3sito del viaje de algunos dirigentes de las Asociaciones Nacionales a Estados Unidos para ver los partidos de la Copa Am\u00e9rica, negando enf\u00e1ticamente que se haya recibido alg\u00fan dinero [&hellip;]","og_url":"https:\/\/www.eldiario.net\/portal\/2024\/07\/13\/presidente-de-la-aflp-aclaro-que-no-recibieron-nada-de-la-fbf-para-viajar-a-eeuu\/","og_site_name":"El Diario - Bolivia","article_publisher":"https:\/\/www.facebook.com\/eldiario.bolivia\/","article_published_time":"2024-07-13T10:33:02+00:00","og_image":[{"width":1200,"height":900,"url":"https:\/\/www.eldiario.net\/portal\/wp-content\/uploads\/2024\/07\/WhatsApp-Image-2024-07-12-at-6.47.jpg","type":"image\/jpeg"}],"author":"Jeanette","twitter_card":"summary_large_image","twitter_creator":"@eldiario_net","twitter_site":"@eldiario_net","twitter_misc":{"Escrito por":"Jeanette","Tiempo de lectura":"2 minutos"},"schema":{"@context":"https:\/\/schema.org","@graph":[{"@type":"Article","@id":"https:\/\/www.eldiario.net\/portal\/2024\/07\/13\/presidente-de-la-aflp-aclaro-que-no-recibieron-nada-de-la-fbf-para-viajar-a-eeuu\/#article","isPartOf":{"@id":"https:\/\/www.eldiario.net\/portal\/2024\/07\/13\/presidente-de-la-aflp-aclaro-que-no-recibieron-nada-de-la-fbf-para-viajar-a-eeuu\/"},"author":{"name":"Jeanette","@id":"https:\/\/www.eldiario.net\/portal\/#\/schema\/person\/f46445640444750d7d753ccd04ae01b7"},"headline":"Presidente de la AFLP aclar\u00f3 que no recibieron nada de la FBF para viajar a EEUU","datePublished":"2024-07-13T10:33:02+00:00","mainEntityOfPage":{"@id":"https:\/\/www.eldiario.net\/portal\/2024\/07\/13\/presidente-de-la-aflp-aclaro-que-no-recibieron-nada-de-la-fbf-para-viajar-a-eeuu\/"},"wordCount":418,"commentCount":0,"publisher":{"@id":"https:\/\/www.eldiario.net\/portal\/#organization"},"image":{"@id":"https:\/\/www.eldiario.net\/portal\/2024\/07\/13\/presidente-de-la-aflp-aclaro-que-no-recibieron-nada-de-la-fbf-para-viajar-a-eeuu\/#primaryimage"},"thumbnailUrl":"https:\/\/www.eldiario.net\/portal\/wp-content\/uploads\/2024\/07\/WhatsApp-Image-2024-07-12-at-6.47.jpg","articleSection":["Deportes"],"inLanguage":"es","potentialAction":[{"@type":"CommentAction","name":"Comment","target":["https:\/\/www.eldiario.net\/portal\/2024\/07\/13\/presidente-de-la-aflp-aclaro-que-no-recibieron-nada-de-la-fbf-para-viajar-a-eeuu\/#respond"]}]},{"@type":"WebPage","@id":"https:\/\/www.eldiario.net\/portal\/2024\/07\/13\/presidente-de-la-aflp-aclaro-que-no-recibieron-nada-de-la-fbf-para-viajar-a-eeuu\/","url":"https:\/\/www.eldiario.net\/portal\/2024\/07\/13\/presidente-de-la-aflp-aclaro-que-no-recibieron-nada-de-la-fbf-para-viajar-a-eeuu\/","name":"Presidente de la AFLP aclar\u00f3 que no recibieron nada de la FBF para viajar a EEUU - El Diario - Bolivia","isPartOf":{"@id":"https:\/\/www.eldiario.net\/portal\/#website"},"primaryImageOfPage":{"@id":"https:\/\/www.eldiario.net\/portal\/2024\/07\/13\/presidente-de-la-aflp-aclaro-que-no-recibieron-nada-de-la-fbf-para-viajar-a-eeuu\/#primaryimage"},"image":{"@id":"https:\/\/www.eldiario.net\/portal\/2024\/07\/13\/presidente-de-la-aflp-aclaro-que-no-recibieron-nada-de-la-fbf-para-viajar-a-eeuu\/#primaryimage"},"thumbnailUrl":"https:\/\/www.eldiario.net\/portal\/wp-content\/uploads\/2024\/07\/WhatsApp-Image-2024-07-12-at-6.47.jpg","datePublished":"2024-07-13T10:33:02+00:00","breadcrumb":{"@id":"https:\/\/www.eldiario.net\/portal\/2024\/07\/13\/presidente-de-la-aflp-aclaro-que-no-recibieron-nada-de-la-fbf-para-viajar-a-eeuu\/#breadcrumb"},"inLanguage":"es","potentialAction":[{"@type":"ReadAction","target":["https:\/\/www.eldiario.net\/portal\/2024\/07\/13\/presidente-de-la-aflp-aclaro-que-no-recibieron-nada-de-la-fbf-para-viajar-a-eeuu\/"]}]},{"@type":"ImageObject","inLanguage":"es","@id":"https:\/\/www.eldiario.net\/portal\/2024\/07\/13\/presidente-de-la-aflp-aclaro-que-no-recibieron-nada-de-la-fbf-para-viajar-a-eeuu\/#primaryimage","url":"https:\/\/www.eldiario.net\/portal\/wp-content\/uploads\/2024\/07\/WhatsApp-Image-2024-07-12-at-6.47.jpg","contentUrl":"https:\/\/www.eldiario.net\/portal\/wp-content\/uploads\/2024\/07\/WhatsApp-Image-2024-07-12-at-6.47.jpg","width":1200,"height":900},{"@type":"BreadcrumbList","@id":"https:\/\/www.eldiario.net\/portal\/2024\/07\/13\/presidente-de-la-aflp-aclaro-que-no-recibieron-nada-de-la-fbf-para-viajar-a-eeuu\/#breadcrumb","itemListElement":[{"@type":"ListItem","position":1,"name":"Portada","item":"https:\/\/www.eldiario.net\/portal\/"},{"@type":"ListItem","position":2,"name":"Presidente de la AFLP aclar\u00f3 que no recibieron nada de la FBF para viajar a EEUU"}]},{"@type":"WebSite","@id":"https:\/\/www.eldiario.net\/portal\/#website","url":"https:\/\/www.eldiario.net\/portal\/","name":"El Diario - Decano de la prensa nacional","description":"El Diario - Decano de la prensa nacional","publisher":{"@id":"https:\/\/www.eldiario.net\/portal\/#organization"},"potentialAction":[{"@type":"SearchAction","target":{"@type":"EntryPoint","urlTemplate":"https:\/\/www.eldiario.net\/portal\/?s={search_term_string}"},"query-input":{"@type":"PropertyValueSpecification","valueRequired":true,"valueName":"search_term_string"}}],"inLanguage":"es"},{"@type":"Organization","@id":"https:\/\/www.eldiario.net\/portal\/#organization","name":"El Diario - Decano de la prensa nacional","url":"https:\/\/www.eldiario.net\/portal\/","logo":{"@type":"ImageObject","inLanguage":"es","@id":"https:\/\/www.eldiario.net\/portal\/#\/schema\/logo\/image\/","url":"https:\/\/www.eldiario.net\/portal\/wp-content\/uploads\/2023\/07\/logo_ED.jpg","contentUrl":"https:\/\/www.eldiario.net\/portal\/wp-content\/uploads\/2023\/07\/logo_ED.jpg","width":272,"height":52,"caption":"El Diario - Decano de la prensa nacional"},"image":{"@id":"https:\/\/www.eldiario.net\/portal\/#\/schema\/logo\/image\/"},"sameAs":["https:\/\/www.facebook.com\/eldiario.bolivia\/","https:\/\/x.com\/eldiario_net"]},{"@type":"Person","@id":"https:\/\/www.eldiario.net\/portal\/#\/schema\/person\/f46445640444750d7d753ccd04ae01b7","name":"Jeanette","image":{"@type":"ImageObject","inLanguage":"es","@id":"https:\/\/secure.gravatar.com\/avatar\/3ea2118a5f7dad2b7138b1187a6b7ee55f160b9968b66013c3a3ef39dd7e5798?s=96&d=mm&r=g","url":"https:\/\/secure.gravatar.com\/avatar\/3ea2118a5f7dad2b7138b1187a6b7ee55f160b9968b66013c3a3ef39dd7e5798?s=96&d=mm&r=g","contentUrl":"https:\/\/secure.gravatar.com\/avatar\/3ea2118a5f7dad2b7138b1187a6b7ee55f160b9968b66013c3a3ef39dd7e5798?s=96&d=mm&r=g","caption":"Jeanette"},"sameAs":["https:\/\/www.eldiario.net\/portal"],"url":"https:\/\/www.eldiario.net\/portal\/author\/jeanette\/"}]}},"_links":{"self":[{"href":"https:\/\/www.eldiario.net\/portal\/wp-json\/wp\/v2\/posts\/233494","targetHints":{"allow":["GET"]}}],"collection":[{"href":"https:\/\/www.eldiario.net\/portal\/wp-json\/wp\/v2\/posts"}],"about":[{"href":"https:\/\/www.eldiario.net\/portal\/wp-json\/wp\/v2\/types\/post"}],"author":[{"embeddable":true,"href":"https:\/\/www.eldiario.net\/portal\/wp-json\/wp\/v2\/users\/1"}],"replies":[{"embeddable":true,"href":"https:\/\/www.eldiario.net\/portal\/wp-json\/wp\/v2\/comments?post=233494"}],"version-history":[{"count":1,"href":"https:\/\/www.eldiario.net\/portal\/wp-json\/wp\/v2\/posts\/233494\/revisions"}],"predecessor-version":[{"id":233496,"href":"https:\/\/www.eldiario.net\/portal\/wp-json\/wp\/v2\/posts\/233494\/revisions\/233496"}],"wp:featuredmedia":[{"embeddable":true,"href":"https:\/\/www.eldiario.net\/portal\/wp-json\/wp\/v2\/media\/233495"}],"wp:attachment":[{"href":"https:\/\/www.eldiario.net\/portal\/wp-json\/wp\/v2\/media?parent=233494"}],"wp:term":[{"taxonomy":"category","embeddable":true,"href":"https:\/\/www.eldiario.net\/portal\/wp-json\/wp\/v2\/categories?post=233494"},{"taxonomy":"post_tag","embeddable":true,"href":"https:\/\/www.eldiario.net\/portal\/wp-json\/wp\/v2\/tags?post=233494"}],"curies":[{"name":"wp","href":"https:\/\/api.w.org\/{rel}","templated":true}]}}