{"id":23347,"date":"2021-08-14T05:36:27","date_gmt":"2021-08-14T09:36:27","guid":{"rendered":"https:\/\/www.eldiario.net\/portal\/?p=23347"},"modified":"2021-08-14T05:36:27","modified_gmt":"2021-08-14T09:36:27","slug":"vacunan-a-menores-de-seis-anos-contra-sarampion-y-poliomielitis","status":"publish","type":"post","link":"https:\/\/www.eldiario.net\/portal\/2021\/08\/14\/vacunan-a-menores-de-seis-anos-contra-sarampion-y-poliomielitis\/","title":{"rendered":"Vacunan a menores de seis a\u00f1os  contra sarampi\u00f3n y poliomielitis"},"content":{"rendered":"<p class=\"v1MsoNormal\">En el marco del Programa Ampliado de Inmunizaci\u00f3n, el Servicio Departamental de Salud (Sedes) habilit\u00f3 para este fin de semana 19 centros de salud con la finalidad de vacunar a menores de 6 a\u00f1os contra el sarampi\u00f3n y la poliomielitis. Los puntos de la red norte y este estar\u00e1n abiertos desde las 7:00 hasta las 19:00 horas, y los puntos de la red sur y centro de 8:00 a 14:00 horas.<\/p>\n<p class=\"v1MsoNormal\">El\u00a0gerente de Epidemiologia del Servicio Departamental de Salud (Sedes),\u00a0Carlos Hurtado, indic\u00f3 que en las cuatro redes de salud se habilitar\u00e1n los espacios para vacunar a los ni\u00f1os,\u00a0como tambi\u00e9n desplazar\u00e1n brigadas m\u00e9dicas para hacer un rastrillaje casa por casa.<\/p>\n<p class=\"v1MsoNormal\">\u00abLa\u00a0estrategia de Vacunacruz es lograr vacunar la mayor cantidad de ni\u00f1os y ni\u00f1as menores de 6 a\u00f1os\u00a0con la vacuna SRP y antipolio, es por eso que el s\u00e1bado y domingo se empieza la vacunaci\u00f3n en las cuatro redes urbanas\u00bb, precis\u00f3.<\/p>\n<p class=\"v1MsoNormal\">Seg\u00fan publicaci\u00f3n de El Deber, los centros de salud de la red norte atender\u00e1n durante 12 horas, desde las 7:00 hasta las 19:00 (Centro de Salud Lazareto, el hospital municipal DM5, San Antonio y 10 de Octubre).<\/p>\n<p class=\"v1MsoNormal\">En la red este, los puntos habilitados estar\u00e1n en el centro de salud 18 de Marzo, 25 de Diciembre, Preventiva Sur, Vida y Esperanza y Pueblo Nuevo, que de igual forma\u00a0atender\u00e1n de 7:00 a 19:00. En este sector tambi\u00e9n se desplazar\u00e1n brigadas m\u00e9dicas que recorrer\u00e1n los barrios.<\/p>\n<p class=\"v1MsoNormal\">Los puntos que se habilitar\u00e1n en la red de salud sur\u00a0son el Hospital DM12 y los\u00a0centros de salud Sagrada Familia y Los Olivos que atender\u00e1n de 8:00 a 14:00. Las brigadas visitar\u00e1n las casas, adem\u00e1s\u00a0el domingo se inmunizar\u00e1 a los ni\u00f1os en la Universidad Evang\u00e9lica.<\/p>\n<p class=\"v1MsoNormal\">En la\u00a0red centro los puntos de vacunaci\u00f3n contra el sarampi\u00f3n y la poliomielitis estar\u00e1n abiertos desde las 8:00 a 14:00, los centros habilitados son los centros de Salud Elvira W\u00fcnderlicht, Perpetuo Socorro, San Lu\u00eds y San Carlos. Adem\u00e1s, el domingo se vacunar\u00e1 a los ni\u00f1os en la Fexpo y la Universidad Aut\u00f3noma Gabriel Ren\u00e9 Moreno.<\/p>\n<p class=\"v1MsoNormal\">\u201cEn la universidad Evang\u00e9lica, la Gabriel y en la Fexpo se va a vacunar el domingo y vamos a aprovechar que la gente se va a vacunar contra el Covid-19\u00a0para que tambi\u00e9n lleve a su ni\u00f1o a vacunar contra la poliomielitis y el sarampi\u00f3n\u201d, mencion\u00f3 Hurtado.<\/p>\n<p class=\"v1MsoNormal\">\n","protected":false},"excerpt":{"rendered":"<p>En el marco del Programa Ampliado de Inmunizaci\u00f3n, el Servicio Departamental de Salud (Sedes) habilit\u00f3 para este fin de semana 19 centros de salud con la finalidad de vacunar a menores de 6 a\u00f1os contra el sarampi\u00f3n y la poliomielitis. Los puntos de la red norte y este estar\u00e1n abiertos desde las 7:00 hasta las [&hellip;]<\/p>\n","protected":false},"author":1,"featured_media":23348,"comment_status":"closed","ping_status":"closed","sticky":false,"template":"","format":"standard","meta":{"_acf_changed":false,"footnotes":""},"categories":[12],"tags":[],"class_list":["post-23347","post","type-post","status-publish","format-standard","has-post-thumbnail","category-nacional"],"acf":{"antetitulo":""},"yoast_head":"<!-- This site is optimized with the Yoast SEO plugin v28.4 - https:\/\/yoast.com\/product\/yoast-seo-wordpress\/ -->\n<title>Vacunan a menores de seis a\u00f1os contra sarampi\u00f3n y poliomielitis - El Diario - Bolivia<\/title>\n<meta name=\"robots\" content=\"index, follow, max-snippet:-1, max-image-preview:large, max-video-preview:-1\" \/>\n<link rel=\"canonical\" href=\"https:\/\/www.eldiario.net\/portal\/2021\/08\/14\/vacunan-a-menores-de-seis-anos-contra-sarampion-y-poliomielitis\/\" \/>\n<meta property=\"og:locale\" content=\"es_ES\" \/>\n<meta property=\"og:type\" content=\"article\" \/>\n<meta property=\"og:title\" content=\"Vacunan a menores de seis a\u00f1os contra sarampi\u00f3n y poliomielitis - El Diario - Bolivia\" \/>\n<meta property=\"og:description\" content=\"En el marco del Programa Ampliado de Inmunizaci\u00f3n, el Servicio Departamental de Salud (Sedes) habilit\u00f3 para este fin de semana 19 centros de salud con la finalidad de vacunar a menores de 6 a\u00f1os contra el sarampi\u00f3n y la poliomielitis. Los puntos de la red norte y este estar\u00e1n abiertos desde las 7:00 hasta las [&hellip;]\" \/>\n<meta property=\"og:url\" content=\"https:\/\/www.eldiario.net\/portal\/2021\/08\/14\/vacunan-a-menores-de-seis-anos-contra-sarampion-y-poliomielitis\/\" \/>\n<meta property=\"og:site_name\" content=\"El Diario - Bolivia\" \/>\n<meta property=\"article:publisher\" content=\"https:\/\/www.facebook.com\/eldiario.bolivia\/\" \/>\n<meta property=\"article:published_time\" content=\"2021-08-14T09:36:27+00:00\" \/>\n<meta name=\"author\" content=\"Jeanette\" \/>\n<meta name=\"twitter:card\" content=\"summary_large_image\" \/>\n<meta name=\"twitter:creator\" content=\"@eldiario_net\" \/>\n<meta name=\"twitter:site\" content=\"@eldiario_net\" \/>\n<meta name=\"twitter:label1\" content=\"Escrito por\" \/>\n\t<meta name=\"twitter:data1\" content=\"Jeanette\" \/>\n\t<meta name=\"twitter:label2\" content=\"Tiempo de lectura\" \/>\n\t<meta name=\"twitter:data2\" content=\"2 minutos\" \/>\n<script type=\"application\/ld+json\" class=\"yoast-schema-graph\">{\"@context\":\"https:\\\/\\\/schema.org\",\"@graph\":[{\"@type\":\"Article\",\"@id\":\"https:\\\/\\\/www.eldiario.net\\\/portal\\\/2021\\\/08\\\/14\\\/vacunan-a-menores-de-seis-anos-contra-sarampion-y-poliomielitis\\\/#article\",\"isPartOf\":{\"@id\":\"https:\\\/\\\/www.eldiario.net\\\/portal\\\/2021\\\/08\\\/14\\\/vacunan-a-menores-de-seis-anos-contra-sarampion-y-poliomielitis\\\/\"},\"author\":{\"name\":\"Jeanette\",\"@id\":\"https:\\\/\\\/www.eldiario.net\\\/portal\\\/#\\\/schema\\\/person\\\/2c57cf2b7a7ae032e449e4c9b1019eac\"},\"headline\":\"Vacunan a menores de seis a\u00f1os contra sarampi\u00f3n y poliomielitis\",\"datePublished\":\"2021-08-14T09:36:27+00:00\",\"mainEntityOfPage\":{\"@id\":\"https:\\\/\\\/www.eldiario.net\\\/portal\\\/2021\\\/08\\\/14\\\/vacunan-a-menores-de-seis-anos-contra-sarampion-y-poliomielitis\\\/\"},\"wordCount\":424,\"publisher\":{\"@id\":\"https:\\\/\\\/www.eldiario.net\\\/portal\\\/#organization\"},\"image\":{\"@id\":\"https:\\\/\\\/www.eldiario.net\\\/portal\\\/2021\\\/08\\\/14\\\/vacunan-a-menores-de-seis-anos-contra-sarampion-y-poliomielitis\\\/#primaryimage\"},\"thumbnailUrl\":\"\",\"articleSection\":[\"Nacional\"],\"inLanguage\":\"es\"},{\"@type\":\"WebPage\",\"@id\":\"https:\\\/\\\/www.eldiario.net\\\/portal\\\/2021\\\/08\\\/14\\\/vacunan-a-menores-de-seis-anos-contra-sarampion-y-poliomielitis\\\/\",\"url\":\"https:\\\/\\\/www.eldiario.net\\\/portal\\\/2021\\\/08\\\/14\\\/vacunan-a-menores-de-seis-anos-contra-sarampion-y-poliomielitis\\\/\",\"name\":\"Vacunan a menores de seis a\u00f1os contra sarampi\u00f3n y poliomielitis - El Diario - Bolivia\",\"isPartOf\":{\"@id\":\"https:\\\/\\\/www.eldiario.net\\\/portal\\\/#website\"},\"primaryImageOfPage\":{\"@id\":\"https:\\\/\\\/www.eldiario.net\\\/portal\\\/2021\\\/08\\\/14\\\/vacunan-a-menores-de-seis-anos-contra-sarampion-y-poliomielitis\\\/#primaryimage\"},\"image\":{\"@id\":\"https:\\\/\\\/www.eldiario.net\\\/portal\\\/2021\\\/08\\\/14\\\/vacunan-a-menores-de-seis-anos-contra-sarampion-y-poliomielitis\\\/#primaryimage\"},\"thumbnailUrl\":\"\",\"datePublished\":\"2021-08-14T09:36:27+00:00\",\"breadcrumb\":{\"@id\":\"https:\\\/\\\/www.eldiario.net\\\/portal\\\/2021\\\/08\\\/14\\\/vacunan-a-menores-de-seis-anos-contra-sarampion-y-poliomielitis\\\/#breadcrumb\"},\"inLanguage\":\"es\",\"potentialAction\":[{\"@type\":\"ReadAction\",\"target\":[\"https:\\\/\\\/www.eldiario.net\\\/portal\\\/2021\\\/08\\\/14\\\/vacunan-a-menores-de-seis-anos-contra-sarampion-y-poliomielitis\\\/\"]}]},{\"@type\":\"ImageObject\",\"inLanguage\":\"es\",\"@id\":\"https:\\\/\\\/www.eldiario.net\\\/portal\\\/2021\\\/08\\\/14\\\/vacunan-a-menores-de-seis-anos-contra-sarampion-y-poliomielitis\\\/#primaryimage\",\"url\":\"\",\"contentUrl\":\"\"},{\"@type\":\"BreadcrumbList\",\"@id\":\"https:\\\/\\\/www.eldiario.net\\\/portal\\\/2021\\\/08\\\/14\\\/vacunan-a-menores-de-seis-anos-contra-sarampion-y-poliomielitis\\\/#breadcrumb\",\"itemListElement\":[{\"@type\":\"ListItem\",\"position\":1,\"name\":\"Portada\",\"item\":\"https:\\\/\\\/www.eldiario.net\\\/portal\\\/\"},{\"@type\":\"ListItem\",\"position\":2,\"name\":\"Vacunan a menores de seis a\u00f1os contra sarampi\u00f3n y poliomielitis\"}]},{\"@type\":\"WebSite\",\"@id\":\"https:\\\/\\\/www.eldiario.net\\\/portal\\\/#website\",\"url\":\"https:\\\/\\\/www.eldiario.net\\\/portal\\\/\",\"name\":\"El Diario - Decano de la prensa nacional\",\"description\":\"El Diario - Decano de la prensa nacional\",\"publisher\":{\"@id\":\"https:\\\/\\\/www.eldiario.net\\\/portal\\\/#organization\"},\"potentialAction\":[{\"@type\":\"SearchAction\",\"target\":{\"@type\":\"EntryPoint\",\"urlTemplate\":\"https:\\\/\\\/www.eldiario.net\\\/portal\\\/?s={search_term_string}\"},\"query-input\":{\"@type\":\"PropertyValueSpecification\",\"valueRequired\":true,\"valueName\":\"search_term_string\"}}],\"inLanguage\":\"es\"},{\"@type\":\"Organization\",\"@id\":\"https:\\\/\\\/www.eldiario.net\\\/portal\\\/#organization\",\"name\":\"El Diario - Decano de la prensa nacional\",\"url\":\"https:\\\/\\\/www.eldiario.net\\\/portal\\\/\",\"logo\":{\"@type\":\"ImageObject\",\"inLanguage\":\"es\",\"@id\":\"https:\\\/\\\/www.eldiario.net\\\/portal\\\/#\\\/schema\\\/logo\\\/image\\\/\",\"url\":\"https:\\\/\\\/www.eldiario.net\\\/portal\\\/wp-content\\\/uploads\\\/2023\\\/07\\\/logo_ED.jpg\",\"contentUrl\":\"https:\\\/\\\/www.eldiario.net\\\/portal\\\/wp-content\\\/uploads\\\/2023\\\/07\\\/logo_ED.jpg\",\"width\":272,\"height\":52,\"caption\":\"El Diario - Decano de la prensa nacional\"},\"image\":{\"@id\":\"https:\\\/\\\/www.eldiario.net\\\/portal\\\/#\\\/schema\\\/logo\\\/image\\\/\"},\"sameAs\":[\"https:\\\/\\\/www.facebook.com\\\/eldiario.bolivia\\\/\",\"https:\\\/\\\/x.com\\\/eldiario_net\"]},{\"@type\":\"Person\",\"@id\":\"https:\\\/\\\/www.eldiario.net\\\/portal\\\/#\\\/schema\\\/person\\\/2c57cf2b7a7ae032e449e4c9b1019eac\",\"name\":\"Jeanette\",\"image\":{\"@type\":\"ImageObject\",\"inLanguage\":\"es\",\"@id\":\"https:\\\/\\\/secure.gravatar.com\\\/avatar\\\/3ea2118a5f7dad2b7138b1187a6b7ee55f160b9968b66013c3a3ef39dd7e5798?s=96&d=mm&r=g\",\"url\":\"https:\\\/\\\/secure.gravatar.com\\\/avatar\\\/3ea2118a5f7dad2b7138b1187a6b7ee55f160b9968b66013c3a3ef39dd7e5798?s=96&d=mm&r=g\",\"contentUrl\":\"https:\\\/\\\/secure.gravatar.com\\\/avatar\\\/3ea2118a5f7dad2b7138b1187a6b7ee55f160b9968b66013c3a3ef39dd7e5798?s=96&d=mm&r=g\",\"caption\":\"Jeanette\"},\"sameAs\":[\"https:\\\/\\\/www.eldiario.net\\\/portal\"],\"url\":\"https:\\\/\\\/www.eldiario.net\\\/portal\\\/author\\\/jeanette\\\/\"}]}<\/script>\n<!-- \/ Yoast SEO plugin. -->","yoast_head_json":{"title":"Vacunan a menores de seis a\u00f1os contra sarampi\u00f3n y poliomielitis - El Diario - Bolivia","robots":{"index":"index","follow":"follow","max-snippet":"max-snippet:-1","max-image-preview":"max-image-preview:large","max-video-preview":"max-video-preview:-1"},"canonical":"https:\/\/www.eldiario.net\/portal\/2021\/08\/14\/vacunan-a-menores-de-seis-anos-contra-sarampion-y-poliomielitis\/","og_locale":"es_ES","og_type":"article","og_title":"Vacunan a menores de seis a\u00f1os contra sarampi\u00f3n y poliomielitis - El Diario - Bolivia","og_description":"En el marco del Programa Ampliado de Inmunizaci\u00f3n, el Servicio Departamental de Salud (Sedes) habilit\u00f3 para este fin de semana 19 centros de salud con la finalidad de vacunar a menores de 6 a\u00f1os contra el sarampi\u00f3n y la poliomielitis. Los puntos de la red norte y este estar\u00e1n abiertos desde las 7:00 hasta las [&hellip;]","og_url":"https:\/\/www.eldiario.net\/portal\/2021\/08\/14\/vacunan-a-menores-de-seis-anos-contra-sarampion-y-poliomielitis\/","og_site_name":"El Diario - Bolivia","article_publisher":"https:\/\/www.facebook.com\/eldiario.bolivia\/","article_published_time":"2021-08-14T09:36:27+00:00","author":"Jeanette","twitter_card":"summary_large_image","twitter_creator":"@eldiario_net","twitter_site":"@eldiario_net","twitter_misc":{"Escrito por":"Jeanette","Tiempo de lectura":"2 minutos"},"schema":{"@context":"https:\/\/schema.org","@graph":[{"@type":"Article","@id":"https:\/\/www.eldiario.net\/portal\/2021\/08\/14\/vacunan-a-menores-de-seis-anos-contra-sarampion-y-poliomielitis\/#article","isPartOf":{"@id":"https:\/\/www.eldiario.net\/portal\/2021\/08\/14\/vacunan-a-menores-de-seis-anos-contra-sarampion-y-poliomielitis\/"},"author":{"name":"Jeanette","@id":"https:\/\/www.eldiario.net\/portal\/#\/schema\/person\/2c57cf2b7a7ae032e449e4c9b1019eac"},"headline":"Vacunan a menores de seis a\u00f1os contra sarampi\u00f3n y poliomielitis","datePublished":"2021-08-14T09:36:27+00:00","mainEntityOfPage":{"@id":"https:\/\/www.eldiario.net\/portal\/2021\/08\/14\/vacunan-a-menores-de-seis-anos-contra-sarampion-y-poliomielitis\/"},"wordCount":424,"publisher":{"@id":"https:\/\/www.eldiario.net\/portal\/#organization"},"image":{"@id":"https:\/\/www.eldiario.net\/portal\/2021\/08\/14\/vacunan-a-menores-de-seis-anos-contra-sarampion-y-poliomielitis\/#primaryimage"},"thumbnailUrl":"","articleSection":["Nacional"],"inLanguage":"es"},{"@type":"WebPage","@id":"https:\/\/www.eldiario.net\/portal\/2021\/08\/14\/vacunan-a-menores-de-seis-anos-contra-sarampion-y-poliomielitis\/","url":"https:\/\/www.eldiario.net\/portal\/2021\/08\/14\/vacunan-a-menores-de-seis-anos-contra-sarampion-y-poliomielitis\/","name":"Vacunan a menores de seis a\u00f1os contra sarampi\u00f3n y poliomielitis - El Diario - Bolivia","isPartOf":{"@id":"https:\/\/www.eldiario.net\/portal\/#website"},"primaryImageOfPage":{"@id":"https:\/\/www.eldiario.net\/portal\/2021\/08\/14\/vacunan-a-menores-de-seis-anos-contra-sarampion-y-poliomielitis\/#primaryimage"},"image":{"@id":"https:\/\/www.eldiario.net\/portal\/2021\/08\/14\/vacunan-a-menores-de-seis-anos-contra-sarampion-y-poliomielitis\/#primaryimage"},"thumbnailUrl":"","datePublished":"2021-08-14T09:36:27+00:00","breadcrumb":{"@id":"https:\/\/www.eldiario.net\/portal\/2021\/08\/14\/vacunan-a-menores-de-seis-anos-contra-sarampion-y-poliomielitis\/#breadcrumb"},"inLanguage":"es","potentialAction":[{"@type":"ReadAction","target":["https:\/\/www.eldiario.net\/portal\/2021\/08\/14\/vacunan-a-menores-de-seis-anos-contra-sarampion-y-poliomielitis\/"]}]},{"@type":"ImageObject","inLanguage":"es","@id":"https:\/\/www.eldiario.net\/portal\/2021\/08\/14\/vacunan-a-menores-de-seis-anos-contra-sarampion-y-poliomielitis\/#primaryimage","url":"","contentUrl":""},{"@type":"BreadcrumbList","@id":"https:\/\/www.eldiario.net\/portal\/2021\/08\/14\/vacunan-a-menores-de-seis-anos-contra-sarampion-y-poliomielitis\/#breadcrumb","itemListElement":[{"@type":"ListItem","position":1,"name":"Portada","item":"https:\/\/www.eldiario.net\/portal\/"},{"@type":"ListItem","position":2,"name":"Vacunan a menores de seis a\u00f1os contra sarampi\u00f3n y poliomielitis"}]},{"@type":"WebSite","@id":"https:\/\/www.eldiario.net\/portal\/#website","url":"https:\/\/www.eldiario.net\/portal\/","name":"El Diario - Decano de la prensa nacional","description":"El Diario - Decano de la prensa nacional","publisher":{"@id":"https:\/\/www.eldiario.net\/portal\/#organization"},"potentialAction":[{"@type":"SearchAction","target":{"@type":"EntryPoint","urlTemplate":"https:\/\/www.eldiario.net\/portal\/?s={search_term_string}"},"query-input":{"@type":"PropertyValueSpecification","valueRequired":true,"valueName":"search_term_string"}}],"inLanguage":"es"},{"@type":"Organization","@id":"https:\/\/www.eldiario.net\/portal\/#organization","name":"El Diario - Decano de la prensa nacional","url":"https:\/\/www.eldiario.net\/portal\/","logo":{"@type":"ImageObject","inLanguage":"es","@id":"https:\/\/www.eldiario.net\/portal\/#\/schema\/logo\/image\/","url":"https:\/\/www.eldiario.net\/portal\/wp-content\/uploads\/2023\/07\/logo_ED.jpg","contentUrl":"https:\/\/www.eldiario.net\/portal\/wp-content\/uploads\/2023\/07\/logo_ED.jpg","width":272,"height":52,"caption":"El Diario - Decano de la prensa nacional"},"image":{"@id":"https:\/\/www.eldiario.net\/portal\/#\/schema\/logo\/image\/"},"sameAs":["https:\/\/www.facebook.com\/eldiario.bolivia\/","https:\/\/x.com\/eldiario_net"]},{"@type":"Person","@id":"https:\/\/www.eldiario.net\/portal\/#\/schema\/person\/2c57cf2b7a7ae032e449e4c9b1019eac","name":"Jeanette","image":{"@type":"ImageObject","inLanguage":"es","@id":"https:\/\/secure.gravatar.com\/avatar\/3ea2118a5f7dad2b7138b1187a6b7ee55f160b9968b66013c3a3ef39dd7e5798?s=96&d=mm&r=g","url":"https:\/\/secure.gravatar.com\/avatar\/3ea2118a5f7dad2b7138b1187a6b7ee55f160b9968b66013c3a3ef39dd7e5798?s=96&d=mm&r=g","contentUrl":"https:\/\/secure.gravatar.com\/avatar\/3ea2118a5f7dad2b7138b1187a6b7ee55f160b9968b66013c3a3ef39dd7e5798?s=96&d=mm&r=g","caption":"Jeanette"},"sameAs":["https:\/\/www.eldiario.net\/portal"],"url":"https:\/\/www.eldiario.net\/portal\/author\/jeanette\/"}]}},"_links":{"self":[{"href":"https:\/\/www.eldiario.net\/portal\/wp-json\/wp\/v2\/posts\/23347","targetHints":{"allow":["GET"]}}],"collection":[{"href":"https:\/\/www.eldiario.net\/portal\/wp-json\/wp\/v2\/posts"}],"about":[{"href":"https:\/\/www.eldiario.net\/portal\/wp-json\/wp\/v2\/types\/post"}],"author":[{"embeddable":true,"href":"https:\/\/www.eldiario.net\/portal\/wp-json\/wp\/v2\/users\/1"}],"replies":[{"embeddable":true,"href":"https:\/\/www.eldiario.net\/portal\/wp-json\/wp\/v2\/comments?post=23347"}],"version-history":[{"count":0,"href":"https:\/\/www.eldiario.net\/portal\/wp-json\/wp\/v2\/posts\/23347\/revisions"}],"wp:attachment":[{"href":"https:\/\/www.eldiario.net\/portal\/wp-json\/wp\/v2\/media?parent=23347"}],"wp:term":[{"taxonomy":"category","embeddable":true,"href":"https:\/\/www.eldiario.net\/portal\/wp-json\/wp\/v2\/categories?post=23347"},{"taxonomy":"post_tag","embeddable":true,"href":"https:\/\/www.eldiario.net\/portal\/wp-json\/wp\/v2\/tags?post=23347"}],"curies":[{"name":"wp","href":"https:\/\/api.w.org\/{rel}","templated":true}]}}