{"id":233468,"date":"2024-07-12T15:28:34","date_gmt":"2024-07-12T19:28:34","guid":{"rendered":"https:\/\/www.eldiario.net\/portal\/?p=233468"},"modified":"2024-07-12T15:28:34","modified_gmt":"2024-07-12T19:28:34","slug":"hubo-un-sismo-en-la-paz-y-se-sintio-en-pisos-altos-de-edificios","status":"publish","type":"post","link":"https:\/\/www.eldiario.net\/portal\/2024\/07\/12\/hubo-un-sismo-en-la-paz-y-se-sintio-en-pisos-altos-de-edificios\/","title":{"rendered":"Hubo un sismo en La Paz y se sinti\u00f3 en pisos altos de edificios"},"content":{"rendered":"<p>Un sismo de magnitud 5.6 M se registr\u00f3 a las 14:19 horas en la provincia Jos\u00e9 Manuel Pando del departamento de La Paz.<\/p>\n<p>La Red Sismol\u00f3gica del Observatorio San Calixto determin\u00f3 que el movimiento tel\u00farico se produjo a una profundidad hipocentral de 163 kil\u00f3metros.<\/p>\n<p>Varias personas de la ciudad de La Paz reportaron haberlo sentido, en especial en los pisos altos de los edificios.<\/p>\n<p>Una persona escribi\u00f3 en las redes sociales que el movimiento tel\u00farico se \u201csinti\u00f3 fuerte\u201d mientras trabajaba en el piso siete de un inmueble.<\/p>\n","protected":false},"excerpt":{"rendered":"<p>Un sismo de magnitud 5.6 M se registr\u00f3 a las 14:19 horas en la provincia Jos\u00e9 Manuel Pando del departamento de La Paz. La Red Sismol\u00f3gica del Observatorio San Calixto determin\u00f3 que el movimiento tel\u00farico se produjo a una profundidad hipocentral de 163 kil\u00f3metros. Varias personas de la ciudad de La Paz reportaron haberlo sentido, [&hellip;]<\/p>\n","protected":false},"author":2,"featured_media":233472,"comment_status":"open","ping_status":"open","sticky":false,"template":"","format":"standard","meta":{"_acf_changed":false,"footnotes":""},"categories":[51],"tags":[],"class_list":["post-233468","post","type-post","status-publish","format-standard","has-post-thumbnail","category-ultima-hora"],"acf":{"antetitulo":""},"yoast_head":"<!-- This site is optimized with the Yoast SEO plugin v28.4 - https:\/\/yoast.com\/product\/yoast-seo-wordpress\/ -->\n<title>Hubo un sismo en La Paz y se sinti\u00f3 en pisos altos de edificios - El Diario - Bolivia<\/title>\n<meta name=\"robots\" content=\"index, follow, max-snippet:-1, max-image-preview:large, max-video-preview:-1\" \/>\n<link rel=\"canonical\" href=\"https:\/\/www.eldiario.net\/portal\/2024\/07\/12\/hubo-un-sismo-en-la-paz-y-se-sintio-en-pisos-altos-de-edificios\/\" \/>\n<meta property=\"og:locale\" content=\"es_ES\" \/>\n<meta property=\"og:type\" content=\"article\" \/>\n<meta property=\"og:title\" content=\"Hubo un sismo en La Paz y se sinti\u00f3 en pisos altos de edificios - El Diario - Bolivia\" \/>\n<meta property=\"og:description\" content=\"Un sismo de magnitud 5.6 M se registr\u00f3 a las 14:19 horas en la provincia Jos\u00e9 Manuel Pando del departamento de La Paz. La Red Sismol\u00f3gica del Observatorio San Calixto determin\u00f3 que el movimiento tel\u00farico se produjo a una profundidad hipocentral de 163 kil\u00f3metros. Varias personas de la ciudad de La Paz reportaron haberlo sentido, [&hellip;]\" \/>\n<meta property=\"og:url\" content=\"https:\/\/www.eldiario.net\/portal\/2024\/07\/12\/hubo-un-sismo-en-la-paz-y-se-sintio-en-pisos-altos-de-edificios\/\" \/>\n<meta property=\"og:site_name\" content=\"El Diario - Bolivia\" \/>\n<meta property=\"article:publisher\" content=\"https:\/\/www.facebook.com\/eldiario.bolivia\/\" \/>\n<meta property=\"article:published_time\" content=\"2024-07-12T19:28:34+00:00\" \/>\n<meta property=\"og:image\" content=\"https:\/\/www.eldiario.net\/portal\/wp-content\/uploads\/2024\/07\/SISMO-12.jpg\" \/>\n\t<meta property=\"og:image:width\" content=\"650\" \/>\n\t<meta property=\"og:image:height\" content=\"426\" \/>\n\t<meta property=\"og:image:type\" content=\"image\/jpeg\" \/>\n<meta name=\"author\" content=\"luis Camacho\" \/>\n<meta name=\"twitter:card\" content=\"summary_large_image\" \/>\n<meta name=\"twitter:creator\" content=\"@eldiario_net\" \/>\n<meta name=\"twitter:site\" content=\"@eldiario_net\" \/>\n<meta name=\"twitter:label1\" content=\"Escrito por\" \/>\n\t<meta name=\"twitter:data1\" content=\"luis Camacho\" \/>\n\t<meta name=\"twitter:label2\" content=\"Tiempo de lectura\" \/>\n\t<meta name=\"twitter:data2\" content=\"1 minuto\" \/>\n<script type=\"application\/ld+json\" class=\"yoast-schema-graph\">{\"@context\":\"https:\\\/\\\/schema.org\",\"@graph\":[{\"@type\":\"Article\",\"@id\":\"https:\\\/\\\/www.eldiario.net\\\/portal\\\/2024\\\/07\\\/12\\\/hubo-un-sismo-en-la-paz-y-se-sintio-en-pisos-altos-de-edificios\\\/#article\",\"isPartOf\":{\"@id\":\"https:\\\/\\\/www.eldiario.net\\\/portal\\\/2024\\\/07\\\/12\\\/hubo-un-sismo-en-la-paz-y-se-sintio-en-pisos-altos-de-edificios\\\/\"},\"author\":{\"name\":\"luis Camacho\",\"@id\":\"https:\\\/\\\/www.eldiario.net\\\/portal\\\/#\\\/schema\\\/person\\\/cab1ae4db27e5f008a62cbffb05fbfee\"},\"headline\":\"Hubo un sismo en La Paz y se sinti\u00f3 en pisos altos de edificios\",\"datePublished\":\"2024-07-12T19:28:34+00:00\",\"mainEntityOfPage\":{\"@id\":\"https:\\\/\\\/www.eldiario.net\\\/portal\\\/2024\\\/07\\\/12\\\/hubo-un-sismo-en-la-paz-y-se-sintio-en-pisos-altos-de-edificios\\\/\"},\"wordCount\":102,\"commentCount\":0,\"publisher\":{\"@id\":\"https:\\\/\\\/www.eldiario.net\\\/portal\\\/#organization\"},\"image\":{\"@id\":\"https:\\\/\\\/www.eldiario.net\\\/portal\\\/2024\\\/07\\\/12\\\/hubo-un-sismo-en-la-paz-y-se-sintio-en-pisos-altos-de-edificios\\\/#primaryimage\"},\"thumbnailUrl\":\"https:\\\/\\\/www.eldiario.net\\\/portal\\\/wp-content\\\/uploads\\\/2024\\\/07\\\/SISMO-12.jpg\",\"articleSection\":[\"\u00daltima Hora\"],\"inLanguage\":\"es\",\"potentialAction\":[{\"@type\":\"CommentAction\",\"name\":\"Comment\",\"target\":[\"https:\\\/\\\/www.eldiario.net\\\/portal\\\/2024\\\/07\\\/12\\\/hubo-un-sismo-en-la-paz-y-se-sintio-en-pisos-altos-de-edificios\\\/#respond\"]}]},{\"@type\":\"WebPage\",\"@id\":\"https:\\\/\\\/www.eldiario.net\\\/portal\\\/2024\\\/07\\\/12\\\/hubo-un-sismo-en-la-paz-y-se-sintio-en-pisos-altos-de-edificios\\\/\",\"url\":\"https:\\\/\\\/www.eldiario.net\\\/portal\\\/2024\\\/07\\\/12\\\/hubo-un-sismo-en-la-paz-y-se-sintio-en-pisos-altos-de-edificios\\\/\",\"name\":\"Hubo un sismo en La Paz y se sinti\u00f3 en pisos altos de edificios - El Diario - Bolivia\",\"isPartOf\":{\"@id\":\"https:\\\/\\\/www.eldiario.net\\\/portal\\\/#website\"},\"primaryImageOfPage\":{\"@id\":\"https:\\\/\\\/www.eldiario.net\\\/portal\\\/2024\\\/07\\\/12\\\/hubo-un-sismo-en-la-paz-y-se-sintio-en-pisos-altos-de-edificios\\\/#primaryimage\"},\"image\":{\"@id\":\"https:\\\/\\\/www.eldiario.net\\\/portal\\\/2024\\\/07\\\/12\\\/hubo-un-sismo-en-la-paz-y-se-sintio-en-pisos-altos-de-edificios\\\/#primaryimage\"},\"thumbnailUrl\":\"https:\\\/\\\/www.eldiario.net\\\/portal\\\/wp-content\\\/uploads\\\/2024\\\/07\\\/SISMO-12.jpg\",\"datePublished\":\"2024-07-12T19:28:34+00:00\",\"breadcrumb\":{\"@id\":\"https:\\\/\\\/www.eldiario.net\\\/portal\\\/2024\\\/07\\\/12\\\/hubo-un-sismo-en-la-paz-y-se-sintio-en-pisos-altos-de-edificios\\\/#breadcrumb\"},\"inLanguage\":\"es\",\"potentialAction\":[{\"@type\":\"ReadAction\",\"target\":[\"https:\\\/\\\/www.eldiario.net\\\/portal\\\/2024\\\/07\\\/12\\\/hubo-un-sismo-en-la-paz-y-se-sintio-en-pisos-altos-de-edificios\\\/\"]}]},{\"@type\":\"ImageObject\",\"inLanguage\":\"es\",\"@id\":\"https:\\\/\\\/www.eldiario.net\\\/portal\\\/2024\\\/07\\\/12\\\/hubo-un-sismo-en-la-paz-y-se-sintio-en-pisos-altos-de-edificios\\\/#primaryimage\",\"url\":\"https:\\\/\\\/www.eldiario.net\\\/portal\\\/wp-content\\\/uploads\\\/2024\\\/07\\\/SISMO-12.jpg\",\"contentUrl\":\"https:\\\/\\\/www.eldiario.net\\\/portal\\\/wp-content\\\/uploads\\\/2024\\\/07\\\/SISMO-12.jpg\",\"width\":650,\"height\":426,\"caption\":\"Foto: Archivo.\"},{\"@type\":\"BreadcrumbList\",\"@id\":\"https:\\\/\\\/www.eldiario.net\\\/portal\\\/2024\\\/07\\\/12\\\/hubo-un-sismo-en-la-paz-y-se-sintio-en-pisos-altos-de-edificios\\\/#breadcrumb\",\"itemListElement\":[{\"@type\":\"ListItem\",\"position\":1,\"name\":\"Portada\",\"item\":\"https:\\\/\\\/www.eldiario.net\\\/portal\\\/\"},{\"@type\":\"ListItem\",\"position\":2,\"name\":\"Hubo un sismo en La Paz y se sinti\u00f3 en pisos altos de edificios\"}]},{\"@type\":\"WebSite\",\"@id\":\"https:\\\/\\\/www.eldiario.net\\\/portal\\\/#website\",\"url\":\"https:\\\/\\\/www.eldiario.net\\\/portal\\\/\",\"name\":\"El Diario - Decano de la prensa nacional\",\"description\":\"El Diario - Decano de la prensa nacional\",\"publisher\":{\"@id\":\"https:\\\/\\\/www.eldiario.net\\\/portal\\\/#organization\"},\"potentialAction\":[{\"@type\":\"SearchAction\",\"target\":{\"@type\":\"EntryPoint\",\"urlTemplate\":\"https:\\\/\\\/www.eldiario.net\\\/portal\\\/?s={search_term_string}\"},\"query-input\":{\"@type\":\"PropertyValueSpecification\",\"valueRequired\":true,\"valueName\":\"search_term_string\"}}],\"inLanguage\":\"es\"},{\"@type\":\"Organization\",\"@id\":\"https:\\\/\\\/www.eldiario.net\\\/portal\\\/#organization\",\"name\":\"El Diario - Decano de la prensa nacional\",\"url\":\"https:\\\/\\\/www.eldiario.net\\\/portal\\\/\",\"logo\":{\"@type\":\"ImageObject\",\"inLanguage\":\"es\",\"@id\":\"https:\\\/\\\/www.eldiario.net\\\/portal\\\/#\\\/schema\\\/logo\\\/image\\\/\",\"url\":\"https:\\\/\\\/www.eldiario.net\\\/portal\\\/wp-content\\\/uploads\\\/2023\\\/07\\\/logo_ED.jpg\",\"contentUrl\":\"https:\\\/\\\/www.eldiario.net\\\/portal\\\/wp-content\\\/uploads\\\/2023\\\/07\\\/logo_ED.jpg\",\"width\":272,\"height\":52,\"caption\":\"El Diario - Decano de la prensa nacional\"},\"image\":{\"@id\":\"https:\\\/\\\/www.eldiario.net\\\/portal\\\/#\\\/schema\\\/logo\\\/image\\\/\"},\"sameAs\":[\"https:\\\/\\\/www.facebook.com\\\/eldiario.bolivia\\\/\",\"https:\\\/\\\/x.com\\\/eldiario_net\"]},{\"@type\":\"Person\",\"@id\":\"https:\\\/\\\/www.eldiario.net\\\/portal\\\/#\\\/schema\\\/person\\\/cab1ae4db27e5f008a62cbffb05fbfee\",\"name\":\"luis Camacho\",\"image\":{\"@type\":\"ImageObject\",\"inLanguage\":\"es\",\"@id\":\"https:\\\/\\\/secure.gravatar.com\\\/avatar\\\/69ecb836b3826d5a2501bf06ab2a2f2c8ab211cc846758f395df21684cb38313?s=96&d=mm&r=g\",\"url\":\"https:\\\/\\\/secure.gravatar.com\\\/avatar\\\/69ecb836b3826d5a2501bf06ab2a2f2c8ab211cc846758f395df21684cb38313?s=96&d=mm&r=g\",\"contentUrl\":\"https:\\\/\\\/secure.gravatar.com\\\/avatar\\\/69ecb836b3826d5a2501bf06ab2a2f2c8ab211cc846758f395df21684cb38313?s=96&d=mm&r=g\",\"caption\":\"luis Camacho\"},\"url\":\"https:\\\/\\\/www.eldiario.net\\\/portal\\\/author\\\/luis\\\/\"}]}<\/script>\n<!-- \/ Yoast SEO plugin. -->","yoast_head_json":{"title":"Hubo un sismo en La Paz y se sinti\u00f3 en pisos altos de edificios - El Diario - Bolivia","robots":{"index":"index","follow":"follow","max-snippet":"max-snippet:-1","max-image-preview":"max-image-preview:large","max-video-preview":"max-video-preview:-1"},"canonical":"https:\/\/www.eldiario.net\/portal\/2024\/07\/12\/hubo-un-sismo-en-la-paz-y-se-sintio-en-pisos-altos-de-edificios\/","og_locale":"es_ES","og_type":"article","og_title":"Hubo un sismo en La Paz y se sinti\u00f3 en pisos altos de edificios - El Diario - Bolivia","og_description":"Un sismo de magnitud 5.6 M se registr\u00f3 a las 14:19 horas en la provincia Jos\u00e9 Manuel Pando del departamento de La Paz. La Red Sismol\u00f3gica del Observatorio San Calixto determin\u00f3 que el movimiento tel\u00farico se produjo a una profundidad hipocentral de 163 kil\u00f3metros. Varias personas de la ciudad de La Paz reportaron haberlo sentido, [&hellip;]","og_url":"https:\/\/www.eldiario.net\/portal\/2024\/07\/12\/hubo-un-sismo-en-la-paz-y-se-sintio-en-pisos-altos-de-edificios\/","og_site_name":"El Diario - Bolivia","article_publisher":"https:\/\/www.facebook.com\/eldiario.bolivia\/","article_published_time":"2024-07-12T19:28:34+00:00","og_image":[{"width":650,"height":426,"url":"https:\/\/www.eldiario.net\/portal\/wp-content\/uploads\/2024\/07\/SISMO-12.jpg","type":"image\/jpeg"}],"author":"luis Camacho","twitter_card":"summary_large_image","twitter_creator":"@eldiario_net","twitter_site":"@eldiario_net","twitter_misc":{"Escrito por":"luis Camacho","Tiempo de lectura":"1 minuto"},"schema":{"@context":"https:\/\/schema.org","@graph":[{"@type":"Article","@id":"https:\/\/www.eldiario.net\/portal\/2024\/07\/12\/hubo-un-sismo-en-la-paz-y-se-sintio-en-pisos-altos-de-edificios\/#article","isPartOf":{"@id":"https:\/\/www.eldiario.net\/portal\/2024\/07\/12\/hubo-un-sismo-en-la-paz-y-se-sintio-en-pisos-altos-de-edificios\/"},"author":{"name":"luis Camacho","@id":"https:\/\/www.eldiario.net\/portal\/#\/schema\/person\/cab1ae4db27e5f008a62cbffb05fbfee"},"headline":"Hubo un sismo en La Paz y se sinti\u00f3 en pisos altos de edificios","datePublished":"2024-07-12T19:28:34+00:00","mainEntityOfPage":{"@id":"https:\/\/www.eldiario.net\/portal\/2024\/07\/12\/hubo-un-sismo-en-la-paz-y-se-sintio-en-pisos-altos-de-edificios\/"},"wordCount":102,"commentCount":0,"publisher":{"@id":"https:\/\/www.eldiario.net\/portal\/#organization"},"image":{"@id":"https:\/\/www.eldiario.net\/portal\/2024\/07\/12\/hubo-un-sismo-en-la-paz-y-se-sintio-en-pisos-altos-de-edificios\/#primaryimage"},"thumbnailUrl":"https:\/\/www.eldiario.net\/portal\/wp-content\/uploads\/2024\/07\/SISMO-12.jpg","articleSection":["\u00daltima Hora"],"inLanguage":"es","potentialAction":[{"@type":"CommentAction","name":"Comment","target":["https:\/\/www.eldiario.net\/portal\/2024\/07\/12\/hubo-un-sismo-en-la-paz-y-se-sintio-en-pisos-altos-de-edificios\/#respond"]}]},{"@type":"WebPage","@id":"https:\/\/www.eldiario.net\/portal\/2024\/07\/12\/hubo-un-sismo-en-la-paz-y-se-sintio-en-pisos-altos-de-edificios\/","url":"https:\/\/www.eldiario.net\/portal\/2024\/07\/12\/hubo-un-sismo-en-la-paz-y-se-sintio-en-pisos-altos-de-edificios\/","name":"Hubo un sismo en La Paz y se sinti\u00f3 en pisos altos de edificios - El Diario - Bolivia","isPartOf":{"@id":"https:\/\/www.eldiario.net\/portal\/#website"},"primaryImageOfPage":{"@id":"https:\/\/www.eldiario.net\/portal\/2024\/07\/12\/hubo-un-sismo-en-la-paz-y-se-sintio-en-pisos-altos-de-edificios\/#primaryimage"},"image":{"@id":"https:\/\/www.eldiario.net\/portal\/2024\/07\/12\/hubo-un-sismo-en-la-paz-y-se-sintio-en-pisos-altos-de-edificios\/#primaryimage"},"thumbnailUrl":"https:\/\/www.eldiario.net\/portal\/wp-content\/uploads\/2024\/07\/SISMO-12.jpg","datePublished":"2024-07-12T19:28:34+00:00","breadcrumb":{"@id":"https:\/\/www.eldiario.net\/portal\/2024\/07\/12\/hubo-un-sismo-en-la-paz-y-se-sintio-en-pisos-altos-de-edificios\/#breadcrumb"},"inLanguage":"es","potentialAction":[{"@type":"ReadAction","target":["https:\/\/www.eldiario.net\/portal\/2024\/07\/12\/hubo-un-sismo-en-la-paz-y-se-sintio-en-pisos-altos-de-edificios\/"]}]},{"@type":"ImageObject","inLanguage":"es","@id":"https:\/\/www.eldiario.net\/portal\/2024\/07\/12\/hubo-un-sismo-en-la-paz-y-se-sintio-en-pisos-altos-de-edificios\/#primaryimage","url":"https:\/\/www.eldiario.net\/portal\/wp-content\/uploads\/2024\/07\/SISMO-12.jpg","contentUrl":"https:\/\/www.eldiario.net\/portal\/wp-content\/uploads\/2024\/07\/SISMO-12.jpg","width":650,"height":426,"caption":"Foto: Archivo."},{"@type":"BreadcrumbList","@id":"https:\/\/www.eldiario.net\/portal\/2024\/07\/12\/hubo-un-sismo-en-la-paz-y-se-sintio-en-pisos-altos-de-edificios\/#breadcrumb","itemListElement":[{"@type":"ListItem","position":1,"name":"Portada","item":"https:\/\/www.eldiario.net\/portal\/"},{"@type":"ListItem","position":2,"name":"Hubo un sismo en La Paz y se sinti\u00f3 en pisos altos de edificios"}]},{"@type":"WebSite","@id":"https:\/\/www.eldiario.net\/portal\/#website","url":"https:\/\/www.eldiario.net\/portal\/","name":"El Diario - Decano de la prensa nacional","description":"El Diario - Decano de la prensa nacional","publisher":{"@id":"https:\/\/www.eldiario.net\/portal\/#organization"},"potentialAction":[{"@type":"SearchAction","target":{"@type":"EntryPoint","urlTemplate":"https:\/\/www.eldiario.net\/portal\/?s={search_term_string}"},"query-input":{"@type":"PropertyValueSpecification","valueRequired":true,"valueName":"search_term_string"}}],"inLanguage":"es"},{"@type":"Organization","@id":"https:\/\/www.eldiario.net\/portal\/#organization","name":"El Diario - Decano de la prensa nacional","url":"https:\/\/www.eldiario.net\/portal\/","logo":{"@type":"ImageObject","inLanguage":"es","@id":"https:\/\/www.eldiario.net\/portal\/#\/schema\/logo\/image\/","url":"https:\/\/www.eldiario.net\/portal\/wp-content\/uploads\/2023\/07\/logo_ED.jpg","contentUrl":"https:\/\/www.eldiario.net\/portal\/wp-content\/uploads\/2023\/07\/logo_ED.jpg","width":272,"height":52,"caption":"El Diario - Decano de la prensa nacional"},"image":{"@id":"https:\/\/www.eldiario.net\/portal\/#\/schema\/logo\/image\/"},"sameAs":["https:\/\/www.facebook.com\/eldiario.bolivia\/","https:\/\/x.com\/eldiario_net"]},{"@type":"Person","@id":"https:\/\/www.eldiario.net\/portal\/#\/schema\/person\/cab1ae4db27e5f008a62cbffb05fbfee","name":"luis Camacho","image":{"@type":"ImageObject","inLanguage":"es","@id":"https:\/\/secure.gravatar.com\/avatar\/69ecb836b3826d5a2501bf06ab2a2f2c8ab211cc846758f395df21684cb38313?s=96&d=mm&r=g","url":"https:\/\/secure.gravatar.com\/avatar\/69ecb836b3826d5a2501bf06ab2a2f2c8ab211cc846758f395df21684cb38313?s=96&d=mm&r=g","contentUrl":"https:\/\/secure.gravatar.com\/avatar\/69ecb836b3826d5a2501bf06ab2a2f2c8ab211cc846758f395df21684cb38313?s=96&d=mm&r=g","caption":"luis Camacho"},"url":"https:\/\/www.eldiario.net\/portal\/author\/luis\/"}]}},"_links":{"self":[{"href":"https:\/\/www.eldiario.net\/portal\/wp-json\/wp\/v2\/posts\/233468","targetHints":{"allow":["GET"]}}],"collection":[{"href":"https:\/\/www.eldiario.net\/portal\/wp-json\/wp\/v2\/posts"}],"about":[{"href":"https:\/\/www.eldiario.net\/portal\/wp-json\/wp\/v2\/types\/post"}],"author":[{"embeddable":true,"href":"https:\/\/www.eldiario.net\/portal\/wp-json\/wp\/v2\/users\/2"}],"replies":[{"embeddable":true,"href":"https:\/\/www.eldiario.net\/portal\/wp-json\/wp\/v2\/comments?post=233468"}],"version-history":[{"count":1,"href":"https:\/\/www.eldiario.net\/portal\/wp-json\/wp\/v2\/posts\/233468\/revisions"}],"predecessor-version":[{"id":233473,"href":"https:\/\/www.eldiario.net\/portal\/wp-json\/wp\/v2\/posts\/233468\/revisions\/233473"}],"wp:featuredmedia":[{"embeddable":true,"href":"https:\/\/www.eldiario.net\/portal\/wp-json\/wp\/v2\/media\/233472"}],"wp:attachment":[{"href":"https:\/\/www.eldiario.net\/portal\/wp-json\/wp\/v2\/media?parent=233468"}],"wp:term":[{"taxonomy":"category","embeddable":true,"href":"https:\/\/www.eldiario.net\/portal\/wp-json\/wp\/v2\/categories?post=233468"},{"taxonomy":"post_tag","embeddable":true,"href":"https:\/\/www.eldiario.net\/portal\/wp-json\/wp\/v2\/tags?post=233468"}],"curies":[{"name":"wp","href":"https:\/\/api.w.org\/{rel}","templated":true}]}}