{"id":233408,"date":"2024-07-12T06:41:49","date_gmt":"2024-07-12T10:41:49","guid":{"rendered":"https:\/\/www.eldiario.net\/portal\/?p=233408"},"modified":"2024-07-12T06:41:49","modified_gmt":"2024-07-12T10:41:49","slug":"adios-billy-viscarra","status":"publish","type":"post","link":"https:\/\/www.eldiario.net\/portal\/2024\/07\/12\/adios-billy-viscarra\/","title":{"rendered":"Adi\u00f3s, Billy Viscarra"},"content":{"rendered":"<p>Guillermo Viscarra, guardameta de la Selecci\u00f3n Boliviana de F\u00fatbol y de The Strongest, tiene todo acordado para ser el nuevo arquero del Club Lan\u00fas de la primera divisi\u00f3n del f\u00fatbol argentino, la transferencia se cerr\u00f3 tras un acuerdo entre ambas dirigencias y el jugador con la compra definitiva de su pase por una suma de 250.000 d\u00f3lares.<br \/>\n\u201cCreo que es el momento para salir, estaba esperando la oportunidad de ir a un f\u00fatbol competitivo. Para los bolivianos no es f\u00e1cil dar este paso, trabajamos mucho para poder conseguirlo y esto es fruto de los resultados en el torneo local, la Copa Libertadores y la Selecci\u00f3n\u00bb, se\u00f1al\u00f3.<br \/>\nLa llegada de Viscarra al cuadro granate se concret\u00f3 tras la salida de Lucas Acosta antes del receso del futbol argentino. El apuntado a ocupar su lugar era Nahuel Lozada de Belgrano de C\u00f3rdoba y Ramiro Macagno de Newell\u00b4s, Old Boys, sin embargo, la operaci\u00f3n se fue dilatando y la posibilidad del meta boliviano fue aprobada por el actual t\u00e9cnico del equipo, Grana Ricardo Zielinski.<br \/>\nBilly ultima detalles de su vinculaci\u00f3n, a\u00fan no se conoce si jugara frente a Universitario de Vinto por la fecha cinco del torneo Clausura, ma\u00f1ana s\u00e1bado 13 de julio en el estadio Hernando Siles.<br \/>\n\u201cEso todav\u00eda no lo hemos definido, la verdad lo estamos trabajando mano a mano con el presidente Ronald Crespo y la dirigencia\u201d, remarc\u00f3 Viscarra.<br \/>\nEsta noticia no toma por sorpresa a la directiva aurinegra debido a las actuaciones del portero en el campeonato local, la Copa Libertadores, adem\u00e1s de las eliminatorias sudamericanas con la Selecci\u00f3n Boliviana y la \u00faltima edici\u00f3n de la Copa Am\u00e9rica en Estados Unidos 2024 .<br \/>\n\u201cYa lo hablamos a principios de a\u00f1o, si la posibilidad est\u00e1 para crecer o salir al exterior a un buen club para tener un mejor futuro nosotros no vamos a trabar eso\u201d, apunto el presidente del Comit\u00e9 de F\u00fatbol del Tigre Juan Pablo Revilla.<br \/>\nEl Tigre afrontar\u00e1 la fase de octavos de final de la Copa Libertadores frente a Pe\u00f1arol en partidos de ida y vuelta el pr\u00f3ximo 14 de julio en Montevideo y 21 de agosto en La Paz. La baja del cancerbero es significativa pero la dirigencia cree que la posici\u00f3n est\u00e1 cubierta con Rodrigo Banegas, Jhohan Guti\u00e9rrez, Jes\u00fas Careaga y Kioto Mendoza.<br \/>\nPero no ser\u00e1 la primera incursi\u00f3n internacional para el golero cruce\u00f1o de 31 a\u00f1os de edad ya que antes defendi\u00f3 el arco del Vitoria de Brasil y del Hapoel Raanana de Israel. En el pa\u00eds, jug\u00f3 en oriente Petrolero, Bol\u00edvar y The Strongest. Ahora tendr\u00e1 que pelear palmo a palmo su titularidad con Alan Aguerre.<\/p>\n","protected":false},"excerpt":{"rendered":"<p>Guillermo Viscarra, guardameta de la Selecci\u00f3n Boliviana de F\u00fatbol y de The Strongest, tiene todo acordado para ser el nuevo arquero del Club Lan\u00fas de la primera divisi\u00f3n del f\u00fatbol argentino, la transferencia se cerr\u00f3 tras un acuerdo entre ambas dirigencias y el jugador con la compra definitiva de su pase por una suma de [&hellip;]<\/p>\n","protected":false},"author":1,"featured_media":233409,"comment_status":"open","ping_status":"open","sticky":false,"template":"","format":"standard","meta":{"_acf_changed":false,"footnotes":""},"categories":[6],"tags":[],"class_list":["post-233408","post","type-post","status-publish","format-standard","has-post-thumbnail","category-deportes"],"acf":{"antetitulo":""},"yoast_head":"<!-- This site is optimized with the Yoast SEO plugin v28.3 - https:\/\/yoast.com\/product\/yoast-seo-wordpress\/ -->\n<title>Adi\u00f3s, Billy Viscarra - El Diario - Bolivia<\/title>\n<meta name=\"robots\" content=\"index, follow, max-snippet:-1, max-image-preview:large, max-video-preview:-1\" \/>\n<link rel=\"canonical\" href=\"https:\/\/www.eldiario.net\/portal\/2024\/07\/12\/adios-billy-viscarra\/\" \/>\n<meta property=\"og:locale\" content=\"es_ES\" \/>\n<meta property=\"og:type\" content=\"article\" \/>\n<meta property=\"og:title\" content=\"Adi\u00f3s, Billy Viscarra - El Diario - Bolivia\" \/>\n<meta property=\"og:description\" content=\"Guillermo Viscarra, guardameta de la Selecci\u00f3n Boliviana de F\u00fatbol y de The Strongest, tiene todo acordado para ser el nuevo arquero del Club Lan\u00fas de la primera divisi\u00f3n del f\u00fatbol argentino, la transferencia se cerr\u00f3 tras un acuerdo entre ambas dirigencias y el jugador con la compra definitiva de su pase por una suma de [&hellip;]\" \/>\n<meta property=\"og:url\" content=\"https:\/\/www.eldiario.net\/portal\/2024\/07\/12\/adios-billy-viscarra\/\" \/>\n<meta property=\"og:site_name\" content=\"El Diario - Bolivia\" \/>\n<meta property=\"article:publisher\" content=\"https:\/\/www.facebook.com\/eldiario.bolivia\/\" \/>\n<meta property=\"article:published_time\" content=\"2024-07-12T10:41:49+00:00\" \/>\n<meta property=\"og:image\" content=\"https:\/\/www.eldiario.net\/portal\/wp-content\/uploads\/2024\/07\/FOTO-20-2.jpg\" \/>\n\t<meta property=\"og:image:width\" content=\"1080\" \/>\n\t<meta property=\"og:image:height\" content=\"934\" \/>\n\t<meta property=\"og:image:type\" content=\"image\/jpeg\" \/>\n<meta name=\"author\" content=\"Jeanette\" \/>\n<meta name=\"twitter:card\" content=\"summary_large_image\" \/>\n<meta name=\"twitter:creator\" content=\"@eldiario_net\" \/>\n<meta name=\"twitter:site\" content=\"@eldiario_net\" \/>\n<meta name=\"twitter:label1\" content=\"Escrito por\" \/>\n\t<meta name=\"twitter:data1\" content=\"Jeanette\" \/>\n\t<meta name=\"twitter:label2\" content=\"Tiempo de lectura\" \/>\n\t<meta name=\"twitter:data2\" content=\"3 minutos\" \/>\n<script type=\"application\/ld+json\" class=\"yoast-schema-graph\">{\"@context\":\"https:\\\/\\\/schema.org\",\"@graph\":[{\"@type\":\"Article\",\"@id\":\"https:\\\/\\\/www.eldiario.net\\\/portal\\\/2024\\\/07\\\/12\\\/adios-billy-viscarra\\\/#article\",\"isPartOf\":{\"@id\":\"https:\\\/\\\/www.eldiario.net\\\/portal\\\/2024\\\/07\\\/12\\\/adios-billy-viscarra\\\/\"},\"author\":{\"name\":\"Jeanette\",\"@id\":\"https:\\\/\\\/www.eldiario.net\\\/portal\\\/#\\\/schema\\\/person\\\/f46445640444750d7d753ccd04ae01b7\"},\"headline\":\"Adi\u00f3s, Billy Viscarra\",\"datePublished\":\"2024-07-12T10:41:49+00:00\",\"mainEntityOfPage\":{\"@id\":\"https:\\\/\\\/www.eldiario.net\\\/portal\\\/2024\\\/07\\\/12\\\/adios-billy-viscarra\\\/\"},\"wordCount\":466,\"commentCount\":0,\"publisher\":{\"@id\":\"https:\\\/\\\/www.eldiario.net\\\/portal\\\/#organization\"},\"image\":{\"@id\":\"https:\\\/\\\/www.eldiario.net\\\/portal\\\/2024\\\/07\\\/12\\\/adios-billy-viscarra\\\/#primaryimage\"},\"thumbnailUrl\":\"https:\\\/\\\/www.eldiario.net\\\/portal\\\/wp-content\\\/uploads\\\/2024\\\/07\\\/FOTO-20-2.jpg\",\"articleSection\":[\"Deportes\"],\"inLanguage\":\"es\",\"potentialAction\":[{\"@type\":\"CommentAction\",\"name\":\"Comment\",\"target\":[\"https:\\\/\\\/www.eldiario.net\\\/portal\\\/2024\\\/07\\\/12\\\/adios-billy-viscarra\\\/#respond\"]}]},{\"@type\":\"WebPage\",\"@id\":\"https:\\\/\\\/www.eldiario.net\\\/portal\\\/2024\\\/07\\\/12\\\/adios-billy-viscarra\\\/\",\"url\":\"https:\\\/\\\/www.eldiario.net\\\/portal\\\/2024\\\/07\\\/12\\\/adios-billy-viscarra\\\/\",\"name\":\"Adi\u00f3s, Billy Viscarra - El Diario - Bolivia\",\"isPartOf\":{\"@id\":\"https:\\\/\\\/www.eldiario.net\\\/portal\\\/#website\"},\"primaryImageOfPage\":{\"@id\":\"https:\\\/\\\/www.eldiario.net\\\/portal\\\/2024\\\/07\\\/12\\\/adios-billy-viscarra\\\/#primaryimage\"},\"image\":{\"@id\":\"https:\\\/\\\/www.eldiario.net\\\/portal\\\/2024\\\/07\\\/12\\\/adios-billy-viscarra\\\/#primaryimage\"},\"thumbnailUrl\":\"https:\\\/\\\/www.eldiario.net\\\/portal\\\/wp-content\\\/uploads\\\/2024\\\/07\\\/FOTO-20-2.jpg\",\"datePublished\":\"2024-07-12T10:41:49+00:00\",\"breadcrumb\":{\"@id\":\"https:\\\/\\\/www.eldiario.net\\\/portal\\\/2024\\\/07\\\/12\\\/adios-billy-viscarra\\\/#breadcrumb\"},\"inLanguage\":\"es\",\"potentialAction\":[{\"@type\":\"ReadAction\",\"target\":[\"https:\\\/\\\/www.eldiario.net\\\/portal\\\/2024\\\/07\\\/12\\\/adios-billy-viscarra\\\/\"]}]},{\"@type\":\"ImageObject\",\"inLanguage\":\"es\",\"@id\":\"https:\\\/\\\/www.eldiario.net\\\/portal\\\/2024\\\/07\\\/12\\\/adios-billy-viscarra\\\/#primaryimage\",\"url\":\"https:\\\/\\\/www.eldiario.net\\\/portal\\\/wp-content\\\/uploads\\\/2024\\\/07\\\/FOTO-20-2.jpg\",\"contentUrl\":\"https:\\\/\\\/www.eldiario.net\\\/portal\\\/wp-content\\\/uploads\\\/2024\\\/07\\\/FOTO-20-2.jpg\",\"width\":1080,\"height\":934},{\"@type\":\"BreadcrumbList\",\"@id\":\"https:\\\/\\\/www.eldiario.net\\\/portal\\\/2024\\\/07\\\/12\\\/adios-billy-viscarra\\\/#breadcrumb\",\"itemListElement\":[{\"@type\":\"ListItem\",\"position\":1,\"name\":\"Portada\",\"item\":\"https:\\\/\\\/www.eldiario.net\\\/portal\\\/\"},{\"@type\":\"ListItem\",\"position\":2,\"name\":\"Adi\u00f3s, Billy Viscarra\"}]},{\"@type\":\"WebSite\",\"@id\":\"https:\\\/\\\/www.eldiario.net\\\/portal\\\/#website\",\"url\":\"https:\\\/\\\/www.eldiario.net\\\/portal\\\/\",\"name\":\"El Diario - Decano de la prensa nacional\",\"description\":\"El Diario - Decano de la prensa nacional\",\"publisher\":{\"@id\":\"https:\\\/\\\/www.eldiario.net\\\/portal\\\/#organization\"},\"potentialAction\":[{\"@type\":\"SearchAction\",\"target\":{\"@type\":\"EntryPoint\",\"urlTemplate\":\"https:\\\/\\\/www.eldiario.net\\\/portal\\\/?s={search_term_string}\"},\"query-input\":{\"@type\":\"PropertyValueSpecification\",\"valueRequired\":true,\"valueName\":\"search_term_string\"}}],\"inLanguage\":\"es\"},{\"@type\":\"Organization\",\"@id\":\"https:\\\/\\\/www.eldiario.net\\\/portal\\\/#organization\",\"name\":\"El Diario - Decano de la prensa nacional\",\"url\":\"https:\\\/\\\/www.eldiario.net\\\/portal\\\/\",\"logo\":{\"@type\":\"ImageObject\",\"inLanguage\":\"es\",\"@id\":\"https:\\\/\\\/www.eldiario.net\\\/portal\\\/#\\\/schema\\\/logo\\\/image\\\/\",\"url\":\"https:\\\/\\\/www.eldiario.net\\\/portal\\\/wp-content\\\/uploads\\\/2023\\\/07\\\/logo_ED.jpg\",\"contentUrl\":\"https:\\\/\\\/www.eldiario.net\\\/portal\\\/wp-content\\\/uploads\\\/2023\\\/07\\\/logo_ED.jpg\",\"width\":272,\"height\":52,\"caption\":\"El Diario - Decano de la prensa nacional\"},\"image\":{\"@id\":\"https:\\\/\\\/www.eldiario.net\\\/portal\\\/#\\\/schema\\\/logo\\\/image\\\/\"},\"sameAs\":[\"https:\\\/\\\/www.facebook.com\\\/eldiario.bolivia\\\/\",\"https:\\\/\\\/x.com\\\/eldiario_net\"]},{\"@type\":\"Person\",\"@id\":\"https:\\\/\\\/www.eldiario.net\\\/portal\\\/#\\\/schema\\\/person\\\/f46445640444750d7d753ccd04ae01b7\",\"name\":\"Jeanette\",\"image\":{\"@type\":\"ImageObject\",\"inLanguage\":\"es\",\"@id\":\"https:\\\/\\\/secure.gravatar.com\\\/avatar\\\/3ea2118a5f7dad2b7138b1187a6b7ee55f160b9968b66013c3a3ef39dd7e5798?s=96&d=mm&r=g\",\"url\":\"https:\\\/\\\/secure.gravatar.com\\\/avatar\\\/3ea2118a5f7dad2b7138b1187a6b7ee55f160b9968b66013c3a3ef39dd7e5798?s=96&d=mm&r=g\",\"contentUrl\":\"https:\\\/\\\/secure.gravatar.com\\\/avatar\\\/3ea2118a5f7dad2b7138b1187a6b7ee55f160b9968b66013c3a3ef39dd7e5798?s=96&d=mm&r=g\",\"caption\":\"Jeanette\"},\"sameAs\":[\"https:\\\/\\\/www.eldiario.net\\\/portal\"],\"url\":\"https:\\\/\\\/www.eldiario.net\\\/portal\\\/author\\\/jeanette\\\/\"}]}<\/script>\n<!-- \/ Yoast SEO plugin. -->","yoast_head_json":{"title":"Adi\u00f3s, Billy Viscarra - El Diario - Bolivia","robots":{"index":"index","follow":"follow","max-snippet":"max-snippet:-1","max-image-preview":"max-image-preview:large","max-video-preview":"max-video-preview:-1"},"canonical":"https:\/\/www.eldiario.net\/portal\/2024\/07\/12\/adios-billy-viscarra\/","og_locale":"es_ES","og_type":"article","og_title":"Adi\u00f3s, Billy Viscarra - El Diario - Bolivia","og_description":"Guillermo Viscarra, guardameta de la Selecci\u00f3n Boliviana de F\u00fatbol y de The Strongest, tiene todo acordado para ser el nuevo arquero del Club Lan\u00fas de la primera divisi\u00f3n del f\u00fatbol argentino, la transferencia se cerr\u00f3 tras un acuerdo entre ambas dirigencias y el jugador con la compra definitiva de su pase por una suma de [&hellip;]","og_url":"https:\/\/www.eldiario.net\/portal\/2024\/07\/12\/adios-billy-viscarra\/","og_site_name":"El Diario - Bolivia","article_publisher":"https:\/\/www.facebook.com\/eldiario.bolivia\/","article_published_time":"2024-07-12T10:41:49+00:00","og_image":[{"width":1080,"height":934,"url":"https:\/\/www.eldiario.net\/portal\/wp-content\/uploads\/2024\/07\/FOTO-20-2.jpg","type":"image\/jpeg"}],"author":"Jeanette","twitter_card":"summary_large_image","twitter_creator":"@eldiario_net","twitter_site":"@eldiario_net","twitter_misc":{"Escrito por":"Jeanette","Tiempo de lectura":"3 minutos"},"schema":{"@context":"https:\/\/schema.org","@graph":[{"@type":"Article","@id":"https:\/\/www.eldiario.net\/portal\/2024\/07\/12\/adios-billy-viscarra\/#article","isPartOf":{"@id":"https:\/\/www.eldiario.net\/portal\/2024\/07\/12\/adios-billy-viscarra\/"},"author":{"name":"Jeanette","@id":"https:\/\/www.eldiario.net\/portal\/#\/schema\/person\/f46445640444750d7d753ccd04ae01b7"},"headline":"Adi\u00f3s, Billy Viscarra","datePublished":"2024-07-12T10:41:49+00:00","mainEntityOfPage":{"@id":"https:\/\/www.eldiario.net\/portal\/2024\/07\/12\/adios-billy-viscarra\/"},"wordCount":466,"commentCount":0,"publisher":{"@id":"https:\/\/www.eldiario.net\/portal\/#organization"},"image":{"@id":"https:\/\/www.eldiario.net\/portal\/2024\/07\/12\/adios-billy-viscarra\/#primaryimage"},"thumbnailUrl":"https:\/\/www.eldiario.net\/portal\/wp-content\/uploads\/2024\/07\/FOTO-20-2.jpg","articleSection":["Deportes"],"inLanguage":"es","potentialAction":[{"@type":"CommentAction","name":"Comment","target":["https:\/\/www.eldiario.net\/portal\/2024\/07\/12\/adios-billy-viscarra\/#respond"]}]},{"@type":"WebPage","@id":"https:\/\/www.eldiario.net\/portal\/2024\/07\/12\/adios-billy-viscarra\/","url":"https:\/\/www.eldiario.net\/portal\/2024\/07\/12\/adios-billy-viscarra\/","name":"Adi\u00f3s, Billy Viscarra - El Diario - Bolivia","isPartOf":{"@id":"https:\/\/www.eldiario.net\/portal\/#website"},"primaryImageOfPage":{"@id":"https:\/\/www.eldiario.net\/portal\/2024\/07\/12\/adios-billy-viscarra\/#primaryimage"},"image":{"@id":"https:\/\/www.eldiario.net\/portal\/2024\/07\/12\/adios-billy-viscarra\/#primaryimage"},"thumbnailUrl":"https:\/\/www.eldiario.net\/portal\/wp-content\/uploads\/2024\/07\/FOTO-20-2.jpg","datePublished":"2024-07-12T10:41:49+00:00","breadcrumb":{"@id":"https:\/\/www.eldiario.net\/portal\/2024\/07\/12\/adios-billy-viscarra\/#breadcrumb"},"inLanguage":"es","potentialAction":[{"@type":"ReadAction","target":["https:\/\/www.eldiario.net\/portal\/2024\/07\/12\/adios-billy-viscarra\/"]}]},{"@type":"ImageObject","inLanguage":"es","@id":"https:\/\/www.eldiario.net\/portal\/2024\/07\/12\/adios-billy-viscarra\/#primaryimage","url":"https:\/\/www.eldiario.net\/portal\/wp-content\/uploads\/2024\/07\/FOTO-20-2.jpg","contentUrl":"https:\/\/www.eldiario.net\/portal\/wp-content\/uploads\/2024\/07\/FOTO-20-2.jpg","width":1080,"height":934},{"@type":"BreadcrumbList","@id":"https:\/\/www.eldiario.net\/portal\/2024\/07\/12\/adios-billy-viscarra\/#breadcrumb","itemListElement":[{"@type":"ListItem","position":1,"name":"Portada","item":"https:\/\/www.eldiario.net\/portal\/"},{"@type":"ListItem","position":2,"name":"Adi\u00f3s, Billy Viscarra"}]},{"@type":"WebSite","@id":"https:\/\/www.eldiario.net\/portal\/#website","url":"https:\/\/www.eldiario.net\/portal\/","name":"El Diario - Decano de la prensa nacional","description":"El Diario - Decano de la prensa nacional","publisher":{"@id":"https:\/\/www.eldiario.net\/portal\/#organization"},"potentialAction":[{"@type":"SearchAction","target":{"@type":"EntryPoint","urlTemplate":"https:\/\/www.eldiario.net\/portal\/?s={search_term_string}"},"query-input":{"@type":"PropertyValueSpecification","valueRequired":true,"valueName":"search_term_string"}}],"inLanguage":"es"},{"@type":"Organization","@id":"https:\/\/www.eldiario.net\/portal\/#organization","name":"El Diario - Decano de la prensa nacional","url":"https:\/\/www.eldiario.net\/portal\/","logo":{"@type":"ImageObject","inLanguage":"es","@id":"https:\/\/www.eldiario.net\/portal\/#\/schema\/logo\/image\/","url":"https:\/\/www.eldiario.net\/portal\/wp-content\/uploads\/2023\/07\/logo_ED.jpg","contentUrl":"https:\/\/www.eldiario.net\/portal\/wp-content\/uploads\/2023\/07\/logo_ED.jpg","width":272,"height":52,"caption":"El Diario - Decano de la prensa nacional"},"image":{"@id":"https:\/\/www.eldiario.net\/portal\/#\/schema\/logo\/image\/"},"sameAs":["https:\/\/www.facebook.com\/eldiario.bolivia\/","https:\/\/x.com\/eldiario_net"]},{"@type":"Person","@id":"https:\/\/www.eldiario.net\/portal\/#\/schema\/person\/f46445640444750d7d753ccd04ae01b7","name":"Jeanette","image":{"@type":"ImageObject","inLanguage":"es","@id":"https:\/\/secure.gravatar.com\/avatar\/3ea2118a5f7dad2b7138b1187a6b7ee55f160b9968b66013c3a3ef39dd7e5798?s=96&d=mm&r=g","url":"https:\/\/secure.gravatar.com\/avatar\/3ea2118a5f7dad2b7138b1187a6b7ee55f160b9968b66013c3a3ef39dd7e5798?s=96&d=mm&r=g","contentUrl":"https:\/\/secure.gravatar.com\/avatar\/3ea2118a5f7dad2b7138b1187a6b7ee55f160b9968b66013c3a3ef39dd7e5798?s=96&d=mm&r=g","caption":"Jeanette"},"sameAs":["https:\/\/www.eldiario.net\/portal"],"url":"https:\/\/www.eldiario.net\/portal\/author\/jeanette\/"}]}},"_links":{"self":[{"href":"https:\/\/www.eldiario.net\/portal\/wp-json\/wp\/v2\/posts\/233408","targetHints":{"allow":["GET"]}}],"collection":[{"href":"https:\/\/www.eldiario.net\/portal\/wp-json\/wp\/v2\/posts"}],"about":[{"href":"https:\/\/www.eldiario.net\/portal\/wp-json\/wp\/v2\/types\/post"}],"author":[{"embeddable":true,"href":"https:\/\/www.eldiario.net\/portal\/wp-json\/wp\/v2\/users\/1"}],"replies":[{"embeddable":true,"href":"https:\/\/www.eldiario.net\/portal\/wp-json\/wp\/v2\/comments?post=233408"}],"version-history":[{"count":1,"href":"https:\/\/www.eldiario.net\/portal\/wp-json\/wp\/v2\/posts\/233408\/revisions"}],"predecessor-version":[{"id":233410,"href":"https:\/\/www.eldiario.net\/portal\/wp-json\/wp\/v2\/posts\/233408\/revisions\/233410"}],"wp:featuredmedia":[{"embeddable":true,"href":"https:\/\/www.eldiario.net\/portal\/wp-json\/wp\/v2\/media\/233409"}],"wp:attachment":[{"href":"https:\/\/www.eldiario.net\/portal\/wp-json\/wp\/v2\/media?parent=233408"}],"wp:term":[{"taxonomy":"category","embeddable":true,"href":"https:\/\/www.eldiario.net\/portal\/wp-json\/wp\/v2\/categories?post=233408"},{"taxonomy":"post_tag","embeddable":true,"href":"https:\/\/www.eldiario.net\/portal\/wp-json\/wp\/v2\/tags?post=233408"}],"curies":[{"name":"wp","href":"https:\/\/api.w.org\/{rel}","templated":true}]}}