{"id":233387,"date":"2024-07-12T06:19:38","date_gmt":"2024-07-12T10:19:38","guid":{"rendered":"https:\/\/www.eldiario.net\/portal\/?p=233387"},"modified":"2024-07-12T06:19:38","modified_gmt":"2024-07-12T10:19:38","slug":"los-violadores-andan-sueltos-2","status":"publish","type":"post","link":"https:\/\/www.eldiario.net\/portal\/2024\/07\/12\/los-violadores-andan-sueltos-2\/","title":{"rendered":"\u201cLos violadores andan sueltos\u2026\u201d"},"content":{"rendered":"<p>Cada vez que se producen violaciones en las colonias menonitas vienen a mi memoria las fechor\u00edas que cometieron en Manitoba siete j\u00f3venes, all\u00e1 por los a\u00f1os 2008 y 2009. Viaj\u00e9 a varias colonias, unas m\u00e1s conservadoras que otras, y fue tal mi impresi\u00f3n que termin\u00e9 escribiendo una novela sobre las aberraciones acaecidas. El centro de las violaciones era Manitoba, extensa, silenciosa, hirviente, sin veh\u00edculos, sin tel\u00e9fonos, sin televisi\u00f3n, sin luz el\u00e9ctrica, sin tecnolog\u00eda. Me qued\u00e9 absorto mirando pasar carruajes tirados por caballos guiados por hombres de overol y sombrero al\u00f3n o por mujeres de vestidos largos, pa\u00f1uelos al cuello, mantillas, y sombreros con cintas con estilo de siglos pasados. Los hombres hablaban poco y las mujeres nada. Su idioma es el bajo alem\u00e1n, poco comprensible hasta para los propios alemanes de hoy. Todo expresaba paz en esa tierra, sin embargo, ah\u00ed moraban con actitud inocente los violadores m\u00e1s desalmados.<br \/>\nLos profanadores de Manitoba eran siete j\u00f3venes menonitas que ingresaban por las ventanas a los hogares de la colonia, en horas de las noches m\u00e1s oscuras. Rociaban las habitaciones desde los techos con escopolamina o burundanga, extra\u00edda de las plantas alucin\u00f3genas, la belladona o la mandr\u00e1gora, concentradas en un spray. Dorm\u00edan o despojaban de su voluntad a las v\u00edctimas que hab\u00edan elegido y dispon\u00edan de un tiempo de alrededor de 20 a 25 minutos para fornicar a quienes deseaban, desde ni\u00f1as o ni\u00f1os, hasta abuelos. Naturalmente que las agresiones se centraban en las jovencitas, en las adolescentes, a quienes desfloraban de manera brutal. Las arcaicas costumbres de la comunidad exigen la virginidad de las muchachas para el casamiento, como algo esencial, as\u00ed que el drama familiar se tornaba terrible. Por eso mismo, durante los primeros meses de confusi\u00f3n, las madres hablaban de que todo se deb\u00eda al castigo de Dios, que hab\u00eda permitido al maligno, a Belceb\u00fa, para aparecerse en sus casas y castigarlos por sus pecados. Que era necesario rezar para rechazar a Lucifer. Todo eso hasta convencerse que no se trataba sino de diablos vecinos y hasta parientes. Entonces se desat\u00f3 el esc\u00e1ndalo y los obispos menonitas tuvieron que recurrir a la Polic\u00eda boliviana para detener a quienes ellos ya hab\u00edan identificado y capturado.<br \/>\nSiete violadores fueron sentenciados a 25 a\u00f1os de c\u00e1rcel en Palmasola, el octavo huy\u00f3, y otro, el fabricante de la sustancia adormecedora, Peter Wiebe, fue condenado a 12 a\u00f1os de prisi\u00f3n. No hemos tenido noticias de qu\u00e9 sucedi\u00f3 con los violadores de Manitoba, si est\u00e1n cumpliendo la condena o si algunos han logrado reducirla por buen comportamiento, aunque en los medios se ha informado que Abraham Peter Dick, \u201cel m\u00e1s sinverg\u00fcenza\u201d al decir del fiscal del caso, habr\u00eda comprado por muchos d\u00f3lares su libertad hace mucho, pero ha vuelto a ser encarcelado.<br \/>\nSe supon\u00eda que el ejemplo de las sentencias iba a ser suficiente para que no volvieran a suceder estos actos tan repudiables. No obstante, se han presentado denuncias de nuevas violaciones en colonias menonitas como El Dorado a 150 kil\u00f3metros el sur de Santa Cruz de la Sierra, en el municipio de Cabezas, que habr\u00eda logrado la detenci\u00f3n de dos violadores recurriendo a la Fiscal\u00eda. Y una se\u00f1ora ha declarado haber sido violada, tambi\u00e9n en el sur de Santa Cruz, consecutivamente, por cinco depravados.<br \/>\nSeg\u00fan las denuncias que llegan desde El Dorado, existe una nueva arremetida de j\u00f3venes en busca de sexo donde para cometer los excesos nada importa, ni las amistades ni la familia. Se trata de estos delincuentes rubios que trabajan en grupo, adquieren la burundanga en spray y la viagra, y se encaraman en los techos de las cuidadas casas de la colonia para echar por las ventanas, abiertas por el calor, el somn\u00edfero que hace efecto r\u00e1pido y que permite a los violadores el tiempo suficiente para satisfacer sus bajas pasiones con jovencitas v\u00edrgenes y ni\u00f1os y ni\u00f1as p\u00faberes.<br \/>\nSeg\u00fan fotograf\u00edas que hemos podido apreciar en una de las colonias menonitas del sur, estos corajudos trabajadores &#8211;hombres y mujeres&#8211; est\u00e1n recurriendo a fabricar refugios junto a sus viviendas para pasar tranquilos las noches. Hemos visto una especie de bunker construido con cemento y ladrillos, con ventanucas diminutas, como para que no pase el cuerpo de una persona, con puertas de hierro, donde la familia se encierra con candado para dormir sin el temor a que sus hijos sean violados o ellos mismos, lo que es frecuente. Aunque los j\u00f3venes de hoy son terriblemente complicados y poco afectos a someterse ni a o\u00edr consejos, la paz de los menonitas est\u00e1 siendo perturbada por los propios menonitas y ser\u00e1n ellos, quienes, observando los cambios en el mundo, cambien tambi\u00e9n.<\/p>\n","protected":false},"excerpt":{"rendered":"<p>Cada vez que se producen violaciones en las colonias menonitas vienen a mi memoria las fechor\u00edas que cometieron en Manitoba siete j\u00f3venes, all\u00e1 por los a\u00f1os 2008 y 2009. Viaj\u00e9 a varias colonias, unas m\u00e1s conservadoras que otras, y fue tal mi impresi\u00f3n que termin\u00e9 escribiendo una novela sobre las aberraciones acaecidas. El centro de [&hellip;]<\/p>\n","protected":false},"author":1,"featured_media":157472,"comment_status":"open","ping_status":"open","sticky":false,"template":"","format":"standard","meta":{"_acf_changed":false,"footnotes":""},"categories":[9],"tags":[],"class_list":["post-233387","post","type-post","status-publish","format-standard","has-post-thumbnail","category-opinion"],"acf":{"antetitulo":""},"yoast_head":"<!-- This site is optimized with the Yoast SEO plugin v28.3 - https:\/\/yoast.com\/product\/yoast-seo-wordpress\/ -->\n<title>\u201cLos violadores andan sueltos\u2026\u201d - El Diario - Bolivia<\/title>\n<meta name=\"robots\" content=\"index, follow, max-snippet:-1, max-image-preview:large, max-video-preview:-1\" \/>\n<link rel=\"canonical\" href=\"https:\/\/www.eldiario.net\/portal\/2024\/07\/12\/los-violadores-andan-sueltos-2\/\" \/>\n<meta property=\"og:locale\" content=\"es_ES\" \/>\n<meta property=\"og:type\" content=\"article\" \/>\n<meta property=\"og:title\" content=\"\u201cLos violadores andan sueltos\u2026\u201d - El Diario - Bolivia\" \/>\n<meta property=\"og:description\" content=\"Cada vez que se producen violaciones en las colonias menonitas vienen a mi memoria las fechor\u00edas que cometieron en Manitoba siete j\u00f3venes, all\u00e1 por los a\u00f1os 2008 y 2009. Viaj\u00e9 a varias colonias, unas m\u00e1s conservadoras que otras, y fue tal mi impresi\u00f3n que termin\u00e9 escribiendo una novela sobre las aberraciones acaecidas. El centro de [&hellip;]\" \/>\n<meta property=\"og:url\" content=\"https:\/\/www.eldiario.net\/portal\/2024\/07\/12\/los-violadores-andan-sueltos-2\/\" \/>\n<meta property=\"og:site_name\" content=\"El Diario - Bolivia\" \/>\n<meta property=\"article:publisher\" content=\"https:\/\/www.facebook.com\/eldiario.bolivia\/\" \/>\n<meta property=\"article:published_time\" content=\"2024-07-12T10:19:38+00:00\" \/>\n<meta property=\"og:image\" content=\"https:\/\/www.eldiario.net\/portal\/wp-content\/uploads\/2023\/06\/Manfredo-Kempff-Suarez.jpg\" \/>\n\t<meta property=\"og:image:width\" content=\"1200\" \/>\n\t<meta property=\"og:image:height\" content=\"628\" \/>\n\t<meta property=\"og:image:type\" content=\"image\/jpeg\" \/>\n<meta name=\"author\" content=\"Jeanette\" \/>\n<meta name=\"twitter:card\" content=\"summary_large_image\" \/>\n<meta name=\"twitter:creator\" content=\"@eldiario_net\" \/>\n<meta name=\"twitter:site\" content=\"@eldiario_net\" \/>\n<meta name=\"twitter:label1\" content=\"Escrito por\" \/>\n\t<meta name=\"twitter:data1\" content=\"Jeanette\" \/>\n\t<meta name=\"twitter:label2\" content=\"Tiempo de lectura\" \/>\n\t<meta name=\"twitter:data2\" content=\"4 minutos\" \/>\n<script type=\"application\/ld+json\" class=\"yoast-schema-graph\">{\"@context\":\"https:\\\/\\\/schema.org\",\"@graph\":[{\"@type\":\"Article\",\"@id\":\"https:\\\/\\\/www.eldiario.net\\\/portal\\\/2024\\\/07\\\/12\\\/los-violadores-andan-sueltos-2\\\/#article\",\"isPartOf\":{\"@id\":\"https:\\\/\\\/www.eldiario.net\\\/portal\\\/2024\\\/07\\\/12\\\/los-violadores-andan-sueltos-2\\\/\"},\"author\":{\"name\":\"Jeanette\",\"@id\":\"https:\\\/\\\/www.eldiario.net\\\/portal\\\/#\\\/schema\\\/person\\\/f46445640444750d7d753ccd04ae01b7\"},\"headline\":\"\u201cLos violadores andan sueltos\u2026\u201d\",\"datePublished\":\"2024-07-12T10:19:38+00:00\",\"mainEntityOfPage\":{\"@id\":\"https:\\\/\\\/www.eldiario.net\\\/portal\\\/2024\\\/07\\\/12\\\/los-violadores-andan-sueltos-2\\\/\"},\"wordCount\":827,\"commentCount\":0,\"publisher\":{\"@id\":\"https:\\\/\\\/www.eldiario.net\\\/portal\\\/#organization\"},\"image\":{\"@id\":\"https:\\\/\\\/www.eldiario.net\\\/portal\\\/2024\\\/07\\\/12\\\/los-violadores-andan-sueltos-2\\\/#primaryimage\"},\"thumbnailUrl\":\"https:\\\/\\\/www.eldiario.net\\\/portal\\\/wp-content\\\/uploads\\\/2023\\\/06\\\/Manfredo-Kempff-Suarez.jpg\",\"articleSection\":[\"Opini\u00f3n\"],\"inLanguage\":\"es\",\"potentialAction\":[{\"@type\":\"CommentAction\",\"name\":\"Comment\",\"target\":[\"https:\\\/\\\/www.eldiario.net\\\/portal\\\/2024\\\/07\\\/12\\\/los-violadores-andan-sueltos-2\\\/#respond\"]}]},{\"@type\":\"WebPage\",\"@id\":\"https:\\\/\\\/www.eldiario.net\\\/portal\\\/2024\\\/07\\\/12\\\/los-violadores-andan-sueltos-2\\\/\",\"url\":\"https:\\\/\\\/www.eldiario.net\\\/portal\\\/2024\\\/07\\\/12\\\/los-violadores-andan-sueltos-2\\\/\",\"name\":\"\u201cLos violadores andan sueltos\u2026\u201d - El Diario - Bolivia\",\"isPartOf\":{\"@id\":\"https:\\\/\\\/www.eldiario.net\\\/portal\\\/#website\"},\"primaryImageOfPage\":{\"@id\":\"https:\\\/\\\/www.eldiario.net\\\/portal\\\/2024\\\/07\\\/12\\\/los-violadores-andan-sueltos-2\\\/#primaryimage\"},\"image\":{\"@id\":\"https:\\\/\\\/www.eldiario.net\\\/portal\\\/2024\\\/07\\\/12\\\/los-violadores-andan-sueltos-2\\\/#primaryimage\"},\"thumbnailUrl\":\"https:\\\/\\\/www.eldiario.net\\\/portal\\\/wp-content\\\/uploads\\\/2023\\\/06\\\/Manfredo-Kempff-Suarez.jpg\",\"datePublished\":\"2024-07-12T10:19:38+00:00\",\"breadcrumb\":{\"@id\":\"https:\\\/\\\/www.eldiario.net\\\/portal\\\/2024\\\/07\\\/12\\\/los-violadores-andan-sueltos-2\\\/#breadcrumb\"},\"inLanguage\":\"es\",\"potentialAction\":[{\"@type\":\"ReadAction\",\"target\":[\"https:\\\/\\\/www.eldiario.net\\\/portal\\\/2024\\\/07\\\/12\\\/los-violadores-andan-sueltos-2\\\/\"]}]},{\"@type\":\"ImageObject\",\"inLanguage\":\"es\",\"@id\":\"https:\\\/\\\/www.eldiario.net\\\/portal\\\/2024\\\/07\\\/12\\\/los-violadores-andan-sueltos-2\\\/#primaryimage\",\"url\":\"https:\\\/\\\/www.eldiario.net\\\/portal\\\/wp-content\\\/uploads\\\/2023\\\/06\\\/Manfredo-Kempff-Suarez.jpg\",\"contentUrl\":\"https:\\\/\\\/www.eldiario.net\\\/portal\\\/wp-content\\\/uploads\\\/2023\\\/06\\\/Manfredo-Kempff-Suarez.jpg\",\"width\":1200,\"height\":628},{\"@type\":\"BreadcrumbList\",\"@id\":\"https:\\\/\\\/www.eldiario.net\\\/portal\\\/2024\\\/07\\\/12\\\/los-violadores-andan-sueltos-2\\\/#breadcrumb\",\"itemListElement\":[{\"@type\":\"ListItem\",\"position\":1,\"name\":\"Portada\",\"item\":\"https:\\\/\\\/www.eldiario.net\\\/portal\\\/\"},{\"@type\":\"ListItem\",\"position\":2,\"name\":\"\u201cLos violadores andan sueltos\u2026\u201d\"}]},{\"@type\":\"WebSite\",\"@id\":\"https:\\\/\\\/www.eldiario.net\\\/portal\\\/#website\",\"url\":\"https:\\\/\\\/www.eldiario.net\\\/portal\\\/\",\"name\":\"El Diario - Decano de la prensa nacional\",\"description\":\"El Diario - Decano de la prensa nacional\",\"publisher\":{\"@id\":\"https:\\\/\\\/www.eldiario.net\\\/portal\\\/#organization\"},\"potentialAction\":[{\"@type\":\"SearchAction\",\"target\":{\"@type\":\"EntryPoint\",\"urlTemplate\":\"https:\\\/\\\/www.eldiario.net\\\/portal\\\/?s={search_term_string}\"},\"query-input\":{\"@type\":\"PropertyValueSpecification\",\"valueRequired\":true,\"valueName\":\"search_term_string\"}}],\"inLanguage\":\"es\"},{\"@type\":\"Organization\",\"@id\":\"https:\\\/\\\/www.eldiario.net\\\/portal\\\/#organization\",\"name\":\"El Diario - Decano de la prensa nacional\",\"url\":\"https:\\\/\\\/www.eldiario.net\\\/portal\\\/\",\"logo\":{\"@type\":\"ImageObject\",\"inLanguage\":\"es\",\"@id\":\"https:\\\/\\\/www.eldiario.net\\\/portal\\\/#\\\/schema\\\/logo\\\/image\\\/\",\"url\":\"https:\\\/\\\/www.eldiario.net\\\/portal\\\/wp-content\\\/uploads\\\/2023\\\/07\\\/logo_ED.jpg\",\"contentUrl\":\"https:\\\/\\\/www.eldiario.net\\\/portal\\\/wp-content\\\/uploads\\\/2023\\\/07\\\/logo_ED.jpg\",\"width\":272,\"height\":52,\"caption\":\"El Diario - Decano de la prensa nacional\"},\"image\":{\"@id\":\"https:\\\/\\\/www.eldiario.net\\\/portal\\\/#\\\/schema\\\/logo\\\/image\\\/\"},\"sameAs\":[\"https:\\\/\\\/www.facebook.com\\\/eldiario.bolivia\\\/\",\"https:\\\/\\\/x.com\\\/eldiario_net\"]},{\"@type\":\"Person\",\"@id\":\"https:\\\/\\\/www.eldiario.net\\\/portal\\\/#\\\/schema\\\/person\\\/f46445640444750d7d753ccd04ae01b7\",\"name\":\"Jeanette\",\"image\":{\"@type\":\"ImageObject\",\"inLanguage\":\"es\",\"@id\":\"https:\\\/\\\/secure.gravatar.com\\\/avatar\\\/3ea2118a5f7dad2b7138b1187a6b7ee55f160b9968b66013c3a3ef39dd7e5798?s=96&d=mm&r=g\",\"url\":\"https:\\\/\\\/secure.gravatar.com\\\/avatar\\\/3ea2118a5f7dad2b7138b1187a6b7ee55f160b9968b66013c3a3ef39dd7e5798?s=96&d=mm&r=g\",\"contentUrl\":\"https:\\\/\\\/secure.gravatar.com\\\/avatar\\\/3ea2118a5f7dad2b7138b1187a6b7ee55f160b9968b66013c3a3ef39dd7e5798?s=96&d=mm&r=g\",\"caption\":\"Jeanette\"},\"sameAs\":[\"https:\\\/\\\/www.eldiario.net\\\/portal\"],\"url\":\"https:\\\/\\\/www.eldiario.net\\\/portal\\\/author\\\/jeanette\\\/\"}]}<\/script>\n<!-- \/ Yoast SEO plugin. -->","yoast_head_json":{"title":"\u201cLos violadores andan sueltos\u2026\u201d - El Diario - Bolivia","robots":{"index":"index","follow":"follow","max-snippet":"max-snippet:-1","max-image-preview":"max-image-preview:large","max-video-preview":"max-video-preview:-1"},"canonical":"https:\/\/www.eldiario.net\/portal\/2024\/07\/12\/los-violadores-andan-sueltos-2\/","og_locale":"es_ES","og_type":"article","og_title":"\u201cLos violadores andan sueltos\u2026\u201d - El Diario - Bolivia","og_description":"Cada vez que se producen violaciones en las colonias menonitas vienen a mi memoria las fechor\u00edas que cometieron en Manitoba siete j\u00f3venes, all\u00e1 por los a\u00f1os 2008 y 2009. Viaj\u00e9 a varias colonias, unas m\u00e1s conservadoras que otras, y fue tal mi impresi\u00f3n que termin\u00e9 escribiendo una novela sobre las aberraciones acaecidas. El centro de [&hellip;]","og_url":"https:\/\/www.eldiario.net\/portal\/2024\/07\/12\/los-violadores-andan-sueltos-2\/","og_site_name":"El Diario - Bolivia","article_publisher":"https:\/\/www.facebook.com\/eldiario.bolivia\/","article_published_time":"2024-07-12T10:19:38+00:00","og_image":[{"width":1200,"height":628,"url":"https:\/\/www.eldiario.net\/portal\/wp-content\/uploads\/2023\/06\/Manfredo-Kempff-Suarez.jpg","type":"image\/jpeg"}],"author":"Jeanette","twitter_card":"summary_large_image","twitter_creator":"@eldiario_net","twitter_site":"@eldiario_net","twitter_misc":{"Escrito por":"Jeanette","Tiempo de lectura":"4 minutos"},"schema":{"@context":"https:\/\/schema.org","@graph":[{"@type":"Article","@id":"https:\/\/www.eldiario.net\/portal\/2024\/07\/12\/los-violadores-andan-sueltos-2\/#article","isPartOf":{"@id":"https:\/\/www.eldiario.net\/portal\/2024\/07\/12\/los-violadores-andan-sueltos-2\/"},"author":{"name":"Jeanette","@id":"https:\/\/www.eldiario.net\/portal\/#\/schema\/person\/f46445640444750d7d753ccd04ae01b7"},"headline":"\u201cLos violadores andan sueltos\u2026\u201d","datePublished":"2024-07-12T10:19:38+00:00","mainEntityOfPage":{"@id":"https:\/\/www.eldiario.net\/portal\/2024\/07\/12\/los-violadores-andan-sueltos-2\/"},"wordCount":827,"commentCount":0,"publisher":{"@id":"https:\/\/www.eldiario.net\/portal\/#organization"},"image":{"@id":"https:\/\/www.eldiario.net\/portal\/2024\/07\/12\/los-violadores-andan-sueltos-2\/#primaryimage"},"thumbnailUrl":"https:\/\/www.eldiario.net\/portal\/wp-content\/uploads\/2023\/06\/Manfredo-Kempff-Suarez.jpg","articleSection":["Opini\u00f3n"],"inLanguage":"es","potentialAction":[{"@type":"CommentAction","name":"Comment","target":["https:\/\/www.eldiario.net\/portal\/2024\/07\/12\/los-violadores-andan-sueltos-2\/#respond"]}]},{"@type":"WebPage","@id":"https:\/\/www.eldiario.net\/portal\/2024\/07\/12\/los-violadores-andan-sueltos-2\/","url":"https:\/\/www.eldiario.net\/portal\/2024\/07\/12\/los-violadores-andan-sueltos-2\/","name":"\u201cLos violadores andan sueltos\u2026\u201d - El Diario - Bolivia","isPartOf":{"@id":"https:\/\/www.eldiario.net\/portal\/#website"},"primaryImageOfPage":{"@id":"https:\/\/www.eldiario.net\/portal\/2024\/07\/12\/los-violadores-andan-sueltos-2\/#primaryimage"},"image":{"@id":"https:\/\/www.eldiario.net\/portal\/2024\/07\/12\/los-violadores-andan-sueltos-2\/#primaryimage"},"thumbnailUrl":"https:\/\/www.eldiario.net\/portal\/wp-content\/uploads\/2023\/06\/Manfredo-Kempff-Suarez.jpg","datePublished":"2024-07-12T10:19:38+00:00","breadcrumb":{"@id":"https:\/\/www.eldiario.net\/portal\/2024\/07\/12\/los-violadores-andan-sueltos-2\/#breadcrumb"},"inLanguage":"es","potentialAction":[{"@type":"ReadAction","target":["https:\/\/www.eldiario.net\/portal\/2024\/07\/12\/los-violadores-andan-sueltos-2\/"]}]},{"@type":"ImageObject","inLanguage":"es","@id":"https:\/\/www.eldiario.net\/portal\/2024\/07\/12\/los-violadores-andan-sueltos-2\/#primaryimage","url":"https:\/\/www.eldiario.net\/portal\/wp-content\/uploads\/2023\/06\/Manfredo-Kempff-Suarez.jpg","contentUrl":"https:\/\/www.eldiario.net\/portal\/wp-content\/uploads\/2023\/06\/Manfredo-Kempff-Suarez.jpg","width":1200,"height":628},{"@type":"BreadcrumbList","@id":"https:\/\/www.eldiario.net\/portal\/2024\/07\/12\/los-violadores-andan-sueltos-2\/#breadcrumb","itemListElement":[{"@type":"ListItem","position":1,"name":"Portada","item":"https:\/\/www.eldiario.net\/portal\/"},{"@type":"ListItem","position":2,"name":"\u201cLos violadores andan sueltos\u2026\u201d"}]},{"@type":"WebSite","@id":"https:\/\/www.eldiario.net\/portal\/#website","url":"https:\/\/www.eldiario.net\/portal\/","name":"El Diario - Decano de la prensa nacional","description":"El Diario - Decano de la prensa nacional","publisher":{"@id":"https:\/\/www.eldiario.net\/portal\/#organization"},"potentialAction":[{"@type":"SearchAction","target":{"@type":"EntryPoint","urlTemplate":"https:\/\/www.eldiario.net\/portal\/?s={search_term_string}"},"query-input":{"@type":"PropertyValueSpecification","valueRequired":true,"valueName":"search_term_string"}}],"inLanguage":"es"},{"@type":"Organization","@id":"https:\/\/www.eldiario.net\/portal\/#organization","name":"El Diario - Decano de la prensa nacional","url":"https:\/\/www.eldiario.net\/portal\/","logo":{"@type":"ImageObject","inLanguage":"es","@id":"https:\/\/www.eldiario.net\/portal\/#\/schema\/logo\/image\/","url":"https:\/\/www.eldiario.net\/portal\/wp-content\/uploads\/2023\/07\/logo_ED.jpg","contentUrl":"https:\/\/www.eldiario.net\/portal\/wp-content\/uploads\/2023\/07\/logo_ED.jpg","width":272,"height":52,"caption":"El Diario - Decano de la prensa nacional"},"image":{"@id":"https:\/\/www.eldiario.net\/portal\/#\/schema\/logo\/image\/"},"sameAs":["https:\/\/www.facebook.com\/eldiario.bolivia\/","https:\/\/x.com\/eldiario_net"]},{"@type":"Person","@id":"https:\/\/www.eldiario.net\/portal\/#\/schema\/person\/f46445640444750d7d753ccd04ae01b7","name":"Jeanette","image":{"@type":"ImageObject","inLanguage":"es","@id":"https:\/\/secure.gravatar.com\/avatar\/3ea2118a5f7dad2b7138b1187a6b7ee55f160b9968b66013c3a3ef39dd7e5798?s=96&d=mm&r=g","url":"https:\/\/secure.gravatar.com\/avatar\/3ea2118a5f7dad2b7138b1187a6b7ee55f160b9968b66013c3a3ef39dd7e5798?s=96&d=mm&r=g","contentUrl":"https:\/\/secure.gravatar.com\/avatar\/3ea2118a5f7dad2b7138b1187a6b7ee55f160b9968b66013c3a3ef39dd7e5798?s=96&d=mm&r=g","caption":"Jeanette"},"sameAs":["https:\/\/www.eldiario.net\/portal"],"url":"https:\/\/www.eldiario.net\/portal\/author\/jeanette\/"}]}},"_links":{"self":[{"href":"https:\/\/www.eldiario.net\/portal\/wp-json\/wp\/v2\/posts\/233387","targetHints":{"allow":["GET"]}}],"collection":[{"href":"https:\/\/www.eldiario.net\/portal\/wp-json\/wp\/v2\/posts"}],"about":[{"href":"https:\/\/www.eldiario.net\/portal\/wp-json\/wp\/v2\/types\/post"}],"author":[{"embeddable":true,"href":"https:\/\/www.eldiario.net\/portal\/wp-json\/wp\/v2\/users\/1"}],"replies":[{"embeddable":true,"href":"https:\/\/www.eldiario.net\/portal\/wp-json\/wp\/v2\/comments?post=233387"}],"version-history":[{"count":1,"href":"https:\/\/www.eldiario.net\/portal\/wp-json\/wp\/v2\/posts\/233387\/revisions"}],"predecessor-version":[{"id":233388,"href":"https:\/\/www.eldiario.net\/portal\/wp-json\/wp\/v2\/posts\/233387\/revisions\/233388"}],"wp:featuredmedia":[{"embeddable":true,"href":"https:\/\/www.eldiario.net\/portal\/wp-json\/wp\/v2\/media\/157472"}],"wp:attachment":[{"href":"https:\/\/www.eldiario.net\/portal\/wp-json\/wp\/v2\/media?parent=233387"}],"wp:term":[{"taxonomy":"category","embeddable":true,"href":"https:\/\/www.eldiario.net\/portal\/wp-json\/wp\/v2\/categories?post=233387"},{"taxonomy":"post_tag","embeddable":true,"href":"https:\/\/www.eldiario.net\/portal\/wp-json\/wp\/v2\/tags?post=233387"}],"curies":[{"name":"wp","href":"https:\/\/api.w.org\/{rel}","templated":true}]}}