{"id":233385,"date":"2024-07-12T06:19:04","date_gmt":"2024-07-12T10:19:04","guid":{"rendered":"https:\/\/www.eldiario.net\/portal\/?p=233385"},"modified":"2024-07-12T06:19:04","modified_gmt":"2024-07-12T10:19:04","slug":"asesinatos-indirectos","status":"publish","type":"post","link":"https:\/\/www.eldiario.net\/portal\/2024\/07\/12\/asesinatos-indirectos\/","title":{"rendered":"Asesinatos indirectos"},"content":{"rendered":"<p>En la truculenta historia de Bolivia, el asesinato pol\u00edtico ha sido una constante. Desde el mot\u00edn del 18 de abril de 1828, cuando se intent\u00f3 asesinar a Sucre, y el horrendo crimen del 1 de enero de 1829, en el que se victim\u00f3 a Pedro Blanco, la lista de cr\u00edmenes es larga.<br \/>\nEn 1956, Mois\u00e9s Alc\u00e1zar hizo un recuento que comenzaba con Blanco, segu\u00eda con Eusebio Guilarte, Jorge C\u00f3rdoba, Manuel Isidoro Belzu y Mariano Melgarejo. Continuaba con Agust\u00edn Morales, Hilari\u00f3n Daza, Jos\u00e9 Manuel Pando, Germ\u00e1n Busch y Gualberto Villarroel para terminar con el \u00fanico que no fue presidente de la lista, Oscar \u00danzaga de la Vega. A esos nombres se puede sumar los de Ren\u00e9 Barrientos, Marcelo Quiroga y Luis Espinal.<br \/>\nNo todos fueron asesinatos comprobados. Sobre las muertes de Busch y Barrientos siguen flotando las sombras de la duda mientras que Quiroga era un pol\u00edtico que hab\u00eda denunciado muchas cosas y Espinal era quien pon\u00eda en evidencia los afanes golpistas. El com\u00fan denominador es que todos eran enemigos pol\u00edticos de alguien, y muertos dejaban de serlo.<br \/>\nPero en estos tiempos pluriculturales, el asesinato ya no es directo ni la consecuencia de un balazo a quemarropa. No es necesario ocultarse entre las sombras para fabricar un suicidio o \u201carreglar\u201d el motor de un helic\u00f3ptero, o de un avi\u00f3n.<br \/>\nHoy, las armas son las leyes y los ejecutores de los cr\u00edmenes son los jueces y fiscales. \u00bfEspeculaci\u00f3n? No. Si incumplir la ley es un delito, y Manuel Ossorio llama \u201ccrimen\u201d a los delitos graves, \u00bfqu\u00e9 podemos decir de una justicia que mantiene a personas por meses, incluso a\u00f1os en la c\u00e1rcel, sin que siquiera haya sido sometida a juicio? \u00bfQu\u00e9 tal si, durante ese tiempo algunas de esas personas mueren sin que ni siquiera se haya dictado una acusaci\u00f3n formal en su contra? \u00bfNo estamos hablando de una ilegal privaci\u00f3n de libertad?<br \/>\nVeamos, como ejemplo, el caso de Jos\u00e9 Mar\u00eda Bakovic que, siendo presidente del Servicio Nacional de Caminos, se enter\u00f3 que la constructora brasile\u00f1a OAS, que financi\u00f3 las campa\u00f1as del ex presidente de su pa\u00eds Lula da Silva, hab\u00eda extendido su influencia a Bolivia. Su error fue denunciar que, adem\u00e1s, una parte de esos recursos fueron destinados a la campa\u00f1a de Evo Morales. Eso fue suficiente. En 2006, el Ministerio de la Presidencia puso una denuncia en su contra y luego vino otra, y otra y otra, hasta sumar 72 procesos. Su salud se quebrant\u00f3 y, finalmente, muri\u00f3 en 2013.<br \/>\nPero el caso del ex gerente del Fondioc, Marco Antonio Aramayo, lo supera todo: \u00e9l fue quien denunci\u00f3 la corrupci\u00f3n en ese fondo ind\u00edgena, pero Evo Morales se decant\u00f3 por proteger a la presidenta del directorio, Nemesia Achacollo, y a aquel le baj\u00f3 el pulgar. \u201cLe metieron nom\u00e1s\u201d m\u00e1s de 250 procesos, la suma de denuncias prolong\u00f3 sus detenciones \u201cpreventivas\u201d y, finalmente, muri\u00f3. Su entorno habla de envenenamiento.<br \/>\nTal vez estas dos muertes no fueron el resultado de una acci\u00f3n directa, pero todo el pa\u00eds vio que el af\u00e1n de venganza del MAS, que aplasta acciones opositoras mediante el escarmiento, los condujo a la muerte.<br \/>\nSe trata, entonces, de asesinatos indirectos porque el resultado es el mismo: desaparece un denunciante de corrupci\u00f3n, un estorbo, y queda claro el mensaje para quienes quieran imitarles: denunciar te puede costar la vida.<\/p>\n<p>Juan Jos\u00e9 Toro es Premio Nacional en Historia del Periodismo.<\/p>\n","protected":false},"excerpt":{"rendered":"<p>En la truculenta historia de Bolivia, el asesinato pol\u00edtico ha sido una constante. Desde el mot\u00edn del 18 de abril de 1828, cuando se intent\u00f3 asesinar a Sucre, y el horrendo crimen del 1 de enero de 1829, en el que se victim\u00f3 a Pedro Blanco, la lista de cr\u00edmenes es larga. En 1956, Mois\u00e9s [&hellip;]<\/p>\n","protected":false},"author":1,"featured_media":163829,"comment_status":"open","ping_status":"open","sticky":false,"template":"","format":"standard","meta":{"_acf_changed":false,"footnotes":""},"categories":[9],"tags":[],"class_list":["post-233385","post","type-post","status-publish","format-standard","has-post-thumbnail","category-opinion"],"acf":{"antetitulo":"Surazo"},"yoast_head":"<!-- This site is optimized with the Yoast SEO plugin v28.3 - https:\/\/yoast.com\/product\/yoast-seo-wordpress\/ -->\n<title>Asesinatos indirectos - El Diario - Bolivia<\/title>\n<meta name=\"robots\" content=\"index, follow, max-snippet:-1, max-image-preview:large, max-video-preview:-1\" \/>\n<link rel=\"canonical\" href=\"https:\/\/www.eldiario.net\/portal\/2024\/07\/12\/asesinatos-indirectos\/\" \/>\n<meta property=\"og:locale\" content=\"es_ES\" \/>\n<meta property=\"og:type\" content=\"article\" \/>\n<meta property=\"og:title\" content=\"Asesinatos indirectos - El Diario - Bolivia\" \/>\n<meta property=\"og:description\" content=\"En la truculenta historia de Bolivia, el asesinato pol\u00edtico ha sido una constante. Desde el mot\u00edn del 18 de abril de 1828, cuando se intent\u00f3 asesinar a Sucre, y el horrendo crimen del 1 de enero de 1829, en el que se victim\u00f3 a Pedro Blanco, la lista de cr\u00edmenes es larga. En 1956, Mois\u00e9s [&hellip;]\" \/>\n<meta property=\"og:url\" content=\"https:\/\/www.eldiario.net\/portal\/2024\/07\/12\/asesinatos-indirectos\/\" \/>\n<meta property=\"og:site_name\" content=\"El Diario - Bolivia\" \/>\n<meta property=\"article:publisher\" content=\"https:\/\/www.facebook.com\/eldiario.bolivia\/\" \/>\n<meta property=\"article:published_time\" content=\"2024-07-12T10:19:04+00:00\" \/>\n<meta property=\"og:image\" content=\"https:\/\/www.eldiario.net\/portal\/wp-content\/uploads\/2023\/07\/Juan-Jose-Toro-Montoya.jpg\" \/>\n\t<meta property=\"og:image:width\" content=\"1200\" \/>\n\t<meta property=\"og:image:height\" content=\"628\" \/>\n\t<meta property=\"og:image:type\" content=\"image\/jpeg\" \/>\n<meta name=\"author\" content=\"Jeanette\" \/>\n<meta name=\"twitter:card\" content=\"summary_large_image\" \/>\n<meta name=\"twitter:creator\" content=\"@eldiario_net\" \/>\n<meta name=\"twitter:site\" content=\"@eldiario_net\" \/>\n<meta name=\"twitter:label1\" content=\"Escrito por\" \/>\n\t<meta name=\"twitter:data1\" content=\"Jeanette\" \/>\n\t<meta name=\"twitter:label2\" content=\"Tiempo de lectura\" \/>\n\t<meta name=\"twitter:data2\" content=\"3 minutos\" \/>\n<script type=\"application\/ld+json\" class=\"yoast-schema-graph\">{\"@context\":\"https:\\\/\\\/schema.org\",\"@graph\":[{\"@type\":\"Article\",\"@id\":\"https:\\\/\\\/www.eldiario.net\\\/portal\\\/2024\\\/07\\\/12\\\/asesinatos-indirectos\\\/#article\",\"isPartOf\":{\"@id\":\"https:\\\/\\\/www.eldiario.net\\\/portal\\\/2024\\\/07\\\/12\\\/asesinatos-indirectos\\\/\"},\"author\":{\"name\":\"Jeanette\",\"@id\":\"https:\\\/\\\/www.eldiario.net\\\/portal\\\/#\\\/schema\\\/person\\\/f46445640444750d7d753ccd04ae01b7\"},\"headline\":\"Asesinatos indirectos\",\"datePublished\":\"2024-07-12T10:19:04+00:00\",\"mainEntityOfPage\":{\"@id\":\"https:\\\/\\\/www.eldiario.net\\\/portal\\\/2024\\\/07\\\/12\\\/asesinatos-indirectos\\\/\"},\"wordCount\":590,\"commentCount\":0,\"publisher\":{\"@id\":\"https:\\\/\\\/www.eldiario.net\\\/portal\\\/#organization\"},\"image\":{\"@id\":\"https:\\\/\\\/www.eldiario.net\\\/portal\\\/2024\\\/07\\\/12\\\/asesinatos-indirectos\\\/#primaryimage\"},\"thumbnailUrl\":\"https:\\\/\\\/www.eldiario.net\\\/portal\\\/wp-content\\\/uploads\\\/2023\\\/07\\\/Juan-Jose-Toro-Montoya.jpg\",\"articleSection\":[\"Opini\u00f3n\"],\"inLanguage\":\"es\",\"potentialAction\":[{\"@type\":\"CommentAction\",\"name\":\"Comment\",\"target\":[\"https:\\\/\\\/www.eldiario.net\\\/portal\\\/2024\\\/07\\\/12\\\/asesinatos-indirectos\\\/#respond\"]}]},{\"@type\":\"WebPage\",\"@id\":\"https:\\\/\\\/www.eldiario.net\\\/portal\\\/2024\\\/07\\\/12\\\/asesinatos-indirectos\\\/\",\"url\":\"https:\\\/\\\/www.eldiario.net\\\/portal\\\/2024\\\/07\\\/12\\\/asesinatos-indirectos\\\/\",\"name\":\"Asesinatos indirectos - El Diario - Bolivia\",\"isPartOf\":{\"@id\":\"https:\\\/\\\/www.eldiario.net\\\/portal\\\/#website\"},\"primaryImageOfPage\":{\"@id\":\"https:\\\/\\\/www.eldiario.net\\\/portal\\\/2024\\\/07\\\/12\\\/asesinatos-indirectos\\\/#primaryimage\"},\"image\":{\"@id\":\"https:\\\/\\\/www.eldiario.net\\\/portal\\\/2024\\\/07\\\/12\\\/asesinatos-indirectos\\\/#primaryimage\"},\"thumbnailUrl\":\"https:\\\/\\\/www.eldiario.net\\\/portal\\\/wp-content\\\/uploads\\\/2023\\\/07\\\/Juan-Jose-Toro-Montoya.jpg\",\"datePublished\":\"2024-07-12T10:19:04+00:00\",\"breadcrumb\":{\"@id\":\"https:\\\/\\\/www.eldiario.net\\\/portal\\\/2024\\\/07\\\/12\\\/asesinatos-indirectos\\\/#breadcrumb\"},\"inLanguage\":\"es\",\"potentialAction\":[{\"@type\":\"ReadAction\",\"target\":[\"https:\\\/\\\/www.eldiario.net\\\/portal\\\/2024\\\/07\\\/12\\\/asesinatos-indirectos\\\/\"]}]},{\"@type\":\"ImageObject\",\"inLanguage\":\"es\",\"@id\":\"https:\\\/\\\/www.eldiario.net\\\/portal\\\/2024\\\/07\\\/12\\\/asesinatos-indirectos\\\/#primaryimage\",\"url\":\"https:\\\/\\\/www.eldiario.net\\\/portal\\\/wp-content\\\/uploads\\\/2023\\\/07\\\/Juan-Jose-Toro-Montoya.jpg\",\"contentUrl\":\"https:\\\/\\\/www.eldiario.net\\\/portal\\\/wp-content\\\/uploads\\\/2023\\\/07\\\/Juan-Jose-Toro-Montoya.jpg\",\"width\":1200,\"height\":628,\"caption\":\"Juan Jos\u00e9 Toro Montoya\"},{\"@type\":\"BreadcrumbList\",\"@id\":\"https:\\\/\\\/www.eldiario.net\\\/portal\\\/2024\\\/07\\\/12\\\/asesinatos-indirectos\\\/#breadcrumb\",\"itemListElement\":[{\"@type\":\"ListItem\",\"position\":1,\"name\":\"Portada\",\"item\":\"https:\\\/\\\/www.eldiario.net\\\/portal\\\/\"},{\"@type\":\"ListItem\",\"position\":2,\"name\":\"Asesinatos indirectos\"}]},{\"@type\":\"WebSite\",\"@id\":\"https:\\\/\\\/www.eldiario.net\\\/portal\\\/#website\",\"url\":\"https:\\\/\\\/www.eldiario.net\\\/portal\\\/\",\"name\":\"El Diario - Decano de la prensa nacional\",\"description\":\"El Diario - Decano de la prensa nacional\",\"publisher\":{\"@id\":\"https:\\\/\\\/www.eldiario.net\\\/portal\\\/#organization\"},\"potentialAction\":[{\"@type\":\"SearchAction\",\"target\":{\"@type\":\"EntryPoint\",\"urlTemplate\":\"https:\\\/\\\/www.eldiario.net\\\/portal\\\/?s={search_term_string}\"},\"query-input\":{\"@type\":\"PropertyValueSpecification\",\"valueRequired\":true,\"valueName\":\"search_term_string\"}}],\"inLanguage\":\"es\"},{\"@type\":\"Organization\",\"@id\":\"https:\\\/\\\/www.eldiario.net\\\/portal\\\/#organization\",\"name\":\"El Diario - Decano de la prensa nacional\",\"url\":\"https:\\\/\\\/www.eldiario.net\\\/portal\\\/\",\"logo\":{\"@type\":\"ImageObject\",\"inLanguage\":\"es\",\"@id\":\"https:\\\/\\\/www.eldiario.net\\\/portal\\\/#\\\/schema\\\/logo\\\/image\\\/\",\"url\":\"https:\\\/\\\/www.eldiario.net\\\/portal\\\/wp-content\\\/uploads\\\/2023\\\/07\\\/logo_ED.jpg\",\"contentUrl\":\"https:\\\/\\\/www.eldiario.net\\\/portal\\\/wp-content\\\/uploads\\\/2023\\\/07\\\/logo_ED.jpg\",\"width\":272,\"height\":52,\"caption\":\"El Diario - Decano de la prensa nacional\"},\"image\":{\"@id\":\"https:\\\/\\\/www.eldiario.net\\\/portal\\\/#\\\/schema\\\/logo\\\/image\\\/\"},\"sameAs\":[\"https:\\\/\\\/www.facebook.com\\\/eldiario.bolivia\\\/\",\"https:\\\/\\\/x.com\\\/eldiario_net\"]},{\"@type\":\"Person\",\"@id\":\"https:\\\/\\\/www.eldiario.net\\\/portal\\\/#\\\/schema\\\/person\\\/f46445640444750d7d753ccd04ae01b7\",\"name\":\"Jeanette\",\"image\":{\"@type\":\"ImageObject\",\"inLanguage\":\"es\",\"@id\":\"https:\\\/\\\/secure.gravatar.com\\\/avatar\\\/3ea2118a5f7dad2b7138b1187a6b7ee55f160b9968b66013c3a3ef39dd7e5798?s=96&d=mm&r=g\",\"url\":\"https:\\\/\\\/secure.gravatar.com\\\/avatar\\\/3ea2118a5f7dad2b7138b1187a6b7ee55f160b9968b66013c3a3ef39dd7e5798?s=96&d=mm&r=g\",\"contentUrl\":\"https:\\\/\\\/secure.gravatar.com\\\/avatar\\\/3ea2118a5f7dad2b7138b1187a6b7ee55f160b9968b66013c3a3ef39dd7e5798?s=96&d=mm&r=g\",\"caption\":\"Jeanette\"},\"sameAs\":[\"https:\\\/\\\/www.eldiario.net\\\/portal\"],\"url\":\"https:\\\/\\\/www.eldiario.net\\\/portal\\\/author\\\/jeanette\\\/\"}]}<\/script>\n<!-- \/ Yoast SEO plugin. -->","yoast_head_json":{"title":"Asesinatos indirectos - El Diario - Bolivia","robots":{"index":"index","follow":"follow","max-snippet":"max-snippet:-1","max-image-preview":"max-image-preview:large","max-video-preview":"max-video-preview:-1"},"canonical":"https:\/\/www.eldiario.net\/portal\/2024\/07\/12\/asesinatos-indirectos\/","og_locale":"es_ES","og_type":"article","og_title":"Asesinatos indirectos - El Diario - Bolivia","og_description":"En la truculenta historia de Bolivia, el asesinato pol\u00edtico ha sido una constante. Desde el mot\u00edn del 18 de abril de 1828, cuando se intent\u00f3 asesinar a Sucre, y el horrendo crimen del 1 de enero de 1829, en el que se victim\u00f3 a Pedro Blanco, la lista de cr\u00edmenes es larga. En 1956, Mois\u00e9s [&hellip;]","og_url":"https:\/\/www.eldiario.net\/portal\/2024\/07\/12\/asesinatos-indirectos\/","og_site_name":"El Diario - Bolivia","article_publisher":"https:\/\/www.facebook.com\/eldiario.bolivia\/","article_published_time":"2024-07-12T10:19:04+00:00","og_image":[{"width":1200,"height":628,"url":"https:\/\/www.eldiario.net\/portal\/wp-content\/uploads\/2023\/07\/Juan-Jose-Toro-Montoya.jpg","type":"image\/jpeg"}],"author":"Jeanette","twitter_card":"summary_large_image","twitter_creator":"@eldiario_net","twitter_site":"@eldiario_net","twitter_misc":{"Escrito por":"Jeanette","Tiempo de lectura":"3 minutos"},"schema":{"@context":"https:\/\/schema.org","@graph":[{"@type":"Article","@id":"https:\/\/www.eldiario.net\/portal\/2024\/07\/12\/asesinatos-indirectos\/#article","isPartOf":{"@id":"https:\/\/www.eldiario.net\/portal\/2024\/07\/12\/asesinatos-indirectos\/"},"author":{"name":"Jeanette","@id":"https:\/\/www.eldiario.net\/portal\/#\/schema\/person\/f46445640444750d7d753ccd04ae01b7"},"headline":"Asesinatos indirectos","datePublished":"2024-07-12T10:19:04+00:00","mainEntityOfPage":{"@id":"https:\/\/www.eldiario.net\/portal\/2024\/07\/12\/asesinatos-indirectos\/"},"wordCount":590,"commentCount":0,"publisher":{"@id":"https:\/\/www.eldiario.net\/portal\/#organization"},"image":{"@id":"https:\/\/www.eldiario.net\/portal\/2024\/07\/12\/asesinatos-indirectos\/#primaryimage"},"thumbnailUrl":"https:\/\/www.eldiario.net\/portal\/wp-content\/uploads\/2023\/07\/Juan-Jose-Toro-Montoya.jpg","articleSection":["Opini\u00f3n"],"inLanguage":"es","potentialAction":[{"@type":"CommentAction","name":"Comment","target":["https:\/\/www.eldiario.net\/portal\/2024\/07\/12\/asesinatos-indirectos\/#respond"]}]},{"@type":"WebPage","@id":"https:\/\/www.eldiario.net\/portal\/2024\/07\/12\/asesinatos-indirectos\/","url":"https:\/\/www.eldiario.net\/portal\/2024\/07\/12\/asesinatos-indirectos\/","name":"Asesinatos indirectos - El Diario - Bolivia","isPartOf":{"@id":"https:\/\/www.eldiario.net\/portal\/#website"},"primaryImageOfPage":{"@id":"https:\/\/www.eldiario.net\/portal\/2024\/07\/12\/asesinatos-indirectos\/#primaryimage"},"image":{"@id":"https:\/\/www.eldiario.net\/portal\/2024\/07\/12\/asesinatos-indirectos\/#primaryimage"},"thumbnailUrl":"https:\/\/www.eldiario.net\/portal\/wp-content\/uploads\/2023\/07\/Juan-Jose-Toro-Montoya.jpg","datePublished":"2024-07-12T10:19:04+00:00","breadcrumb":{"@id":"https:\/\/www.eldiario.net\/portal\/2024\/07\/12\/asesinatos-indirectos\/#breadcrumb"},"inLanguage":"es","potentialAction":[{"@type":"ReadAction","target":["https:\/\/www.eldiario.net\/portal\/2024\/07\/12\/asesinatos-indirectos\/"]}]},{"@type":"ImageObject","inLanguage":"es","@id":"https:\/\/www.eldiario.net\/portal\/2024\/07\/12\/asesinatos-indirectos\/#primaryimage","url":"https:\/\/www.eldiario.net\/portal\/wp-content\/uploads\/2023\/07\/Juan-Jose-Toro-Montoya.jpg","contentUrl":"https:\/\/www.eldiario.net\/portal\/wp-content\/uploads\/2023\/07\/Juan-Jose-Toro-Montoya.jpg","width":1200,"height":628,"caption":"Juan Jos\u00e9 Toro Montoya"},{"@type":"BreadcrumbList","@id":"https:\/\/www.eldiario.net\/portal\/2024\/07\/12\/asesinatos-indirectos\/#breadcrumb","itemListElement":[{"@type":"ListItem","position":1,"name":"Portada","item":"https:\/\/www.eldiario.net\/portal\/"},{"@type":"ListItem","position":2,"name":"Asesinatos indirectos"}]},{"@type":"WebSite","@id":"https:\/\/www.eldiario.net\/portal\/#website","url":"https:\/\/www.eldiario.net\/portal\/","name":"El Diario - Decano de la prensa nacional","description":"El Diario - Decano de la prensa nacional","publisher":{"@id":"https:\/\/www.eldiario.net\/portal\/#organization"},"potentialAction":[{"@type":"SearchAction","target":{"@type":"EntryPoint","urlTemplate":"https:\/\/www.eldiario.net\/portal\/?s={search_term_string}"},"query-input":{"@type":"PropertyValueSpecification","valueRequired":true,"valueName":"search_term_string"}}],"inLanguage":"es"},{"@type":"Organization","@id":"https:\/\/www.eldiario.net\/portal\/#organization","name":"El Diario - Decano de la prensa nacional","url":"https:\/\/www.eldiario.net\/portal\/","logo":{"@type":"ImageObject","inLanguage":"es","@id":"https:\/\/www.eldiario.net\/portal\/#\/schema\/logo\/image\/","url":"https:\/\/www.eldiario.net\/portal\/wp-content\/uploads\/2023\/07\/logo_ED.jpg","contentUrl":"https:\/\/www.eldiario.net\/portal\/wp-content\/uploads\/2023\/07\/logo_ED.jpg","width":272,"height":52,"caption":"El Diario - Decano de la prensa nacional"},"image":{"@id":"https:\/\/www.eldiario.net\/portal\/#\/schema\/logo\/image\/"},"sameAs":["https:\/\/www.facebook.com\/eldiario.bolivia\/","https:\/\/x.com\/eldiario_net"]},{"@type":"Person","@id":"https:\/\/www.eldiario.net\/portal\/#\/schema\/person\/f46445640444750d7d753ccd04ae01b7","name":"Jeanette","image":{"@type":"ImageObject","inLanguage":"es","@id":"https:\/\/secure.gravatar.com\/avatar\/3ea2118a5f7dad2b7138b1187a6b7ee55f160b9968b66013c3a3ef39dd7e5798?s=96&d=mm&r=g","url":"https:\/\/secure.gravatar.com\/avatar\/3ea2118a5f7dad2b7138b1187a6b7ee55f160b9968b66013c3a3ef39dd7e5798?s=96&d=mm&r=g","contentUrl":"https:\/\/secure.gravatar.com\/avatar\/3ea2118a5f7dad2b7138b1187a6b7ee55f160b9968b66013c3a3ef39dd7e5798?s=96&d=mm&r=g","caption":"Jeanette"},"sameAs":["https:\/\/www.eldiario.net\/portal"],"url":"https:\/\/www.eldiario.net\/portal\/author\/jeanette\/"}]}},"_links":{"self":[{"href":"https:\/\/www.eldiario.net\/portal\/wp-json\/wp\/v2\/posts\/233385","targetHints":{"allow":["GET"]}}],"collection":[{"href":"https:\/\/www.eldiario.net\/portal\/wp-json\/wp\/v2\/posts"}],"about":[{"href":"https:\/\/www.eldiario.net\/portal\/wp-json\/wp\/v2\/types\/post"}],"author":[{"embeddable":true,"href":"https:\/\/www.eldiario.net\/portal\/wp-json\/wp\/v2\/users\/1"}],"replies":[{"embeddable":true,"href":"https:\/\/www.eldiario.net\/portal\/wp-json\/wp\/v2\/comments?post=233385"}],"version-history":[{"count":1,"href":"https:\/\/www.eldiario.net\/portal\/wp-json\/wp\/v2\/posts\/233385\/revisions"}],"predecessor-version":[{"id":233386,"href":"https:\/\/www.eldiario.net\/portal\/wp-json\/wp\/v2\/posts\/233385\/revisions\/233386"}],"wp:featuredmedia":[{"embeddable":true,"href":"https:\/\/www.eldiario.net\/portal\/wp-json\/wp\/v2\/media\/163829"}],"wp:attachment":[{"href":"https:\/\/www.eldiario.net\/portal\/wp-json\/wp\/v2\/media?parent=233385"}],"wp:term":[{"taxonomy":"category","embeddable":true,"href":"https:\/\/www.eldiario.net\/portal\/wp-json\/wp\/v2\/categories?post=233385"},{"taxonomy":"post_tag","embeddable":true,"href":"https:\/\/www.eldiario.net\/portal\/wp-json\/wp\/v2\/tags?post=233385"}],"curies":[{"name":"wp","href":"https:\/\/api.w.org\/{rel}","templated":true}]}}