{"id":233381,"date":"2024-07-12T06:17:59","date_gmt":"2024-07-12T10:17:59","guid":{"rendered":"https:\/\/www.eldiario.net\/portal\/?p=233381"},"modified":"2024-07-12T06:17:59","modified_gmt":"2024-07-12T10:17:59","slug":"leche-terneros-y-salud","status":"publish","type":"post","link":"https:\/\/www.eldiario.net\/portal\/2024\/07\/12\/leche-terneros-y-salud\/","title":{"rendered":"Leche, terneros y salud"},"content":{"rendered":"<p>\u00bfSab\u00edas que en la industria lechera, las vacas son separadas de sus terneros poco despu\u00e9s de nacer, para que nosotros podamos consumir la leche que llega a los mercados?<br \/>\nHace 10.000 a\u00f1os, el ser humano domestic\u00f3 las vacas, permitiendo el uso de productos como la leche, aunque su consumo l\u00edquido se populariz\u00f3 en la modernidad (Vaclav Smil, \u00bfDeber\u00edamos comer carne?).<br \/>\nEn el Siglo XIX, la leche bovina es un s\u00edmbolo de modernidad y salud por su valor nutricional en Estados Unidos; en el Siglo XX se consolid\u00f3 como esencial para el desarrollo, promovida por organismos como Unicef y FAO.<br \/>\nEn Bolivia, la industria lechera comenz\u00f3 en el Siglo XV con la llegada de ganado bovino europeo. En la d\u00e9cada de 1960, el gobierno impuls\u00f3 la industria para aumentar ingresos de peque\u00f1os productores, promoviendo el consumo. En 2023, la producci\u00f3n de Bolivia alcanz\u00f3 m\u00e1s de 557 millones de litros, siendo crucial para la econom\u00eda (Pro Bolivia).<br \/>\nEstos datos, esconden una cruda realidad, seg\u00fan lo explicado por la organizaci\u00f3n \u00c9tica Animal, debido a que las vacas lecheras se reproducen espec\u00edficamente para producir grandes cantidades de leche. Las vacas son mam\u00edferos, esto significa que, para la obtenci\u00f3n de leche, deben estar embarazadas. Esto se suele hacer con inseminaci\u00f3n artificial, a partir de selecci\u00f3n gen\u00e9tica.<br \/>\nCuando las vacas dan a luz, sus terneros son separados de ellas, una experiencia traum\u00e1tica para madre y ternero, quienes mugen mutuamente durante d\u00edas. Los terneros machos son utilizados para la producci\u00f3n de carne tierna, o criados durante unos meses para la producci\u00f3n de \u201cternera\u201d. Sus vidas terminan en cuanto engordan lo suficiente, mientras las hembras, son utilizadas al igual que sus madres como productoras de leche. Separados sus beb\u00e9s, las vacas son orde\u00f1adas alrededor de 10 meses, inicia entonces un nuevo ciclo de embarazo que se repite hasta que la vaca ya no cumpla con esta funci\u00f3n, para terminar siendo faenada.<br \/>\nParalelo a la omisi\u00f3n de principios \u00e9ticos y de bienestar animal dentro de la industria l\u00e1ctea, se evidencia que los animales no humanos toman leche solo en la edad temprana y de su propia especie, mientras que los humanos, tomamos leche durante toda nuestra vida y, adem\u00e1s, de otra especie: la vaca, lo que puede provocar grandes da\u00f1os en la salud, seg\u00fan Raquel P\u00e9rez de Le\u00f3n, CNN M\u00e9xico.<br \/>\nSe estima que el 70% de la poblaci\u00f3n mundial es intolerante a la lactosa (INDEDR; Facultad de Medicina de Harvard). Ocurre porque nuestro cuerpo pierde la enzima lactasa entre los dos y cuatro a\u00f1os, causando gases, dolor y diarrea al consumir leche.<br \/>\nLa case\u00edna, una prote\u00edna de la leche, impide la absorci\u00f3n de calcio al volver el pH de la sangre \u00e1cido, lo que hace que el organismo extraiga calcio de los huesos para neutralizar esa acidez. Adem\u00e1s, la case\u00edna puede adherirse a los vasos linf\u00e1ticos del intestino, dificultando la absorci\u00f3n de nutrientes y causando problemas inmunol\u00f3gicos, alergias y asma.<br \/>\nEl Instituto Nacional de C\u00e1ncer y la Universidad de Oxford, informan que la industria lechera usa la hormona de crecimiento bovino (rBGH) para aumentar la producci\u00f3n de leche. Esta hormona incrementa el factor de crecimiento insul\u00ednico (IGF-1) en la leche, relacionado con el c\u00e1ncer de pr\u00f3stata, mama y ovarios.<br \/>\nEn este contexto, deber\u00edamos reducir o eliminar el consumo de leche de vaca en la alimentaci\u00f3n, optando por opciones vegetales m\u00e1s \u00e9ticas y saludables como leche de almendras, baja en calor\u00edas y prote\u00ednas, pero fortificada con vitaminas y minerales o, leche de coco, alta en grasas saturadas y fortificada con vitamina D y B-12, entre otras.<br \/>\nEmprendimientos bolivianos elaboran productos l\u00e1cteos de origen vegetal con el fin de dejar atr\u00e1s la explotaci\u00f3n animal, promoviendo alimentaci\u00f3n saludable, basada en respeto a otros seres vivos.<br \/>\nEs momento de reflexionar sobre nuestras elecciones alimentarias. Cada vaso de leche que consumimos tiene un impacto m\u00e1s all\u00e1 de nuestra salud personal. Desde la \u00e9tica hasta la sostenibilidad, nuestras decisiones importan. Optar por alimentos vegetales no solo mejora la salud, sino tambi\u00e9n promueve un mundo m\u00e1s compasivo y sostenible. Es hora de elegir con conciencia y responsabilidad.<\/p>\n","protected":false},"excerpt":{"rendered":"<p>\u00bfSab\u00edas que en la industria lechera, las vacas son separadas de sus terneros poco despu\u00e9s de nacer, para que nosotros podamos consumir la leche que llega a los mercados? Hace 10.000 a\u00f1os, el ser humano domestic\u00f3 las vacas, permitiendo el uso de productos como la leche, aunque su consumo l\u00edquido se populariz\u00f3 en la modernidad [&hellip;]<\/p>\n","protected":false},"author":1,"featured_media":194790,"comment_status":"open","ping_status":"open","sticky":false,"template":"","format":"standard","meta":{"_acf_changed":false,"footnotes":""},"categories":[9],"tags":[],"class_list":["post-233381","post","type-post","status-publish","format-standard","has-post-thumbnail","category-opinion"],"acf":{"antetitulo":""},"yoast_head":"<!-- This site is optimized with the Yoast SEO plugin v28.3 - https:\/\/yoast.com\/product\/yoast-seo-wordpress\/ -->\n<title>Leche, terneros y salud - El Diario - Bolivia<\/title>\n<meta name=\"robots\" content=\"index, follow, max-snippet:-1, max-image-preview:large, max-video-preview:-1\" \/>\n<link rel=\"canonical\" href=\"https:\/\/www.eldiario.net\/portal\/2024\/07\/12\/leche-terneros-y-salud\/\" \/>\n<meta property=\"og:locale\" content=\"es_ES\" \/>\n<meta property=\"og:type\" content=\"article\" \/>\n<meta property=\"og:title\" content=\"Leche, terneros y salud - El Diario - Bolivia\" \/>\n<meta property=\"og:description\" content=\"\u00bfSab\u00edas que en la industria lechera, las vacas son separadas de sus terneros poco despu\u00e9s de nacer, para que nosotros podamos consumir la leche que llega a los mercados? Hace 10.000 a\u00f1os, el ser humano domestic\u00f3 las vacas, permitiendo el uso de productos como la leche, aunque su consumo l\u00edquido se populariz\u00f3 en la modernidad [&hellip;]\" \/>\n<meta property=\"og:url\" content=\"https:\/\/www.eldiario.net\/portal\/2024\/07\/12\/leche-terneros-y-salud\/\" \/>\n<meta property=\"og:site_name\" content=\"El Diario - Bolivia\" \/>\n<meta property=\"article:publisher\" content=\"https:\/\/www.facebook.com\/eldiario.bolivia\/\" \/>\n<meta property=\"article:published_time\" content=\"2024-07-12T10:17:59+00:00\" \/>\n<meta property=\"og:image\" content=\"https:\/\/www.eldiario.net\/portal\/wp-content\/uploads\/2023\/12\/Opinion.jpg\" \/>\n\t<meta property=\"og:image:width\" content=\"800\" \/>\n\t<meta property=\"og:image:height\" content=\"500\" \/>\n\t<meta property=\"og:image:type\" content=\"image\/jpeg\" \/>\n<meta name=\"author\" content=\"Jeanette\" \/>\n<meta name=\"twitter:card\" content=\"summary_large_image\" \/>\n<meta name=\"twitter:creator\" content=\"@eldiario_net\" \/>\n<meta name=\"twitter:site\" content=\"@eldiario_net\" \/>\n<meta name=\"twitter:label1\" content=\"Escrito por\" \/>\n\t<meta name=\"twitter:data1\" content=\"Jeanette\" \/>\n\t<meta name=\"twitter:label2\" content=\"Tiempo de lectura\" \/>\n\t<meta name=\"twitter:data2\" content=\"4 minutos\" \/>\n<script type=\"application\/ld+json\" class=\"yoast-schema-graph\">{\"@context\":\"https:\\\/\\\/schema.org\",\"@graph\":[{\"@type\":\"Article\",\"@id\":\"https:\\\/\\\/www.eldiario.net\\\/portal\\\/2024\\\/07\\\/12\\\/leche-terneros-y-salud\\\/#article\",\"isPartOf\":{\"@id\":\"https:\\\/\\\/www.eldiario.net\\\/portal\\\/2024\\\/07\\\/12\\\/leche-terneros-y-salud\\\/\"},\"author\":{\"name\":\"Jeanette\",\"@id\":\"https:\\\/\\\/www.eldiario.net\\\/portal\\\/#\\\/schema\\\/person\\\/f46445640444750d7d753ccd04ae01b7\"},\"headline\":\"Leche, terneros y salud\",\"datePublished\":\"2024-07-12T10:17:59+00:00\",\"mainEntityOfPage\":{\"@id\":\"https:\\\/\\\/www.eldiario.net\\\/portal\\\/2024\\\/07\\\/12\\\/leche-terneros-y-salud\\\/\"},\"wordCount\":730,\"commentCount\":0,\"publisher\":{\"@id\":\"https:\\\/\\\/www.eldiario.net\\\/portal\\\/#organization\"},\"image\":{\"@id\":\"https:\\\/\\\/www.eldiario.net\\\/portal\\\/2024\\\/07\\\/12\\\/leche-terneros-y-salud\\\/#primaryimage\"},\"thumbnailUrl\":\"https:\\\/\\\/www.eldiario.net\\\/portal\\\/wp-content\\\/uploads\\\/2023\\\/12\\\/Opinion.jpg\",\"articleSection\":[\"Opini\u00f3n\"],\"inLanguage\":\"es\",\"potentialAction\":[{\"@type\":\"CommentAction\",\"name\":\"Comment\",\"target\":[\"https:\\\/\\\/www.eldiario.net\\\/portal\\\/2024\\\/07\\\/12\\\/leche-terneros-y-salud\\\/#respond\"]}]},{\"@type\":\"WebPage\",\"@id\":\"https:\\\/\\\/www.eldiario.net\\\/portal\\\/2024\\\/07\\\/12\\\/leche-terneros-y-salud\\\/\",\"url\":\"https:\\\/\\\/www.eldiario.net\\\/portal\\\/2024\\\/07\\\/12\\\/leche-terneros-y-salud\\\/\",\"name\":\"Leche, terneros y salud - El Diario - Bolivia\",\"isPartOf\":{\"@id\":\"https:\\\/\\\/www.eldiario.net\\\/portal\\\/#website\"},\"primaryImageOfPage\":{\"@id\":\"https:\\\/\\\/www.eldiario.net\\\/portal\\\/2024\\\/07\\\/12\\\/leche-terneros-y-salud\\\/#primaryimage\"},\"image\":{\"@id\":\"https:\\\/\\\/www.eldiario.net\\\/portal\\\/2024\\\/07\\\/12\\\/leche-terneros-y-salud\\\/#primaryimage\"},\"thumbnailUrl\":\"https:\\\/\\\/www.eldiario.net\\\/portal\\\/wp-content\\\/uploads\\\/2023\\\/12\\\/Opinion.jpg\",\"datePublished\":\"2024-07-12T10:17:59+00:00\",\"breadcrumb\":{\"@id\":\"https:\\\/\\\/www.eldiario.net\\\/portal\\\/2024\\\/07\\\/12\\\/leche-terneros-y-salud\\\/#breadcrumb\"},\"inLanguage\":\"es\",\"potentialAction\":[{\"@type\":\"ReadAction\",\"target\":[\"https:\\\/\\\/www.eldiario.net\\\/portal\\\/2024\\\/07\\\/12\\\/leche-terneros-y-salud\\\/\"]}]},{\"@type\":\"ImageObject\",\"inLanguage\":\"es\",\"@id\":\"https:\\\/\\\/www.eldiario.net\\\/portal\\\/2024\\\/07\\\/12\\\/leche-terneros-y-salud\\\/#primaryimage\",\"url\":\"https:\\\/\\\/www.eldiario.net\\\/portal\\\/wp-content\\\/uploads\\\/2023\\\/12\\\/Opinion.jpg\",\"contentUrl\":\"https:\\\/\\\/www.eldiario.net\\\/portal\\\/wp-content\\\/uploads\\\/2023\\\/12\\\/Opinion.jpg\",\"width\":800,\"height\":500},{\"@type\":\"BreadcrumbList\",\"@id\":\"https:\\\/\\\/www.eldiario.net\\\/portal\\\/2024\\\/07\\\/12\\\/leche-terneros-y-salud\\\/#breadcrumb\",\"itemListElement\":[{\"@type\":\"ListItem\",\"position\":1,\"name\":\"Portada\",\"item\":\"https:\\\/\\\/www.eldiario.net\\\/portal\\\/\"},{\"@type\":\"ListItem\",\"position\":2,\"name\":\"Leche, terneros y salud\"}]},{\"@type\":\"WebSite\",\"@id\":\"https:\\\/\\\/www.eldiario.net\\\/portal\\\/#website\",\"url\":\"https:\\\/\\\/www.eldiario.net\\\/portal\\\/\",\"name\":\"El Diario - Decano de la prensa nacional\",\"description\":\"El Diario - Decano de la prensa nacional\",\"publisher\":{\"@id\":\"https:\\\/\\\/www.eldiario.net\\\/portal\\\/#organization\"},\"potentialAction\":[{\"@type\":\"SearchAction\",\"target\":{\"@type\":\"EntryPoint\",\"urlTemplate\":\"https:\\\/\\\/www.eldiario.net\\\/portal\\\/?s={search_term_string}\"},\"query-input\":{\"@type\":\"PropertyValueSpecification\",\"valueRequired\":true,\"valueName\":\"search_term_string\"}}],\"inLanguage\":\"es\"},{\"@type\":\"Organization\",\"@id\":\"https:\\\/\\\/www.eldiario.net\\\/portal\\\/#organization\",\"name\":\"El Diario - Decano de la prensa nacional\",\"url\":\"https:\\\/\\\/www.eldiario.net\\\/portal\\\/\",\"logo\":{\"@type\":\"ImageObject\",\"inLanguage\":\"es\",\"@id\":\"https:\\\/\\\/www.eldiario.net\\\/portal\\\/#\\\/schema\\\/logo\\\/image\\\/\",\"url\":\"https:\\\/\\\/www.eldiario.net\\\/portal\\\/wp-content\\\/uploads\\\/2023\\\/07\\\/logo_ED.jpg\",\"contentUrl\":\"https:\\\/\\\/www.eldiario.net\\\/portal\\\/wp-content\\\/uploads\\\/2023\\\/07\\\/logo_ED.jpg\",\"width\":272,\"height\":52,\"caption\":\"El Diario - Decano de la prensa nacional\"},\"image\":{\"@id\":\"https:\\\/\\\/www.eldiario.net\\\/portal\\\/#\\\/schema\\\/logo\\\/image\\\/\"},\"sameAs\":[\"https:\\\/\\\/www.facebook.com\\\/eldiario.bolivia\\\/\",\"https:\\\/\\\/x.com\\\/eldiario_net\"]},{\"@type\":\"Person\",\"@id\":\"https:\\\/\\\/www.eldiario.net\\\/portal\\\/#\\\/schema\\\/person\\\/f46445640444750d7d753ccd04ae01b7\",\"name\":\"Jeanette\",\"image\":{\"@type\":\"ImageObject\",\"inLanguage\":\"es\",\"@id\":\"https:\\\/\\\/secure.gravatar.com\\\/avatar\\\/3ea2118a5f7dad2b7138b1187a6b7ee55f160b9968b66013c3a3ef39dd7e5798?s=96&d=mm&r=g\",\"url\":\"https:\\\/\\\/secure.gravatar.com\\\/avatar\\\/3ea2118a5f7dad2b7138b1187a6b7ee55f160b9968b66013c3a3ef39dd7e5798?s=96&d=mm&r=g\",\"contentUrl\":\"https:\\\/\\\/secure.gravatar.com\\\/avatar\\\/3ea2118a5f7dad2b7138b1187a6b7ee55f160b9968b66013c3a3ef39dd7e5798?s=96&d=mm&r=g\",\"caption\":\"Jeanette\"},\"sameAs\":[\"https:\\\/\\\/www.eldiario.net\\\/portal\"],\"url\":\"https:\\\/\\\/www.eldiario.net\\\/portal\\\/author\\\/jeanette\\\/\"}]}<\/script>\n<!-- \/ Yoast SEO plugin. -->","yoast_head_json":{"title":"Leche, terneros y salud - El Diario - Bolivia","robots":{"index":"index","follow":"follow","max-snippet":"max-snippet:-1","max-image-preview":"max-image-preview:large","max-video-preview":"max-video-preview:-1"},"canonical":"https:\/\/www.eldiario.net\/portal\/2024\/07\/12\/leche-terneros-y-salud\/","og_locale":"es_ES","og_type":"article","og_title":"Leche, terneros y salud - El Diario - Bolivia","og_description":"\u00bfSab\u00edas que en la industria lechera, las vacas son separadas de sus terneros poco despu\u00e9s de nacer, para que nosotros podamos consumir la leche que llega a los mercados? Hace 10.000 a\u00f1os, el ser humano domestic\u00f3 las vacas, permitiendo el uso de productos como la leche, aunque su consumo l\u00edquido se populariz\u00f3 en la modernidad [&hellip;]","og_url":"https:\/\/www.eldiario.net\/portal\/2024\/07\/12\/leche-terneros-y-salud\/","og_site_name":"El Diario - Bolivia","article_publisher":"https:\/\/www.facebook.com\/eldiario.bolivia\/","article_published_time":"2024-07-12T10:17:59+00:00","og_image":[{"width":800,"height":500,"url":"https:\/\/www.eldiario.net\/portal\/wp-content\/uploads\/2023\/12\/Opinion.jpg","type":"image\/jpeg"}],"author":"Jeanette","twitter_card":"summary_large_image","twitter_creator":"@eldiario_net","twitter_site":"@eldiario_net","twitter_misc":{"Escrito por":"Jeanette","Tiempo de lectura":"4 minutos"},"schema":{"@context":"https:\/\/schema.org","@graph":[{"@type":"Article","@id":"https:\/\/www.eldiario.net\/portal\/2024\/07\/12\/leche-terneros-y-salud\/#article","isPartOf":{"@id":"https:\/\/www.eldiario.net\/portal\/2024\/07\/12\/leche-terneros-y-salud\/"},"author":{"name":"Jeanette","@id":"https:\/\/www.eldiario.net\/portal\/#\/schema\/person\/f46445640444750d7d753ccd04ae01b7"},"headline":"Leche, terneros y salud","datePublished":"2024-07-12T10:17:59+00:00","mainEntityOfPage":{"@id":"https:\/\/www.eldiario.net\/portal\/2024\/07\/12\/leche-terneros-y-salud\/"},"wordCount":730,"commentCount":0,"publisher":{"@id":"https:\/\/www.eldiario.net\/portal\/#organization"},"image":{"@id":"https:\/\/www.eldiario.net\/portal\/2024\/07\/12\/leche-terneros-y-salud\/#primaryimage"},"thumbnailUrl":"https:\/\/www.eldiario.net\/portal\/wp-content\/uploads\/2023\/12\/Opinion.jpg","articleSection":["Opini\u00f3n"],"inLanguage":"es","potentialAction":[{"@type":"CommentAction","name":"Comment","target":["https:\/\/www.eldiario.net\/portal\/2024\/07\/12\/leche-terneros-y-salud\/#respond"]}]},{"@type":"WebPage","@id":"https:\/\/www.eldiario.net\/portal\/2024\/07\/12\/leche-terneros-y-salud\/","url":"https:\/\/www.eldiario.net\/portal\/2024\/07\/12\/leche-terneros-y-salud\/","name":"Leche, terneros y salud - El Diario - Bolivia","isPartOf":{"@id":"https:\/\/www.eldiario.net\/portal\/#website"},"primaryImageOfPage":{"@id":"https:\/\/www.eldiario.net\/portal\/2024\/07\/12\/leche-terneros-y-salud\/#primaryimage"},"image":{"@id":"https:\/\/www.eldiario.net\/portal\/2024\/07\/12\/leche-terneros-y-salud\/#primaryimage"},"thumbnailUrl":"https:\/\/www.eldiario.net\/portal\/wp-content\/uploads\/2023\/12\/Opinion.jpg","datePublished":"2024-07-12T10:17:59+00:00","breadcrumb":{"@id":"https:\/\/www.eldiario.net\/portal\/2024\/07\/12\/leche-terneros-y-salud\/#breadcrumb"},"inLanguage":"es","potentialAction":[{"@type":"ReadAction","target":["https:\/\/www.eldiario.net\/portal\/2024\/07\/12\/leche-terneros-y-salud\/"]}]},{"@type":"ImageObject","inLanguage":"es","@id":"https:\/\/www.eldiario.net\/portal\/2024\/07\/12\/leche-terneros-y-salud\/#primaryimage","url":"https:\/\/www.eldiario.net\/portal\/wp-content\/uploads\/2023\/12\/Opinion.jpg","contentUrl":"https:\/\/www.eldiario.net\/portal\/wp-content\/uploads\/2023\/12\/Opinion.jpg","width":800,"height":500},{"@type":"BreadcrumbList","@id":"https:\/\/www.eldiario.net\/portal\/2024\/07\/12\/leche-terneros-y-salud\/#breadcrumb","itemListElement":[{"@type":"ListItem","position":1,"name":"Portada","item":"https:\/\/www.eldiario.net\/portal\/"},{"@type":"ListItem","position":2,"name":"Leche, terneros y salud"}]},{"@type":"WebSite","@id":"https:\/\/www.eldiario.net\/portal\/#website","url":"https:\/\/www.eldiario.net\/portal\/","name":"El Diario - Decano de la prensa nacional","description":"El Diario - Decano de la prensa nacional","publisher":{"@id":"https:\/\/www.eldiario.net\/portal\/#organization"},"potentialAction":[{"@type":"SearchAction","target":{"@type":"EntryPoint","urlTemplate":"https:\/\/www.eldiario.net\/portal\/?s={search_term_string}"},"query-input":{"@type":"PropertyValueSpecification","valueRequired":true,"valueName":"search_term_string"}}],"inLanguage":"es"},{"@type":"Organization","@id":"https:\/\/www.eldiario.net\/portal\/#organization","name":"El Diario - Decano de la prensa nacional","url":"https:\/\/www.eldiario.net\/portal\/","logo":{"@type":"ImageObject","inLanguage":"es","@id":"https:\/\/www.eldiario.net\/portal\/#\/schema\/logo\/image\/","url":"https:\/\/www.eldiario.net\/portal\/wp-content\/uploads\/2023\/07\/logo_ED.jpg","contentUrl":"https:\/\/www.eldiario.net\/portal\/wp-content\/uploads\/2023\/07\/logo_ED.jpg","width":272,"height":52,"caption":"El Diario - Decano de la prensa nacional"},"image":{"@id":"https:\/\/www.eldiario.net\/portal\/#\/schema\/logo\/image\/"},"sameAs":["https:\/\/www.facebook.com\/eldiario.bolivia\/","https:\/\/x.com\/eldiario_net"]},{"@type":"Person","@id":"https:\/\/www.eldiario.net\/portal\/#\/schema\/person\/f46445640444750d7d753ccd04ae01b7","name":"Jeanette","image":{"@type":"ImageObject","inLanguage":"es","@id":"https:\/\/secure.gravatar.com\/avatar\/3ea2118a5f7dad2b7138b1187a6b7ee55f160b9968b66013c3a3ef39dd7e5798?s=96&d=mm&r=g","url":"https:\/\/secure.gravatar.com\/avatar\/3ea2118a5f7dad2b7138b1187a6b7ee55f160b9968b66013c3a3ef39dd7e5798?s=96&d=mm&r=g","contentUrl":"https:\/\/secure.gravatar.com\/avatar\/3ea2118a5f7dad2b7138b1187a6b7ee55f160b9968b66013c3a3ef39dd7e5798?s=96&d=mm&r=g","caption":"Jeanette"},"sameAs":["https:\/\/www.eldiario.net\/portal"],"url":"https:\/\/www.eldiario.net\/portal\/author\/jeanette\/"}]}},"_links":{"self":[{"href":"https:\/\/www.eldiario.net\/portal\/wp-json\/wp\/v2\/posts\/233381","targetHints":{"allow":["GET"]}}],"collection":[{"href":"https:\/\/www.eldiario.net\/portal\/wp-json\/wp\/v2\/posts"}],"about":[{"href":"https:\/\/www.eldiario.net\/portal\/wp-json\/wp\/v2\/types\/post"}],"author":[{"embeddable":true,"href":"https:\/\/www.eldiario.net\/portal\/wp-json\/wp\/v2\/users\/1"}],"replies":[{"embeddable":true,"href":"https:\/\/www.eldiario.net\/portal\/wp-json\/wp\/v2\/comments?post=233381"}],"version-history":[{"count":1,"href":"https:\/\/www.eldiario.net\/portal\/wp-json\/wp\/v2\/posts\/233381\/revisions"}],"predecessor-version":[{"id":233382,"href":"https:\/\/www.eldiario.net\/portal\/wp-json\/wp\/v2\/posts\/233381\/revisions\/233382"}],"wp:featuredmedia":[{"embeddable":true,"href":"https:\/\/www.eldiario.net\/portal\/wp-json\/wp\/v2\/media\/194790"}],"wp:attachment":[{"href":"https:\/\/www.eldiario.net\/portal\/wp-json\/wp\/v2\/media?parent=233381"}],"wp:term":[{"taxonomy":"category","embeddable":true,"href":"https:\/\/www.eldiario.net\/portal\/wp-json\/wp\/v2\/categories?post=233381"},{"taxonomy":"post_tag","embeddable":true,"href":"https:\/\/www.eldiario.net\/portal\/wp-json\/wp\/v2\/tags?post=233381"}],"curies":[{"name":"wp","href":"https:\/\/api.w.org\/{rel}","templated":true}]}}