{"id":233379,"date":"2024-07-12T06:17:33","date_gmt":"2024-07-12T10:17:33","guid":{"rendered":"https:\/\/www.eldiario.net\/portal\/?p=233379"},"modified":"2024-07-12T06:17:33","modified_gmt":"2024-07-12T10:17:33","slug":"eventos-previos-al-congreso-plurinacional-de-educacion","status":"publish","type":"post","link":"https:\/\/www.eldiario.net\/portal\/2024\/07\/12\/eventos-previos-al-congreso-plurinacional-de-educacion\/","title":{"rendered":"Eventos previos al Congreso Plurinacional de Educaci\u00f3n"},"content":{"rendered":"<p>La Convocatoria al Congreso Plurinacional de Educaci\u00f3n fue aprobada mediante la Resoluci\u00f3n Ministerial (RM) N\u00b0 0312\/2024, el 29 de abril del a\u00f1o en curso, a fin de formular y delinear pol\u00edticas educativas que respondan a las necesidades del Estado y las aspiraciones de la sociedad boliviana.<br \/>\nEn ese marco, por medio de la RM N\u00b00486\/2024 de 12 de junio, se declara prioridad institucional del Ministerio de Educaci\u00f3n, la organizaci\u00f3n y desarrollo del Congreso Plurinacional de Educaci\u00f3n en todas sus fases y etapas; en sujeci\u00f3n a su gesti\u00f3n administrativa, financiera, legal y t\u00e9cnica, conforme a normativa legal vigente y de acuerdo a su disponibilidad presupuestaria.<br \/>\nAs\u00ed tambi\u00e9n, las nueve Direcciones Departamentales de Educaci\u00f3n, en sujeci\u00f3n a su autonom\u00eda de gesti\u00f3n administrativa, financiera, legal y t\u00e9cnica, conforme al ordenamiento jur\u00eddico en actual vigencia y su disponibilidad presupuestaria, deber\u00e1n enfocar sus actividades y recursos a fin de garantizar el desarrollo del Congreso.<br \/>\nEl Congreso Plurinacional de Educaci\u00f3n al constituirse la instancia m\u00e1xima de participaci\u00f3n de todos los sectores de la sociedad, tiene un cronograma de trabajo divido en tres etapas; el precongreso, la realizaci\u00f3n (propiamente dicha) y el postcongreso.<br \/>\nEl precongreso en su vertiente preparatoria de organizaci\u00f3n, se desarroll\u00f3 en junio. En cambio, la etapa de realizaci\u00f3n; en su fase de eventos previos al Congreso, se encuentra en plena coordinaci\u00f3n y planificaci\u00f3n de los encuentros especializados y sectoriales, previos a los Congresos Departamentales de Educaci\u00f3n.<br \/>\nEn raz\u00f3n al cumplimiento de plazos, los encuentros especializados y sectoriales ser\u00e1n desarrollados (en su mayor\u00eda) de manera simult\u00e1nea en los eventos distritales; en el marco del temario del Congreso; vale decir, diagn\u00f3stico de la educaci\u00f3n en Bolivia, formaci\u00f3n de maestros, curr\u00edculo y logros del Sistema Educativo Plurinacional (SEP), gesti\u00f3n educativa con participaci\u00f3n social y territorial y financiamiento de la educaci\u00f3n.<br \/>\nLos eventos distritales se caracterizar\u00e1n por la organizaci\u00f3n en mesas de trabajo de acuerdo al temario; por ejemplo, la comisi\u00f3n de curr\u00edculo y logros del SEP estar\u00e1 dividido en inicial, primaria, secundaria, formaci\u00f3n t\u00e9cnica tecnol\u00f3gica, especial, entre otros.<br \/>\nAl respecto, cabe destacar que, en los eventos distritales se debe garantizar la participaci\u00f3n de todas las instituciones educativas del SEP, representantes del magisterio urbano y rural; adem\u00e1s, de organizaciones sociales, ind\u00edgenas campesinas, respetando la jurisdicci\u00f3n del Distrito Educativo.<br \/>\nLos eventos distritales se deber\u00e1n llevar a cabo entre los meses de julio, agosto y septiembre; en raz\u00f3n a que los Congresos Departamentales de Educaci\u00f3n deber\u00e1n concluir en los primeros d\u00edas de octubre, con objeto de la sistematizaci\u00f3n de los documentos (propuestas y sugerencias) a ser presentados.<br \/>\nConsiguientemente, el Congreso Plurinacional de Educaci\u00f3n se desarrollar\u00e1 del 11 al 15 de noviembre en la sede de la Uni\u00f3n de Naciones Suramericanas (UNASUR), ubicado en el municipio de San Benito del departamento de Cochabamba.<\/p>\n<p>El autor es Magister en Pol\u00edticas de Formaci\u00f3n Docente.<\/p>\n","protected":false},"excerpt":{"rendered":"<p>La Convocatoria al Congreso Plurinacional de Educaci\u00f3n fue aprobada mediante la Resoluci\u00f3n Ministerial (RM) N\u00b0 0312\/2024, el 29 de abril del a\u00f1o en curso, a fin de formular y delinear pol\u00edticas educativas que respondan a las necesidades del Estado y las aspiraciones de la sociedad boliviana. En ese marco, por medio de la RM N\u00b00486\/2024 [&hellip;]<\/p>\n","protected":false},"author":1,"featured_media":158615,"comment_status":"open","ping_status":"open","sticky":false,"template":"","format":"standard","meta":{"_acf_changed":false,"footnotes":""},"categories":[9],"tags":[],"class_list":["post-233379","post","type-post","status-publish","format-standard","has-post-thumbnail","category-opinion"],"acf":{"antetitulo":"Fisuras educativas"},"yoast_head":"<!-- This site is optimized with the Yoast SEO plugin v28.3 - https:\/\/yoast.com\/product\/yoast-seo-wordpress\/ -->\n<title>Eventos previos al Congreso Plurinacional de Educaci\u00f3n - El Diario - Bolivia<\/title>\n<meta name=\"robots\" content=\"index, follow, max-snippet:-1, max-image-preview:large, max-video-preview:-1\" \/>\n<link rel=\"canonical\" href=\"https:\/\/www.eldiario.net\/portal\/2024\/07\/12\/eventos-previos-al-congreso-plurinacional-de-educacion\/\" \/>\n<meta property=\"og:locale\" content=\"es_ES\" \/>\n<meta property=\"og:type\" content=\"article\" \/>\n<meta property=\"og:title\" content=\"Eventos previos al Congreso Plurinacional de Educaci\u00f3n - El Diario - Bolivia\" \/>\n<meta property=\"og:description\" content=\"La Convocatoria al Congreso Plurinacional de Educaci\u00f3n fue aprobada mediante la Resoluci\u00f3n Ministerial (RM) N\u00b0 0312\/2024, el 29 de abril del a\u00f1o en curso, a fin de formular y delinear pol\u00edticas educativas que respondan a las necesidades del Estado y las aspiraciones de la sociedad boliviana. En ese marco, por medio de la RM N\u00b00486\/2024 [&hellip;]\" \/>\n<meta property=\"og:url\" content=\"https:\/\/www.eldiario.net\/portal\/2024\/07\/12\/eventos-previos-al-congreso-plurinacional-de-educacion\/\" \/>\n<meta property=\"og:site_name\" content=\"El Diario - Bolivia\" \/>\n<meta property=\"article:publisher\" content=\"https:\/\/www.facebook.com\/eldiario.bolivia\/\" \/>\n<meta property=\"article:published_time\" content=\"2024-07-12T10:17:33+00:00\" \/>\n<meta property=\"og:image\" content=\"https:\/\/www.eldiario.net\/portal\/wp-content\/uploads\/2023\/06\/Luis-Alberto-Callapino-Lopez.jpg\" \/>\n\t<meta property=\"og:image:width\" content=\"1200\" \/>\n\t<meta property=\"og:image:height\" content=\"628\" \/>\n\t<meta property=\"og:image:type\" content=\"image\/jpeg\" \/>\n<meta name=\"author\" content=\"Jeanette\" \/>\n<meta name=\"twitter:card\" content=\"summary_large_image\" \/>\n<meta name=\"twitter:creator\" content=\"@eldiario_net\" \/>\n<meta name=\"twitter:site\" content=\"@eldiario_net\" \/>\n<meta name=\"twitter:label1\" content=\"Escrito por\" \/>\n\t<meta name=\"twitter:data1\" content=\"Jeanette\" \/>\n\t<meta name=\"twitter:label2\" content=\"Tiempo de lectura\" \/>\n\t<meta name=\"twitter:data2\" content=\"3 minutos\" \/>\n<script type=\"application\/ld+json\" class=\"yoast-schema-graph\">{\"@context\":\"https:\\\/\\\/schema.org\",\"@graph\":[{\"@type\":\"Article\",\"@id\":\"https:\\\/\\\/www.eldiario.net\\\/portal\\\/2024\\\/07\\\/12\\\/eventos-previos-al-congreso-plurinacional-de-educacion\\\/#article\",\"isPartOf\":{\"@id\":\"https:\\\/\\\/www.eldiario.net\\\/portal\\\/2024\\\/07\\\/12\\\/eventos-previos-al-congreso-plurinacional-de-educacion\\\/\"},\"author\":{\"name\":\"Jeanette\",\"@id\":\"https:\\\/\\\/www.eldiario.net\\\/portal\\\/#\\\/schema\\\/person\\\/f46445640444750d7d753ccd04ae01b7\"},\"headline\":\"Eventos previos al Congreso Plurinacional de Educaci\u00f3n\",\"datePublished\":\"2024-07-12T10:17:33+00:00\",\"mainEntityOfPage\":{\"@id\":\"https:\\\/\\\/www.eldiario.net\\\/portal\\\/2024\\\/07\\\/12\\\/eventos-previos-al-congreso-plurinacional-de-educacion\\\/\"},\"wordCount\":523,\"commentCount\":0,\"publisher\":{\"@id\":\"https:\\\/\\\/www.eldiario.net\\\/portal\\\/#organization\"},\"image\":{\"@id\":\"https:\\\/\\\/www.eldiario.net\\\/portal\\\/2024\\\/07\\\/12\\\/eventos-previos-al-congreso-plurinacional-de-educacion\\\/#primaryimage\"},\"thumbnailUrl\":\"https:\\\/\\\/www.eldiario.net\\\/portal\\\/wp-content\\\/uploads\\\/2023\\\/06\\\/Luis-Alberto-Callapino-Lopez.jpg\",\"articleSection\":[\"Opini\u00f3n\"],\"inLanguage\":\"es\",\"potentialAction\":[{\"@type\":\"CommentAction\",\"name\":\"Comment\",\"target\":[\"https:\\\/\\\/www.eldiario.net\\\/portal\\\/2024\\\/07\\\/12\\\/eventos-previos-al-congreso-plurinacional-de-educacion\\\/#respond\"]}]},{\"@type\":\"WebPage\",\"@id\":\"https:\\\/\\\/www.eldiario.net\\\/portal\\\/2024\\\/07\\\/12\\\/eventos-previos-al-congreso-plurinacional-de-educacion\\\/\",\"url\":\"https:\\\/\\\/www.eldiario.net\\\/portal\\\/2024\\\/07\\\/12\\\/eventos-previos-al-congreso-plurinacional-de-educacion\\\/\",\"name\":\"Eventos previos al Congreso Plurinacional de Educaci\u00f3n - El Diario - Bolivia\",\"isPartOf\":{\"@id\":\"https:\\\/\\\/www.eldiario.net\\\/portal\\\/#website\"},\"primaryImageOfPage\":{\"@id\":\"https:\\\/\\\/www.eldiario.net\\\/portal\\\/2024\\\/07\\\/12\\\/eventos-previos-al-congreso-plurinacional-de-educacion\\\/#primaryimage\"},\"image\":{\"@id\":\"https:\\\/\\\/www.eldiario.net\\\/portal\\\/2024\\\/07\\\/12\\\/eventos-previos-al-congreso-plurinacional-de-educacion\\\/#primaryimage\"},\"thumbnailUrl\":\"https:\\\/\\\/www.eldiario.net\\\/portal\\\/wp-content\\\/uploads\\\/2023\\\/06\\\/Luis-Alberto-Callapino-Lopez.jpg\",\"datePublished\":\"2024-07-12T10:17:33+00:00\",\"breadcrumb\":{\"@id\":\"https:\\\/\\\/www.eldiario.net\\\/portal\\\/2024\\\/07\\\/12\\\/eventos-previos-al-congreso-plurinacional-de-educacion\\\/#breadcrumb\"},\"inLanguage\":\"es\",\"potentialAction\":[{\"@type\":\"ReadAction\",\"target\":[\"https:\\\/\\\/www.eldiario.net\\\/portal\\\/2024\\\/07\\\/12\\\/eventos-previos-al-congreso-plurinacional-de-educacion\\\/\"]}]},{\"@type\":\"ImageObject\",\"inLanguage\":\"es\",\"@id\":\"https:\\\/\\\/www.eldiario.net\\\/portal\\\/2024\\\/07\\\/12\\\/eventos-previos-al-congreso-plurinacional-de-educacion\\\/#primaryimage\",\"url\":\"https:\\\/\\\/www.eldiario.net\\\/portal\\\/wp-content\\\/uploads\\\/2023\\\/06\\\/Luis-Alberto-Callapino-Lopez.jpg\",\"contentUrl\":\"https:\\\/\\\/www.eldiario.net\\\/portal\\\/wp-content\\\/uploads\\\/2023\\\/06\\\/Luis-Alberto-Callapino-Lopez.jpg\",\"width\":1200,\"height\":628,\"caption\":\"Luis Alberto Callapino L\u00f3pez\"},{\"@type\":\"BreadcrumbList\",\"@id\":\"https:\\\/\\\/www.eldiario.net\\\/portal\\\/2024\\\/07\\\/12\\\/eventos-previos-al-congreso-plurinacional-de-educacion\\\/#breadcrumb\",\"itemListElement\":[{\"@type\":\"ListItem\",\"position\":1,\"name\":\"Portada\",\"item\":\"https:\\\/\\\/www.eldiario.net\\\/portal\\\/\"},{\"@type\":\"ListItem\",\"position\":2,\"name\":\"Eventos previos al Congreso Plurinacional de Educaci\u00f3n\"}]},{\"@type\":\"WebSite\",\"@id\":\"https:\\\/\\\/www.eldiario.net\\\/portal\\\/#website\",\"url\":\"https:\\\/\\\/www.eldiario.net\\\/portal\\\/\",\"name\":\"El Diario - Decano de la prensa nacional\",\"description\":\"El Diario - Decano de la prensa nacional\",\"publisher\":{\"@id\":\"https:\\\/\\\/www.eldiario.net\\\/portal\\\/#organization\"},\"potentialAction\":[{\"@type\":\"SearchAction\",\"target\":{\"@type\":\"EntryPoint\",\"urlTemplate\":\"https:\\\/\\\/www.eldiario.net\\\/portal\\\/?s={search_term_string}\"},\"query-input\":{\"@type\":\"PropertyValueSpecification\",\"valueRequired\":true,\"valueName\":\"search_term_string\"}}],\"inLanguage\":\"es\"},{\"@type\":\"Organization\",\"@id\":\"https:\\\/\\\/www.eldiario.net\\\/portal\\\/#organization\",\"name\":\"El Diario - Decano de la prensa nacional\",\"url\":\"https:\\\/\\\/www.eldiario.net\\\/portal\\\/\",\"logo\":{\"@type\":\"ImageObject\",\"inLanguage\":\"es\",\"@id\":\"https:\\\/\\\/www.eldiario.net\\\/portal\\\/#\\\/schema\\\/logo\\\/image\\\/\",\"url\":\"https:\\\/\\\/www.eldiario.net\\\/portal\\\/wp-content\\\/uploads\\\/2023\\\/07\\\/logo_ED.jpg\",\"contentUrl\":\"https:\\\/\\\/www.eldiario.net\\\/portal\\\/wp-content\\\/uploads\\\/2023\\\/07\\\/logo_ED.jpg\",\"width\":272,\"height\":52,\"caption\":\"El Diario - Decano de la prensa nacional\"},\"image\":{\"@id\":\"https:\\\/\\\/www.eldiario.net\\\/portal\\\/#\\\/schema\\\/logo\\\/image\\\/\"},\"sameAs\":[\"https:\\\/\\\/www.facebook.com\\\/eldiario.bolivia\\\/\",\"https:\\\/\\\/x.com\\\/eldiario_net\"]},{\"@type\":\"Person\",\"@id\":\"https:\\\/\\\/www.eldiario.net\\\/portal\\\/#\\\/schema\\\/person\\\/f46445640444750d7d753ccd04ae01b7\",\"name\":\"Jeanette\",\"image\":{\"@type\":\"ImageObject\",\"inLanguage\":\"es\",\"@id\":\"https:\\\/\\\/secure.gravatar.com\\\/avatar\\\/3ea2118a5f7dad2b7138b1187a6b7ee55f160b9968b66013c3a3ef39dd7e5798?s=96&d=mm&r=g\",\"url\":\"https:\\\/\\\/secure.gravatar.com\\\/avatar\\\/3ea2118a5f7dad2b7138b1187a6b7ee55f160b9968b66013c3a3ef39dd7e5798?s=96&d=mm&r=g\",\"contentUrl\":\"https:\\\/\\\/secure.gravatar.com\\\/avatar\\\/3ea2118a5f7dad2b7138b1187a6b7ee55f160b9968b66013c3a3ef39dd7e5798?s=96&d=mm&r=g\",\"caption\":\"Jeanette\"},\"sameAs\":[\"https:\\\/\\\/www.eldiario.net\\\/portal\"],\"url\":\"https:\\\/\\\/www.eldiario.net\\\/portal\\\/author\\\/jeanette\\\/\"}]}<\/script>\n<!-- \/ Yoast SEO plugin. -->","yoast_head_json":{"title":"Eventos previos al Congreso Plurinacional de Educaci\u00f3n - El Diario - Bolivia","robots":{"index":"index","follow":"follow","max-snippet":"max-snippet:-1","max-image-preview":"max-image-preview:large","max-video-preview":"max-video-preview:-1"},"canonical":"https:\/\/www.eldiario.net\/portal\/2024\/07\/12\/eventos-previos-al-congreso-plurinacional-de-educacion\/","og_locale":"es_ES","og_type":"article","og_title":"Eventos previos al Congreso Plurinacional de Educaci\u00f3n - El Diario - Bolivia","og_description":"La Convocatoria al Congreso Plurinacional de Educaci\u00f3n fue aprobada mediante la Resoluci\u00f3n Ministerial (RM) N\u00b0 0312\/2024, el 29 de abril del a\u00f1o en curso, a fin de formular y delinear pol\u00edticas educativas que respondan a las necesidades del Estado y las aspiraciones de la sociedad boliviana. En ese marco, por medio de la RM N\u00b00486\/2024 [&hellip;]","og_url":"https:\/\/www.eldiario.net\/portal\/2024\/07\/12\/eventos-previos-al-congreso-plurinacional-de-educacion\/","og_site_name":"El Diario - Bolivia","article_publisher":"https:\/\/www.facebook.com\/eldiario.bolivia\/","article_published_time":"2024-07-12T10:17:33+00:00","og_image":[{"width":1200,"height":628,"url":"https:\/\/www.eldiario.net\/portal\/wp-content\/uploads\/2023\/06\/Luis-Alberto-Callapino-Lopez.jpg","type":"image\/jpeg"}],"author":"Jeanette","twitter_card":"summary_large_image","twitter_creator":"@eldiario_net","twitter_site":"@eldiario_net","twitter_misc":{"Escrito por":"Jeanette","Tiempo de lectura":"3 minutos"},"schema":{"@context":"https:\/\/schema.org","@graph":[{"@type":"Article","@id":"https:\/\/www.eldiario.net\/portal\/2024\/07\/12\/eventos-previos-al-congreso-plurinacional-de-educacion\/#article","isPartOf":{"@id":"https:\/\/www.eldiario.net\/portal\/2024\/07\/12\/eventos-previos-al-congreso-plurinacional-de-educacion\/"},"author":{"name":"Jeanette","@id":"https:\/\/www.eldiario.net\/portal\/#\/schema\/person\/f46445640444750d7d753ccd04ae01b7"},"headline":"Eventos previos al Congreso Plurinacional de Educaci\u00f3n","datePublished":"2024-07-12T10:17:33+00:00","mainEntityOfPage":{"@id":"https:\/\/www.eldiario.net\/portal\/2024\/07\/12\/eventos-previos-al-congreso-plurinacional-de-educacion\/"},"wordCount":523,"commentCount":0,"publisher":{"@id":"https:\/\/www.eldiario.net\/portal\/#organization"},"image":{"@id":"https:\/\/www.eldiario.net\/portal\/2024\/07\/12\/eventos-previos-al-congreso-plurinacional-de-educacion\/#primaryimage"},"thumbnailUrl":"https:\/\/www.eldiario.net\/portal\/wp-content\/uploads\/2023\/06\/Luis-Alberto-Callapino-Lopez.jpg","articleSection":["Opini\u00f3n"],"inLanguage":"es","potentialAction":[{"@type":"CommentAction","name":"Comment","target":["https:\/\/www.eldiario.net\/portal\/2024\/07\/12\/eventos-previos-al-congreso-plurinacional-de-educacion\/#respond"]}]},{"@type":"WebPage","@id":"https:\/\/www.eldiario.net\/portal\/2024\/07\/12\/eventos-previos-al-congreso-plurinacional-de-educacion\/","url":"https:\/\/www.eldiario.net\/portal\/2024\/07\/12\/eventos-previos-al-congreso-plurinacional-de-educacion\/","name":"Eventos previos al Congreso Plurinacional de Educaci\u00f3n - El Diario - Bolivia","isPartOf":{"@id":"https:\/\/www.eldiario.net\/portal\/#website"},"primaryImageOfPage":{"@id":"https:\/\/www.eldiario.net\/portal\/2024\/07\/12\/eventos-previos-al-congreso-plurinacional-de-educacion\/#primaryimage"},"image":{"@id":"https:\/\/www.eldiario.net\/portal\/2024\/07\/12\/eventos-previos-al-congreso-plurinacional-de-educacion\/#primaryimage"},"thumbnailUrl":"https:\/\/www.eldiario.net\/portal\/wp-content\/uploads\/2023\/06\/Luis-Alberto-Callapino-Lopez.jpg","datePublished":"2024-07-12T10:17:33+00:00","breadcrumb":{"@id":"https:\/\/www.eldiario.net\/portal\/2024\/07\/12\/eventos-previos-al-congreso-plurinacional-de-educacion\/#breadcrumb"},"inLanguage":"es","potentialAction":[{"@type":"ReadAction","target":["https:\/\/www.eldiario.net\/portal\/2024\/07\/12\/eventos-previos-al-congreso-plurinacional-de-educacion\/"]}]},{"@type":"ImageObject","inLanguage":"es","@id":"https:\/\/www.eldiario.net\/portal\/2024\/07\/12\/eventos-previos-al-congreso-plurinacional-de-educacion\/#primaryimage","url":"https:\/\/www.eldiario.net\/portal\/wp-content\/uploads\/2023\/06\/Luis-Alberto-Callapino-Lopez.jpg","contentUrl":"https:\/\/www.eldiario.net\/portal\/wp-content\/uploads\/2023\/06\/Luis-Alberto-Callapino-Lopez.jpg","width":1200,"height":628,"caption":"Luis Alberto Callapino L\u00f3pez"},{"@type":"BreadcrumbList","@id":"https:\/\/www.eldiario.net\/portal\/2024\/07\/12\/eventos-previos-al-congreso-plurinacional-de-educacion\/#breadcrumb","itemListElement":[{"@type":"ListItem","position":1,"name":"Portada","item":"https:\/\/www.eldiario.net\/portal\/"},{"@type":"ListItem","position":2,"name":"Eventos previos al Congreso Plurinacional de Educaci\u00f3n"}]},{"@type":"WebSite","@id":"https:\/\/www.eldiario.net\/portal\/#website","url":"https:\/\/www.eldiario.net\/portal\/","name":"El Diario - Decano de la prensa nacional","description":"El Diario - Decano de la prensa nacional","publisher":{"@id":"https:\/\/www.eldiario.net\/portal\/#organization"},"potentialAction":[{"@type":"SearchAction","target":{"@type":"EntryPoint","urlTemplate":"https:\/\/www.eldiario.net\/portal\/?s={search_term_string}"},"query-input":{"@type":"PropertyValueSpecification","valueRequired":true,"valueName":"search_term_string"}}],"inLanguage":"es"},{"@type":"Organization","@id":"https:\/\/www.eldiario.net\/portal\/#organization","name":"El Diario - Decano de la prensa nacional","url":"https:\/\/www.eldiario.net\/portal\/","logo":{"@type":"ImageObject","inLanguage":"es","@id":"https:\/\/www.eldiario.net\/portal\/#\/schema\/logo\/image\/","url":"https:\/\/www.eldiario.net\/portal\/wp-content\/uploads\/2023\/07\/logo_ED.jpg","contentUrl":"https:\/\/www.eldiario.net\/portal\/wp-content\/uploads\/2023\/07\/logo_ED.jpg","width":272,"height":52,"caption":"El Diario - Decano de la prensa nacional"},"image":{"@id":"https:\/\/www.eldiario.net\/portal\/#\/schema\/logo\/image\/"},"sameAs":["https:\/\/www.facebook.com\/eldiario.bolivia\/","https:\/\/x.com\/eldiario_net"]},{"@type":"Person","@id":"https:\/\/www.eldiario.net\/portal\/#\/schema\/person\/f46445640444750d7d753ccd04ae01b7","name":"Jeanette","image":{"@type":"ImageObject","inLanguage":"es","@id":"https:\/\/secure.gravatar.com\/avatar\/3ea2118a5f7dad2b7138b1187a6b7ee55f160b9968b66013c3a3ef39dd7e5798?s=96&d=mm&r=g","url":"https:\/\/secure.gravatar.com\/avatar\/3ea2118a5f7dad2b7138b1187a6b7ee55f160b9968b66013c3a3ef39dd7e5798?s=96&d=mm&r=g","contentUrl":"https:\/\/secure.gravatar.com\/avatar\/3ea2118a5f7dad2b7138b1187a6b7ee55f160b9968b66013c3a3ef39dd7e5798?s=96&d=mm&r=g","caption":"Jeanette"},"sameAs":["https:\/\/www.eldiario.net\/portal"],"url":"https:\/\/www.eldiario.net\/portal\/author\/jeanette\/"}]}},"_links":{"self":[{"href":"https:\/\/www.eldiario.net\/portal\/wp-json\/wp\/v2\/posts\/233379","targetHints":{"allow":["GET"]}}],"collection":[{"href":"https:\/\/www.eldiario.net\/portal\/wp-json\/wp\/v2\/posts"}],"about":[{"href":"https:\/\/www.eldiario.net\/portal\/wp-json\/wp\/v2\/types\/post"}],"author":[{"embeddable":true,"href":"https:\/\/www.eldiario.net\/portal\/wp-json\/wp\/v2\/users\/1"}],"replies":[{"embeddable":true,"href":"https:\/\/www.eldiario.net\/portal\/wp-json\/wp\/v2\/comments?post=233379"}],"version-history":[{"count":1,"href":"https:\/\/www.eldiario.net\/portal\/wp-json\/wp\/v2\/posts\/233379\/revisions"}],"predecessor-version":[{"id":233380,"href":"https:\/\/www.eldiario.net\/portal\/wp-json\/wp\/v2\/posts\/233379\/revisions\/233380"}],"wp:featuredmedia":[{"embeddable":true,"href":"https:\/\/www.eldiario.net\/portal\/wp-json\/wp\/v2\/media\/158615"}],"wp:attachment":[{"href":"https:\/\/www.eldiario.net\/portal\/wp-json\/wp\/v2\/media?parent=233379"}],"wp:term":[{"taxonomy":"category","embeddable":true,"href":"https:\/\/www.eldiario.net\/portal\/wp-json\/wp\/v2\/categories?post=233379"},{"taxonomy":"post_tag","embeddable":true,"href":"https:\/\/www.eldiario.net\/portal\/wp-json\/wp\/v2\/tags?post=233379"}],"curies":[{"name":"wp","href":"https:\/\/api.w.org\/{rel}","templated":true}]}}