{"id":233377,"date":"2024-07-12T06:17:10","date_gmt":"2024-07-12T10:17:10","guid":{"rendered":"https:\/\/www.eldiario.net\/portal\/?p=233377"},"modified":"2024-07-12T06:17:10","modified_gmt":"2024-07-12T10:17:10","slug":"fiesta-nacional-de-francia-3","status":"publish","type":"post","link":"https:\/\/www.eldiario.net\/portal\/2024\/07\/12\/fiesta-nacional-de-francia-3\/","title":{"rendered":"Fiesta Nacional de Francia"},"content":{"rendered":"<p>El 14 de julio se celebra la Fiesta Nacional de Francia. En esta nota nos referiremos a su capital, Par\u00eds.<br \/>\nHablar de Par\u00eds, es recordar la Revoluci\u00f3n Francesa de 1789, de la \u201cIgualdad, Fraternidad y Libertad\u201d. Se la llama tambi\u00e9n la ciudad luz, que tiene monumentos, iglesias y lugares incomparables, es un lugar tur\u00edstico de Europa y est\u00e1 surcada por el r\u00edo Sena, el cual se puede navegar mediante embarcaciones tur\u00edsticas.<br \/>\nLa poblaci\u00f3n urbana de Par\u00eds es de 2 millones de habitantes y la del \u00e1rea metropolitana es de 12 millones.<br \/>\nEntre sus atractivos tur\u00edsticos, hist\u00f3ricos, lugares emblem\u00e1ticos, tenemos: La Torre Eiffel, de 330 metros de altura, s\u00edmbolo del modernismo, construida por el Ing. Gustave Eiffel a fines del Siglo XIX, de cuya parte superior, se puede observar gran parte de Par\u00eds.<br \/>\nLuego tenemos al \u201cArco del Triunfo\u201d, de 50 metros de altura y decorado con bajos relieves, s\u00edmbolo de la grandeza napole\u00f3nica.<br \/>\nTambi\u00e9n tenemos a la catedral de \u201cNuestra Se\u00f1ora de Par\u00eds\u201d (\u201cNotre Dame\u201d), s\u00edmbolo del Par\u00eds medieval, la catedral de estilo g\u00f3tico m\u00e1s famosa del mundo, donde se realiz\u00f3 la coronaci\u00f3n imperial de Napole\u00f3n. El 15 de abril de 2019, sufri\u00f3 un incendio parcial y actualmente est\u00e1 en etapa de restauraci\u00f3n.<br \/>\nEn el Museo del Louvre son presentadas pinturas, esculturas y una serie de obras art\u00edsticas e hist\u00f3ricas, donde sobresale \u201cLa Gioconda\u201d de Leonardo Davinci y \u201cLa Venus de Milo\u201d.<br \/>\nLa Revoluci\u00f3n Francesa se inici\u00f3 el 14 de julio de 1789 con la \u201cToma de la Bastilla\u201d y en La Plaza de \u201cLa Concordia\u201d, fueron guillotinadas miles de personas, entre ellas Luis XVI y Mar\u00eda Antonieta (1793). Pr\u00f3xima a la Plaza de \u201cLa Concordia\u201d, se encuentra \u201cLa Madelaine\u201d.<br \/>\n\u201cLos Campos El\u00edseos\u201d es una avenida ic\u00f3nica, amplia, donde hay restaurantes, hoteles, salas de espect\u00e1culos y tiendas de marca.<br \/>\n\u201cLido de Par\u00eds\u201d, es un cabaret situado en los Campos El\u00edseos. Es conocido por sus ex\u00f3ticos espect\u00e1culos, incluyendo bailarines, cantantes y otros artistas.<br \/>\n\u201cLa \u00d3pera\u201d, es una instituci\u00f3n musical, donde se realizan obras de teatro y otros, en sus diferentes salas.<br \/>\nLos Jardines de Versalles, son famosos por su extensi\u00f3n y belleza.<br \/>\nLa Bas\u00edlica Menor del Sagrado Coraz\u00f3n, est\u00e1 situada en la Colina de \u201cMontmartre\u201d y es un santuario de adoraci\u00f3n eucar\u00edstica.<br \/>\nEl \u201cMolino Rojo\u201d (Moulin Rouge) es un famoso cabaret parisino y est\u00e1 situado en el barrio rojo de Pigalle.<br \/>\nTambi\u00e9n son importantes los barrios de Saint Denis, barrio Latino, las galer\u00edas de Lafallet, \u201cLa Defense\u201d y otros.<br \/>\nExisten dos estaciones principales, la del norte y la de Lyon. Tambi\u00e9n hay varias l\u00edneas de \u201cmetros\u201d, que constituyen un transporte subterr\u00e1neo de gran velocidad y comodidad.<br \/>\nFuera de Paris, tenemos el \u201cValle del Loira\u201d, donde hay gran cantidad de castillos y palacios.<br \/>\nConcluimos mencionando la Francia del Mar Mediterr\u00e1neo o Riviera Francesa o Costa Azul.<\/p>\n<p>www.ensayosedgarruiz.blogspot.com<\/p>\n","protected":false},"excerpt":{"rendered":"<p>El 14 de julio se celebra la Fiesta Nacional de Francia. En esta nota nos referiremos a su capital, Par\u00eds. Hablar de Par\u00eds, es recordar la Revoluci\u00f3n Francesa de 1789, de la \u201cIgualdad, Fraternidad y Libertad\u201d. Se la llama tambi\u00e9n la ciudad luz, que tiene monumentos, iglesias y lugares incomparables, es un lugar tur\u00edstico de [&hellip;]<\/p>\n","protected":false},"author":1,"featured_media":160912,"comment_status":"open","ping_status":"open","sticky":false,"template":"","format":"standard","meta":{"_acf_changed":false,"footnotes":""},"categories":[9],"tags":[],"class_list":["post-233377","post","type-post","status-publish","format-standard","has-post-thumbnail","category-opinion"],"acf":{"antetitulo":""},"yoast_head":"<!-- This site is optimized with the Yoast SEO plugin v28.4 - https:\/\/yoast.com\/product\/yoast-seo-wordpress\/ -->\n<title>Fiesta Nacional de Francia - El Diario - Bolivia<\/title>\n<meta name=\"robots\" content=\"index, follow, max-snippet:-1, max-image-preview:large, max-video-preview:-1\" \/>\n<link rel=\"canonical\" href=\"https:\/\/www.eldiario.net\/portal\/2024\/07\/12\/fiesta-nacional-de-francia-3\/\" \/>\n<meta property=\"og:locale\" content=\"es_ES\" \/>\n<meta property=\"og:type\" content=\"article\" \/>\n<meta property=\"og:title\" content=\"Fiesta Nacional de Francia - El Diario - Bolivia\" \/>\n<meta property=\"og:description\" content=\"El 14 de julio se celebra la Fiesta Nacional de Francia. En esta nota nos referiremos a su capital, Par\u00eds. Hablar de Par\u00eds, es recordar la Revoluci\u00f3n Francesa de 1789, de la \u201cIgualdad, Fraternidad y Libertad\u201d. Se la llama tambi\u00e9n la ciudad luz, que tiene monumentos, iglesias y lugares incomparables, es un lugar tur\u00edstico de [&hellip;]\" \/>\n<meta property=\"og:url\" content=\"https:\/\/www.eldiario.net\/portal\/2024\/07\/12\/fiesta-nacional-de-francia-3\/\" \/>\n<meta property=\"og:site_name\" content=\"El Diario - Bolivia\" \/>\n<meta property=\"article:publisher\" content=\"https:\/\/www.facebook.com\/eldiario.bolivia\/\" \/>\n<meta property=\"article:published_time\" content=\"2024-07-12T10:17:10+00:00\" \/>\n<meta property=\"og:image\" content=\"https:\/\/www.eldiario.net\/portal\/wp-content\/uploads\/2023\/06\/Edgar-Ruiz-Botello.jpg\" \/>\n\t<meta property=\"og:image:width\" content=\"1200\" \/>\n\t<meta property=\"og:image:height\" content=\"628\" \/>\n\t<meta property=\"og:image:type\" content=\"image\/jpeg\" \/>\n<meta name=\"author\" content=\"Jeanette\" \/>\n<meta name=\"twitter:card\" content=\"summary_large_image\" \/>\n<meta name=\"twitter:creator\" content=\"@eldiario_net\" \/>\n<meta name=\"twitter:site\" content=\"@eldiario_net\" \/>\n<meta name=\"twitter:label1\" content=\"Escrito por\" \/>\n\t<meta name=\"twitter:data1\" content=\"Jeanette\" \/>\n\t<meta name=\"twitter:label2\" content=\"Tiempo de lectura\" \/>\n\t<meta name=\"twitter:data2\" content=\"3 minutos\" \/>\n<script type=\"application\/ld+json\" class=\"yoast-schema-graph\">{\"@context\":\"https:\\\/\\\/schema.org\",\"@graph\":[{\"@type\":\"Article\",\"@id\":\"https:\\\/\\\/www.eldiario.net\\\/portal\\\/2024\\\/07\\\/12\\\/fiesta-nacional-de-francia-3\\\/#article\",\"isPartOf\":{\"@id\":\"https:\\\/\\\/www.eldiario.net\\\/portal\\\/2024\\\/07\\\/12\\\/fiesta-nacional-de-francia-3\\\/\"},\"author\":{\"name\":\"Jeanette\",\"@id\":\"https:\\\/\\\/www.eldiario.net\\\/portal\\\/#\\\/schema\\\/person\\\/f46445640444750d7d753ccd04ae01b7\"},\"headline\":\"Fiesta Nacional de Francia\",\"datePublished\":\"2024-07-12T10:17:10+00:00\",\"mainEntityOfPage\":{\"@id\":\"https:\\\/\\\/www.eldiario.net\\\/portal\\\/2024\\\/07\\\/12\\\/fiesta-nacional-de-francia-3\\\/\"},\"wordCount\":511,\"commentCount\":0,\"publisher\":{\"@id\":\"https:\\\/\\\/www.eldiario.net\\\/portal\\\/#organization\"},\"image\":{\"@id\":\"https:\\\/\\\/www.eldiario.net\\\/portal\\\/2024\\\/07\\\/12\\\/fiesta-nacional-de-francia-3\\\/#primaryimage\"},\"thumbnailUrl\":\"https:\\\/\\\/www.eldiario.net\\\/portal\\\/wp-content\\\/uploads\\\/2023\\\/06\\\/Edgar-Ruiz-Botello.jpg\",\"articleSection\":[\"Opini\u00f3n\"],\"inLanguage\":\"es\",\"potentialAction\":[{\"@type\":\"CommentAction\",\"name\":\"Comment\",\"target\":[\"https:\\\/\\\/www.eldiario.net\\\/portal\\\/2024\\\/07\\\/12\\\/fiesta-nacional-de-francia-3\\\/#respond\"]}]},{\"@type\":\"WebPage\",\"@id\":\"https:\\\/\\\/www.eldiario.net\\\/portal\\\/2024\\\/07\\\/12\\\/fiesta-nacional-de-francia-3\\\/\",\"url\":\"https:\\\/\\\/www.eldiario.net\\\/portal\\\/2024\\\/07\\\/12\\\/fiesta-nacional-de-francia-3\\\/\",\"name\":\"Fiesta Nacional de Francia - El Diario - Bolivia\",\"isPartOf\":{\"@id\":\"https:\\\/\\\/www.eldiario.net\\\/portal\\\/#website\"},\"primaryImageOfPage\":{\"@id\":\"https:\\\/\\\/www.eldiario.net\\\/portal\\\/2024\\\/07\\\/12\\\/fiesta-nacional-de-francia-3\\\/#primaryimage\"},\"image\":{\"@id\":\"https:\\\/\\\/www.eldiario.net\\\/portal\\\/2024\\\/07\\\/12\\\/fiesta-nacional-de-francia-3\\\/#primaryimage\"},\"thumbnailUrl\":\"https:\\\/\\\/www.eldiario.net\\\/portal\\\/wp-content\\\/uploads\\\/2023\\\/06\\\/Edgar-Ruiz-Botello.jpg\",\"datePublished\":\"2024-07-12T10:17:10+00:00\",\"breadcrumb\":{\"@id\":\"https:\\\/\\\/www.eldiario.net\\\/portal\\\/2024\\\/07\\\/12\\\/fiesta-nacional-de-francia-3\\\/#breadcrumb\"},\"inLanguage\":\"es\",\"potentialAction\":[{\"@type\":\"ReadAction\",\"target\":[\"https:\\\/\\\/www.eldiario.net\\\/portal\\\/2024\\\/07\\\/12\\\/fiesta-nacional-de-francia-3\\\/\"]}]},{\"@type\":\"ImageObject\",\"inLanguage\":\"es\",\"@id\":\"https:\\\/\\\/www.eldiario.net\\\/portal\\\/2024\\\/07\\\/12\\\/fiesta-nacional-de-francia-3\\\/#primaryimage\",\"url\":\"https:\\\/\\\/www.eldiario.net\\\/portal\\\/wp-content\\\/uploads\\\/2023\\\/06\\\/Edgar-Ruiz-Botello.jpg\",\"contentUrl\":\"https:\\\/\\\/www.eldiario.net\\\/portal\\\/wp-content\\\/uploads\\\/2023\\\/06\\\/Edgar-Ruiz-Botello.jpg\",\"width\":1200,\"height\":628,\"caption\":\"Edgar Ruiz Botello\"},{\"@type\":\"BreadcrumbList\",\"@id\":\"https:\\\/\\\/www.eldiario.net\\\/portal\\\/2024\\\/07\\\/12\\\/fiesta-nacional-de-francia-3\\\/#breadcrumb\",\"itemListElement\":[{\"@type\":\"ListItem\",\"position\":1,\"name\":\"Portada\",\"item\":\"https:\\\/\\\/www.eldiario.net\\\/portal\\\/\"},{\"@type\":\"ListItem\",\"position\":2,\"name\":\"Fiesta Nacional de Francia\"}]},{\"@type\":\"WebSite\",\"@id\":\"https:\\\/\\\/www.eldiario.net\\\/portal\\\/#website\",\"url\":\"https:\\\/\\\/www.eldiario.net\\\/portal\\\/\",\"name\":\"El Diario - Decano de la prensa nacional\",\"description\":\"El Diario - Decano de la prensa nacional\",\"publisher\":{\"@id\":\"https:\\\/\\\/www.eldiario.net\\\/portal\\\/#organization\"},\"potentialAction\":[{\"@type\":\"SearchAction\",\"target\":{\"@type\":\"EntryPoint\",\"urlTemplate\":\"https:\\\/\\\/www.eldiario.net\\\/portal\\\/?s={search_term_string}\"},\"query-input\":{\"@type\":\"PropertyValueSpecification\",\"valueRequired\":true,\"valueName\":\"search_term_string\"}}],\"inLanguage\":\"es\"},{\"@type\":\"Organization\",\"@id\":\"https:\\\/\\\/www.eldiario.net\\\/portal\\\/#organization\",\"name\":\"El Diario - Decano de la prensa nacional\",\"url\":\"https:\\\/\\\/www.eldiario.net\\\/portal\\\/\",\"logo\":{\"@type\":\"ImageObject\",\"inLanguage\":\"es\",\"@id\":\"https:\\\/\\\/www.eldiario.net\\\/portal\\\/#\\\/schema\\\/logo\\\/image\\\/\",\"url\":\"https:\\\/\\\/www.eldiario.net\\\/portal\\\/wp-content\\\/uploads\\\/2023\\\/07\\\/logo_ED.jpg\",\"contentUrl\":\"https:\\\/\\\/www.eldiario.net\\\/portal\\\/wp-content\\\/uploads\\\/2023\\\/07\\\/logo_ED.jpg\",\"width\":272,\"height\":52,\"caption\":\"El Diario - Decano de la prensa nacional\"},\"image\":{\"@id\":\"https:\\\/\\\/www.eldiario.net\\\/portal\\\/#\\\/schema\\\/logo\\\/image\\\/\"},\"sameAs\":[\"https:\\\/\\\/www.facebook.com\\\/eldiario.bolivia\\\/\",\"https:\\\/\\\/x.com\\\/eldiario_net\"]},{\"@type\":\"Person\",\"@id\":\"https:\\\/\\\/www.eldiario.net\\\/portal\\\/#\\\/schema\\\/person\\\/f46445640444750d7d753ccd04ae01b7\",\"name\":\"Jeanette\",\"image\":{\"@type\":\"ImageObject\",\"inLanguage\":\"es\",\"@id\":\"https:\\\/\\\/secure.gravatar.com\\\/avatar\\\/3ea2118a5f7dad2b7138b1187a6b7ee55f160b9968b66013c3a3ef39dd7e5798?s=96&d=mm&r=g\",\"url\":\"https:\\\/\\\/secure.gravatar.com\\\/avatar\\\/3ea2118a5f7dad2b7138b1187a6b7ee55f160b9968b66013c3a3ef39dd7e5798?s=96&d=mm&r=g\",\"contentUrl\":\"https:\\\/\\\/secure.gravatar.com\\\/avatar\\\/3ea2118a5f7dad2b7138b1187a6b7ee55f160b9968b66013c3a3ef39dd7e5798?s=96&d=mm&r=g\",\"caption\":\"Jeanette\"},\"sameAs\":[\"https:\\\/\\\/www.eldiario.net\\\/portal\"],\"url\":\"https:\\\/\\\/www.eldiario.net\\\/portal\\\/author\\\/jeanette\\\/\"}]}<\/script>\n<!-- \/ Yoast SEO plugin. -->","yoast_head_json":{"title":"Fiesta Nacional de Francia - El Diario - Bolivia","robots":{"index":"index","follow":"follow","max-snippet":"max-snippet:-1","max-image-preview":"max-image-preview:large","max-video-preview":"max-video-preview:-1"},"canonical":"https:\/\/www.eldiario.net\/portal\/2024\/07\/12\/fiesta-nacional-de-francia-3\/","og_locale":"es_ES","og_type":"article","og_title":"Fiesta Nacional de Francia - El Diario - Bolivia","og_description":"El 14 de julio se celebra la Fiesta Nacional de Francia. En esta nota nos referiremos a su capital, Par\u00eds. Hablar de Par\u00eds, es recordar la Revoluci\u00f3n Francesa de 1789, de la \u201cIgualdad, Fraternidad y Libertad\u201d. Se la llama tambi\u00e9n la ciudad luz, que tiene monumentos, iglesias y lugares incomparables, es un lugar tur\u00edstico de [&hellip;]","og_url":"https:\/\/www.eldiario.net\/portal\/2024\/07\/12\/fiesta-nacional-de-francia-3\/","og_site_name":"El Diario - Bolivia","article_publisher":"https:\/\/www.facebook.com\/eldiario.bolivia\/","article_published_time":"2024-07-12T10:17:10+00:00","og_image":[{"width":1200,"height":628,"url":"https:\/\/www.eldiario.net\/portal\/wp-content\/uploads\/2023\/06\/Edgar-Ruiz-Botello.jpg","type":"image\/jpeg"}],"author":"Jeanette","twitter_card":"summary_large_image","twitter_creator":"@eldiario_net","twitter_site":"@eldiario_net","twitter_misc":{"Escrito por":"Jeanette","Tiempo de lectura":"3 minutos"},"schema":{"@context":"https:\/\/schema.org","@graph":[{"@type":"Article","@id":"https:\/\/www.eldiario.net\/portal\/2024\/07\/12\/fiesta-nacional-de-francia-3\/#article","isPartOf":{"@id":"https:\/\/www.eldiario.net\/portal\/2024\/07\/12\/fiesta-nacional-de-francia-3\/"},"author":{"name":"Jeanette","@id":"https:\/\/www.eldiario.net\/portal\/#\/schema\/person\/f46445640444750d7d753ccd04ae01b7"},"headline":"Fiesta Nacional de Francia","datePublished":"2024-07-12T10:17:10+00:00","mainEntityOfPage":{"@id":"https:\/\/www.eldiario.net\/portal\/2024\/07\/12\/fiesta-nacional-de-francia-3\/"},"wordCount":511,"commentCount":0,"publisher":{"@id":"https:\/\/www.eldiario.net\/portal\/#organization"},"image":{"@id":"https:\/\/www.eldiario.net\/portal\/2024\/07\/12\/fiesta-nacional-de-francia-3\/#primaryimage"},"thumbnailUrl":"https:\/\/www.eldiario.net\/portal\/wp-content\/uploads\/2023\/06\/Edgar-Ruiz-Botello.jpg","articleSection":["Opini\u00f3n"],"inLanguage":"es","potentialAction":[{"@type":"CommentAction","name":"Comment","target":["https:\/\/www.eldiario.net\/portal\/2024\/07\/12\/fiesta-nacional-de-francia-3\/#respond"]}]},{"@type":"WebPage","@id":"https:\/\/www.eldiario.net\/portal\/2024\/07\/12\/fiesta-nacional-de-francia-3\/","url":"https:\/\/www.eldiario.net\/portal\/2024\/07\/12\/fiesta-nacional-de-francia-3\/","name":"Fiesta Nacional de Francia - El Diario - Bolivia","isPartOf":{"@id":"https:\/\/www.eldiario.net\/portal\/#website"},"primaryImageOfPage":{"@id":"https:\/\/www.eldiario.net\/portal\/2024\/07\/12\/fiesta-nacional-de-francia-3\/#primaryimage"},"image":{"@id":"https:\/\/www.eldiario.net\/portal\/2024\/07\/12\/fiesta-nacional-de-francia-3\/#primaryimage"},"thumbnailUrl":"https:\/\/www.eldiario.net\/portal\/wp-content\/uploads\/2023\/06\/Edgar-Ruiz-Botello.jpg","datePublished":"2024-07-12T10:17:10+00:00","breadcrumb":{"@id":"https:\/\/www.eldiario.net\/portal\/2024\/07\/12\/fiesta-nacional-de-francia-3\/#breadcrumb"},"inLanguage":"es","potentialAction":[{"@type":"ReadAction","target":["https:\/\/www.eldiario.net\/portal\/2024\/07\/12\/fiesta-nacional-de-francia-3\/"]}]},{"@type":"ImageObject","inLanguage":"es","@id":"https:\/\/www.eldiario.net\/portal\/2024\/07\/12\/fiesta-nacional-de-francia-3\/#primaryimage","url":"https:\/\/www.eldiario.net\/portal\/wp-content\/uploads\/2023\/06\/Edgar-Ruiz-Botello.jpg","contentUrl":"https:\/\/www.eldiario.net\/portal\/wp-content\/uploads\/2023\/06\/Edgar-Ruiz-Botello.jpg","width":1200,"height":628,"caption":"Edgar Ruiz Botello"},{"@type":"BreadcrumbList","@id":"https:\/\/www.eldiario.net\/portal\/2024\/07\/12\/fiesta-nacional-de-francia-3\/#breadcrumb","itemListElement":[{"@type":"ListItem","position":1,"name":"Portada","item":"https:\/\/www.eldiario.net\/portal\/"},{"@type":"ListItem","position":2,"name":"Fiesta Nacional de Francia"}]},{"@type":"WebSite","@id":"https:\/\/www.eldiario.net\/portal\/#website","url":"https:\/\/www.eldiario.net\/portal\/","name":"El Diario - Decano de la prensa nacional","description":"El Diario - Decano de la prensa nacional","publisher":{"@id":"https:\/\/www.eldiario.net\/portal\/#organization"},"potentialAction":[{"@type":"SearchAction","target":{"@type":"EntryPoint","urlTemplate":"https:\/\/www.eldiario.net\/portal\/?s={search_term_string}"},"query-input":{"@type":"PropertyValueSpecification","valueRequired":true,"valueName":"search_term_string"}}],"inLanguage":"es"},{"@type":"Organization","@id":"https:\/\/www.eldiario.net\/portal\/#organization","name":"El Diario - Decano de la prensa nacional","url":"https:\/\/www.eldiario.net\/portal\/","logo":{"@type":"ImageObject","inLanguage":"es","@id":"https:\/\/www.eldiario.net\/portal\/#\/schema\/logo\/image\/","url":"https:\/\/www.eldiario.net\/portal\/wp-content\/uploads\/2023\/07\/logo_ED.jpg","contentUrl":"https:\/\/www.eldiario.net\/portal\/wp-content\/uploads\/2023\/07\/logo_ED.jpg","width":272,"height":52,"caption":"El Diario - Decano de la prensa nacional"},"image":{"@id":"https:\/\/www.eldiario.net\/portal\/#\/schema\/logo\/image\/"},"sameAs":["https:\/\/www.facebook.com\/eldiario.bolivia\/","https:\/\/x.com\/eldiario_net"]},{"@type":"Person","@id":"https:\/\/www.eldiario.net\/portal\/#\/schema\/person\/f46445640444750d7d753ccd04ae01b7","name":"Jeanette","image":{"@type":"ImageObject","inLanguage":"es","@id":"https:\/\/secure.gravatar.com\/avatar\/3ea2118a5f7dad2b7138b1187a6b7ee55f160b9968b66013c3a3ef39dd7e5798?s=96&d=mm&r=g","url":"https:\/\/secure.gravatar.com\/avatar\/3ea2118a5f7dad2b7138b1187a6b7ee55f160b9968b66013c3a3ef39dd7e5798?s=96&d=mm&r=g","contentUrl":"https:\/\/secure.gravatar.com\/avatar\/3ea2118a5f7dad2b7138b1187a6b7ee55f160b9968b66013c3a3ef39dd7e5798?s=96&d=mm&r=g","caption":"Jeanette"},"sameAs":["https:\/\/www.eldiario.net\/portal"],"url":"https:\/\/www.eldiario.net\/portal\/author\/jeanette\/"}]}},"_links":{"self":[{"href":"https:\/\/www.eldiario.net\/portal\/wp-json\/wp\/v2\/posts\/233377","targetHints":{"allow":["GET"]}}],"collection":[{"href":"https:\/\/www.eldiario.net\/portal\/wp-json\/wp\/v2\/posts"}],"about":[{"href":"https:\/\/www.eldiario.net\/portal\/wp-json\/wp\/v2\/types\/post"}],"author":[{"embeddable":true,"href":"https:\/\/www.eldiario.net\/portal\/wp-json\/wp\/v2\/users\/1"}],"replies":[{"embeddable":true,"href":"https:\/\/www.eldiario.net\/portal\/wp-json\/wp\/v2\/comments?post=233377"}],"version-history":[{"count":1,"href":"https:\/\/www.eldiario.net\/portal\/wp-json\/wp\/v2\/posts\/233377\/revisions"}],"predecessor-version":[{"id":233378,"href":"https:\/\/www.eldiario.net\/portal\/wp-json\/wp\/v2\/posts\/233377\/revisions\/233378"}],"wp:featuredmedia":[{"embeddable":true,"href":"https:\/\/www.eldiario.net\/portal\/wp-json\/wp\/v2\/media\/160912"}],"wp:attachment":[{"href":"https:\/\/www.eldiario.net\/portal\/wp-json\/wp\/v2\/media?parent=233377"}],"wp:term":[{"taxonomy":"category","embeddable":true,"href":"https:\/\/www.eldiario.net\/portal\/wp-json\/wp\/v2\/categories?post=233377"},{"taxonomy":"post_tag","embeddable":true,"href":"https:\/\/www.eldiario.net\/portal\/wp-json\/wp\/v2\/tags?post=233377"}],"curies":[{"name":"wp","href":"https:\/\/api.w.org\/{rel}","templated":true}]}}