{"id":233060,"date":"2024-07-10T06:21:12","date_gmt":"2024-07-10T10:21:12","guid":{"rendered":"https:\/\/www.eldiario.net\/portal\/?p=233060"},"modified":"2024-07-10T06:21:12","modified_gmt":"2024-07-10T10:21:12","slug":"ninos-de-hogares-favorecidos-con-atencion-en-odontologia","status":"publish","type":"post","link":"https:\/\/www.eldiario.net\/portal\/2024\/07\/10\/ninos-de-hogares-favorecidos-con-atencion-en-odontologia\/","title":{"rendered":"Ni\u00f1os de hogares favorecidos con atenci\u00f3n en odontolog\u00eda"},"content":{"rendered":"<p>El Servicio Departamental de Pol\u00edticas Sociales (Sedepos) de la Gobernaci\u00f3n de Santa Cruz, junto a su Programa Pppinna,\u00a0 activ\u00f3 una campa\u00f1a de salud oral para ni\u00f1as, ni\u00f1os y adolescentes de hogares y centros de acogida, logrando beneficiar con atenci\u00f3n odontol\u00f3gica gratuita a m\u00e1s de 250 infantes.<\/p>\n<p>El listado de hogares y centros de acogida a los que el Sedepos brind\u00f3 atenci\u00f3n son: hogar Ebenezer, hogar Francisca Casci, hogar Talita Cumi, hogar Mar\u00eda Inmaculada, hogar Cristo Viene y Centro Nacer.<\/p>\n<p>Nair S\u00e1nchez, directora del Sedepos, destac\u00f3 que esta campa\u00f1a es gratuita y es ejecutada como parte de las acciones del Programa de Prevenci\u00f3n y Protecci\u00f3n Integral a Ni\u00f1as, Ni\u00f1os y Adolescentes (Pppinna), que brinda atenci\u00f3n odontol\u00f3gica, limpieza dental, fluorizaci\u00f3n, extracci\u00f3n y cuidado de los dientes para prevenir futuros problemas dentales.<\/p>\n<p>\u201cCuidar los dientes de nuestros ni\u00f1os de los hogares, es cuidar su futuro. Por eso esta atenci\u00f3n que les brindamos, es fundamental para alcanzar su bienestar integral\u201d, afirm\u00f3 S\u00e1nchez. (Santa Cruz, agencias)<\/p>\n","protected":false},"excerpt":{"rendered":"<p>El Servicio Departamental de Pol\u00edticas Sociales (Sedepos) de la Gobernaci\u00f3n de Santa Cruz, junto a su Programa Pppinna,\u00a0 activ\u00f3 una campa\u00f1a de salud oral para ni\u00f1as, ni\u00f1os y adolescentes de hogares y centros de acogida, logrando beneficiar con atenci\u00f3n odontol\u00f3gica gratuita a m\u00e1s de 250 infantes. El listado de hogares y centros de acogida a [&hellip;]<\/p>\n","protected":false},"author":1,"featured_media":233061,"comment_status":"open","ping_status":"open","sticky":false,"template":"","format":"standard","meta":{"_acf_changed":false,"footnotes":""},"categories":[12],"tags":[],"class_list":["post-233060","post","type-post","status-publish","format-standard","has-post-thumbnail","category-nacional"],"acf":{"antetitulo":"Santa Cruz"},"yoast_head":"<!-- This site is optimized with the Yoast SEO plugin v28.4 - https:\/\/yoast.com\/product\/yoast-seo-wordpress\/ -->\n<title>Ni\u00f1os de hogares favorecidos con atenci\u00f3n en odontolog\u00eda - El Diario - Bolivia<\/title>\n<meta name=\"robots\" content=\"index, follow, max-snippet:-1, max-image-preview:large, max-video-preview:-1\" \/>\n<link rel=\"canonical\" href=\"https:\/\/www.eldiario.net\/portal\/2024\/07\/10\/ninos-de-hogares-favorecidos-con-atencion-en-odontologia\/\" \/>\n<meta property=\"og:locale\" content=\"es_ES\" \/>\n<meta property=\"og:type\" content=\"article\" \/>\n<meta property=\"og:title\" content=\"Ni\u00f1os de hogares favorecidos con atenci\u00f3n en odontolog\u00eda - El Diario - Bolivia\" \/>\n<meta property=\"og:description\" content=\"El Servicio Departamental de Pol\u00edticas Sociales (Sedepos) de la Gobernaci\u00f3n de Santa Cruz, junto a su Programa Pppinna,\u00a0 activ\u00f3 una campa\u00f1a de salud oral para ni\u00f1as, ni\u00f1os y adolescentes de hogares y centros de acogida, logrando beneficiar con atenci\u00f3n odontol\u00f3gica gratuita a m\u00e1s de 250 infantes. El listado de hogares y centros de acogida a [&hellip;]\" \/>\n<meta property=\"og:url\" content=\"https:\/\/www.eldiario.net\/portal\/2024\/07\/10\/ninos-de-hogares-favorecidos-con-atencion-en-odontologia\/\" \/>\n<meta property=\"og:site_name\" content=\"El Diario - Bolivia\" \/>\n<meta property=\"article:publisher\" content=\"https:\/\/www.facebook.com\/eldiario.bolivia\/\" \/>\n<meta property=\"article:published_time\" content=\"2024-07-10T10:21:12+00:00\" \/>\n<meta property=\"og:image\" content=\"https:\/\/www.eldiario.net\/portal\/wp-content\/uploads\/2024\/07\/NINO-FOTO.jpg\" \/>\n\t<meta property=\"og:image:width\" content=\"1200\" \/>\n\t<meta property=\"og:image:height\" content=\"901\" \/>\n\t<meta property=\"og:image:type\" content=\"image\/jpeg\" \/>\n<meta name=\"author\" content=\"Jeanette\" \/>\n<meta name=\"twitter:card\" content=\"summary_large_image\" \/>\n<meta name=\"twitter:creator\" content=\"@eldiario_net\" \/>\n<meta name=\"twitter:site\" content=\"@eldiario_net\" \/>\n<meta name=\"twitter:label1\" content=\"Escrito por\" \/>\n\t<meta name=\"twitter:data1\" content=\"Jeanette\" \/>\n\t<meta name=\"twitter:label2\" content=\"Tiempo de lectura\" \/>\n\t<meta name=\"twitter:data2\" content=\"1 minuto\" \/>\n<script type=\"application\/ld+json\" class=\"yoast-schema-graph\">{\"@context\":\"https:\\\/\\\/schema.org\",\"@graph\":[{\"@type\":\"Article\",\"@id\":\"https:\\\/\\\/www.eldiario.net\\\/portal\\\/2024\\\/07\\\/10\\\/ninos-de-hogares-favorecidos-con-atencion-en-odontologia\\\/#article\",\"isPartOf\":{\"@id\":\"https:\\\/\\\/www.eldiario.net\\\/portal\\\/2024\\\/07\\\/10\\\/ninos-de-hogares-favorecidos-con-atencion-en-odontologia\\\/\"},\"author\":{\"name\":\"Jeanette\",\"@id\":\"https:\\\/\\\/www.eldiario.net\\\/portal\\\/#\\\/schema\\\/person\\\/2c57cf2b7a7ae032e449e4c9b1019eac\"},\"headline\":\"Ni\u00f1os de hogares favorecidos con atenci\u00f3n en odontolog\u00eda\",\"datePublished\":\"2024-07-10T10:21:12+00:00\",\"mainEntityOfPage\":{\"@id\":\"https:\\\/\\\/www.eldiario.net\\\/portal\\\/2024\\\/07\\\/10\\\/ninos-de-hogares-favorecidos-con-atencion-en-odontologia\\\/\"},\"wordCount\":194,\"commentCount\":0,\"publisher\":{\"@id\":\"https:\\\/\\\/www.eldiario.net\\\/portal\\\/#organization\"},\"image\":{\"@id\":\"https:\\\/\\\/www.eldiario.net\\\/portal\\\/2024\\\/07\\\/10\\\/ninos-de-hogares-favorecidos-con-atencion-en-odontologia\\\/#primaryimage\"},\"thumbnailUrl\":\"https:\\\/\\\/www.eldiario.net\\\/portal\\\/wp-content\\\/uploads\\\/2024\\\/07\\\/NINO-FOTO.jpg\",\"articleSection\":[\"Nacional\"],\"inLanguage\":\"es\",\"potentialAction\":[{\"@type\":\"CommentAction\",\"name\":\"Comment\",\"target\":[\"https:\\\/\\\/www.eldiario.net\\\/portal\\\/2024\\\/07\\\/10\\\/ninos-de-hogares-favorecidos-con-atencion-en-odontologia\\\/#respond\"]}]},{\"@type\":\"WebPage\",\"@id\":\"https:\\\/\\\/www.eldiario.net\\\/portal\\\/2024\\\/07\\\/10\\\/ninos-de-hogares-favorecidos-con-atencion-en-odontologia\\\/\",\"url\":\"https:\\\/\\\/www.eldiario.net\\\/portal\\\/2024\\\/07\\\/10\\\/ninos-de-hogares-favorecidos-con-atencion-en-odontologia\\\/\",\"name\":\"Ni\u00f1os de hogares favorecidos con atenci\u00f3n en odontolog\u00eda - El Diario - Bolivia\",\"isPartOf\":{\"@id\":\"https:\\\/\\\/www.eldiario.net\\\/portal\\\/#website\"},\"primaryImageOfPage\":{\"@id\":\"https:\\\/\\\/www.eldiario.net\\\/portal\\\/2024\\\/07\\\/10\\\/ninos-de-hogares-favorecidos-con-atencion-en-odontologia\\\/#primaryimage\"},\"image\":{\"@id\":\"https:\\\/\\\/www.eldiario.net\\\/portal\\\/2024\\\/07\\\/10\\\/ninos-de-hogares-favorecidos-con-atencion-en-odontologia\\\/#primaryimage\"},\"thumbnailUrl\":\"https:\\\/\\\/www.eldiario.net\\\/portal\\\/wp-content\\\/uploads\\\/2024\\\/07\\\/NINO-FOTO.jpg\",\"datePublished\":\"2024-07-10T10:21:12+00:00\",\"breadcrumb\":{\"@id\":\"https:\\\/\\\/www.eldiario.net\\\/portal\\\/2024\\\/07\\\/10\\\/ninos-de-hogares-favorecidos-con-atencion-en-odontologia\\\/#breadcrumb\"},\"inLanguage\":\"es\",\"potentialAction\":[{\"@type\":\"ReadAction\",\"target\":[\"https:\\\/\\\/www.eldiario.net\\\/portal\\\/2024\\\/07\\\/10\\\/ninos-de-hogares-favorecidos-con-atencion-en-odontologia\\\/\"]}]},{\"@type\":\"ImageObject\",\"inLanguage\":\"es\",\"@id\":\"https:\\\/\\\/www.eldiario.net\\\/portal\\\/2024\\\/07\\\/10\\\/ninos-de-hogares-favorecidos-con-atencion-en-odontologia\\\/#primaryimage\",\"url\":\"https:\\\/\\\/www.eldiario.net\\\/portal\\\/wp-content\\\/uploads\\\/2024\\\/07\\\/NINO-FOTO.jpg\",\"contentUrl\":\"https:\\\/\\\/www.eldiario.net\\\/portal\\\/wp-content\\\/uploads\\\/2024\\\/07\\\/NINO-FOTO.jpg\",\"width\":1200,\"height\":901,\"caption\":\"NINO RECIBIENDO ATENCI\u00d3N ODONTOL\u00d3GICA. FOTO: GSTC\"},{\"@type\":\"BreadcrumbList\",\"@id\":\"https:\\\/\\\/www.eldiario.net\\\/portal\\\/2024\\\/07\\\/10\\\/ninos-de-hogares-favorecidos-con-atencion-en-odontologia\\\/#breadcrumb\",\"itemListElement\":[{\"@type\":\"ListItem\",\"position\":1,\"name\":\"Portada\",\"item\":\"https:\\\/\\\/www.eldiario.net\\\/portal\\\/\"},{\"@type\":\"ListItem\",\"position\":2,\"name\":\"Ni\u00f1os de hogares favorecidos con atenci\u00f3n en odontolog\u00eda\"}]},{\"@type\":\"WebSite\",\"@id\":\"https:\\\/\\\/www.eldiario.net\\\/portal\\\/#website\",\"url\":\"https:\\\/\\\/www.eldiario.net\\\/portal\\\/\",\"name\":\"El Diario - Decano de la prensa nacional\",\"description\":\"El Diario - Decano de la prensa nacional\",\"publisher\":{\"@id\":\"https:\\\/\\\/www.eldiario.net\\\/portal\\\/#organization\"},\"potentialAction\":[{\"@type\":\"SearchAction\",\"target\":{\"@type\":\"EntryPoint\",\"urlTemplate\":\"https:\\\/\\\/www.eldiario.net\\\/portal\\\/?s={search_term_string}\"},\"query-input\":{\"@type\":\"PropertyValueSpecification\",\"valueRequired\":true,\"valueName\":\"search_term_string\"}}],\"inLanguage\":\"es\"},{\"@type\":\"Organization\",\"@id\":\"https:\\\/\\\/www.eldiario.net\\\/portal\\\/#organization\",\"name\":\"El Diario - Decano de la prensa nacional\",\"url\":\"https:\\\/\\\/www.eldiario.net\\\/portal\\\/\",\"logo\":{\"@type\":\"ImageObject\",\"inLanguage\":\"es\",\"@id\":\"https:\\\/\\\/www.eldiario.net\\\/portal\\\/#\\\/schema\\\/logo\\\/image\\\/\",\"url\":\"https:\\\/\\\/www.eldiario.net\\\/portal\\\/wp-content\\\/uploads\\\/2023\\\/07\\\/logo_ED.jpg\",\"contentUrl\":\"https:\\\/\\\/www.eldiario.net\\\/portal\\\/wp-content\\\/uploads\\\/2023\\\/07\\\/logo_ED.jpg\",\"width\":272,\"height\":52,\"caption\":\"El Diario - Decano de la prensa nacional\"},\"image\":{\"@id\":\"https:\\\/\\\/www.eldiario.net\\\/portal\\\/#\\\/schema\\\/logo\\\/image\\\/\"},\"sameAs\":[\"https:\\\/\\\/www.facebook.com\\\/eldiario.bolivia\\\/\",\"https:\\\/\\\/x.com\\\/eldiario_net\"]},{\"@type\":\"Person\",\"@id\":\"https:\\\/\\\/www.eldiario.net\\\/portal\\\/#\\\/schema\\\/person\\\/2c57cf2b7a7ae032e449e4c9b1019eac\",\"name\":\"Jeanette\",\"image\":{\"@type\":\"ImageObject\",\"inLanguage\":\"es\",\"@id\":\"https:\\\/\\\/secure.gravatar.com\\\/avatar\\\/3ea2118a5f7dad2b7138b1187a6b7ee55f160b9968b66013c3a3ef39dd7e5798?s=96&d=mm&r=g\",\"url\":\"https:\\\/\\\/secure.gravatar.com\\\/avatar\\\/3ea2118a5f7dad2b7138b1187a6b7ee55f160b9968b66013c3a3ef39dd7e5798?s=96&d=mm&r=g\",\"contentUrl\":\"https:\\\/\\\/secure.gravatar.com\\\/avatar\\\/3ea2118a5f7dad2b7138b1187a6b7ee55f160b9968b66013c3a3ef39dd7e5798?s=96&d=mm&r=g\",\"caption\":\"Jeanette\"},\"sameAs\":[\"https:\\\/\\\/www.eldiario.net\\\/portal\"],\"url\":\"https:\\\/\\\/www.eldiario.net\\\/portal\\\/author\\\/jeanette\\\/\"}]}<\/script>\n<!-- \/ Yoast SEO plugin. -->","yoast_head_json":{"title":"Ni\u00f1os de hogares favorecidos con atenci\u00f3n en odontolog\u00eda - El Diario - Bolivia","robots":{"index":"index","follow":"follow","max-snippet":"max-snippet:-1","max-image-preview":"max-image-preview:large","max-video-preview":"max-video-preview:-1"},"canonical":"https:\/\/www.eldiario.net\/portal\/2024\/07\/10\/ninos-de-hogares-favorecidos-con-atencion-en-odontologia\/","og_locale":"es_ES","og_type":"article","og_title":"Ni\u00f1os de hogares favorecidos con atenci\u00f3n en odontolog\u00eda - El Diario - Bolivia","og_description":"El Servicio Departamental de Pol\u00edticas Sociales (Sedepos) de la Gobernaci\u00f3n de Santa Cruz, junto a su Programa Pppinna,\u00a0 activ\u00f3 una campa\u00f1a de salud oral para ni\u00f1as, ni\u00f1os y adolescentes de hogares y centros de acogida, logrando beneficiar con atenci\u00f3n odontol\u00f3gica gratuita a m\u00e1s de 250 infantes. El listado de hogares y centros de acogida a [&hellip;]","og_url":"https:\/\/www.eldiario.net\/portal\/2024\/07\/10\/ninos-de-hogares-favorecidos-con-atencion-en-odontologia\/","og_site_name":"El Diario - Bolivia","article_publisher":"https:\/\/www.facebook.com\/eldiario.bolivia\/","article_published_time":"2024-07-10T10:21:12+00:00","og_image":[{"width":1200,"height":901,"url":"https:\/\/www.eldiario.net\/portal\/wp-content\/uploads\/2024\/07\/NINO-FOTO.jpg","type":"image\/jpeg"}],"author":"Jeanette","twitter_card":"summary_large_image","twitter_creator":"@eldiario_net","twitter_site":"@eldiario_net","twitter_misc":{"Escrito por":"Jeanette","Tiempo de lectura":"1 minuto"},"schema":{"@context":"https:\/\/schema.org","@graph":[{"@type":"Article","@id":"https:\/\/www.eldiario.net\/portal\/2024\/07\/10\/ninos-de-hogares-favorecidos-con-atencion-en-odontologia\/#article","isPartOf":{"@id":"https:\/\/www.eldiario.net\/portal\/2024\/07\/10\/ninos-de-hogares-favorecidos-con-atencion-en-odontologia\/"},"author":{"name":"Jeanette","@id":"https:\/\/www.eldiario.net\/portal\/#\/schema\/person\/2c57cf2b7a7ae032e449e4c9b1019eac"},"headline":"Ni\u00f1os de hogares favorecidos con atenci\u00f3n en odontolog\u00eda","datePublished":"2024-07-10T10:21:12+00:00","mainEntityOfPage":{"@id":"https:\/\/www.eldiario.net\/portal\/2024\/07\/10\/ninos-de-hogares-favorecidos-con-atencion-en-odontologia\/"},"wordCount":194,"commentCount":0,"publisher":{"@id":"https:\/\/www.eldiario.net\/portal\/#organization"},"image":{"@id":"https:\/\/www.eldiario.net\/portal\/2024\/07\/10\/ninos-de-hogares-favorecidos-con-atencion-en-odontologia\/#primaryimage"},"thumbnailUrl":"https:\/\/www.eldiario.net\/portal\/wp-content\/uploads\/2024\/07\/NINO-FOTO.jpg","articleSection":["Nacional"],"inLanguage":"es","potentialAction":[{"@type":"CommentAction","name":"Comment","target":["https:\/\/www.eldiario.net\/portal\/2024\/07\/10\/ninos-de-hogares-favorecidos-con-atencion-en-odontologia\/#respond"]}]},{"@type":"WebPage","@id":"https:\/\/www.eldiario.net\/portal\/2024\/07\/10\/ninos-de-hogares-favorecidos-con-atencion-en-odontologia\/","url":"https:\/\/www.eldiario.net\/portal\/2024\/07\/10\/ninos-de-hogares-favorecidos-con-atencion-en-odontologia\/","name":"Ni\u00f1os de hogares favorecidos con atenci\u00f3n en odontolog\u00eda - El Diario - Bolivia","isPartOf":{"@id":"https:\/\/www.eldiario.net\/portal\/#website"},"primaryImageOfPage":{"@id":"https:\/\/www.eldiario.net\/portal\/2024\/07\/10\/ninos-de-hogares-favorecidos-con-atencion-en-odontologia\/#primaryimage"},"image":{"@id":"https:\/\/www.eldiario.net\/portal\/2024\/07\/10\/ninos-de-hogares-favorecidos-con-atencion-en-odontologia\/#primaryimage"},"thumbnailUrl":"https:\/\/www.eldiario.net\/portal\/wp-content\/uploads\/2024\/07\/NINO-FOTO.jpg","datePublished":"2024-07-10T10:21:12+00:00","breadcrumb":{"@id":"https:\/\/www.eldiario.net\/portal\/2024\/07\/10\/ninos-de-hogares-favorecidos-con-atencion-en-odontologia\/#breadcrumb"},"inLanguage":"es","potentialAction":[{"@type":"ReadAction","target":["https:\/\/www.eldiario.net\/portal\/2024\/07\/10\/ninos-de-hogares-favorecidos-con-atencion-en-odontologia\/"]}]},{"@type":"ImageObject","inLanguage":"es","@id":"https:\/\/www.eldiario.net\/portal\/2024\/07\/10\/ninos-de-hogares-favorecidos-con-atencion-en-odontologia\/#primaryimage","url":"https:\/\/www.eldiario.net\/portal\/wp-content\/uploads\/2024\/07\/NINO-FOTO.jpg","contentUrl":"https:\/\/www.eldiario.net\/portal\/wp-content\/uploads\/2024\/07\/NINO-FOTO.jpg","width":1200,"height":901,"caption":"NINO RECIBIENDO ATENCI\u00d3N ODONTOL\u00d3GICA. FOTO: GSTC"},{"@type":"BreadcrumbList","@id":"https:\/\/www.eldiario.net\/portal\/2024\/07\/10\/ninos-de-hogares-favorecidos-con-atencion-en-odontologia\/#breadcrumb","itemListElement":[{"@type":"ListItem","position":1,"name":"Portada","item":"https:\/\/www.eldiario.net\/portal\/"},{"@type":"ListItem","position":2,"name":"Ni\u00f1os de hogares favorecidos con atenci\u00f3n en odontolog\u00eda"}]},{"@type":"WebSite","@id":"https:\/\/www.eldiario.net\/portal\/#website","url":"https:\/\/www.eldiario.net\/portal\/","name":"El Diario - Decano de la prensa nacional","description":"El Diario - Decano de la prensa nacional","publisher":{"@id":"https:\/\/www.eldiario.net\/portal\/#organization"},"potentialAction":[{"@type":"SearchAction","target":{"@type":"EntryPoint","urlTemplate":"https:\/\/www.eldiario.net\/portal\/?s={search_term_string}"},"query-input":{"@type":"PropertyValueSpecification","valueRequired":true,"valueName":"search_term_string"}}],"inLanguage":"es"},{"@type":"Organization","@id":"https:\/\/www.eldiario.net\/portal\/#organization","name":"El Diario - Decano de la prensa nacional","url":"https:\/\/www.eldiario.net\/portal\/","logo":{"@type":"ImageObject","inLanguage":"es","@id":"https:\/\/www.eldiario.net\/portal\/#\/schema\/logo\/image\/","url":"https:\/\/www.eldiario.net\/portal\/wp-content\/uploads\/2023\/07\/logo_ED.jpg","contentUrl":"https:\/\/www.eldiario.net\/portal\/wp-content\/uploads\/2023\/07\/logo_ED.jpg","width":272,"height":52,"caption":"El Diario - Decano de la prensa nacional"},"image":{"@id":"https:\/\/www.eldiario.net\/portal\/#\/schema\/logo\/image\/"},"sameAs":["https:\/\/www.facebook.com\/eldiario.bolivia\/","https:\/\/x.com\/eldiario_net"]},{"@type":"Person","@id":"https:\/\/www.eldiario.net\/portal\/#\/schema\/person\/2c57cf2b7a7ae032e449e4c9b1019eac","name":"Jeanette","image":{"@type":"ImageObject","inLanguage":"es","@id":"https:\/\/secure.gravatar.com\/avatar\/3ea2118a5f7dad2b7138b1187a6b7ee55f160b9968b66013c3a3ef39dd7e5798?s=96&d=mm&r=g","url":"https:\/\/secure.gravatar.com\/avatar\/3ea2118a5f7dad2b7138b1187a6b7ee55f160b9968b66013c3a3ef39dd7e5798?s=96&d=mm&r=g","contentUrl":"https:\/\/secure.gravatar.com\/avatar\/3ea2118a5f7dad2b7138b1187a6b7ee55f160b9968b66013c3a3ef39dd7e5798?s=96&d=mm&r=g","caption":"Jeanette"},"sameAs":["https:\/\/www.eldiario.net\/portal"],"url":"https:\/\/www.eldiario.net\/portal\/author\/jeanette\/"}]}},"_links":{"self":[{"href":"https:\/\/www.eldiario.net\/portal\/wp-json\/wp\/v2\/posts\/233060","targetHints":{"allow":["GET"]}}],"collection":[{"href":"https:\/\/www.eldiario.net\/portal\/wp-json\/wp\/v2\/posts"}],"about":[{"href":"https:\/\/www.eldiario.net\/portal\/wp-json\/wp\/v2\/types\/post"}],"author":[{"embeddable":true,"href":"https:\/\/www.eldiario.net\/portal\/wp-json\/wp\/v2\/users\/1"}],"replies":[{"embeddable":true,"href":"https:\/\/www.eldiario.net\/portal\/wp-json\/wp\/v2\/comments?post=233060"}],"version-history":[{"count":1,"href":"https:\/\/www.eldiario.net\/portal\/wp-json\/wp\/v2\/posts\/233060\/revisions"}],"predecessor-version":[{"id":233062,"href":"https:\/\/www.eldiario.net\/portal\/wp-json\/wp\/v2\/posts\/233060\/revisions\/233062"}],"wp:featuredmedia":[{"embeddable":true,"href":"https:\/\/www.eldiario.net\/portal\/wp-json\/wp\/v2\/media\/233061"}],"wp:attachment":[{"href":"https:\/\/www.eldiario.net\/portal\/wp-json\/wp\/v2\/media?parent=233060"}],"wp:term":[{"taxonomy":"category","embeddable":true,"href":"https:\/\/www.eldiario.net\/portal\/wp-json\/wp\/v2\/categories?post=233060"},{"taxonomy":"post_tag","embeddable":true,"href":"https:\/\/www.eldiario.net\/portal\/wp-json\/wp\/v2\/tags?post=233060"}],"curies":[{"name":"wp","href":"https:\/\/api.w.org\/{rel}","templated":true}]}}