{"id":233054,"date":"2024-07-10T06:17:29","date_gmt":"2024-07-10T10:17:29","guid":{"rendered":"https:\/\/www.eldiario.net\/portal\/?p=233054"},"modified":"2024-07-10T06:17:29","modified_gmt":"2024-07-10T10:17:29","slug":"gobierno-y-cob-postergan-indebidamente-los-derechos-y-esperanzas-de-los-jubilados","status":"publish","type":"post","link":"https:\/\/www.eldiario.net\/portal\/2024\/07\/10\/gobierno-y-cob-postergan-indebidamente-los-derechos-y-esperanzas-de-los-jubilados\/","title":{"rendered":"Gobierno y COB postergan indebidamente los derechos y esperanzas de los jubilados"},"content":{"rendered":"<p>Con el inapropiado proyecto de ley 395\/22-23 (035\/15\/11\/2023) contin\u00faa innecesariamente postergada indefinidamente la Actualizaci\u00f3n de los L\u00edmites Solidarios 2017-2022, establecida en la Ley de Pensiones: Art. 19\u00ba.- \u201c(ACTUALIZACI\u00d3N DE LOS L\u00cdMITES SOLIDARIOS). El \u00d3rgano Ejecutivo podr\u00e1 actualizar cada cinco (5) a\u00f1os, los montos correspondientes a los l\u00edmites m\u00ednimos y m\u00e1ximos solidarios establecidos en la presente Ley\u201d.<br \/>\nEsta actualizaci\u00f3n se traduce en incrementos de las pensiones a m\u00e1s del 70% de jubilados a decir del propio Ejecutivo.<br \/>\nLa \u00faltima Actualizaci\u00f3n 2013-2017, no obstante que el Art.19\u00ba de la Ley 065 le da prerrogativas al Ejecutivo, es aprobada por el Legislativo con Ley 985 de 24\/10\/2017. Al aprobarse, la Ley 985 incluye en su texto muy contundentemente: \u201cEl \u00d3rgano Ejecutivo podr\u00e1 ACTUALIZAR a trav\u00e9s de decreto supremo cada (5) a\u00f1os los montos correspondientes a los limites solidarios establecidos en la presente ley\u201d.<br \/>\nPor lo dicho, no es \u00e9tico el Proyecto de Ley 395\/22-23. Es un garrafal error no haber aprobado la Actualizaci\u00f3n 2017-2022 por decreto supremo.<br \/>\nEl Pacto COB \u2013 Gobierno, con su PL 395\/22-23 ha juntado la actualizaci\u00f3n de los limites solidarios 2017-2022 que requer\u00eda \u00fanicamente de un decreto supremo, con una ajena disposici\u00f3n adicional \u00fanica de Jubilaci\u00f3n Coercitiva a los 65 a\u00f1os, que requiere de un Proyecto de Ley.<br \/>\nComo era de esperar, dicha disposici\u00f3n ha sido rechazada por los trabajadores porque vulnera derechos y tambi\u00e9n por legisladores, pues conlleva claros visos de inconstitucionalidad. Casarlas volitivamente implica que nunca se apruebe la Actualizaci\u00f3n de Limites Solidarios o se apruebe cuando ellos, por razones pol\u00edticas, necesiten de su aprobaci\u00f3n. De esta manera se ha obstruido innecesariamente la aprobaci\u00f3n de un tema de urgente necesidad para los jubilados<br \/>\nAnte este panorama, dudar de la existencia real de m\u00e1s de 24.000.00 millones de d\u00f3lares de reservas del Sistema de Pensiones, de propiedad exclusiva hasta ahora de los trabajadores y jubilados, no es descabellado. El reconteo, su aplicaci\u00f3n y ubicaci\u00f3n, los plazos y condiciones de inversi\u00f3n, colocaci\u00f3n, rendimiento y su moneda deben ser tema para un Informe legislativo. Es de necesidad vital mantener su valor real. Si no, se esfumar\u00e1n, cambiar\u00e1n de due\u00f1o, como con la desdolarizaci\u00f3n de 1982, o como cuando, antes de la aparici\u00f3n de las AFPs y desaparici\u00f3n del \u201cSistema de Reparto\u201d, el MNR se encarg\u00f3 de asignarlos.<br \/>\nConceptualmente, la Capitalizaci\u00f3n de estos excedentes millonarios debe permitir al trabajador la continuidad de sus medios de subsistencia, salario, renta y garantizar el pago de prestaciones presentes y futuras. Entendi\u00e9ndose por continuidad, a la no ruptura e integralidad del ingreso. Derecho que al presente est\u00e1 reservado ilegalmente solo a los militares. como sector de privilegio.<br \/>\nEn materia Laboral y Penal son posibles las Resoluciones de aplicaci\u00f3n retroactiva. Entonces, por el compromiso demag\u00f3gico COB-GOBIERNO anunciado a voz en cuello el 2023; por la presente presunci\u00f3n de enga\u00f1o; por la no percepci\u00f3n real de ingresos adicionales solidarios que el modelo o dise\u00f1o de pensiones prev\u00e9 cada 5 a\u00f1os y por cuanto no existe crisis manifiesta visible que impida se actualicen estos l\u00edmites, adem\u00e1s por la predisposici\u00f3n expresada reiteradamente por COB \u2013 Gobierno, esta actualizaci\u00f3n merece ese tratamiento INMEDIATO REATROACTIVO, en especial al 2022 o cuando menos al 1\/05\/2023, fecha de anuncio de este beneficio.<\/p>\n<p>Fernando Monje Campos, Licenciado en Derecho.<br \/>\nOliver Pablo Vargas Encinas, Licenciado en Derecho.<\/p>\n<p>abogadofmonje@gmail.com<br \/>\nopvargasabogado@gmail.com<\/p>\n","protected":false},"excerpt":{"rendered":"<p>Con el inapropiado proyecto de ley 395\/22-23 (035\/15\/11\/2023) contin\u00faa innecesariamente postergada indefinidamente la Actualizaci\u00f3n de los L\u00edmites Solidarios 2017-2022, establecida en la Ley de Pensiones: Art. 19\u00ba.- \u201c(ACTUALIZACI\u00d3N DE LOS L\u00cdMITES SOLIDARIOS). El \u00d3rgano Ejecutivo podr\u00e1 actualizar cada cinco (5) a\u00f1os, los montos correspondientes a los l\u00edmites m\u00ednimos y m\u00e1ximos solidarios establecidos en la presente [&hellip;]<\/p>\n","protected":false},"author":1,"featured_media":194790,"comment_status":"open","ping_status":"open","sticky":false,"template":"","format":"standard","meta":{"_acf_changed":false,"footnotes":""},"categories":[9],"tags":[],"class_list":["post-233054","post","type-post","status-publish","format-standard","has-post-thumbnail","category-opinion"],"acf":{"antetitulo":""},"yoast_head":"<!-- This site is optimized with the Yoast SEO plugin v28.4 - https:\/\/yoast.com\/product\/yoast-seo-wordpress\/ -->\n<title>Gobierno y COB postergan indebidamente los derechos y esperanzas de los jubilados - El Diario - Bolivia<\/title>\n<meta name=\"robots\" content=\"index, follow, max-snippet:-1, max-image-preview:large, max-video-preview:-1\" \/>\n<link rel=\"canonical\" href=\"https:\/\/www.eldiario.net\/portal\/2024\/07\/10\/gobierno-y-cob-postergan-indebidamente-los-derechos-y-esperanzas-de-los-jubilados\/\" \/>\n<meta property=\"og:locale\" content=\"es_ES\" \/>\n<meta property=\"og:type\" content=\"article\" \/>\n<meta property=\"og:title\" content=\"Gobierno y COB postergan indebidamente los derechos y esperanzas de los jubilados - El Diario - Bolivia\" \/>\n<meta property=\"og:description\" content=\"Con el inapropiado proyecto de ley 395\/22-23 (035\/15\/11\/2023) contin\u00faa innecesariamente postergada indefinidamente la Actualizaci\u00f3n de los L\u00edmites Solidarios 2017-2022, establecida en la Ley de Pensiones: Art. 19\u00ba.- \u201c(ACTUALIZACI\u00d3N DE LOS L\u00cdMITES SOLIDARIOS). El \u00d3rgano Ejecutivo podr\u00e1 actualizar cada cinco (5) a\u00f1os, los montos correspondientes a los l\u00edmites m\u00ednimos y m\u00e1ximos solidarios establecidos en la presente [&hellip;]\" \/>\n<meta property=\"og:url\" content=\"https:\/\/www.eldiario.net\/portal\/2024\/07\/10\/gobierno-y-cob-postergan-indebidamente-los-derechos-y-esperanzas-de-los-jubilados\/\" \/>\n<meta property=\"og:site_name\" content=\"El Diario - Bolivia\" \/>\n<meta property=\"article:publisher\" content=\"https:\/\/www.facebook.com\/eldiario.bolivia\/\" \/>\n<meta property=\"article:published_time\" content=\"2024-07-10T10:17:29+00:00\" \/>\n<meta property=\"og:image\" content=\"https:\/\/www.eldiario.net\/portal\/wp-content\/uploads\/2023\/12\/Opinion.jpg\" \/>\n\t<meta property=\"og:image:width\" content=\"800\" \/>\n\t<meta property=\"og:image:height\" content=\"500\" \/>\n\t<meta property=\"og:image:type\" content=\"image\/jpeg\" \/>\n<meta name=\"author\" content=\"Jeanette\" \/>\n<meta name=\"twitter:card\" content=\"summary_large_image\" \/>\n<meta name=\"twitter:creator\" content=\"@eldiario_net\" \/>\n<meta name=\"twitter:site\" content=\"@eldiario_net\" \/>\n<meta name=\"twitter:label1\" content=\"Escrito por\" \/>\n\t<meta name=\"twitter:data1\" content=\"Jeanette\" \/>\n\t<meta name=\"twitter:label2\" content=\"Tiempo de lectura\" \/>\n\t<meta name=\"twitter:data2\" content=\"3 minutos\" \/>\n<script type=\"application\/ld+json\" class=\"yoast-schema-graph\">{\"@context\":\"https:\\\/\\\/schema.org\",\"@graph\":[{\"@type\":\"Article\",\"@id\":\"https:\\\/\\\/www.eldiario.net\\\/portal\\\/2024\\\/07\\\/10\\\/gobierno-y-cob-postergan-indebidamente-los-derechos-y-esperanzas-de-los-jubilados\\\/#article\",\"isPartOf\":{\"@id\":\"https:\\\/\\\/www.eldiario.net\\\/portal\\\/2024\\\/07\\\/10\\\/gobierno-y-cob-postergan-indebidamente-los-derechos-y-esperanzas-de-los-jubilados\\\/\"},\"author\":{\"name\":\"Jeanette\",\"@id\":\"https:\\\/\\\/www.eldiario.net\\\/portal\\\/#\\\/schema\\\/person\\\/f46445640444750d7d753ccd04ae01b7\"},\"headline\":\"Gobierno y COB postergan indebidamente los derechos y esperanzas de los jubilados\",\"datePublished\":\"2024-07-10T10:17:29+00:00\",\"mainEntityOfPage\":{\"@id\":\"https:\\\/\\\/www.eldiario.net\\\/portal\\\/2024\\\/07\\\/10\\\/gobierno-y-cob-postergan-indebidamente-los-derechos-y-esperanzas-de-los-jubilados\\\/\"},\"wordCount\":594,\"commentCount\":0,\"publisher\":{\"@id\":\"https:\\\/\\\/www.eldiario.net\\\/portal\\\/#organization\"},\"image\":{\"@id\":\"https:\\\/\\\/www.eldiario.net\\\/portal\\\/2024\\\/07\\\/10\\\/gobierno-y-cob-postergan-indebidamente-los-derechos-y-esperanzas-de-los-jubilados\\\/#primaryimage\"},\"thumbnailUrl\":\"https:\\\/\\\/www.eldiario.net\\\/portal\\\/wp-content\\\/uploads\\\/2023\\\/12\\\/Opinion.jpg\",\"articleSection\":[\"Opini\u00f3n\"],\"inLanguage\":\"es\",\"potentialAction\":[{\"@type\":\"CommentAction\",\"name\":\"Comment\",\"target\":[\"https:\\\/\\\/www.eldiario.net\\\/portal\\\/2024\\\/07\\\/10\\\/gobierno-y-cob-postergan-indebidamente-los-derechos-y-esperanzas-de-los-jubilados\\\/#respond\"]}]},{\"@type\":\"WebPage\",\"@id\":\"https:\\\/\\\/www.eldiario.net\\\/portal\\\/2024\\\/07\\\/10\\\/gobierno-y-cob-postergan-indebidamente-los-derechos-y-esperanzas-de-los-jubilados\\\/\",\"url\":\"https:\\\/\\\/www.eldiario.net\\\/portal\\\/2024\\\/07\\\/10\\\/gobierno-y-cob-postergan-indebidamente-los-derechos-y-esperanzas-de-los-jubilados\\\/\",\"name\":\"Gobierno y COB postergan indebidamente los derechos y esperanzas de los jubilados - El Diario - Bolivia\",\"isPartOf\":{\"@id\":\"https:\\\/\\\/www.eldiario.net\\\/portal\\\/#website\"},\"primaryImageOfPage\":{\"@id\":\"https:\\\/\\\/www.eldiario.net\\\/portal\\\/2024\\\/07\\\/10\\\/gobierno-y-cob-postergan-indebidamente-los-derechos-y-esperanzas-de-los-jubilados\\\/#primaryimage\"},\"image\":{\"@id\":\"https:\\\/\\\/www.eldiario.net\\\/portal\\\/2024\\\/07\\\/10\\\/gobierno-y-cob-postergan-indebidamente-los-derechos-y-esperanzas-de-los-jubilados\\\/#primaryimage\"},\"thumbnailUrl\":\"https:\\\/\\\/www.eldiario.net\\\/portal\\\/wp-content\\\/uploads\\\/2023\\\/12\\\/Opinion.jpg\",\"datePublished\":\"2024-07-10T10:17:29+00:00\",\"breadcrumb\":{\"@id\":\"https:\\\/\\\/www.eldiario.net\\\/portal\\\/2024\\\/07\\\/10\\\/gobierno-y-cob-postergan-indebidamente-los-derechos-y-esperanzas-de-los-jubilados\\\/#breadcrumb\"},\"inLanguage\":\"es\",\"potentialAction\":[{\"@type\":\"ReadAction\",\"target\":[\"https:\\\/\\\/www.eldiario.net\\\/portal\\\/2024\\\/07\\\/10\\\/gobierno-y-cob-postergan-indebidamente-los-derechos-y-esperanzas-de-los-jubilados\\\/\"]}]},{\"@type\":\"ImageObject\",\"inLanguage\":\"es\",\"@id\":\"https:\\\/\\\/www.eldiario.net\\\/portal\\\/2024\\\/07\\\/10\\\/gobierno-y-cob-postergan-indebidamente-los-derechos-y-esperanzas-de-los-jubilados\\\/#primaryimage\",\"url\":\"https:\\\/\\\/www.eldiario.net\\\/portal\\\/wp-content\\\/uploads\\\/2023\\\/12\\\/Opinion.jpg\",\"contentUrl\":\"https:\\\/\\\/www.eldiario.net\\\/portal\\\/wp-content\\\/uploads\\\/2023\\\/12\\\/Opinion.jpg\",\"width\":800,\"height\":500},{\"@type\":\"BreadcrumbList\",\"@id\":\"https:\\\/\\\/www.eldiario.net\\\/portal\\\/2024\\\/07\\\/10\\\/gobierno-y-cob-postergan-indebidamente-los-derechos-y-esperanzas-de-los-jubilados\\\/#breadcrumb\",\"itemListElement\":[{\"@type\":\"ListItem\",\"position\":1,\"name\":\"Portada\",\"item\":\"https:\\\/\\\/www.eldiario.net\\\/portal\\\/\"},{\"@type\":\"ListItem\",\"position\":2,\"name\":\"Gobierno y COB postergan indebidamente los derechos y esperanzas de los jubilados\"}]},{\"@type\":\"WebSite\",\"@id\":\"https:\\\/\\\/www.eldiario.net\\\/portal\\\/#website\",\"url\":\"https:\\\/\\\/www.eldiario.net\\\/portal\\\/\",\"name\":\"El Diario - Decano de la prensa nacional\",\"description\":\"El Diario - Decano de la prensa nacional\",\"publisher\":{\"@id\":\"https:\\\/\\\/www.eldiario.net\\\/portal\\\/#organization\"},\"potentialAction\":[{\"@type\":\"SearchAction\",\"target\":{\"@type\":\"EntryPoint\",\"urlTemplate\":\"https:\\\/\\\/www.eldiario.net\\\/portal\\\/?s={search_term_string}\"},\"query-input\":{\"@type\":\"PropertyValueSpecification\",\"valueRequired\":true,\"valueName\":\"search_term_string\"}}],\"inLanguage\":\"es\"},{\"@type\":\"Organization\",\"@id\":\"https:\\\/\\\/www.eldiario.net\\\/portal\\\/#organization\",\"name\":\"El Diario - Decano de la prensa nacional\",\"url\":\"https:\\\/\\\/www.eldiario.net\\\/portal\\\/\",\"logo\":{\"@type\":\"ImageObject\",\"inLanguage\":\"es\",\"@id\":\"https:\\\/\\\/www.eldiario.net\\\/portal\\\/#\\\/schema\\\/logo\\\/image\\\/\",\"url\":\"https:\\\/\\\/www.eldiario.net\\\/portal\\\/wp-content\\\/uploads\\\/2023\\\/07\\\/logo_ED.jpg\",\"contentUrl\":\"https:\\\/\\\/www.eldiario.net\\\/portal\\\/wp-content\\\/uploads\\\/2023\\\/07\\\/logo_ED.jpg\",\"width\":272,\"height\":52,\"caption\":\"El Diario - Decano de la prensa nacional\"},\"image\":{\"@id\":\"https:\\\/\\\/www.eldiario.net\\\/portal\\\/#\\\/schema\\\/logo\\\/image\\\/\"},\"sameAs\":[\"https:\\\/\\\/www.facebook.com\\\/eldiario.bolivia\\\/\",\"https:\\\/\\\/x.com\\\/eldiario_net\"]},{\"@type\":\"Person\",\"@id\":\"https:\\\/\\\/www.eldiario.net\\\/portal\\\/#\\\/schema\\\/person\\\/f46445640444750d7d753ccd04ae01b7\",\"name\":\"Jeanette\",\"image\":{\"@type\":\"ImageObject\",\"inLanguage\":\"es\",\"@id\":\"https:\\\/\\\/secure.gravatar.com\\\/avatar\\\/3ea2118a5f7dad2b7138b1187a6b7ee55f160b9968b66013c3a3ef39dd7e5798?s=96&d=mm&r=g\",\"url\":\"https:\\\/\\\/secure.gravatar.com\\\/avatar\\\/3ea2118a5f7dad2b7138b1187a6b7ee55f160b9968b66013c3a3ef39dd7e5798?s=96&d=mm&r=g\",\"contentUrl\":\"https:\\\/\\\/secure.gravatar.com\\\/avatar\\\/3ea2118a5f7dad2b7138b1187a6b7ee55f160b9968b66013c3a3ef39dd7e5798?s=96&d=mm&r=g\",\"caption\":\"Jeanette\"},\"sameAs\":[\"https:\\\/\\\/www.eldiario.net\\\/portal\"],\"url\":\"https:\\\/\\\/www.eldiario.net\\\/portal\\\/author\\\/jeanette\\\/\"}]}<\/script>\n<!-- \/ Yoast SEO plugin. -->","yoast_head_json":{"title":"Gobierno y COB postergan indebidamente los derechos y esperanzas de los jubilados - El Diario - Bolivia","robots":{"index":"index","follow":"follow","max-snippet":"max-snippet:-1","max-image-preview":"max-image-preview:large","max-video-preview":"max-video-preview:-1"},"canonical":"https:\/\/www.eldiario.net\/portal\/2024\/07\/10\/gobierno-y-cob-postergan-indebidamente-los-derechos-y-esperanzas-de-los-jubilados\/","og_locale":"es_ES","og_type":"article","og_title":"Gobierno y COB postergan indebidamente los derechos y esperanzas de los jubilados - El Diario - Bolivia","og_description":"Con el inapropiado proyecto de ley 395\/22-23 (035\/15\/11\/2023) contin\u00faa innecesariamente postergada indefinidamente la Actualizaci\u00f3n de los L\u00edmites Solidarios 2017-2022, establecida en la Ley de Pensiones: Art. 19\u00ba.- \u201c(ACTUALIZACI\u00d3N DE LOS L\u00cdMITES SOLIDARIOS). El \u00d3rgano Ejecutivo podr\u00e1 actualizar cada cinco (5) a\u00f1os, los montos correspondientes a los l\u00edmites m\u00ednimos y m\u00e1ximos solidarios establecidos en la presente [&hellip;]","og_url":"https:\/\/www.eldiario.net\/portal\/2024\/07\/10\/gobierno-y-cob-postergan-indebidamente-los-derechos-y-esperanzas-de-los-jubilados\/","og_site_name":"El Diario - Bolivia","article_publisher":"https:\/\/www.facebook.com\/eldiario.bolivia\/","article_published_time":"2024-07-10T10:17:29+00:00","og_image":[{"width":800,"height":500,"url":"https:\/\/www.eldiario.net\/portal\/wp-content\/uploads\/2023\/12\/Opinion.jpg","type":"image\/jpeg"}],"author":"Jeanette","twitter_card":"summary_large_image","twitter_creator":"@eldiario_net","twitter_site":"@eldiario_net","twitter_misc":{"Escrito por":"Jeanette","Tiempo de lectura":"3 minutos"},"schema":{"@context":"https:\/\/schema.org","@graph":[{"@type":"Article","@id":"https:\/\/www.eldiario.net\/portal\/2024\/07\/10\/gobierno-y-cob-postergan-indebidamente-los-derechos-y-esperanzas-de-los-jubilados\/#article","isPartOf":{"@id":"https:\/\/www.eldiario.net\/portal\/2024\/07\/10\/gobierno-y-cob-postergan-indebidamente-los-derechos-y-esperanzas-de-los-jubilados\/"},"author":{"name":"Jeanette","@id":"https:\/\/www.eldiario.net\/portal\/#\/schema\/person\/f46445640444750d7d753ccd04ae01b7"},"headline":"Gobierno y COB postergan indebidamente los derechos y esperanzas de los jubilados","datePublished":"2024-07-10T10:17:29+00:00","mainEntityOfPage":{"@id":"https:\/\/www.eldiario.net\/portal\/2024\/07\/10\/gobierno-y-cob-postergan-indebidamente-los-derechos-y-esperanzas-de-los-jubilados\/"},"wordCount":594,"commentCount":0,"publisher":{"@id":"https:\/\/www.eldiario.net\/portal\/#organization"},"image":{"@id":"https:\/\/www.eldiario.net\/portal\/2024\/07\/10\/gobierno-y-cob-postergan-indebidamente-los-derechos-y-esperanzas-de-los-jubilados\/#primaryimage"},"thumbnailUrl":"https:\/\/www.eldiario.net\/portal\/wp-content\/uploads\/2023\/12\/Opinion.jpg","articleSection":["Opini\u00f3n"],"inLanguage":"es","potentialAction":[{"@type":"CommentAction","name":"Comment","target":["https:\/\/www.eldiario.net\/portal\/2024\/07\/10\/gobierno-y-cob-postergan-indebidamente-los-derechos-y-esperanzas-de-los-jubilados\/#respond"]}]},{"@type":"WebPage","@id":"https:\/\/www.eldiario.net\/portal\/2024\/07\/10\/gobierno-y-cob-postergan-indebidamente-los-derechos-y-esperanzas-de-los-jubilados\/","url":"https:\/\/www.eldiario.net\/portal\/2024\/07\/10\/gobierno-y-cob-postergan-indebidamente-los-derechos-y-esperanzas-de-los-jubilados\/","name":"Gobierno y COB postergan indebidamente los derechos y esperanzas de los jubilados - El Diario - Bolivia","isPartOf":{"@id":"https:\/\/www.eldiario.net\/portal\/#website"},"primaryImageOfPage":{"@id":"https:\/\/www.eldiario.net\/portal\/2024\/07\/10\/gobierno-y-cob-postergan-indebidamente-los-derechos-y-esperanzas-de-los-jubilados\/#primaryimage"},"image":{"@id":"https:\/\/www.eldiario.net\/portal\/2024\/07\/10\/gobierno-y-cob-postergan-indebidamente-los-derechos-y-esperanzas-de-los-jubilados\/#primaryimage"},"thumbnailUrl":"https:\/\/www.eldiario.net\/portal\/wp-content\/uploads\/2023\/12\/Opinion.jpg","datePublished":"2024-07-10T10:17:29+00:00","breadcrumb":{"@id":"https:\/\/www.eldiario.net\/portal\/2024\/07\/10\/gobierno-y-cob-postergan-indebidamente-los-derechos-y-esperanzas-de-los-jubilados\/#breadcrumb"},"inLanguage":"es","potentialAction":[{"@type":"ReadAction","target":["https:\/\/www.eldiario.net\/portal\/2024\/07\/10\/gobierno-y-cob-postergan-indebidamente-los-derechos-y-esperanzas-de-los-jubilados\/"]}]},{"@type":"ImageObject","inLanguage":"es","@id":"https:\/\/www.eldiario.net\/portal\/2024\/07\/10\/gobierno-y-cob-postergan-indebidamente-los-derechos-y-esperanzas-de-los-jubilados\/#primaryimage","url":"https:\/\/www.eldiario.net\/portal\/wp-content\/uploads\/2023\/12\/Opinion.jpg","contentUrl":"https:\/\/www.eldiario.net\/portal\/wp-content\/uploads\/2023\/12\/Opinion.jpg","width":800,"height":500},{"@type":"BreadcrumbList","@id":"https:\/\/www.eldiario.net\/portal\/2024\/07\/10\/gobierno-y-cob-postergan-indebidamente-los-derechos-y-esperanzas-de-los-jubilados\/#breadcrumb","itemListElement":[{"@type":"ListItem","position":1,"name":"Portada","item":"https:\/\/www.eldiario.net\/portal\/"},{"@type":"ListItem","position":2,"name":"Gobierno y COB postergan indebidamente los derechos y esperanzas de los jubilados"}]},{"@type":"WebSite","@id":"https:\/\/www.eldiario.net\/portal\/#website","url":"https:\/\/www.eldiario.net\/portal\/","name":"El Diario - Decano de la prensa nacional","description":"El Diario - Decano de la prensa nacional","publisher":{"@id":"https:\/\/www.eldiario.net\/portal\/#organization"},"potentialAction":[{"@type":"SearchAction","target":{"@type":"EntryPoint","urlTemplate":"https:\/\/www.eldiario.net\/portal\/?s={search_term_string}"},"query-input":{"@type":"PropertyValueSpecification","valueRequired":true,"valueName":"search_term_string"}}],"inLanguage":"es"},{"@type":"Organization","@id":"https:\/\/www.eldiario.net\/portal\/#organization","name":"El Diario - Decano de la prensa nacional","url":"https:\/\/www.eldiario.net\/portal\/","logo":{"@type":"ImageObject","inLanguage":"es","@id":"https:\/\/www.eldiario.net\/portal\/#\/schema\/logo\/image\/","url":"https:\/\/www.eldiario.net\/portal\/wp-content\/uploads\/2023\/07\/logo_ED.jpg","contentUrl":"https:\/\/www.eldiario.net\/portal\/wp-content\/uploads\/2023\/07\/logo_ED.jpg","width":272,"height":52,"caption":"El Diario - Decano de la prensa nacional"},"image":{"@id":"https:\/\/www.eldiario.net\/portal\/#\/schema\/logo\/image\/"},"sameAs":["https:\/\/www.facebook.com\/eldiario.bolivia\/","https:\/\/x.com\/eldiario_net"]},{"@type":"Person","@id":"https:\/\/www.eldiario.net\/portal\/#\/schema\/person\/f46445640444750d7d753ccd04ae01b7","name":"Jeanette","image":{"@type":"ImageObject","inLanguage":"es","@id":"https:\/\/secure.gravatar.com\/avatar\/3ea2118a5f7dad2b7138b1187a6b7ee55f160b9968b66013c3a3ef39dd7e5798?s=96&d=mm&r=g","url":"https:\/\/secure.gravatar.com\/avatar\/3ea2118a5f7dad2b7138b1187a6b7ee55f160b9968b66013c3a3ef39dd7e5798?s=96&d=mm&r=g","contentUrl":"https:\/\/secure.gravatar.com\/avatar\/3ea2118a5f7dad2b7138b1187a6b7ee55f160b9968b66013c3a3ef39dd7e5798?s=96&d=mm&r=g","caption":"Jeanette"},"sameAs":["https:\/\/www.eldiario.net\/portal"],"url":"https:\/\/www.eldiario.net\/portal\/author\/jeanette\/"}]}},"_links":{"self":[{"href":"https:\/\/www.eldiario.net\/portal\/wp-json\/wp\/v2\/posts\/233054","targetHints":{"allow":["GET"]}}],"collection":[{"href":"https:\/\/www.eldiario.net\/portal\/wp-json\/wp\/v2\/posts"}],"about":[{"href":"https:\/\/www.eldiario.net\/portal\/wp-json\/wp\/v2\/types\/post"}],"author":[{"embeddable":true,"href":"https:\/\/www.eldiario.net\/portal\/wp-json\/wp\/v2\/users\/1"}],"replies":[{"embeddable":true,"href":"https:\/\/www.eldiario.net\/portal\/wp-json\/wp\/v2\/comments?post=233054"}],"version-history":[{"count":1,"href":"https:\/\/www.eldiario.net\/portal\/wp-json\/wp\/v2\/posts\/233054\/revisions"}],"predecessor-version":[{"id":233055,"href":"https:\/\/www.eldiario.net\/portal\/wp-json\/wp\/v2\/posts\/233054\/revisions\/233055"}],"wp:featuredmedia":[{"embeddable":true,"href":"https:\/\/www.eldiario.net\/portal\/wp-json\/wp\/v2\/media\/194790"}],"wp:attachment":[{"href":"https:\/\/www.eldiario.net\/portal\/wp-json\/wp\/v2\/media?parent=233054"}],"wp:term":[{"taxonomy":"category","embeddable":true,"href":"https:\/\/www.eldiario.net\/portal\/wp-json\/wp\/v2\/categories?post=233054"},{"taxonomy":"post_tag","embeddable":true,"href":"https:\/\/www.eldiario.net\/portal\/wp-json\/wp\/v2\/tags?post=233054"}],"curies":[{"name":"wp","href":"https:\/\/api.w.org\/{rel}","templated":true}]}}