{"id":233052,"date":"2024-07-10T06:17:05","date_gmt":"2024-07-10T10:17:05","guid":{"rendered":"https:\/\/www.eldiario.net\/portal\/?p=233052"},"modified":"2024-07-10T06:17:05","modified_gmt":"2024-07-10T10:17:05","slug":"los-caminos-de-la-vida-no-son","status":"publish","type":"post","link":"https:\/\/www.eldiario.net\/portal\/2024\/07\/10\/los-caminos-de-la-vida-no-son\/","title":{"rendered":"Los caminos de la vida no son\u2026"},"content":{"rendered":"<p>\u201cLos caminos de la vida\/no son como yo esperaba\u201d; as\u00ed comienza la canci\u00f3n estrenada en 1993; ilusi\u00f3n acaso frustrada, porque encuentran en sus caminos de vida sorpresas no deseables, tan extra\u00f1as que a veces m\u00e1s parecen sue\u00f1os, y el mundo como un teatro, donde todo cuanto sucede es pasajero, ilusorio y ficticio (ilusi\u00f3n, sombra, ficci\u00f3n); participar como testigo an\u00f3nimo, y mirar con impotencia a miles de personas que mueren por fr\u00edo y no tienen para comer; los abusos a los ni\u00f1os, la pederast\u00eda y el aborto; el destino de la tierra, la ecolog\u00eda y sequ\u00eda, el desbosque, la quema y el CO2.<br \/>\n\u201cLos caminos de la vida\/ son muy dif\u00edcil de andarlos\u201d. Entre la destrucci\u00f3n y la muerte se negocia la compraventa de armas: tiene que seguir la guerra, pero hablaremos de Paz; de los que Israel sigue matando en Palestina y los que mat\u00f3 Ham\u00e1s en Israel. Los muertos en Ucrania, y los que mueren en Rusia.<br \/>\nEnfrentar con valor todo cuanto sucede en la propia casa, el entorno como realidad cercana, donde a veces los caminos son de ternura y amor: de los ni\u00f1os que son hijos y los de sus hijos: los nietos; del mundo complicado en ciernes, y la herencia que se deja, el cari\u00f1o que le tienen los hijos, del amor que se tiene por ellos y, a veces, del olvido y el abandono.<br \/>\n\u00abLos caminos de la vida\/ no son como los que imaginaba\u00bb; preocupaci\u00f3n al ver que los lagos y r\u00edos se secan, el deshielo de los polos aumenta, el silencio y los lamentos, la irresponsabilidad del hombre.<br \/>\nEl narcotr\u00e1fico en Am\u00e9rica, el consumo en Estados Unidos y Europa: hero\u00edna, coca\u00edna, marihuana. Los gobiernos como due\u00f1os de vidas y haciendas: tiran\u00eda, autocracia, imperialismo, socialismo y fascismo; la persecuci\u00f3n, los exiliados, los presos y los muertos en las prisiones.<br \/>\n\u201cLos caminos de la vida\/ no son como yo cre\u00eda\u201d; los inventos que facilitan la vida y otros que acaban con ella. Los placeres de ser felices con poco, y las amarguras de no lograrlo teniendo mucho. De c\u00f3mo se quiere ignorar la propia ignorancia, (o hacerse el del otro viernes), as\u00ed, no es necesario el saber, puede ser mandatario, ministro, o parlamentario.<br \/>\n\u00abNo son como yo esperaba\/ y no tengo salida\u00bb, dice la canci\u00f3n que populariz\u00f3 el cantante argentino Vicentico; est\u00e1 dicho de tal manera que derriba el optimismo, provoca inseguridad; y mirando en el propio escenario hay mucho que viene de atr\u00e1s: parece no tener salida: las farmacias y el precio de los medicamentos, la tarifa de las cl\u00ednicas, las consultas a los \u00abespecialistas\u00bb: sus largas y polivalentes recetas, los an\u00e1lisis y radiograf\u00edas, las facturas sin miramientos (dejarlos pobres no les importa); por otro lado, las filas de las madrugadas para conseguir la ficha de una consulta fugaz, cirug\u00edas diferidas por meses en la CNS; las quejas llegan al colmo, pero al final nada cambia.<br \/>\nLa juventud que deambula en busca de oportunidad, su crisis de expectativas: objetivos y metas; no encuentra trabajo. El porqu\u00e9 de otras cosas: la elecci\u00f3n de magistrados sigue envuelta en patra\u00f1as, el padr\u00f3n electoral donde reina el silencio; la ruptura en el partido Creemos: doctrina gesti\u00f3n o \u00abpegas\u00bb.<br \/>\nEn los caminos de la vida se encuentra tambi\u00e9n comedia: la pol\u00edtica, los pol\u00edticos, los \u00abpoliticastros\u00bb, el cinismo y la posverdad, seguramente volveremos a votar por ellos; c\u00f3mo se organizan para llegar al poder: el gobierno de las muchedumbres (oclocracia), gobierno de los ricos (timocracia) de los malvados e in\u00fatiles (cacocracia), de los ladrones (cleptocracia), &#8211;tantas \u00abcracias\u00bb que ya provocan gracia&#8211; como la democracia.<br \/>\nLos caminos de la vida son transitados dejando huella, como las que dejan escultores, compositores, pintores, escritores de prosas y versos; la literatura universal (la gente lee libros cada vez menos). La infidelidad \u00abin crescendo\u00bb, el divorcio que aumenta, el drama de los hijos que sufren por la separaci\u00f3n de los padres.<br \/>\nLos caminos de la vida ojal\u00e1 fueran como usted quisiera; a pesar de todo son vida&#8230;<\/p>\n<p>El autor es periodista.<\/p>\n","protected":false},"excerpt":{"rendered":"<p>\u201cLos caminos de la vida\/no son como yo esperaba\u201d; as\u00ed comienza la canci\u00f3n estrenada en 1993; ilusi\u00f3n acaso frustrada, porque encuentran en sus caminos de vida sorpresas no deseables, tan extra\u00f1as que a veces m\u00e1s parecen sue\u00f1os, y el mundo como un teatro, donde todo cuanto sucede es pasajero, ilusorio y ficticio (ilusi\u00f3n, sombra, ficci\u00f3n); [&hellip;]<\/p>\n","protected":false},"author":1,"featured_media":166360,"comment_status":"open","ping_status":"open","sticky":false,"template":"","format":"standard","meta":{"_acf_changed":false,"footnotes":""},"categories":[9],"tags":[],"class_list":["post-233052","post","type-post","status-publish","format-standard","has-post-thumbnail","category-opinion"],"acf":{"antetitulo":""},"yoast_head":"<!-- This site is optimized with the Yoast SEO plugin v28.4 - https:\/\/yoast.com\/product\/yoast-seo-wordpress\/ -->\n<title>Los caminos de la vida no son\u2026 - El Diario - Bolivia<\/title>\n<meta name=\"robots\" content=\"index, follow, max-snippet:-1, max-image-preview:large, max-video-preview:-1\" \/>\n<link rel=\"canonical\" href=\"https:\/\/www.eldiario.net\/portal\/2024\/07\/10\/los-caminos-de-la-vida-no-son\/\" \/>\n<meta property=\"og:locale\" content=\"es_ES\" \/>\n<meta property=\"og:type\" content=\"article\" \/>\n<meta property=\"og:title\" content=\"Los caminos de la vida no son\u2026 - El Diario - Bolivia\" \/>\n<meta property=\"og:description\" content=\"\u201cLos caminos de la vida\/no son como yo esperaba\u201d; as\u00ed comienza la canci\u00f3n estrenada en 1993; ilusi\u00f3n acaso frustrada, porque encuentran en sus caminos de vida sorpresas no deseables, tan extra\u00f1as que a veces m\u00e1s parecen sue\u00f1os, y el mundo como un teatro, donde todo cuanto sucede es pasajero, ilusorio y ficticio (ilusi\u00f3n, sombra, ficci\u00f3n); [&hellip;]\" \/>\n<meta property=\"og:url\" content=\"https:\/\/www.eldiario.net\/portal\/2024\/07\/10\/los-caminos-de-la-vida-no-son\/\" \/>\n<meta property=\"og:site_name\" content=\"El Diario - Bolivia\" \/>\n<meta property=\"article:publisher\" content=\"https:\/\/www.facebook.com\/eldiario.bolivia\/\" \/>\n<meta property=\"article:published_time\" content=\"2024-07-10T10:17:05+00:00\" \/>\n<meta property=\"og:image\" content=\"https:\/\/www.eldiario.net\/portal\/wp-content\/uploads\/2023\/07\/Mario-Malpartida.jpg\" \/>\n\t<meta property=\"og:image:width\" content=\"1200\" \/>\n\t<meta property=\"og:image:height\" content=\"628\" \/>\n\t<meta property=\"og:image:type\" content=\"image\/jpeg\" \/>\n<meta name=\"author\" content=\"Jeanette\" \/>\n<meta name=\"twitter:card\" content=\"summary_large_image\" \/>\n<meta name=\"twitter:creator\" content=\"@eldiario_net\" \/>\n<meta name=\"twitter:site\" content=\"@eldiario_net\" \/>\n<meta name=\"twitter:label1\" content=\"Escrito por\" \/>\n\t<meta name=\"twitter:data1\" content=\"Jeanette\" \/>\n\t<meta name=\"twitter:label2\" content=\"Tiempo de lectura\" \/>\n\t<meta name=\"twitter:data2\" content=\"4 minutos\" \/>\n<script type=\"application\/ld+json\" class=\"yoast-schema-graph\">{\"@context\":\"https:\\\/\\\/schema.org\",\"@graph\":[{\"@type\":\"Article\",\"@id\":\"https:\\\/\\\/www.eldiario.net\\\/portal\\\/2024\\\/07\\\/10\\\/los-caminos-de-la-vida-no-son\\\/#article\",\"isPartOf\":{\"@id\":\"https:\\\/\\\/www.eldiario.net\\\/portal\\\/2024\\\/07\\\/10\\\/los-caminos-de-la-vida-no-son\\\/\"},\"author\":{\"name\":\"Jeanette\",\"@id\":\"https:\\\/\\\/www.eldiario.net\\\/portal\\\/#\\\/schema\\\/person\\\/f46445640444750d7d753ccd04ae01b7\"},\"headline\":\"Los caminos de la vida no son\u2026\",\"datePublished\":\"2024-07-10T10:17:05+00:00\",\"mainEntityOfPage\":{\"@id\":\"https:\\\/\\\/www.eldiario.net\\\/portal\\\/2024\\\/07\\\/10\\\/los-caminos-de-la-vida-no-son\\\/\"},\"wordCount\":718,\"commentCount\":0,\"publisher\":{\"@id\":\"https:\\\/\\\/www.eldiario.net\\\/portal\\\/#organization\"},\"image\":{\"@id\":\"https:\\\/\\\/www.eldiario.net\\\/portal\\\/2024\\\/07\\\/10\\\/los-caminos-de-la-vida-no-son\\\/#primaryimage\"},\"thumbnailUrl\":\"https:\\\/\\\/www.eldiario.net\\\/portal\\\/wp-content\\\/uploads\\\/2023\\\/07\\\/Mario-Malpartida.jpg\",\"articleSection\":[\"Opini\u00f3n\"],\"inLanguage\":\"es\",\"potentialAction\":[{\"@type\":\"CommentAction\",\"name\":\"Comment\",\"target\":[\"https:\\\/\\\/www.eldiario.net\\\/portal\\\/2024\\\/07\\\/10\\\/los-caminos-de-la-vida-no-son\\\/#respond\"]}]},{\"@type\":\"WebPage\",\"@id\":\"https:\\\/\\\/www.eldiario.net\\\/portal\\\/2024\\\/07\\\/10\\\/los-caminos-de-la-vida-no-son\\\/\",\"url\":\"https:\\\/\\\/www.eldiario.net\\\/portal\\\/2024\\\/07\\\/10\\\/los-caminos-de-la-vida-no-son\\\/\",\"name\":\"Los caminos de la vida no son\u2026 - El Diario - Bolivia\",\"isPartOf\":{\"@id\":\"https:\\\/\\\/www.eldiario.net\\\/portal\\\/#website\"},\"primaryImageOfPage\":{\"@id\":\"https:\\\/\\\/www.eldiario.net\\\/portal\\\/2024\\\/07\\\/10\\\/los-caminos-de-la-vida-no-son\\\/#primaryimage\"},\"image\":{\"@id\":\"https:\\\/\\\/www.eldiario.net\\\/portal\\\/2024\\\/07\\\/10\\\/los-caminos-de-la-vida-no-son\\\/#primaryimage\"},\"thumbnailUrl\":\"https:\\\/\\\/www.eldiario.net\\\/portal\\\/wp-content\\\/uploads\\\/2023\\\/07\\\/Mario-Malpartida.jpg\",\"datePublished\":\"2024-07-10T10:17:05+00:00\",\"breadcrumb\":{\"@id\":\"https:\\\/\\\/www.eldiario.net\\\/portal\\\/2024\\\/07\\\/10\\\/los-caminos-de-la-vida-no-son\\\/#breadcrumb\"},\"inLanguage\":\"es\",\"potentialAction\":[{\"@type\":\"ReadAction\",\"target\":[\"https:\\\/\\\/www.eldiario.net\\\/portal\\\/2024\\\/07\\\/10\\\/los-caminos-de-la-vida-no-son\\\/\"]}]},{\"@type\":\"ImageObject\",\"inLanguage\":\"es\",\"@id\":\"https:\\\/\\\/www.eldiario.net\\\/portal\\\/2024\\\/07\\\/10\\\/los-caminos-de-la-vida-no-son\\\/#primaryimage\",\"url\":\"https:\\\/\\\/www.eldiario.net\\\/portal\\\/wp-content\\\/uploads\\\/2023\\\/07\\\/Mario-Malpartida.jpg\",\"contentUrl\":\"https:\\\/\\\/www.eldiario.net\\\/portal\\\/wp-content\\\/uploads\\\/2023\\\/07\\\/Mario-Malpartida.jpg\",\"width\":1200,\"height\":628,\"caption\":\"Mario Malpartida\"},{\"@type\":\"BreadcrumbList\",\"@id\":\"https:\\\/\\\/www.eldiario.net\\\/portal\\\/2024\\\/07\\\/10\\\/los-caminos-de-la-vida-no-son\\\/#breadcrumb\",\"itemListElement\":[{\"@type\":\"ListItem\",\"position\":1,\"name\":\"Portada\",\"item\":\"https:\\\/\\\/www.eldiario.net\\\/portal\\\/\"},{\"@type\":\"ListItem\",\"position\":2,\"name\":\"Los caminos de la vida no son\u2026\"}]},{\"@type\":\"WebSite\",\"@id\":\"https:\\\/\\\/www.eldiario.net\\\/portal\\\/#website\",\"url\":\"https:\\\/\\\/www.eldiario.net\\\/portal\\\/\",\"name\":\"El Diario - Decano de la prensa nacional\",\"description\":\"El Diario - Decano de la prensa nacional\",\"publisher\":{\"@id\":\"https:\\\/\\\/www.eldiario.net\\\/portal\\\/#organization\"},\"potentialAction\":[{\"@type\":\"SearchAction\",\"target\":{\"@type\":\"EntryPoint\",\"urlTemplate\":\"https:\\\/\\\/www.eldiario.net\\\/portal\\\/?s={search_term_string}\"},\"query-input\":{\"@type\":\"PropertyValueSpecification\",\"valueRequired\":true,\"valueName\":\"search_term_string\"}}],\"inLanguage\":\"es\"},{\"@type\":\"Organization\",\"@id\":\"https:\\\/\\\/www.eldiario.net\\\/portal\\\/#organization\",\"name\":\"El Diario - Decano de la prensa nacional\",\"url\":\"https:\\\/\\\/www.eldiario.net\\\/portal\\\/\",\"logo\":{\"@type\":\"ImageObject\",\"inLanguage\":\"es\",\"@id\":\"https:\\\/\\\/www.eldiario.net\\\/portal\\\/#\\\/schema\\\/logo\\\/image\\\/\",\"url\":\"https:\\\/\\\/www.eldiario.net\\\/portal\\\/wp-content\\\/uploads\\\/2023\\\/07\\\/logo_ED.jpg\",\"contentUrl\":\"https:\\\/\\\/www.eldiario.net\\\/portal\\\/wp-content\\\/uploads\\\/2023\\\/07\\\/logo_ED.jpg\",\"width\":272,\"height\":52,\"caption\":\"El Diario - Decano de la prensa nacional\"},\"image\":{\"@id\":\"https:\\\/\\\/www.eldiario.net\\\/portal\\\/#\\\/schema\\\/logo\\\/image\\\/\"},\"sameAs\":[\"https:\\\/\\\/www.facebook.com\\\/eldiario.bolivia\\\/\",\"https:\\\/\\\/x.com\\\/eldiario_net\"]},{\"@type\":\"Person\",\"@id\":\"https:\\\/\\\/www.eldiario.net\\\/portal\\\/#\\\/schema\\\/person\\\/f46445640444750d7d753ccd04ae01b7\",\"name\":\"Jeanette\",\"image\":{\"@type\":\"ImageObject\",\"inLanguage\":\"es\",\"@id\":\"https:\\\/\\\/secure.gravatar.com\\\/avatar\\\/3ea2118a5f7dad2b7138b1187a6b7ee55f160b9968b66013c3a3ef39dd7e5798?s=96&d=mm&r=g\",\"url\":\"https:\\\/\\\/secure.gravatar.com\\\/avatar\\\/3ea2118a5f7dad2b7138b1187a6b7ee55f160b9968b66013c3a3ef39dd7e5798?s=96&d=mm&r=g\",\"contentUrl\":\"https:\\\/\\\/secure.gravatar.com\\\/avatar\\\/3ea2118a5f7dad2b7138b1187a6b7ee55f160b9968b66013c3a3ef39dd7e5798?s=96&d=mm&r=g\",\"caption\":\"Jeanette\"},\"sameAs\":[\"https:\\\/\\\/www.eldiario.net\\\/portal\"],\"url\":\"https:\\\/\\\/www.eldiario.net\\\/portal\\\/author\\\/jeanette\\\/\"}]}<\/script>\n<!-- \/ Yoast SEO plugin. -->","yoast_head_json":{"title":"Los caminos de la vida no son\u2026 - El Diario - Bolivia","robots":{"index":"index","follow":"follow","max-snippet":"max-snippet:-1","max-image-preview":"max-image-preview:large","max-video-preview":"max-video-preview:-1"},"canonical":"https:\/\/www.eldiario.net\/portal\/2024\/07\/10\/los-caminos-de-la-vida-no-son\/","og_locale":"es_ES","og_type":"article","og_title":"Los caminos de la vida no son\u2026 - El Diario - Bolivia","og_description":"\u201cLos caminos de la vida\/no son como yo esperaba\u201d; as\u00ed comienza la canci\u00f3n estrenada en 1993; ilusi\u00f3n acaso frustrada, porque encuentran en sus caminos de vida sorpresas no deseables, tan extra\u00f1as que a veces m\u00e1s parecen sue\u00f1os, y el mundo como un teatro, donde todo cuanto sucede es pasajero, ilusorio y ficticio (ilusi\u00f3n, sombra, ficci\u00f3n); [&hellip;]","og_url":"https:\/\/www.eldiario.net\/portal\/2024\/07\/10\/los-caminos-de-la-vida-no-son\/","og_site_name":"El Diario - Bolivia","article_publisher":"https:\/\/www.facebook.com\/eldiario.bolivia\/","article_published_time":"2024-07-10T10:17:05+00:00","og_image":[{"width":1200,"height":628,"url":"https:\/\/www.eldiario.net\/portal\/wp-content\/uploads\/2023\/07\/Mario-Malpartida.jpg","type":"image\/jpeg"}],"author":"Jeanette","twitter_card":"summary_large_image","twitter_creator":"@eldiario_net","twitter_site":"@eldiario_net","twitter_misc":{"Escrito por":"Jeanette","Tiempo de lectura":"4 minutos"},"schema":{"@context":"https:\/\/schema.org","@graph":[{"@type":"Article","@id":"https:\/\/www.eldiario.net\/portal\/2024\/07\/10\/los-caminos-de-la-vida-no-son\/#article","isPartOf":{"@id":"https:\/\/www.eldiario.net\/portal\/2024\/07\/10\/los-caminos-de-la-vida-no-son\/"},"author":{"name":"Jeanette","@id":"https:\/\/www.eldiario.net\/portal\/#\/schema\/person\/f46445640444750d7d753ccd04ae01b7"},"headline":"Los caminos de la vida no son\u2026","datePublished":"2024-07-10T10:17:05+00:00","mainEntityOfPage":{"@id":"https:\/\/www.eldiario.net\/portal\/2024\/07\/10\/los-caminos-de-la-vida-no-son\/"},"wordCount":718,"commentCount":0,"publisher":{"@id":"https:\/\/www.eldiario.net\/portal\/#organization"},"image":{"@id":"https:\/\/www.eldiario.net\/portal\/2024\/07\/10\/los-caminos-de-la-vida-no-son\/#primaryimage"},"thumbnailUrl":"https:\/\/www.eldiario.net\/portal\/wp-content\/uploads\/2023\/07\/Mario-Malpartida.jpg","articleSection":["Opini\u00f3n"],"inLanguage":"es","potentialAction":[{"@type":"CommentAction","name":"Comment","target":["https:\/\/www.eldiario.net\/portal\/2024\/07\/10\/los-caminos-de-la-vida-no-son\/#respond"]}]},{"@type":"WebPage","@id":"https:\/\/www.eldiario.net\/portal\/2024\/07\/10\/los-caminos-de-la-vida-no-son\/","url":"https:\/\/www.eldiario.net\/portal\/2024\/07\/10\/los-caminos-de-la-vida-no-son\/","name":"Los caminos de la vida no son\u2026 - El Diario - Bolivia","isPartOf":{"@id":"https:\/\/www.eldiario.net\/portal\/#website"},"primaryImageOfPage":{"@id":"https:\/\/www.eldiario.net\/portal\/2024\/07\/10\/los-caminos-de-la-vida-no-son\/#primaryimage"},"image":{"@id":"https:\/\/www.eldiario.net\/portal\/2024\/07\/10\/los-caminos-de-la-vida-no-son\/#primaryimage"},"thumbnailUrl":"https:\/\/www.eldiario.net\/portal\/wp-content\/uploads\/2023\/07\/Mario-Malpartida.jpg","datePublished":"2024-07-10T10:17:05+00:00","breadcrumb":{"@id":"https:\/\/www.eldiario.net\/portal\/2024\/07\/10\/los-caminos-de-la-vida-no-son\/#breadcrumb"},"inLanguage":"es","potentialAction":[{"@type":"ReadAction","target":["https:\/\/www.eldiario.net\/portal\/2024\/07\/10\/los-caminos-de-la-vida-no-son\/"]}]},{"@type":"ImageObject","inLanguage":"es","@id":"https:\/\/www.eldiario.net\/portal\/2024\/07\/10\/los-caminos-de-la-vida-no-son\/#primaryimage","url":"https:\/\/www.eldiario.net\/portal\/wp-content\/uploads\/2023\/07\/Mario-Malpartida.jpg","contentUrl":"https:\/\/www.eldiario.net\/portal\/wp-content\/uploads\/2023\/07\/Mario-Malpartida.jpg","width":1200,"height":628,"caption":"Mario Malpartida"},{"@type":"BreadcrumbList","@id":"https:\/\/www.eldiario.net\/portal\/2024\/07\/10\/los-caminos-de-la-vida-no-son\/#breadcrumb","itemListElement":[{"@type":"ListItem","position":1,"name":"Portada","item":"https:\/\/www.eldiario.net\/portal\/"},{"@type":"ListItem","position":2,"name":"Los caminos de la vida no son\u2026"}]},{"@type":"WebSite","@id":"https:\/\/www.eldiario.net\/portal\/#website","url":"https:\/\/www.eldiario.net\/portal\/","name":"El Diario - Decano de la prensa nacional","description":"El Diario - Decano de la prensa nacional","publisher":{"@id":"https:\/\/www.eldiario.net\/portal\/#organization"},"potentialAction":[{"@type":"SearchAction","target":{"@type":"EntryPoint","urlTemplate":"https:\/\/www.eldiario.net\/portal\/?s={search_term_string}"},"query-input":{"@type":"PropertyValueSpecification","valueRequired":true,"valueName":"search_term_string"}}],"inLanguage":"es"},{"@type":"Organization","@id":"https:\/\/www.eldiario.net\/portal\/#organization","name":"El Diario - Decano de la prensa nacional","url":"https:\/\/www.eldiario.net\/portal\/","logo":{"@type":"ImageObject","inLanguage":"es","@id":"https:\/\/www.eldiario.net\/portal\/#\/schema\/logo\/image\/","url":"https:\/\/www.eldiario.net\/portal\/wp-content\/uploads\/2023\/07\/logo_ED.jpg","contentUrl":"https:\/\/www.eldiario.net\/portal\/wp-content\/uploads\/2023\/07\/logo_ED.jpg","width":272,"height":52,"caption":"El Diario - Decano de la prensa nacional"},"image":{"@id":"https:\/\/www.eldiario.net\/portal\/#\/schema\/logo\/image\/"},"sameAs":["https:\/\/www.facebook.com\/eldiario.bolivia\/","https:\/\/x.com\/eldiario_net"]},{"@type":"Person","@id":"https:\/\/www.eldiario.net\/portal\/#\/schema\/person\/f46445640444750d7d753ccd04ae01b7","name":"Jeanette","image":{"@type":"ImageObject","inLanguage":"es","@id":"https:\/\/secure.gravatar.com\/avatar\/3ea2118a5f7dad2b7138b1187a6b7ee55f160b9968b66013c3a3ef39dd7e5798?s=96&d=mm&r=g","url":"https:\/\/secure.gravatar.com\/avatar\/3ea2118a5f7dad2b7138b1187a6b7ee55f160b9968b66013c3a3ef39dd7e5798?s=96&d=mm&r=g","contentUrl":"https:\/\/secure.gravatar.com\/avatar\/3ea2118a5f7dad2b7138b1187a6b7ee55f160b9968b66013c3a3ef39dd7e5798?s=96&d=mm&r=g","caption":"Jeanette"},"sameAs":["https:\/\/www.eldiario.net\/portal"],"url":"https:\/\/www.eldiario.net\/portal\/author\/jeanette\/"}]}},"_links":{"self":[{"href":"https:\/\/www.eldiario.net\/portal\/wp-json\/wp\/v2\/posts\/233052","targetHints":{"allow":["GET"]}}],"collection":[{"href":"https:\/\/www.eldiario.net\/portal\/wp-json\/wp\/v2\/posts"}],"about":[{"href":"https:\/\/www.eldiario.net\/portal\/wp-json\/wp\/v2\/types\/post"}],"author":[{"embeddable":true,"href":"https:\/\/www.eldiario.net\/portal\/wp-json\/wp\/v2\/users\/1"}],"replies":[{"embeddable":true,"href":"https:\/\/www.eldiario.net\/portal\/wp-json\/wp\/v2\/comments?post=233052"}],"version-history":[{"count":1,"href":"https:\/\/www.eldiario.net\/portal\/wp-json\/wp\/v2\/posts\/233052\/revisions"}],"predecessor-version":[{"id":233053,"href":"https:\/\/www.eldiario.net\/portal\/wp-json\/wp\/v2\/posts\/233052\/revisions\/233053"}],"wp:featuredmedia":[{"embeddable":true,"href":"https:\/\/www.eldiario.net\/portal\/wp-json\/wp\/v2\/media\/166360"}],"wp:attachment":[{"href":"https:\/\/www.eldiario.net\/portal\/wp-json\/wp\/v2\/media?parent=233052"}],"wp:term":[{"taxonomy":"category","embeddable":true,"href":"https:\/\/www.eldiario.net\/portal\/wp-json\/wp\/v2\/categories?post=233052"},{"taxonomy":"post_tag","embeddable":true,"href":"https:\/\/www.eldiario.net\/portal\/wp-json\/wp\/v2\/tags?post=233052"}],"curies":[{"name":"wp","href":"https:\/\/api.w.org\/{rel}","templated":true}]}}