{"id":233050,"date":"2024-07-10T06:16:43","date_gmt":"2024-07-10T10:16:43","guid":{"rendered":"https:\/\/www.eldiario.net\/portal\/?p=233050"},"modified":"2024-07-10T06:16:43","modified_gmt":"2024-07-10T10:16:43","slug":"hablemos-del-cesar","status":"publish","type":"post","link":"https:\/\/www.eldiario.net\/portal\/2024\/07\/10\/hablemos-del-cesar\/","title":{"rendered":"Hablemos del \u201cC\u00e9sar\u201d"},"content":{"rendered":"<p>Hace un tiempo escrib\u00ed sobre el gran Julio C\u00e9sar. Viendo la escasez de l\u00edderes en Bolivia y la mediocridad de los pol\u00edticos, creo que es oportuno volver a hablar del gran comandante romano, inspiraci\u00f3n para muchos de los seres humanos m\u00e1s relevantes de la historia.<br \/>\nLa figura de C\u00e9sar ha sido \u201csatanizada\u201d a lo largo de los siglos, la gente piensa que fue un tirano d\u00e9spota, sin realmente leer la historia. Hablamos de uno de los pol\u00edticos m\u00e1s astutos de todos los tiempos, un general con grandes m\u00e9ritos, similares a los de Alejandro Magno, y un gobernante sabio, capaz de guiar a su pueblo a una nueva era de prosperidad.<br \/>\nHablamos de un general amado por su pueblo, pero repudiado por el Senado romano, que se vio en peligro por el descomunal ascenso de C\u00e9sar, quien logr\u00f3 convencer a los hombres m\u00e1s poderosos de Roma para obtener el puesto de c\u00f3nsul, formando el triunvirato m\u00e1s famoso de la historia, mostrando sus habilidades de pol\u00edtico y para negociar.<br \/>\nDespu\u00e9s de la \u201ctraici\u00f3n\u201d de sus aliados y el fin del triunvirato, C\u00e9sar mostr\u00f3 un gran esp\u00edritu de lucha y decidi\u00f3 buscar en el campo de batalla la gloria denegada por el senado. Se lanz\u00f3 a la conquista de Galia, territorio \u201cmaldito\u201d para los romanos y nunca conquistado. Luego de arduas batallas y con estrategias innovadoras, C\u00e9sar logr\u00f3 conquistar Galia, un hito \u00fanico en la historia romana.<br \/>\nDespu\u00e9s de su \u00e9pico triunfo, Pompeyo, su m\u00e1s grande rival, se encar\u00f3 contra \u00e9l en una guerra civil por el dominio de Roma. C\u00e9sar logr\u00f3 otro gran triunfo y sus siguientes peripecias lo llevaron alrededor del mundo antiguo, terminando en Egipto. Por amor a Roma y viendo el fracaso de Marco Antonio como gobernante, decidi\u00f3 retornar para sacar a su \u201cnaci\u00f3n\u201d de la dura situaci\u00f3n por la cual pasaba. Eso es lo que realmente hace un l\u00edder, sacar a su pa\u00eds de la crisis y tratar de darle pol\u00edticas para la estabilidad a largo plazo, darle un verdadero salto cualitativo.<br \/>\nSus reformas, como la imposici\u00f3n del calendario, la ciudadan\u00eda romana igualitaria para todos o la nueva forma de gobierno, le permitieron a Roma convertirse en un gran imperio.<br \/>\nHablar de C\u00e9sar es hablar de un l\u00edder \u00fanico, no solo capaz de triunfar internamente sino tambi\u00e9n conseguir \u00e9xitos geopol\u00edticos \u00fanicos; capaz de imponer un sentimiento de pertenencia romana a territorios alejados de la misma Roma y, sobre todo, de ser querido por su pueblo.<br \/>\nMostr\u00f3 que un buen l\u00edder debe ser h\u00e1bil como gobernante, capaz de dictar pol\u00edticas coherentes para impulsar a Roma a un nuevo estatus. De igual forma, fue un gran diplom\u00e1tico, creando grandes alianzas y tambi\u00e9n luchando en contra de las amenazas contra Roma.<br \/>\nFinalmente, seg\u00fan relatos hist\u00f3ricos fue un gran orador, con un gran carisma capaz de lograr lealtad pura por parte de sus seguidores, tanto por el ej\u00e9rcito como por el pueblo.<br \/>\nSu m\u00e1s grande enemigo fue el senado romano, senado gobernado por las elites tradicionales romanas, quienes vieron su poder amenazado. C\u00e9sar entendi\u00f3 que la situaci\u00f3n de Roma era cr\u00edtica y que su sistema pol\u00edtico deb\u00eda ser modificado para una mejor administraci\u00f3n, pero sobre todo para impulsar el poder romano. Su error fue no cuidarse de los senadores y de los pol\u00edticos, ellos terminaron d\u00e1ndole fin, para hacerlo m\u00e1s tr\u00e1gico, su mismo hijo adoptivo.<br \/>\nUn buen l\u00edder siempre debe inspirarse en Julio C\u00e9sar, debe contar con sus virtudes; una idea clara para su pa\u00eds, ambici\u00f3n para lograr \u00e9xito en lo interno y en lo externo, ser un l\u00edder para su pueblo y ser capaz de dictar reformas trascendentales para lograr la estabilidad a largo de un pa\u00eds. De igual forma, debe ser un l\u00edder astuto, un negociador nato y poseer un gran carisma. Tener todas estas cualidades se traduce en triunfar en pol\u00edtica.<\/p>\n","protected":false},"excerpt":{"rendered":"<p>Hace un tiempo escrib\u00ed sobre el gran Julio C\u00e9sar. Viendo la escasez de l\u00edderes en Bolivia y la mediocridad de los pol\u00edticos, creo que es oportuno volver a hablar del gran comandante romano, inspiraci\u00f3n para muchos de los seres humanos m\u00e1s relevantes de la historia. La figura de C\u00e9sar ha sido \u201csatanizada\u201d a lo largo [&hellip;]<\/p>\n","protected":false},"author":1,"featured_media":161834,"comment_status":"open","ping_status":"open","sticky":false,"template":"","format":"standard","meta":{"_acf_changed":false,"footnotes":""},"categories":[9],"tags":[],"class_list":["post-233050","post","type-post","status-publish","format-standard","has-post-thumbnail","category-opinion"],"acf":{"antetitulo":""},"yoast_head":"<!-- This site is optimized with the Yoast SEO plugin v28.4 - https:\/\/yoast.com\/product\/yoast-seo-wordpress\/ -->\n<title>Hablemos del \u201cC\u00e9sar\u201d - El Diario - Bolivia<\/title>\n<meta name=\"robots\" content=\"index, follow, max-snippet:-1, max-image-preview:large, max-video-preview:-1\" \/>\n<link rel=\"canonical\" href=\"https:\/\/www.eldiario.net\/portal\/2024\/07\/10\/hablemos-del-cesar\/\" \/>\n<meta property=\"og:locale\" content=\"es_ES\" \/>\n<meta property=\"og:type\" content=\"article\" \/>\n<meta property=\"og:title\" content=\"Hablemos del \u201cC\u00e9sar\u201d - El Diario - Bolivia\" \/>\n<meta property=\"og:description\" content=\"Hace un tiempo escrib\u00ed sobre el gran Julio C\u00e9sar. Viendo la escasez de l\u00edderes en Bolivia y la mediocridad de los pol\u00edticos, creo que es oportuno volver a hablar del gran comandante romano, inspiraci\u00f3n para muchos de los seres humanos m\u00e1s relevantes de la historia. La figura de C\u00e9sar ha sido \u201csatanizada\u201d a lo largo [&hellip;]\" \/>\n<meta property=\"og:url\" content=\"https:\/\/www.eldiario.net\/portal\/2024\/07\/10\/hablemos-del-cesar\/\" \/>\n<meta property=\"og:site_name\" content=\"El Diario - Bolivia\" \/>\n<meta property=\"article:publisher\" content=\"https:\/\/www.facebook.com\/eldiario.bolivia\/\" \/>\n<meta property=\"article:published_time\" content=\"2024-07-10T10:16:43+00:00\" \/>\n<meta property=\"og:image\" content=\"https:\/\/www.eldiario.net\/portal\/wp-content\/uploads\/2023\/06\/Fabian-Freire.jpg\" \/>\n\t<meta property=\"og:image:width\" content=\"1200\" \/>\n\t<meta property=\"og:image:height\" content=\"628\" \/>\n\t<meta property=\"og:image:type\" content=\"image\/jpeg\" \/>\n<meta name=\"author\" content=\"Jeanette\" \/>\n<meta name=\"twitter:card\" content=\"summary_large_image\" \/>\n<meta name=\"twitter:creator\" content=\"@eldiario_net\" \/>\n<meta name=\"twitter:site\" content=\"@eldiario_net\" \/>\n<meta name=\"twitter:label1\" content=\"Escrito por\" \/>\n\t<meta name=\"twitter:data1\" content=\"Jeanette\" \/>\n\t<meta name=\"twitter:label2\" content=\"Tiempo de lectura\" \/>\n\t<meta name=\"twitter:data2\" content=\"4 minutos\" \/>\n<script type=\"application\/ld+json\" class=\"yoast-schema-graph\">{\"@context\":\"https:\\\/\\\/schema.org\",\"@graph\":[{\"@type\":\"Article\",\"@id\":\"https:\\\/\\\/www.eldiario.net\\\/portal\\\/2024\\\/07\\\/10\\\/hablemos-del-cesar\\\/#article\",\"isPartOf\":{\"@id\":\"https:\\\/\\\/www.eldiario.net\\\/portal\\\/2024\\\/07\\\/10\\\/hablemos-del-cesar\\\/\"},\"author\":{\"name\":\"Jeanette\",\"@id\":\"https:\\\/\\\/www.eldiario.net\\\/portal\\\/#\\\/schema\\\/person\\\/f46445640444750d7d753ccd04ae01b7\"},\"headline\":\"Hablemos del \u201cC\u00e9sar\u201d\",\"datePublished\":\"2024-07-10T10:16:43+00:00\",\"mainEntityOfPage\":{\"@id\":\"https:\\\/\\\/www.eldiario.net\\\/portal\\\/2024\\\/07\\\/10\\\/hablemos-del-cesar\\\/\"},\"wordCount\":697,\"commentCount\":0,\"publisher\":{\"@id\":\"https:\\\/\\\/www.eldiario.net\\\/portal\\\/#organization\"},\"image\":{\"@id\":\"https:\\\/\\\/www.eldiario.net\\\/portal\\\/2024\\\/07\\\/10\\\/hablemos-del-cesar\\\/#primaryimage\"},\"thumbnailUrl\":\"https:\\\/\\\/www.eldiario.net\\\/portal\\\/wp-content\\\/uploads\\\/2023\\\/06\\\/Fabian-Freire.jpg\",\"articleSection\":[\"Opini\u00f3n\"],\"inLanguage\":\"es\",\"potentialAction\":[{\"@type\":\"CommentAction\",\"name\":\"Comment\",\"target\":[\"https:\\\/\\\/www.eldiario.net\\\/portal\\\/2024\\\/07\\\/10\\\/hablemos-del-cesar\\\/#respond\"]}]},{\"@type\":\"WebPage\",\"@id\":\"https:\\\/\\\/www.eldiario.net\\\/portal\\\/2024\\\/07\\\/10\\\/hablemos-del-cesar\\\/\",\"url\":\"https:\\\/\\\/www.eldiario.net\\\/portal\\\/2024\\\/07\\\/10\\\/hablemos-del-cesar\\\/\",\"name\":\"Hablemos del \u201cC\u00e9sar\u201d - El Diario - Bolivia\",\"isPartOf\":{\"@id\":\"https:\\\/\\\/www.eldiario.net\\\/portal\\\/#website\"},\"primaryImageOfPage\":{\"@id\":\"https:\\\/\\\/www.eldiario.net\\\/portal\\\/2024\\\/07\\\/10\\\/hablemos-del-cesar\\\/#primaryimage\"},\"image\":{\"@id\":\"https:\\\/\\\/www.eldiario.net\\\/portal\\\/2024\\\/07\\\/10\\\/hablemos-del-cesar\\\/#primaryimage\"},\"thumbnailUrl\":\"https:\\\/\\\/www.eldiario.net\\\/portal\\\/wp-content\\\/uploads\\\/2023\\\/06\\\/Fabian-Freire.jpg\",\"datePublished\":\"2024-07-10T10:16:43+00:00\",\"breadcrumb\":{\"@id\":\"https:\\\/\\\/www.eldiario.net\\\/portal\\\/2024\\\/07\\\/10\\\/hablemos-del-cesar\\\/#breadcrumb\"},\"inLanguage\":\"es\",\"potentialAction\":[{\"@type\":\"ReadAction\",\"target\":[\"https:\\\/\\\/www.eldiario.net\\\/portal\\\/2024\\\/07\\\/10\\\/hablemos-del-cesar\\\/\"]}]},{\"@type\":\"ImageObject\",\"inLanguage\":\"es\",\"@id\":\"https:\\\/\\\/www.eldiario.net\\\/portal\\\/2024\\\/07\\\/10\\\/hablemos-del-cesar\\\/#primaryimage\",\"url\":\"https:\\\/\\\/www.eldiario.net\\\/portal\\\/wp-content\\\/uploads\\\/2023\\\/06\\\/Fabian-Freire.jpg\",\"contentUrl\":\"https:\\\/\\\/www.eldiario.net\\\/portal\\\/wp-content\\\/uploads\\\/2023\\\/06\\\/Fabian-Freire.jpg\",\"width\":1200,\"height\":628,\"caption\":\"Fabian Freire\"},{\"@type\":\"BreadcrumbList\",\"@id\":\"https:\\\/\\\/www.eldiario.net\\\/portal\\\/2024\\\/07\\\/10\\\/hablemos-del-cesar\\\/#breadcrumb\",\"itemListElement\":[{\"@type\":\"ListItem\",\"position\":1,\"name\":\"Portada\",\"item\":\"https:\\\/\\\/www.eldiario.net\\\/portal\\\/\"},{\"@type\":\"ListItem\",\"position\":2,\"name\":\"Hablemos del \u201cC\u00e9sar\u201d\"}]},{\"@type\":\"WebSite\",\"@id\":\"https:\\\/\\\/www.eldiario.net\\\/portal\\\/#website\",\"url\":\"https:\\\/\\\/www.eldiario.net\\\/portal\\\/\",\"name\":\"El Diario - Decano de la prensa nacional\",\"description\":\"El Diario - Decano de la prensa nacional\",\"publisher\":{\"@id\":\"https:\\\/\\\/www.eldiario.net\\\/portal\\\/#organization\"},\"potentialAction\":[{\"@type\":\"SearchAction\",\"target\":{\"@type\":\"EntryPoint\",\"urlTemplate\":\"https:\\\/\\\/www.eldiario.net\\\/portal\\\/?s={search_term_string}\"},\"query-input\":{\"@type\":\"PropertyValueSpecification\",\"valueRequired\":true,\"valueName\":\"search_term_string\"}}],\"inLanguage\":\"es\"},{\"@type\":\"Organization\",\"@id\":\"https:\\\/\\\/www.eldiario.net\\\/portal\\\/#organization\",\"name\":\"El Diario - Decano de la prensa nacional\",\"url\":\"https:\\\/\\\/www.eldiario.net\\\/portal\\\/\",\"logo\":{\"@type\":\"ImageObject\",\"inLanguage\":\"es\",\"@id\":\"https:\\\/\\\/www.eldiario.net\\\/portal\\\/#\\\/schema\\\/logo\\\/image\\\/\",\"url\":\"https:\\\/\\\/www.eldiario.net\\\/portal\\\/wp-content\\\/uploads\\\/2023\\\/07\\\/logo_ED.jpg\",\"contentUrl\":\"https:\\\/\\\/www.eldiario.net\\\/portal\\\/wp-content\\\/uploads\\\/2023\\\/07\\\/logo_ED.jpg\",\"width\":272,\"height\":52,\"caption\":\"El Diario - Decano de la prensa nacional\"},\"image\":{\"@id\":\"https:\\\/\\\/www.eldiario.net\\\/portal\\\/#\\\/schema\\\/logo\\\/image\\\/\"},\"sameAs\":[\"https:\\\/\\\/www.facebook.com\\\/eldiario.bolivia\\\/\",\"https:\\\/\\\/x.com\\\/eldiario_net\"]},{\"@type\":\"Person\",\"@id\":\"https:\\\/\\\/www.eldiario.net\\\/portal\\\/#\\\/schema\\\/person\\\/f46445640444750d7d753ccd04ae01b7\",\"name\":\"Jeanette\",\"image\":{\"@type\":\"ImageObject\",\"inLanguage\":\"es\",\"@id\":\"https:\\\/\\\/secure.gravatar.com\\\/avatar\\\/3ea2118a5f7dad2b7138b1187a6b7ee55f160b9968b66013c3a3ef39dd7e5798?s=96&d=mm&r=g\",\"url\":\"https:\\\/\\\/secure.gravatar.com\\\/avatar\\\/3ea2118a5f7dad2b7138b1187a6b7ee55f160b9968b66013c3a3ef39dd7e5798?s=96&d=mm&r=g\",\"contentUrl\":\"https:\\\/\\\/secure.gravatar.com\\\/avatar\\\/3ea2118a5f7dad2b7138b1187a6b7ee55f160b9968b66013c3a3ef39dd7e5798?s=96&d=mm&r=g\",\"caption\":\"Jeanette\"},\"sameAs\":[\"https:\\\/\\\/www.eldiario.net\\\/portal\"],\"url\":\"https:\\\/\\\/www.eldiario.net\\\/portal\\\/author\\\/jeanette\\\/\"}]}<\/script>\n<!-- \/ Yoast SEO plugin. -->","yoast_head_json":{"title":"Hablemos del \u201cC\u00e9sar\u201d - El Diario - Bolivia","robots":{"index":"index","follow":"follow","max-snippet":"max-snippet:-1","max-image-preview":"max-image-preview:large","max-video-preview":"max-video-preview:-1"},"canonical":"https:\/\/www.eldiario.net\/portal\/2024\/07\/10\/hablemos-del-cesar\/","og_locale":"es_ES","og_type":"article","og_title":"Hablemos del \u201cC\u00e9sar\u201d - El Diario - Bolivia","og_description":"Hace un tiempo escrib\u00ed sobre el gran Julio C\u00e9sar. Viendo la escasez de l\u00edderes en Bolivia y la mediocridad de los pol\u00edticos, creo que es oportuno volver a hablar del gran comandante romano, inspiraci\u00f3n para muchos de los seres humanos m\u00e1s relevantes de la historia. La figura de C\u00e9sar ha sido \u201csatanizada\u201d a lo largo [&hellip;]","og_url":"https:\/\/www.eldiario.net\/portal\/2024\/07\/10\/hablemos-del-cesar\/","og_site_name":"El Diario - Bolivia","article_publisher":"https:\/\/www.facebook.com\/eldiario.bolivia\/","article_published_time":"2024-07-10T10:16:43+00:00","og_image":[{"width":1200,"height":628,"url":"https:\/\/www.eldiario.net\/portal\/wp-content\/uploads\/2023\/06\/Fabian-Freire.jpg","type":"image\/jpeg"}],"author":"Jeanette","twitter_card":"summary_large_image","twitter_creator":"@eldiario_net","twitter_site":"@eldiario_net","twitter_misc":{"Escrito por":"Jeanette","Tiempo de lectura":"4 minutos"},"schema":{"@context":"https:\/\/schema.org","@graph":[{"@type":"Article","@id":"https:\/\/www.eldiario.net\/portal\/2024\/07\/10\/hablemos-del-cesar\/#article","isPartOf":{"@id":"https:\/\/www.eldiario.net\/portal\/2024\/07\/10\/hablemos-del-cesar\/"},"author":{"name":"Jeanette","@id":"https:\/\/www.eldiario.net\/portal\/#\/schema\/person\/f46445640444750d7d753ccd04ae01b7"},"headline":"Hablemos del \u201cC\u00e9sar\u201d","datePublished":"2024-07-10T10:16:43+00:00","mainEntityOfPage":{"@id":"https:\/\/www.eldiario.net\/portal\/2024\/07\/10\/hablemos-del-cesar\/"},"wordCount":697,"commentCount":0,"publisher":{"@id":"https:\/\/www.eldiario.net\/portal\/#organization"},"image":{"@id":"https:\/\/www.eldiario.net\/portal\/2024\/07\/10\/hablemos-del-cesar\/#primaryimage"},"thumbnailUrl":"https:\/\/www.eldiario.net\/portal\/wp-content\/uploads\/2023\/06\/Fabian-Freire.jpg","articleSection":["Opini\u00f3n"],"inLanguage":"es","potentialAction":[{"@type":"CommentAction","name":"Comment","target":["https:\/\/www.eldiario.net\/portal\/2024\/07\/10\/hablemos-del-cesar\/#respond"]}]},{"@type":"WebPage","@id":"https:\/\/www.eldiario.net\/portal\/2024\/07\/10\/hablemos-del-cesar\/","url":"https:\/\/www.eldiario.net\/portal\/2024\/07\/10\/hablemos-del-cesar\/","name":"Hablemos del \u201cC\u00e9sar\u201d - El Diario - Bolivia","isPartOf":{"@id":"https:\/\/www.eldiario.net\/portal\/#website"},"primaryImageOfPage":{"@id":"https:\/\/www.eldiario.net\/portal\/2024\/07\/10\/hablemos-del-cesar\/#primaryimage"},"image":{"@id":"https:\/\/www.eldiario.net\/portal\/2024\/07\/10\/hablemos-del-cesar\/#primaryimage"},"thumbnailUrl":"https:\/\/www.eldiario.net\/portal\/wp-content\/uploads\/2023\/06\/Fabian-Freire.jpg","datePublished":"2024-07-10T10:16:43+00:00","breadcrumb":{"@id":"https:\/\/www.eldiario.net\/portal\/2024\/07\/10\/hablemos-del-cesar\/#breadcrumb"},"inLanguage":"es","potentialAction":[{"@type":"ReadAction","target":["https:\/\/www.eldiario.net\/portal\/2024\/07\/10\/hablemos-del-cesar\/"]}]},{"@type":"ImageObject","inLanguage":"es","@id":"https:\/\/www.eldiario.net\/portal\/2024\/07\/10\/hablemos-del-cesar\/#primaryimage","url":"https:\/\/www.eldiario.net\/portal\/wp-content\/uploads\/2023\/06\/Fabian-Freire.jpg","contentUrl":"https:\/\/www.eldiario.net\/portal\/wp-content\/uploads\/2023\/06\/Fabian-Freire.jpg","width":1200,"height":628,"caption":"Fabian Freire"},{"@type":"BreadcrumbList","@id":"https:\/\/www.eldiario.net\/portal\/2024\/07\/10\/hablemos-del-cesar\/#breadcrumb","itemListElement":[{"@type":"ListItem","position":1,"name":"Portada","item":"https:\/\/www.eldiario.net\/portal\/"},{"@type":"ListItem","position":2,"name":"Hablemos del \u201cC\u00e9sar\u201d"}]},{"@type":"WebSite","@id":"https:\/\/www.eldiario.net\/portal\/#website","url":"https:\/\/www.eldiario.net\/portal\/","name":"El Diario - Decano de la prensa nacional","description":"El Diario - Decano de la prensa nacional","publisher":{"@id":"https:\/\/www.eldiario.net\/portal\/#organization"},"potentialAction":[{"@type":"SearchAction","target":{"@type":"EntryPoint","urlTemplate":"https:\/\/www.eldiario.net\/portal\/?s={search_term_string}"},"query-input":{"@type":"PropertyValueSpecification","valueRequired":true,"valueName":"search_term_string"}}],"inLanguage":"es"},{"@type":"Organization","@id":"https:\/\/www.eldiario.net\/portal\/#organization","name":"El Diario - Decano de la prensa nacional","url":"https:\/\/www.eldiario.net\/portal\/","logo":{"@type":"ImageObject","inLanguage":"es","@id":"https:\/\/www.eldiario.net\/portal\/#\/schema\/logo\/image\/","url":"https:\/\/www.eldiario.net\/portal\/wp-content\/uploads\/2023\/07\/logo_ED.jpg","contentUrl":"https:\/\/www.eldiario.net\/portal\/wp-content\/uploads\/2023\/07\/logo_ED.jpg","width":272,"height":52,"caption":"El Diario - Decano de la prensa nacional"},"image":{"@id":"https:\/\/www.eldiario.net\/portal\/#\/schema\/logo\/image\/"},"sameAs":["https:\/\/www.facebook.com\/eldiario.bolivia\/","https:\/\/x.com\/eldiario_net"]},{"@type":"Person","@id":"https:\/\/www.eldiario.net\/portal\/#\/schema\/person\/f46445640444750d7d753ccd04ae01b7","name":"Jeanette","image":{"@type":"ImageObject","inLanguage":"es","@id":"https:\/\/secure.gravatar.com\/avatar\/3ea2118a5f7dad2b7138b1187a6b7ee55f160b9968b66013c3a3ef39dd7e5798?s=96&d=mm&r=g","url":"https:\/\/secure.gravatar.com\/avatar\/3ea2118a5f7dad2b7138b1187a6b7ee55f160b9968b66013c3a3ef39dd7e5798?s=96&d=mm&r=g","contentUrl":"https:\/\/secure.gravatar.com\/avatar\/3ea2118a5f7dad2b7138b1187a6b7ee55f160b9968b66013c3a3ef39dd7e5798?s=96&d=mm&r=g","caption":"Jeanette"},"sameAs":["https:\/\/www.eldiario.net\/portal"],"url":"https:\/\/www.eldiario.net\/portal\/author\/jeanette\/"}]}},"_links":{"self":[{"href":"https:\/\/www.eldiario.net\/portal\/wp-json\/wp\/v2\/posts\/233050","targetHints":{"allow":["GET"]}}],"collection":[{"href":"https:\/\/www.eldiario.net\/portal\/wp-json\/wp\/v2\/posts"}],"about":[{"href":"https:\/\/www.eldiario.net\/portal\/wp-json\/wp\/v2\/types\/post"}],"author":[{"embeddable":true,"href":"https:\/\/www.eldiario.net\/portal\/wp-json\/wp\/v2\/users\/1"}],"replies":[{"embeddable":true,"href":"https:\/\/www.eldiario.net\/portal\/wp-json\/wp\/v2\/comments?post=233050"}],"version-history":[{"count":1,"href":"https:\/\/www.eldiario.net\/portal\/wp-json\/wp\/v2\/posts\/233050\/revisions"}],"predecessor-version":[{"id":233051,"href":"https:\/\/www.eldiario.net\/portal\/wp-json\/wp\/v2\/posts\/233050\/revisions\/233051"}],"wp:featuredmedia":[{"embeddable":true,"href":"https:\/\/www.eldiario.net\/portal\/wp-json\/wp\/v2\/media\/161834"}],"wp:attachment":[{"href":"https:\/\/www.eldiario.net\/portal\/wp-json\/wp\/v2\/media?parent=233050"}],"wp:term":[{"taxonomy":"category","embeddable":true,"href":"https:\/\/www.eldiario.net\/portal\/wp-json\/wp\/v2\/categories?post=233050"},{"taxonomy":"post_tag","embeddable":true,"href":"https:\/\/www.eldiario.net\/portal\/wp-json\/wp\/v2\/tags?post=233050"}],"curies":[{"name":"wp","href":"https:\/\/api.w.org\/{rel}","templated":true}]}}