{"id":233045,"date":"2024-07-10T06:15:29","date_gmt":"2024-07-10T10:15:29","guid":{"rendered":"https:\/\/www.eldiario.net\/portal\/?p=233045"},"modified":"2024-07-10T06:15:29","modified_gmt":"2024-07-10T10:15:29","slug":"firman-memorandos-de-entendimiento-una-adenda-y-dos-cartas-de-intencion-de-negocios","status":"publish","type":"post","link":"https:\/\/www.eldiario.net\/portal\/2024\/07\/10\/firman-memorandos-de-entendimiento-una-adenda-y-dos-cartas-de-intencion-de-negocios\/","title":{"rendered":"Firman memorandos de entendimiento, una adenda y dos cartas de intenci\u00f3n de negocios"},"content":{"rendered":"<p>La marat\u00f3nica visita del presidente del Brasil, Luiz In\u00e1cio Lula da Silva, a Bolivia deriv\u00f3 en un Foro Empresarial y en la suscripci\u00f3n de tres memorandos de entendimiento, una adenda y dos cartas de intenci\u00f3n de negocios, con su par boliviano, Luis Arce. Santa Cruz fue el escenario para el di\u00e1logo econ\u00f3mico, pol\u00edtico y social.<br \/>\nEn ese contexto, se inform\u00f3 que se trabajar\u00e1n en 10 \u00e1reas, como la lucha contra la trata de personas, tr\u00e1fico il\u00edcito de migrantes y delitos conexos; en cooperaci\u00f3n t\u00e9cnica; en capacitaci\u00f3n del personal para la lucha contra el narcotr\u00e1fico; en protocolos de acceso rec\u00edproco a los sistemas de salud; en modificaciones de la Central Hidroel\u00e9ctrica Jirau de Cota, en integraci\u00f3n el\u00e9ctrica; en gesti\u00f3n de exploraci\u00f3n y explotaci\u00f3n de hidrocarburos; en comercializaci\u00f3n de fertilizantes; en intenciones de compra y comercializaci\u00f3n de minerales y minerales no met\u00e1licos, entre otros.<br \/>\nTambi\u00e9n abordaron el tema de aumentar vol\u00famenes de venta de gas e inversiones de Petrobras en el pa\u00eds, en materia de exploraci\u00f3n ante el fracaso de Yacimientos Petrol\u00edferos Fiscales (YPFB) en esta actividad.<br \/>\nSin embargo, previo a la reuni\u00f3n de ayer, el lunes el Gobierno brasile\u00f1o particip\u00f3 en negociaciones con Bolivia para reducir el precio de importaci\u00f3n del gas natural para la industria brasile\u00f1a hasta en un 40%.<br \/>\n\u201cTuvimos una reuni\u00f3n hist\u00f3rica, hicimos el v\u00ednculo entre la industria nacional y YBFP, que es la industria del gas en Bolivia, para que podamos eliminar la intermediaci\u00f3n, reducir el precio del gas y, en consecuencia, aumentar la competitividad de la industria nacional\u201d, dijo el ministro de Minas y Energ\u00eda, Alexandre Silveira.<br \/>\nLa reducci\u00f3n del precio debe lograrse a trav\u00e9s de la compra directa de gas boliviano por parte de la industria brasile\u00f1a. Hoy, la adquisici\u00f3n se realiz\u00f3 a trav\u00e9s de Petrobras, seg\u00fan reporte de Globo, publicado por RTP.<\/p>\n<p>An\u00e1lisis<br \/>\nEl presidente del Colegio Departamental de Economistas de Tarija, Fernando Romero, evalu\u00f3 los acuerdos realizados entre Bolivia y Brasil, en el marco de la visita del presidente del vecino pa\u00eds, Luiz In\u00e1cio Lula da Silva y la reuni\u00f3n que tuvo con el presidente boliviano, Luis Arce, y dijo que la iniciativa no resuelve los problemas econ\u00f3micos del pa\u00eds en el corto plazo, pero genera desaf\u00edos para el pa\u00eds.<br \/>\nRecuerda que Bolivia tiene una gran diferencia con Brasil, pues si no fuera la venta de recursos naturales al vecino pa\u00eds, como el gas, el d\u00e9ficit comercial ser\u00eda amplio.<br \/>\nEl a\u00f1o 2023 hemos exportado al Brasil un total de 124 productos por un valor de 1.568,6 millones de d\u00f3lares, donde el 87% fue gas natural, 4% urea granulada y casi 2% ulexita natural, sostuvo.<br \/>\nAsimismo, en el a\u00f1o 2023, hemos importado alrededor de 3.478 productos por un monto de 1.910,83 millones de d\u00f3lares. Lo m\u00e1s comprado de Brasil fueron barras de hierro (4,47%), preparaciones con alcohol (3,67%) y veh\u00edculos (2,27%), inform\u00f3.<br \/>\n\u201cSe observa una gran diferencia entre lo exportado e importado, nuestras exportaciones a Brasil solo representaron el 3,56% de las importaciones hechas de ese pa\u00eds en la gesti\u00f3n 2023, una relaci\u00f3n abismal de 28 a 1\u201d, sostiene.<br \/>\nEl saldo comercial el a\u00f1o 2023 fue negativo, por 338,2 millones de d\u00f3lares. Desde el 2000 al 2023, hubo un 42% de gestiones con d\u00e9ficits comerciales con el Brasil. De manera acentuada desde el 2016, por la ca\u00edda de la producci\u00f3n hidrocarbur\u00edfera.<br \/>\nCon respecto a los acuerdos con Brasil, son positivos, pero no resolver\u00e1n la crisis econ\u00f3mica en el corto plazo que vive Bolivia, ya que se necesitan medidas estructurales, sobre todo en el \u00e1mbito fiscal, generar estabilidad pol\u00edtica y social en el pa\u00eds, y un reajuste importante en su modelo econ\u00f3mico y de gesti\u00f3n p\u00fablica que garantice la actividad privada empresarial tanto nacional como extranjera, apunt\u00f3.<br \/>\nSin embargo, se abren oportunidades y se presentan grandes retos para el sector p\u00fablico y privado con esos acuerdos, memorandos, adendas y dem\u00e1s convenios firmados, y por firmar con Brasil, sobre todo en el campo energ\u00e9tico, industrial, comercio exterior y otros, observ\u00f3.<br \/>\nEso debe plantear un plan estrat\u00e9gico y una sinergia a largo plazo entre el Estado (y sus niveles de gobierno) con el sector privado para afrontar un nuevo escenario desafiante con Brasil y tambi\u00e9n con el Mercosur.<br \/>\n\u201cTenemos una econom\u00eda poco moderna, con baja industrializaci\u00f3n, donde el gas natural es lo que m\u00e1s exportamos a Brasil hasta la fecha. Esto se debe revertir, vender menos materia prima y m\u00e1s productos manufacturados, con valor agregado, esto aportar\u00e1 sin dudas a una mayor competitividad y desarrollo para Bolivia\u201d, concluy\u00f3.<\/p>\n<p>Intenciones de fortalecer esa asociaci\u00f3n, creando una planta de fertilizantes de nitr\u00f3geno entre Corumb\u00e1 y Puerto Quijarro.<br \/>\nLos acuerdos permitir\u00e1n a Bolivia exportar a Brasil, adem\u00e1s de urea, carbonato de litio, cloruro de potasio y NPK, un fertilizante o abono que est\u00e1 formado por tres macroelementos que son: nitr\u00f3geno (N), f\u00f3sforo (P) y potasio (K)<br \/>\nTercera adenda al Memor\u00e1ndum de Entendimiento en materia energ\u00e9tica, garantizar\u00e1 la exportaci\u00f3n de gas natural y promover\u00e1 las inversiones en exploraci\u00f3n y explotaci\u00f3n en territorio boliviano. Asimismo, busca que Petrobras le d\u00e9 una mano a YPFB en exploraci\u00f3n.<\/p>\n<p>54 proyectos exploratorios en todo el territorio boliviano.<br \/>\n32,4 millones de metros c\u00fabicos por d\u00eda se producen actualmente.<\/p>\n","protected":false},"excerpt":{"rendered":"<p>La marat\u00f3nica visita del presidente del Brasil, Luiz In\u00e1cio Lula da Silva, a Bolivia deriv\u00f3 en un Foro Empresarial y en la suscripci\u00f3n de tres memorandos de entendimiento, una adenda y dos cartas de intenci\u00f3n de negocios, con su par boliviano, Luis Arce. Santa Cruz fue el escenario para el di\u00e1logo econ\u00f3mico, pol\u00edtico y social. [&hellip;]<\/p>\n","protected":false},"author":1,"featured_media":194689,"comment_status":"open","ping_status":"open","sticky":false,"template":"","format":"standard","meta":{"_acf_changed":false,"footnotes":""},"categories":[7],"tags":[],"class_list":["post-233045","post","type-post","status-publish","format-standard","has-post-thumbnail","category-economia"],"acf":{"antetitulo":"Bolivia - Brasil"},"yoast_head":"<!-- This site is optimized with the Yoast SEO plugin v28.4 - https:\/\/yoast.com\/product\/yoast-seo-wordpress\/ -->\n<title>Firman memorandos de entendimiento, una adenda y dos cartas de intenci\u00f3n de negocios - El Diario - Bolivia<\/title>\n<meta name=\"robots\" content=\"index, follow, max-snippet:-1, max-image-preview:large, max-video-preview:-1\" \/>\n<link rel=\"canonical\" href=\"https:\/\/www.eldiario.net\/portal\/2024\/07\/10\/firman-memorandos-de-entendimiento-una-adenda-y-dos-cartas-de-intencion-de-negocios\/\" \/>\n<meta property=\"og:locale\" content=\"es_ES\" \/>\n<meta property=\"og:type\" content=\"article\" \/>\n<meta property=\"og:title\" content=\"Firman memorandos de entendimiento, una adenda y dos cartas de intenci\u00f3n de negocios - El Diario - Bolivia\" \/>\n<meta property=\"og:description\" content=\"La marat\u00f3nica visita del presidente del Brasil, Luiz In\u00e1cio Lula da Silva, a Bolivia deriv\u00f3 en un Foro Empresarial y en la suscripci\u00f3n de tres memorandos de entendimiento, una adenda y dos cartas de intenci\u00f3n de negocios, con su par boliviano, Luis Arce. Santa Cruz fue el escenario para el di\u00e1logo econ\u00f3mico, pol\u00edtico y social. [&hellip;]\" \/>\n<meta property=\"og:url\" content=\"https:\/\/www.eldiario.net\/portal\/2024\/07\/10\/firman-memorandos-de-entendimiento-una-adenda-y-dos-cartas-de-intencion-de-negocios\/\" \/>\n<meta property=\"og:site_name\" content=\"El Diario - Bolivia\" \/>\n<meta property=\"article:publisher\" content=\"https:\/\/www.facebook.com\/eldiario.bolivia\/\" \/>\n<meta property=\"article:published_time\" content=\"2024-07-10T10:15:29+00:00\" \/>\n<meta property=\"og:image\" content=\"https:\/\/www.eldiario.net\/portal\/wp-content\/uploads\/2023\/12\/Economia.jpg\" \/>\n\t<meta property=\"og:image:width\" content=\"800\" \/>\n\t<meta property=\"og:image:height\" content=\"500\" \/>\n\t<meta property=\"og:image:type\" content=\"image\/jpeg\" \/>\n<meta name=\"author\" content=\"Jeanette\" \/>\n<meta name=\"twitter:card\" content=\"summary_large_image\" \/>\n<meta name=\"twitter:creator\" content=\"@eldiario_net\" \/>\n<meta name=\"twitter:site\" content=\"@eldiario_net\" \/>\n<meta name=\"twitter:label1\" content=\"Escrito por\" \/>\n\t<meta name=\"twitter:data1\" content=\"Jeanette\" \/>\n\t<meta name=\"twitter:label2\" content=\"Tiempo de lectura\" \/>\n\t<meta name=\"twitter:data2\" content=\"5 minutos\" \/>\n<script type=\"application\/ld+json\" class=\"yoast-schema-graph\">{\"@context\":\"https:\\\/\\\/schema.org\",\"@graph\":[{\"@type\":\"Article\",\"@id\":\"https:\\\/\\\/www.eldiario.net\\\/portal\\\/2024\\\/07\\\/10\\\/firman-memorandos-de-entendimiento-una-adenda-y-dos-cartas-de-intencion-de-negocios\\\/#article\",\"isPartOf\":{\"@id\":\"https:\\\/\\\/www.eldiario.net\\\/portal\\\/2024\\\/07\\\/10\\\/firman-memorandos-de-entendimiento-una-adenda-y-dos-cartas-de-intencion-de-negocios\\\/\"},\"author\":{\"name\":\"Jeanette\",\"@id\":\"https:\\\/\\\/www.eldiario.net\\\/portal\\\/#\\\/schema\\\/person\\\/f46445640444750d7d753ccd04ae01b7\"},\"headline\":\"Firman memorandos de entendimiento, una adenda y dos cartas de intenci\u00f3n de negocios\",\"datePublished\":\"2024-07-10T10:15:29+00:00\",\"mainEntityOfPage\":{\"@id\":\"https:\\\/\\\/www.eldiario.net\\\/portal\\\/2024\\\/07\\\/10\\\/firman-memorandos-de-entendimiento-una-adenda-y-dos-cartas-de-intencion-de-negocios\\\/\"},\"wordCount\":940,\"commentCount\":0,\"publisher\":{\"@id\":\"https:\\\/\\\/www.eldiario.net\\\/portal\\\/#organization\"},\"image\":{\"@id\":\"https:\\\/\\\/www.eldiario.net\\\/portal\\\/2024\\\/07\\\/10\\\/firman-memorandos-de-entendimiento-una-adenda-y-dos-cartas-de-intencion-de-negocios\\\/#primaryimage\"},\"thumbnailUrl\":\"https:\\\/\\\/www.eldiario.net\\\/portal\\\/wp-content\\\/uploads\\\/2023\\\/12\\\/Economia.jpg\",\"articleSection\":[\"Econom\u00eda\"],\"inLanguage\":\"es\",\"potentialAction\":[{\"@type\":\"CommentAction\",\"name\":\"Comment\",\"target\":[\"https:\\\/\\\/www.eldiario.net\\\/portal\\\/2024\\\/07\\\/10\\\/firman-memorandos-de-entendimiento-una-adenda-y-dos-cartas-de-intencion-de-negocios\\\/#respond\"]}]},{\"@type\":\"WebPage\",\"@id\":\"https:\\\/\\\/www.eldiario.net\\\/portal\\\/2024\\\/07\\\/10\\\/firman-memorandos-de-entendimiento-una-adenda-y-dos-cartas-de-intencion-de-negocios\\\/\",\"url\":\"https:\\\/\\\/www.eldiario.net\\\/portal\\\/2024\\\/07\\\/10\\\/firman-memorandos-de-entendimiento-una-adenda-y-dos-cartas-de-intencion-de-negocios\\\/\",\"name\":\"Firman memorandos de entendimiento, una adenda y dos cartas de intenci\u00f3n de negocios - El Diario - Bolivia\",\"isPartOf\":{\"@id\":\"https:\\\/\\\/www.eldiario.net\\\/portal\\\/#website\"},\"primaryImageOfPage\":{\"@id\":\"https:\\\/\\\/www.eldiario.net\\\/portal\\\/2024\\\/07\\\/10\\\/firman-memorandos-de-entendimiento-una-adenda-y-dos-cartas-de-intencion-de-negocios\\\/#primaryimage\"},\"image\":{\"@id\":\"https:\\\/\\\/www.eldiario.net\\\/portal\\\/2024\\\/07\\\/10\\\/firman-memorandos-de-entendimiento-una-adenda-y-dos-cartas-de-intencion-de-negocios\\\/#primaryimage\"},\"thumbnailUrl\":\"https:\\\/\\\/www.eldiario.net\\\/portal\\\/wp-content\\\/uploads\\\/2023\\\/12\\\/Economia.jpg\",\"datePublished\":\"2024-07-10T10:15:29+00:00\",\"breadcrumb\":{\"@id\":\"https:\\\/\\\/www.eldiario.net\\\/portal\\\/2024\\\/07\\\/10\\\/firman-memorandos-de-entendimiento-una-adenda-y-dos-cartas-de-intencion-de-negocios\\\/#breadcrumb\"},\"inLanguage\":\"es\",\"potentialAction\":[{\"@type\":\"ReadAction\",\"target\":[\"https:\\\/\\\/www.eldiario.net\\\/portal\\\/2024\\\/07\\\/10\\\/firman-memorandos-de-entendimiento-una-adenda-y-dos-cartas-de-intencion-de-negocios\\\/\"]}]},{\"@type\":\"ImageObject\",\"inLanguage\":\"es\",\"@id\":\"https:\\\/\\\/www.eldiario.net\\\/portal\\\/2024\\\/07\\\/10\\\/firman-memorandos-de-entendimiento-una-adenda-y-dos-cartas-de-intencion-de-negocios\\\/#primaryimage\",\"url\":\"https:\\\/\\\/www.eldiario.net\\\/portal\\\/wp-content\\\/uploads\\\/2023\\\/12\\\/Economia.jpg\",\"contentUrl\":\"https:\\\/\\\/www.eldiario.net\\\/portal\\\/wp-content\\\/uploads\\\/2023\\\/12\\\/Economia.jpg\",\"width\":800,\"height\":500},{\"@type\":\"BreadcrumbList\",\"@id\":\"https:\\\/\\\/www.eldiario.net\\\/portal\\\/2024\\\/07\\\/10\\\/firman-memorandos-de-entendimiento-una-adenda-y-dos-cartas-de-intencion-de-negocios\\\/#breadcrumb\",\"itemListElement\":[{\"@type\":\"ListItem\",\"position\":1,\"name\":\"Portada\",\"item\":\"https:\\\/\\\/www.eldiario.net\\\/portal\\\/\"},{\"@type\":\"ListItem\",\"position\":2,\"name\":\"Firman memorandos de entendimiento, una adenda y dos cartas de intenci\u00f3n de negocios\"}]},{\"@type\":\"WebSite\",\"@id\":\"https:\\\/\\\/www.eldiario.net\\\/portal\\\/#website\",\"url\":\"https:\\\/\\\/www.eldiario.net\\\/portal\\\/\",\"name\":\"El Diario - Decano de la prensa nacional\",\"description\":\"El Diario - Decano de la prensa nacional\",\"publisher\":{\"@id\":\"https:\\\/\\\/www.eldiario.net\\\/portal\\\/#organization\"},\"potentialAction\":[{\"@type\":\"SearchAction\",\"target\":{\"@type\":\"EntryPoint\",\"urlTemplate\":\"https:\\\/\\\/www.eldiario.net\\\/portal\\\/?s={search_term_string}\"},\"query-input\":{\"@type\":\"PropertyValueSpecification\",\"valueRequired\":true,\"valueName\":\"search_term_string\"}}],\"inLanguage\":\"es\"},{\"@type\":\"Organization\",\"@id\":\"https:\\\/\\\/www.eldiario.net\\\/portal\\\/#organization\",\"name\":\"El Diario - Decano de la prensa nacional\",\"url\":\"https:\\\/\\\/www.eldiario.net\\\/portal\\\/\",\"logo\":{\"@type\":\"ImageObject\",\"inLanguage\":\"es\",\"@id\":\"https:\\\/\\\/www.eldiario.net\\\/portal\\\/#\\\/schema\\\/logo\\\/image\\\/\",\"url\":\"https:\\\/\\\/www.eldiario.net\\\/portal\\\/wp-content\\\/uploads\\\/2023\\\/07\\\/logo_ED.jpg\",\"contentUrl\":\"https:\\\/\\\/www.eldiario.net\\\/portal\\\/wp-content\\\/uploads\\\/2023\\\/07\\\/logo_ED.jpg\",\"width\":272,\"height\":52,\"caption\":\"El Diario - Decano de la prensa nacional\"},\"image\":{\"@id\":\"https:\\\/\\\/www.eldiario.net\\\/portal\\\/#\\\/schema\\\/logo\\\/image\\\/\"},\"sameAs\":[\"https:\\\/\\\/www.facebook.com\\\/eldiario.bolivia\\\/\",\"https:\\\/\\\/x.com\\\/eldiario_net\"]},{\"@type\":\"Person\",\"@id\":\"https:\\\/\\\/www.eldiario.net\\\/portal\\\/#\\\/schema\\\/person\\\/f46445640444750d7d753ccd04ae01b7\",\"name\":\"Jeanette\",\"image\":{\"@type\":\"ImageObject\",\"inLanguage\":\"es\",\"@id\":\"https:\\\/\\\/secure.gravatar.com\\\/avatar\\\/3ea2118a5f7dad2b7138b1187a6b7ee55f160b9968b66013c3a3ef39dd7e5798?s=96&d=mm&r=g\",\"url\":\"https:\\\/\\\/secure.gravatar.com\\\/avatar\\\/3ea2118a5f7dad2b7138b1187a6b7ee55f160b9968b66013c3a3ef39dd7e5798?s=96&d=mm&r=g\",\"contentUrl\":\"https:\\\/\\\/secure.gravatar.com\\\/avatar\\\/3ea2118a5f7dad2b7138b1187a6b7ee55f160b9968b66013c3a3ef39dd7e5798?s=96&d=mm&r=g\",\"caption\":\"Jeanette\"},\"sameAs\":[\"https:\\\/\\\/www.eldiario.net\\\/portal\"],\"url\":\"https:\\\/\\\/www.eldiario.net\\\/portal\\\/author\\\/jeanette\\\/\"}]}<\/script>\n<!-- \/ Yoast SEO plugin. -->","yoast_head_json":{"title":"Firman memorandos de entendimiento, una adenda y dos cartas de intenci\u00f3n de negocios - El Diario - Bolivia","robots":{"index":"index","follow":"follow","max-snippet":"max-snippet:-1","max-image-preview":"max-image-preview:large","max-video-preview":"max-video-preview:-1"},"canonical":"https:\/\/www.eldiario.net\/portal\/2024\/07\/10\/firman-memorandos-de-entendimiento-una-adenda-y-dos-cartas-de-intencion-de-negocios\/","og_locale":"es_ES","og_type":"article","og_title":"Firman memorandos de entendimiento, una adenda y dos cartas de intenci\u00f3n de negocios - El Diario - Bolivia","og_description":"La marat\u00f3nica visita del presidente del Brasil, Luiz In\u00e1cio Lula da Silva, a Bolivia deriv\u00f3 en un Foro Empresarial y en la suscripci\u00f3n de tres memorandos de entendimiento, una adenda y dos cartas de intenci\u00f3n de negocios, con su par boliviano, Luis Arce. Santa Cruz fue el escenario para el di\u00e1logo econ\u00f3mico, pol\u00edtico y social. [&hellip;]","og_url":"https:\/\/www.eldiario.net\/portal\/2024\/07\/10\/firman-memorandos-de-entendimiento-una-adenda-y-dos-cartas-de-intencion-de-negocios\/","og_site_name":"El Diario - Bolivia","article_publisher":"https:\/\/www.facebook.com\/eldiario.bolivia\/","article_published_time":"2024-07-10T10:15:29+00:00","og_image":[{"width":800,"height":500,"url":"https:\/\/www.eldiario.net\/portal\/wp-content\/uploads\/2023\/12\/Economia.jpg","type":"image\/jpeg"}],"author":"Jeanette","twitter_card":"summary_large_image","twitter_creator":"@eldiario_net","twitter_site":"@eldiario_net","twitter_misc":{"Escrito por":"Jeanette","Tiempo de lectura":"5 minutos"},"schema":{"@context":"https:\/\/schema.org","@graph":[{"@type":"Article","@id":"https:\/\/www.eldiario.net\/portal\/2024\/07\/10\/firman-memorandos-de-entendimiento-una-adenda-y-dos-cartas-de-intencion-de-negocios\/#article","isPartOf":{"@id":"https:\/\/www.eldiario.net\/portal\/2024\/07\/10\/firman-memorandos-de-entendimiento-una-adenda-y-dos-cartas-de-intencion-de-negocios\/"},"author":{"name":"Jeanette","@id":"https:\/\/www.eldiario.net\/portal\/#\/schema\/person\/f46445640444750d7d753ccd04ae01b7"},"headline":"Firman memorandos de entendimiento, una adenda y dos cartas de intenci\u00f3n de negocios","datePublished":"2024-07-10T10:15:29+00:00","mainEntityOfPage":{"@id":"https:\/\/www.eldiario.net\/portal\/2024\/07\/10\/firman-memorandos-de-entendimiento-una-adenda-y-dos-cartas-de-intencion-de-negocios\/"},"wordCount":940,"commentCount":0,"publisher":{"@id":"https:\/\/www.eldiario.net\/portal\/#organization"},"image":{"@id":"https:\/\/www.eldiario.net\/portal\/2024\/07\/10\/firman-memorandos-de-entendimiento-una-adenda-y-dos-cartas-de-intencion-de-negocios\/#primaryimage"},"thumbnailUrl":"https:\/\/www.eldiario.net\/portal\/wp-content\/uploads\/2023\/12\/Economia.jpg","articleSection":["Econom\u00eda"],"inLanguage":"es","potentialAction":[{"@type":"CommentAction","name":"Comment","target":["https:\/\/www.eldiario.net\/portal\/2024\/07\/10\/firman-memorandos-de-entendimiento-una-adenda-y-dos-cartas-de-intencion-de-negocios\/#respond"]}]},{"@type":"WebPage","@id":"https:\/\/www.eldiario.net\/portal\/2024\/07\/10\/firman-memorandos-de-entendimiento-una-adenda-y-dos-cartas-de-intencion-de-negocios\/","url":"https:\/\/www.eldiario.net\/portal\/2024\/07\/10\/firman-memorandos-de-entendimiento-una-adenda-y-dos-cartas-de-intencion-de-negocios\/","name":"Firman memorandos de entendimiento, una adenda y dos cartas de intenci\u00f3n de negocios - El Diario - Bolivia","isPartOf":{"@id":"https:\/\/www.eldiario.net\/portal\/#website"},"primaryImageOfPage":{"@id":"https:\/\/www.eldiario.net\/portal\/2024\/07\/10\/firman-memorandos-de-entendimiento-una-adenda-y-dos-cartas-de-intencion-de-negocios\/#primaryimage"},"image":{"@id":"https:\/\/www.eldiario.net\/portal\/2024\/07\/10\/firman-memorandos-de-entendimiento-una-adenda-y-dos-cartas-de-intencion-de-negocios\/#primaryimage"},"thumbnailUrl":"https:\/\/www.eldiario.net\/portal\/wp-content\/uploads\/2023\/12\/Economia.jpg","datePublished":"2024-07-10T10:15:29+00:00","breadcrumb":{"@id":"https:\/\/www.eldiario.net\/portal\/2024\/07\/10\/firman-memorandos-de-entendimiento-una-adenda-y-dos-cartas-de-intencion-de-negocios\/#breadcrumb"},"inLanguage":"es","potentialAction":[{"@type":"ReadAction","target":["https:\/\/www.eldiario.net\/portal\/2024\/07\/10\/firman-memorandos-de-entendimiento-una-adenda-y-dos-cartas-de-intencion-de-negocios\/"]}]},{"@type":"ImageObject","inLanguage":"es","@id":"https:\/\/www.eldiario.net\/portal\/2024\/07\/10\/firman-memorandos-de-entendimiento-una-adenda-y-dos-cartas-de-intencion-de-negocios\/#primaryimage","url":"https:\/\/www.eldiario.net\/portal\/wp-content\/uploads\/2023\/12\/Economia.jpg","contentUrl":"https:\/\/www.eldiario.net\/portal\/wp-content\/uploads\/2023\/12\/Economia.jpg","width":800,"height":500},{"@type":"BreadcrumbList","@id":"https:\/\/www.eldiario.net\/portal\/2024\/07\/10\/firman-memorandos-de-entendimiento-una-adenda-y-dos-cartas-de-intencion-de-negocios\/#breadcrumb","itemListElement":[{"@type":"ListItem","position":1,"name":"Portada","item":"https:\/\/www.eldiario.net\/portal\/"},{"@type":"ListItem","position":2,"name":"Firman memorandos de entendimiento, una adenda y dos cartas de intenci\u00f3n de negocios"}]},{"@type":"WebSite","@id":"https:\/\/www.eldiario.net\/portal\/#website","url":"https:\/\/www.eldiario.net\/portal\/","name":"El Diario - Decano de la prensa nacional","description":"El Diario - Decano de la prensa nacional","publisher":{"@id":"https:\/\/www.eldiario.net\/portal\/#organization"},"potentialAction":[{"@type":"SearchAction","target":{"@type":"EntryPoint","urlTemplate":"https:\/\/www.eldiario.net\/portal\/?s={search_term_string}"},"query-input":{"@type":"PropertyValueSpecification","valueRequired":true,"valueName":"search_term_string"}}],"inLanguage":"es"},{"@type":"Organization","@id":"https:\/\/www.eldiario.net\/portal\/#organization","name":"El Diario - Decano de la prensa nacional","url":"https:\/\/www.eldiario.net\/portal\/","logo":{"@type":"ImageObject","inLanguage":"es","@id":"https:\/\/www.eldiario.net\/portal\/#\/schema\/logo\/image\/","url":"https:\/\/www.eldiario.net\/portal\/wp-content\/uploads\/2023\/07\/logo_ED.jpg","contentUrl":"https:\/\/www.eldiario.net\/portal\/wp-content\/uploads\/2023\/07\/logo_ED.jpg","width":272,"height":52,"caption":"El Diario - Decano de la prensa nacional"},"image":{"@id":"https:\/\/www.eldiario.net\/portal\/#\/schema\/logo\/image\/"},"sameAs":["https:\/\/www.facebook.com\/eldiario.bolivia\/","https:\/\/x.com\/eldiario_net"]},{"@type":"Person","@id":"https:\/\/www.eldiario.net\/portal\/#\/schema\/person\/f46445640444750d7d753ccd04ae01b7","name":"Jeanette","image":{"@type":"ImageObject","inLanguage":"es","@id":"https:\/\/secure.gravatar.com\/avatar\/3ea2118a5f7dad2b7138b1187a6b7ee55f160b9968b66013c3a3ef39dd7e5798?s=96&d=mm&r=g","url":"https:\/\/secure.gravatar.com\/avatar\/3ea2118a5f7dad2b7138b1187a6b7ee55f160b9968b66013c3a3ef39dd7e5798?s=96&d=mm&r=g","contentUrl":"https:\/\/secure.gravatar.com\/avatar\/3ea2118a5f7dad2b7138b1187a6b7ee55f160b9968b66013c3a3ef39dd7e5798?s=96&d=mm&r=g","caption":"Jeanette"},"sameAs":["https:\/\/www.eldiario.net\/portal"],"url":"https:\/\/www.eldiario.net\/portal\/author\/jeanette\/"}]}},"_links":{"self":[{"href":"https:\/\/www.eldiario.net\/portal\/wp-json\/wp\/v2\/posts\/233045","targetHints":{"allow":["GET"]}}],"collection":[{"href":"https:\/\/www.eldiario.net\/portal\/wp-json\/wp\/v2\/posts"}],"about":[{"href":"https:\/\/www.eldiario.net\/portal\/wp-json\/wp\/v2\/types\/post"}],"author":[{"embeddable":true,"href":"https:\/\/www.eldiario.net\/portal\/wp-json\/wp\/v2\/users\/1"}],"replies":[{"embeddable":true,"href":"https:\/\/www.eldiario.net\/portal\/wp-json\/wp\/v2\/comments?post=233045"}],"version-history":[{"count":1,"href":"https:\/\/www.eldiario.net\/portal\/wp-json\/wp\/v2\/posts\/233045\/revisions"}],"predecessor-version":[{"id":233046,"href":"https:\/\/www.eldiario.net\/portal\/wp-json\/wp\/v2\/posts\/233045\/revisions\/233046"}],"wp:featuredmedia":[{"embeddable":true,"href":"https:\/\/www.eldiario.net\/portal\/wp-json\/wp\/v2\/media\/194689"}],"wp:attachment":[{"href":"https:\/\/www.eldiario.net\/portal\/wp-json\/wp\/v2\/media?parent=233045"}],"wp:term":[{"taxonomy":"category","embeddable":true,"href":"https:\/\/www.eldiario.net\/portal\/wp-json\/wp\/v2\/categories?post=233045"},{"taxonomy":"post_tag","embeddable":true,"href":"https:\/\/www.eldiario.net\/portal\/wp-json\/wp\/v2\/tags?post=233045"}],"curies":[{"name":"wp","href":"https:\/\/api.w.org\/{rel}","templated":true}]}}