{"id":233043,"date":"2024-07-10T06:14:46","date_gmt":"2024-07-10T10:14:46","guid":{"rendered":"https:\/\/www.eldiario.net\/portal\/?p=233043"},"modified":"2024-07-10T06:14:46","modified_gmt":"2024-07-10T10:14:46","slug":"avasalladores-invadieron-tres-predios-en-el-norte-integrado-con-armas-de-fuego","status":"publish","type":"post","link":"https:\/\/www.eldiario.net\/portal\/2024\/07\/10\/avasalladores-invadieron-tres-predios-en-el-norte-integrado-con-armas-de-fuego\/","title":{"rendered":"Avasalladores invadieron tres predios en  el Norte Integrado con armas de fuego"},"content":{"rendered":"<p>En un incidente alarmante, ayer una propiedad agr\u00edcola ubicada en el municipio de El Puente, en el Norte Integrado de Santa Cruz, fue blanco de la invasi\u00f3n de grupos irregulares que, con extrema violencia, generaron zozobra entre los trabajadores con el aparente uso de armas de fuego. Adem\u00e1s, informes preliminares se\u00f1alan que encendieron fuego a varias \u00e1reas, con lo que destruyeron cultivos y pusieron en riesgo la vida de varios trabajadores.<br \/>\nHasta el momento se conoce que est\u00e1n afectadas 2.000 hect\u00e1reas de soya, 400 de ma\u00edz y 400 dedicadas a la ganader\u00eda. \u201cSe ha tomado el campamento principal, las v\u00edas de acceso y se ha avasallado por completo el predio titulado Hacienda Laguna. Asimismo, varias hect\u00e1reas estaban dispuestas para cultivo de soya y sorgo para la siguiente temporada de verano\u201d, inform\u00f3 el abogado de los propietarios, Fernando Parra, en conferencia de prensa que convoc\u00f3 con urgencia la Asociaci\u00f3n de Productores de Oleaginosas y Trigo (Anapo).<br \/>\nLos predios tomados son las haciendas Santa Rita, Santa Rita C y Laguna; una de ellas titulada y otras dos en proceso de saneamiento. Corresponden a inversiones de productores brasile\u00f1os y naturalizados bolivianos, reconocidos por m\u00e1s de 30 a\u00f1os de producci\u00f3n, actividades responsables con sus trabajadores y con pr\u00e1cticas \u00f3ptimas de manejo de suelo.<br \/>\nSe sabe de unos 50 trabajadores, que se encontraban laborando en la propiedad, estar\u00edan en riesgo su integridad f\u00edsica. Se teme por ellos, ya que se ha perdido contacto desde el inicio de la toma violenta pues tumbaron la antena para la conexi\u00f3n de internet. \u201cLa informaci\u00f3n que tenemos indica que los cultivos han sido incendiados y se han registrado numerosos tiroteos en la zona. La situaci\u00f3n sigue siendo extremadamente tensa y peligrosa\u201d, explic\u00f3 el gerente de Anapo, Jaime Hern\u00e1ndez.<br \/>\nLos propietarios y Anapo activan los procesos legales correspondientes para poner conocimiento de las autoridades. \u201cJusto en medio de la visita del mandatario de Brasil, Luiz In\u00e1cio Lula da Silva, estamos frente a una situaci\u00f3n que incluso pone en entredicho la imagen de la seguridad jur\u00eddica en Bolivia para ciudadanos nacidos en Brasil que hacen patria en nuestro pa\u00eds mediante la producci\u00f3n de alimentos\u201d, asever\u00f3 el gerente de Anapo.<br \/>\n\u201cUrgimos la intervenci\u00f3n inmediata para proteger la vida de los trabajadores y detener la destrucci\u00f3n de los cultivos\u201d, enfatiz\u00f3 el abogado e invoc\u00f3 al compromiso asumido por el presidente Luis Arce, quien asegur\u00f3 que durante su mandato no permitir\u00eda m\u00e1s avasallamientos.<\/p>\n","protected":false},"excerpt":{"rendered":"<p>En un incidente alarmante, ayer una propiedad agr\u00edcola ubicada en el municipio de El Puente, en el Norte Integrado de Santa Cruz, fue blanco de la invasi\u00f3n de grupos irregulares que, con extrema violencia, generaron zozobra entre los trabajadores con el aparente uso de armas de fuego. Adem\u00e1s, informes preliminares se\u00f1alan que encendieron fuego a [&hellip;]<\/p>\n","protected":false},"author":1,"featured_media":194689,"comment_status":"open","ping_status":"open","sticky":false,"template":"","format":"standard","meta":{"_acf_changed":false,"footnotes":""},"categories":[7],"tags":[],"class_list":["post-233043","post","type-post","status-publish","format-standard","has-post-thumbnail","category-economia"],"acf":{"antetitulo":"Santa Cruz"},"yoast_head":"<!-- This site is optimized with the Yoast SEO plugin v28.4 - https:\/\/yoast.com\/product\/yoast-seo-wordpress\/ -->\n<title>Avasalladores invadieron tres predios en el Norte Integrado con armas de fuego - El Diario - Bolivia<\/title>\n<meta name=\"robots\" content=\"index, follow, max-snippet:-1, max-image-preview:large, max-video-preview:-1\" \/>\n<link rel=\"canonical\" href=\"https:\/\/www.eldiario.net\/portal\/2024\/07\/10\/avasalladores-invadieron-tres-predios-en-el-norte-integrado-con-armas-de-fuego\/\" \/>\n<meta property=\"og:locale\" content=\"es_ES\" \/>\n<meta property=\"og:type\" content=\"article\" \/>\n<meta property=\"og:title\" content=\"Avasalladores invadieron tres predios en el Norte Integrado con armas de fuego - El Diario - Bolivia\" \/>\n<meta property=\"og:description\" content=\"En un incidente alarmante, ayer una propiedad agr\u00edcola ubicada en el municipio de El Puente, en el Norte Integrado de Santa Cruz, fue blanco de la invasi\u00f3n de grupos irregulares que, con extrema violencia, generaron zozobra entre los trabajadores con el aparente uso de armas de fuego. Adem\u00e1s, informes preliminares se\u00f1alan que encendieron fuego a [&hellip;]\" \/>\n<meta property=\"og:url\" content=\"https:\/\/www.eldiario.net\/portal\/2024\/07\/10\/avasalladores-invadieron-tres-predios-en-el-norte-integrado-con-armas-de-fuego\/\" \/>\n<meta property=\"og:site_name\" content=\"El Diario - Bolivia\" \/>\n<meta property=\"article:publisher\" content=\"https:\/\/www.facebook.com\/eldiario.bolivia\/\" \/>\n<meta property=\"article:published_time\" content=\"2024-07-10T10:14:46+00:00\" \/>\n<meta property=\"og:image\" content=\"https:\/\/www.eldiario.net\/portal\/wp-content\/uploads\/2023\/12\/Economia.jpg\" \/>\n\t<meta property=\"og:image:width\" content=\"800\" \/>\n\t<meta property=\"og:image:height\" content=\"500\" \/>\n\t<meta property=\"og:image:type\" content=\"image\/jpeg\" \/>\n<meta name=\"author\" content=\"Jeanette\" \/>\n<meta name=\"twitter:card\" content=\"summary_large_image\" \/>\n<meta name=\"twitter:creator\" content=\"@eldiario_net\" \/>\n<meta name=\"twitter:site\" content=\"@eldiario_net\" \/>\n<meta name=\"twitter:label1\" content=\"Escrito por\" \/>\n\t<meta name=\"twitter:data1\" content=\"Jeanette\" \/>\n\t<meta name=\"twitter:label2\" content=\"Tiempo de lectura\" \/>\n\t<meta name=\"twitter:data2\" content=\"3 minutos\" \/>\n<script type=\"application\/ld+json\" class=\"yoast-schema-graph\">{\"@context\":\"https:\\\/\\\/schema.org\",\"@graph\":[{\"@type\":\"Article\",\"@id\":\"https:\\\/\\\/www.eldiario.net\\\/portal\\\/2024\\\/07\\\/10\\\/avasalladores-invadieron-tres-predios-en-el-norte-integrado-con-armas-de-fuego\\\/#article\",\"isPartOf\":{\"@id\":\"https:\\\/\\\/www.eldiario.net\\\/portal\\\/2024\\\/07\\\/10\\\/avasalladores-invadieron-tres-predios-en-el-norte-integrado-con-armas-de-fuego\\\/\"},\"author\":{\"name\":\"Jeanette\",\"@id\":\"https:\\\/\\\/www.eldiario.net\\\/portal\\\/#\\\/schema\\\/person\\\/f46445640444750d7d753ccd04ae01b7\"},\"headline\":\"Avasalladores invadieron tres predios en el Norte Integrado con armas de fuego\",\"datePublished\":\"2024-07-10T10:14:46+00:00\",\"mainEntityOfPage\":{\"@id\":\"https:\\\/\\\/www.eldiario.net\\\/portal\\\/2024\\\/07\\\/10\\\/avasalladores-invadieron-tres-predios-en-el-norte-integrado-con-armas-de-fuego\\\/\"},\"wordCount\":437,\"commentCount\":0,\"publisher\":{\"@id\":\"https:\\\/\\\/www.eldiario.net\\\/portal\\\/#organization\"},\"image\":{\"@id\":\"https:\\\/\\\/www.eldiario.net\\\/portal\\\/2024\\\/07\\\/10\\\/avasalladores-invadieron-tres-predios-en-el-norte-integrado-con-armas-de-fuego\\\/#primaryimage\"},\"thumbnailUrl\":\"https:\\\/\\\/www.eldiario.net\\\/portal\\\/wp-content\\\/uploads\\\/2023\\\/12\\\/Economia.jpg\",\"articleSection\":[\"Econom\u00eda\"],\"inLanguage\":\"es\",\"potentialAction\":[{\"@type\":\"CommentAction\",\"name\":\"Comment\",\"target\":[\"https:\\\/\\\/www.eldiario.net\\\/portal\\\/2024\\\/07\\\/10\\\/avasalladores-invadieron-tres-predios-en-el-norte-integrado-con-armas-de-fuego\\\/#respond\"]}]},{\"@type\":\"WebPage\",\"@id\":\"https:\\\/\\\/www.eldiario.net\\\/portal\\\/2024\\\/07\\\/10\\\/avasalladores-invadieron-tres-predios-en-el-norte-integrado-con-armas-de-fuego\\\/\",\"url\":\"https:\\\/\\\/www.eldiario.net\\\/portal\\\/2024\\\/07\\\/10\\\/avasalladores-invadieron-tres-predios-en-el-norte-integrado-con-armas-de-fuego\\\/\",\"name\":\"Avasalladores invadieron tres predios en el Norte Integrado con armas de fuego - El Diario - Bolivia\",\"isPartOf\":{\"@id\":\"https:\\\/\\\/www.eldiario.net\\\/portal\\\/#website\"},\"primaryImageOfPage\":{\"@id\":\"https:\\\/\\\/www.eldiario.net\\\/portal\\\/2024\\\/07\\\/10\\\/avasalladores-invadieron-tres-predios-en-el-norte-integrado-con-armas-de-fuego\\\/#primaryimage\"},\"image\":{\"@id\":\"https:\\\/\\\/www.eldiario.net\\\/portal\\\/2024\\\/07\\\/10\\\/avasalladores-invadieron-tres-predios-en-el-norte-integrado-con-armas-de-fuego\\\/#primaryimage\"},\"thumbnailUrl\":\"https:\\\/\\\/www.eldiario.net\\\/portal\\\/wp-content\\\/uploads\\\/2023\\\/12\\\/Economia.jpg\",\"datePublished\":\"2024-07-10T10:14:46+00:00\",\"breadcrumb\":{\"@id\":\"https:\\\/\\\/www.eldiario.net\\\/portal\\\/2024\\\/07\\\/10\\\/avasalladores-invadieron-tres-predios-en-el-norte-integrado-con-armas-de-fuego\\\/#breadcrumb\"},\"inLanguage\":\"es\",\"potentialAction\":[{\"@type\":\"ReadAction\",\"target\":[\"https:\\\/\\\/www.eldiario.net\\\/portal\\\/2024\\\/07\\\/10\\\/avasalladores-invadieron-tres-predios-en-el-norte-integrado-con-armas-de-fuego\\\/\"]}]},{\"@type\":\"ImageObject\",\"inLanguage\":\"es\",\"@id\":\"https:\\\/\\\/www.eldiario.net\\\/portal\\\/2024\\\/07\\\/10\\\/avasalladores-invadieron-tres-predios-en-el-norte-integrado-con-armas-de-fuego\\\/#primaryimage\",\"url\":\"https:\\\/\\\/www.eldiario.net\\\/portal\\\/wp-content\\\/uploads\\\/2023\\\/12\\\/Economia.jpg\",\"contentUrl\":\"https:\\\/\\\/www.eldiario.net\\\/portal\\\/wp-content\\\/uploads\\\/2023\\\/12\\\/Economia.jpg\",\"width\":800,\"height\":500},{\"@type\":\"BreadcrumbList\",\"@id\":\"https:\\\/\\\/www.eldiario.net\\\/portal\\\/2024\\\/07\\\/10\\\/avasalladores-invadieron-tres-predios-en-el-norte-integrado-con-armas-de-fuego\\\/#breadcrumb\",\"itemListElement\":[{\"@type\":\"ListItem\",\"position\":1,\"name\":\"Portada\",\"item\":\"https:\\\/\\\/www.eldiario.net\\\/portal\\\/\"},{\"@type\":\"ListItem\",\"position\":2,\"name\":\"Avasalladores invadieron tres predios en el Norte Integrado con armas de fuego\"}]},{\"@type\":\"WebSite\",\"@id\":\"https:\\\/\\\/www.eldiario.net\\\/portal\\\/#website\",\"url\":\"https:\\\/\\\/www.eldiario.net\\\/portal\\\/\",\"name\":\"El Diario - Decano de la prensa nacional\",\"description\":\"El Diario - Decano de la prensa nacional\",\"publisher\":{\"@id\":\"https:\\\/\\\/www.eldiario.net\\\/portal\\\/#organization\"},\"potentialAction\":[{\"@type\":\"SearchAction\",\"target\":{\"@type\":\"EntryPoint\",\"urlTemplate\":\"https:\\\/\\\/www.eldiario.net\\\/portal\\\/?s={search_term_string}\"},\"query-input\":{\"@type\":\"PropertyValueSpecification\",\"valueRequired\":true,\"valueName\":\"search_term_string\"}}],\"inLanguage\":\"es\"},{\"@type\":\"Organization\",\"@id\":\"https:\\\/\\\/www.eldiario.net\\\/portal\\\/#organization\",\"name\":\"El Diario - Decano de la prensa nacional\",\"url\":\"https:\\\/\\\/www.eldiario.net\\\/portal\\\/\",\"logo\":{\"@type\":\"ImageObject\",\"inLanguage\":\"es\",\"@id\":\"https:\\\/\\\/www.eldiario.net\\\/portal\\\/#\\\/schema\\\/logo\\\/image\\\/\",\"url\":\"https:\\\/\\\/www.eldiario.net\\\/portal\\\/wp-content\\\/uploads\\\/2023\\\/07\\\/logo_ED.jpg\",\"contentUrl\":\"https:\\\/\\\/www.eldiario.net\\\/portal\\\/wp-content\\\/uploads\\\/2023\\\/07\\\/logo_ED.jpg\",\"width\":272,\"height\":52,\"caption\":\"El Diario - Decano de la prensa nacional\"},\"image\":{\"@id\":\"https:\\\/\\\/www.eldiario.net\\\/portal\\\/#\\\/schema\\\/logo\\\/image\\\/\"},\"sameAs\":[\"https:\\\/\\\/www.facebook.com\\\/eldiario.bolivia\\\/\",\"https:\\\/\\\/x.com\\\/eldiario_net\"]},{\"@type\":\"Person\",\"@id\":\"https:\\\/\\\/www.eldiario.net\\\/portal\\\/#\\\/schema\\\/person\\\/f46445640444750d7d753ccd04ae01b7\",\"name\":\"Jeanette\",\"image\":{\"@type\":\"ImageObject\",\"inLanguage\":\"es\",\"@id\":\"https:\\\/\\\/secure.gravatar.com\\\/avatar\\\/3ea2118a5f7dad2b7138b1187a6b7ee55f160b9968b66013c3a3ef39dd7e5798?s=96&d=mm&r=g\",\"url\":\"https:\\\/\\\/secure.gravatar.com\\\/avatar\\\/3ea2118a5f7dad2b7138b1187a6b7ee55f160b9968b66013c3a3ef39dd7e5798?s=96&d=mm&r=g\",\"contentUrl\":\"https:\\\/\\\/secure.gravatar.com\\\/avatar\\\/3ea2118a5f7dad2b7138b1187a6b7ee55f160b9968b66013c3a3ef39dd7e5798?s=96&d=mm&r=g\",\"caption\":\"Jeanette\"},\"sameAs\":[\"https:\\\/\\\/www.eldiario.net\\\/portal\"],\"url\":\"https:\\\/\\\/www.eldiario.net\\\/portal\\\/author\\\/jeanette\\\/\"}]}<\/script>\n<!-- \/ Yoast SEO plugin. -->","yoast_head_json":{"title":"Avasalladores invadieron tres predios en el Norte Integrado con armas de fuego - El Diario - Bolivia","robots":{"index":"index","follow":"follow","max-snippet":"max-snippet:-1","max-image-preview":"max-image-preview:large","max-video-preview":"max-video-preview:-1"},"canonical":"https:\/\/www.eldiario.net\/portal\/2024\/07\/10\/avasalladores-invadieron-tres-predios-en-el-norte-integrado-con-armas-de-fuego\/","og_locale":"es_ES","og_type":"article","og_title":"Avasalladores invadieron tres predios en el Norte Integrado con armas de fuego - El Diario - Bolivia","og_description":"En un incidente alarmante, ayer una propiedad agr\u00edcola ubicada en el municipio de El Puente, en el Norte Integrado de Santa Cruz, fue blanco de la invasi\u00f3n de grupos irregulares que, con extrema violencia, generaron zozobra entre los trabajadores con el aparente uso de armas de fuego. Adem\u00e1s, informes preliminares se\u00f1alan que encendieron fuego a [&hellip;]","og_url":"https:\/\/www.eldiario.net\/portal\/2024\/07\/10\/avasalladores-invadieron-tres-predios-en-el-norte-integrado-con-armas-de-fuego\/","og_site_name":"El Diario - Bolivia","article_publisher":"https:\/\/www.facebook.com\/eldiario.bolivia\/","article_published_time":"2024-07-10T10:14:46+00:00","og_image":[{"width":800,"height":500,"url":"https:\/\/www.eldiario.net\/portal\/wp-content\/uploads\/2023\/12\/Economia.jpg","type":"image\/jpeg"}],"author":"Jeanette","twitter_card":"summary_large_image","twitter_creator":"@eldiario_net","twitter_site":"@eldiario_net","twitter_misc":{"Escrito por":"Jeanette","Tiempo de lectura":"3 minutos"},"schema":{"@context":"https:\/\/schema.org","@graph":[{"@type":"Article","@id":"https:\/\/www.eldiario.net\/portal\/2024\/07\/10\/avasalladores-invadieron-tres-predios-en-el-norte-integrado-con-armas-de-fuego\/#article","isPartOf":{"@id":"https:\/\/www.eldiario.net\/portal\/2024\/07\/10\/avasalladores-invadieron-tres-predios-en-el-norte-integrado-con-armas-de-fuego\/"},"author":{"name":"Jeanette","@id":"https:\/\/www.eldiario.net\/portal\/#\/schema\/person\/f46445640444750d7d753ccd04ae01b7"},"headline":"Avasalladores invadieron tres predios en el Norte Integrado con armas de fuego","datePublished":"2024-07-10T10:14:46+00:00","mainEntityOfPage":{"@id":"https:\/\/www.eldiario.net\/portal\/2024\/07\/10\/avasalladores-invadieron-tres-predios-en-el-norte-integrado-con-armas-de-fuego\/"},"wordCount":437,"commentCount":0,"publisher":{"@id":"https:\/\/www.eldiario.net\/portal\/#organization"},"image":{"@id":"https:\/\/www.eldiario.net\/portal\/2024\/07\/10\/avasalladores-invadieron-tres-predios-en-el-norte-integrado-con-armas-de-fuego\/#primaryimage"},"thumbnailUrl":"https:\/\/www.eldiario.net\/portal\/wp-content\/uploads\/2023\/12\/Economia.jpg","articleSection":["Econom\u00eda"],"inLanguage":"es","potentialAction":[{"@type":"CommentAction","name":"Comment","target":["https:\/\/www.eldiario.net\/portal\/2024\/07\/10\/avasalladores-invadieron-tres-predios-en-el-norte-integrado-con-armas-de-fuego\/#respond"]}]},{"@type":"WebPage","@id":"https:\/\/www.eldiario.net\/portal\/2024\/07\/10\/avasalladores-invadieron-tres-predios-en-el-norte-integrado-con-armas-de-fuego\/","url":"https:\/\/www.eldiario.net\/portal\/2024\/07\/10\/avasalladores-invadieron-tres-predios-en-el-norte-integrado-con-armas-de-fuego\/","name":"Avasalladores invadieron tres predios en el Norte Integrado con armas de fuego - El Diario - Bolivia","isPartOf":{"@id":"https:\/\/www.eldiario.net\/portal\/#website"},"primaryImageOfPage":{"@id":"https:\/\/www.eldiario.net\/portal\/2024\/07\/10\/avasalladores-invadieron-tres-predios-en-el-norte-integrado-con-armas-de-fuego\/#primaryimage"},"image":{"@id":"https:\/\/www.eldiario.net\/portal\/2024\/07\/10\/avasalladores-invadieron-tres-predios-en-el-norte-integrado-con-armas-de-fuego\/#primaryimage"},"thumbnailUrl":"https:\/\/www.eldiario.net\/portal\/wp-content\/uploads\/2023\/12\/Economia.jpg","datePublished":"2024-07-10T10:14:46+00:00","breadcrumb":{"@id":"https:\/\/www.eldiario.net\/portal\/2024\/07\/10\/avasalladores-invadieron-tres-predios-en-el-norte-integrado-con-armas-de-fuego\/#breadcrumb"},"inLanguage":"es","potentialAction":[{"@type":"ReadAction","target":["https:\/\/www.eldiario.net\/portal\/2024\/07\/10\/avasalladores-invadieron-tres-predios-en-el-norte-integrado-con-armas-de-fuego\/"]}]},{"@type":"ImageObject","inLanguage":"es","@id":"https:\/\/www.eldiario.net\/portal\/2024\/07\/10\/avasalladores-invadieron-tres-predios-en-el-norte-integrado-con-armas-de-fuego\/#primaryimage","url":"https:\/\/www.eldiario.net\/portal\/wp-content\/uploads\/2023\/12\/Economia.jpg","contentUrl":"https:\/\/www.eldiario.net\/portal\/wp-content\/uploads\/2023\/12\/Economia.jpg","width":800,"height":500},{"@type":"BreadcrumbList","@id":"https:\/\/www.eldiario.net\/portal\/2024\/07\/10\/avasalladores-invadieron-tres-predios-en-el-norte-integrado-con-armas-de-fuego\/#breadcrumb","itemListElement":[{"@type":"ListItem","position":1,"name":"Portada","item":"https:\/\/www.eldiario.net\/portal\/"},{"@type":"ListItem","position":2,"name":"Avasalladores invadieron tres predios en el Norte Integrado con armas de fuego"}]},{"@type":"WebSite","@id":"https:\/\/www.eldiario.net\/portal\/#website","url":"https:\/\/www.eldiario.net\/portal\/","name":"El Diario - Decano de la prensa nacional","description":"El Diario - Decano de la prensa nacional","publisher":{"@id":"https:\/\/www.eldiario.net\/portal\/#organization"},"potentialAction":[{"@type":"SearchAction","target":{"@type":"EntryPoint","urlTemplate":"https:\/\/www.eldiario.net\/portal\/?s={search_term_string}"},"query-input":{"@type":"PropertyValueSpecification","valueRequired":true,"valueName":"search_term_string"}}],"inLanguage":"es"},{"@type":"Organization","@id":"https:\/\/www.eldiario.net\/portal\/#organization","name":"El Diario - Decano de la prensa nacional","url":"https:\/\/www.eldiario.net\/portal\/","logo":{"@type":"ImageObject","inLanguage":"es","@id":"https:\/\/www.eldiario.net\/portal\/#\/schema\/logo\/image\/","url":"https:\/\/www.eldiario.net\/portal\/wp-content\/uploads\/2023\/07\/logo_ED.jpg","contentUrl":"https:\/\/www.eldiario.net\/portal\/wp-content\/uploads\/2023\/07\/logo_ED.jpg","width":272,"height":52,"caption":"El Diario - Decano de la prensa nacional"},"image":{"@id":"https:\/\/www.eldiario.net\/portal\/#\/schema\/logo\/image\/"},"sameAs":["https:\/\/www.facebook.com\/eldiario.bolivia\/","https:\/\/x.com\/eldiario_net"]},{"@type":"Person","@id":"https:\/\/www.eldiario.net\/portal\/#\/schema\/person\/f46445640444750d7d753ccd04ae01b7","name":"Jeanette","image":{"@type":"ImageObject","inLanguage":"es","@id":"https:\/\/secure.gravatar.com\/avatar\/3ea2118a5f7dad2b7138b1187a6b7ee55f160b9968b66013c3a3ef39dd7e5798?s=96&d=mm&r=g","url":"https:\/\/secure.gravatar.com\/avatar\/3ea2118a5f7dad2b7138b1187a6b7ee55f160b9968b66013c3a3ef39dd7e5798?s=96&d=mm&r=g","contentUrl":"https:\/\/secure.gravatar.com\/avatar\/3ea2118a5f7dad2b7138b1187a6b7ee55f160b9968b66013c3a3ef39dd7e5798?s=96&d=mm&r=g","caption":"Jeanette"},"sameAs":["https:\/\/www.eldiario.net\/portal"],"url":"https:\/\/www.eldiario.net\/portal\/author\/jeanette\/"}]}},"_links":{"self":[{"href":"https:\/\/www.eldiario.net\/portal\/wp-json\/wp\/v2\/posts\/233043","targetHints":{"allow":["GET"]}}],"collection":[{"href":"https:\/\/www.eldiario.net\/portal\/wp-json\/wp\/v2\/posts"}],"about":[{"href":"https:\/\/www.eldiario.net\/portal\/wp-json\/wp\/v2\/types\/post"}],"author":[{"embeddable":true,"href":"https:\/\/www.eldiario.net\/portal\/wp-json\/wp\/v2\/users\/1"}],"replies":[{"embeddable":true,"href":"https:\/\/www.eldiario.net\/portal\/wp-json\/wp\/v2\/comments?post=233043"}],"version-history":[{"count":1,"href":"https:\/\/www.eldiario.net\/portal\/wp-json\/wp\/v2\/posts\/233043\/revisions"}],"predecessor-version":[{"id":233044,"href":"https:\/\/www.eldiario.net\/portal\/wp-json\/wp\/v2\/posts\/233043\/revisions\/233044"}],"wp:featuredmedia":[{"embeddable":true,"href":"https:\/\/www.eldiario.net\/portal\/wp-json\/wp\/v2\/media\/194689"}],"wp:attachment":[{"href":"https:\/\/www.eldiario.net\/portal\/wp-json\/wp\/v2\/media?parent=233043"}],"wp:term":[{"taxonomy":"category","embeddable":true,"href":"https:\/\/www.eldiario.net\/portal\/wp-json\/wp\/v2\/categories?post=233043"},{"taxonomy":"post_tag","embeddable":true,"href":"https:\/\/www.eldiario.net\/portal\/wp-json\/wp\/v2\/tags?post=233043"}],"curies":[{"name":"wp","href":"https:\/\/api.w.org\/{rel}","templated":true}]}}