{"id":233039,"date":"2024-07-10T06:13:52","date_gmt":"2024-07-10T10:13:52","guid":{"rendered":"https:\/\/www.eldiario.net\/portal\/?p=233039"},"modified":"2024-07-10T06:13:52","modified_gmt":"2024-07-10T10:13:52","slug":"retrocesos-positivos-pero-insuficientes","status":"publish","type":"post","link":"https:\/\/www.eldiario.net\/portal\/2024\/07\/10\/retrocesos-positivos-pero-insuficientes\/","title":{"rendered":"Retrocesos positivos pero insuficientes"},"content":{"rendered":"<p>El pasado 26 de junio, el Gobierno elimin\u00f3 la prohibici\u00f3n del uso de criptomonedas y autoriz\u00f3 a las entidades financieras realizar transacciones con activos digitales. La medida puso fin a una decisi\u00f3n del Banco Central de Bolivia (BCB), establecida en 2014 y consolidada a trav\u00e9s de resoluciones de 2020 y 2022, que consideraban que las monedad virtuales \u201cson emitidos de manera desconocida y no tienen una aceptaci\u00f3n generalizada en las econom\u00edas; tambi\u00e9n son utilizadas para el lavado de dinero, la legitimaci\u00f3n de ganancias il\u00edcitas y el financiamiento de actividades ilegales\u201d, y que \u201cimplican potenciales riesgos de generar p\u00e9rdidas econ\u00f3micas a sus operadores y\/o poseedores\u201d.<br \/>\nTodos los argumentos citados fueron olvidados hace dos semanas y ahora el BCB cree que las criptos \u201cproporcionar\u00e1n a la poblaci\u00f3n un mecanismo adicional que coadyuvar\u00e1 con el fortalecimiento de las actividades financieras, comerciales y productivas privadas de compra de servicios\u201d, adem\u00e1s de \u201csatisfacer las diferentes necesidades\u201d.<br \/>\nNo es el primer caso en que, frente al implacable avance del tsunami de la crisis, el gobierno se ve obligado a retroceder en decisiones y medidas que antes asum\u00eda como dogmas del modelo.<br \/>\nRecientemente el ministro Franklin Molina reconoci\u00f3 que la Ley de Hidrocarburos qued\u00f3 obsoleta y representa una dificultad para avanzar en una mayor exploraci\u00f3n hidrocarbur\u00edfera. La Autoridad se\u00f1al\u00f3 que no hay condiciones para invertir y plante\u00f3 \u201cuna reforma estructural en el sector para atraer inversiones en exploraci\u00f3n y explotaci\u00f3n, reestructurar el marco normativo y regulatorio, y desburocratizar la aprobaci\u00f3n de contratos\u201d.<br \/>\nEn otro caso, el 19 de febrero pasado, mediante un acuerdo con la CEPB, el gobierno anunci\u00f3 \u201cla liberaci\u00f3n de las exportaciones y la creaci\u00f3n de un mecanismo expedito y \u00e1gil para que los productores nacionales puedan llevar sus productos al resto del mundo\u201d, modificando la pol\u00edtica de cupos iniciada en 2008.<br \/>\nEste mecanismo, que alcanz\u00f3 principalmente a los alimentos producidos en Santa Cruz, lleg\u00f3 a afectar a 41 productos, de acuerdo a datos del IBCE, y fue usado como medida pol\u00edtica, ya que cada cierto tiempo el Ejecutivo aumentaba o disminu\u00eda arbitrariamente los vol\u00famenes de exportaci\u00f3n autorizados a los empresarios.<br \/>\nEn el Acuerdo del 19F el gobierno tambi\u00e9n acept\u00f3 que los grandes consumidores puedan importar de manera directa el di\u00e9sel, lo que implica un retroceso al centralismo estatal, que hasta entonces otorgaba la exclusividad de la compra y comercializaci\u00f3n de carburantes de venta masiva a las estatales ANH y YPFB.<br \/>\nOtro cambio importante en esta etapa ha sido la actitud del gobierno respecto al di\u00e1logo con el sector privado. En efecto, durante los dos primeros a\u00f1os de la gesti\u00f3n, no se produjeron reuniones de trabajo entre las m\u00e1ximas autoridades del Ejecutivo y los empresarios, limit\u00e1ndose los encuentros a asuntos protocolares. Esta l\u00ednea de acci\u00f3n se modific\u00f3 a partir de 2023, cuando se empezaron a llevar a cabo reuniones sobre temas espec\u00edficos, muchas de las cuales han producido resultados concretos.<br \/>\nEs evidente que estos retrocesos, cambios y ajustes no responden a una voluntad expresa ni a la apertura providencial del gobierno a un ajuste en las pol\u00edticas p\u00fablicas, sino a la necesidad de enfrentar la crisis, la escasez de d\u00f3lares y el problema de los carburantes. Pero, sobre todo, a la evidencia de que en la actual coyuntura y frente a las complejas perspectivas econ\u00f3micas, el Estado no puede planificar ninguna salida sin la participaci\u00f3n del sector privado.<br \/>\nAunque positivos y auspiciosos, estos cambios y retrocesos son insuficientes si no hay transformaciones de fondo en el modelo econ\u00f3mico, lo que implica una verdadera reorientaci\u00f3n en la visi\u00f3n del desarrollo, la menor participaci\u00f3n estatal en la econom\u00eda y la eliminaci\u00f3n de las trabas que impiden el dinamismo de la iniciativa privada. Lo dem\u00e1s son medidas coyunturales, incompletas y vulnerables a las amenazas que se avecinan.<\/p>\n<p>El autor es Industrial y ex Presidente de la Confederaci\u00f3n de Empresarios Privados de Bolivia.<\/p>\n","protected":false},"excerpt":{"rendered":"<p>El pasado 26 de junio, el Gobierno elimin\u00f3 la prohibici\u00f3n del uso de criptomonedas y autoriz\u00f3 a las entidades financieras realizar transacciones con activos digitales. La medida puso fin a una decisi\u00f3n del Banco Central de Bolivia (BCB), establecida en 2014 y consolidada a trav\u00e9s de resoluciones de 2020 y 2022, que consideraban que las [&hellip;]<\/p>\n","protected":false},"author":1,"featured_media":188324,"comment_status":"open","ping_status":"open","sticky":false,"template":"","format":"standard","meta":{"_acf_changed":false,"footnotes":""},"categories":[9],"tags":[],"class_list":["post-233039","post","type-post","status-publish","format-standard","has-post-thumbnail","category-opinion"],"acf":{"antetitulo":""},"yoast_head":"<!-- This site is optimized with the Yoast SEO plugin v28.4 - https:\/\/yoast.com\/product\/yoast-seo-wordpress\/ -->\n<title>Retrocesos positivos pero insuficientes - El Diario - Bolivia<\/title>\n<meta name=\"robots\" content=\"index, follow, max-snippet:-1, max-image-preview:large, max-video-preview:-1\" \/>\n<link rel=\"canonical\" href=\"https:\/\/www.eldiario.net\/portal\/2024\/07\/10\/retrocesos-positivos-pero-insuficientes\/\" \/>\n<meta property=\"og:locale\" content=\"es_ES\" \/>\n<meta property=\"og:type\" content=\"article\" \/>\n<meta property=\"og:title\" content=\"Retrocesos positivos pero insuficientes - El Diario - Bolivia\" \/>\n<meta property=\"og:description\" content=\"El pasado 26 de junio, el Gobierno elimin\u00f3 la prohibici\u00f3n del uso de criptomonedas y autoriz\u00f3 a las entidades financieras realizar transacciones con activos digitales. La medida puso fin a una decisi\u00f3n del Banco Central de Bolivia (BCB), establecida en 2014 y consolidada a trav\u00e9s de resoluciones de 2020 y 2022, que consideraban que las [&hellip;]\" \/>\n<meta property=\"og:url\" content=\"https:\/\/www.eldiario.net\/portal\/2024\/07\/10\/retrocesos-positivos-pero-insuficientes\/\" \/>\n<meta property=\"og:site_name\" content=\"El Diario - Bolivia\" \/>\n<meta property=\"article:publisher\" content=\"https:\/\/www.facebook.com\/eldiario.bolivia\/\" \/>\n<meta property=\"article:published_time\" content=\"2024-07-10T10:13:52+00:00\" \/>\n<meta property=\"og:image\" content=\"https:\/\/www.eldiario.net\/portal\/wp-content\/uploads\/2023\/11\/Ronald-Nostas-Ardaya.jpg\" \/>\n\t<meta property=\"og:image:width\" content=\"1200\" \/>\n\t<meta property=\"og:image:height\" content=\"628\" \/>\n\t<meta property=\"og:image:type\" content=\"image\/jpeg\" \/>\n<meta name=\"author\" content=\"Jeanette\" \/>\n<meta name=\"twitter:card\" content=\"summary_large_image\" \/>\n<meta name=\"twitter:creator\" content=\"@eldiario_net\" \/>\n<meta name=\"twitter:site\" content=\"@eldiario_net\" \/>\n<meta name=\"twitter:label1\" content=\"Escrito por\" \/>\n\t<meta name=\"twitter:data1\" content=\"Jeanette\" \/>\n\t<meta name=\"twitter:label2\" content=\"Tiempo de lectura\" \/>\n\t<meta name=\"twitter:data2\" content=\"4 minutos\" \/>\n<script type=\"application\/ld+json\" class=\"yoast-schema-graph\">{\"@context\":\"https:\\\/\\\/schema.org\",\"@graph\":[{\"@type\":\"Article\",\"@id\":\"https:\\\/\\\/www.eldiario.net\\\/portal\\\/2024\\\/07\\\/10\\\/retrocesos-positivos-pero-insuficientes\\\/#article\",\"isPartOf\":{\"@id\":\"https:\\\/\\\/www.eldiario.net\\\/portal\\\/2024\\\/07\\\/10\\\/retrocesos-positivos-pero-insuficientes\\\/\"},\"author\":{\"name\":\"Jeanette\",\"@id\":\"https:\\\/\\\/www.eldiario.net\\\/portal\\\/#\\\/schema\\\/person\\\/f46445640444750d7d753ccd04ae01b7\"},\"headline\":\"Retrocesos positivos pero insuficientes\",\"datePublished\":\"2024-07-10T10:13:52+00:00\",\"mainEntityOfPage\":{\"@id\":\"https:\\\/\\\/www.eldiario.net\\\/portal\\\/2024\\\/07\\\/10\\\/retrocesos-positivos-pero-insuficientes\\\/\"},\"wordCount\":682,\"commentCount\":0,\"publisher\":{\"@id\":\"https:\\\/\\\/www.eldiario.net\\\/portal\\\/#organization\"},\"image\":{\"@id\":\"https:\\\/\\\/www.eldiario.net\\\/portal\\\/2024\\\/07\\\/10\\\/retrocesos-positivos-pero-insuficientes\\\/#primaryimage\"},\"thumbnailUrl\":\"https:\\\/\\\/www.eldiario.net\\\/portal\\\/wp-content\\\/uploads\\\/2023\\\/11\\\/Ronald-Nostas-Ardaya.jpg\",\"articleSection\":[\"Opini\u00f3n\"],\"inLanguage\":\"es\",\"potentialAction\":[{\"@type\":\"CommentAction\",\"name\":\"Comment\",\"target\":[\"https:\\\/\\\/www.eldiario.net\\\/portal\\\/2024\\\/07\\\/10\\\/retrocesos-positivos-pero-insuficientes\\\/#respond\"]}]},{\"@type\":\"WebPage\",\"@id\":\"https:\\\/\\\/www.eldiario.net\\\/portal\\\/2024\\\/07\\\/10\\\/retrocesos-positivos-pero-insuficientes\\\/\",\"url\":\"https:\\\/\\\/www.eldiario.net\\\/portal\\\/2024\\\/07\\\/10\\\/retrocesos-positivos-pero-insuficientes\\\/\",\"name\":\"Retrocesos positivos pero insuficientes - El Diario - Bolivia\",\"isPartOf\":{\"@id\":\"https:\\\/\\\/www.eldiario.net\\\/portal\\\/#website\"},\"primaryImageOfPage\":{\"@id\":\"https:\\\/\\\/www.eldiario.net\\\/portal\\\/2024\\\/07\\\/10\\\/retrocesos-positivos-pero-insuficientes\\\/#primaryimage\"},\"image\":{\"@id\":\"https:\\\/\\\/www.eldiario.net\\\/portal\\\/2024\\\/07\\\/10\\\/retrocesos-positivos-pero-insuficientes\\\/#primaryimage\"},\"thumbnailUrl\":\"https:\\\/\\\/www.eldiario.net\\\/portal\\\/wp-content\\\/uploads\\\/2023\\\/11\\\/Ronald-Nostas-Ardaya.jpg\",\"datePublished\":\"2024-07-10T10:13:52+00:00\",\"breadcrumb\":{\"@id\":\"https:\\\/\\\/www.eldiario.net\\\/portal\\\/2024\\\/07\\\/10\\\/retrocesos-positivos-pero-insuficientes\\\/#breadcrumb\"},\"inLanguage\":\"es\",\"potentialAction\":[{\"@type\":\"ReadAction\",\"target\":[\"https:\\\/\\\/www.eldiario.net\\\/portal\\\/2024\\\/07\\\/10\\\/retrocesos-positivos-pero-insuficientes\\\/\"]}]},{\"@type\":\"ImageObject\",\"inLanguage\":\"es\",\"@id\":\"https:\\\/\\\/www.eldiario.net\\\/portal\\\/2024\\\/07\\\/10\\\/retrocesos-positivos-pero-insuficientes\\\/#primaryimage\",\"url\":\"https:\\\/\\\/www.eldiario.net\\\/portal\\\/wp-content\\\/uploads\\\/2023\\\/11\\\/Ronald-Nostas-Ardaya.jpg\",\"contentUrl\":\"https:\\\/\\\/www.eldiario.net\\\/portal\\\/wp-content\\\/uploads\\\/2023\\\/11\\\/Ronald-Nostas-Ardaya.jpg\",\"width\":1200,\"height\":628,\"caption\":\"Ronald Nostas Ardaya\"},{\"@type\":\"BreadcrumbList\",\"@id\":\"https:\\\/\\\/www.eldiario.net\\\/portal\\\/2024\\\/07\\\/10\\\/retrocesos-positivos-pero-insuficientes\\\/#breadcrumb\",\"itemListElement\":[{\"@type\":\"ListItem\",\"position\":1,\"name\":\"Portada\",\"item\":\"https:\\\/\\\/www.eldiario.net\\\/portal\\\/\"},{\"@type\":\"ListItem\",\"position\":2,\"name\":\"Retrocesos positivos pero insuficientes\"}]},{\"@type\":\"WebSite\",\"@id\":\"https:\\\/\\\/www.eldiario.net\\\/portal\\\/#website\",\"url\":\"https:\\\/\\\/www.eldiario.net\\\/portal\\\/\",\"name\":\"El Diario - Decano de la prensa nacional\",\"description\":\"El Diario - Decano de la prensa nacional\",\"publisher\":{\"@id\":\"https:\\\/\\\/www.eldiario.net\\\/portal\\\/#organization\"},\"potentialAction\":[{\"@type\":\"SearchAction\",\"target\":{\"@type\":\"EntryPoint\",\"urlTemplate\":\"https:\\\/\\\/www.eldiario.net\\\/portal\\\/?s={search_term_string}\"},\"query-input\":{\"@type\":\"PropertyValueSpecification\",\"valueRequired\":true,\"valueName\":\"search_term_string\"}}],\"inLanguage\":\"es\"},{\"@type\":\"Organization\",\"@id\":\"https:\\\/\\\/www.eldiario.net\\\/portal\\\/#organization\",\"name\":\"El Diario - Decano de la prensa nacional\",\"url\":\"https:\\\/\\\/www.eldiario.net\\\/portal\\\/\",\"logo\":{\"@type\":\"ImageObject\",\"inLanguage\":\"es\",\"@id\":\"https:\\\/\\\/www.eldiario.net\\\/portal\\\/#\\\/schema\\\/logo\\\/image\\\/\",\"url\":\"https:\\\/\\\/www.eldiario.net\\\/portal\\\/wp-content\\\/uploads\\\/2023\\\/07\\\/logo_ED.jpg\",\"contentUrl\":\"https:\\\/\\\/www.eldiario.net\\\/portal\\\/wp-content\\\/uploads\\\/2023\\\/07\\\/logo_ED.jpg\",\"width\":272,\"height\":52,\"caption\":\"El Diario - Decano de la prensa nacional\"},\"image\":{\"@id\":\"https:\\\/\\\/www.eldiario.net\\\/portal\\\/#\\\/schema\\\/logo\\\/image\\\/\"},\"sameAs\":[\"https:\\\/\\\/www.facebook.com\\\/eldiario.bolivia\\\/\",\"https:\\\/\\\/x.com\\\/eldiario_net\"]},{\"@type\":\"Person\",\"@id\":\"https:\\\/\\\/www.eldiario.net\\\/portal\\\/#\\\/schema\\\/person\\\/f46445640444750d7d753ccd04ae01b7\",\"name\":\"Jeanette\",\"image\":{\"@type\":\"ImageObject\",\"inLanguage\":\"es\",\"@id\":\"https:\\\/\\\/secure.gravatar.com\\\/avatar\\\/3ea2118a5f7dad2b7138b1187a6b7ee55f160b9968b66013c3a3ef39dd7e5798?s=96&d=mm&r=g\",\"url\":\"https:\\\/\\\/secure.gravatar.com\\\/avatar\\\/3ea2118a5f7dad2b7138b1187a6b7ee55f160b9968b66013c3a3ef39dd7e5798?s=96&d=mm&r=g\",\"contentUrl\":\"https:\\\/\\\/secure.gravatar.com\\\/avatar\\\/3ea2118a5f7dad2b7138b1187a6b7ee55f160b9968b66013c3a3ef39dd7e5798?s=96&d=mm&r=g\",\"caption\":\"Jeanette\"},\"sameAs\":[\"https:\\\/\\\/www.eldiario.net\\\/portal\"],\"url\":\"https:\\\/\\\/www.eldiario.net\\\/portal\\\/author\\\/jeanette\\\/\"}]}<\/script>\n<!-- \/ Yoast SEO plugin. -->","yoast_head_json":{"title":"Retrocesos positivos pero insuficientes - El Diario - Bolivia","robots":{"index":"index","follow":"follow","max-snippet":"max-snippet:-1","max-image-preview":"max-image-preview:large","max-video-preview":"max-video-preview:-1"},"canonical":"https:\/\/www.eldiario.net\/portal\/2024\/07\/10\/retrocesos-positivos-pero-insuficientes\/","og_locale":"es_ES","og_type":"article","og_title":"Retrocesos positivos pero insuficientes - El Diario - Bolivia","og_description":"El pasado 26 de junio, el Gobierno elimin\u00f3 la prohibici\u00f3n del uso de criptomonedas y autoriz\u00f3 a las entidades financieras realizar transacciones con activos digitales. La medida puso fin a una decisi\u00f3n del Banco Central de Bolivia (BCB), establecida en 2014 y consolidada a trav\u00e9s de resoluciones de 2020 y 2022, que consideraban que las [&hellip;]","og_url":"https:\/\/www.eldiario.net\/portal\/2024\/07\/10\/retrocesos-positivos-pero-insuficientes\/","og_site_name":"El Diario - Bolivia","article_publisher":"https:\/\/www.facebook.com\/eldiario.bolivia\/","article_published_time":"2024-07-10T10:13:52+00:00","og_image":[{"width":1200,"height":628,"url":"https:\/\/www.eldiario.net\/portal\/wp-content\/uploads\/2023\/11\/Ronald-Nostas-Ardaya.jpg","type":"image\/jpeg"}],"author":"Jeanette","twitter_card":"summary_large_image","twitter_creator":"@eldiario_net","twitter_site":"@eldiario_net","twitter_misc":{"Escrito por":"Jeanette","Tiempo de lectura":"4 minutos"},"schema":{"@context":"https:\/\/schema.org","@graph":[{"@type":"Article","@id":"https:\/\/www.eldiario.net\/portal\/2024\/07\/10\/retrocesos-positivos-pero-insuficientes\/#article","isPartOf":{"@id":"https:\/\/www.eldiario.net\/portal\/2024\/07\/10\/retrocesos-positivos-pero-insuficientes\/"},"author":{"name":"Jeanette","@id":"https:\/\/www.eldiario.net\/portal\/#\/schema\/person\/f46445640444750d7d753ccd04ae01b7"},"headline":"Retrocesos positivos pero insuficientes","datePublished":"2024-07-10T10:13:52+00:00","mainEntityOfPage":{"@id":"https:\/\/www.eldiario.net\/portal\/2024\/07\/10\/retrocesos-positivos-pero-insuficientes\/"},"wordCount":682,"commentCount":0,"publisher":{"@id":"https:\/\/www.eldiario.net\/portal\/#organization"},"image":{"@id":"https:\/\/www.eldiario.net\/portal\/2024\/07\/10\/retrocesos-positivos-pero-insuficientes\/#primaryimage"},"thumbnailUrl":"https:\/\/www.eldiario.net\/portal\/wp-content\/uploads\/2023\/11\/Ronald-Nostas-Ardaya.jpg","articleSection":["Opini\u00f3n"],"inLanguage":"es","potentialAction":[{"@type":"CommentAction","name":"Comment","target":["https:\/\/www.eldiario.net\/portal\/2024\/07\/10\/retrocesos-positivos-pero-insuficientes\/#respond"]}]},{"@type":"WebPage","@id":"https:\/\/www.eldiario.net\/portal\/2024\/07\/10\/retrocesos-positivos-pero-insuficientes\/","url":"https:\/\/www.eldiario.net\/portal\/2024\/07\/10\/retrocesos-positivos-pero-insuficientes\/","name":"Retrocesos positivos pero insuficientes - El Diario - Bolivia","isPartOf":{"@id":"https:\/\/www.eldiario.net\/portal\/#website"},"primaryImageOfPage":{"@id":"https:\/\/www.eldiario.net\/portal\/2024\/07\/10\/retrocesos-positivos-pero-insuficientes\/#primaryimage"},"image":{"@id":"https:\/\/www.eldiario.net\/portal\/2024\/07\/10\/retrocesos-positivos-pero-insuficientes\/#primaryimage"},"thumbnailUrl":"https:\/\/www.eldiario.net\/portal\/wp-content\/uploads\/2023\/11\/Ronald-Nostas-Ardaya.jpg","datePublished":"2024-07-10T10:13:52+00:00","breadcrumb":{"@id":"https:\/\/www.eldiario.net\/portal\/2024\/07\/10\/retrocesos-positivos-pero-insuficientes\/#breadcrumb"},"inLanguage":"es","potentialAction":[{"@type":"ReadAction","target":["https:\/\/www.eldiario.net\/portal\/2024\/07\/10\/retrocesos-positivos-pero-insuficientes\/"]}]},{"@type":"ImageObject","inLanguage":"es","@id":"https:\/\/www.eldiario.net\/portal\/2024\/07\/10\/retrocesos-positivos-pero-insuficientes\/#primaryimage","url":"https:\/\/www.eldiario.net\/portal\/wp-content\/uploads\/2023\/11\/Ronald-Nostas-Ardaya.jpg","contentUrl":"https:\/\/www.eldiario.net\/portal\/wp-content\/uploads\/2023\/11\/Ronald-Nostas-Ardaya.jpg","width":1200,"height":628,"caption":"Ronald Nostas Ardaya"},{"@type":"BreadcrumbList","@id":"https:\/\/www.eldiario.net\/portal\/2024\/07\/10\/retrocesos-positivos-pero-insuficientes\/#breadcrumb","itemListElement":[{"@type":"ListItem","position":1,"name":"Portada","item":"https:\/\/www.eldiario.net\/portal\/"},{"@type":"ListItem","position":2,"name":"Retrocesos positivos pero insuficientes"}]},{"@type":"WebSite","@id":"https:\/\/www.eldiario.net\/portal\/#website","url":"https:\/\/www.eldiario.net\/portal\/","name":"El Diario - Decano de la prensa nacional","description":"El Diario - Decano de la prensa nacional","publisher":{"@id":"https:\/\/www.eldiario.net\/portal\/#organization"},"potentialAction":[{"@type":"SearchAction","target":{"@type":"EntryPoint","urlTemplate":"https:\/\/www.eldiario.net\/portal\/?s={search_term_string}"},"query-input":{"@type":"PropertyValueSpecification","valueRequired":true,"valueName":"search_term_string"}}],"inLanguage":"es"},{"@type":"Organization","@id":"https:\/\/www.eldiario.net\/portal\/#organization","name":"El Diario - Decano de la prensa nacional","url":"https:\/\/www.eldiario.net\/portal\/","logo":{"@type":"ImageObject","inLanguage":"es","@id":"https:\/\/www.eldiario.net\/portal\/#\/schema\/logo\/image\/","url":"https:\/\/www.eldiario.net\/portal\/wp-content\/uploads\/2023\/07\/logo_ED.jpg","contentUrl":"https:\/\/www.eldiario.net\/portal\/wp-content\/uploads\/2023\/07\/logo_ED.jpg","width":272,"height":52,"caption":"El Diario - Decano de la prensa nacional"},"image":{"@id":"https:\/\/www.eldiario.net\/portal\/#\/schema\/logo\/image\/"},"sameAs":["https:\/\/www.facebook.com\/eldiario.bolivia\/","https:\/\/x.com\/eldiario_net"]},{"@type":"Person","@id":"https:\/\/www.eldiario.net\/portal\/#\/schema\/person\/f46445640444750d7d753ccd04ae01b7","name":"Jeanette","image":{"@type":"ImageObject","inLanguage":"es","@id":"https:\/\/secure.gravatar.com\/avatar\/3ea2118a5f7dad2b7138b1187a6b7ee55f160b9968b66013c3a3ef39dd7e5798?s=96&d=mm&r=g","url":"https:\/\/secure.gravatar.com\/avatar\/3ea2118a5f7dad2b7138b1187a6b7ee55f160b9968b66013c3a3ef39dd7e5798?s=96&d=mm&r=g","contentUrl":"https:\/\/secure.gravatar.com\/avatar\/3ea2118a5f7dad2b7138b1187a6b7ee55f160b9968b66013c3a3ef39dd7e5798?s=96&d=mm&r=g","caption":"Jeanette"},"sameAs":["https:\/\/www.eldiario.net\/portal"],"url":"https:\/\/www.eldiario.net\/portal\/author\/jeanette\/"}]}},"_links":{"self":[{"href":"https:\/\/www.eldiario.net\/portal\/wp-json\/wp\/v2\/posts\/233039","targetHints":{"allow":["GET"]}}],"collection":[{"href":"https:\/\/www.eldiario.net\/portal\/wp-json\/wp\/v2\/posts"}],"about":[{"href":"https:\/\/www.eldiario.net\/portal\/wp-json\/wp\/v2\/types\/post"}],"author":[{"embeddable":true,"href":"https:\/\/www.eldiario.net\/portal\/wp-json\/wp\/v2\/users\/1"}],"replies":[{"embeddable":true,"href":"https:\/\/www.eldiario.net\/portal\/wp-json\/wp\/v2\/comments?post=233039"}],"version-history":[{"count":1,"href":"https:\/\/www.eldiario.net\/portal\/wp-json\/wp\/v2\/posts\/233039\/revisions"}],"predecessor-version":[{"id":233040,"href":"https:\/\/www.eldiario.net\/portal\/wp-json\/wp\/v2\/posts\/233039\/revisions\/233040"}],"wp:featuredmedia":[{"embeddable":true,"href":"https:\/\/www.eldiario.net\/portal\/wp-json\/wp\/v2\/media\/188324"}],"wp:attachment":[{"href":"https:\/\/www.eldiario.net\/portal\/wp-json\/wp\/v2\/media?parent=233039"}],"wp:term":[{"taxonomy":"category","embeddable":true,"href":"https:\/\/www.eldiario.net\/portal\/wp-json\/wp\/v2\/categories?post=233039"},{"taxonomy":"post_tag","embeddable":true,"href":"https:\/\/www.eldiario.net\/portal\/wp-json\/wp\/v2\/tags?post=233039"}],"curies":[{"name":"wp","href":"https:\/\/api.w.org\/{rel}","templated":true}]}}