{"id":233025,"date":"2024-07-10T06:10:29","date_gmt":"2024-07-10T10:10:29","guid":{"rendered":"https:\/\/www.eldiario.net\/portal\/?p=233025"},"modified":"2024-07-10T06:10:29","modified_gmt":"2024-07-10T10:10:29","slug":"mna-todos-los-martes-ingreso-libre","status":"publish","type":"post","link":"https:\/\/www.eldiario.net\/portal\/2024\/07\/10\/mna-todos-los-martes-ingreso-libre\/","title":{"rendered":"MNA: Todos los martes ingreso libre"},"content":{"rendered":"<p>Las buenas noticias que emanan del Museo Nacional de Arte (MNA) no se detienen: desde ayer se habilit\u00f3 el \u201cingreso libre para todos\u201d, beneficio con el que los visitantes del Museo \u2013incluidos extranjeros\u2013 podr\u00e1n ingresar en todos los espacios de manera gratuita.<br \/>\nEste anuncio fue confirmado por la directora del MNA, Claribel Arandia T\u00f3rrez, quien destac\u00f3 la naturaleza democratizadora que conlleva esta decisi\u00f3n, para generar mayor acceso a la cultura y el arte bolivianos: \u201cnos estamos preparando para un 2025 que brindar\u00e1 mayor acercamiento a la poblaci\u00f3n y tendremos lindas noticias para esa celebraci\u00f3n, por lo que ya queremos que las nuevas generaciones se acerquen a nuestras instituciones culturales y entiendan que ingresar en un museo es encontrar el espejo de la sociedad. Es encontrarnos a nosotros mismos\u201d.<br \/>\nEste beneficio ser\u00e1 permanente desde hoy en adelante, sin tiempo l\u00edmite, esperando que se vuelva una costumbre para la poblaci\u00f3n y as\u00ed recibir m\u00e1s gente en las salas del Museo: \u201cEl martes liberado nos va a conectar con un p\u00fablico que tal vez no acostumbra visitar nuestros espacios por temas econ\u00f3micos, o reconectar con el p\u00fablico que ante el pasado escenario pand\u00e9mico perdi\u00f3 el h\u00e1bito de frecuentar los museos\u201d, a\u00f1adi\u00f3 Arandia.<br \/>\nEsta nueva medida asumida por el Museo \u2013dependiente de la Fundaci\u00f3n Cultural del Banco Central de Bolivia (FC-BCB)\u2013 permitir\u00e1 que la gente tenga acceso tanto a salas de exposiciones temporales, como a las salas de muestra permanente, adem\u00e1s de poder disfrutar del Puente Mirador, un espl\u00e9ndido espacio cultural y tur\u00edstico que ser\u00e1 inaugurado hoy mi\u00e9rcoles, 10 de julio.<br \/>\nPreviamente, el MNA lanz\u00f3 \u201cPaquete de las buenas noticias\u201d. Primero anunci\u00f3 su atenci\u00f3n de lunes a domingo en los horarios: lunes a viernes desde las 09.00 am hasta las 07.00 pm; s\u00e1bados de 09.00 am a 05.00 pm. Y los domingos, de 09.00 am a 01.00 pm.<br \/>\nA ello se sum\u00f3 el ingreso libre para menores de 18 a\u00f1os nacionales, personas de la tercera edad nacionales y personas con discapacidad. Luego se lanz\u00f3 el \u201c2X1 en el MNA\u201d, dirigido a estudiantes de instituciones educativas, universidades, Escuelas de Formaci\u00f3n de Maestros e institutos superiores, a sola presentaci\u00f3n de matr\u00edcula, o cualquier documento que avale esta condici\u00f3n.<br \/>\nEntre las acciones asumidas por la Fundaci\u00f3n y cada uno de sus repositorios y centros culturales para darle a la gente mayor acceso, tambi\u00e9n hay que recordar que cada primer viernes de mes, desde las 06.00 pm hasta las 10.00 pm toda la poblaci\u00f3n tiene ingreso gratuito.<br \/>\nNo hay que olvidar que las delegaciones que programen su visita, podr\u00e1n contar con un recorrido guiado por nuestros mediadores. Todas estas acciones buscan democratizar el acceso al arte y la cultura.<\/p>\n","protected":false},"excerpt":{"rendered":"<p>Las buenas noticias que emanan del Museo Nacional de Arte (MNA) no se detienen: desde ayer se habilit\u00f3 el \u201cingreso libre para todos\u201d, beneficio con el que los visitantes del Museo \u2013incluidos extranjeros\u2013 podr\u00e1n ingresar en todos los espacios de manera gratuita. Este anuncio fue confirmado por la directora del MNA, Claribel Arandia T\u00f3rrez, quien [&hellip;]<\/p>\n","protected":false},"author":1,"featured_media":233026,"comment_status":"open","ping_status":"open","sticky":false,"template":"","format":"standard","meta":{"_acf_changed":false,"footnotes":""},"categories":[8],"tags":[],"class_list":["post-233025","post","type-post","status-publish","format-standard","has-post-thumbnail","category-cultural"],"acf":{"antetitulo":"Arte"},"yoast_head":"<!-- This site is optimized with the Yoast SEO plugin v28.4 - https:\/\/yoast.com\/product\/yoast-seo-wordpress\/ -->\n<title>MNA: Todos los martes ingreso libre - El Diario - Bolivia<\/title>\n<meta name=\"robots\" content=\"index, follow, max-snippet:-1, max-image-preview:large, max-video-preview:-1\" \/>\n<link rel=\"canonical\" href=\"https:\/\/www.eldiario.net\/portal\/2024\/07\/10\/mna-todos-los-martes-ingreso-libre\/\" \/>\n<meta property=\"og:locale\" content=\"es_ES\" \/>\n<meta property=\"og:type\" content=\"article\" \/>\n<meta property=\"og:title\" content=\"MNA: Todos los martes ingreso libre - El Diario - Bolivia\" \/>\n<meta property=\"og:description\" content=\"Las buenas noticias que emanan del Museo Nacional de Arte (MNA) no se detienen: desde ayer se habilit\u00f3 el \u201cingreso libre para todos\u201d, beneficio con el que los visitantes del Museo \u2013incluidos extranjeros\u2013 podr\u00e1n ingresar en todos los espacios de manera gratuita. Este anuncio fue confirmado por la directora del MNA, Claribel Arandia T\u00f3rrez, quien [&hellip;]\" \/>\n<meta property=\"og:url\" content=\"https:\/\/www.eldiario.net\/portal\/2024\/07\/10\/mna-todos-los-martes-ingreso-libre\/\" \/>\n<meta property=\"og:site_name\" content=\"El Diario - Bolivia\" \/>\n<meta property=\"article:publisher\" content=\"https:\/\/www.facebook.com\/eldiario.bolivia\/\" \/>\n<meta property=\"article:published_time\" content=\"2024-07-10T10:10:29+00:00\" \/>\n<meta property=\"og:image\" content=\"https:\/\/www.eldiario.net\/portal\/wp-content\/uploads\/2024\/07\/MUSEO.jpg\" \/>\n\t<meta property=\"og:image:width\" content=\"705\" \/>\n\t<meta property=\"og:image:height\" content=\"470\" \/>\n\t<meta property=\"og:image:type\" content=\"image\/jpeg\" \/>\n<meta name=\"author\" content=\"Jeanette\" \/>\n<meta name=\"twitter:card\" content=\"summary_large_image\" \/>\n<meta name=\"twitter:creator\" content=\"@eldiario_net\" \/>\n<meta name=\"twitter:site\" content=\"@eldiario_net\" \/>\n<meta name=\"twitter:label1\" content=\"Escrito por\" \/>\n\t<meta name=\"twitter:data1\" content=\"Jeanette\" \/>\n\t<meta name=\"twitter:label2\" content=\"Tiempo de lectura\" \/>\n\t<meta name=\"twitter:data2\" content=\"3 minutos\" \/>\n<script type=\"application\/ld+json\" class=\"yoast-schema-graph\">{\"@context\":\"https:\\\/\\\/schema.org\",\"@graph\":[{\"@type\":\"Article\",\"@id\":\"https:\\\/\\\/www.eldiario.net\\\/portal\\\/2024\\\/07\\\/10\\\/mna-todos-los-martes-ingreso-libre\\\/#article\",\"isPartOf\":{\"@id\":\"https:\\\/\\\/www.eldiario.net\\\/portal\\\/2024\\\/07\\\/10\\\/mna-todos-los-martes-ingreso-libre\\\/\"},\"author\":{\"name\":\"Jeanette\",\"@id\":\"https:\\\/\\\/www.eldiario.net\\\/portal\\\/#\\\/schema\\\/person\\\/f46445640444750d7d753ccd04ae01b7\"},\"headline\":\"MNA: Todos los martes ingreso libre\",\"datePublished\":\"2024-07-10T10:10:29+00:00\",\"mainEntityOfPage\":{\"@id\":\"https:\\\/\\\/www.eldiario.net\\\/portal\\\/2024\\\/07\\\/10\\\/mna-todos-los-martes-ingreso-libre\\\/\"},\"wordCount\":466,\"commentCount\":0,\"publisher\":{\"@id\":\"https:\\\/\\\/www.eldiario.net\\\/portal\\\/#organization\"},\"image\":{\"@id\":\"https:\\\/\\\/www.eldiario.net\\\/portal\\\/2024\\\/07\\\/10\\\/mna-todos-los-martes-ingreso-libre\\\/#primaryimage\"},\"thumbnailUrl\":\"https:\\\/\\\/www.eldiario.net\\\/portal\\\/wp-content\\\/uploads\\\/2024\\\/07\\\/MUSEO.jpg\",\"articleSection\":[\"Cultural\"],\"inLanguage\":\"es\",\"potentialAction\":[{\"@type\":\"CommentAction\",\"name\":\"Comment\",\"target\":[\"https:\\\/\\\/www.eldiario.net\\\/portal\\\/2024\\\/07\\\/10\\\/mna-todos-los-martes-ingreso-libre\\\/#respond\"]}]},{\"@type\":\"WebPage\",\"@id\":\"https:\\\/\\\/www.eldiario.net\\\/portal\\\/2024\\\/07\\\/10\\\/mna-todos-los-martes-ingreso-libre\\\/\",\"url\":\"https:\\\/\\\/www.eldiario.net\\\/portal\\\/2024\\\/07\\\/10\\\/mna-todos-los-martes-ingreso-libre\\\/\",\"name\":\"MNA: Todos los martes ingreso libre - El Diario - Bolivia\",\"isPartOf\":{\"@id\":\"https:\\\/\\\/www.eldiario.net\\\/portal\\\/#website\"},\"primaryImageOfPage\":{\"@id\":\"https:\\\/\\\/www.eldiario.net\\\/portal\\\/2024\\\/07\\\/10\\\/mna-todos-los-martes-ingreso-libre\\\/#primaryimage\"},\"image\":{\"@id\":\"https:\\\/\\\/www.eldiario.net\\\/portal\\\/2024\\\/07\\\/10\\\/mna-todos-los-martes-ingreso-libre\\\/#primaryimage\"},\"thumbnailUrl\":\"https:\\\/\\\/www.eldiario.net\\\/portal\\\/wp-content\\\/uploads\\\/2024\\\/07\\\/MUSEO.jpg\",\"datePublished\":\"2024-07-10T10:10:29+00:00\",\"breadcrumb\":{\"@id\":\"https:\\\/\\\/www.eldiario.net\\\/portal\\\/2024\\\/07\\\/10\\\/mna-todos-los-martes-ingreso-libre\\\/#breadcrumb\"},\"inLanguage\":\"es\",\"potentialAction\":[{\"@type\":\"ReadAction\",\"target\":[\"https:\\\/\\\/www.eldiario.net\\\/portal\\\/2024\\\/07\\\/10\\\/mna-todos-los-martes-ingreso-libre\\\/\"]}]},{\"@type\":\"ImageObject\",\"inLanguage\":\"es\",\"@id\":\"https:\\\/\\\/www.eldiario.net\\\/portal\\\/2024\\\/07\\\/10\\\/mna-todos-los-martes-ingreso-libre\\\/#primaryimage\",\"url\":\"https:\\\/\\\/www.eldiario.net\\\/portal\\\/wp-content\\\/uploads\\\/2024\\\/07\\\/MUSEO.jpg\",\"contentUrl\":\"https:\\\/\\\/www.eldiario.net\\\/portal\\\/wp-content\\\/uploads\\\/2024\\\/07\\\/MUSEO.jpg\",\"width\":705,\"height\":470,\"caption\":\"EL MUSEO NACIONAL DE ARTE OFRECE EL MARTES LIBERADO.\"},{\"@type\":\"BreadcrumbList\",\"@id\":\"https:\\\/\\\/www.eldiario.net\\\/portal\\\/2024\\\/07\\\/10\\\/mna-todos-los-martes-ingreso-libre\\\/#breadcrumb\",\"itemListElement\":[{\"@type\":\"ListItem\",\"position\":1,\"name\":\"Portada\",\"item\":\"https:\\\/\\\/www.eldiario.net\\\/portal\\\/\"},{\"@type\":\"ListItem\",\"position\":2,\"name\":\"MNA: Todos los martes ingreso libre\"}]},{\"@type\":\"WebSite\",\"@id\":\"https:\\\/\\\/www.eldiario.net\\\/portal\\\/#website\",\"url\":\"https:\\\/\\\/www.eldiario.net\\\/portal\\\/\",\"name\":\"El Diario - Decano de la prensa nacional\",\"description\":\"El Diario - Decano de la prensa nacional\",\"publisher\":{\"@id\":\"https:\\\/\\\/www.eldiario.net\\\/portal\\\/#organization\"},\"potentialAction\":[{\"@type\":\"SearchAction\",\"target\":{\"@type\":\"EntryPoint\",\"urlTemplate\":\"https:\\\/\\\/www.eldiario.net\\\/portal\\\/?s={search_term_string}\"},\"query-input\":{\"@type\":\"PropertyValueSpecification\",\"valueRequired\":true,\"valueName\":\"search_term_string\"}}],\"inLanguage\":\"es\"},{\"@type\":\"Organization\",\"@id\":\"https:\\\/\\\/www.eldiario.net\\\/portal\\\/#organization\",\"name\":\"El Diario - Decano de la prensa nacional\",\"url\":\"https:\\\/\\\/www.eldiario.net\\\/portal\\\/\",\"logo\":{\"@type\":\"ImageObject\",\"inLanguage\":\"es\",\"@id\":\"https:\\\/\\\/www.eldiario.net\\\/portal\\\/#\\\/schema\\\/logo\\\/image\\\/\",\"url\":\"https:\\\/\\\/www.eldiario.net\\\/portal\\\/wp-content\\\/uploads\\\/2023\\\/07\\\/logo_ED.jpg\",\"contentUrl\":\"https:\\\/\\\/www.eldiario.net\\\/portal\\\/wp-content\\\/uploads\\\/2023\\\/07\\\/logo_ED.jpg\",\"width\":272,\"height\":52,\"caption\":\"El Diario - Decano de la prensa nacional\"},\"image\":{\"@id\":\"https:\\\/\\\/www.eldiario.net\\\/portal\\\/#\\\/schema\\\/logo\\\/image\\\/\"},\"sameAs\":[\"https:\\\/\\\/www.facebook.com\\\/eldiario.bolivia\\\/\",\"https:\\\/\\\/x.com\\\/eldiario_net\"]},{\"@type\":\"Person\",\"@id\":\"https:\\\/\\\/www.eldiario.net\\\/portal\\\/#\\\/schema\\\/person\\\/f46445640444750d7d753ccd04ae01b7\",\"name\":\"Jeanette\",\"image\":{\"@type\":\"ImageObject\",\"inLanguage\":\"es\",\"@id\":\"https:\\\/\\\/secure.gravatar.com\\\/avatar\\\/3ea2118a5f7dad2b7138b1187a6b7ee55f160b9968b66013c3a3ef39dd7e5798?s=96&d=mm&r=g\",\"url\":\"https:\\\/\\\/secure.gravatar.com\\\/avatar\\\/3ea2118a5f7dad2b7138b1187a6b7ee55f160b9968b66013c3a3ef39dd7e5798?s=96&d=mm&r=g\",\"contentUrl\":\"https:\\\/\\\/secure.gravatar.com\\\/avatar\\\/3ea2118a5f7dad2b7138b1187a6b7ee55f160b9968b66013c3a3ef39dd7e5798?s=96&d=mm&r=g\",\"caption\":\"Jeanette\"},\"sameAs\":[\"https:\\\/\\\/www.eldiario.net\\\/portal\"],\"url\":\"https:\\\/\\\/www.eldiario.net\\\/portal\\\/author\\\/jeanette\\\/\"}]}<\/script>\n<!-- \/ Yoast SEO plugin. -->","yoast_head_json":{"title":"MNA: Todos los martes ingreso libre - El Diario - Bolivia","robots":{"index":"index","follow":"follow","max-snippet":"max-snippet:-1","max-image-preview":"max-image-preview:large","max-video-preview":"max-video-preview:-1"},"canonical":"https:\/\/www.eldiario.net\/portal\/2024\/07\/10\/mna-todos-los-martes-ingreso-libre\/","og_locale":"es_ES","og_type":"article","og_title":"MNA: Todos los martes ingreso libre - El Diario - Bolivia","og_description":"Las buenas noticias que emanan del Museo Nacional de Arte (MNA) no se detienen: desde ayer se habilit\u00f3 el \u201cingreso libre para todos\u201d, beneficio con el que los visitantes del Museo \u2013incluidos extranjeros\u2013 podr\u00e1n ingresar en todos los espacios de manera gratuita. Este anuncio fue confirmado por la directora del MNA, Claribel Arandia T\u00f3rrez, quien [&hellip;]","og_url":"https:\/\/www.eldiario.net\/portal\/2024\/07\/10\/mna-todos-los-martes-ingreso-libre\/","og_site_name":"El Diario - Bolivia","article_publisher":"https:\/\/www.facebook.com\/eldiario.bolivia\/","article_published_time":"2024-07-10T10:10:29+00:00","og_image":[{"width":705,"height":470,"url":"https:\/\/www.eldiario.net\/portal\/wp-content\/uploads\/2024\/07\/MUSEO.jpg","type":"image\/jpeg"}],"author":"Jeanette","twitter_card":"summary_large_image","twitter_creator":"@eldiario_net","twitter_site":"@eldiario_net","twitter_misc":{"Escrito por":"Jeanette","Tiempo de lectura":"3 minutos"},"schema":{"@context":"https:\/\/schema.org","@graph":[{"@type":"Article","@id":"https:\/\/www.eldiario.net\/portal\/2024\/07\/10\/mna-todos-los-martes-ingreso-libre\/#article","isPartOf":{"@id":"https:\/\/www.eldiario.net\/portal\/2024\/07\/10\/mna-todos-los-martes-ingreso-libre\/"},"author":{"name":"Jeanette","@id":"https:\/\/www.eldiario.net\/portal\/#\/schema\/person\/f46445640444750d7d753ccd04ae01b7"},"headline":"MNA: Todos los martes ingreso libre","datePublished":"2024-07-10T10:10:29+00:00","mainEntityOfPage":{"@id":"https:\/\/www.eldiario.net\/portal\/2024\/07\/10\/mna-todos-los-martes-ingreso-libre\/"},"wordCount":466,"commentCount":0,"publisher":{"@id":"https:\/\/www.eldiario.net\/portal\/#organization"},"image":{"@id":"https:\/\/www.eldiario.net\/portal\/2024\/07\/10\/mna-todos-los-martes-ingreso-libre\/#primaryimage"},"thumbnailUrl":"https:\/\/www.eldiario.net\/portal\/wp-content\/uploads\/2024\/07\/MUSEO.jpg","articleSection":["Cultural"],"inLanguage":"es","potentialAction":[{"@type":"CommentAction","name":"Comment","target":["https:\/\/www.eldiario.net\/portal\/2024\/07\/10\/mna-todos-los-martes-ingreso-libre\/#respond"]}]},{"@type":"WebPage","@id":"https:\/\/www.eldiario.net\/portal\/2024\/07\/10\/mna-todos-los-martes-ingreso-libre\/","url":"https:\/\/www.eldiario.net\/portal\/2024\/07\/10\/mna-todos-los-martes-ingreso-libre\/","name":"MNA: Todos los martes ingreso libre - El Diario - Bolivia","isPartOf":{"@id":"https:\/\/www.eldiario.net\/portal\/#website"},"primaryImageOfPage":{"@id":"https:\/\/www.eldiario.net\/portal\/2024\/07\/10\/mna-todos-los-martes-ingreso-libre\/#primaryimage"},"image":{"@id":"https:\/\/www.eldiario.net\/portal\/2024\/07\/10\/mna-todos-los-martes-ingreso-libre\/#primaryimage"},"thumbnailUrl":"https:\/\/www.eldiario.net\/portal\/wp-content\/uploads\/2024\/07\/MUSEO.jpg","datePublished":"2024-07-10T10:10:29+00:00","breadcrumb":{"@id":"https:\/\/www.eldiario.net\/portal\/2024\/07\/10\/mna-todos-los-martes-ingreso-libre\/#breadcrumb"},"inLanguage":"es","potentialAction":[{"@type":"ReadAction","target":["https:\/\/www.eldiario.net\/portal\/2024\/07\/10\/mna-todos-los-martes-ingreso-libre\/"]}]},{"@type":"ImageObject","inLanguage":"es","@id":"https:\/\/www.eldiario.net\/portal\/2024\/07\/10\/mna-todos-los-martes-ingreso-libre\/#primaryimage","url":"https:\/\/www.eldiario.net\/portal\/wp-content\/uploads\/2024\/07\/MUSEO.jpg","contentUrl":"https:\/\/www.eldiario.net\/portal\/wp-content\/uploads\/2024\/07\/MUSEO.jpg","width":705,"height":470,"caption":"EL MUSEO NACIONAL DE ARTE OFRECE EL MARTES LIBERADO."},{"@type":"BreadcrumbList","@id":"https:\/\/www.eldiario.net\/portal\/2024\/07\/10\/mna-todos-los-martes-ingreso-libre\/#breadcrumb","itemListElement":[{"@type":"ListItem","position":1,"name":"Portada","item":"https:\/\/www.eldiario.net\/portal\/"},{"@type":"ListItem","position":2,"name":"MNA: Todos los martes ingreso libre"}]},{"@type":"WebSite","@id":"https:\/\/www.eldiario.net\/portal\/#website","url":"https:\/\/www.eldiario.net\/portal\/","name":"El Diario - Decano de la prensa nacional","description":"El Diario - Decano de la prensa nacional","publisher":{"@id":"https:\/\/www.eldiario.net\/portal\/#organization"},"potentialAction":[{"@type":"SearchAction","target":{"@type":"EntryPoint","urlTemplate":"https:\/\/www.eldiario.net\/portal\/?s={search_term_string}"},"query-input":{"@type":"PropertyValueSpecification","valueRequired":true,"valueName":"search_term_string"}}],"inLanguage":"es"},{"@type":"Organization","@id":"https:\/\/www.eldiario.net\/portal\/#organization","name":"El Diario - Decano de la prensa nacional","url":"https:\/\/www.eldiario.net\/portal\/","logo":{"@type":"ImageObject","inLanguage":"es","@id":"https:\/\/www.eldiario.net\/portal\/#\/schema\/logo\/image\/","url":"https:\/\/www.eldiario.net\/portal\/wp-content\/uploads\/2023\/07\/logo_ED.jpg","contentUrl":"https:\/\/www.eldiario.net\/portal\/wp-content\/uploads\/2023\/07\/logo_ED.jpg","width":272,"height":52,"caption":"El Diario - Decano de la prensa nacional"},"image":{"@id":"https:\/\/www.eldiario.net\/portal\/#\/schema\/logo\/image\/"},"sameAs":["https:\/\/www.facebook.com\/eldiario.bolivia\/","https:\/\/x.com\/eldiario_net"]},{"@type":"Person","@id":"https:\/\/www.eldiario.net\/portal\/#\/schema\/person\/f46445640444750d7d753ccd04ae01b7","name":"Jeanette","image":{"@type":"ImageObject","inLanguage":"es","@id":"https:\/\/secure.gravatar.com\/avatar\/3ea2118a5f7dad2b7138b1187a6b7ee55f160b9968b66013c3a3ef39dd7e5798?s=96&d=mm&r=g","url":"https:\/\/secure.gravatar.com\/avatar\/3ea2118a5f7dad2b7138b1187a6b7ee55f160b9968b66013c3a3ef39dd7e5798?s=96&d=mm&r=g","contentUrl":"https:\/\/secure.gravatar.com\/avatar\/3ea2118a5f7dad2b7138b1187a6b7ee55f160b9968b66013c3a3ef39dd7e5798?s=96&d=mm&r=g","caption":"Jeanette"},"sameAs":["https:\/\/www.eldiario.net\/portal"],"url":"https:\/\/www.eldiario.net\/portal\/author\/jeanette\/"}]}},"_links":{"self":[{"href":"https:\/\/www.eldiario.net\/portal\/wp-json\/wp\/v2\/posts\/233025","targetHints":{"allow":["GET"]}}],"collection":[{"href":"https:\/\/www.eldiario.net\/portal\/wp-json\/wp\/v2\/posts"}],"about":[{"href":"https:\/\/www.eldiario.net\/portal\/wp-json\/wp\/v2\/types\/post"}],"author":[{"embeddable":true,"href":"https:\/\/www.eldiario.net\/portal\/wp-json\/wp\/v2\/users\/1"}],"replies":[{"embeddable":true,"href":"https:\/\/www.eldiario.net\/portal\/wp-json\/wp\/v2\/comments?post=233025"}],"version-history":[{"count":1,"href":"https:\/\/www.eldiario.net\/portal\/wp-json\/wp\/v2\/posts\/233025\/revisions"}],"predecessor-version":[{"id":233027,"href":"https:\/\/www.eldiario.net\/portal\/wp-json\/wp\/v2\/posts\/233025\/revisions\/233027"}],"wp:featuredmedia":[{"embeddable":true,"href":"https:\/\/www.eldiario.net\/portal\/wp-json\/wp\/v2\/media\/233026"}],"wp:attachment":[{"href":"https:\/\/www.eldiario.net\/portal\/wp-json\/wp\/v2\/media?parent=233025"}],"wp:term":[{"taxonomy":"category","embeddable":true,"href":"https:\/\/www.eldiario.net\/portal\/wp-json\/wp\/v2\/categories?post=233025"},{"taxonomy":"post_tag","embeddable":true,"href":"https:\/\/www.eldiario.net\/portal\/wp-json\/wp\/v2\/tags?post=233025"}],"curies":[{"name":"wp","href":"https:\/\/api.w.org\/{rel}","templated":true}]}}